{"id":20076,"date":"2023-05-08T08:02:41","date_gmt":"2023-05-08T06:02:41","guid":{"rendered":"https:\/\/www.organisator.ch\/?p=20076"},"modified":"2023-05-23T13:20:18","modified_gmt":"2023-05-23T11:20:18","slug":"38-zuercher-logistik-kolloquium-erfolge-aus-der-praxis","status":"publish","type":"post","link":"https:\/\/www.organisator.ch\/it\/management\/2023-05-08\/38-zuercher-logistik-kolloquium-erfolge-aus-der-praxis\/","title":{"rendered":"38\u00b0 Colloquio sulla logistica di Zurigo: successi dal campo"},"content":{"rendered":"<figure id=\"attachment_20080\" aria-describedby=\"caption-attachment-20080\" style=\"width: 680px\" class=\"wp-caption alignnone\"><img loading=\"lazy\" decoding=\"async\" class=\"size-full wp-image-20080\" src=\"https:\/\/www.organisator.ch\/wp-content\/uploads\/2023\/05\/38.-Zuercher-Logistik-Kolloquium-Erfolge-aus-der-Praxis_Organisator.jpg\" alt=\"\" width=\"680\" height=\"417\" srcset=\"https:\/\/www.organisator.ch\/wp-content\/uploads\/2023\/05\/38.-Zuercher-Logistik-Kolloquium-Erfolge-aus-der-Praxis_Organisator.jpg 680w, https:\/\/www.organisator.ch\/wp-content\/uploads\/2023\/05\/38.-Zuercher-Logistik-Kolloquium-Erfolge-aus-der-Praxis_Organisator-18x12.jpg 18w, https:\/\/www.organisator.ch\/wp-content\/uploads\/2023\/05\/38.-Zuercher-Logistik-Kolloquium-Erfolge-aus-der-Praxis_Organisator-375x230.jpg 375w, https:\/\/www.organisator.ch\/wp-content\/uploads\/2023\/05\/38.-Zuercher-Logistik-Kolloquium-Erfolge-aus-der-Praxis_Organisator-571x350.jpg 571w\" sizes=\"auto, (max-width: 680px) 100vw, 680px\" \/><figcaption id=\"caption-attachment-20080\" class=\"wp-caption-text\">Il tradizionale Colloquio sulla logistica di Zurigo si svolge ogni primavera. In questa occasione, tre o pi\u00f9 manager dell'economia svizzera presentano i loro progetti di punta. (Immagine: Dr. Ac\u00e9l &amp; Partner)<\/figcaption><\/figure>\n<p>Il Colloquio sulla logistica di Zurigo, tenutosi nel Foyer dei docenti del Politecnico di Zurigo, \u00e8 stato ancora una volta un vero successo. Marted\u00ec 2 maggio 2023, circa 70 ospiti provenienti dal mondo dell'industria e dell'economia hanno avuto l'opportunit\u00e0 di scambiare idee nel corso di tre stimolanti presentazioni.<\/p>\n<h3>Presentato il centro logistico modernizzato<\/h3>\n<p>Il Dr. Jean Philippe Burkhalter, Responsabile delle Operazioni (COO) e membro del Consiglio Direttivo della Elektro-Material AG di Zurigo, ha iniziato presentando il loro centro logistico modernizzato con il titolo \"Centro logistico - Nuovi standard\".<\/p>\n<p>All'inizio, il dottor Burkhalter ha sottolineato l'indispensabilit\u00e0 di un'azione sostenibile e responsabile nell'intera catena del valore di ogni azienda. Ci\u00f2 ha costituito la base per lo sviluppo dei concetti di soluzione dell'azienda, in cui EM ha applicato la cosiddetta \"Strategia delle aree urbane\". Ci\u00f2 significa che l'azienda non ha un magazzino centrale, ma nove filiali in posizioni ottimali per la vicinanza ai clienti. Inoltre, la fedelt\u00e0 dei clienti viene rafforzata attraverso i canali digitali, la consulenza personale nei negozi EM e i servizi incentrati sul cliente.<\/p>\n<p>In questo contesto, il Dr. Burkhalter ha presentato il progetto \"movEM\", in cui \u00e8 stato sviluppato un centro logistico all'avanguardia in collaborazione con Dr. Ac\u00e9l &amp; Partner AG. Il progetto dell'edificio ha seguito il principio \"la forma segue la funzione\", in modo che quasi tutte le attivit\u00e0 logistiche siano situate al piano terra e orientate al processo. L'elevato livello di automazione aumenta l'efficienza della logistica. La soluzione implementata \u00e8 innovativa per la Svizzera.<\/p>\n<h3>Anche l'elettricit\u00e0 ha bisogno di logistica<\/h3>\n<p>\"Alimentazione elettrica: Un compito logistico?\" \u00e8 la domanda che Maurus Bachmann, direttore generale di Verein Smart Grid Schweiz (VSGS) e Swisseldex, ha posto all'inizio della sua presentazione. Sebbene l'alimentazione elettrica sia raramente percepita in questo modo, fa parte della logistica di alto livello. Ci\u00f2 che la rete elettrica raggiunge oggi in termini di prestazioni logistiche \u00e8 considerato un obiettivo lontano per molte altre aziende. Oggi la sua disponibilit\u00e0 \u00e8 del 99,996 %.<\/p>\n<p>La sfida dell'alimentazione elettrica consiste principalmente nella \"messa in servizio\" della tensione e nell'impossibilit\u00e0 di \"immagazzinare\" l'elettricit\u00e0. Ci\u00f2 significa che l'alimentazione elettrica necessita di una logistica perfettamente coordinata. Controllata in tempo reale, deve essere sempre disponibile la giusta quantit\u00e0 e tensione.<\/p>\n<p>La produzione deve quindi essere costantemente coordinata con il consumo, sia in termini di luogo che di tempo. Si tratta di un compito complesso: quali condizioni quadro si applicano alla produzione, come cambia il consumo, cosa fanno le reti elettriche, quali modelli di utilizzo locale esistono e come si affronta l'enorme sfida delle variazioni stagionali?<\/p>\n<p>Al Colloquio sulla logistica di Zurigo, il dott. Bachmann ha sottolineato che la visione globale della fornitura di energia, dalla produzione al consumo, \u00e8 fondamentale per la rete di distribuzione del futuro. Per questa pianificazione sono necessari concetti a breve, medio e lungo termine. Ma anche i consumatori devono acquisire una nuova consapevolezza e adattabilit\u00e0, soprattutto per quanto riguarda la mobilit\u00e0 elettrica.<\/p>\n<p>In sintesi, il dottor Bachmann vede le maggiori sfide per la logistica della fornitura di energia elettrica nello stoccaggio stagionale, nell'integrazione del fotovoltaico e nella mancanza di un obiettivo chiaramente definito.<\/p>\n<h3>Logistica di smaltimento per il grande progetto \"Stoccarda 21<\/h3>\n<p>Infine, l'Ing. Wolf-Dieter Tigges, responsabile del settore tecnologico della S-Bahn Frankfurt-Friedberg \/ Gateway-Gardens, DB Netz AG, ha presentato il progetto su larga scala della Deutsche Bahn, incentrato sulla logistica della gestione dei rifiuti, \"Stuttgart 21: Challenges for waste management logistics\". Stoccarda 21 si inserisce nel progetto \"Stoccarda-Ulm\" come hub, che mira a espandere la rete di trasporto transeuropea sull'asse centrale ovest-est per ottimizzare il trasporto di passeggeri e merci.<\/p>\n<p>Il gigantesco progetto della Deutsche Bahn deve far fronte a requisiti logistici piuttosto insoliti. Durante la trasformazione della stazione ferroviaria principale di Stoccarda in una stazione sotterranea, che verr\u00e0 ruotata di 90 gradi rispetto alla posizione attuale, sono necessarie nuove soluzioni non solo per lo smaltimento del materiale di scavo risultante. A causa della straordinaria posizione nel centro della citt\u00e0, \u00e8 necessario ridurre il pi\u00f9 possibile i disturbi causati da rumore, vibrazioni, polvere, sporcizia e luce. Nuove soluzioni risolvono queste sfide. Per Stoccarda 21 \u00e8 stato creato un nuovo sistema di strade di cantiere, in modo che il traffico stradale pubblico non venga influenzato dai lavori. Lo smaltimento pu\u00f2 avvenire tramite ferrovia o camion, gli scavi possono essere completamente controllati grazie a una procedura di verifica elettronica dei rifiuti e vengono utilizzate nuove tecnologie per combattere l'inquinamento da immissioni. Tigges ha sottolineato come un particolare successo lo sviluppo di un nuovo container per il trasporto intermodale. Lo speciale container, sviluppato in collaborazione con Schmitz Cargobull, consente una movimentazione efficiente e sicura delle merci sfuse.<\/p>\n<p><em>Fonte e ulteriori informazioni: <a href=\"http:\/\/www.acel.ch\">Dr. Ac\u00e9l &amp; Partner<\/a><\/em><\/p>","protected":false},"excerpt":{"rendered":"<p>La logistica si trova ad affrontare nuove sfide, anche in nuovi settori. Lo dimostra il 38\u00b0 Colloquio sulla logistica di Zurigo, organizzato da Dr. Ac\u00e9l &amp; Partner AG in collaborazione con il Politecnico di Zurigo, l'Istituto per le macchine utensili e la produzione IWF e i suoi progetti faro \"Building the Future\". <\/p>","protected":false},"author":4,"featured_media":20080,"comment_status":"closed","ping_status":"closed","sticky":false,"template":"","format":"standard","meta":{"_acf_changed":false,"_yoast_wpseo_focuskw":"Z\u00fcrcher Logistik-Kolloquium","_yoast_wpseo_metadesc":"Die Logistik stellt sich neuen Herausforderungen \u2013 auch in neuen Gebieten. Das zeigte das 38. Z\u00fcrcher Logistik-Kolloquium am 2. Mai 2023.","articlekey":"","footnotes":""},"categories":[28],"tags":[193,328,358],"class_list":["post-20076","post","type-post","status-publish","format-standard","has-post-thumbnail","hentry","category-management","tag-fachkongressfachmesse","tag-logistik","tag-nachhaltige-wirtschaft"],"acf":[],"yoast_head":"<!-- This site is optimized with the Yoast SEO plugin v27.5 - https:\/\/yoast.com\/product\/yoast-seo-wordpress\/ -->\n<title>38. Z\u00fcrcher Logistik-Kolloquium: Erfolge aus der Praxis - Organisator<\/title>\n<meta name=\"description\" content=\"Die Logistik stellt sich neuen Herausforderungen \u2013 auch in neuen Gebieten. Das zeigte das 38. Z\u00fcrcher Logistik-Kolloquium am 2. Mai 2023.\" \/>\n<meta name=\"robots\" content=\"index, follow, max-snippet:-1, max-image-preview:large, max-video-preview:-1\" \/>\n<link rel=\"canonical\" href=\"https:\/\/www.organisator.ch\/it\/gestione-2\/2023-05-08\/38-zuercher-logistik-kolloquium-erfolge-aus-der-praxis\/\" \/>\n<meta property=\"og:locale\" content=\"it_IT\" \/>\n<meta property=\"og:type\" content=\"article\" \/>\n<meta property=\"og:title\" content=\"38. Z\u00fcrcher Logistik-Kolloquium: Erfolge aus der Praxis\" \/>\n<meta property=\"og:description\" content=\"Die Logistik stellt sich neuen Herausforderungen \u2013 auch in neuen Gebieten. Das zeigte das 38. Z\u00fcrcher Logistik-Kolloquium am 2. Mai 2023.\" \/>\n<meta property=\"og:url\" content=\"https:\/\/www.organisator.ch\/it\/gestione-2\/2023-05-08\/38-zuercher-logistik-kolloquium-erfolge-aus-der-praxis\/\" \/>\n<meta property=\"og:site_name\" content=\"Organisator\" \/>\n<meta property=\"article:publisher\" content=\"https:\/\/www.facebook.com\/OrganisatorFachmagazin\" \/>\n<meta property=\"article:published_time\" content=\"2023-05-08T06:02:41+00:00\" \/>\n<meta property=\"article:modified_time\" content=\"2023-05-23T11:20:18+00:00\" \/>\n<meta property=\"og:image\" content=\"https:\/\/www.organisator.ch\/wp-content\/uploads\/2023\/05\/38.-Zuercher-Logistik-Kolloquium-Erfolge-aus-der-Praxis_Organisator.jpg\" \/>\n\t<meta property=\"og:image:width\" content=\"680\" \/>\n\t<meta property=\"og:image:height\" content=\"417\" \/>\n\t<meta property=\"og:image:type\" content=\"image\/jpeg\" \/>\n<meta name=\"author\" content=\"thomas.berner\" \/>\n<meta name=\"twitter:card\" content=\"summary_large_image\" \/>\n<meta name=\"twitter:title\" content=\"38. Z\u00fcrcher #Logistik-Kolloquium: #Erfolge aus der Praxis\" \/>\n<meta name=\"twitter:description\" content=\"Die #Logistik stellt sich neuen Herausforderungen \u2013 auch in neuen Gebieten. Das zeigte das 38. Z\u00fcrcher #Logistik-Kolloquium am 2. Mai 2023.\" \/>\n<meta name=\"twitter:image\" content=\"https:\/\/www.organisator.ch\/wp-content\/uploads\/2023\/05\/38.-Zuercher-Logistik-Kolloquium-Erfolge-aus-der-Praxis_Organisator.jpg\" \/>\n<script type=\"application\/ld+json\" class=\"yoast-schema-graph\">{\"@context\":\"https:\\\/\\\/schema.org\",\"@graph\":[{\"@type\":\"Article\",\"@id\":\"https:\\\/\\\/www.organisator.ch\\\/management\\\/2023-05-08\\\/38-zuercher-logistik-kolloquium-erfolge-aus-der-praxis\\\/#article\",\"isPartOf\":{\"@id\":\"https:\\\/\\\/www.organisator.ch\\\/management\\\/2023-05-08\\\/38-zuercher-logistik-kolloquium-erfolge-aus-der-praxis\\\/\"},\"author\":{\"name\":\"thomas.berner\",\"@id\":\"https:\\\/\\\/www.organisator.ch\\\/#\\\/schema\\\/person\\\/6f650f90b2842cd4c0cc334b4e36f67e\"},\"headline\":\"38. Z\u00fcrcher Logistik-Kolloquium: Erfolge aus der Praxis\",\"datePublished\":\"2023-05-08T06:02:41+00:00\",\"dateModified\":\"2023-05-23T11:20:18+00:00\",\"mainEntityOfPage\":{\"@id\":\"https:\\\/\\\/www.organisator.ch\\\/management\\\/2023-05-08\\\/38-zuercher-logistik-kolloquium-erfolge-aus-der-praxis\\\/\"},\"wordCount\":740,\"publisher\":{\"@id\":\"https:\\\/\\\/www.organisator.ch\\\/#organization\"},\"image\":{\"@id\":\"https:\\\/\\\/www.organisator.ch\\\/management\\\/2023-05-08\\\/38-zuercher-logistik-kolloquium-erfolge-aus-der-praxis\\\/#primaryimage\"},\"thumbnailUrl\":\"https:\\\/\\\/www.organisator.ch\\\/wp-content\\\/uploads\\\/2023\\\/05\\\/38.-Zuercher-Logistik-Kolloquium-Erfolge-aus-der-Praxis_Organisator.jpg\",\"keywords\":[\"Fachkongress\\\/Fachmesse\",\"Logistik\",\"Nachhaltige Wirtschaft\"],\"articleSection\":[\"MANAGEMENT\"],\"inLanguage\":\"it-IT\"},{\"@type\":\"WebPage\",\"@id\":\"https:\\\/\\\/www.organisator.ch\\\/management\\\/2023-05-08\\\/38-zuercher-logistik-kolloquium-erfolge-aus-der-praxis\\\/\",\"url\":\"https:\\\/\\\/www.organisator.ch\\\/management\\\/2023-05-08\\\/38-zuercher-logistik-kolloquium-erfolge-aus-der-praxis\\\/\",\"name\":\"38. Z\u00fcrcher Logistik-Kolloquium: Erfolge aus der Praxis - Organisator\",\"isPartOf\":{\"@id\":\"https:\\\/\\\/www.organisator.ch\\\/#website\"},\"primaryImageOfPage\":{\"@id\":\"https:\\\/\\\/www.organisator.ch\\\/management\\\/2023-05-08\\\/38-zuercher-logistik-kolloquium-erfolge-aus-der-praxis\\\/#primaryimage\"},\"image\":{\"@id\":\"https:\\\/\\\/www.organisator.ch\\\/management\\\/2023-05-08\\\/38-zuercher-logistik-kolloquium-erfolge-aus-der-praxis\\\/#primaryimage\"},\"thumbnailUrl\":\"https:\\\/\\\/www.organisator.ch\\\/wp-content\\\/uploads\\\/2023\\\/05\\\/38.-Zuercher-Logistik-Kolloquium-Erfolge-aus-der-Praxis_Organisator.jpg\",\"datePublished\":\"2023-05-08T06:02:41+00:00\",\"dateModified\":\"2023-05-23T11:20:18+00:00\",\"description\":\"Die Logistik stellt sich neuen Herausforderungen \u2013 auch in neuen Gebieten. Das zeigte das 38. Z\u00fcrcher Logistik-Kolloquium am 2. Mai 2023.\",\"breadcrumb\":{\"@id\":\"https:\\\/\\\/www.organisator.ch\\\/management\\\/2023-05-08\\\/38-zuercher-logistik-kolloquium-erfolge-aus-der-praxis\\\/#breadcrumb\"},\"inLanguage\":\"it-IT\",\"potentialAction\":[{\"@type\":\"ReadAction\",\"target\":[\"https:\\\/\\\/www.organisator.ch\\\/management\\\/2023-05-08\\\/38-zuercher-logistik-kolloquium-erfolge-aus-der-praxis\\\/\"]}]},{\"@type\":\"ImageObject\",\"inLanguage\":\"it-IT\",\"@id\":\"https:\\\/\\\/www.organisator.ch\\\/management\\\/2023-05-08\\\/38-zuercher-logistik-kolloquium-erfolge-aus-der-praxis\\\/#primaryimage\",\"url\":\"https:\\\/\\\/www.organisator.ch\\\/wp-content\\\/uploads\\\/2023\\\/05\\\/38.-Zuercher-Logistik-Kolloquium-Erfolge-aus-der-Praxis_Organisator.jpg\",\"contentUrl\":\"https:\\\/\\\/www.organisator.ch\\\/wp-content\\\/uploads\\\/2023\\\/05\\\/38.-Zuercher-Logistik-Kolloquium-Erfolge-aus-der-Praxis_Organisator.jpg\",\"width\":680,\"height\":417,\"caption\":\"Jedes Jahr im Fr\u00fchling findet das traditionelle Z\u00fcrcher Logistik-Kolloquium statt. Bei diesem Anlass stellen jeweils drei oder mehr Manager der Schweizer Wirtschaft ihre Leuchtturmprojekte vor.\"},{\"@type\":\"BreadcrumbList\",\"@id\":\"https:\\\/\\\/www.organisator.ch\\\/management\\\/2023-05-08\\\/38-zuercher-logistik-kolloquium-erfolge-aus-der-praxis\\\/#breadcrumb\",\"itemListElement\":[{\"@type\":\"ListItem\",\"position\":1,\"name\":\"Home\",\"item\":\"https:\\\/\\\/www.organisator.ch\\\/\"},{\"@type\":\"ListItem\",\"position\":2,\"name\":\"38. Z\u00fcrcher Logistik-Kolloquium: Erfolge aus der Praxis\"}]},{\"@type\":\"WebSite\",\"@id\":\"https:\\\/\\\/www.organisator.ch\\\/#website\",\"url\":\"https:\\\/\\\/www.organisator.ch\\\/\",\"name\":\"Organisator\",\"description\":\"Kompetent. Praxisnah. Der ORGANISATOR bereitet in 10 Ausgaben pro Jahr die wesentlichen Themen f\u00fcr F\u00fchrungskr\u00e4fte von KMU auf.\",\"publisher\":{\"@id\":\"https:\\\/\\\/www.organisator.ch\\\/#organization\"},\"potentialAction\":[{\"@type\":\"SearchAction\",\"target\":{\"@type\":\"EntryPoint\",\"urlTemplate\":\"https:\\\/\\\/www.organisator.ch\\\/?s={search_term_string}\"},\"query-input\":{\"@type\":\"PropertyValueSpecification\",\"valueRequired\":true,\"valueName\":\"search_term_string\"}}],\"inLanguage\":\"it-IT\"},{\"@type\":\"Organization\",\"@id\":\"https:\\\/\\\/www.organisator.ch\\\/#organization\",\"name\":\"Organisator\",\"url\":\"https:\\\/\\\/www.organisator.ch\\\/\",\"logo\":{\"@type\":\"ImageObject\",\"inLanguage\":\"it-IT\",\"@id\":\"https:\\\/\\\/www.organisator.ch\\\/#\\\/schema\\\/logo\\\/image\\\/\",\"url\":\"https:\\\/\\\/www.organisator.ch\\\/wp-content\\\/uploads\\\/2022\\\/01\\\/Logo_Organisator_Website.png\",\"contentUrl\":\"https:\\\/\\\/www.organisator.ch\\\/wp-content\\\/uploads\\\/2022\\\/01\\\/Logo_Organisator_Website.png\",\"width\":800,\"height\":77,\"caption\":\"Organisator\"},\"image\":{\"@id\":\"https:\\\/\\\/www.organisator.ch\\\/#\\\/schema\\\/logo\\\/image\\\/\"},\"sameAs\":[\"https:\\\/\\\/www.facebook.com\\\/OrganisatorFachmagazin\",\"https:\\\/\\\/www.linkedin.com\\\/showcase\\\/organisator-das-magazin-fr-kmu\",\"https:\\\/\\\/www.xing.com\\\/news\\\/pages\\\/organisator-ch-695\",\"https:\\\/\\\/www.youtube.com\\\/channel\\\/UCGP2Sq0iWaZwT3BdIAQFYpw\"]},{\"@type\":\"Person\",\"@id\":\"https:\\\/\\\/www.organisator.ch\\\/#\\\/schema\\\/person\\\/6f650f90b2842cd4c0cc334b4e36f67e\",\"name\":\"thomas.berner\",\"image\":{\"@type\":\"ImageObject\",\"inLanguage\":\"it-IT\",\"@id\":\"https:\\\/\\\/secure.gravatar.com\\\/avatar\\\/ac5001d2a36cb6c6cd3e50789007ffca834b477b74a2144564522e944eabff61?s=96&d=mm&r=g\",\"url\":\"https:\\\/\\\/secure.gravatar.com\\\/avatar\\\/ac5001d2a36cb6c6cd3e50789007ffca834b477b74a2144564522e944eabff61?s=96&d=mm&r=g\",\"contentUrl\":\"https:\\\/\\\/secure.gravatar.com\\\/avatar\\\/ac5001d2a36cb6c6cd3e50789007ffca834b477b74a2144564522e944eabff61?s=96&d=mm&r=g\",\"caption\":\"thomas.berner\"},\"url\":\"https:\\\/\\\/www.organisator.ch\\\/it\\\/author\\\/thomas-berner\\\/\"}]}<\/script>\n<!-- \/ Yoast SEO plugin. -->","yoast_head_json":{"title":"38\u00b0 Colloquio sulla logistica di Zurigo: successi dal campo - Organizzatore","description":"La logistica si trova ad affrontare nuove sfide, anche in nuovi settori. Lo ha dimostrato il 38\u00b0 Colloquio sulla logistica di Zurigo del 2 maggio 2023.","robots":{"index":"index","follow":"follow","max-snippet":"max-snippet:-1","max-image-preview":"max-image-preview:large","max-video-preview":"max-video-preview:-1"},"canonical":"https:\/\/www.organisator.ch\/it\/gestione-2\/2023-05-08\/38-zuercher-logistik-kolloquium-erfolge-aus-der-praxis\/","og_locale":"it_IT","og_type":"article","og_title":"38. Z\u00fcrcher Logistik-Kolloquium: Erfolge aus der Praxis","og_description":"Die Logistik stellt sich neuen Herausforderungen \u2013 auch in neuen Gebieten. Das zeigte das 38. Z\u00fcrcher Logistik-Kolloquium am 2. Mai 2023.","og_url":"https:\/\/www.organisator.ch\/it\/gestione-2\/2023-05-08\/38-zuercher-logistik-kolloquium-erfolge-aus-der-praxis\/","og_site_name":"Organisator","article_publisher":"https:\/\/www.facebook.com\/OrganisatorFachmagazin","article_published_time":"2023-05-08T06:02:41+00:00","article_modified_time":"2023-05-23T11:20:18+00:00","og_image":[{"width":680,"height":417,"url":"https:\/\/www.organisator.ch\/wp-content\/uploads\/2023\/05\/38.-Zuercher-Logistik-Kolloquium-Erfolge-aus-der-Praxis_Organisator.jpg","type":"image\/jpeg"}],"author":"thomas.berner","twitter_card":"summary_large_image","twitter_title":"38. Z\u00fcrcher #Logistik-Kolloquium: #Erfolge aus der Praxis","twitter_description":"Die #Logistik stellt sich neuen Herausforderungen \u2013 auch in neuen Gebieten. Das zeigte das 38. Z\u00fcrcher #Logistik-Kolloquium am 2. Mai 2023.","twitter_image":"https:\/\/www.organisator.ch\/wp-content\/uploads\/2023\/05\/38.-Zuercher-Logistik-Kolloquium-Erfolge-aus-der-Praxis_Organisator.jpg","schema":{"@context":"https:\/\/schema.org","@graph":[{"@type":"Article","@id":"https:\/\/www.organisator.ch\/management\/2023-05-08\/38-zuercher-logistik-kolloquium-erfolge-aus-der-praxis\/#article","isPartOf":{"@id":"https:\/\/www.organisator.ch\/management\/2023-05-08\/38-zuercher-logistik-kolloquium-erfolge-aus-der-praxis\/"},"author":{"name":"thomas.berner","@id":"https:\/\/www.organisator.ch\/#\/schema\/person\/6f650f90b2842cd4c0cc334b4e36f67e"},"headline":"38. Z\u00fcrcher Logistik-Kolloquium: Erfolge aus der Praxis","datePublished":"2023-05-08T06:02:41+00:00","dateModified":"2023-05-23T11:20:18+00:00","mainEntityOfPage":{"@id":"https:\/\/www.organisator.ch\/management\/2023-05-08\/38-zuercher-logistik-kolloquium-erfolge-aus-der-praxis\/"},"wordCount":740,"publisher":{"@id":"https:\/\/www.organisator.ch\/#organization"},"image":{"@id":"https:\/\/www.organisator.ch\/management\/2023-05-08\/38-zuercher-logistik-kolloquium-erfolge-aus-der-praxis\/#primaryimage"},"thumbnailUrl":"https:\/\/www.organisator.ch\/wp-content\/uploads\/2023\/05\/38.-Zuercher-Logistik-Kolloquium-Erfolge-aus-der-Praxis_Organisator.jpg","keywords":["Fachkongress\/Fachmesse","Logistik","Nachhaltige Wirtschaft"],"articleSection":["MANAGEMENT"],"inLanguage":"it-IT"},{"@type":"WebPage","@id":"https:\/\/www.organisator.ch\/management\/2023-05-08\/38-zuercher-logistik-kolloquium-erfolge-aus-der-praxis\/","url":"https:\/\/www.organisator.ch\/management\/2023-05-08\/38-zuercher-logistik-kolloquium-erfolge-aus-der-praxis\/","name":"38\u00b0 Colloquio sulla logistica di Zurigo: successi dal campo - Organizzatore","isPartOf":{"@id":"https:\/\/www.organisator.ch\/#website"},"primaryImageOfPage":{"@id":"https:\/\/www.organisator.ch\/management\/2023-05-08\/38-zuercher-logistik-kolloquium-erfolge-aus-der-praxis\/#primaryimage"},"image":{"@id":"https:\/\/www.organisator.ch\/management\/2023-05-08\/38-zuercher-logistik-kolloquium-erfolge-aus-der-praxis\/#primaryimage"},"thumbnailUrl":"https:\/\/www.organisator.ch\/wp-content\/uploads\/2023\/05\/38.-Zuercher-Logistik-Kolloquium-Erfolge-aus-der-Praxis_Organisator.jpg","datePublished":"2023-05-08T06:02:41+00:00","dateModified":"2023-05-23T11:20:18+00:00","description":"La logistica si trova ad affrontare nuove sfide, anche in nuovi settori. Lo ha dimostrato il 38\u00b0 Colloquio sulla logistica di Zurigo del 2 maggio 2023.","breadcrumb":{"@id":"https:\/\/www.organisator.ch\/management\/2023-05-08\/38-zuercher-logistik-kolloquium-erfolge-aus-der-praxis\/#breadcrumb"},"inLanguage":"it-IT","potentialAction":[{"@type":"ReadAction","target":["https:\/\/www.organisator.ch\/management\/2023-05-08\/38-zuercher-logistik-kolloquium-erfolge-aus-der-praxis\/"]}]},{"@type":"ImageObject","inLanguage":"it-IT","@id":"https:\/\/www.organisator.ch\/management\/2023-05-08\/38-zuercher-logistik-kolloquium-erfolge-aus-der-praxis\/#primaryimage","url":"https:\/\/www.organisator.ch\/wp-content\/uploads\/2023\/05\/38.-Zuercher-Logistik-Kolloquium-Erfolge-aus-der-Praxis_Organisator.jpg","contentUrl":"https:\/\/www.organisator.ch\/wp-content\/uploads\/2023\/05\/38.-Zuercher-Logistik-Kolloquium-Erfolge-aus-der-Praxis_Organisator.jpg","width":680,"height":417,"caption":"Jedes Jahr im Fr\u00fchling findet das traditionelle Z\u00fcrcher Logistik-Kolloquium statt. Bei diesem Anlass stellen jeweils drei oder mehr Manager der Schweizer Wirtschaft ihre Leuchtturmprojekte vor."},{"@type":"BreadcrumbList","@id":"https:\/\/www.organisator.ch\/management\/2023-05-08\/38-zuercher-logistik-kolloquium-erfolge-aus-der-praxis\/#breadcrumb","itemListElement":[{"@type":"ListItem","position":1,"name":"Home","item":"https:\/\/www.organisator.ch\/"},{"@type":"ListItem","position":2,"name":"38. Z\u00fcrcher Logistik-Kolloquium: Erfolge aus der Praxis"}]},{"@type":"WebSite","@id":"https:\/\/www.organisator.ch\/#website","url":"https:\/\/www.organisator.ch\/","name":"Organizzatore","description":"Competente. Pratico. In 10 numeri all'anno, ORGANISATOR presenta i temi essenziali per i manager delle PMI.","publisher":{"@id":"https:\/\/www.organisator.ch\/#organization"},"potentialAction":[{"@type":"SearchAction","target":{"@type":"EntryPoint","urlTemplate":"https:\/\/www.organisator.ch\/?s={search_term_string}"},"query-input":{"@type":"PropertyValueSpecification","valueRequired":true,"valueName":"search_term_string"}}],"inLanguage":"it-IT"},{"@type":"Organization","@id":"https:\/\/www.organisator.ch\/#organization","name":"Organizzatore","url":"https:\/\/www.organisator.ch\/","logo":{"@type":"ImageObject","inLanguage":"it-IT","@id":"https:\/\/www.organisator.ch\/#\/schema\/logo\/image\/","url":"https:\/\/www.organisator.ch\/wp-content\/uploads\/2022\/01\/Logo_Organisator_Website.png","contentUrl":"https:\/\/www.organisator.ch\/wp-content\/uploads\/2022\/01\/Logo_Organisator_Website.png","width":800,"height":77,"caption":"Organisator"},"image":{"@id":"https:\/\/www.organisator.ch\/#\/schema\/logo\/image\/"},"sameAs":["https:\/\/www.facebook.com\/OrganisatorFachmagazin","https:\/\/www.linkedin.com\/showcase\/organisator-das-magazin-fr-kmu","https:\/\/www.xing.com\/news\/pages\/organisator-ch-695","https:\/\/www.youtube.com\/channel\/UCGP2Sq0iWaZwT3BdIAQFYpw"]},{"@type":"Person","@id":"https:\/\/www.organisator.ch\/#\/schema\/person\/6f650f90b2842cd4c0cc334b4e36f67e","name":"Tommaso.berner","image":{"@type":"ImageObject","inLanguage":"it-IT","@id":"https:\/\/secure.gravatar.com\/avatar\/ac5001d2a36cb6c6cd3e50789007ffca834b477b74a2144564522e944eabff61?s=96&d=mm&r=g","url":"https:\/\/secure.gravatar.com\/avatar\/ac5001d2a36cb6c6cd3e50789007ffca834b477b74a2144564522e944eabff61?s=96&d=mm&r=g","contentUrl":"https:\/\/secure.gravatar.com\/avatar\/ac5001d2a36cb6c6cd3e50789007ffca834b477b74a2144564522e944eabff61?s=96&d=mm&r=g","caption":"thomas.berner"},"url":"https:\/\/www.organisator.ch\/it\/author\/thomas-berner\/"}]}},"_links":{"self":[{"href":"https:\/\/www.organisator.ch\/it\/wp-json\/wp\/v2\/posts\/20076","targetHints":{"allow":["GET"]}}],"collection":[{"href":"https:\/\/www.organisator.ch\/it\/wp-json\/wp\/v2\/posts"}],"about":[{"href":"https:\/\/www.organisator.ch\/it\/wp-json\/wp\/v2\/types\/post"}],"author":[{"embeddable":true,"href":"https:\/\/www.organisator.ch\/it\/wp-json\/wp\/v2\/users\/4"}],"replies":[{"embeddable":true,"href":"https:\/\/www.organisator.ch\/it\/wp-json\/wp\/v2\/comments?post=20076"}],"version-history":[{"count":1,"href":"https:\/\/www.organisator.ch\/it\/wp-json\/wp\/v2\/posts\/20076\/revisions"}],"predecessor-version":[{"id":20081,"href":"https:\/\/www.organisator.ch\/it\/wp-json\/wp\/v2\/posts\/20076\/revisions\/20081"}],"wp:featuredmedia":[{"embeddable":true,"href":"https:\/\/www.organisator.ch\/it\/wp-json\/wp\/v2\/media\/20080"}],"wp:attachment":[{"href":"https:\/\/www.organisator.ch\/it\/wp-json\/wp\/v2\/media?parent=20076"}],"wp:term":[{"taxonomy":"category","embeddable":true,"href":"https:\/\/www.organisator.ch\/it\/wp-json\/wp\/v2\/categories?post=20076"},{"taxonomy":"post_tag","embeddable":true,"href":"https:\/\/www.organisator.ch\/it\/wp-json\/wp\/v2\/tags?post=20076"}],"curies":[{"name":"wp","href":"https:\/\/api.w.org\/{rel}","templated":true}]}}