{"id":20089,"date":"2023-05-08T17:18:58","date_gmt":"2023-05-08T15:18:58","guid":{"rendered":"https:\/\/www.werbewoche.ch\/?p=197277"},"modified":"2024-11-16T10:41:11","modified_gmt":"2024-11-16T09:41:11","slug":"ammarkt-verpackt-fuer-nahrin-die-kraft-aus-der-natur","status":"publish","type":"post","link":"https:\/\/www.organisator.ch\/it\/marketing\/2023-05-08\/ammarkt-verpackt-fuer-nahrin-die-kraft-aus-der-natur\/","title":{"rendered":"Ammarkt racchiude la forza della natura per Nahrin"},"content":{"rendered":"<p><img class=\"aligncenter wp-image-197279 size-full\" src=\"https:\/\/www.werbewoche.ch\/wp-content\/uploads\/2023\/05\/Nahrin-PR-01.jpg\" alt=\"Integratori alimentari Nahrin\" width=\"1200\" height=\"900\" \/><\/p>\r\n<p>Dal 1974, Nahrin produce integratori alimentari naturali oltre a spezie, bouillons e salse. La gamma di integratori alimentari \u00e8 stata ora rilanciata come linea di prodotti indipendente per il mercato nazionale e internazionale.<\/p>\r\n<p>L'agenzia sangallese Ammarkt ha vinto il bando per il rebranding della linea di integratori alimentari nell'autunno 2021. Il team si \u00e8 quindi impegnato a reinventare visivamente il mondo degli integratori alimentari di Nahrin: Il potere delle piante che la natura ci offre, concentrato e raffinato in potenti integratori alimentari: tutti questi principi attivi si riflettono negli eleganti barattoli con tappi dorati ed etichette dal design elegante. Oltre alla naturalezza e all'originalit\u00e0, era fondamentale che anche l'impressione tattile e la sostenibilit\u00e0 giocassero un ruolo centrale.<\/p>\r\n<p>Per le nove categorie di prodotti \u00e8 stata progettata una serie di pittogrammi, ognuno dei quali combina simbolicamente l'area di applicazione e gli effetti degli integratori alimentari. Inoltre, l'illustratore zurighese Jeremy K\u00fcng ha creato 20 delicate illustrazioni per i nutrienti di origine vegetale dei circa 50 prodotti. Le nuove capsule e i barattoli a goccia sono realizzati in PET riciclato e non presentano alcun imballaggio esterno.<\/p>\r\n<p><img class=\"aligncenter size-full wp-image-197280\" src=\"https:\/\/www.werbewoche.ch\/wp-content\/uploads\/2023\/05\/Nahrin-PR-02.jpg\" alt=\"\" width=\"1200\" height=\"538\" \/><\/p>\r\n<h3><strong>Comunicazione e lancio in 20 paesi nel mondo<\/strong><\/h3>\r\n<p>Ammarkt ha inoltre creato una base comunicativa che posiziona i prodotti in modo chiaro e coerente per la commercializzazione, soprattutto in ambito internazionale. Oltre all'accattivante claim \"My extra power from nature\", immagini di grande impatto si concentrano sulla raccolta e la lavorazione di materie prime naturali.<\/p>\r\n<p>Dopo il lancio in Svizzera all'inizio di aprile, i nuovi integratori alimentari sono gradualmente disponibili in tutti i 20 Paesi di vendita online o attraverso la vendita diretta tramite consulenti a domicilio, nelle fiere e nei mercati.<\/p>\r\n<p><img class=\"aligncenter size-full wp-image-197278\" src=\"https:\/\/www.werbewoche.ch\/wp-content\/uploads\/2023\/05\/Nahrin-PR-03.jpg\" alt=\"\" width=\"1200\" height=\"900\" \/><\/p>\r\n<hr \/>\r\n<p><strong>Cliente: <\/strong>Nahrin.<strong> Concetto e realizzazione: <\/strong>Ammarkt.<strong> Illustrazioni: <\/strong>Jeremy K\u00fcng.<\/p>","protected":false},"excerpt":{"rendered":"<p>Oltre alla sua gamma di prodotti per la cucina, Nahrin opera da molti anni anche nel mercato degli integratori alimentari. Un mercato in crescita che si sta sviluppando in modo dinamico in tutto il mondo e che ha reso necessario un riallineamento visivo del segmento di prodotti. Da aprile, i prodotti sono disponibili nel design sviluppato da Ammarkt.<\/p>","protected":false},"author":8,"featured_media":0,"comment_status":"closed","ping_status":"closed","sticky":false,"template":"","format":"standard","meta":{"_acf_changed":false,"_yoast_wpseo_focuskw":"Nahrin Nahrungserg\u00e4nzungsmittel","_yoast_wpseo_metadesc":"Nahrin bringt naturbasierte Nahrungserg\u00e4nzungsmittel mit neuem Design und internationaler Vermarktung auf den Markt.","articlekey":"","footnotes":""},"categories":[29],"tags":[3770],"class_list":["post-20089","post","type-post","status-publish","format-standard","hentry","category-marketing","tag-ammarkt"],"acf":[],"yoast_head":"<!-- This site is optimized with the Yoast SEO plugin v27.5 - https:\/\/yoast.com\/product\/yoast-seo-wordpress\/ -->\n<title>Ammarkt verpackt f\u00fcr Nahrin die Kraft aus der Natur - Organisator<\/title>\n<meta name=\"description\" content=\"Nahrin bringt naturbasierte Nahrungserg\u00e4nzungsmittel mit neuem Design und internationaler Vermarktung auf den Markt.\" \/>\n<meta name=\"robots\" content=\"index, follow, max-snippet:-1, max-image-preview:large, max-video-preview:-1\" \/>\n<link rel=\"canonical\" href=\"https:\/\/www.organisator.ch\/it\/marketing\/2023-05-08\/ammarkt-verpackt-fuer-nahrin-die-kraft-aus-der-natur\/\" \/>\n<meta property=\"og:locale\" content=\"it_IT\" \/>\n<meta property=\"og:type\" content=\"article\" \/>\n<meta property=\"og:title\" content=\"Ammarkt verpackt f\u00fcr Nahrin die Kraft aus der Natur - Organisator\" \/>\n<meta property=\"og:description\" content=\"Nahrin bringt naturbasierte Nahrungserg\u00e4nzungsmittel mit neuem Design und internationaler Vermarktung auf den Markt.\" \/>\n<meta property=\"og:url\" content=\"https:\/\/www.organisator.ch\/it\/marketing\/2023-05-08\/ammarkt-verpackt-fuer-nahrin-die-kraft-aus-der-natur\/\" \/>\n<meta property=\"og:site_name\" content=\"Organisator\" \/>\n<meta property=\"article:publisher\" content=\"https:\/\/www.facebook.com\/OrganisatorFachmagazin\" \/>\n<meta property=\"article:published_time\" content=\"2023-05-08T15:18:58+00:00\" \/>\n<meta property=\"article:modified_time\" content=\"2024-11-16T09:41:11+00:00\" \/>\n<meta name=\"author\" content=\"galledia\" \/>\n<meta name=\"twitter:card\" content=\"summary_large_image\" \/>\n<meta name=\"twitter:creator\" content=\"@admin\" \/>\n<script type=\"application\/ld+json\" class=\"yoast-schema-graph\">{\"@context\":\"https:\\\/\\\/schema.org\",\"@graph\":[{\"@type\":\"Article\",\"@id\":\"https:\\\/\\\/www.organisator.ch\\\/marketing\\\/2023-05-08\\\/ammarkt-verpackt-fuer-nahrin-die-kraft-aus-der-natur\\\/#article\",\"isPartOf\":{\"@id\":\"https:\\\/\\\/www.organisator.ch\\\/marketing\\\/2023-05-08\\\/ammarkt-verpackt-fuer-nahrin-die-kraft-aus-der-natur\\\/\"},\"author\":{\"name\":\"galledia\",\"@id\":\"https:\\\/\\\/www.organisator.ch\\\/#\\\/schema\\\/person\\\/4e51799071cd2dd1232ac003643ef5f0\"},\"headline\":\"Ammarkt verpackt f\u00fcr Nahrin die Kraft aus der Natur\",\"datePublished\":\"2023-05-08T15:18:58+00:00\",\"dateModified\":\"2024-11-16T09:41:11+00:00\",\"mainEntityOfPage\":{\"@id\":\"https:\\\/\\\/www.organisator.ch\\\/marketing\\\/2023-05-08\\\/ammarkt-verpackt-fuer-nahrin-die-kraft-aus-der-natur\\\/\"},\"wordCount\":278,\"publisher\":{\"@id\":\"https:\\\/\\\/www.organisator.ch\\\/#organization\"},\"image\":{\"@id\":\"https:\\\/\\\/www.organisator.ch\\\/marketing\\\/2023-05-08\\\/ammarkt-verpackt-fuer-nahrin-die-kraft-aus-der-natur\\\/#primaryimage\"},\"thumbnailUrl\":\"https:\\\/\\\/www.werbewoche.ch\\\/wp-content\\\/uploads\\\/2023\\\/05\\\/Nahrin-PR-01.jpg\",\"keywords\":[\"Ammarkt\"],\"articleSection\":[\"MARKETING\"],\"inLanguage\":\"it-IT\"},{\"@type\":\"WebPage\",\"@id\":\"https:\\\/\\\/www.organisator.ch\\\/marketing\\\/2023-05-08\\\/ammarkt-verpackt-fuer-nahrin-die-kraft-aus-der-natur\\\/\",\"url\":\"https:\\\/\\\/www.organisator.ch\\\/marketing\\\/2023-05-08\\\/ammarkt-verpackt-fuer-nahrin-die-kraft-aus-der-natur\\\/\",\"name\":\"Ammarkt verpackt f\u00fcr Nahrin die Kraft aus der Natur - Organisator\",\"isPartOf\":{\"@id\":\"https:\\\/\\\/www.organisator.ch\\\/#website\"},\"primaryImageOfPage\":{\"@id\":\"https:\\\/\\\/www.organisator.ch\\\/marketing\\\/2023-05-08\\\/ammarkt-verpackt-fuer-nahrin-die-kraft-aus-der-natur\\\/#primaryimage\"},\"image\":{\"@id\":\"https:\\\/\\\/www.organisator.ch\\\/marketing\\\/2023-05-08\\\/ammarkt-verpackt-fuer-nahrin-die-kraft-aus-der-natur\\\/#primaryimage\"},\"thumbnailUrl\":\"https:\\\/\\\/www.werbewoche.ch\\\/wp-content\\\/uploads\\\/2023\\\/05\\\/Nahrin-PR-01.jpg\",\"datePublished\":\"2023-05-08T15:18:58+00:00\",\"dateModified\":\"2024-11-16T09:41:11+00:00\",\"description\":\"Nahrin bringt naturbasierte Nahrungserg\u00e4nzungsmittel mit neuem Design und internationaler Vermarktung auf den Markt.\",\"breadcrumb\":{\"@id\":\"https:\\\/\\\/www.organisator.ch\\\/marketing\\\/2023-05-08\\\/ammarkt-verpackt-fuer-nahrin-die-kraft-aus-der-natur\\\/#breadcrumb\"},\"inLanguage\":\"it-IT\",\"potentialAction\":[{\"@type\":\"ReadAction\",\"target\":[\"https:\\\/\\\/www.organisator.ch\\\/marketing\\\/2023-05-08\\\/ammarkt-verpackt-fuer-nahrin-die-kraft-aus-der-natur\\\/\"]}]},{\"@type\":\"ImageObject\",\"inLanguage\":\"it-IT\",\"@id\":\"https:\\\/\\\/www.organisator.ch\\\/marketing\\\/2023-05-08\\\/ammarkt-verpackt-fuer-nahrin-die-kraft-aus-der-natur\\\/#primaryimage\",\"url\":\"https:\\\/\\\/www.werbewoche.ch\\\/wp-content\\\/uploads\\\/2023\\\/05\\\/Nahrin-PR-01.jpg\",\"contentUrl\":\"https:\\\/\\\/www.werbewoche.ch\\\/wp-content\\\/uploads\\\/2023\\\/05\\\/Nahrin-PR-01.jpg\"},{\"@type\":\"BreadcrumbList\",\"@id\":\"https:\\\/\\\/www.organisator.ch\\\/marketing\\\/2023-05-08\\\/ammarkt-verpackt-fuer-nahrin-die-kraft-aus-der-natur\\\/#breadcrumb\",\"itemListElement\":[{\"@type\":\"ListItem\",\"position\":1,\"name\":\"Home\",\"item\":\"https:\\\/\\\/www.organisator.ch\\\/\"},{\"@type\":\"ListItem\",\"position\":2,\"name\":\"Ammarkt verpackt f\u00fcr Nahrin die Kraft aus der Natur\"}]},{\"@type\":\"WebSite\",\"@id\":\"https:\\\/\\\/www.organisator.ch\\\/#website\",\"url\":\"https:\\\/\\\/www.organisator.ch\\\/\",\"name\":\"Organisator\",\"description\":\"Kompetent. Praxisnah. Der ORGANISATOR bereitet in 10 Ausgaben pro Jahr die wesentlichen Themen f\u00fcr F\u00fchrungskr\u00e4fte von KMU auf.\",\"publisher\":{\"@id\":\"https:\\\/\\\/www.organisator.ch\\\/#organization\"},\"potentialAction\":[{\"@type\":\"SearchAction\",\"target\":{\"@type\":\"EntryPoint\",\"urlTemplate\":\"https:\\\/\\\/www.organisator.ch\\\/?s={search_term_string}\"},\"query-input\":{\"@type\":\"PropertyValueSpecification\",\"valueRequired\":true,\"valueName\":\"search_term_string\"}}],\"inLanguage\":\"it-IT\"},{\"@type\":\"Organization\",\"@id\":\"https:\\\/\\\/www.organisator.ch\\\/#organization\",\"name\":\"Organisator\",\"url\":\"https:\\\/\\\/www.organisator.ch\\\/\",\"logo\":{\"@type\":\"ImageObject\",\"inLanguage\":\"it-IT\",\"@id\":\"https:\\\/\\\/www.organisator.ch\\\/#\\\/schema\\\/logo\\\/image\\\/\",\"url\":\"https:\\\/\\\/www.organisator.ch\\\/wp-content\\\/uploads\\\/2022\\\/01\\\/Logo_Organisator_Website.png\",\"contentUrl\":\"https:\\\/\\\/www.organisator.ch\\\/wp-content\\\/uploads\\\/2022\\\/01\\\/Logo_Organisator_Website.png\",\"width\":800,\"height\":77,\"caption\":\"Organisator\"},\"image\":{\"@id\":\"https:\\\/\\\/www.organisator.ch\\\/#\\\/schema\\\/logo\\\/image\\\/\"},\"sameAs\":[\"https:\\\/\\\/www.facebook.com\\\/OrganisatorFachmagazin\",\"https:\\\/\\\/www.linkedin.com\\\/showcase\\\/organisator-das-magazin-fr-kmu\",\"https:\\\/\\\/www.xing.com\\\/news\\\/pages\\\/organisator-ch-695\",\"https:\\\/\\\/www.youtube.com\\\/channel\\\/UCGP2Sq0iWaZwT3BdIAQFYpw\"]},{\"@type\":\"Person\",\"@id\":\"https:\\\/\\\/www.organisator.ch\\\/#\\\/schema\\\/person\\\/4e51799071cd2dd1232ac003643ef5f0\",\"name\":\"galledia\",\"image\":{\"@type\":\"ImageObject\",\"inLanguage\":\"it-IT\",\"@id\":\"https:\\\/\\\/secure.gravatar.com\\\/avatar\\\/78a7f90c01fc2bfc875782a0d4922b37cde2cf184ce347b91316d23cd7f69a36?s=96&d=mm&r=g\",\"url\":\"https:\\\/\\\/secure.gravatar.com\\\/avatar\\\/78a7f90c01fc2bfc875782a0d4922b37cde2cf184ce347b91316d23cd7f69a36?s=96&d=mm&r=g\",\"contentUrl\":\"https:\\\/\\\/secure.gravatar.com\\\/avatar\\\/78a7f90c01fc2bfc875782a0d4922b37cde2cf184ce347b91316d23cd7f69a36?s=96&d=mm&r=g\",\"caption\":\"galledia\"},\"sameAs\":[\"https:\\\/\\\/x.com\\\/admin\"],\"url\":\"https:\\\/\\\/www.organisator.ch\\\/it\\\/author\\\/galledia\\\/\"}]}<\/script>\n<!-- \/ Yoast SEO plugin. -->","yoast_head_json":{"title":"Ammarkt confeziona per Nahrin la forza della natura - Organizzatore","description":"Nahrin lancia gli integratori alimentari naturali con un nuovo design e un marketing internazionale.","robots":{"index":"index","follow":"follow","max-snippet":"max-snippet:-1","max-image-preview":"max-image-preview:large","max-video-preview":"max-video-preview:-1"},"canonical":"https:\/\/www.organisator.ch\/it\/marketing\/2023-05-08\/ammarkt-verpackt-fuer-nahrin-die-kraft-aus-der-natur\/","og_locale":"it_IT","og_type":"article","og_title":"Ammarkt verpackt f\u00fcr Nahrin die Kraft aus der Natur - Organisator","og_description":"Nahrin bringt naturbasierte Nahrungserg\u00e4nzungsmittel mit neuem Design und internationaler Vermarktung auf den Markt.","og_url":"https:\/\/www.organisator.ch\/it\/marketing\/2023-05-08\/ammarkt-verpackt-fuer-nahrin-die-kraft-aus-der-natur\/","og_site_name":"Organisator","article_publisher":"https:\/\/www.facebook.com\/OrganisatorFachmagazin","article_published_time":"2023-05-08T15:18:58+00:00","article_modified_time":"2024-11-16T09:41:11+00:00","author":"galledia","twitter_card":"summary_large_image","twitter_creator":"@admin","schema":{"@context":"https:\/\/schema.org","@graph":[{"@type":"Article","@id":"https:\/\/www.organisator.ch\/marketing\/2023-05-08\/ammarkt-verpackt-fuer-nahrin-die-kraft-aus-der-natur\/#article","isPartOf":{"@id":"https:\/\/www.organisator.ch\/marketing\/2023-05-08\/ammarkt-verpackt-fuer-nahrin-die-kraft-aus-der-natur\/"},"author":{"name":"galledia","@id":"https:\/\/www.organisator.ch\/#\/schema\/person\/4e51799071cd2dd1232ac003643ef5f0"},"headline":"Ammarkt verpackt f\u00fcr Nahrin die Kraft aus der Natur","datePublished":"2023-05-08T15:18:58+00:00","dateModified":"2024-11-16T09:41:11+00:00","mainEntityOfPage":{"@id":"https:\/\/www.organisator.ch\/marketing\/2023-05-08\/ammarkt-verpackt-fuer-nahrin-die-kraft-aus-der-natur\/"},"wordCount":278,"publisher":{"@id":"https:\/\/www.organisator.ch\/#organization"},"image":{"@id":"https:\/\/www.organisator.ch\/marketing\/2023-05-08\/ammarkt-verpackt-fuer-nahrin-die-kraft-aus-der-natur\/#primaryimage"},"thumbnailUrl":"https:\/\/www.werbewoche.ch\/wp-content\/uploads\/2023\/05\/Nahrin-PR-01.jpg","keywords":["Ammarkt"],"articleSection":["MARKETING"],"inLanguage":"it-IT"},{"@type":"WebPage","@id":"https:\/\/www.organisator.ch\/marketing\/2023-05-08\/ammarkt-verpackt-fuer-nahrin-die-kraft-aus-der-natur\/","url":"https:\/\/www.organisator.ch\/marketing\/2023-05-08\/ammarkt-verpackt-fuer-nahrin-die-kraft-aus-der-natur\/","name":"Ammarkt confeziona per Nahrin la forza della natura - Organizzatore","isPartOf":{"@id":"https:\/\/www.organisator.ch\/#website"},"primaryImageOfPage":{"@id":"https:\/\/www.organisator.ch\/marketing\/2023-05-08\/ammarkt-verpackt-fuer-nahrin-die-kraft-aus-der-natur\/#primaryimage"},"image":{"@id":"https:\/\/www.organisator.ch\/marketing\/2023-05-08\/ammarkt-verpackt-fuer-nahrin-die-kraft-aus-der-natur\/#primaryimage"},"thumbnailUrl":"https:\/\/www.werbewoche.ch\/wp-content\/uploads\/2023\/05\/Nahrin-PR-01.jpg","datePublished":"2023-05-08T15:18:58+00:00","dateModified":"2024-11-16T09:41:11+00:00","description":"Nahrin lancia gli integratori alimentari naturali con un nuovo design e un marketing internazionale.","breadcrumb":{"@id":"https:\/\/www.organisator.ch\/marketing\/2023-05-08\/ammarkt-verpackt-fuer-nahrin-die-kraft-aus-der-natur\/#breadcrumb"},"inLanguage":"it-IT","potentialAction":[{"@type":"ReadAction","target":["https:\/\/www.organisator.ch\/marketing\/2023-05-08\/ammarkt-verpackt-fuer-nahrin-die-kraft-aus-der-natur\/"]}]},{"@type":"ImageObject","inLanguage":"it-IT","@id":"https:\/\/www.organisator.ch\/marketing\/2023-05-08\/ammarkt-verpackt-fuer-nahrin-die-kraft-aus-der-natur\/#primaryimage","url":"https:\/\/www.werbewoche.ch\/wp-content\/uploads\/2023\/05\/Nahrin-PR-01.jpg","contentUrl":"https:\/\/www.werbewoche.ch\/wp-content\/uploads\/2023\/05\/Nahrin-PR-01.jpg"},{"@type":"BreadcrumbList","@id":"https:\/\/www.organisator.ch\/marketing\/2023-05-08\/ammarkt-verpackt-fuer-nahrin-die-kraft-aus-der-natur\/#breadcrumb","itemListElement":[{"@type":"ListItem","position":1,"name":"Home","item":"https:\/\/www.organisator.ch\/"},{"@type":"ListItem","position":2,"name":"Ammarkt verpackt f\u00fcr Nahrin die Kraft aus der Natur"}]},{"@type":"WebSite","@id":"https:\/\/www.organisator.ch\/#website","url":"https:\/\/www.organisator.ch\/","name":"Organizzatore","description":"Competente. Pratico. In 10 numeri all'anno, ORGANISATOR presenta i temi essenziali per i manager delle PMI.","publisher":{"@id":"https:\/\/www.organisator.ch\/#organization"},"potentialAction":[{"@type":"SearchAction","target":{"@type":"EntryPoint","urlTemplate":"https:\/\/www.organisator.ch\/?s={search_term_string}"},"query-input":{"@type":"PropertyValueSpecification","valueRequired":true,"valueName":"search_term_string"}}],"inLanguage":"it-IT"},{"@type":"Organization","@id":"https:\/\/www.organisator.ch\/#organization","name":"Organizzatore","url":"https:\/\/www.organisator.ch\/","logo":{"@type":"ImageObject","inLanguage":"it-IT","@id":"https:\/\/www.organisator.ch\/#\/schema\/logo\/image\/","url":"https:\/\/www.organisator.ch\/wp-content\/uploads\/2022\/01\/Logo_Organisator_Website.png","contentUrl":"https:\/\/www.organisator.ch\/wp-content\/uploads\/2022\/01\/Logo_Organisator_Website.png","width":800,"height":77,"caption":"Organisator"},"image":{"@id":"https:\/\/www.organisator.ch\/#\/schema\/logo\/image\/"},"sameAs":["https:\/\/www.facebook.com\/OrganisatorFachmagazin","https:\/\/www.linkedin.com\/showcase\/organisator-das-magazin-fr-kmu","https:\/\/www.xing.com\/news\/pages\/organisator-ch-695","https:\/\/www.youtube.com\/channel\/UCGP2Sq0iWaZwT3BdIAQFYpw"]},{"@type":"Person","@id":"https:\/\/www.organisator.ch\/#\/schema\/person\/4e51799071cd2dd1232ac003643ef5f0","name":"galledia","image":{"@type":"ImageObject","inLanguage":"it-IT","@id":"https:\/\/secure.gravatar.com\/avatar\/78a7f90c01fc2bfc875782a0d4922b37cde2cf184ce347b91316d23cd7f69a36?s=96&d=mm&r=g","url":"https:\/\/secure.gravatar.com\/avatar\/78a7f90c01fc2bfc875782a0d4922b37cde2cf184ce347b91316d23cd7f69a36?s=96&d=mm&r=g","contentUrl":"https:\/\/secure.gravatar.com\/avatar\/78a7f90c01fc2bfc875782a0d4922b37cde2cf184ce347b91316d23cd7f69a36?s=96&d=mm&r=g","caption":"galledia"},"sameAs":["https:\/\/x.com\/admin"],"url":"https:\/\/www.organisator.ch\/it\/author\/galledia\/"}]}},"_links":{"self":[{"href":"https:\/\/www.organisator.ch\/it\/wp-json\/wp\/v2\/posts\/20089","targetHints":{"allow":["GET"]}}],"collection":[{"href":"https:\/\/www.organisator.ch\/it\/wp-json\/wp\/v2\/posts"}],"about":[{"href":"https:\/\/www.organisator.ch\/it\/wp-json\/wp\/v2\/types\/post"}],"author":[{"embeddable":true,"href":"https:\/\/www.organisator.ch\/it\/wp-json\/wp\/v2\/users\/8"}],"replies":[{"embeddable":true,"href":"https:\/\/www.organisator.ch\/it\/wp-json\/wp\/v2\/comments?post=20089"}],"version-history":[{"count":4,"href":"https:\/\/www.organisator.ch\/it\/wp-json\/wp\/v2\/posts\/20089\/revisions"}],"predecessor-version":[{"id":33159,"href":"https:\/\/www.organisator.ch\/it\/wp-json\/wp\/v2\/posts\/20089\/revisions\/33159"}],"wp:attachment":[{"href":"https:\/\/www.organisator.ch\/it\/wp-json\/wp\/v2\/media?parent=20089"}],"wp:term":[{"taxonomy":"category","embeddable":true,"href":"https:\/\/www.organisator.ch\/it\/wp-json\/wp\/v2\/categories?post=20089"},{"taxonomy":"post_tag","embeddable":true,"href":"https:\/\/www.organisator.ch\/it\/wp-json\/wp\/v2\/tags?post=20089"}],"curies":[{"name":"wp","href":"https:\/\/api.w.org\/{rel}","templated":true}]}}