{"id":20106,"date":"2023-05-09T08:38:19","date_gmt":"2023-05-09T06:38:19","guid":{"rendered":"https:\/\/www.werbewoche.ch\/?p=197289"},"modified":"2024-11-16T10:31:22","modified_gmt":"2024-11-16T09:31:22","slug":"department-of-noise-erarbeitet-sound-identity-fuer-quickline","status":"publish","type":"post","link":"https:\/\/www.organisator.ch\/it\/marketing\/2023-05-09\/department-of-noise-erarbeitet-sound-identity-fuer-quickline\/","title":{"rendered":"Il Dipartimento del Rumore elabora l'identit\u00e0 sonora per Quickline"},"content":{"rendered":"<p><img class=\"aligncenter wp-image-197290 size-full\" src=\"https:\/\/www.werbewoche.ch\/wp-content\/uploads\/2023\/05\/Quickline_2209251_150919.jpg\" alt=\"Suono rapido\" width=\"1200\" height=\"900\" \/><\/p>\r\n<p>Le telecomunicazioni comprendono linee ad alta frequenza, TV box, app e le ultime novit\u00e0 dell'hi-tech. Ma dovrebbe anche suonare cos\u00ec? Department of Noise \u00e8 convinto che un servizio clienti strutturato a livello regionale, con una presenza e una competenza locali, valga almeno altrettanto. Ed \u00e8 qui che entra in gioco la nuova identit\u00e0 sonora di Quickline: autentica, personale e svizzera. E cos\u00ec si differenzia dalla concorrenza in modo rinfrescante.<\/p>\r\n<p>Nel settembre 2022 Quickline, quarto operatore telefonico in Svizzera, ha compiuto il passo da operatore regionale a operatore nazionale: Ora tutte le famiglie della Svizzera sono raggiungibili. Per conquistare questi potenziali clienti, il passo \u00e8 accompagnato da un'offensiva di comunicazione ad ampio raggio, che mira a far conoscere e notare il marchio anche al di fuori della precedente area di copertura. <em><a href=\"https:\/\/www.werbewoche.ch\/de\/werbung\/kampagnen\/2022-12-13\/erdmannpeisker-die-schweiz-entdeckt-quickline\/\" rel=\"noopener\">(Werbewoche.ch ha riportato la campagna di lancio associata)<\/a><\/em>. Nel contesto di queste misure e della necessit\u00e0 di un suono di lancio per il Quickline TV box, Department of Noise \u00e8 stato incaricato di creare un'identit\u00e0 sonora nel \"punto dolce\" tra marchio, ambizione e differenziazione del mercato.<\/p>\r\n<p>Nell'ambito delle considerazioni strategiche, \u00e8 emerso chiaramente che la vicinanza, il calore e l'empatia sono gli aspetti centrali del mondo sonoro di Quickline. Questo vuole anche sottolineare il legame regionale e familiare che caratterizza l'azienda. Di conseguenza, la competenza tecnica e l'esperienza non sono enfatizzate da suoni digitali, ma da un'immagine sonora multistrato e dinamica di strumenti acustici e \"classici\".<\/p>\r\n<p>Durante la fase di creazione, il suono del marchio \u00e8 stato ripetutamente inserito nel contesto della produzione gi\u00e0 realizzata. <a href=\"https:\/\/www.werbewoche.ch\/de\/werbung\/kampagnen\/2022-12-13\/erdmannpeisker-die-schweiz-entdeckt-quickline\/\" rel=\"noopener\">Campagna di sensibilizzazione di Quickline<\/a> ed eco. \u00c8 stato quindi ulteriormente affilato ed \u00e8 stato utilizzato per la prima volta insieme al nuovo logo audio.<\/p>\r\n<p>La prima fase del progetto \u00e8 stata completata con lo sviluppo di un kit flessibile per la costruzione del punteggio per la comunicazione sui social media e il suono di lancio specifico per il touchpoint del Quickline TV box. \"Sviluppare un suono e una musica che si adattino al nostro posizionamento, che coprano diverse esigenze e utilizzi e che superino le preferenze personali \u00e8 stato un lavoro difficile ed entusiasmante\", afferma Iva Kr\u00fcttli, responsabile della comunicazione di Quickline. \"DoN ci ha recuperato pi\u00f9 volte con l'ascolto attento e la sua esperienza, ci ha coinvolto nel processo e ci ha guidato verso l'obiettivo\". Urs von Ins, CMO di Quickline, aggiunge: \"DoN \u00e8 riuscita a farci superare ogni trappola del gusto e, con il suo approccio strategico, ci ha dato la certezza di essere sulla strada giusta. Ora abbiamo un'identit\u00e0 solida che \u00e8 congruente con la strategia del marchio e ci differenzia chiaramente in un ambiente rumoroso\".<\/p>\r\n<p><\/p>\r\n<p><\/p>\r\n<p><\/p>\r\n<hr \/>\r\n<p><strong>Responsabile di Quickline:<\/strong> Iva Kr\u00fcttli (responsabile delle comunicazioni), Urs von Ins (Chief Marketing Officer), Roland Kopf (Product Manager TV); <strong>Responsabile presso il Dipartimento del Rumore:<\/strong> Florian Goetze e Ph!L!pp Schweidler (strategia e direzione creativa), Yves Gerber (produttore creativo).<\/p>","protected":false},"excerpt":{"rendered":"<p>La nuova identit\u00e0 sonora sviluppata da Department of Noise intende aiutare Quickline ad aumentare la consapevolezza del marchio durante l'attuale espansione del mercato e a posizionarsi in modo chiaro e distintivo nel processo.<\/p>","protected":false},"author":8,"featured_media":0,"comment_status":"closed","ping_status":"closed","sticky":false,"template":"","format":"standard","meta":{"_acf_changed":false,"_yoast_wpseo_focuskw":"Quickline Sound","_yoast_wpseo_metadesc":"Quickline launcht neue Sound Identity: Authentisch, pers\u00f6nlich und schweizerisch f\u00fcr nationale Marktpr\u00e4senz.","articlekey":"","footnotes":""},"categories":[29],"tags":[3773],"class_list":["post-20106","post","type-post","status-publish","format-standard","hentry","category-marketing","tag-quickline"],"acf":[],"yoast_head":"<!-- This site is optimized with the Yoast SEO plugin v27.5 - https:\/\/yoast.com\/product\/yoast-seo-wordpress\/ -->\n<title>Department of Noise erarbeitet Sound Identity f\u00fcr Quickline - Organisator<\/title>\n<meta name=\"description\" content=\"Quickline launcht neue Sound Identity: Authentisch, pers\u00f6nlich und schweizerisch f\u00fcr nationale Marktpr\u00e4senz.\" \/>\n<meta name=\"robots\" content=\"index, follow, max-snippet:-1, max-image-preview:large, max-video-preview:-1\" \/>\n<link rel=\"canonical\" href=\"https:\/\/www.organisator.ch\/it\/marketing\/2023-05-09\/department-of-noise-erarbeitet-sound-identity-fuer-quickline\/\" \/>\n<meta property=\"og:locale\" content=\"it_IT\" \/>\n<meta property=\"og:type\" content=\"article\" \/>\n<meta property=\"og:title\" content=\"Department of Noise erarbeitet Sound Identity f\u00fcr Quickline - Organisator\" \/>\n<meta property=\"og:description\" content=\"Quickline launcht neue Sound Identity: Authentisch, pers\u00f6nlich und schweizerisch f\u00fcr nationale Marktpr\u00e4senz.\" \/>\n<meta property=\"og:url\" content=\"https:\/\/www.organisator.ch\/it\/marketing\/2023-05-09\/department-of-noise-erarbeitet-sound-identity-fuer-quickline\/\" \/>\n<meta property=\"og:site_name\" content=\"Organisator\" \/>\n<meta property=\"article:publisher\" content=\"https:\/\/www.facebook.com\/OrganisatorFachmagazin\" \/>\n<meta property=\"article:published_time\" content=\"2023-05-09T06:38:19+00:00\" \/>\n<meta property=\"article:modified_time\" content=\"2024-11-16T09:31:22+00:00\" \/>\n<meta name=\"author\" content=\"galledia\" \/>\n<meta name=\"twitter:card\" content=\"summary_large_image\" \/>\n<meta name=\"twitter:creator\" content=\"@admin\" \/>\n<script type=\"application\/ld+json\" class=\"yoast-schema-graph\">{\"@context\":\"https:\\\/\\\/schema.org\",\"@graph\":[{\"@type\":\"Article\",\"@id\":\"https:\\\/\\\/www.organisator.ch\\\/marketing\\\/2023-05-09\\\/department-of-noise-erarbeitet-sound-identity-fuer-quickline\\\/#article\",\"isPartOf\":{\"@id\":\"https:\\\/\\\/www.organisator.ch\\\/marketing\\\/2023-05-09\\\/department-of-noise-erarbeitet-sound-identity-fuer-quickline\\\/\"},\"author\":{\"name\":\"galledia\",\"@id\":\"https:\\\/\\\/www.organisator.ch\\\/#\\\/schema\\\/person\\\/4e51799071cd2dd1232ac003643ef5f0\"},\"headline\":\"Department of Noise erarbeitet Sound Identity f\u00fcr Quickline\",\"datePublished\":\"2023-05-09T06:38:19+00:00\",\"dateModified\":\"2024-11-16T09:31:22+00:00\",\"mainEntityOfPage\":{\"@id\":\"https:\\\/\\\/www.organisator.ch\\\/marketing\\\/2023-05-09\\\/department-of-noise-erarbeitet-sound-identity-fuer-quickline\\\/\"},\"wordCount\":463,\"publisher\":{\"@id\":\"https:\\\/\\\/www.organisator.ch\\\/#organization\"},\"image\":{\"@id\":\"https:\\\/\\\/www.organisator.ch\\\/marketing\\\/2023-05-09\\\/department-of-noise-erarbeitet-sound-identity-fuer-quickline\\\/#primaryimage\"},\"thumbnailUrl\":\"https:\\\/\\\/www.werbewoche.ch\\\/wp-content\\\/uploads\\\/2023\\\/05\\\/Quickline_2209251_150919.jpg\",\"keywords\":[\"Quickline\"],\"articleSection\":[\"MARKETING\"],\"inLanguage\":\"it-IT\"},{\"@type\":\"WebPage\",\"@id\":\"https:\\\/\\\/www.organisator.ch\\\/marketing\\\/2023-05-09\\\/department-of-noise-erarbeitet-sound-identity-fuer-quickline\\\/\",\"url\":\"https:\\\/\\\/www.organisator.ch\\\/marketing\\\/2023-05-09\\\/department-of-noise-erarbeitet-sound-identity-fuer-quickline\\\/\",\"name\":\"Department of Noise erarbeitet Sound Identity f\u00fcr Quickline - Organisator\",\"isPartOf\":{\"@id\":\"https:\\\/\\\/www.organisator.ch\\\/#website\"},\"primaryImageOfPage\":{\"@id\":\"https:\\\/\\\/www.organisator.ch\\\/marketing\\\/2023-05-09\\\/department-of-noise-erarbeitet-sound-identity-fuer-quickline\\\/#primaryimage\"},\"image\":{\"@id\":\"https:\\\/\\\/www.organisator.ch\\\/marketing\\\/2023-05-09\\\/department-of-noise-erarbeitet-sound-identity-fuer-quickline\\\/#primaryimage\"},\"thumbnailUrl\":\"https:\\\/\\\/www.werbewoche.ch\\\/wp-content\\\/uploads\\\/2023\\\/05\\\/Quickline_2209251_150919.jpg\",\"datePublished\":\"2023-05-09T06:38:19+00:00\",\"dateModified\":\"2024-11-16T09:31:22+00:00\",\"description\":\"Quickline launcht neue Sound Identity: Authentisch, pers\u00f6nlich und schweizerisch f\u00fcr nationale Marktpr\u00e4senz.\",\"breadcrumb\":{\"@id\":\"https:\\\/\\\/www.organisator.ch\\\/marketing\\\/2023-05-09\\\/department-of-noise-erarbeitet-sound-identity-fuer-quickline\\\/#breadcrumb\"},\"inLanguage\":\"it-IT\",\"potentialAction\":[{\"@type\":\"ReadAction\",\"target\":[\"https:\\\/\\\/www.organisator.ch\\\/marketing\\\/2023-05-09\\\/department-of-noise-erarbeitet-sound-identity-fuer-quickline\\\/\"]}]},{\"@type\":\"ImageObject\",\"inLanguage\":\"it-IT\",\"@id\":\"https:\\\/\\\/www.organisator.ch\\\/marketing\\\/2023-05-09\\\/department-of-noise-erarbeitet-sound-identity-fuer-quickline\\\/#primaryimage\",\"url\":\"https:\\\/\\\/www.werbewoche.ch\\\/wp-content\\\/uploads\\\/2023\\\/05\\\/Quickline_2209251_150919.jpg\",\"contentUrl\":\"https:\\\/\\\/www.werbewoche.ch\\\/wp-content\\\/uploads\\\/2023\\\/05\\\/Quickline_2209251_150919.jpg\"},{\"@type\":\"BreadcrumbList\",\"@id\":\"https:\\\/\\\/www.organisator.ch\\\/marketing\\\/2023-05-09\\\/department-of-noise-erarbeitet-sound-identity-fuer-quickline\\\/#breadcrumb\",\"itemListElement\":[{\"@type\":\"ListItem\",\"position\":1,\"name\":\"Home\",\"item\":\"https:\\\/\\\/www.organisator.ch\\\/\"},{\"@type\":\"ListItem\",\"position\":2,\"name\":\"Department of Noise erarbeitet Sound Identity f\u00fcr Quickline\"}]},{\"@type\":\"WebSite\",\"@id\":\"https:\\\/\\\/www.organisator.ch\\\/#website\",\"url\":\"https:\\\/\\\/www.organisator.ch\\\/\",\"name\":\"Organisator\",\"description\":\"Kompetent. Praxisnah. Der ORGANISATOR bereitet in 10 Ausgaben pro Jahr die wesentlichen Themen f\u00fcr F\u00fchrungskr\u00e4fte von KMU auf.\",\"publisher\":{\"@id\":\"https:\\\/\\\/www.organisator.ch\\\/#organization\"},\"potentialAction\":[{\"@type\":\"SearchAction\",\"target\":{\"@type\":\"EntryPoint\",\"urlTemplate\":\"https:\\\/\\\/www.organisator.ch\\\/?s={search_term_string}\"},\"query-input\":{\"@type\":\"PropertyValueSpecification\",\"valueRequired\":true,\"valueName\":\"search_term_string\"}}],\"inLanguage\":\"it-IT\"},{\"@type\":\"Organization\",\"@id\":\"https:\\\/\\\/www.organisator.ch\\\/#organization\",\"name\":\"Organisator\",\"url\":\"https:\\\/\\\/www.organisator.ch\\\/\",\"logo\":{\"@type\":\"ImageObject\",\"inLanguage\":\"it-IT\",\"@id\":\"https:\\\/\\\/www.organisator.ch\\\/#\\\/schema\\\/logo\\\/image\\\/\",\"url\":\"https:\\\/\\\/www.organisator.ch\\\/wp-content\\\/uploads\\\/2022\\\/01\\\/Logo_Organisator_Website.png\",\"contentUrl\":\"https:\\\/\\\/www.organisator.ch\\\/wp-content\\\/uploads\\\/2022\\\/01\\\/Logo_Organisator_Website.png\",\"width\":800,\"height\":77,\"caption\":\"Organisator\"},\"image\":{\"@id\":\"https:\\\/\\\/www.organisator.ch\\\/#\\\/schema\\\/logo\\\/image\\\/\"},\"sameAs\":[\"https:\\\/\\\/www.facebook.com\\\/OrganisatorFachmagazin\",\"https:\\\/\\\/www.linkedin.com\\\/showcase\\\/organisator-das-magazin-fr-kmu\",\"https:\\\/\\\/www.xing.com\\\/news\\\/pages\\\/organisator-ch-695\",\"https:\\\/\\\/www.youtube.com\\\/channel\\\/UCGP2Sq0iWaZwT3BdIAQFYpw\"]},{\"@type\":\"Person\",\"@id\":\"https:\\\/\\\/www.organisator.ch\\\/#\\\/schema\\\/person\\\/4e51799071cd2dd1232ac003643ef5f0\",\"name\":\"galledia\",\"image\":{\"@type\":\"ImageObject\",\"inLanguage\":\"it-IT\",\"@id\":\"https:\\\/\\\/secure.gravatar.com\\\/avatar\\\/78a7f90c01fc2bfc875782a0d4922b37cde2cf184ce347b91316d23cd7f69a36?s=96&d=mm&r=g\",\"url\":\"https:\\\/\\\/secure.gravatar.com\\\/avatar\\\/78a7f90c01fc2bfc875782a0d4922b37cde2cf184ce347b91316d23cd7f69a36?s=96&d=mm&r=g\",\"contentUrl\":\"https:\\\/\\\/secure.gravatar.com\\\/avatar\\\/78a7f90c01fc2bfc875782a0d4922b37cde2cf184ce347b91316d23cd7f69a36?s=96&d=mm&r=g\",\"caption\":\"galledia\"},\"sameAs\":[\"https:\\\/\\\/x.com\\\/admin\"],\"url\":\"https:\\\/\\\/www.organisator.ch\\\/it\\\/author\\\/galledia\\\/\"}]}<\/script>\n<!-- \/ Yoast SEO plugin. -->","yoast_head_json":{"title":"Il Dipartimento del Rumore elabora l'identit\u00e0 sonora per Quickline - Organizzatore","description":"Quickline lancia una nuova identit\u00e0 sonora: autentica, personale e svizzera per la presenza sul mercato nazionale.","robots":{"index":"index","follow":"follow","max-snippet":"max-snippet:-1","max-image-preview":"max-image-preview:large","max-video-preview":"max-video-preview:-1"},"canonical":"https:\/\/www.organisator.ch\/it\/marketing\/2023-05-09\/department-of-noise-erarbeitet-sound-identity-fuer-quickline\/","og_locale":"it_IT","og_type":"article","og_title":"Department of Noise erarbeitet Sound Identity f\u00fcr Quickline - Organisator","og_description":"Quickline launcht neue Sound Identity: Authentisch, pers\u00f6nlich und schweizerisch f\u00fcr nationale Marktpr\u00e4senz.","og_url":"https:\/\/www.organisator.ch\/it\/marketing\/2023-05-09\/department-of-noise-erarbeitet-sound-identity-fuer-quickline\/","og_site_name":"Organisator","article_publisher":"https:\/\/www.facebook.com\/OrganisatorFachmagazin","article_published_time":"2023-05-09T06:38:19+00:00","article_modified_time":"2024-11-16T09:31:22+00:00","author":"galledia","twitter_card":"summary_large_image","twitter_creator":"@admin","schema":{"@context":"https:\/\/schema.org","@graph":[{"@type":"Article","@id":"https:\/\/www.organisator.ch\/marketing\/2023-05-09\/department-of-noise-erarbeitet-sound-identity-fuer-quickline\/#article","isPartOf":{"@id":"https:\/\/www.organisator.ch\/marketing\/2023-05-09\/department-of-noise-erarbeitet-sound-identity-fuer-quickline\/"},"author":{"name":"galledia","@id":"https:\/\/www.organisator.ch\/#\/schema\/person\/4e51799071cd2dd1232ac003643ef5f0"},"headline":"Department of Noise erarbeitet Sound Identity f\u00fcr Quickline","datePublished":"2023-05-09T06:38:19+00:00","dateModified":"2024-11-16T09:31:22+00:00","mainEntityOfPage":{"@id":"https:\/\/www.organisator.ch\/marketing\/2023-05-09\/department-of-noise-erarbeitet-sound-identity-fuer-quickline\/"},"wordCount":463,"publisher":{"@id":"https:\/\/www.organisator.ch\/#organization"},"image":{"@id":"https:\/\/www.organisator.ch\/marketing\/2023-05-09\/department-of-noise-erarbeitet-sound-identity-fuer-quickline\/#primaryimage"},"thumbnailUrl":"https:\/\/www.werbewoche.ch\/wp-content\/uploads\/2023\/05\/Quickline_2209251_150919.jpg","keywords":["Quickline"],"articleSection":["MARKETING"],"inLanguage":"it-IT"},{"@type":"WebPage","@id":"https:\/\/www.organisator.ch\/marketing\/2023-05-09\/department-of-noise-erarbeitet-sound-identity-fuer-quickline\/","url":"https:\/\/www.organisator.ch\/marketing\/2023-05-09\/department-of-noise-erarbeitet-sound-identity-fuer-quickline\/","name":"Il Dipartimento del Rumore elabora l'identit\u00e0 sonora per Quickline - Organizzatore","isPartOf":{"@id":"https:\/\/www.organisator.ch\/#website"},"primaryImageOfPage":{"@id":"https:\/\/www.organisator.ch\/marketing\/2023-05-09\/department-of-noise-erarbeitet-sound-identity-fuer-quickline\/#primaryimage"},"image":{"@id":"https:\/\/www.organisator.ch\/marketing\/2023-05-09\/department-of-noise-erarbeitet-sound-identity-fuer-quickline\/#primaryimage"},"thumbnailUrl":"https:\/\/www.werbewoche.ch\/wp-content\/uploads\/2023\/05\/Quickline_2209251_150919.jpg","datePublished":"2023-05-09T06:38:19+00:00","dateModified":"2024-11-16T09:31:22+00:00","description":"Quickline lancia una nuova identit\u00e0 sonora: autentica, personale e svizzera per la presenza sul mercato nazionale.","breadcrumb":{"@id":"https:\/\/www.organisator.ch\/marketing\/2023-05-09\/department-of-noise-erarbeitet-sound-identity-fuer-quickline\/#breadcrumb"},"inLanguage":"it-IT","potentialAction":[{"@type":"ReadAction","target":["https:\/\/www.organisator.ch\/marketing\/2023-05-09\/department-of-noise-erarbeitet-sound-identity-fuer-quickline\/"]}]},{"@type":"ImageObject","inLanguage":"it-IT","@id":"https:\/\/www.organisator.ch\/marketing\/2023-05-09\/department-of-noise-erarbeitet-sound-identity-fuer-quickline\/#primaryimage","url":"https:\/\/www.werbewoche.ch\/wp-content\/uploads\/2023\/05\/Quickline_2209251_150919.jpg","contentUrl":"https:\/\/www.werbewoche.ch\/wp-content\/uploads\/2023\/05\/Quickline_2209251_150919.jpg"},{"@type":"BreadcrumbList","@id":"https:\/\/www.organisator.ch\/marketing\/2023-05-09\/department-of-noise-erarbeitet-sound-identity-fuer-quickline\/#breadcrumb","itemListElement":[{"@type":"ListItem","position":1,"name":"Home","item":"https:\/\/www.organisator.ch\/"},{"@type":"ListItem","position":2,"name":"Department of Noise erarbeitet Sound Identity f\u00fcr Quickline"}]},{"@type":"WebSite","@id":"https:\/\/www.organisator.ch\/#website","url":"https:\/\/www.organisator.ch\/","name":"Organizzatore","description":"Competente. Pratico. In 10 numeri all'anno, ORGANISATOR presenta i temi essenziali per i manager delle PMI.","publisher":{"@id":"https:\/\/www.organisator.ch\/#organization"},"potentialAction":[{"@type":"SearchAction","target":{"@type":"EntryPoint","urlTemplate":"https:\/\/www.organisator.ch\/?s={search_term_string}"},"query-input":{"@type":"PropertyValueSpecification","valueRequired":true,"valueName":"search_term_string"}}],"inLanguage":"it-IT"},{"@type":"Organization","@id":"https:\/\/www.organisator.ch\/#organization","name":"Organizzatore","url":"https:\/\/www.organisator.ch\/","logo":{"@type":"ImageObject","inLanguage":"it-IT","@id":"https:\/\/www.organisator.ch\/#\/schema\/logo\/image\/","url":"https:\/\/www.organisator.ch\/wp-content\/uploads\/2022\/01\/Logo_Organisator_Website.png","contentUrl":"https:\/\/www.organisator.ch\/wp-content\/uploads\/2022\/01\/Logo_Organisator_Website.png","width":800,"height":77,"caption":"Organisator"},"image":{"@id":"https:\/\/www.organisator.ch\/#\/schema\/logo\/image\/"},"sameAs":["https:\/\/www.facebook.com\/OrganisatorFachmagazin","https:\/\/www.linkedin.com\/showcase\/organisator-das-magazin-fr-kmu","https:\/\/www.xing.com\/news\/pages\/organisator-ch-695","https:\/\/www.youtube.com\/channel\/UCGP2Sq0iWaZwT3BdIAQFYpw"]},{"@type":"Person","@id":"https:\/\/www.organisator.ch\/#\/schema\/person\/4e51799071cd2dd1232ac003643ef5f0","name":"galledia","image":{"@type":"ImageObject","inLanguage":"it-IT","@id":"https:\/\/secure.gravatar.com\/avatar\/78a7f90c01fc2bfc875782a0d4922b37cde2cf184ce347b91316d23cd7f69a36?s=96&d=mm&r=g","url":"https:\/\/secure.gravatar.com\/avatar\/78a7f90c01fc2bfc875782a0d4922b37cde2cf184ce347b91316d23cd7f69a36?s=96&d=mm&r=g","contentUrl":"https:\/\/secure.gravatar.com\/avatar\/78a7f90c01fc2bfc875782a0d4922b37cde2cf184ce347b91316d23cd7f69a36?s=96&d=mm&r=g","caption":"galledia"},"sameAs":["https:\/\/x.com\/admin"],"url":"https:\/\/www.organisator.ch\/it\/author\/galledia\/"}]}},"_links":{"self":[{"href":"https:\/\/www.organisator.ch\/it\/wp-json\/wp\/v2\/posts\/20106","targetHints":{"allow":["GET"]}}],"collection":[{"href":"https:\/\/www.organisator.ch\/it\/wp-json\/wp\/v2\/posts"}],"about":[{"href":"https:\/\/www.organisator.ch\/it\/wp-json\/wp\/v2\/types\/post"}],"author":[{"embeddable":true,"href":"https:\/\/www.organisator.ch\/it\/wp-json\/wp\/v2\/users\/8"}],"replies":[{"embeddable":true,"href":"https:\/\/www.organisator.ch\/it\/wp-json\/wp\/v2\/comments?post=20106"}],"version-history":[{"count":3,"href":"https:\/\/www.organisator.ch\/it\/wp-json\/wp\/v2\/posts\/20106\/revisions"}],"predecessor-version":[{"id":33156,"href":"https:\/\/www.organisator.ch\/it\/wp-json\/wp\/v2\/posts\/20106\/revisions\/33156"}],"wp:attachment":[{"href":"https:\/\/www.organisator.ch\/it\/wp-json\/wp\/v2\/media?parent=20106"}],"wp:term":[{"taxonomy":"category","embeddable":true,"href":"https:\/\/www.organisator.ch\/it\/wp-json\/wp\/v2\/categories?post=20106"},{"taxonomy":"post_tag","embeddable":true,"href":"https:\/\/www.organisator.ch\/it\/wp-json\/wp\/v2\/tags?post=20106"}],"curies":[{"name":"wp","href":"https:\/\/api.w.org\/{rel}","templated":true}]}}