{"id":20110,"date":"2023-05-10T08:06:37","date_gmt":"2023-05-10T06:06:37","guid":{"rendered":"https:\/\/www.organisator.ch\/?p=20110"},"modified":"2023-05-19T08:28:54","modified_gmt":"2023-05-19T06:28:54","slug":"pkg-pensionskasse-analysiert-co2-ausstoss-ihrer-immobilien","status":"publish","type":"post","link":"https:\/\/www.organisator.ch\/it\/sustainability\/2023-05-10\/pkg-pensionskasse-analysiert-co2-ausstoss-ihrer-immobilien\/","title":{"rendered":"Il Fondo Pensione PKG analizza le emissioni di CO2 dei suoi immobili"},"content":{"rendered":"<figure id=\"attachment_20111\" aria-describedby=\"caption-attachment-20111\" style=\"width: 680px\" class=\"wp-caption alignnone\"><img loading=\"lazy\" decoding=\"async\" class=\"size-full wp-image-20111\" src=\"https:\/\/www.organisator.ch\/wp-content\/uploads\/2023\/05\/PKG-Pensionskasse-analysiert-CO2-Ausstoss-ihrer-Immobilien_Organisator.jpg\" alt=\"\" width=\"680\" height=\"406\" srcset=\"https:\/\/www.organisator.ch\/wp-content\/uploads\/2023\/05\/PKG-Pensionskasse-analysiert-CO2-Ausstoss-ihrer-Immobilien_Organisator.jpg 680w, https:\/\/www.organisator.ch\/wp-content\/uploads\/2023\/05\/PKG-Pensionskasse-analysiert-CO2-Ausstoss-ihrer-Immobilien_Organisator-18x12.jpg 18w, https:\/\/www.organisator.ch\/wp-content\/uploads\/2023\/05\/PKG-Pensionskasse-analysiert-CO2-Ausstoss-ihrer-Immobilien_Organisator-375x224.jpg 375w, https:\/\/www.organisator.ch\/wp-content\/uploads\/2023\/05\/PKG-Pensionskasse-analysiert-CO2-Ausstoss-ihrer-Immobilien_Organisator-586x350.jpg 586w\" sizes=\"auto, (max-width: 680px) 100vw, 680px\" \/><figcaption id=\"caption-attachment-20111\" class=\"wp-caption-text\">Analizzate le emissioni di CO2 degli immobili: Il Fondo Pensione PKG sta compiendo ulteriori passi per diventare una societ\u00e0 neutrale dal punto di vista delle emissioni di CO2. (Immagine simbolo; Pixabay.com)<\/figcaption><\/figure>\n<p>Dopo che il Fondo Pensione PKG 2022 ha pubblicato per la prima volta informazioni sulle proprie attivit\u00e0 in materia di ambiente, societ\u00e0 e corporate governance responsabile in una pubblicazione separata, quest'anno il rapporto \u00e8 stato integrato da un'analisi completa dei gas serra del proprio portafoglio immobiliare. I risultati mostrano che l'azienda \u00e8 pi\u00f9 avanti nel percorso verso una gestione neutrale delle sue propriet\u00e0 dal punto di vista delle emissioni di CO2 rispetto alla media del settore. Peter Fries, CEO del fondo pensione PKG, aggiunge: \"Non siamo pionieri o primi nel campo dell'ESG, ma stiamo lavorando per fare progressi ogni anno. Crediamo che la sostenibilit\u00e0 inizi con la trasparenza - verso la societ\u00e0, verso noi stessi. Pi\u00f9 fatti abbiamo, meglio possiamo agire\".<\/p>\n<p>L'esercizio 2022 \u00e8 stato inferiore alle aspettative a causa dell'aumento dell'inflazione e dei tassi d'interesse, nonch\u00e9 delle turbolenze del mercato azionario. Il grado di copertura \u00e8 sceso da un eccellente 123,2% a un comunque solido 106,6%. Gli obblighi del fondo pensione della PKG sono quindi ancora pi\u00f9 che coperti. Tuttavia, un grado di copertura superiore alla media rimane un obiettivo da perseguire per essere un modello di riferimento e un partner affidabile per le generazioni future nella costituzione della loro previdenza, informa la Cassa pensioni.<\/p>\n<p>Il Fondo Pensione PKG \u00e8 stato istituito nel 1972 come fondo pensione per le piccole e medie imprese (PMI). Oggi \u00e8 uno dei pi\u00f9 grandi fondi pensione di diritto privato della Svizzera, con 1768 societ\u00e0 affiliate, 41076 assicurati, 6167 pensionati e un patrimonio di 9 miliardi di franchi svizzeri. Impiega 40 dipendenti.<\/p>\n<p><em>Fonte e ulteriori informazioni: <a href=\"http:\/\/www.pkg.ch\">www.pkg.ch<\/a><\/em><\/p>","protected":false},"excerpt":{"rendered":"<p>Il Fondo pensione PKG, con sede a Lucerna, \u00e8 una delle principali istituzioni autonome comuni per la previdenza professionale in Svizzera. Recentemente ha pubblicato il suo rapporto annuale e di sostenibilit\u00e0. Una nuova componente \u00e8 l'analisi delle emissioni di CO2 degli immobili.<\/p>","protected":false},"author":4,"featured_media":20111,"comment_status":"closed","ping_status":"closed","sticky":false,"template":"","format":"standard","meta":{"_acf_changed":false,"_yoast_wpseo_focuskw":"PKG Pensionskasse","_yoast_wpseo_metadesc":"Die PKG Pensionskasse hat ihren Gesch\u00e4fts- und Nachhaltigkeitsbericht ver\u00f6ffentlicht und den CO2-Ausstoss ihrer Immobilien analysiert.","articlekey":"","footnotes":""},"categories":[580],"tags":[3774,263,1789,377],"class_list":["post-20110","post","type-post","status-publish","format-standard","has-post-thumbnail","hentry","category-sustainability","tag-co2-ausstoss","tag-immobilien","tag-nachhaltigkeitsbericht","tag-pensionskassen"],"acf":[],"yoast_head":"<!-- This site is optimized with the Yoast SEO plugin v27.5 - https:\/\/yoast.com\/product\/yoast-seo-wordpress\/ -->\n<title>PKG Pensionskasse analysiert CO2-Ausstoss ihrer Immobilien - Organisator<\/title>\n<meta name=\"description\" content=\"Die PKG Pensionskasse hat ihren Gesch\u00e4fts- und Nachhaltigkeitsbericht ver\u00f6ffentlicht und den CO2-Ausstoss ihrer Immobilien analysiert.\" \/>\n<meta name=\"robots\" content=\"index, follow, max-snippet:-1, max-image-preview:large, max-video-preview:-1\" \/>\n<link rel=\"canonical\" href=\"https:\/\/www.organisator.ch\/it\/sostenibilita\/2023-05-10\/pkg-pensionskasse-analysiert-co2-ausstoss-ihrer-immobilien\/\" \/>\n<meta property=\"og:locale\" content=\"it_IT\" \/>\n<meta property=\"og:type\" content=\"article\" \/>\n<meta property=\"og:title\" content=\"PKG Pensionskasse analysiert CO2-Ausstoss ihrer Immobilien\" \/>\n<meta property=\"og:description\" content=\"Die PKG Pensionskasse hat ihren Gesch\u00e4fts- und Nachhaltigkeitsbericht ver\u00f6ffentlicht und den CO2-Ausstoss ihrer Immobilien analysiert.\" \/>\n<meta property=\"og:url\" content=\"https:\/\/www.organisator.ch\/it\/sostenibilita\/2023-05-10\/pkg-pensionskasse-analysiert-co2-ausstoss-ihrer-immobilien\/\" \/>\n<meta property=\"og:site_name\" content=\"Organisator\" \/>\n<meta property=\"article:publisher\" content=\"https:\/\/www.facebook.com\/OrganisatorFachmagazin\" \/>\n<meta property=\"article:published_time\" content=\"2023-05-10T06:06:37+00:00\" \/>\n<meta property=\"article:modified_time\" content=\"2023-05-19T06:28:54+00:00\" \/>\n<meta property=\"og:image\" content=\"https:\/\/www.organisator.ch\/wp-content\/uploads\/2023\/05\/PKG-Pensionskasse-analysiert-CO2-Ausstoss-ihrer-Immobilien_Organisator.jpg\" \/>\n\t<meta property=\"og:image:width\" content=\"680\" \/>\n\t<meta property=\"og:image:height\" content=\"406\" \/>\n\t<meta property=\"og:image:type\" content=\"image\/jpeg\" \/>\n<meta name=\"author\" content=\"thomas.berner\" \/>\n<meta name=\"twitter:card\" content=\"summary_large_image\" \/>\n<meta name=\"twitter:title\" content=\"PKG #Pensionskasse analysiert #CO2-Ausstoss ihrer #Immobilien\" \/>\n<meta name=\"twitter:description\" content=\"Die PKG #Pensionskasse hat ihren Gesch\u00e4fts- und #Nachhaltigkeitsbericht ver\u00f6ffentlicht und den #CO2-Ausstoss ihrer Immobilien analysiert.\" \/>\n<meta name=\"twitter:image\" content=\"https:\/\/www.organisator.ch\/wp-content\/uploads\/2023\/05\/PKG-Pensionskasse-analysiert-CO2-Ausstoss-ihrer-Immobilien_Organisator.jpg\" \/>\n<script type=\"application\/ld+json\" class=\"yoast-schema-graph\">{\"@context\":\"https:\\\/\\\/schema.org\",\"@graph\":[{\"@type\":\"Article\",\"@id\":\"https:\\\/\\\/www.organisator.ch\\\/sustainability\\\/2023-05-10\\\/pkg-pensionskasse-analysiert-co2-ausstoss-ihrer-immobilien\\\/#article\",\"isPartOf\":{\"@id\":\"https:\\\/\\\/www.organisator.ch\\\/sustainability\\\/2023-05-10\\\/pkg-pensionskasse-analysiert-co2-ausstoss-ihrer-immobilien\\\/\"},\"author\":{\"name\":\"thomas.berner\",\"@id\":\"https:\\\/\\\/www.organisator.ch\\\/#\\\/schema\\\/person\\\/6f650f90b2842cd4c0cc334b4e36f67e\"},\"headline\":\"PKG Pensionskasse analysiert CO2-Ausstoss ihrer Immobilien\",\"datePublished\":\"2023-05-10T06:06:37+00:00\",\"dateModified\":\"2023-05-19T06:28:54+00:00\",\"mainEntityOfPage\":{\"@id\":\"https:\\\/\\\/www.organisator.ch\\\/sustainability\\\/2023-05-10\\\/pkg-pensionskasse-analysiert-co2-ausstoss-ihrer-immobilien\\\/\"},\"wordCount\":284,\"publisher\":{\"@id\":\"https:\\\/\\\/www.organisator.ch\\\/#organization\"},\"image\":{\"@id\":\"https:\\\/\\\/www.organisator.ch\\\/sustainability\\\/2023-05-10\\\/pkg-pensionskasse-analysiert-co2-ausstoss-ihrer-immobilien\\\/#primaryimage\"},\"thumbnailUrl\":\"https:\\\/\\\/www.organisator.ch\\\/wp-content\\\/uploads\\\/2023\\\/05\\\/PKG-Pensionskasse-analysiert-CO2-Ausstoss-ihrer-Immobilien_Organisator.jpg\",\"keywords\":[\"CO2-Ausstoss\",\"Immobilien\",\"Nachhaltigkeitsbericht\",\"Pensionskassen\"],\"articleSection\":[\"SUSTAINABILITY\"],\"inLanguage\":\"it-IT\"},{\"@type\":\"WebPage\",\"@id\":\"https:\\\/\\\/www.organisator.ch\\\/sustainability\\\/2023-05-10\\\/pkg-pensionskasse-analysiert-co2-ausstoss-ihrer-immobilien\\\/\",\"url\":\"https:\\\/\\\/www.organisator.ch\\\/sustainability\\\/2023-05-10\\\/pkg-pensionskasse-analysiert-co2-ausstoss-ihrer-immobilien\\\/\",\"name\":\"PKG Pensionskasse analysiert CO2-Ausstoss ihrer Immobilien - Organisator\",\"isPartOf\":{\"@id\":\"https:\\\/\\\/www.organisator.ch\\\/#website\"},\"primaryImageOfPage\":{\"@id\":\"https:\\\/\\\/www.organisator.ch\\\/sustainability\\\/2023-05-10\\\/pkg-pensionskasse-analysiert-co2-ausstoss-ihrer-immobilien\\\/#primaryimage\"},\"image\":{\"@id\":\"https:\\\/\\\/www.organisator.ch\\\/sustainability\\\/2023-05-10\\\/pkg-pensionskasse-analysiert-co2-ausstoss-ihrer-immobilien\\\/#primaryimage\"},\"thumbnailUrl\":\"https:\\\/\\\/www.organisator.ch\\\/wp-content\\\/uploads\\\/2023\\\/05\\\/PKG-Pensionskasse-analysiert-CO2-Ausstoss-ihrer-Immobilien_Organisator.jpg\",\"datePublished\":\"2023-05-10T06:06:37+00:00\",\"dateModified\":\"2023-05-19T06:28:54+00:00\",\"description\":\"Die PKG Pensionskasse hat ihren Gesch\u00e4fts- und Nachhaltigkeitsbericht ver\u00f6ffentlicht und den CO2-Ausstoss ihrer Immobilien analysiert.\",\"breadcrumb\":{\"@id\":\"https:\\\/\\\/www.organisator.ch\\\/sustainability\\\/2023-05-10\\\/pkg-pensionskasse-analysiert-co2-ausstoss-ihrer-immobilien\\\/#breadcrumb\"},\"inLanguage\":\"it-IT\",\"potentialAction\":[{\"@type\":\"ReadAction\",\"target\":[\"https:\\\/\\\/www.organisator.ch\\\/sustainability\\\/2023-05-10\\\/pkg-pensionskasse-analysiert-co2-ausstoss-ihrer-immobilien\\\/\"]}]},{\"@type\":\"ImageObject\",\"inLanguage\":\"it-IT\",\"@id\":\"https:\\\/\\\/www.organisator.ch\\\/sustainability\\\/2023-05-10\\\/pkg-pensionskasse-analysiert-co2-ausstoss-ihrer-immobilien\\\/#primaryimage\",\"url\":\"https:\\\/\\\/www.organisator.ch\\\/wp-content\\\/uploads\\\/2023\\\/05\\\/PKG-Pensionskasse-analysiert-CO2-Ausstoss-ihrer-Immobilien_Organisator.jpg\",\"contentUrl\":\"https:\\\/\\\/www.organisator.ch\\\/wp-content\\\/uploads\\\/2023\\\/05\\\/PKG-Pensionskasse-analysiert-CO2-Ausstoss-ihrer-Immobilien_Organisator.jpg\",\"width\":680,\"height\":406,\"caption\":\"Den CO2-Ausstoss von Immobilien analysiert: Die PKG Pensionskasse unternimmt weitere Schritte in Richtung CO2-neutrales Unternehmen. (Symbolbild; Pixabay.com)\"},{\"@type\":\"BreadcrumbList\",\"@id\":\"https:\\\/\\\/www.organisator.ch\\\/sustainability\\\/2023-05-10\\\/pkg-pensionskasse-analysiert-co2-ausstoss-ihrer-immobilien\\\/#breadcrumb\",\"itemListElement\":[{\"@type\":\"ListItem\",\"position\":1,\"name\":\"Home\",\"item\":\"https:\\\/\\\/www.organisator.ch\\\/\"},{\"@type\":\"ListItem\",\"position\":2,\"name\":\"PKG Pensionskasse analysiert CO2-Ausstoss ihrer Immobilien\"}]},{\"@type\":\"WebSite\",\"@id\":\"https:\\\/\\\/www.organisator.ch\\\/#website\",\"url\":\"https:\\\/\\\/www.organisator.ch\\\/\",\"name\":\"Organisator\",\"description\":\"Kompetent. Praxisnah. Der ORGANISATOR bereitet in 10 Ausgaben pro Jahr die wesentlichen Themen f\u00fcr F\u00fchrungskr\u00e4fte von KMU auf.\",\"publisher\":{\"@id\":\"https:\\\/\\\/www.organisator.ch\\\/#organization\"},\"potentialAction\":[{\"@type\":\"SearchAction\",\"target\":{\"@type\":\"EntryPoint\",\"urlTemplate\":\"https:\\\/\\\/www.organisator.ch\\\/?s={search_term_string}\"},\"query-input\":{\"@type\":\"PropertyValueSpecification\",\"valueRequired\":true,\"valueName\":\"search_term_string\"}}],\"inLanguage\":\"it-IT\"},{\"@type\":\"Organization\",\"@id\":\"https:\\\/\\\/www.organisator.ch\\\/#organization\",\"name\":\"Organisator\",\"url\":\"https:\\\/\\\/www.organisator.ch\\\/\",\"logo\":{\"@type\":\"ImageObject\",\"inLanguage\":\"it-IT\",\"@id\":\"https:\\\/\\\/www.organisator.ch\\\/#\\\/schema\\\/logo\\\/image\\\/\",\"url\":\"https:\\\/\\\/www.organisator.ch\\\/wp-content\\\/uploads\\\/2022\\\/01\\\/Logo_Organisator_Website.png\",\"contentUrl\":\"https:\\\/\\\/www.organisator.ch\\\/wp-content\\\/uploads\\\/2022\\\/01\\\/Logo_Organisator_Website.png\",\"width\":800,\"height\":77,\"caption\":\"Organisator\"},\"image\":{\"@id\":\"https:\\\/\\\/www.organisator.ch\\\/#\\\/schema\\\/logo\\\/image\\\/\"},\"sameAs\":[\"https:\\\/\\\/www.facebook.com\\\/OrganisatorFachmagazin\",\"https:\\\/\\\/www.linkedin.com\\\/showcase\\\/organisator-das-magazin-fr-kmu\",\"https:\\\/\\\/www.xing.com\\\/news\\\/pages\\\/organisator-ch-695\",\"https:\\\/\\\/www.youtube.com\\\/channel\\\/UCGP2Sq0iWaZwT3BdIAQFYpw\"]},{\"@type\":\"Person\",\"@id\":\"https:\\\/\\\/www.organisator.ch\\\/#\\\/schema\\\/person\\\/6f650f90b2842cd4c0cc334b4e36f67e\",\"name\":\"thomas.berner\",\"image\":{\"@type\":\"ImageObject\",\"inLanguage\":\"it-IT\",\"@id\":\"https:\\\/\\\/secure.gravatar.com\\\/avatar\\\/ac5001d2a36cb6c6cd3e50789007ffca834b477b74a2144564522e944eabff61?s=96&d=mm&r=g\",\"url\":\"https:\\\/\\\/secure.gravatar.com\\\/avatar\\\/ac5001d2a36cb6c6cd3e50789007ffca834b477b74a2144564522e944eabff61?s=96&d=mm&r=g\",\"contentUrl\":\"https:\\\/\\\/secure.gravatar.com\\\/avatar\\\/ac5001d2a36cb6c6cd3e50789007ffca834b477b74a2144564522e944eabff61?s=96&d=mm&r=g\",\"caption\":\"thomas.berner\"},\"url\":\"https:\\\/\\\/www.organisator.ch\\\/it\\\/author\\\/thomas-berner\\\/\"}]}<\/script>\n<!-- \/ Yoast SEO plugin. -->","yoast_head_json":{"title":"Il fondo pensione PKG analizza le emissioni di CO2 dei suoi immobili - Organizzatore","description":"Il Fondo Pensione PKG ha pubblicato il suo rapporto annuale e di sostenibilit\u00e0 e ha analizzato le emissioni di CO2 delle sue propriet\u00e0.","robots":{"index":"index","follow":"follow","max-snippet":"max-snippet:-1","max-image-preview":"max-image-preview:large","max-video-preview":"max-video-preview:-1"},"canonical":"https:\/\/www.organisator.ch\/it\/sostenibilita\/2023-05-10\/pkg-pensionskasse-analysiert-co2-ausstoss-ihrer-immobilien\/","og_locale":"it_IT","og_type":"article","og_title":"PKG Pensionskasse analysiert CO2-Ausstoss ihrer Immobilien","og_description":"Die PKG Pensionskasse hat ihren Gesch\u00e4fts- und Nachhaltigkeitsbericht ver\u00f6ffentlicht und den CO2-Ausstoss ihrer Immobilien analysiert.","og_url":"https:\/\/www.organisator.ch\/it\/sostenibilita\/2023-05-10\/pkg-pensionskasse-analysiert-co2-ausstoss-ihrer-immobilien\/","og_site_name":"Organisator","article_publisher":"https:\/\/www.facebook.com\/OrganisatorFachmagazin","article_published_time":"2023-05-10T06:06:37+00:00","article_modified_time":"2023-05-19T06:28:54+00:00","og_image":[{"width":680,"height":406,"url":"https:\/\/www.organisator.ch\/wp-content\/uploads\/2023\/05\/PKG-Pensionskasse-analysiert-CO2-Ausstoss-ihrer-Immobilien_Organisator.jpg","type":"image\/jpeg"}],"author":"thomas.berner","twitter_card":"summary_large_image","twitter_title":"PKG #Pensionskasse analysiert #CO2-Ausstoss ihrer #Immobilien","twitter_description":"Die PKG #Pensionskasse hat ihren Gesch\u00e4fts- und #Nachhaltigkeitsbericht ver\u00f6ffentlicht und den #CO2-Ausstoss ihrer Immobilien analysiert.","twitter_image":"https:\/\/www.organisator.ch\/wp-content\/uploads\/2023\/05\/PKG-Pensionskasse-analysiert-CO2-Ausstoss-ihrer-Immobilien_Organisator.jpg","schema":{"@context":"https:\/\/schema.org","@graph":[{"@type":"Article","@id":"https:\/\/www.organisator.ch\/sustainability\/2023-05-10\/pkg-pensionskasse-analysiert-co2-ausstoss-ihrer-immobilien\/#article","isPartOf":{"@id":"https:\/\/www.organisator.ch\/sustainability\/2023-05-10\/pkg-pensionskasse-analysiert-co2-ausstoss-ihrer-immobilien\/"},"author":{"name":"thomas.berner","@id":"https:\/\/www.organisator.ch\/#\/schema\/person\/6f650f90b2842cd4c0cc334b4e36f67e"},"headline":"PKG Pensionskasse analysiert CO2-Ausstoss ihrer Immobilien","datePublished":"2023-05-10T06:06:37+00:00","dateModified":"2023-05-19T06:28:54+00:00","mainEntityOfPage":{"@id":"https:\/\/www.organisator.ch\/sustainability\/2023-05-10\/pkg-pensionskasse-analysiert-co2-ausstoss-ihrer-immobilien\/"},"wordCount":284,"publisher":{"@id":"https:\/\/www.organisator.ch\/#organization"},"image":{"@id":"https:\/\/www.organisator.ch\/sustainability\/2023-05-10\/pkg-pensionskasse-analysiert-co2-ausstoss-ihrer-immobilien\/#primaryimage"},"thumbnailUrl":"https:\/\/www.organisator.ch\/wp-content\/uploads\/2023\/05\/PKG-Pensionskasse-analysiert-CO2-Ausstoss-ihrer-Immobilien_Organisator.jpg","keywords":["CO2-Ausstoss","Immobilien","Nachhaltigkeitsbericht","Pensionskassen"],"articleSection":["SUSTAINABILITY"],"inLanguage":"it-IT"},{"@type":"WebPage","@id":"https:\/\/www.organisator.ch\/sustainability\/2023-05-10\/pkg-pensionskasse-analysiert-co2-ausstoss-ihrer-immobilien\/","url":"https:\/\/www.organisator.ch\/sustainability\/2023-05-10\/pkg-pensionskasse-analysiert-co2-ausstoss-ihrer-immobilien\/","name":"Il fondo pensione PKG analizza le emissioni di CO2 dei suoi immobili - Organizzatore","isPartOf":{"@id":"https:\/\/www.organisator.ch\/#website"},"primaryImageOfPage":{"@id":"https:\/\/www.organisator.ch\/sustainability\/2023-05-10\/pkg-pensionskasse-analysiert-co2-ausstoss-ihrer-immobilien\/#primaryimage"},"image":{"@id":"https:\/\/www.organisator.ch\/sustainability\/2023-05-10\/pkg-pensionskasse-analysiert-co2-ausstoss-ihrer-immobilien\/#primaryimage"},"thumbnailUrl":"https:\/\/www.organisator.ch\/wp-content\/uploads\/2023\/05\/PKG-Pensionskasse-analysiert-CO2-Ausstoss-ihrer-Immobilien_Organisator.jpg","datePublished":"2023-05-10T06:06:37+00:00","dateModified":"2023-05-19T06:28:54+00:00","description":"Il Fondo Pensione PKG ha pubblicato il suo rapporto annuale e di sostenibilit\u00e0 e ha analizzato le emissioni di CO2 delle sue propriet\u00e0.","breadcrumb":{"@id":"https:\/\/www.organisator.ch\/sustainability\/2023-05-10\/pkg-pensionskasse-analysiert-co2-ausstoss-ihrer-immobilien\/#breadcrumb"},"inLanguage":"it-IT","potentialAction":[{"@type":"ReadAction","target":["https:\/\/www.organisator.ch\/sustainability\/2023-05-10\/pkg-pensionskasse-analysiert-co2-ausstoss-ihrer-immobilien\/"]}]},{"@type":"ImageObject","inLanguage":"it-IT","@id":"https:\/\/www.organisator.ch\/sustainability\/2023-05-10\/pkg-pensionskasse-analysiert-co2-ausstoss-ihrer-immobilien\/#primaryimage","url":"https:\/\/www.organisator.ch\/wp-content\/uploads\/2023\/05\/PKG-Pensionskasse-analysiert-CO2-Ausstoss-ihrer-Immobilien_Organisator.jpg","contentUrl":"https:\/\/www.organisator.ch\/wp-content\/uploads\/2023\/05\/PKG-Pensionskasse-analysiert-CO2-Ausstoss-ihrer-Immobilien_Organisator.jpg","width":680,"height":406,"caption":"Den CO2-Ausstoss von Immobilien analysiert: Die PKG Pensionskasse unternimmt weitere Schritte in Richtung CO2-neutrales Unternehmen. (Symbolbild; Pixabay.com)"},{"@type":"BreadcrumbList","@id":"https:\/\/www.organisator.ch\/sustainability\/2023-05-10\/pkg-pensionskasse-analysiert-co2-ausstoss-ihrer-immobilien\/#breadcrumb","itemListElement":[{"@type":"ListItem","position":1,"name":"Home","item":"https:\/\/www.organisator.ch\/"},{"@type":"ListItem","position":2,"name":"PKG Pensionskasse analysiert CO2-Ausstoss ihrer Immobilien"}]},{"@type":"WebSite","@id":"https:\/\/www.organisator.ch\/#website","url":"https:\/\/www.organisator.ch\/","name":"Organizzatore","description":"Competente. Pratico. In 10 numeri all'anno, ORGANISATOR presenta i temi essenziali per i manager delle PMI.","publisher":{"@id":"https:\/\/www.organisator.ch\/#organization"},"potentialAction":[{"@type":"SearchAction","target":{"@type":"EntryPoint","urlTemplate":"https:\/\/www.organisator.ch\/?s={search_term_string}"},"query-input":{"@type":"PropertyValueSpecification","valueRequired":true,"valueName":"search_term_string"}}],"inLanguage":"it-IT"},{"@type":"Organization","@id":"https:\/\/www.organisator.ch\/#organization","name":"Organizzatore","url":"https:\/\/www.organisator.ch\/","logo":{"@type":"ImageObject","inLanguage":"it-IT","@id":"https:\/\/www.organisator.ch\/#\/schema\/logo\/image\/","url":"https:\/\/www.organisator.ch\/wp-content\/uploads\/2022\/01\/Logo_Organisator_Website.png","contentUrl":"https:\/\/www.organisator.ch\/wp-content\/uploads\/2022\/01\/Logo_Organisator_Website.png","width":800,"height":77,"caption":"Organisator"},"image":{"@id":"https:\/\/www.organisator.ch\/#\/schema\/logo\/image\/"},"sameAs":["https:\/\/www.facebook.com\/OrganisatorFachmagazin","https:\/\/www.linkedin.com\/showcase\/organisator-das-magazin-fr-kmu","https:\/\/www.xing.com\/news\/pages\/organisator-ch-695","https:\/\/www.youtube.com\/channel\/UCGP2Sq0iWaZwT3BdIAQFYpw"]},{"@type":"Person","@id":"https:\/\/www.organisator.ch\/#\/schema\/person\/6f650f90b2842cd4c0cc334b4e36f67e","name":"Tommaso.berner","image":{"@type":"ImageObject","inLanguage":"it-IT","@id":"https:\/\/secure.gravatar.com\/avatar\/ac5001d2a36cb6c6cd3e50789007ffca834b477b74a2144564522e944eabff61?s=96&d=mm&r=g","url":"https:\/\/secure.gravatar.com\/avatar\/ac5001d2a36cb6c6cd3e50789007ffca834b477b74a2144564522e944eabff61?s=96&d=mm&r=g","contentUrl":"https:\/\/secure.gravatar.com\/avatar\/ac5001d2a36cb6c6cd3e50789007ffca834b477b74a2144564522e944eabff61?s=96&d=mm&r=g","caption":"thomas.berner"},"url":"https:\/\/www.organisator.ch\/it\/author\/thomas-berner\/"}]}},"_links":{"self":[{"href":"https:\/\/www.organisator.ch\/it\/wp-json\/wp\/v2\/posts\/20110","targetHints":{"allow":["GET"]}}],"collection":[{"href":"https:\/\/www.organisator.ch\/it\/wp-json\/wp\/v2\/posts"}],"about":[{"href":"https:\/\/www.organisator.ch\/it\/wp-json\/wp\/v2\/types\/post"}],"author":[{"embeddable":true,"href":"https:\/\/www.organisator.ch\/it\/wp-json\/wp\/v2\/users\/4"}],"replies":[{"embeddable":true,"href":"https:\/\/www.organisator.ch\/it\/wp-json\/wp\/v2\/comments?post=20110"}],"version-history":[{"count":5,"href":"https:\/\/www.organisator.ch\/it\/wp-json\/wp\/v2\/posts\/20110\/revisions"}],"predecessor-version":[{"id":20202,"href":"https:\/\/www.organisator.ch\/it\/wp-json\/wp\/v2\/posts\/20110\/revisions\/20202"}],"wp:featuredmedia":[{"embeddable":true,"href":"https:\/\/www.organisator.ch\/it\/wp-json\/wp\/v2\/media\/20111"}],"wp:attachment":[{"href":"https:\/\/www.organisator.ch\/it\/wp-json\/wp\/v2\/media?parent=20110"}],"wp:term":[{"taxonomy":"category","embeddable":true,"href":"https:\/\/www.organisator.ch\/it\/wp-json\/wp\/v2\/categories?post=20110"},{"taxonomy":"post_tag","embeddable":true,"href":"https:\/\/www.organisator.ch\/it\/wp-json\/wp\/v2\/tags?post=20110"}],"curies":[{"name":"wp","href":"https:\/\/api.w.org\/{rel}","templated":true}]}}