{"id":20128,"date":"2023-05-11T15:07:51","date_gmt":"2023-05-11T13:07:51","guid":{"rendered":"https:\/\/www.m-q.ch\/?p=17962"},"modified":"2024-11-16T10:14:57","modified_gmt":"2024-11-16T09:14:57","slug":"die-bernexpo-groupe-erhaelt-die-iso-zertifizierung","status":"publish","type":"post","link":"https:\/\/www.organisator.ch\/it\/operational-excellence\/2023-05-11\/die-bernexpo-groupe-erhaelt-die-iso-zertifizierung\/","title":{"rendered":"Il Gruppo Bernexpo riceve la certificazione ISO"},"content":{"rendered":"<figure id=\"attachment_17963\" class=\"wp-caption alignnone\" style=\"width: 680px\" aria-describedby=\"caption-attachment-17963\"><img class=\"alignnone wp-image-17963 size-full\" src=\"https:\/\/www.m-q.ch\/wp-content\/uploads\/2023\/05\/Die-Bernexpo-Groupe-erhaelt-die-ISO-Zertifizierung_MQ.jpg\" alt=\"Bernexpo ISO-20121\" width=\"680\" height=\"510\" \/>\r\n<figcaption id=\"caption-attachment-17963\" class=\"wp-caption-text\">(da sinistra a destra) Eric Scheurer, Head of Construction &amp; Facility Management Bernexpo AG, Patrick Greber, Head of Purchasing Bernexpo AG, Tom Winter, CEO Bernexpo AG, Rolf Schwery, Executive Director acting responsibly AG, C\u00e9line Metzger, Management Support Bernexpo AG, Anja Thaler, Head of Sales, Marketing &amp; Administration Sportsgastro AG, Sandra Haussener, Head of Congress Catering Sportsgastro AG. Non presenti nella foto, ma significativamente coinvolti nel progetto sono: Florence Chevalley, Head of HR Bernexpo AG e Stefan Gygax, Project Manager Infrastructure Bernexpo AG. (Immagine: zvg\/BERNEXPO GROUPE)<\/figcaption>\r\n<\/figure>\r\n<p>L'ottenimento della certificazione ISO-20121 definisce i requisiti di un sistema di gestione della sostenibilit\u00e0 per gli eventi o le attivit\u00e0 ad essi correlate e fornisce indicazioni su come conformarsi a tali requisiti. Negli ultimi anni, Bernexpo Groupe ha lavorato intensamente sul tema della sostenibilit\u00e0 e ha esaminato l'obiettivo della certificazione ISO-20121. In questo periodo si sono tenute molte discussioni intense con i partner. L'argomento \u00e8 stato affrontato in dettaglio anche internamente. \"La certificazione ISO \u00e8 un passo importante nella giusta direzione. Con queste linee guida, viviamo la sostenibilit\u00e0 nel settore degli eventi e possiamo dimostrare che facciamo sul serio, soprattutto per quanto riguarda la nuova sala eventi e congressi di Berna\", afferma Tom Winter, CEO del gruppo di aziende.<\/p>\r\n<h3>Promozione di nuove partnership e sostenibilit\u00e0<\/h3>\r\n<p>Il certificato \u00e8 stato firmato da Rolf Schwery, direttore esecutivo di Acting Responsibly AG, e da Christoph Kamber, presidente dell'Associazione Expo Event Swiss LiveCom, e consegnato con una cerimonia a Bernexpo Groupe. Sia Acting Responsibly AG che l'Associazione Expo Event si impegnano attivamente per aumentare l'attenzione alla sostenibilit\u00e0 nel settore degli eventi.<\/p>\r\n<p>Con un concetto dettagliato, sono stati definiti vari obiettivi ambiziosi per i prossimi tre anni in diverse aree per migliorare la sostenibilit\u00e0. Questi includono i seguenti: Energia, Ristorazione e Rifiuti alimentari, Rifiuti e Riciclaggio, Consumo di risorse e Approvvigionamento, Inclusione, Diversit\u00e0 e Accessibilit\u00e0, Igiene e Pulizia, Costruzione e Smantellamento e Logistica, Condizioni di lavoro e Sicurezza. Come parte di questi obiettivi, il gruppo si augura anche di stringere nuove partnership e di promuovere la sostenibilit\u00e0 nel settore degli eventi, secondo un comunicato.<\/p>\r\n<h3>Altri progetti sono in corso<\/h3>\r\n<p>Oltre a ottenere la certificazione ISO 20121, il Bernexpo Groupe \u00e8 gi\u00e0 impegnato in molti altri settori e associazioni e punta a ulteriori progetti. Ad esempio, il gruppo di aziende \u00e8 membro dell'Alleanza per il risparmio energetico e partecipa a Sustainable Switzerland. Inoltre, l'azienda bernese \u00e8 coinvolta nella Piattaforma Clima e presto diventer\u00e0 anche membro di Swisstainable.<\/p>\r\n<p>Nei prossimi tre anni, Bernexpo Groupe fornir\u00e0 informazioni ancora pi\u00f9 approfondite sul tema della sostenibilit\u00e0 e si impegna a raggiungere i suoi obiettivi. L'azienda si vede chiaramente in un ruolo pionieristico, ringrazia tutte le persone coinvolte per l'aiuto e il sostegno fornito in questo processo e si augura di attuare le misure previste con i suoi partner nei prossimi anni.<\/p>\r\n<p><a href=\"http:\/\/www.bernexpo.ch\/\"><em>Fonte e ulteriori informazioni<\/em><\/a><\/p>\n<p class=\"syndicated-attribution\">Questo articolo \u00e8 apparso originariamente su m-q.ch - <a href=\"https:\/\/www.m-q.ch\/de\/die-bernexpo-groupe-erhaelt-die-iso-zertifizierung\/\" target=\"_blank\">https:\/\/www.m-q.ch\/de\/die-bernexpo-groupe-erhaelt-die-iso-zertifizierung\/<\/a><\/p>","protected":false},"excerpt":{"rendered":"<p>Dopo un intenso lavoro di preparazione, Bernexpo Groupe ha ottenuto la certificazione ISO 20121. Sono in cantiere altri progetti per dedicare in futuro ancora pi\u00f9 attenzione al tema della sostenibilit\u00e0.<\/p>","protected":false},"author":8,"featured_media":0,"comment_status":"closed","ping_status":"closed","sticky":false,"template":"","format":"standard","meta":{"_acf_changed":false,"_yoast_wpseo_focuskw":"Bernexpo ISO-20121","_yoast_wpseo_metadesc":"Bernexpo erh\u00e4lt ISO-20121-Zertifizierung. Nachhaltigkeitsmanagement und zuk\u00fcnftige Projekte im Fokus.","articlekey":"","footnotes":""},"categories":[582],"tags":[3775],"class_list":["post-20128","post","type-post","status-publish","format-standard","hentry","category-operational-excellence","tag-iso-20121"],"acf":[],"yoast_head":"<!-- This site is optimized with the Yoast SEO plugin v27.5 - https:\/\/yoast.com\/product\/yoast-seo-wordpress\/ -->\n<title>Die Bernexpo Groupe erh\u00e4lt die ISO-Zertifizierung - Organisator<\/title>\n<meta name=\"description\" content=\"Bernexpo erh\u00e4lt ISO-20121-Zertifizierung. Nachhaltigkeitsmanagement und zuk\u00fcnftige Projekte im Fokus.\" \/>\n<meta name=\"robots\" content=\"index, follow, max-snippet:-1, max-image-preview:large, max-video-preview:-1\" \/>\n<link rel=\"canonical\" href=\"https:\/\/www.organisator.ch\/it\/eccellenza-operativa\/2023-05-11\/die-bernexpo-groupe-erhaelt-die-iso-zertifizierung\/\" \/>\n<meta property=\"og:locale\" content=\"it_IT\" \/>\n<meta property=\"og:type\" content=\"article\" \/>\n<meta property=\"og:title\" content=\"Die Bernexpo Groupe erh\u00e4lt die ISO-Zertifizierung - Organisator\" \/>\n<meta property=\"og:description\" content=\"Bernexpo erh\u00e4lt ISO-20121-Zertifizierung. Nachhaltigkeitsmanagement und zuk\u00fcnftige Projekte im Fokus.\" \/>\n<meta property=\"og:url\" content=\"https:\/\/www.organisator.ch\/it\/eccellenza-operativa\/2023-05-11\/die-bernexpo-groupe-erhaelt-die-iso-zertifizierung\/\" \/>\n<meta property=\"og:site_name\" content=\"Organisator\" \/>\n<meta property=\"article:publisher\" content=\"https:\/\/www.facebook.com\/OrganisatorFachmagazin\" \/>\n<meta property=\"article:published_time\" content=\"2023-05-11T13:07:51+00:00\" \/>\n<meta property=\"article:modified_time\" content=\"2024-11-16T09:14:57+00:00\" \/>\n<meta name=\"author\" content=\"galledia\" \/>\n<meta name=\"twitter:card\" content=\"summary_large_image\" \/>\n<meta name=\"twitter:creator\" content=\"@admin\" \/>\n<script type=\"application\/ld+json\" class=\"yoast-schema-graph\">{\"@context\":\"https:\\\/\\\/schema.org\",\"@graph\":[{\"@type\":\"Article\",\"@id\":\"https:\\\/\\\/www.organisator.ch\\\/operational-excellence\\\/2023-05-11\\\/die-bernexpo-groupe-erhaelt-die-iso-zertifizierung\\\/#article\",\"isPartOf\":{\"@id\":\"https:\\\/\\\/www.organisator.ch\\\/operational-excellence\\\/2023-05-11\\\/die-bernexpo-groupe-erhaelt-die-iso-zertifizierung\\\/\"},\"author\":{\"name\":\"galledia\",\"@id\":\"https:\\\/\\\/www.organisator.ch\\\/#\\\/schema\\\/person\\\/4e51799071cd2dd1232ac003643ef5f0\"},\"headline\":\"Die Bernexpo Groupe erh\u00e4lt die ISO-Zertifizierung\",\"datePublished\":\"2023-05-11T13:07:51+00:00\",\"dateModified\":\"2024-11-16T09:14:57+00:00\",\"mainEntityOfPage\":{\"@id\":\"https:\\\/\\\/www.organisator.ch\\\/operational-excellence\\\/2023-05-11\\\/die-bernexpo-groupe-erhaelt-die-iso-zertifizierung\\\/\"},\"wordCount\":479,\"publisher\":{\"@id\":\"https:\\\/\\\/www.organisator.ch\\\/#organization\"},\"image\":{\"@id\":\"https:\\\/\\\/www.organisator.ch\\\/operational-excellence\\\/2023-05-11\\\/die-bernexpo-groupe-erhaelt-die-iso-zertifizierung\\\/#primaryimage\"},\"thumbnailUrl\":\"https:\\\/\\\/www.m-q.ch\\\/wp-content\\\/uploads\\\/2023\\\/05\\\/Die-Bernexpo-Groupe-erhaelt-die-ISO-Zertifizierung_MQ.jpg\",\"keywords\":[\"ISO 20121\"],\"articleSection\":[\"OPERATIONAL EXCELLENCE\"],\"inLanguage\":\"it-IT\"},{\"@type\":\"WebPage\",\"@id\":\"https:\\\/\\\/www.organisator.ch\\\/operational-excellence\\\/2023-05-11\\\/die-bernexpo-groupe-erhaelt-die-iso-zertifizierung\\\/\",\"url\":\"https:\\\/\\\/www.organisator.ch\\\/operational-excellence\\\/2023-05-11\\\/die-bernexpo-groupe-erhaelt-die-iso-zertifizierung\\\/\",\"name\":\"Die Bernexpo Groupe erh\u00e4lt die ISO-Zertifizierung - Organisator\",\"isPartOf\":{\"@id\":\"https:\\\/\\\/www.organisator.ch\\\/#website\"},\"primaryImageOfPage\":{\"@id\":\"https:\\\/\\\/www.organisator.ch\\\/operational-excellence\\\/2023-05-11\\\/die-bernexpo-groupe-erhaelt-die-iso-zertifizierung\\\/#primaryimage\"},\"image\":{\"@id\":\"https:\\\/\\\/www.organisator.ch\\\/operational-excellence\\\/2023-05-11\\\/die-bernexpo-groupe-erhaelt-die-iso-zertifizierung\\\/#primaryimage\"},\"thumbnailUrl\":\"https:\\\/\\\/www.m-q.ch\\\/wp-content\\\/uploads\\\/2023\\\/05\\\/Die-Bernexpo-Groupe-erhaelt-die-ISO-Zertifizierung_MQ.jpg\",\"datePublished\":\"2023-05-11T13:07:51+00:00\",\"dateModified\":\"2024-11-16T09:14:57+00:00\",\"description\":\"Bernexpo erh\u00e4lt ISO-20121-Zertifizierung. Nachhaltigkeitsmanagement und zuk\u00fcnftige Projekte im Fokus.\",\"breadcrumb\":{\"@id\":\"https:\\\/\\\/www.organisator.ch\\\/operational-excellence\\\/2023-05-11\\\/die-bernexpo-groupe-erhaelt-die-iso-zertifizierung\\\/#breadcrumb\"},\"inLanguage\":\"it-IT\",\"potentialAction\":[{\"@type\":\"ReadAction\",\"target\":[\"https:\\\/\\\/www.organisator.ch\\\/operational-excellence\\\/2023-05-11\\\/die-bernexpo-groupe-erhaelt-die-iso-zertifizierung\\\/\"]}]},{\"@type\":\"ImageObject\",\"inLanguage\":\"it-IT\",\"@id\":\"https:\\\/\\\/www.organisator.ch\\\/operational-excellence\\\/2023-05-11\\\/die-bernexpo-groupe-erhaelt-die-iso-zertifizierung\\\/#primaryimage\",\"url\":\"https:\\\/\\\/www.m-q.ch\\\/wp-content\\\/uploads\\\/2023\\\/05\\\/Die-Bernexpo-Groupe-erhaelt-die-ISO-Zertifizierung_MQ.jpg\",\"contentUrl\":\"https:\\\/\\\/www.m-q.ch\\\/wp-content\\\/uploads\\\/2023\\\/05\\\/Die-Bernexpo-Groupe-erhaelt-die-ISO-Zertifizierung_MQ.jpg\"},{\"@type\":\"BreadcrumbList\",\"@id\":\"https:\\\/\\\/www.organisator.ch\\\/operational-excellence\\\/2023-05-11\\\/die-bernexpo-groupe-erhaelt-die-iso-zertifizierung\\\/#breadcrumb\",\"itemListElement\":[{\"@type\":\"ListItem\",\"position\":1,\"name\":\"Home\",\"item\":\"https:\\\/\\\/www.organisator.ch\\\/\"},{\"@type\":\"ListItem\",\"position\":2,\"name\":\"Die Bernexpo Groupe erh\u00e4lt die ISO-Zertifizierung\"}]},{\"@type\":\"WebSite\",\"@id\":\"https:\\\/\\\/www.organisator.ch\\\/#website\",\"url\":\"https:\\\/\\\/www.organisator.ch\\\/\",\"name\":\"Organisator\",\"description\":\"Kompetent. Praxisnah. Der ORGANISATOR bereitet in 10 Ausgaben pro Jahr die wesentlichen Themen f\u00fcr F\u00fchrungskr\u00e4fte von KMU auf.\",\"publisher\":{\"@id\":\"https:\\\/\\\/www.organisator.ch\\\/#organization\"},\"potentialAction\":[{\"@type\":\"SearchAction\",\"target\":{\"@type\":\"EntryPoint\",\"urlTemplate\":\"https:\\\/\\\/www.organisator.ch\\\/?s={search_term_string}\"},\"query-input\":{\"@type\":\"PropertyValueSpecification\",\"valueRequired\":true,\"valueName\":\"search_term_string\"}}],\"inLanguage\":\"it-IT\"},{\"@type\":\"Organization\",\"@id\":\"https:\\\/\\\/www.organisator.ch\\\/#organization\",\"name\":\"Organisator\",\"url\":\"https:\\\/\\\/www.organisator.ch\\\/\",\"logo\":{\"@type\":\"ImageObject\",\"inLanguage\":\"it-IT\",\"@id\":\"https:\\\/\\\/www.organisator.ch\\\/#\\\/schema\\\/logo\\\/image\\\/\",\"url\":\"https:\\\/\\\/www.organisator.ch\\\/wp-content\\\/uploads\\\/2022\\\/01\\\/Logo_Organisator_Website.png\",\"contentUrl\":\"https:\\\/\\\/www.organisator.ch\\\/wp-content\\\/uploads\\\/2022\\\/01\\\/Logo_Organisator_Website.png\",\"width\":800,\"height\":77,\"caption\":\"Organisator\"},\"image\":{\"@id\":\"https:\\\/\\\/www.organisator.ch\\\/#\\\/schema\\\/logo\\\/image\\\/\"},\"sameAs\":[\"https:\\\/\\\/www.facebook.com\\\/OrganisatorFachmagazin\",\"https:\\\/\\\/www.linkedin.com\\\/showcase\\\/organisator-das-magazin-fr-kmu\",\"https:\\\/\\\/www.xing.com\\\/news\\\/pages\\\/organisator-ch-695\",\"https:\\\/\\\/www.youtube.com\\\/channel\\\/UCGP2Sq0iWaZwT3BdIAQFYpw\"]},{\"@type\":\"Person\",\"@id\":\"https:\\\/\\\/www.organisator.ch\\\/#\\\/schema\\\/person\\\/4e51799071cd2dd1232ac003643ef5f0\",\"name\":\"galledia\",\"image\":{\"@type\":\"ImageObject\",\"inLanguage\":\"it-IT\",\"@id\":\"https:\\\/\\\/secure.gravatar.com\\\/avatar\\\/78a7f90c01fc2bfc875782a0d4922b37cde2cf184ce347b91316d23cd7f69a36?s=96&d=mm&r=g\",\"url\":\"https:\\\/\\\/secure.gravatar.com\\\/avatar\\\/78a7f90c01fc2bfc875782a0d4922b37cde2cf184ce347b91316d23cd7f69a36?s=96&d=mm&r=g\",\"contentUrl\":\"https:\\\/\\\/secure.gravatar.com\\\/avatar\\\/78a7f90c01fc2bfc875782a0d4922b37cde2cf184ce347b91316d23cd7f69a36?s=96&d=mm&r=g\",\"caption\":\"galledia\"},\"sameAs\":[\"https:\\\/\\\/x.com\\\/admin\"],\"url\":\"https:\\\/\\\/www.organisator.ch\\\/it\\\/author\\\/galledia\\\/\"}]}<\/script>\n<!-- \/ Yoast SEO plugin. -->","yoast_head_json":{"title":"Il Gruppo Bernexpo riceve la certificazione ISO - Organizzatore","description":"Bernexpo riceve la certificazione ISO 20121. Focus sulla gestione della sostenibilit\u00e0 e sui progetti futuri.","robots":{"index":"index","follow":"follow","max-snippet":"max-snippet:-1","max-image-preview":"max-image-preview:large","max-video-preview":"max-video-preview:-1"},"canonical":"https:\/\/www.organisator.ch\/it\/eccellenza-operativa\/2023-05-11\/die-bernexpo-groupe-erhaelt-die-iso-zertifizierung\/","og_locale":"it_IT","og_type":"article","og_title":"Die Bernexpo Groupe erh\u00e4lt die ISO-Zertifizierung - Organisator","og_description":"Bernexpo erh\u00e4lt ISO-20121-Zertifizierung. Nachhaltigkeitsmanagement und zuk\u00fcnftige Projekte im Fokus.","og_url":"https:\/\/www.organisator.ch\/it\/eccellenza-operativa\/2023-05-11\/die-bernexpo-groupe-erhaelt-die-iso-zertifizierung\/","og_site_name":"Organisator","article_publisher":"https:\/\/www.facebook.com\/OrganisatorFachmagazin","article_published_time":"2023-05-11T13:07:51+00:00","article_modified_time":"2024-11-16T09:14:57+00:00","author":"galledia","twitter_card":"summary_large_image","twitter_creator":"@admin","schema":{"@context":"https:\/\/schema.org","@graph":[{"@type":"Article","@id":"https:\/\/www.organisator.ch\/operational-excellence\/2023-05-11\/die-bernexpo-groupe-erhaelt-die-iso-zertifizierung\/#article","isPartOf":{"@id":"https:\/\/www.organisator.ch\/operational-excellence\/2023-05-11\/die-bernexpo-groupe-erhaelt-die-iso-zertifizierung\/"},"author":{"name":"galledia","@id":"https:\/\/www.organisator.ch\/#\/schema\/person\/4e51799071cd2dd1232ac003643ef5f0"},"headline":"Die Bernexpo Groupe erh\u00e4lt die ISO-Zertifizierung","datePublished":"2023-05-11T13:07:51+00:00","dateModified":"2024-11-16T09:14:57+00:00","mainEntityOfPage":{"@id":"https:\/\/www.organisator.ch\/operational-excellence\/2023-05-11\/die-bernexpo-groupe-erhaelt-die-iso-zertifizierung\/"},"wordCount":479,"publisher":{"@id":"https:\/\/www.organisator.ch\/#organization"},"image":{"@id":"https:\/\/www.organisator.ch\/operational-excellence\/2023-05-11\/die-bernexpo-groupe-erhaelt-die-iso-zertifizierung\/#primaryimage"},"thumbnailUrl":"https:\/\/www.m-q.ch\/wp-content\/uploads\/2023\/05\/Die-Bernexpo-Groupe-erhaelt-die-ISO-Zertifizierung_MQ.jpg","keywords":["ISO 20121"],"articleSection":["OPERATIONAL EXCELLENCE"],"inLanguage":"it-IT"},{"@type":"WebPage","@id":"https:\/\/www.organisator.ch\/operational-excellence\/2023-05-11\/die-bernexpo-groupe-erhaelt-die-iso-zertifizierung\/","url":"https:\/\/www.organisator.ch\/operational-excellence\/2023-05-11\/die-bernexpo-groupe-erhaelt-die-iso-zertifizierung\/","name":"Il Gruppo Bernexpo riceve la certificazione ISO - Organizzatore","isPartOf":{"@id":"https:\/\/www.organisator.ch\/#website"},"primaryImageOfPage":{"@id":"https:\/\/www.organisator.ch\/operational-excellence\/2023-05-11\/die-bernexpo-groupe-erhaelt-die-iso-zertifizierung\/#primaryimage"},"image":{"@id":"https:\/\/www.organisator.ch\/operational-excellence\/2023-05-11\/die-bernexpo-groupe-erhaelt-die-iso-zertifizierung\/#primaryimage"},"thumbnailUrl":"https:\/\/www.m-q.ch\/wp-content\/uploads\/2023\/05\/Die-Bernexpo-Groupe-erhaelt-die-ISO-Zertifizierung_MQ.jpg","datePublished":"2023-05-11T13:07:51+00:00","dateModified":"2024-11-16T09:14:57+00:00","description":"Bernexpo riceve la certificazione ISO 20121. Focus sulla gestione della sostenibilit\u00e0 e sui progetti futuri.","breadcrumb":{"@id":"https:\/\/www.organisator.ch\/operational-excellence\/2023-05-11\/die-bernexpo-groupe-erhaelt-die-iso-zertifizierung\/#breadcrumb"},"inLanguage":"it-IT","potentialAction":[{"@type":"ReadAction","target":["https:\/\/www.organisator.ch\/operational-excellence\/2023-05-11\/die-bernexpo-groupe-erhaelt-die-iso-zertifizierung\/"]}]},{"@type":"ImageObject","inLanguage":"it-IT","@id":"https:\/\/www.organisator.ch\/operational-excellence\/2023-05-11\/die-bernexpo-groupe-erhaelt-die-iso-zertifizierung\/#primaryimage","url":"https:\/\/www.m-q.ch\/wp-content\/uploads\/2023\/05\/Die-Bernexpo-Groupe-erhaelt-die-ISO-Zertifizierung_MQ.jpg","contentUrl":"https:\/\/www.m-q.ch\/wp-content\/uploads\/2023\/05\/Die-Bernexpo-Groupe-erhaelt-die-ISO-Zertifizierung_MQ.jpg"},{"@type":"BreadcrumbList","@id":"https:\/\/www.organisator.ch\/operational-excellence\/2023-05-11\/die-bernexpo-groupe-erhaelt-die-iso-zertifizierung\/#breadcrumb","itemListElement":[{"@type":"ListItem","position":1,"name":"Home","item":"https:\/\/www.organisator.ch\/"},{"@type":"ListItem","position":2,"name":"Die Bernexpo Groupe erh\u00e4lt die ISO-Zertifizierung"}]},{"@type":"WebSite","@id":"https:\/\/www.organisator.ch\/#website","url":"https:\/\/www.organisator.ch\/","name":"Organizzatore","description":"Competente. Pratico. In 10 numeri all'anno, ORGANISATOR presenta i temi essenziali per i manager delle PMI.","publisher":{"@id":"https:\/\/www.organisator.ch\/#organization"},"potentialAction":[{"@type":"SearchAction","target":{"@type":"EntryPoint","urlTemplate":"https:\/\/www.organisator.ch\/?s={search_term_string}"},"query-input":{"@type":"PropertyValueSpecification","valueRequired":true,"valueName":"search_term_string"}}],"inLanguage":"it-IT"},{"@type":"Organization","@id":"https:\/\/www.organisator.ch\/#organization","name":"Organizzatore","url":"https:\/\/www.organisator.ch\/","logo":{"@type":"ImageObject","inLanguage":"it-IT","@id":"https:\/\/www.organisator.ch\/#\/schema\/logo\/image\/","url":"https:\/\/www.organisator.ch\/wp-content\/uploads\/2022\/01\/Logo_Organisator_Website.png","contentUrl":"https:\/\/www.organisator.ch\/wp-content\/uploads\/2022\/01\/Logo_Organisator_Website.png","width":800,"height":77,"caption":"Organisator"},"image":{"@id":"https:\/\/www.organisator.ch\/#\/schema\/logo\/image\/"},"sameAs":["https:\/\/www.facebook.com\/OrganisatorFachmagazin","https:\/\/www.linkedin.com\/showcase\/organisator-das-magazin-fr-kmu","https:\/\/www.xing.com\/news\/pages\/organisator-ch-695","https:\/\/www.youtube.com\/channel\/UCGP2Sq0iWaZwT3BdIAQFYpw"]},{"@type":"Person","@id":"https:\/\/www.organisator.ch\/#\/schema\/person\/4e51799071cd2dd1232ac003643ef5f0","name":"galledia","image":{"@type":"ImageObject","inLanguage":"it-IT","@id":"https:\/\/secure.gravatar.com\/avatar\/78a7f90c01fc2bfc875782a0d4922b37cde2cf184ce347b91316d23cd7f69a36?s=96&d=mm&r=g","url":"https:\/\/secure.gravatar.com\/avatar\/78a7f90c01fc2bfc875782a0d4922b37cde2cf184ce347b91316d23cd7f69a36?s=96&d=mm&r=g","contentUrl":"https:\/\/secure.gravatar.com\/avatar\/78a7f90c01fc2bfc875782a0d4922b37cde2cf184ce347b91316d23cd7f69a36?s=96&d=mm&r=g","caption":"galledia"},"sameAs":["https:\/\/x.com\/admin"],"url":"https:\/\/www.organisator.ch\/it\/author\/galledia\/"}]}},"_links":{"self":[{"href":"https:\/\/www.organisator.ch\/it\/wp-json\/wp\/v2\/posts\/20128","targetHints":{"allow":["GET"]}}],"collection":[{"href":"https:\/\/www.organisator.ch\/it\/wp-json\/wp\/v2\/posts"}],"about":[{"href":"https:\/\/www.organisator.ch\/it\/wp-json\/wp\/v2\/types\/post"}],"author":[{"embeddable":true,"href":"https:\/\/www.organisator.ch\/it\/wp-json\/wp\/v2\/users\/8"}],"replies":[{"embeddable":true,"href":"https:\/\/www.organisator.ch\/it\/wp-json\/wp\/v2\/comments?post=20128"}],"version-history":[{"count":4,"href":"https:\/\/www.organisator.ch\/it\/wp-json\/wp\/v2\/posts\/20128\/revisions"}],"predecessor-version":[{"id":33152,"href":"https:\/\/www.organisator.ch\/it\/wp-json\/wp\/v2\/posts\/20128\/revisions\/33152"}],"wp:attachment":[{"href":"https:\/\/www.organisator.ch\/it\/wp-json\/wp\/v2\/media?parent=20128"}],"wp:term":[{"taxonomy":"category","embeddable":true,"href":"https:\/\/www.organisator.ch\/it\/wp-json\/wp\/v2\/categories?post=20128"},{"taxonomy":"post_tag","embeddable":true,"href":"https:\/\/www.organisator.ch\/it\/wp-json\/wp\/v2\/tags?post=20128"}],"curies":[{"name":"wp","href":"https:\/\/api.w.org\/{rel}","templated":true}]}}