{"id":20154,"date":"2023-05-15T13:00:33","date_gmt":"2023-05-15T11:00:33","guid":{"rendered":"https:\/\/www.m-q.ch\/?p=17975"},"modified":"2024-11-16T08:56:06","modified_gmt":"2024-11-16T07:56:06","slug":"veranstaltungshinweis-compliance-days-2023","status":"publish","type":"post","link":"https:\/\/www.organisator.ch\/it\/operational-excellence\/2023-05-15\/veranstaltungshinweis-compliance-days-2023\/","title":{"rendered":"Informazioni sull'evento: Giorni della conformit\u00e0 2023"},"content":{"rendered":"<figure id=\"attachment_17976\" class=\"wp-caption alignnone\" style=\"width: 680px\" aria-describedby=\"caption-attachment-17976\"><img class=\"alignnone wp-image-17976 size-full\" src=\"https:\/\/www.m-q.ch\/wp-content\/uploads\/2023\/05\/Veranstaltungshinweis-Compliance-Days-2023_MQ.jpg\" alt=\"Giornate di conformit\u00e0 alla sostenibilit\u00e0\" width=\"680\" height=\"440\" \/>\r\n<figcaption id=\"caption-attachment-17976\" class=\"wp-caption-text\">Relatore ospite ai Compliance Days 2023 di domeba: Wiebke Merbeth. (Immagine: zVg \/ Wiebke Merbeth)<\/figcaption>\r\n<\/figure>\r\n<p>Il tema della sostenibilit\u00e0 non \u00e8 mai stato cos\u00ec esplosivo nelle aziende: per alcune \u00e8 un fatto scontato, per altre \u00e8 un vincolo normativo. Chi ricopre ruoli di responsabilit\u00e0 deve quindi ampliare sempre di pi\u00f9 gli aspetti di sostenibilit\u00e0 delle proprie attivit\u00e0 commerciali, includendovi questioni sociali, ecologiche ed etiche.<\/p>\r\n<h3>Focus sui temi della sostenibilit\u00e0<\/h3>\r\n<p>Wiebke Merbeth, partner della societ\u00e0 di consulenza strategica Deloitte e membro del Comitato consultivo per la finanza sostenibile del governo tedesco, ritiene che sia un chiaro dovere delle aziende adempiere in misura maggiore alla propria responsabilit\u00e0 sociale. A suo avviso, le misure concrete di sostenibilit\u00e0 devono partire gi\u00e0 ora dal management aziendale: \"Se prendiamo troppo tempo, la trasformazione diventer\u00e0 sempre pi\u00f9 costosa, anche perch\u00e9 gli altri Paesi industrializzati ci supereranno\".<\/p>\r\n<p>Wiebke Merbeth approfondir\u00e0 la gestione aziendale dal punto di vista della sostenibilit\u00e0 in occasione del forum internazionale \"Compliance Days\" organizzato da domeba. Nella conferenza \"La sostenibilit\u00e0 come nuova spina dorsale dell'economia tedesca\" del 15 giugno, Wiebke Merbeth condivider\u00e0 con le aziende partecipanti le sue esperienze di consulenza al governo tedesco.<\/p>\r\n<p>Uno degli obiettivi della piattaforma di networking e di conferenze \u00e8 quello di creare una maggiore consapevolezza dei problemi di sostenibilit\u00e0 a livello imprenditoriale. Con la soluzione software iManSys dell'azienda di Chemnitz domeba, \u00e8 possibile mappare digitalmente le misure di conformit\u00e0 necessarie a tal fine. L'evento si concentrer\u00e0 anche sulla presentazione di soluzioni concrete da implementare in azienda.<\/p>\r\n<h3>Per saperne di pi\u00f9 sulla gestione della conformit\u00e0<\/h3>\r\n<p>I Compliance Days sono rivolti agli utenti esistenti e potenziali di iManSys di tutti i settori e dimensioni aziendali. Si svolgeranno dal 13 al 15 giugno presso il Seaside Park Hotel di Lipsia. In diversi workshop e showroom, i partecipanti potranno informarsi e scambiare informazioni, ad esempio, sull'implementazione digitale della valutazione dei rischi, sulla gestione delle sostanze pericolose e sull'organizzazione delle istruzioni e delle precauzioni. Saranno rappresentati, tra gli altri, l'Istituto di Sanit\u00e0 della citt\u00e0 di Essen, l'Autobahn GmbH del Governo Federale e il DKMS Life Science Lab gGmbH.<\/p>\r\n<p>Matthias Domes, amministratore delegato di domeba, spiega: \"Da 25 anni ci occupiamo dei temi che compongono una gestione della compliance completa e sostenibile. Ma mai come quest'anno sono stati cos\u00ec attuali. Lo dimostra anche la grande richiesta dei punti del programma dei nostri Compliance Days e del keynote di Wiebke Merbeth.\"<\/p>\r\n<p><a href=\"http:\/\/www.compliance-days.com\/\"><em>Ulteriori informazioni<\/em><\/a><\/p>\n<p class=\"syndicated-attribution\">Questo articolo \u00e8 apparso originariamente su m-q.ch - <a href=\"https:\/\/www.m-q.ch\/de\/veranstaltungshinweis-compliance-days-2023\/\" target=\"_blank\">https:\/\/www.m-q.ch\/de\/veranstaltungshinweis-compliance-days-2023\/<\/a><\/p>","protected":false},"excerpt":{"rendered":"<p>Il fornitore di software per la gestione della compliance domeba invita le aziende a un forum internazionale sulla compliance che si terr\u00e0 a Lipsia dal 13 al 15 giugno. Il momento clou dell'evento sar\u00e0 il discorso di Wiebke Merbeth sul tema della sostenibilit\u00e0 nella politica dei mercati finanziari. Altri punti focali dei Compliance Days sono la tutela della salute, la sicurezza sul lavoro, la qualit\u00e0 e la gestione del rischio nelle aziende.<\/p>","protected":false},"author":8,"featured_media":0,"comment_status":"closed","ping_status":"closed","sticky":false,"template":"","format":"standard","meta":{"_acf_changed":false,"_yoast_wpseo_focuskw":"Nachhaltigkeit Compliance Days","_yoast_wpseo_metadesc":"Compliance Days 2023: Nachhaltigkeit als R\u00fcckgrat der deutschen Wirtschaft. Keynote von Wiebke Merbeth.","articlekey":"","footnotes":""},"categories":[582],"tags":[],"class_list":["post-20154","post","type-post","status-publish","format-standard","hentry","category-operational-excellence"],"acf":[],"yoast_head":"<!-- This site is optimized with the Yoast SEO plugin v27.5 - https:\/\/yoast.com\/product\/yoast-seo-wordpress\/ -->\n<title>Veranstaltungshinweis: Compliance Days 2023 - Organisator<\/title>\n<meta name=\"description\" content=\"Compliance Days 2023: Nachhaltigkeit als R\u00fcckgrat der deutschen Wirtschaft. Keynote von Wiebke Merbeth.\" \/>\n<meta name=\"robots\" content=\"index, follow, max-snippet:-1, max-image-preview:large, max-video-preview:-1\" \/>\n<link rel=\"canonical\" href=\"https:\/\/www.organisator.ch\/it\/eccellenza-operativa\/2023-05-15\/veranstaltungshinweis-compliance-days-2023\/\" \/>\n<meta property=\"og:locale\" content=\"it_IT\" \/>\n<meta property=\"og:type\" content=\"article\" \/>\n<meta property=\"og:title\" content=\"Veranstaltungshinweis: Compliance Days 2023 - Organisator\" \/>\n<meta property=\"og:description\" content=\"Compliance Days 2023: Nachhaltigkeit als R\u00fcckgrat der deutschen Wirtschaft. Keynote von Wiebke Merbeth.\" \/>\n<meta property=\"og:url\" content=\"https:\/\/www.organisator.ch\/it\/eccellenza-operativa\/2023-05-15\/veranstaltungshinweis-compliance-days-2023\/\" \/>\n<meta property=\"og:site_name\" content=\"Organisator\" \/>\n<meta property=\"article:publisher\" content=\"https:\/\/www.facebook.com\/OrganisatorFachmagazin\" \/>\n<meta property=\"article:published_time\" content=\"2023-05-15T11:00:33+00:00\" \/>\n<meta property=\"article:modified_time\" content=\"2024-11-16T07:56:06+00:00\" \/>\n<meta name=\"author\" content=\"galledia\" \/>\n<meta name=\"twitter:card\" content=\"summary_large_image\" \/>\n<meta name=\"twitter:creator\" content=\"@admin\" \/>\n<script type=\"application\/ld+json\" class=\"yoast-schema-graph\">{\"@context\":\"https:\\\/\\\/schema.org\",\"@graph\":[{\"@type\":\"Article\",\"@id\":\"https:\\\/\\\/www.organisator.ch\\\/operational-excellence\\\/2023-05-15\\\/veranstaltungshinweis-compliance-days-2023\\\/#article\",\"isPartOf\":{\"@id\":\"https:\\\/\\\/www.organisator.ch\\\/operational-excellence\\\/2023-05-15\\\/veranstaltungshinweis-compliance-days-2023\\\/\"},\"author\":{\"name\":\"galledia\",\"@id\":\"https:\\\/\\\/www.organisator.ch\\\/#\\\/schema\\\/person\\\/4e51799071cd2dd1232ac003643ef5f0\"},\"headline\":\"Veranstaltungshinweis: Compliance Days 2023\",\"datePublished\":\"2023-05-15T11:00:33+00:00\",\"dateModified\":\"2024-11-16T07:56:06+00:00\",\"mainEntityOfPage\":{\"@id\":\"https:\\\/\\\/www.organisator.ch\\\/operational-excellence\\\/2023-05-15\\\/veranstaltungshinweis-compliance-days-2023\\\/\"},\"wordCount\":370,\"publisher\":{\"@id\":\"https:\\\/\\\/www.organisator.ch\\\/#organization\"},\"image\":{\"@id\":\"https:\\\/\\\/www.organisator.ch\\\/operational-excellence\\\/2023-05-15\\\/veranstaltungshinweis-compliance-days-2023\\\/#primaryimage\"},\"thumbnailUrl\":\"https:\\\/\\\/www.m-q.ch\\\/wp-content\\\/uploads\\\/2023\\\/05\\\/Veranstaltungshinweis-Compliance-Days-2023_MQ.jpg\",\"articleSection\":[\"OPERATIONAL EXCELLENCE\"],\"inLanguage\":\"it-IT\"},{\"@type\":\"WebPage\",\"@id\":\"https:\\\/\\\/www.organisator.ch\\\/operational-excellence\\\/2023-05-15\\\/veranstaltungshinweis-compliance-days-2023\\\/\",\"url\":\"https:\\\/\\\/www.organisator.ch\\\/operational-excellence\\\/2023-05-15\\\/veranstaltungshinweis-compliance-days-2023\\\/\",\"name\":\"Veranstaltungshinweis: Compliance Days 2023 - Organisator\",\"isPartOf\":{\"@id\":\"https:\\\/\\\/www.organisator.ch\\\/#website\"},\"primaryImageOfPage\":{\"@id\":\"https:\\\/\\\/www.organisator.ch\\\/operational-excellence\\\/2023-05-15\\\/veranstaltungshinweis-compliance-days-2023\\\/#primaryimage\"},\"image\":{\"@id\":\"https:\\\/\\\/www.organisator.ch\\\/operational-excellence\\\/2023-05-15\\\/veranstaltungshinweis-compliance-days-2023\\\/#primaryimage\"},\"thumbnailUrl\":\"https:\\\/\\\/www.m-q.ch\\\/wp-content\\\/uploads\\\/2023\\\/05\\\/Veranstaltungshinweis-Compliance-Days-2023_MQ.jpg\",\"datePublished\":\"2023-05-15T11:00:33+00:00\",\"dateModified\":\"2024-11-16T07:56:06+00:00\",\"description\":\"Compliance Days 2023: Nachhaltigkeit als R\u00fcckgrat der deutschen Wirtschaft. Keynote von Wiebke Merbeth.\",\"breadcrumb\":{\"@id\":\"https:\\\/\\\/www.organisator.ch\\\/operational-excellence\\\/2023-05-15\\\/veranstaltungshinweis-compliance-days-2023\\\/#breadcrumb\"},\"inLanguage\":\"it-IT\",\"potentialAction\":[{\"@type\":\"ReadAction\",\"target\":[\"https:\\\/\\\/www.organisator.ch\\\/operational-excellence\\\/2023-05-15\\\/veranstaltungshinweis-compliance-days-2023\\\/\"]}]},{\"@type\":\"ImageObject\",\"inLanguage\":\"it-IT\",\"@id\":\"https:\\\/\\\/www.organisator.ch\\\/operational-excellence\\\/2023-05-15\\\/veranstaltungshinweis-compliance-days-2023\\\/#primaryimage\",\"url\":\"https:\\\/\\\/www.m-q.ch\\\/wp-content\\\/uploads\\\/2023\\\/05\\\/Veranstaltungshinweis-Compliance-Days-2023_MQ.jpg\",\"contentUrl\":\"https:\\\/\\\/www.m-q.ch\\\/wp-content\\\/uploads\\\/2023\\\/05\\\/Veranstaltungshinweis-Compliance-Days-2023_MQ.jpg\"},{\"@type\":\"BreadcrumbList\",\"@id\":\"https:\\\/\\\/www.organisator.ch\\\/operational-excellence\\\/2023-05-15\\\/veranstaltungshinweis-compliance-days-2023\\\/#breadcrumb\",\"itemListElement\":[{\"@type\":\"ListItem\",\"position\":1,\"name\":\"Home\",\"item\":\"https:\\\/\\\/www.organisator.ch\\\/\"},{\"@type\":\"ListItem\",\"position\":2,\"name\":\"Veranstaltungshinweis: Compliance Days 2023\"}]},{\"@type\":\"WebSite\",\"@id\":\"https:\\\/\\\/www.organisator.ch\\\/#website\",\"url\":\"https:\\\/\\\/www.organisator.ch\\\/\",\"name\":\"Organisator\",\"description\":\"Kompetent. Praxisnah. Der ORGANISATOR bereitet in 10 Ausgaben pro Jahr die wesentlichen Themen f\u00fcr F\u00fchrungskr\u00e4fte von KMU auf.\",\"publisher\":{\"@id\":\"https:\\\/\\\/www.organisator.ch\\\/#organization\"},\"potentialAction\":[{\"@type\":\"SearchAction\",\"target\":{\"@type\":\"EntryPoint\",\"urlTemplate\":\"https:\\\/\\\/www.organisator.ch\\\/?s={search_term_string}\"},\"query-input\":{\"@type\":\"PropertyValueSpecification\",\"valueRequired\":true,\"valueName\":\"search_term_string\"}}],\"inLanguage\":\"it-IT\"},{\"@type\":\"Organization\",\"@id\":\"https:\\\/\\\/www.organisator.ch\\\/#organization\",\"name\":\"Organisator\",\"url\":\"https:\\\/\\\/www.organisator.ch\\\/\",\"logo\":{\"@type\":\"ImageObject\",\"inLanguage\":\"it-IT\",\"@id\":\"https:\\\/\\\/www.organisator.ch\\\/#\\\/schema\\\/logo\\\/image\\\/\",\"url\":\"https:\\\/\\\/www.organisator.ch\\\/wp-content\\\/uploads\\\/2022\\\/01\\\/Logo_Organisator_Website.png\",\"contentUrl\":\"https:\\\/\\\/www.organisator.ch\\\/wp-content\\\/uploads\\\/2022\\\/01\\\/Logo_Organisator_Website.png\",\"width\":800,\"height\":77,\"caption\":\"Organisator\"},\"image\":{\"@id\":\"https:\\\/\\\/www.organisator.ch\\\/#\\\/schema\\\/logo\\\/image\\\/\"},\"sameAs\":[\"https:\\\/\\\/www.facebook.com\\\/OrganisatorFachmagazin\",\"https:\\\/\\\/www.linkedin.com\\\/showcase\\\/organisator-das-magazin-fr-kmu\",\"https:\\\/\\\/www.xing.com\\\/news\\\/pages\\\/organisator-ch-695\",\"https:\\\/\\\/www.youtube.com\\\/channel\\\/UCGP2Sq0iWaZwT3BdIAQFYpw\"]},{\"@type\":\"Person\",\"@id\":\"https:\\\/\\\/www.organisator.ch\\\/#\\\/schema\\\/person\\\/4e51799071cd2dd1232ac003643ef5f0\",\"name\":\"galledia\",\"image\":{\"@type\":\"ImageObject\",\"inLanguage\":\"it-IT\",\"@id\":\"https:\\\/\\\/secure.gravatar.com\\\/avatar\\\/78a7f90c01fc2bfc875782a0d4922b37cde2cf184ce347b91316d23cd7f69a36?s=96&d=mm&r=g\",\"url\":\"https:\\\/\\\/secure.gravatar.com\\\/avatar\\\/78a7f90c01fc2bfc875782a0d4922b37cde2cf184ce347b91316d23cd7f69a36?s=96&d=mm&r=g\",\"contentUrl\":\"https:\\\/\\\/secure.gravatar.com\\\/avatar\\\/78a7f90c01fc2bfc875782a0d4922b37cde2cf184ce347b91316d23cd7f69a36?s=96&d=mm&r=g\",\"caption\":\"galledia\"},\"sameAs\":[\"https:\\\/\\\/x.com\\\/admin\"],\"url\":\"https:\\\/\\\/www.organisator.ch\\\/it\\\/author\\\/galledia\\\/\"}]}<\/script>\n<!-- \/ Yoast SEO plugin. -->","yoast_head_json":{"title":"Informazioni sull'evento: Compliance Days 2023 - Organizzatore","description":"I giorni della conformit\u00e0 2023: La sostenibilit\u00e0 come spina dorsale dell'economia tedesca. Discorso programmatico di Wiebke Merbeth.","robots":{"index":"index","follow":"follow","max-snippet":"max-snippet:-1","max-image-preview":"max-image-preview:large","max-video-preview":"max-video-preview:-1"},"canonical":"https:\/\/www.organisator.ch\/it\/eccellenza-operativa\/2023-05-15\/veranstaltungshinweis-compliance-days-2023\/","og_locale":"it_IT","og_type":"article","og_title":"Veranstaltungshinweis: Compliance Days 2023 - Organisator","og_description":"Compliance Days 2023: Nachhaltigkeit als R\u00fcckgrat der deutschen Wirtschaft. Keynote von Wiebke Merbeth.","og_url":"https:\/\/www.organisator.ch\/it\/eccellenza-operativa\/2023-05-15\/veranstaltungshinweis-compliance-days-2023\/","og_site_name":"Organisator","article_publisher":"https:\/\/www.facebook.com\/OrganisatorFachmagazin","article_published_time":"2023-05-15T11:00:33+00:00","article_modified_time":"2024-11-16T07:56:06+00:00","author":"galledia","twitter_card":"summary_large_image","twitter_creator":"@admin","schema":{"@context":"https:\/\/schema.org","@graph":[{"@type":"Article","@id":"https:\/\/www.organisator.ch\/operational-excellence\/2023-05-15\/veranstaltungshinweis-compliance-days-2023\/#article","isPartOf":{"@id":"https:\/\/www.organisator.ch\/operational-excellence\/2023-05-15\/veranstaltungshinweis-compliance-days-2023\/"},"author":{"name":"galledia","@id":"https:\/\/www.organisator.ch\/#\/schema\/person\/4e51799071cd2dd1232ac003643ef5f0"},"headline":"Veranstaltungshinweis: Compliance Days 2023","datePublished":"2023-05-15T11:00:33+00:00","dateModified":"2024-11-16T07:56:06+00:00","mainEntityOfPage":{"@id":"https:\/\/www.organisator.ch\/operational-excellence\/2023-05-15\/veranstaltungshinweis-compliance-days-2023\/"},"wordCount":370,"publisher":{"@id":"https:\/\/www.organisator.ch\/#organization"},"image":{"@id":"https:\/\/www.organisator.ch\/operational-excellence\/2023-05-15\/veranstaltungshinweis-compliance-days-2023\/#primaryimage"},"thumbnailUrl":"https:\/\/www.m-q.ch\/wp-content\/uploads\/2023\/05\/Veranstaltungshinweis-Compliance-Days-2023_MQ.jpg","articleSection":["OPERATIONAL EXCELLENCE"],"inLanguage":"it-IT"},{"@type":"WebPage","@id":"https:\/\/www.organisator.ch\/operational-excellence\/2023-05-15\/veranstaltungshinweis-compliance-days-2023\/","url":"https:\/\/www.organisator.ch\/operational-excellence\/2023-05-15\/veranstaltungshinweis-compliance-days-2023\/","name":"Informazioni sull'evento: Compliance Days 2023 - Organizzatore","isPartOf":{"@id":"https:\/\/www.organisator.ch\/#website"},"primaryImageOfPage":{"@id":"https:\/\/www.organisator.ch\/operational-excellence\/2023-05-15\/veranstaltungshinweis-compliance-days-2023\/#primaryimage"},"image":{"@id":"https:\/\/www.organisator.ch\/operational-excellence\/2023-05-15\/veranstaltungshinweis-compliance-days-2023\/#primaryimage"},"thumbnailUrl":"https:\/\/www.m-q.ch\/wp-content\/uploads\/2023\/05\/Veranstaltungshinweis-Compliance-Days-2023_MQ.jpg","datePublished":"2023-05-15T11:00:33+00:00","dateModified":"2024-11-16T07:56:06+00:00","description":"I giorni della conformit\u00e0 2023: La sostenibilit\u00e0 come spina dorsale dell'economia tedesca. Discorso programmatico di Wiebke Merbeth.","breadcrumb":{"@id":"https:\/\/www.organisator.ch\/operational-excellence\/2023-05-15\/veranstaltungshinweis-compliance-days-2023\/#breadcrumb"},"inLanguage":"it-IT","potentialAction":[{"@type":"ReadAction","target":["https:\/\/www.organisator.ch\/operational-excellence\/2023-05-15\/veranstaltungshinweis-compliance-days-2023\/"]}]},{"@type":"ImageObject","inLanguage":"it-IT","@id":"https:\/\/www.organisator.ch\/operational-excellence\/2023-05-15\/veranstaltungshinweis-compliance-days-2023\/#primaryimage","url":"https:\/\/www.m-q.ch\/wp-content\/uploads\/2023\/05\/Veranstaltungshinweis-Compliance-Days-2023_MQ.jpg","contentUrl":"https:\/\/www.m-q.ch\/wp-content\/uploads\/2023\/05\/Veranstaltungshinweis-Compliance-Days-2023_MQ.jpg"},{"@type":"BreadcrumbList","@id":"https:\/\/www.organisator.ch\/operational-excellence\/2023-05-15\/veranstaltungshinweis-compliance-days-2023\/#breadcrumb","itemListElement":[{"@type":"ListItem","position":1,"name":"Home","item":"https:\/\/www.organisator.ch\/"},{"@type":"ListItem","position":2,"name":"Veranstaltungshinweis: Compliance Days 2023"}]},{"@type":"WebSite","@id":"https:\/\/www.organisator.ch\/#website","url":"https:\/\/www.organisator.ch\/","name":"Organizzatore","description":"Competente. Pratico. In 10 numeri all'anno, ORGANISATOR presenta i temi essenziali per i manager delle PMI.","publisher":{"@id":"https:\/\/www.organisator.ch\/#organization"},"potentialAction":[{"@type":"SearchAction","target":{"@type":"EntryPoint","urlTemplate":"https:\/\/www.organisator.ch\/?s={search_term_string}"},"query-input":{"@type":"PropertyValueSpecification","valueRequired":true,"valueName":"search_term_string"}}],"inLanguage":"it-IT"},{"@type":"Organization","@id":"https:\/\/www.organisator.ch\/#organization","name":"Organizzatore","url":"https:\/\/www.organisator.ch\/","logo":{"@type":"ImageObject","inLanguage":"it-IT","@id":"https:\/\/www.organisator.ch\/#\/schema\/logo\/image\/","url":"https:\/\/www.organisator.ch\/wp-content\/uploads\/2022\/01\/Logo_Organisator_Website.png","contentUrl":"https:\/\/www.organisator.ch\/wp-content\/uploads\/2022\/01\/Logo_Organisator_Website.png","width":800,"height":77,"caption":"Organisator"},"image":{"@id":"https:\/\/www.organisator.ch\/#\/schema\/logo\/image\/"},"sameAs":["https:\/\/www.facebook.com\/OrganisatorFachmagazin","https:\/\/www.linkedin.com\/showcase\/organisator-das-magazin-fr-kmu","https:\/\/www.xing.com\/news\/pages\/organisator-ch-695","https:\/\/www.youtube.com\/channel\/UCGP2Sq0iWaZwT3BdIAQFYpw"]},{"@type":"Person","@id":"https:\/\/www.organisator.ch\/#\/schema\/person\/4e51799071cd2dd1232ac003643ef5f0","name":"galledia","image":{"@type":"ImageObject","inLanguage":"it-IT","@id":"https:\/\/secure.gravatar.com\/avatar\/78a7f90c01fc2bfc875782a0d4922b37cde2cf184ce347b91316d23cd7f69a36?s=96&d=mm&r=g","url":"https:\/\/secure.gravatar.com\/avatar\/78a7f90c01fc2bfc875782a0d4922b37cde2cf184ce347b91316d23cd7f69a36?s=96&d=mm&r=g","contentUrl":"https:\/\/secure.gravatar.com\/avatar\/78a7f90c01fc2bfc875782a0d4922b37cde2cf184ce347b91316d23cd7f69a36?s=96&d=mm&r=g","caption":"galledia"},"sameAs":["https:\/\/x.com\/admin"],"url":"https:\/\/www.organisator.ch\/it\/author\/galledia\/"}]}},"_links":{"self":[{"href":"https:\/\/www.organisator.ch\/it\/wp-json\/wp\/v2\/posts\/20154","targetHints":{"allow":["GET"]}}],"collection":[{"href":"https:\/\/www.organisator.ch\/it\/wp-json\/wp\/v2\/posts"}],"about":[{"href":"https:\/\/www.organisator.ch\/it\/wp-json\/wp\/v2\/types\/post"}],"author":[{"embeddable":true,"href":"https:\/\/www.organisator.ch\/it\/wp-json\/wp\/v2\/users\/8"}],"replies":[{"embeddable":true,"href":"https:\/\/www.organisator.ch\/it\/wp-json\/wp\/v2\/comments?post=20154"}],"version-history":[{"count":3,"href":"https:\/\/www.organisator.ch\/it\/wp-json\/wp\/v2\/posts\/20154\/revisions"}],"predecessor-version":[{"id":33148,"href":"https:\/\/www.organisator.ch\/it\/wp-json\/wp\/v2\/posts\/20154\/revisions\/33148"}],"wp:attachment":[{"href":"https:\/\/www.organisator.ch\/it\/wp-json\/wp\/v2\/media?parent=20154"}],"wp:term":[{"taxonomy":"category","embeddable":true,"href":"https:\/\/www.organisator.ch\/it\/wp-json\/wp\/v2\/categories?post=20154"},{"taxonomy":"post_tag","embeddable":true,"href":"https:\/\/www.organisator.ch\/it\/wp-json\/wp\/v2\/tags?post=20154"}],"curies":[{"name":"wp","href":"https:\/\/api.w.org\/{rel}","templated":true}]}}