{"id":20253,"date":"2023-06-06T04:30:28","date_gmt":"2023-06-06T02:30:28","guid":{"rendered":"https:\/\/www.organisator.ch\/de\/?p=20253"},"modified":"2023-05-26T14:39:10","modified_gmt":"2023-05-26T12:39:10","slug":"maximaler-schutz-durch-unfall-zusatzversicherung","status":"publish","type":"post","link":"https:\/\/www.organisator.ch\/it\/human-resources\/2023-06-06\/maximaler-schutz-durch-unfall-zusatzversicherung\/","title":{"rendered":"Massima protezione grazie all'assicurazione complementare contro gli infortuni"},"content":{"rendered":"<p><img loading=\"lazy\" decoding=\"async\" class=\"alignnone size-medium wp-image-20342\" src=\"https:\/\/www.organisator.ch\/wp-content\/uploads\/2023\/05\/GettyImages-726800931_pso-uncoated_organisator_46598-569x1000.jpg\" alt=\"\" width=\"569\" height=\"1000\" srcset=\"https:\/\/www.organisator.ch\/wp-content\/uploads\/2023\/05\/GettyImages-726800931_pso-uncoated_organisator_46598-569x1000.jpg 569w, https:\/\/www.organisator.ch\/wp-content\/uploads\/2023\/05\/GettyImages-726800931_pso-uncoated_organisator_46598-583x1024.jpg 583w, https:\/\/www.organisator.ch\/wp-content\/uploads\/2023\/05\/GettyImages-726800931_pso-uncoated_organisator_46598-7x12.jpg 7w, https:\/\/www.organisator.ch\/wp-content\/uploads\/2023\/05\/GettyImages-726800931_pso-uncoated_organisator_46598-171x300.jpg 171w, https:\/\/www.organisator.ch\/wp-content\/uploads\/2023\/05\/GettyImages-726800931_pso-uncoated_organisator_46598-199x350.jpg 199w, https:\/\/www.organisator.ch\/wp-content\/uploads\/2023\/05\/GettyImages-726800931_pso-uncoated_organisator_46598-455x800.jpg 455w, https:\/\/www.organisator.ch\/wp-content\/uploads\/2023\/05\/GettyImages-726800931_pso-uncoated_organisator_46598.jpg 666w\" sizes=\"auto, (max-width: 569px) 100vw, 569px\" \/><\/p>\n<p>La Legge sull'assicurazione contro gli infortuni (LAINF) stabilisce che tutti i lavoratori in Svizzera sono obbligatoriamente assicurati dal loro datore di lavoro contro gli infortuni e le malattie professionali. Chi lavora almeno otto ore alla settimana per la stessa azienda \u00e8 assicurato anche contro gli infortuni non professionali (NIA). Lo scopo dell'assicurazione \u00e8 fornire ai dipendenti e ai loro familiari a carico una sicurezza finanziaria dopo un infortunio, in caso di invalidit\u00e0 o di morte.<\/p>\n<h3>Ripartizione dei costi dei premi e delle prestazioni assicurative<\/h3>\n<p>I premi per gli infortuni professionali e le malattie professionali sono a carico del datore di lavoro. Per gli infortuni non professionali, i premi sono a carico del dipendente. L'importo massimo del guadagno annuo assicurato nell'assicurazione obbligatoria contro gli infortuni \u00e8 di 148.200 franchi svizzeri (valido dal 1\u00b0 gennaio 2016).<\/p>\n<h3>Scelta dell'assicurazione infortuni<\/h3>\n<p>Le industrie a maggior rischio di infortuni sono obbligate per legge ad assicurarsi presso la Cassa svizzera di assicurazione contro gli infortuni (Suva). I disoccupati sono sempre assicurati tramite la Suva.<\/p>\n<p>Le imprese non soggette alla Suva possono assicurarsi presso un assicuratore autorizzato di loro scelta. Lo stesso vale per i lavoratori autonomi residenti in Svizzera.<\/p>\n<h3>L'assicurazione complementare contro gli infortuni copre ulteriori rischi<\/h3>\n<p>L'assicurazione obbligatoria contro gli infortuni offre una protezione adeguata alla maggior parte dei lavoratori in Svizzera. Le lacune possono essere coperte da un'assicurazione complementare volontaria contro gli infortuni (LAINF-Z):<\/p>\n<ul>\n<li>Indennit\u00e0 giornaliera fino a 100% del salario e assicurazione dei salari che superano il limite salariale LAINF di 148.200 franchi svizzeri all'anno<\/li>\n<li>Spese mediche: soggiorno in reparto semiprivato o privato<\/li>\n<li>Perdita di guadagno a lungo termine con pensioni o indennizzi aggiuntivi<\/li>\n<li>Esonero dalla negligenza grave per le riduzioni<\/li>\n<li>Assicurazione di rendita in caso di invalidit\u00e0 o decesso accidentale: in caso di invalidit\u00e0 o decesso viene versato il capitale assicurato.<\/li>\n<\/ul>\n<p>Helsana adegua regolarmente le assicurazioni complementari. Due esempi mostrano le possibilit\u00e0 di copertura assicurativa per i dipendenti:<\/p>\n<p>In caso di spese mediche all'estero, l'assicurazione obbligatoria contro gli infortuni copre solo il doppio dell'importo per le cure in Svizzera. Un'operazione d'urgenza per una clavicola rotta durante una vacanza al mare a Cipro pu\u00f2 costare rapidamente pi\u00f9 del doppio dell'importo coperto dall'assicurazione obbligatoria contro gli infortuni. I costi aggiuntivi sono coperti dall'assicurazione complementare.<\/p>\n<p>Una novit\u00e0 \u00e8 rappresentata dalla pensione di reversibilit\u00e0 per i partner. Finch\u00e9 i figli a carico convivono nella stessa economia domestica, Helsana versa una rendita per i superstiti pari a un massimo di 40% del salario assicurato. In assenza di figli, viene corrisposta una liquidazione in capitale una tantum.<\/p>\n<blockquote><p>\"Gli incidenti capitano. Con noi, le aziende possono scegliere una protezione completa per i loro dipendenti e le persone a loro carico, che non si ferma all'assicurazione obbligatoria contro gli infortuni.<\/p>\n<p>Lui Maksimovic, Responsabile Gestione Offerte UG<\/p><\/blockquote>\n<p><em>Ulteriori informazioni: <a href=\"http:\/\/www.helsana.ch\">www.helsana.ch<\/a><\/em><\/p>","protected":false},"excerpt":{"rendered":"<p>PUBLIREPORTAGE Pu\u00f2 accadere rapidamente: una caduta dalla bicicletta o una scheggia nell'occhio a causa di una saldatura. Le conseguenze di un infortunio possono essere gravi per la persona colpita, per il suo ambiente e per il datore di lavoro.<\/p>","protected":false},"author":1,"featured_media":0,"comment_status":"closed","ping_status":"closed","sticky":false,"template":"","format":"standard","meta":{"_acf_changed":false,"_yoast_wpseo_focuskw":"Unfall-Zusatzversicherung","_yoast_wpseo_metadesc":"Die Folgen eines Unfalls k\u00f6nnen f\u00fcr die betroffene Person sowie f\u00fcr den Arbeitgebenden gravierend sein. Eine Unfall-Zusatzversicherung hilft.","articlekey":"46606","footnotes":""},"categories":[579],"tags":[53,254,2810],"class_list":["post-20253","post","type-post","status-publish","format-standard","hentry","category-human-resources","tag-arbeitssicherheit","tag-hrm","tag-krankenversicherungen"],"acf":[],"yoast_head":"<!-- This site is optimized with the Yoast SEO plugin v27.5 - https:\/\/yoast.com\/product\/yoast-seo-wordpress\/ -->\n<title>Maximaler Schutz durch Unfall-Zusatzversicherung - Organisator<\/title>\n<meta name=\"description\" content=\"Die Folgen eines Unfalls k\u00f6nnen f\u00fcr die betroffene Person sowie f\u00fcr den Arbeitgebenden gravierend sein. Eine Unfall-Zusatzversicherung hilft.\" \/>\n<meta name=\"robots\" content=\"index, follow, max-snippet:-1, max-image-preview:large, max-video-preview:-1\" \/>\n<link rel=\"canonical\" href=\"https:\/\/www.organisator.ch\/it\/risorse-umane\/2023-06-06\/maximaler-schutz-durch-unfall-zusatzversicherung\/\" \/>\n<meta property=\"og:locale\" content=\"it_IT\" \/>\n<meta property=\"og:type\" content=\"article\" \/>\n<meta property=\"og:title\" content=\"Maximaler Schutz durch Unfall-Zusatzversicherung - Organisator\" \/>\n<meta property=\"og:description\" content=\"Die Folgen eines Unfalls k\u00f6nnen f\u00fcr die betroffene Person sowie f\u00fcr den Arbeitgebenden gravierend sein. Eine Unfall-Zusatzversicherung hilft.\" \/>\n<meta property=\"og:url\" content=\"https:\/\/www.organisator.ch\/it\/risorse-umane\/2023-06-06\/maximaler-schutz-durch-unfall-zusatzversicherung\/\" \/>\n<meta property=\"og:site_name\" content=\"Organisator\" \/>\n<meta property=\"article:publisher\" content=\"https:\/\/www.facebook.com\/OrganisatorFachmagazin\" \/>\n<meta property=\"article:published_time\" content=\"2023-06-06T02:30:28+00:00\" \/>\n<meta property=\"og:image\" content=\"https:\/\/www.organisator.ch\/wp-content\/uploads\/2023\/05\/GettyImages-726800931_pso-uncoated_organisator_46598-569x1000.jpg\" \/>\n<meta name=\"author\" content=\"admin\" \/>\n<meta name=\"twitter:card\" content=\"summary_large_image\" \/>\n<script type=\"application\/ld+json\" class=\"yoast-schema-graph\">{\"@context\":\"https:\\\/\\\/schema.org\",\"@graph\":[{\"@type\":\"Article\",\"@id\":\"https:\\\/\\\/www.organisator.ch\\\/human-resources\\\/2023-06-06\\\/maximaler-schutz-durch-unfall-zusatzversicherung\\\/#article\",\"isPartOf\":{\"@id\":\"https:\\\/\\\/www.organisator.ch\\\/human-resources\\\/2023-06-06\\\/maximaler-schutz-durch-unfall-zusatzversicherung\\\/\"},\"author\":{\"name\":\"admin\",\"@id\":\"https:\\\/\\\/www.organisator.ch\\\/#\\\/schema\\\/person\\\/aa2bace6c5c5aad60102004a50c4eb1c\"},\"headline\":\"Maximaler Schutz durch Unfall-Zusatzversicherung\",\"datePublished\":\"2023-06-06T02:30:28+00:00\",\"mainEntityOfPage\":{\"@id\":\"https:\\\/\\\/www.organisator.ch\\\/human-resources\\\/2023-06-06\\\/maximaler-schutz-durch-unfall-zusatzversicherung\\\/\"},\"wordCount\":407,\"publisher\":{\"@id\":\"https:\\\/\\\/www.organisator.ch\\\/#organization\"},\"image\":{\"@id\":\"https:\\\/\\\/www.organisator.ch\\\/human-resources\\\/2023-06-06\\\/maximaler-schutz-durch-unfall-zusatzversicherung\\\/#primaryimage\"},\"thumbnailUrl\":\"https:\\\/\\\/www.organisator.ch\\\/wp-content\\\/uploads\\\/2023\\\/05\\\/GettyImages-726800931_pso-uncoated_organisator_46598-569x1000.jpg\",\"keywords\":[\"Arbeitssicherheit\",\"HRM\",\"Krankenversicherungen\"],\"articleSection\":[\"HUMAN RESOURCES\"],\"inLanguage\":\"it-IT\"},{\"@type\":\"WebPage\",\"@id\":\"https:\\\/\\\/www.organisator.ch\\\/human-resources\\\/2023-06-06\\\/maximaler-schutz-durch-unfall-zusatzversicherung\\\/\",\"url\":\"https:\\\/\\\/www.organisator.ch\\\/human-resources\\\/2023-06-06\\\/maximaler-schutz-durch-unfall-zusatzversicherung\\\/\",\"name\":\"Maximaler Schutz durch Unfall-Zusatzversicherung - Organisator\",\"isPartOf\":{\"@id\":\"https:\\\/\\\/www.organisator.ch\\\/#website\"},\"primaryImageOfPage\":{\"@id\":\"https:\\\/\\\/www.organisator.ch\\\/human-resources\\\/2023-06-06\\\/maximaler-schutz-durch-unfall-zusatzversicherung\\\/#primaryimage\"},\"image\":{\"@id\":\"https:\\\/\\\/www.organisator.ch\\\/human-resources\\\/2023-06-06\\\/maximaler-schutz-durch-unfall-zusatzversicherung\\\/#primaryimage\"},\"thumbnailUrl\":\"https:\\\/\\\/www.organisator.ch\\\/wp-content\\\/uploads\\\/2023\\\/05\\\/GettyImages-726800931_pso-uncoated_organisator_46598-569x1000.jpg\",\"datePublished\":\"2023-06-06T02:30:28+00:00\",\"description\":\"Die Folgen eines Unfalls k\u00f6nnen f\u00fcr die betroffene Person sowie f\u00fcr den Arbeitgebenden gravierend sein. Eine Unfall-Zusatzversicherung hilft.\",\"breadcrumb\":{\"@id\":\"https:\\\/\\\/www.organisator.ch\\\/human-resources\\\/2023-06-06\\\/maximaler-schutz-durch-unfall-zusatzversicherung\\\/#breadcrumb\"},\"inLanguage\":\"it-IT\",\"potentialAction\":[{\"@type\":\"ReadAction\",\"target\":[\"https:\\\/\\\/www.organisator.ch\\\/human-resources\\\/2023-06-06\\\/maximaler-schutz-durch-unfall-zusatzversicherung\\\/\"]}]},{\"@type\":\"ImageObject\",\"inLanguage\":\"it-IT\",\"@id\":\"https:\\\/\\\/www.organisator.ch\\\/human-resources\\\/2023-06-06\\\/maximaler-schutz-durch-unfall-zusatzversicherung\\\/#primaryimage\",\"url\":\"https:\\\/\\\/www.organisator.ch\\\/wp-content\\\/uploads\\\/2023\\\/05\\\/GettyImages-726800931_pso-uncoated_organisator_46598-569x1000.jpg\",\"contentUrl\":\"https:\\\/\\\/www.organisator.ch\\\/wp-content\\\/uploads\\\/2023\\\/05\\\/GettyImages-726800931_pso-uncoated_organisator_46598-569x1000.jpg\"},{\"@type\":\"BreadcrumbList\",\"@id\":\"https:\\\/\\\/www.organisator.ch\\\/human-resources\\\/2023-06-06\\\/maximaler-schutz-durch-unfall-zusatzversicherung\\\/#breadcrumb\",\"itemListElement\":[{\"@type\":\"ListItem\",\"position\":1,\"name\":\"Home\",\"item\":\"https:\\\/\\\/www.organisator.ch\\\/\"},{\"@type\":\"ListItem\",\"position\":2,\"name\":\"Maximaler Schutz durch Unfall-Zusatzversicherung\"}]},{\"@type\":\"WebSite\",\"@id\":\"https:\\\/\\\/www.organisator.ch\\\/#website\",\"url\":\"https:\\\/\\\/www.organisator.ch\\\/\",\"name\":\"Organisator\",\"description\":\"Kompetent. Praxisnah. Der ORGANISATOR bereitet in 10 Ausgaben pro Jahr die wesentlichen Themen f\u00fcr F\u00fchrungskr\u00e4fte von KMU auf.\",\"publisher\":{\"@id\":\"https:\\\/\\\/www.organisator.ch\\\/#organization\"},\"potentialAction\":[{\"@type\":\"SearchAction\",\"target\":{\"@type\":\"EntryPoint\",\"urlTemplate\":\"https:\\\/\\\/www.organisator.ch\\\/?s={search_term_string}\"},\"query-input\":{\"@type\":\"PropertyValueSpecification\",\"valueRequired\":true,\"valueName\":\"search_term_string\"}}],\"inLanguage\":\"it-IT\"},{\"@type\":\"Organization\",\"@id\":\"https:\\\/\\\/www.organisator.ch\\\/#organization\",\"name\":\"Organisator\",\"url\":\"https:\\\/\\\/www.organisator.ch\\\/\",\"logo\":{\"@type\":\"ImageObject\",\"inLanguage\":\"it-IT\",\"@id\":\"https:\\\/\\\/www.organisator.ch\\\/#\\\/schema\\\/logo\\\/image\\\/\",\"url\":\"https:\\\/\\\/www.organisator.ch\\\/wp-content\\\/uploads\\\/2022\\\/01\\\/Logo_Organisator_Website.png\",\"contentUrl\":\"https:\\\/\\\/www.organisator.ch\\\/wp-content\\\/uploads\\\/2022\\\/01\\\/Logo_Organisator_Website.png\",\"width\":800,\"height\":77,\"caption\":\"Organisator\"},\"image\":{\"@id\":\"https:\\\/\\\/www.organisator.ch\\\/#\\\/schema\\\/logo\\\/image\\\/\"},\"sameAs\":[\"https:\\\/\\\/www.facebook.com\\\/OrganisatorFachmagazin\",\"https:\\\/\\\/www.linkedin.com\\\/showcase\\\/organisator-das-magazin-fr-kmu\",\"https:\\\/\\\/www.xing.com\\\/news\\\/pages\\\/organisator-ch-695\",\"https:\\\/\\\/www.youtube.com\\\/channel\\\/UCGP2Sq0iWaZwT3BdIAQFYpw\"]},{\"@type\":\"Person\",\"@id\":\"https:\\\/\\\/www.organisator.ch\\\/#\\\/schema\\\/person\\\/aa2bace6c5c5aad60102004a50c4eb1c\",\"name\":\"admin\",\"image\":{\"@type\":\"ImageObject\",\"inLanguage\":\"it-IT\",\"@id\":\"https:\\\/\\\/secure.gravatar.com\\\/avatar\\\/ae2f4d718e6c49043e314ce431e7e645d646302a24a5ef5a8bc8e3f5a032e319?s=96&d=mm&r=g\",\"url\":\"https:\\\/\\\/secure.gravatar.com\\\/avatar\\\/ae2f4d718e6c49043e314ce431e7e645d646302a24a5ef5a8bc8e3f5a032e319?s=96&d=mm&r=g\",\"contentUrl\":\"https:\\\/\\\/secure.gravatar.com\\\/avatar\\\/ae2f4d718e6c49043e314ce431e7e645d646302a24a5ef5a8bc8e3f5a032e319?s=96&d=mm&r=g\",\"caption\":\"admin\"},\"sameAs\":[\"https:\\\/\\\/www.organisator.ch\"],\"url\":\"https:\\\/\\\/www.organisator.ch\\\/it\\\/author\\\/admin\\\/\"}]}<\/script>\n<!-- \/ Yoast SEO plugin. -->","yoast_head_json":{"title":"Massima protezione grazie all'assicurazione complementare contro gli infortuni - Organizzatore","description":"Le conseguenze di un infortunio possono essere gravi sia per la persona colpita che per il datore di lavoro. L'assicurazione complementare contro gli infortuni \u00e8 d'aiuto.","robots":{"index":"index","follow":"follow","max-snippet":"max-snippet:-1","max-image-preview":"max-image-preview:large","max-video-preview":"max-video-preview:-1"},"canonical":"https:\/\/www.organisator.ch\/it\/risorse-umane\/2023-06-06\/maximaler-schutz-durch-unfall-zusatzversicherung\/","og_locale":"it_IT","og_type":"article","og_title":"Maximaler Schutz durch Unfall-Zusatzversicherung - Organisator","og_description":"Die Folgen eines Unfalls k\u00f6nnen f\u00fcr die betroffene Person sowie f\u00fcr den Arbeitgebenden gravierend sein. Eine Unfall-Zusatzversicherung hilft.","og_url":"https:\/\/www.organisator.ch\/it\/risorse-umane\/2023-06-06\/maximaler-schutz-durch-unfall-zusatzversicherung\/","og_site_name":"Organisator","article_publisher":"https:\/\/www.facebook.com\/OrganisatorFachmagazin","article_published_time":"2023-06-06T02:30:28+00:00","og_image":[{"url":"https:\/\/www.organisator.ch\/wp-content\/uploads\/2023\/05\/GettyImages-726800931_pso-uncoated_organisator_46598-569x1000.jpg","type":"","width":"","height":""}],"author":"admin","twitter_card":"summary_large_image","schema":{"@context":"https:\/\/schema.org","@graph":[{"@type":"Article","@id":"https:\/\/www.organisator.ch\/human-resources\/2023-06-06\/maximaler-schutz-durch-unfall-zusatzversicherung\/#article","isPartOf":{"@id":"https:\/\/www.organisator.ch\/human-resources\/2023-06-06\/maximaler-schutz-durch-unfall-zusatzversicherung\/"},"author":{"name":"admin","@id":"https:\/\/www.organisator.ch\/#\/schema\/person\/aa2bace6c5c5aad60102004a50c4eb1c"},"headline":"Maximaler Schutz durch Unfall-Zusatzversicherung","datePublished":"2023-06-06T02:30:28+00:00","mainEntityOfPage":{"@id":"https:\/\/www.organisator.ch\/human-resources\/2023-06-06\/maximaler-schutz-durch-unfall-zusatzversicherung\/"},"wordCount":407,"publisher":{"@id":"https:\/\/www.organisator.ch\/#organization"},"image":{"@id":"https:\/\/www.organisator.ch\/human-resources\/2023-06-06\/maximaler-schutz-durch-unfall-zusatzversicherung\/#primaryimage"},"thumbnailUrl":"https:\/\/www.organisator.ch\/wp-content\/uploads\/2023\/05\/GettyImages-726800931_pso-uncoated_organisator_46598-569x1000.jpg","keywords":["Arbeitssicherheit","HRM","Krankenversicherungen"],"articleSection":["HUMAN RESOURCES"],"inLanguage":"it-IT"},{"@type":"WebPage","@id":"https:\/\/www.organisator.ch\/human-resources\/2023-06-06\/maximaler-schutz-durch-unfall-zusatzversicherung\/","url":"https:\/\/www.organisator.ch\/human-resources\/2023-06-06\/maximaler-schutz-durch-unfall-zusatzversicherung\/","name":"Massima protezione grazie all'assicurazione complementare contro gli infortuni - Organizzatore","isPartOf":{"@id":"https:\/\/www.organisator.ch\/#website"},"primaryImageOfPage":{"@id":"https:\/\/www.organisator.ch\/human-resources\/2023-06-06\/maximaler-schutz-durch-unfall-zusatzversicherung\/#primaryimage"},"image":{"@id":"https:\/\/www.organisator.ch\/human-resources\/2023-06-06\/maximaler-schutz-durch-unfall-zusatzversicherung\/#primaryimage"},"thumbnailUrl":"https:\/\/www.organisator.ch\/wp-content\/uploads\/2023\/05\/GettyImages-726800931_pso-uncoated_organisator_46598-569x1000.jpg","datePublished":"2023-06-06T02:30:28+00:00","description":"Le conseguenze di un infortunio possono essere gravi sia per la persona colpita che per il datore di lavoro. L'assicurazione complementare contro gli infortuni \u00e8 d'aiuto.","breadcrumb":{"@id":"https:\/\/www.organisator.ch\/human-resources\/2023-06-06\/maximaler-schutz-durch-unfall-zusatzversicherung\/#breadcrumb"},"inLanguage":"it-IT","potentialAction":[{"@type":"ReadAction","target":["https:\/\/www.organisator.ch\/human-resources\/2023-06-06\/maximaler-schutz-durch-unfall-zusatzversicherung\/"]}]},{"@type":"ImageObject","inLanguage":"it-IT","@id":"https:\/\/www.organisator.ch\/human-resources\/2023-06-06\/maximaler-schutz-durch-unfall-zusatzversicherung\/#primaryimage","url":"https:\/\/www.organisator.ch\/wp-content\/uploads\/2023\/05\/GettyImages-726800931_pso-uncoated_organisator_46598-569x1000.jpg","contentUrl":"https:\/\/www.organisator.ch\/wp-content\/uploads\/2023\/05\/GettyImages-726800931_pso-uncoated_organisator_46598-569x1000.jpg"},{"@type":"BreadcrumbList","@id":"https:\/\/www.organisator.ch\/human-resources\/2023-06-06\/maximaler-schutz-durch-unfall-zusatzversicherung\/#breadcrumb","itemListElement":[{"@type":"ListItem","position":1,"name":"Home","item":"https:\/\/www.organisator.ch\/"},{"@type":"ListItem","position":2,"name":"Maximaler Schutz durch Unfall-Zusatzversicherung"}]},{"@type":"WebSite","@id":"https:\/\/www.organisator.ch\/#website","url":"https:\/\/www.organisator.ch\/","name":"Organizzatore","description":"Competente. Pratico. In 10 numeri all'anno, ORGANISATOR presenta i temi essenziali per i manager delle PMI.","publisher":{"@id":"https:\/\/www.organisator.ch\/#organization"},"potentialAction":[{"@type":"SearchAction","target":{"@type":"EntryPoint","urlTemplate":"https:\/\/www.organisator.ch\/?s={search_term_string}"},"query-input":{"@type":"PropertyValueSpecification","valueRequired":true,"valueName":"search_term_string"}}],"inLanguage":"it-IT"},{"@type":"Organization","@id":"https:\/\/www.organisator.ch\/#organization","name":"Organizzatore","url":"https:\/\/www.organisator.ch\/","logo":{"@type":"ImageObject","inLanguage":"it-IT","@id":"https:\/\/www.organisator.ch\/#\/schema\/logo\/image\/","url":"https:\/\/www.organisator.ch\/wp-content\/uploads\/2022\/01\/Logo_Organisator_Website.png","contentUrl":"https:\/\/www.organisator.ch\/wp-content\/uploads\/2022\/01\/Logo_Organisator_Website.png","width":800,"height":77,"caption":"Organisator"},"image":{"@id":"https:\/\/www.organisator.ch\/#\/schema\/logo\/image\/"},"sameAs":["https:\/\/www.facebook.com\/OrganisatorFachmagazin","https:\/\/www.linkedin.com\/showcase\/organisator-das-magazin-fr-kmu","https:\/\/www.xing.com\/news\/pages\/organisator-ch-695","https:\/\/www.youtube.com\/channel\/UCGP2Sq0iWaZwT3BdIAQFYpw"]},{"@type":"Person","@id":"https:\/\/www.organisator.ch\/#\/schema\/person\/aa2bace6c5c5aad60102004a50c4eb1c","name":"amministratore","image":{"@type":"ImageObject","inLanguage":"it-IT","@id":"https:\/\/secure.gravatar.com\/avatar\/ae2f4d718e6c49043e314ce431e7e645d646302a24a5ef5a8bc8e3f5a032e319?s=96&d=mm&r=g","url":"https:\/\/secure.gravatar.com\/avatar\/ae2f4d718e6c49043e314ce431e7e645d646302a24a5ef5a8bc8e3f5a032e319?s=96&d=mm&r=g","contentUrl":"https:\/\/secure.gravatar.com\/avatar\/ae2f4d718e6c49043e314ce431e7e645d646302a24a5ef5a8bc8e3f5a032e319?s=96&d=mm&r=g","caption":"admin"},"sameAs":["https:\/\/www.organisator.ch"],"url":"https:\/\/www.organisator.ch\/it\/author\/admin\/"}]}},"_links":{"self":[{"href":"https:\/\/www.organisator.ch\/it\/wp-json\/wp\/v2\/posts\/20253","targetHints":{"allow":["GET"]}}],"collection":[{"href":"https:\/\/www.organisator.ch\/it\/wp-json\/wp\/v2\/posts"}],"about":[{"href":"https:\/\/www.organisator.ch\/it\/wp-json\/wp\/v2\/types\/post"}],"author":[{"embeddable":true,"href":"https:\/\/www.organisator.ch\/it\/wp-json\/wp\/v2\/users\/1"}],"replies":[{"embeddable":true,"href":"https:\/\/www.organisator.ch\/it\/wp-json\/wp\/v2\/comments?post=20253"}],"version-history":[{"count":4,"href":"https:\/\/www.organisator.ch\/it\/wp-json\/wp\/v2\/posts\/20253\/revisions"}],"predecessor-version":[{"id":20467,"href":"https:\/\/www.organisator.ch\/it\/wp-json\/wp\/v2\/posts\/20253\/revisions\/20467"}],"wp:attachment":[{"href":"https:\/\/www.organisator.ch\/it\/wp-json\/wp\/v2\/media?parent=20253"}],"wp:term":[{"taxonomy":"category","embeddable":true,"href":"https:\/\/www.organisator.ch\/it\/wp-json\/wp\/v2\/categories?post=20253"},{"taxonomy":"post_tag","embeddable":true,"href":"https:\/\/www.organisator.ch\/it\/wp-json\/wp\/v2\/tags?post=20253"}],"curies":[{"name":"wp","href":"https:\/\/api.w.org\/{rel}","templated":true}]}}