{"id":20271,"date":"2023-06-05T04:22:17","date_gmt":"2023-06-05T02:22:17","guid":{"rendered":"https:\/\/www.organisator.ch\/de\/?p=20271"},"modified":"2023-05-26T14:41:04","modified_gmt":"2023-05-26T12:41:04","slug":"wie-new-work-wirtschaftliche-und-soziale-ansprueche-verbindet","status":"publish","type":"post","link":"https:\/\/www.organisator.ch\/it\/human-resources\/2023-06-05\/wie-new-work-wirtschaftliche-und-soziale-ansprueche-verbindet\/","title":{"rendered":"Come il nuovo lavoro combina esigenze economiche e sociali"},"content":{"rendered":"<div class=\"swpm-post-not-logged-in-msg\">Devi eseguire l&#039;accesso per visualizzare questo contenuto. Avrete bisogno di <a class=\"swpm-login-link\" href=\"https:\/\/www.organisator.ch\/login\/\">Accedi<\/a>. Non sei un membro? <a href=\"https:\/\/www.organisator.ch\/shop\/\">Registrati<\/a><\/div>","protected":false},"excerpt":{"rendered":"<p>L'analisi della letteratura attuale rivela dieci campi tematici generali associati alle misure per il nuovo lavoro. Tutti questi ambiti tematici riguardano sia il miglioramento dell'adattabilit\u00e0 delle aziende sia le condizioni di lavoro dei dipendenti. <\/p>","protected":false},"author":1,"featured_media":20270,"comment_status":"closed","ping_status":"closed","sticky":false,"template":"","format":"standard","meta":{"_acf_changed":false,"_yoast_wpseo_focuskw":"soziale Anspr\u00fcche","_yoast_wpseo_metadesc":"Eine Analyse der aktuellen Literatur zeigt zehn Themenfelder, mit denen wirtschaftliche und soziale Anspr\u00fcche verbunden werden k\u00f6nnen.","articlekey":"45697","footnotes":""},"categories":[578,579],"tags":[363,533],"class_list":["post-20271","post","type-post","status-publish","format-standard","has-post-thumbnail","hentry","category-abo","category-human-resources","tag-new-work","tag-wissenschaft"],"acf":[],"yoast_head":"<!-- This site is optimized with the Yoast SEO plugin v27.4 - https:\/\/yoast.com\/product\/yoast-seo-wordpress\/ -->\n<title>Wie New Work wirtschaftliche und soziale Anspr\u00fcche verbindet - Organisator<\/title>\n<meta name=\"description\" content=\"Eine Analyse der aktuellen Literatur zeigt zehn Themenfelder, mit denen wirtschaftliche und soziale Anspr\u00fcche verbunden werden k\u00f6nnen.\" \/>\n<meta name=\"robots\" content=\"index, follow, max-snippet:-1, max-image-preview:large, max-video-preview:-1\" \/>\n<link rel=\"canonical\" href=\"https:\/\/www.organisator.ch\/it\/abbonamento\/2023-06-05\/wie-new-work-wirtschaftliche-und-soziale-ansprueche-verbindet\/\" \/>\n<meta property=\"og:locale\" content=\"it_IT\" \/>\n<meta property=\"og:type\" content=\"article\" \/>\n<meta property=\"og:title\" content=\"Wie New Work wirtschaftliche und soziale Anspr\u00fcche verbindet - Organisator\" \/>\n<meta property=\"og:description\" content=\"Eine Analyse der aktuellen Literatur zeigt zehn Themenfelder, mit denen wirtschaftliche und soziale Anspr\u00fcche verbunden werden k\u00f6nnen.\" \/>\n<meta property=\"og:url\" content=\"https:\/\/www.organisator.ch\/it\/abbonamento\/2023-06-05\/wie-new-work-wirtschaftliche-und-soziale-ansprueche-verbindet\/\" \/>\n<meta property=\"og:site_name\" content=\"Organisator\" \/>\n<meta property=\"article:publisher\" content=\"https:\/\/www.facebook.com\/OrganisatorFachmagazin\" \/>\n<meta property=\"article:published_time\" content=\"2023-06-05T02:22:17+00:00\" \/>\n<meta property=\"og:image\" content=\"https:\/\/www.organisator.ch\/wp-content\/uploads\/2023\/05\/HRM_Niederhauser_Bild_organisator_45712-scaled.jpg\" \/>\n\t<meta property=\"og:image:width\" content=\"969\" \/>\n\t<meta property=\"og:image:height\" content=\"1400\" \/>\n\t<meta property=\"og:image:type\" content=\"image\/jpeg\" \/>\n<meta name=\"author\" content=\"admin\" \/>\n<meta name=\"twitter:card\" content=\"summary_large_image\" \/>\n<script type=\"application\/ld+json\" class=\"yoast-schema-graph\">{\"@context\":\"https:\\\/\\\/schema.org\",\"@graph\":[{\"@type\":\"Article\",\"@id\":\"https:\\\/\\\/www.organisator.ch\\\/abo\\\/2023-06-05\\\/wie-new-work-wirtschaftliche-und-soziale-ansprueche-verbindet\\\/#article\",\"isPartOf\":{\"@id\":\"https:\\\/\\\/www.organisator.ch\\\/abo\\\/2023-06-05\\\/wie-new-work-wirtschaftliche-und-soziale-ansprueche-verbindet\\\/\"},\"author\":{\"name\":\"admin\",\"@id\":\"https:\\\/\\\/www.organisator.ch\\\/#\\\/schema\\\/person\\\/aa2bace6c5c5aad60102004a50c4eb1c\"},\"headline\":\"Wie New Work wirtschaftliche und soziale Anspr\u00fcche verbindet\",\"datePublished\":\"2023-06-05T02:22:17+00:00\",\"mainEntityOfPage\":{\"@id\":\"https:\\\/\\\/www.organisator.ch\\\/abo\\\/2023-06-05\\\/wie-new-work-wirtschaftliche-und-soziale-ansprueche-verbindet\\\/\"},\"wordCount\":994,\"publisher\":{\"@id\":\"https:\\\/\\\/www.organisator.ch\\\/#organization\"},\"image\":{\"@id\":\"https:\\\/\\\/www.organisator.ch\\\/abo\\\/2023-06-05\\\/wie-new-work-wirtschaftliche-und-soziale-ansprueche-verbindet\\\/#primaryimage\"},\"thumbnailUrl\":\"https:\\\/\\\/www.organisator.ch\\\/wp-content\\\/uploads\\\/2023\\\/05\\\/HRM_Niederhauser_Bild_organisator_45712-scaled.jpg\",\"keywords\":[\"New Work\",\"Wissenschaft\"],\"articleSection\":[\"ABO+\",\"HUMAN RESOURCES\"],\"inLanguage\":\"it-IT\"},{\"@type\":\"WebPage\",\"@id\":\"https:\\\/\\\/www.organisator.ch\\\/abo\\\/2023-06-05\\\/wie-new-work-wirtschaftliche-und-soziale-ansprueche-verbindet\\\/\",\"url\":\"https:\\\/\\\/www.organisator.ch\\\/abo\\\/2023-06-05\\\/wie-new-work-wirtschaftliche-und-soziale-ansprueche-verbindet\\\/\",\"name\":\"Wie New Work wirtschaftliche und soziale Anspr\u00fcche verbindet - Organisator\",\"isPartOf\":{\"@id\":\"https:\\\/\\\/www.organisator.ch\\\/#website\"},\"primaryImageOfPage\":{\"@id\":\"https:\\\/\\\/www.organisator.ch\\\/abo\\\/2023-06-05\\\/wie-new-work-wirtschaftliche-und-soziale-ansprueche-verbindet\\\/#primaryimage\"},\"image\":{\"@id\":\"https:\\\/\\\/www.organisator.ch\\\/abo\\\/2023-06-05\\\/wie-new-work-wirtschaftliche-und-soziale-ansprueche-verbindet\\\/#primaryimage\"},\"thumbnailUrl\":\"https:\\\/\\\/www.organisator.ch\\\/wp-content\\\/uploads\\\/2023\\\/05\\\/HRM_Niederhauser_Bild_organisator_45712-scaled.jpg\",\"datePublished\":\"2023-06-05T02:22:17+00:00\",\"description\":\"Eine Analyse der aktuellen Literatur zeigt zehn Themenfelder, mit denen wirtschaftliche und soziale Anspr\u00fcche verbunden werden k\u00f6nnen.\",\"breadcrumb\":{\"@id\":\"https:\\\/\\\/www.organisator.ch\\\/abo\\\/2023-06-05\\\/wie-new-work-wirtschaftliche-und-soziale-ansprueche-verbindet\\\/#breadcrumb\"},\"inLanguage\":\"it-IT\",\"potentialAction\":[{\"@type\":\"ReadAction\",\"target\":[\"https:\\\/\\\/www.organisator.ch\\\/abo\\\/2023-06-05\\\/wie-new-work-wirtschaftliche-und-soziale-ansprueche-verbindet\\\/\"]}]},{\"@type\":\"ImageObject\",\"inLanguage\":\"it-IT\",\"@id\":\"https:\\\/\\\/www.organisator.ch\\\/abo\\\/2023-06-05\\\/wie-new-work-wirtschaftliche-und-soziale-ansprueche-verbindet\\\/#primaryimage\",\"url\":\"https:\\\/\\\/www.organisator.ch\\\/wp-content\\\/uploads\\\/2023\\\/05\\\/HRM_Niederhauser_Bild_organisator_45712-scaled.jpg\",\"contentUrl\":\"https:\\\/\\\/www.organisator.ch\\\/wp-content\\\/uploads\\\/2023\\\/05\\\/HRM_Niederhauser_Bild_organisator_45712-scaled.jpg\",\"width\":969,\"height\":1400,\"caption\":\"Bei der Gestaltung der zuk\u00fcnftigen Arbeit ist es notwendig, wirtschaftliche und soziale Interessen gleichermassen zu ber\u00fccksichtigen. Andernfalls besteht die Gefahr, dass sich die Arbeitsbedingungen verschlechtern und hohe Produktivit\u00e4tsverluste entstehen. \u00a9 Unsplash.com\"},{\"@type\":\"BreadcrumbList\",\"@id\":\"https:\\\/\\\/www.organisator.ch\\\/abo\\\/2023-06-05\\\/wie-new-work-wirtschaftliche-und-soziale-ansprueche-verbindet\\\/#breadcrumb\",\"itemListElement\":[{\"@type\":\"ListItem\",\"position\":1,\"name\":\"Home\",\"item\":\"https:\\\/\\\/www.organisator.ch\\\/\"},{\"@type\":\"ListItem\",\"position\":2,\"name\":\"Wie New Work wirtschaftliche und soziale Anspr\u00fcche verbindet\"}]},{\"@type\":\"WebSite\",\"@id\":\"https:\\\/\\\/www.organisator.ch\\\/#website\",\"url\":\"https:\\\/\\\/www.organisator.ch\\\/\",\"name\":\"Organisator\",\"description\":\"Kompetent. Praxisnah. Der ORGANISATOR bereitet in 10 Ausgaben pro Jahr die wesentlichen Themen f\u00fcr F\u00fchrungskr\u00e4fte von KMU auf.\",\"publisher\":{\"@id\":\"https:\\\/\\\/www.organisator.ch\\\/#organization\"},\"potentialAction\":[{\"@type\":\"SearchAction\",\"target\":{\"@type\":\"EntryPoint\",\"urlTemplate\":\"https:\\\/\\\/www.organisator.ch\\\/?s={search_term_string}\"},\"query-input\":{\"@type\":\"PropertyValueSpecification\",\"valueRequired\":true,\"valueName\":\"search_term_string\"}}],\"inLanguage\":\"it-IT\"},{\"@type\":\"Organization\",\"@id\":\"https:\\\/\\\/www.organisator.ch\\\/#organization\",\"name\":\"Organisator\",\"url\":\"https:\\\/\\\/www.organisator.ch\\\/\",\"logo\":{\"@type\":\"ImageObject\",\"inLanguage\":\"it-IT\",\"@id\":\"https:\\\/\\\/www.organisator.ch\\\/#\\\/schema\\\/logo\\\/image\\\/\",\"url\":\"https:\\\/\\\/www.organisator.ch\\\/wp-content\\\/uploads\\\/2022\\\/01\\\/Logo_Organisator_Website.png\",\"contentUrl\":\"https:\\\/\\\/www.organisator.ch\\\/wp-content\\\/uploads\\\/2022\\\/01\\\/Logo_Organisator_Website.png\",\"width\":800,\"height\":77,\"caption\":\"Organisator\"},\"image\":{\"@id\":\"https:\\\/\\\/www.organisator.ch\\\/#\\\/schema\\\/logo\\\/image\\\/\"},\"sameAs\":[\"https:\\\/\\\/www.facebook.com\\\/OrganisatorFachmagazin\",\"https:\\\/\\\/www.linkedin.com\\\/showcase\\\/organisator-das-magazin-fr-kmu\",\"https:\\\/\\\/www.xing.com\\\/news\\\/pages\\\/organisator-ch-695\",\"https:\\\/\\\/www.youtube.com\\\/channel\\\/UCGP2Sq0iWaZwT3BdIAQFYpw\"]},{\"@type\":\"Person\",\"@id\":\"https:\\\/\\\/www.organisator.ch\\\/#\\\/schema\\\/person\\\/aa2bace6c5c5aad60102004a50c4eb1c\",\"name\":\"admin\",\"image\":{\"@type\":\"ImageObject\",\"inLanguage\":\"it-IT\",\"@id\":\"https:\\\/\\\/secure.gravatar.com\\\/avatar\\\/ae2f4d718e6c49043e314ce431e7e645d646302a24a5ef5a8bc8e3f5a032e319?s=96&d=mm&r=g\",\"url\":\"https:\\\/\\\/secure.gravatar.com\\\/avatar\\\/ae2f4d718e6c49043e314ce431e7e645d646302a24a5ef5a8bc8e3f5a032e319?s=96&d=mm&r=g\",\"contentUrl\":\"https:\\\/\\\/secure.gravatar.com\\\/avatar\\\/ae2f4d718e6c49043e314ce431e7e645d646302a24a5ef5a8bc8e3f5a032e319?s=96&d=mm&r=g\",\"caption\":\"admin\"},\"sameAs\":[\"https:\\\/\\\/www.organisator.ch\"],\"url\":\"https:\\\/\\\/www.organisator.ch\\\/it\\\/author\\\/admin\\\/\"}]}<\/script>\n<!-- \/ Yoast SEO plugin. -->","yoast_head_json":{"title":"Come il nuovo lavoro combina esigenze economiche e sociali - Organizzatore","description":"L'analisi della letteratura attuale mostra dieci aree tematiche con cui \u00e8 possibile collegare le rivendicazioni economiche e sociali.","robots":{"index":"index","follow":"follow","max-snippet":"max-snippet:-1","max-image-preview":"max-image-preview:large","max-video-preview":"max-video-preview:-1"},"canonical":"https:\/\/www.organisator.ch\/it\/abbonamento\/2023-06-05\/wie-new-work-wirtschaftliche-und-soziale-ansprueche-verbindet\/","og_locale":"it_IT","og_type":"article","og_title":"Wie New Work wirtschaftliche und soziale Anspr\u00fcche verbindet - Organisator","og_description":"Eine Analyse der aktuellen Literatur zeigt zehn Themenfelder, mit denen wirtschaftliche und soziale Anspr\u00fcche verbunden werden k\u00f6nnen.","og_url":"https:\/\/www.organisator.ch\/it\/abbonamento\/2023-06-05\/wie-new-work-wirtschaftliche-und-soziale-ansprueche-verbindet\/","og_site_name":"Organisator","article_publisher":"https:\/\/www.facebook.com\/OrganisatorFachmagazin","article_published_time":"2023-06-05T02:22:17+00:00","og_image":[{"width":969,"height":1400,"url":"https:\/\/www.organisator.ch\/wp-content\/uploads\/2023\/05\/HRM_Niederhauser_Bild_organisator_45712-scaled.jpg","type":"image\/jpeg"}],"author":"admin","twitter_card":"summary_large_image","schema":{"@context":"https:\/\/schema.org","@graph":[{"@type":"Article","@id":"https:\/\/www.organisator.ch\/abo\/2023-06-05\/wie-new-work-wirtschaftliche-und-soziale-ansprueche-verbindet\/#article","isPartOf":{"@id":"https:\/\/www.organisator.ch\/abo\/2023-06-05\/wie-new-work-wirtschaftliche-und-soziale-ansprueche-verbindet\/"},"author":{"name":"admin","@id":"https:\/\/www.organisator.ch\/#\/schema\/person\/aa2bace6c5c5aad60102004a50c4eb1c"},"headline":"Wie New Work wirtschaftliche und soziale Anspr\u00fcche verbindet","datePublished":"2023-06-05T02:22:17+00:00","mainEntityOfPage":{"@id":"https:\/\/www.organisator.ch\/abo\/2023-06-05\/wie-new-work-wirtschaftliche-und-soziale-ansprueche-verbindet\/"},"wordCount":994,"publisher":{"@id":"https:\/\/www.organisator.ch\/#organization"},"image":{"@id":"https:\/\/www.organisator.ch\/abo\/2023-06-05\/wie-new-work-wirtschaftliche-und-soziale-ansprueche-verbindet\/#primaryimage"},"thumbnailUrl":"https:\/\/www.organisator.ch\/wp-content\/uploads\/2023\/05\/HRM_Niederhauser_Bild_organisator_45712-scaled.jpg","keywords":["New Work","Wissenschaft"],"articleSection":["ABO+","HUMAN RESOURCES"],"inLanguage":"it-IT"},{"@type":"WebPage","@id":"https:\/\/www.organisator.ch\/abo\/2023-06-05\/wie-new-work-wirtschaftliche-und-soziale-ansprueche-verbindet\/","url":"https:\/\/www.organisator.ch\/abo\/2023-06-05\/wie-new-work-wirtschaftliche-und-soziale-ansprueche-verbindet\/","name":"Come il nuovo lavoro combina esigenze economiche e sociali - Organizzatore","isPartOf":{"@id":"https:\/\/www.organisator.ch\/#website"},"primaryImageOfPage":{"@id":"https:\/\/www.organisator.ch\/abo\/2023-06-05\/wie-new-work-wirtschaftliche-und-soziale-ansprueche-verbindet\/#primaryimage"},"image":{"@id":"https:\/\/www.organisator.ch\/abo\/2023-06-05\/wie-new-work-wirtschaftliche-und-soziale-ansprueche-verbindet\/#primaryimage"},"thumbnailUrl":"https:\/\/www.organisator.ch\/wp-content\/uploads\/2023\/05\/HRM_Niederhauser_Bild_organisator_45712-scaled.jpg","datePublished":"2023-06-05T02:22:17+00:00","description":"L'analisi della letteratura attuale mostra dieci aree tematiche con cui \u00e8 possibile collegare le rivendicazioni economiche e sociali.","breadcrumb":{"@id":"https:\/\/www.organisator.ch\/abo\/2023-06-05\/wie-new-work-wirtschaftliche-und-soziale-ansprueche-verbindet\/#breadcrumb"},"inLanguage":"it-IT","potentialAction":[{"@type":"ReadAction","target":["https:\/\/www.organisator.ch\/abo\/2023-06-05\/wie-new-work-wirtschaftliche-und-soziale-ansprueche-verbindet\/"]}]},{"@type":"ImageObject","inLanguage":"it-IT","@id":"https:\/\/www.organisator.ch\/abo\/2023-06-05\/wie-new-work-wirtschaftliche-und-soziale-ansprueche-verbindet\/#primaryimage","url":"https:\/\/www.organisator.ch\/wp-content\/uploads\/2023\/05\/HRM_Niederhauser_Bild_organisator_45712-scaled.jpg","contentUrl":"https:\/\/www.organisator.ch\/wp-content\/uploads\/2023\/05\/HRM_Niederhauser_Bild_organisator_45712-scaled.jpg","width":969,"height":1400,"caption":"Bei der Gestaltung der zuk\u00fcnftigen Arbeit ist es notwendig, wirtschaftliche und soziale Interessen gleichermassen zu ber\u00fccksichtigen. Andernfalls besteht die Gefahr, dass sich die Arbeitsbedingungen verschlechtern und hohe Produktivit\u00e4tsverluste entstehen. \u00a9 Unsplash.com"},{"@type":"BreadcrumbList","@id":"https:\/\/www.organisator.ch\/abo\/2023-06-05\/wie-new-work-wirtschaftliche-und-soziale-ansprueche-verbindet\/#breadcrumb","itemListElement":[{"@type":"ListItem","position":1,"name":"Home","item":"https:\/\/www.organisator.ch\/"},{"@type":"ListItem","position":2,"name":"Wie New Work wirtschaftliche und soziale Anspr\u00fcche verbindet"}]},{"@type":"WebSite","@id":"https:\/\/www.organisator.ch\/#website","url":"https:\/\/www.organisator.ch\/","name":"Organizzatore","description":"Competente. Pratico. In 10 numeri all'anno, ORGANISATOR presenta i temi essenziali per i manager delle PMI.","publisher":{"@id":"https:\/\/www.organisator.ch\/#organization"},"potentialAction":[{"@type":"SearchAction","target":{"@type":"EntryPoint","urlTemplate":"https:\/\/www.organisator.ch\/?s={search_term_string}"},"query-input":{"@type":"PropertyValueSpecification","valueRequired":true,"valueName":"search_term_string"}}],"inLanguage":"it-IT"},{"@type":"Organization","@id":"https:\/\/www.organisator.ch\/#organization","name":"Organizzatore","url":"https:\/\/www.organisator.ch\/","logo":{"@type":"ImageObject","inLanguage":"it-IT","@id":"https:\/\/www.organisator.ch\/#\/schema\/logo\/image\/","url":"https:\/\/www.organisator.ch\/wp-content\/uploads\/2022\/01\/Logo_Organisator_Website.png","contentUrl":"https:\/\/www.organisator.ch\/wp-content\/uploads\/2022\/01\/Logo_Organisator_Website.png","width":800,"height":77,"caption":"Organisator"},"image":{"@id":"https:\/\/www.organisator.ch\/#\/schema\/logo\/image\/"},"sameAs":["https:\/\/www.facebook.com\/OrganisatorFachmagazin","https:\/\/www.linkedin.com\/showcase\/organisator-das-magazin-fr-kmu","https:\/\/www.xing.com\/news\/pages\/organisator-ch-695","https:\/\/www.youtube.com\/channel\/UCGP2Sq0iWaZwT3BdIAQFYpw"]},{"@type":"Person","@id":"https:\/\/www.organisator.ch\/#\/schema\/person\/aa2bace6c5c5aad60102004a50c4eb1c","name":"amministratore","image":{"@type":"ImageObject","inLanguage":"it-IT","@id":"https:\/\/secure.gravatar.com\/avatar\/ae2f4d718e6c49043e314ce431e7e645d646302a24a5ef5a8bc8e3f5a032e319?s=96&d=mm&r=g","url":"https:\/\/secure.gravatar.com\/avatar\/ae2f4d718e6c49043e314ce431e7e645d646302a24a5ef5a8bc8e3f5a032e319?s=96&d=mm&r=g","contentUrl":"https:\/\/secure.gravatar.com\/avatar\/ae2f4d718e6c49043e314ce431e7e645d646302a24a5ef5a8bc8e3f5a032e319?s=96&d=mm&r=g","caption":"admin"},"sameAs":["https:\/\/www.organisator.ch"],"url":"https:\/\/www.organisator.ch\/it\/author\/admin\/"}]}},"_links":{"self":[{"href":"https:\/\/www.organisator.ch\/it\/wp-json\/wp\/v2\/posts\/20271","targetHints":{"allow":["GET"]}}],"collection":[{"href":"https:\/\/www.organisator.ch\/it\/wp-json\/wp\/v2\/posts"}],"about":[{"href":"https:\/\/www.organisator.ch\/it\/wp-json\/wp\/v2\/types\/post"}],"author":[{"embeddable":true,"href":"https:\/\/www.organisator.ch\/it\/wp-json\/wp\/v2\/users\/1"}],"replies":[{"embeddable":true,"href":"https:\/\/www.organisator.ch\/it\/wp-json\/wp\/v2\/comments?post=20271"}],"version-history":[{"count":3,"href":"https:\/\/www.organisator.ch\/it\/wp-json\/wp\/v2\/posts\/20271\/revisions"}],"predecessor-version":[{"id":20465,"href":"https:\/\/www.organisator.ch\/it\/wp-json\/wp\/v2\/posts\/20271\/revisions\/20465"}],"wp:featuredmedia":[{"embeddable":true,"href":"https:\/\/www.organisator.ch\/it\/wp-json\/wp\/v2\/media\/20270"}],"wp:attachment":[{"href":"https:\/\/www.organisator.ch\/it\/wp-json\/wp\/v2\/media?parent=20271"}],"wp:term":[{"taxonomy":"category","embeddable":true,"href":"https:\/\/www.organisator.ch\/it\/wp-json\/wp\/v2\/categories?post=20271"},{"taxonomy":"post_tag","embeddable":true,"href":"https:\/\/www.organisator.ch\/it\/wp-json\/wp\/v2\/tags?post=20271"}],"curies":[{"name":"wp","href":"https:\/\/api.w.org\/{rel}","templated":true}]}}