{"id":2029,"date":"2019-02-21T16:36:40","date_gmt":"2019-02-21T15:36:40","guid":{"rendered":"https:\/\/www.umweltperspektiven.ch\/?p=2029"},"modified":"2022-02-09T11:06:18","modified_gmt":"2022-02-09T10:06:18","slug":"energie-lenkdrachen-sollen-bald-windraeder-ersetzen","status":"publish","type":"post","link":"https:\/\/www.organisator.ch\/it\/sustainability\/2019-02-21\/energie-lenkdrachen-sollen-bald-windraeder-ersetzen\/","title":{"rendered":"Energia: gli aquiloni acrobatici sostituiranno presto le turbine eoliche"},"content":{"rendered":"<figure id=\"attachment_2032\" aria-describedby=\"caption-attachment-2032\" style=\"width: 680px\" class=\"wp-caption alignnone\"><img loading=\"lazy\" decoding=\"async\" class=\"wp-image-2032 size-medium\" src=\"\/\/www.umweltperspektiven.ch\/wp-content\/uploads\/2019\/02\/Energie-Lenkdrachen-sollen-bald-Windr\u00e4der-ersetzen-1.jpg\" alt=\"\" width=\"680\" height=\"453\" \/><figcaption id=\"caption-attachment-2032\" class=\"wp-caption-text\">Lo sviluppo di generatori eolici basati su aquiloni \u00e8 sostenuto dalla Commissione europea e da aziende private, tra cui Google. (Immagine simbolo: Depositphotos)<\/figcaption><\/figure>\n<p>Gli aquiloni acrobatici consistono solo in un guscio che viene gonfiato come un palloncino. Una volta raggiunta l'altezza desiderata, gli aquiloni saltellano nel vento e tirano le corde leggere che impediscono loro di volare via. La forza di trazione viene convertita in rotazione sul terreno. Il movimento di rotazione \u00e8 trasferito a un generatore, che poi produce elettricit\u00e0.<\/p>\n<p><strong>Finora solo su piccola scala<\/strong><\/p>\n<p>I ricercatori chiamano il loro sviluppo \"Airborne Wind Energy System\" (AWES), che finora \u00e8 stato realizzato solo su piccola scala - quando \u00e8 ripiegato, l'involucro, comprese le corde di traino, entra in uno zaino non troppo grande. Torri di questa altezza non sono economicamente fattibili, dice l'ingegnere aeronautico Gonzalo S\u00e1nchez Arriaga, che ha co-sviluppato AWES con Ricardo Borobia Moreno dell'Istituto Nazionale Spagnolo di Tecnologia Aerospaziale di Torrej\u00f3n de Ardoz.<\/p>\n<p>A differenza delle turbine eoliche convenzionali, gli scienziati promettono che il paesaggio non sar\u00e0 quasi disturbato perch\u00e9 i cavi sottili sono quasi invisibili. Poich\u00e9 anche i costi dei materiali sono bassi, gli aquiloni acrobatici produrrebbero elettricit\u00e0 in modo molto pi\u00f9 economico dei sistemi che stanno a terra.<\/p>\n<p>Lo sviluppo di generatori eolici basati su aquiloni \u00e8 sostenuto dalla Commissione europea e da aziende private, tra cui Google.<\/p>\n<p><strong>Dispositivi di misurazione e sensori a bordo<\/strong><\/p>\n<p>Per costruire sistemi pi\u00f9 grandi che generino quantit\u00e0 apprezzabili di elettricit\u00e0, i ricercatori hanno equipaggiato un aquilone acrobatico con numerosi dispositivi di misurazione e sensori. Tra le altre cose, registrano la velocit\u00e0 dell'aquilone, gli angoli che prende mentre danza nel vento, i suoi cambiamenti di posizione e la forza con cui tira i suoi legami. Questi dati confluiscono in un programma informatico che fa il lavoro principale nella costruzione di una grande installazione.<\/p>\n<p>&nbsp;<\/p>\n<p><iframe loading=\"lazy\" title=\"Generare energia tramite comete e droni | UC3M\" width=\"768\" height=\"432\" src=\"https:\/\/www.youtube.com\/embed\/bE0fqQ24nKc?feature=oembed\" frameborder=\"0\" allow=\"accelerometer; autoplay; clipboard-write; encrypted-media; gyroscope; picture-in-picture\" allowfullscreen><\/iframe><\/p>","protected":false},"excerpt":{"rendered":"<p>Lenkdrachen bestehen nur aus einer H\u00fclle, die wie ein Luftballon aufgepustet wird. Ist die Soll-H\u00f6he erreicht, t\u00e4nzeln die Kites im Wind und zerren an den leichtgewichtigen Seilen, die sie am Davonfliegen hindern. Die Zugkraft wird am Boden in Rotation umgesetzt. Die Drehbewegung wird auf einen Generator \u00fcbertragen, der dann Strom erzeugt. Bislang nur im kleinen [&hellip;]<\/p>\n","protected":false},"author":5,"featured_media":2032,"comment_status":"open","ping_status":"open","sticky":false,"template":"","format":"standard","meta":{"_acf_changed":false,"_yoast_wpseo_focuskw":"Lenkdrachen","_yoast_wpseo_metadesc":"Lenkdrachen k\u00f6nnten die Antwort auf die Energieflaute im Windradsektor bieten. Forscher der Universidad Carlos haben eine L\u00f6sung zur Sromerzeugung gefunden.","articlekey":"","footnotes":""},"categories":[580],"tags":[218,1494,2569,2572],"class_list":["post-2029","post","type-post","status-publish","format-standard","has-post-thumbnail","hentry","category-sustainability","tag-forschung","tag-kites","tag-windenergie","tag-windraeder"],"acf":[],"yoast_head":"<!-- This site is optimized with the Yoast SEO plugin v27.4 - https:\/\/yoast.com\/product\/yoast-seo-wordpress\/ -->\n<title>Energie: Lenkdrachen sollen bald Windr\u00e4der ersetzen - Organisator<\/title>\n<meta name=\"description\" content=\"Lenkdrachen k\u00f6nnten die Antwort auf die Energieflaute im Windradsektor bieten. Forscher der Universidad Carlos haben eine L\u00f6sung zur Sromerzeugung gefunden.\" \/>\n<meta name=\"robots\" content=\"index, follow, max-snippet:-1, max-image-preview:large, max-video-preview:-1\" \/>\n<link rel=\"canonical\" href=\"https:\/\/www.organisator.ch\/it\/sostenibilita\/2019-02-21\/energie-lenkdrachen-sollen-bald-windraeder-ersetzen\/\" \/>\n<meta property=\"og:locale\" content=\"it_IT\" \/>\n<meta property=\"og:type\" content=\"article\" \/>\n<meta property=\"og:title\" content=\"Energie: Lenkdrachen sollen bald Windr\u00e4der ersetzen - Organisator\" \/>\n<meta property=\"og:description\" content=\"Lenkdrachen k\u00f6nnten die Antwort auf die Energieflaute im Windradsektor bieten. Forscher der Universidad Carlos haben eine L\u00f6sung zur Sromerzeugung gefunden.\" \/>\n<meta property=\"og:url\" content=\"https:\/\/www.organisator.ch\/it\/sostenibilita\/2019-02-21\/energie-lenkdrachen-sollen-bald-windraeder-ersetzen\/\" \/>\n<meta property=\"og:site_name\" content=\"Organisator\" \/>\n<meta property=\"article:publisher\" content=\"https:\/\/www.facebook.com\/OrganisatorFachmagazin\" \/>\n<meta property=\"article:published_time\" content=\"2019-02-21T15:36:40+00:00\" \/>\n<meta property=\"article:modified_time\" content=\"2022-02-09T10:06:18+00:00\" \/>\n<meta property=\"og:image\" content=\"https:\/\/www.organisator.ch\/wp-content\/uploads\/2019\/02\/Energie-Lenkdrachen-sollen-bald-Windraeder-ersetzen-1.jpg\" \/>\n\t<meta property=\"og:image:width\" content=\"2000\" \/>\n\t<meta property=\"og:image:height\" content=\"1333\" \/>\n\t<meta property=\"og:image:type\" content=\"image\/jpeg\" \/>\n<meta name=\"author\" content=\"michael.merz\" \/>\n<meta name=\"twitter:card\" content=\"summary_large_image\" \/>\n<script type=\"application\/ld+json\" class=\"yoast-schema-graph\">{\"@context\":\"https:\\\/\\\/schema.org\",\"@graph\":[{\"@type\":\"Article\",\"@id\":\"https:\\\/\\\/www.organisator.ch\\\/sustainability\\\/2019-02-21\\\/energie-lenkdrachen-sollen-bald-windraeder-ersetzen\\\/#article\",\"isPartOf\":{\"@id\":\"https:\\\/\\\/www.organisator.ch\\\/sustainability\\\/2019-02-21\\\/energie-lenkdrachen-sollen-bald-windraeder-ersetzen\\\/\"},\"author\":{\"name\":\"michael.merz\",\"@id\":\"https:\\\/\\\/www.organisator.ch\\\/#\\\/schema\\\/person\\\/134708ca9321c57b0362cceb7948ffbd\"},\"headline\":\"Energie: Lenkdrachen sollen bald Windr\u00e4der ersetzen\",\"datePublished\":\"2019-02-21T15:36:40+00:00\",\"dateModified\":\"2022-02-09T10:06:18+00:00\",\"mainEntityOfPage\":{\"@id\":\"https:\\\/\\\/www.organisator.ch\\\/sustainability\\\/2019-02-21\\\/energie-lenkdrachen-sollen-bald-windraeder-ersetzen\\\/\"},\"wordCount\":317,\"commentCount\":0,\"publisher\":{\"@id\":\"https:\\\/\\\/www.organisator.ch\\\/#organization\"},\"image\":{\"@id\":\"https:\\\/\\\/www.organisator.ch\\\/sustainability\\\/2019-02-21\\\/energie-lenkdrachen-sollen-bald-windraeder-ersetzen\\\/#primaryimage\"},\"thumbnailUrl\":\"https:\\\/\\\/www.organisator.ch\\\/wp-content\\\/uploads\\\/2019\\\/02\\\/Energie-Lenkdrachen-sollen-bald-Windraeder-ersetzen-1.jpg\",\"keywords\":[\"Forschung\",\"Kites\",\"Windenergie\",\"Windr\u00e4der\"],\"articleSection\":[\"SUSTAINABILITY\"],\"inLanguage\":\"it-IT\"},{\"@type\":\"WebPage\",\"@id\":\"https:\\\/\\\/www.organisator.ch\\\/sustainability\\\/2019-02-21\\\/energie-lenkdrachen-sollen-bald-windraeder-ersetzen\\\/\",\"url\":\"https:\\\/\\\/www.organisator.ch\\\/sustainability\\\/2019-02-21\\\/energie-lenkdrachen-sollen-bald-windraeder-ersetzen\\\/\",\"name\":\"Energie: Lenkdrachen sollen bald Windr\u00e4der ersetzen - Organisator\",\"isPartOf\":{\"@id\":\"https:\\\/\\\/www.organisator.ch\\\/#website\"},\"primaryImageOfPage\":{\"@id\":\"https:\\\/\\\/www.organisator.ch\\\/sustainability\\\/2019-02-21\\\/energie-lenkdrachen-sollen-bald-windraeder-ersetzen\\\/#primaryimage\"},\"image\":{\"@id\":\"https:\\\/\\\/www.organisator.ch\\\/sustainability\\\/2019-02-21\\\/energie-lenkdrachen-sollen-bald-windraeder-ersetzen\\\/#primaryimage\"},\"thumbnailUrl\":\"https:\\\/\\\/www.organisator.ch\\\/wp-content\\\/uploads\\\/2019\\\/02\\\/Energie-Lenkdrachen-sollen-bald-Windraeder-ersetzen-1.jpg\",\"datePublished\":\"2019-02-21T15:36:40+00:00\",\"dateModified\":\"2022-02-09T10:06:18+00:00\",\"description\":\"Lenkdrachen k\u00f6nnten die Antwort auf die Energieflaute im Windradsektor bieten. Forscher der Universidad Carlos haben eine L\u00f6sung zur Sromerzeugung gefunden.\",\"breadcrumb\":{\"@id\":\"https:\\\/\\\/www.organisator.ch\\\/sustainability\\\/2019-02-21\\\/energie-lenkdrachen-sollen-bald-windraeder-ersetzen\\\/#breadcrumb\"},\"inLanguage\":\"it-IT\",\"potentialAction\":[{\"@type\":\"ReadAction\",\"target\":[\"https:\\\/\\\/www.organisator.ch\\\/sustainability\\\/2019-02-21\\\/energie-lenkdrachen-sollen-bald-windraeder-ersetzen\\\/\"]}]},{\"@type\":\"ImageObject\",\"inLanguage\":\"it-IT\",\"@id\":\"https:\\\/\\\/www.organisator.ch\\\/sustainability\\\/2019-02-21\\\/energie-lenkdrachen-sollen-bald-windraeder-ersetzen\\\/#primaryimage\",\"url\":\"https:\\\/\\\/www.organisator.ch\\\/wp-content\\\/uploads\\\/2019\\\/02\\\/Energie-Lenkdrachen-sollen-bald-Windraeder-ersetzen-1.jpg\",\"contentUrl\":\"https:\\\/\\\/www.organisator.ch\\\/wp-content\\\/uploads\\\/2019\\\/02\\\/Energie-Lenkdrachen-sollen-bald-Windraeder-ersetzen-1.jpg\",\"width\":2000,\"height\":1333,\"caption\":\"kite in sky\"},{\"@type\":\"BreadcrumbList\",\"@id\":\"https:\\\/\\\/www.organisator.ch\\\/sustainability\\\/2019-02-21\\\/energie-lenkdrachen-sollen-bald-windraeder-ersetzen\\\/#breadcrumb\",\"itemListElement\":[{\"@type\":\"ListItem\",\"position\":1,\"name\":\"Home\",\"item\":\"https:\\\/\\\/www.organisator.ch\\\/\"},{\"@type\":\"ListItem\",\"position\":2,\"name\":\"Energie: Lenkdrachen sollen bald Windr\u00e4der ersetzen\"}]},{\"@type\":\"WebSite\",\"@id\":\"https:\\\/\\\/www.organisator.ch\\\/#website\",\"url\":\"https:\\\/\\\/www.organisator.ch\\\/\",\"name\":\"Organisator\",\"description\":\"Kompetent. Praxisnah. Der ORGANISATOR bereitet in 10 Ausgaben pro Jahr die wesentlichen Themen f\u00fcr F\u00fchrungskr\u00e4fte von KMU auf.\",\"publisher\":{\"@id\":\"https:\\\/\\\/www.organisator.ch\\\/#organization\"},\"potentialAction\":[{\"@type\":\"SearchAction\",\"target\":{\"@type\":\"EntryPoint\",\"urlTemplate\":\"https:\\\/\\\/www.organisator.ch\\\/?s={search_term_string}\"},\"query-input\":{\"@type\":\"PropertyValueSpecification\",\"valueRequired\":true,\"valueName\":\"search_term_string\"}}],\"inLanguage\":\"it-IT\"},{\"@type\":\"Organization\",\"@id\":\"https:\\\/\\\/www.organisator.ch\\\/#organization\",\"name\":\"Organisator\",\"url\":\"https:\\\/\\\/www.organisator.ch\\\/\",\"logo\":{\"@type\":\"ImageObject\",\"inLanguage\":\"it-IT\",\"@id\":\"https:\\\/\\\/www.organisator.ch\\\/#\\\/schema\\\/logo\\\/image\\\/\",\"url\":\"https:\\\/\\\/www.organisator.ch\\\/wp-content\\\/uploads\\\/2022\\\/01\\\/Logo_Organisator_Website.png\",\"contentUrl\":\"https:\\\/\\\/www.organisator.ch\\\/wp-content\\\/uploads\\\/2022\\\/01\\\/Logo_Organisator_Website.png\",\"width\":800,\"height\":77,\"caption\":\"Organisator\"},\"image\":{\"@id\":\"https:\\\/\\\/www.organisator.ch\\\/#\\\/schema\\\/logo\\\/image\\\/\"},\"sameAs\":[\"https:\\\/\\\/www.facebook.com\\\/OrganisatorFachmagazin\",\"https:\\\/\\\/www.linkedin.com\\\/showcase\\\/organisator-das-magazin-fr-kmu\",\"https:\\\/\\\/www.xing.com\\\/news\\\/pages\\\/organisator-ch-695\",\"https:\\\/\\\/www.youtube.com\\\/channel\\\/UCGP2Sq0iWaZwT3BdIAQFYpw\"]},{\"@type\":\"Person\",\"@id\":\"https:\\\/\\\/www.organisator.ch\\\/#\\\/schema\\\/person\\\/134708ca9321c57b0362cceb7948ffbd\",\"name\":\"michael.merz\",\"image\":{\"@type\":\"ImageObject\",\"inLanguage\":\"it-IT\",\"@id\":\"https:\\\/\\\/secure.gravatar.com\\\/avatar\\\/?s=96&d=mm&r=g\",\"url\":\"https:\\\/\\\/secure.gravatar.com\\\/avatar\\\/?s=96&d=mm&r=g\",\"contentUrl\":\"https:\\\/\\\/secure.gravatar.com\\\/avatar\\\/?s=96&d=mm&r=g\",\"caption\":\"michael.merz\"},\"url\":\"https:\\\/\\\/www.organisator.ch\\\/it\\\/author\\\/michael-merz\\\/\"}]}<\/script>\n<!-- \/ Yoast SEO plugin. -->","yoast_head_json":{"title":"Energia: gli aquiloni da acrobazia sostituiranno presto le turbine eoliche - Organizzatore","description":"Gli aquiloni da acrobazia potrebbero essere la risposta alla carenza di energia nel settore delle turbine eoliche. I ricercatori dell'Universidad Carlos hanno trovato una soluzione per generare elettricit\u00e0.","robots":{"index":"index","follow":"follow","max-snippet":"max-snippet:-1","max-image-preview":"max-image-preview:large","max-video-preview":"max-video-preview:-1"},"canonical":"https:\/\/www.organisator.ch\/it\/sostenibilita\/2019-02-21\/energie-lenkdrachen-sollen-bald-windraeder-ersetzen\/","og_locale":"it_IT","og_type":"article","og_title":"Energie: Lenkdrachen sollen bald Windr\u00e4der ersetzen - Organisator","og_description":"Lenkdrachen k\u00f6nnten die Antwort auf die Energieflaute im Windradsektor bieten. Forscher der Universidad Carlos haben eine L\u00f6sung zur Sromerzeugung gefunden.","og_url":"https:\/\/www.organisator.ch\/it\/sostenibilita\/2019-02-21\/energie-lenkdrachen-sollen-bald-windraeder-ersetzen\/","og_site_name":"Organisator","article_publisher":"https:\/\/www.facebook.com\/OrganisatorFachmagazin","article_published_time":"2019-02-21T15:36:40+00:00","article_modified_time":"2022-02-09T10:06:18+00:00","og_image":[{"width":2000,"height":1333,"url":"https:\/\/www.organisator.ch\/wp-content\/uploads\/2019\/02\/Energie-Lenkdrachen-sollen-bald-Windraeder-ersetzen-1.jpg","type":"image\/jpeg"}],"author":"michael.merz","twitter_card":"summary_large_image","schema":{"@context":"https:\/\/schema.org","@graph":[{"@type":"Article","@id":"https:\/\/www.organisator.ch\/sustainability\/2019-02-21\/energie-lenkdrachen-sollen-bald-windraeder-ersetzen\/#article","isPartOf":{"@id":"https:\/\/www.organisator.ch\/sustainability\/2019-02-21\/energie-lenkdrachen-sollen-bald-windraeder-ersetzen\/"},"author":{"name":"michael.merz","@id":"https:\/\/www.organisator.ch\/#\/schema\/person\/134708ca9321c57b0362cceb7948ffbd"},"headline":"Energie: Lenkdrachen sollen bald Windr\u00e4der ersetzen","datePublished":"2019-02-21T15:36:40+00:00","dateModified":"2022-02-09T10:06:18+00:00","mainEntityOfPage":{"@id":"https:\/\/www.organisator.ch\/sustainability\/2019-02-21\/energie-lenkdrachen-sollen-bald-windraeder-ersetzen\/"},"wordCount":317,"commentCount":0,"publisher":{"@id":"https:\/\/www.organisator.ch\/#organization"},"image":{"@id":"https:\/\/www.organisator.ch\/sustainability\/2019-02-21\/energie-lenkdrachen-sollen-bald-windraeder-ersetzen\/#primaryimage"},"thumbnailUrl":"https:\/\/www.organisator.ch\/wp-content\/uploads\/2019\/02\/Energie-Lenkdrachen-sollen-bald-Windraeder-ersetzen-1.jpg","keywords":["Forschung","Kites","Windenergie","Windr\u00e4der"],"articleSection":["SUSTAINABILITY"],"inLanguage":"it-IT"},{"@type":"WebPage","@id":"https:\/\/www.organisator.ch\/sustainability\/2019-02-21\/energie-lenkdrachen-sollen-bald-windraeder-ersetzen\/","url":"https:\/\/www.organisator.ch\/sustainability\/2019-02-21\/energie-lenkdrachen-sollen-bald-windraeder-ersetzen\/","name":"Energia: gli aquiloni da acrobazia sostituiranno presto le turbine eoliche - Organizzatore","isPartOf":{"@id":"https:\/\/www.organisator.ch\/#website"},"primaryImageOfPage":{"@id":"https:\/\/www.organisator.ch\/sustainability\/2019-02-21\/energie-lenkdrachen-sollen-bald-windraeder-ersetzen\/#primaryimage"},"image":{"@id":"https:\/\/www.organisator.ch\/sustainability\/2019-02-21\/energie-lenkdrachen-sollen-bald-windraeder-ersetzen\/#primaryimage"},"thumbnailUrl":"https:\/\/www.organisator.ch\/wp-content\/uploads\/2019\/02\/Energie-Lenkdrachen-sollen-bald-Windraeder-ersetzen-1.jpg","datePublished":"2019-02-21T15:36:40+00:00","dateModified":"2022-02-09T10:06:18+00:00","description":"Gli aquiloni da acrobazia potrebbero essere la risposta alla carenza di energia nel settore delle turbine eoliche. I ricercatori dell'Universidad Carlos hanno trovato una soluzione per generare elettricit\u00e0.","breadcrumb":{"@id":"https:\/\/www.organisator.ch\/sustainability\/2019-02-21\/energie-lenkdrachen-sollen-bald-windraeder-ersetzen\/#breadcrumb"},"inLanguage":"it-IT","potentialAction":[{"@type":"ReadAction","target":["https:\/\/www.organisator.ch\/sustainability\/2019-02-21\/energie-lenkdrachen-sollen-bald-windraeder-ersetzen\/"]}]},{"@type":"ImageObject","inLanguage":"it-IT","@id":"https:\/\/www.organisator.ch\/sustainability\/2019-02-21\/energie-lenkdrachen-sollen-bald-windraeder-ersetzen\/#primaryimage","url":"https:\/\/www.organisator.ch\/wp-content\/uploads\/2019\/02\/Energie-Lenkdrachen-sollen-bald-Windraeder-ersetzen-1.jpg","contentUrl":"https:\/\/www.organisator.ch\/wp-content\/uploads\/2019\/02\/Energie-Lenkdrachen-sollen-bald-Windraeder-ersetzen-1.jpg","width":2000,"height":1333,"caption":"kite in sky"},{"@type":"BreadcrumbList","@id":"https:\/\/www.organisator.ch\/sustainability\/2019-02-21\/energie-lenkdrachen-sollen-bald-windraeder-ersetzen\/#breadcrumb","itemListElement":[{"@type":"ListItem","position":1,"name":"Home","item":"https:\/\/www.organisator.ch\/"},{"@type":"ListItem","position":2,"name":"Energie: Lenkdrachen sollen bald Windr\u00e4der ersetzen"}]},{"@type":"WebSite","@id":"https:\/\/www.organisator.ch\/#website","url":"https:\/\/www.organisator.ch\/","name":"Organizzatore","description":"Competente. Pratico. In 10 numeri all'anno, ORGANISATOR presenta i temi essenziali per i manager delle PMI.","publisher":{"@id":"https:\/\/www.organisator.ch\/#organization"},"potentialAction":[{"@type":"SearchAction","target":{"@type":"EntryPoint","urlTemplate":"https:\/\/www.organisator.ch\/?s={search_term_string}"},"query-input":{"@type":"PropertyValueSpecification","valueRequired":true,"valueName":"search_term_string"}}],"inLanguage":"it-IT"},{"@type":"Organization","@id":"https:\/\/www.organisator.ch\/#organization","name":"Organizzatore","url":"https:\/\/www.organisator.ch\/","logo":{"@type":"ImageObject","inLanguage":"it-IT","@id":"https:\/\/www.organisator.ch\/#\/schema\/logo\/image\/","url":"https:\/\/www.organisator.ch\/wp-content\/uploads\/2022\/01\/Logo_Organisator_Website.png","contentUrl":"https:\/\/www.organisator.ch\/wp-content\/uploads\/2022\/01\/Logo_Organisator_Website.png","width":800,"height":77,"caption":"Organisator"},"image":{"@id":"https:\/\/www.organisator.ch\/#\/schema\/logo\/image\/"},"sameAs":["https:\/\/www.facebook.com\/OrganisatorFachmagazin","https:\/\/www.linkedin.com\/showcase\/organisator-das-magazin-fr-kmu","https:\/\/www.xing.com\/news\/pages\/organisator-ch-695","https:\/\/www.youtube.com\/channel\/UCGP2Sq0iWaZwT3BdIAQFYpw"]},{"@type":"Person","@id":"https:\/\/www.organisator.ch\/#\/schema\/person\/134708ca9321c57b0362cceb7948ffbd","name":"michael.merz","image":{"@type":"ImageObject","inLanguage":"it-IT","@id":"https:\/\/secure.gravatar.com\/avatar\/?s=96&d=mm&r=g","url":"https:\/\/secure.gravatar.com\/avatar\/?s=96&d=mm&r=g","contentUrl":"https:\/\/secure.gravatar.com\/avatar\/?s=96&d=mm&r=g","caption":"michael.merz"},"url":"https:\/\/www.organisator.ch\/it\/author\/michael-merz\/"}]}},"_links":{"self":[{"href":"https:\/\/www.organisator.ch\/it\/wp-json\/wp\/v2\/posts\/2029","targetHints":{"allow":["GET"]}}],"collection":[{"href":"https:\/\/www.organisator.ch\/it\/wp-json\/wp\/v2\/posts"}],"about":[{"href":"https:\/\/www.organisator.ch\/it\/wp-json\/wp\/v2\/types\/post"}],"author":[{"embeddable":true,"href":"https:\/\/www.organisator.ch\/it\/wp-json\/wp\/v2\/users\/5"}],"replies":[{"embeddable":true,"href":"https:\/\/www.organisator.ch\/it\/wp-json\/wp\/v2\/comments?post=2029"}],"version-history":[{"count":1,"href":"https:\/\/www.organisator.ch\/it\/wp-json\/wp\/v2\/posts\/2029\/revisions"}],"predecessor-version":[{"id":10560,"href":"https:\/\/www.organisator.ch\/it\/wp-json\/wp\/v2\/posts\/2029\/revisions\/10560"}],"wp:featuredmedia":[{"embeddable":true,"href":"https:\/\/www.organisator.ch\/it\/wp-json\/wp\/v2\/media\/2032"}],"wp:attachment":[{"href":"https:\/\/www.organisator.ch\/it\/wp-json\/wp\/v2\/media?parent=2029"}],"wp:term":[{"taxonomy":"category","embeddable":true,"href":"https:\/\/www.organisator.ch\/it\/wp-json\/wp\/v2\/categories?post=2029"},{"taxonomy":"post_tag","embeddable":true,"href":"https:\/\/www.organisator.ch\/it\/wp-json\/wp\/v2\/tags?post=2029"}],"curies":[{"name":"wp","href":"https:\/\/api.w.org\/{rel}","templated":true}]}}