{"id":2031,"date":"2017-06-08T11:25:20","date_gmt":"2017-06-08T09:25:20","guid":{"rendered":"https:\/\/www.organisator.ch\/?p=2031"},"modified":"2017-06-08T11:25:20","modified_gmt":"2017-06-08T09:25:20","slug":"so-laesst-sich-kuenstliche-intelligenz-bei-der-stellensuche-einsetzen","status":"publish","type":"post","link":"https:\/\/www.organisator.ch\/it\/human-resources\/hrm\/2017-06-08\/so-laesst-sich-kuenstliche-intelligenz-bei-der-stellensuche-einsetzen\/","title":{"rendered":"Ecco come l'intelligenza artificiale pu\u00f2 essere usata nella ricerca di lavoro"},"content":{"rendered":"<figure id=\"attachment_2033\" aria-describedby=\"caption-attachment-2033\" style=\"width: 480px\" class=\"wp-caption alignnone\"><img loading=\"lazy\" decoding=\"async\" class=\"size-full wp-image-2033\" src=\"https:\/\/www.organisator.ch\/wp-content\/uploads\/2017\/06\/So-laesst-sich-Kuenstliche-Intelligenz-bei-der-Stellensuche-einsetzen_Organisator.jpg\" alt=\"\" width=\"480\" height=\"480\" srcset=\"https:\/\/www.organisator.ch\/wp-content\/uploads\/2017\/06\/So-laesst-sich-Kuenstliche-Intelligenz-bei-der-Stellensuche-einsetzen_Organisator.jpg 480w, https:\/\/www.organisator.ch\/wp-content\/uploads\/2017\/06\/So-laesst-sich-Kuenstliche-Intelligenz-bei-der-Stellensuche-einsetzen_Organisator-150x150.jpg 150w, https:\/\/www.organisator.ch\/wp-content\/uploads\/2017\/06\/So-laesst-sich-Kuenstliche-Intelligenz-bei-der-Stellensuche-einsetzen_Organisator-12x12.jpg 12w, https:\/\/www.organisator.ch\/wp-content\/uploads\/2017\/06\/So-laesst-sich-Kuenstliche-Intelligenz-bei-der-Stellensuche-einsetzen_Organisator-175x175.jpg 175w, https:\/\/www.organisator.ch\/wp-content\/uploads\/2017\/06\/So-laesst-sich-Kuenstliche-Intelligenz-bei-der-Stellensuche-einsetzen_Organisator-350x350.jpg 350w, https:\/\/www.organisator.ch\/wp-content\/uploads\/2017\/06\/So-laesst-sich-Kuenstliche-Intelligenz-bei-der-Stellensuche-einsetzen_Organisator-250x250.jpg 250w, https:\/\/www.organisator.ch\/wp-content\/uploads\/2017\/06\/So-laesst-sich-Kuenstliche-Intelligenz-bei-der-Stellensuche-einsetzen_Organisator-300x300.jpg 300w, https:\/\/www.organisator.ch\/wp-content\/uploads\/2017\/06\/So-laesst-sich-Kuenstliche-Intelligenz-bei-der-Stellensuche-einsetzen_Organisator-100x100.jpg 100w\" sizes=\"auto, (max-width: 480px) 100vw, 480px\" \/><figcaption id=\"caption-attachment-2033\" class=\"wp-caption-text\">Intelligenza artificiale: ecco cosa c'\u00e8 dietro il reclutatore digitale Ella. (Immagine: Lee Hecht Harrison)<\/figcaption><\/figure>\n<p><span style=\"font-size: medium;\">Lee Hecht Harrison, societ\u00e0 del Gruppo Adecco specializzata in outplacement e riorientamento professionale, ha aggiunto un ulteriore membro del team: Ella (nella foto) \u00e8 il consulente di carriera digitale guidato dall'AI (intelligenza artificiale) che assiste efficacemente i lavoratori terminati con il riorientamento professionale e la ricerca di lavoro. <\/span><\/p>\n<p><strong>Una montagna di informazioni<\/strong><\/p>\n<p>Chiunque perda il lavoro si trova di fronte a una montagna di informazioni: Una moltitudine di piattaforme internet con offerte di lavoro, annunci di lavoro, guide di ogni tipo. Nonostante la marea di informazioni, meno di un terzo dei posti vacanti viene pubblicizzato. \u00c8 qui che entra in gioco Ella, un sistema di dialogo basato sul testo e controllato dall'intelligenza artificiale. Ella aiuta coloro che sono stati licenziati a gestire la marea di informazioni disponibili pubblicamente in base alla loro posizione iniziale individuale e pu\u00f2 anche accedere a un database con molti posti di lavoro non pubblicizzati. Il sistema di dialogo \u00e8 disponibile per tutte le persone in cerca di lavoro che partecipano a un programma di outplacement gestito da Lee Hecht Harrison.<\/p>\n<p><strong>Ella conduce un dialogo intelligente<\/strong><\/p>\n<p>Ella conduce un dialogo intelligente con i suoi utenti, afferma l'azienda. Il questionario chiede in particolare informazioni sull'istruzione e sulle competenze, sulle idee e sui desideri relativi al nuovo lavoro e sull'ambito geografico della ricerca di lavoro. Ella suggerisce quindi i possibili posti vacanti sulla base di tutte le informazioni pubblicamente disponibili e del database di Lee Hecht Harrison. N\u00e9 la persona in cerca di lavoro n\u00e9 i suoi consulenti devono preoccuparsi della lunga analisi dei dati. Questo accelera la ricerca di lavoro e la rende pi\u00f9 efficace, dicono. Inoltre, il dialogo con Ella pu\u00f2 sempre essere continuato a causa dei cambiamenti della situazione. Inoltre, grazie all'uso dell'intelligenza artificiale, Ella apprende e perfeziona costantemente le sue raccomandazioni.<\/p>\n<p><strong>\"Ella crea pi\u00f9 tempo per gli elementi personali della ricerca di lavoro\".<\/strong><\/p>\n<p>Caroline Pfeiffer Marinho, Country Manager Svizzera di Lee Hecht Harrison, sottolinea: \"L'automazione del processo mediante l'intelligenza artificiale solleva i consulenti dalla valutazione mirata dei dati, che richiede molto tempo. Questo lascia pi\u00f9 tempo per gli elementi personali della ricerca di lavoro grazie a Ella: preparazione del CV, formazione per i colloqui con i potenziali datori di lavoro, networking personale\".<\/p>\n<p><em>Fonte e ulteriori informazioni: <a href=\"http:\/\/www.lhh.ch\">Lee Hecht Harrison<\/a><\/em><\/p>","protected":false},"excerpt":{"rendered":"<p>Lee Hecht Harrison, ein Unternehmen der Adecco Group und spezialisiert auf Outplacement und die beruflichen Neuorientierung, setzt fortan ein zus\u00e4tzliches Teammitglied ein: Ella (Bild) ist die von AI (artificial intelligence; K\u00fcnstliche Intelligenz) gesteuerte digitale Karriereberaterin, die gek\u00fcndigten Arbeitskr\u00e4ften bei der beruflichen Neuorientierung und der Stellensuche wirksam unter die Arme greift. Ein Berg von Informationen Wer [&hellip;]<\/p>\n","protected":false},"author":4,"featured_media":2033,"comment_status":"open","ping_status":"open","sticky":false,"template":"","format":"standard","meta":{"_acf_changed":false,"_yoast_wpseo_focuskw":"K\u00fcnstliche Intelligenz","_yoast_wpseo_metadesc":"\"Ella\" ist eine intelligente digitale Karriereberaterin, die gek\u00fcndigte Arbeitskr\u00e4fte in der beruflichen Neuorientierung und der Stellensuche unterst\u00fctzt.","articlekey":"","footnotes":""},"categories":[26],"tags":[254,294,319,393],"class_list":["post-2031","post","type-post","status-publish","format-standard","has-post-thumbnail","hentry","category-hrm","tag-hrm","tag-karriere","tag-kuenstliche-intelligenz","tag-produkte"],"acf":[],"yoast_head":"<!-- This site is optimized with the Yoast SEO plugin v27.5 - https:\/\/yoast.com\/product\/yoast-seo-wordpress\/ -->\n<title>So l\u00e4sst sich K\u00fcnstliche Intelligenz bei der Stellensuche einsetzen - Organisator<\/title>\n<meta name=\"description\" content=\"&quot;Ella&quot; ist eine intelligente digitale Karriereberaterin, die gek\u00fcndigte Arbeitskr\u00e4fte in der beruflichen Neuorientierung und der Stellensuche unterst\u00fctzt.\" \/>\n<meta name=\"robots\" content=\"index, follow, max-snippet:-1, max-image-preview:large, max-video-preview:-1\" \/>\n<link rel=\"canonical\" href=\"https:\/\/www.organisator.ch\/it\/risorse-umane\/hrm\/2017-06-08\/so-laesst-sich-kuenstliche-intelligenz-bei-der-stellensuche-einsetzen\/\" \/>\n<meta property=\"og:locale\" content=\"it_IT\" \/>\n<meta property=\"og:type\" content=\"article\" \/>\n<meta property=\"og:title\" content=\"So l\u00e4sst sich K\u00fcnstliche Intelligenz bei der Stellensuche einsetzen\" \/>\n<meta property=\"og:description\" content=\"Mit &quot;Ella&quot; lanciert ein #Personaldienstleister eine intelligente digitale #Karriereberaterin, die gek\u00fcndigte Arbeitskr\u00e4fte in der beruflichen Neuorientierung und der #Stellensuche unterst\u00fctzt.\" \/>\n<meta property=\"og:url\" content=\"https:\/\/www.organisator.ch\/it\/risorse-umane\/hrm\/2017-06-08\/so-laesst-sich-kuenstliche-intelligenz-bei-der-stellensuche-einsetzen\/\" \/>\n<meta property=\"og:site_name\" content=\"Organisator\" \/>\n<meta property=\"article:publisher\" content=\"https:\/\/www.facebook.com\/OrganisatorFachmagazin\" \/>\n<meta property=\"article:published_time\" content=\"2017-06-08T09:25:20+00:00\" \/>\n<meta property=\"og:image\" content=\"https:\/\/www.organisator.ch\/wp-content\/uploads\/2017\/06\/So-laesst-sich-Kuenstliche-Intelligenz-bei-der-Stellensuche-einsetzen_Organisator.jpg\" \/>\n\t<meta property=\"og:image:width\" content=\"480\" \/>\n\t<meta property=\"og:image:height\" content=\"480\" \/>\n\t<meta property=\"og:image:type\" content=\"image\/jpeg\" \/>\n<meta name=\"author\" content=\"thomas.berner\" \/>\n<meta name=\"twitter:card\" content=\"summary_large_image\" \/>\n<meta name=\"twitter:title\" content=\"So l\u00e4sst sich #K\u00fcnstlicheIntelligenz bei der #Stellensuche einsetzen\" \/>\n<meta name=\"twitter:description\" content=\"Mit &quot;Ella&quot; lanciert ein #Personaldienstleister eine intelligente digitale #Karriereberaterin, die gek\u00fcndigte Arbeitskr\u00e4fte in der beruflichen Neuorientierung und der #Stellensuche unterst\u00fctzt.\" \/>\n<meta name=\"twitter:image\" content=\"https:\/\/www.organisator.ch\/wp-content\/uploads\/2017\/06\/So-l\u00e4sst-sich-K\u00fcnstliche-Intelligenz-bei-der-Stellensuche-einsetzen_Organisator.jpg\" \/>\n<script type=\"application\/ld+json\" class=\"yoast-schema-graph\">{\"@context\":\"https:\\\/\\\/schema.org\",\"@graph\":[{\"@type\":\"Article\",\"@id\":\"https:\\\/\\\/www.organisator.ch\\\/human-resources\\\/hrm\\\/2017-06-08\\\/so-laesst-sich-kuenstliche-intelligenz-bei-der-stellensuche-einsetzen\\\/#article\",\"isPartOf\":{\"@id\":\"https:\\\/\\\/www.organisator.ch\\\/human-resources\\\/hrm\\\/2017-06-08\\\/so-laesst-sich-kuenstliche-intelligenz-bei-der-stellensuche-einsetzen\\\/\"},\"author\":{\"name\":\"thomas.berner\",\"@id\":\"https:\\\/\\\/www.organisator.ch\\\/#\\\/schema\\\/person\\\/6f650f90b2842cd4c0cc334b4e36f67e\"},\"headline\":\"So l\u00e4sst sich K\u00fcnstliche Intelligenz bei der Stellensuche einsetzen\",\"datePublished\":\"2017-06-08T09:25:20+00:00\",\"mainEntityOfPage\":{\"@id\":\"https:\\\/\\\/www.organisator.ch\\\/human-resources\\\/hrm\\\/2017-06-08\\\/so-laesst-sich-kuenstliche-intelligenz-bei-der-stellensuche-einsetzen\\\/\"},\"wordCount\":390,\"commentCount\":0,\"publisher\":{\"@id\":\"https:\\\/\\\/www.organisator.ch\\\/#organization\"},\"image\":{\"@id\":\"https:\\\/\\\/www.organisator.ch\\\/human-resources\\\/hrm\\\/2017-06-08\\\/so-laesst-sich-kuenstliche-intelligenz-bei-der-stellensuche-einsetzen\\\/#primaryimage\"},\"thumbnailUrl\":\"https:\\\/\\\/www.organisator.ch\\\/wp-content\\\/uploads\\\/2017\\\/06\\\/So-laesst-sich-Kuenstliche-Intelligenz-bei-der-Stellensuche-einsetzen_Organisator.jpg\",\"keywords\":[\"HRM\",\"Karriere\",\"K\u00fcnstliche Intelligenz\",\"Produkte\"],\"articleSection\":[\"HRM\"],\"inLanguage\":\"it-IT\"},{\"@type\":\"WebPage\",\"@id\":\"https:\\\/\\\/www.organisator.ch\\\/human-resources\\\/hrm\\\/2017-06-08\\\/so-laesst-sich-kuenstliche-intelligenz-bei-der-stellensuche-einsetzen\\\/\",\"url\":\"https:\\\/\\\/www.organisator.ch\\\/human-resources\\\/hrm\\\/2017-06-08\\\/so-laesst-sich-kuenstliche-intelligenz-bei-der-stellensuche-einsetzen\\\/\",\"name\":\"So l\u00e4sst sich K\u00fcnstliche Intelligenz bei der Stellensuche einsetzen - Organisator\",\"isPartOf\":{\"@id\":\"https:\\\/\\\/www.organisator.ch\\\/#website\"},\"primaryImageOfPage\":{\"@id\":\"https:\\\/\\\/www.organisator.ch\\\/human-resources\\\/hrm\\\/2017-06-08\\\/so-laesst-sich-kuenstliche-intelligenz-bei-der-stellensuche-einsetzen\\\/#primaryimage\"},\"image\":{\"@id\":\"https:\\\/\\\/www.organisator.ch\\\/human-resources\\\/hrm\\\/2017-06-08\\\/so-laesst-sich-kuenstliche-intelligenz-bei-der-stellensuche-einsetzen\\\/#primaryimage\"},\"thumbnailUrl\":\"https:\\\/\\\/www.organisator.ch\\\/wp-content\\\/uploads\\\/2017\\\/06\\\/So-laesst-sich-Kuenstliche-Intelligenz-bei-der-Stellensuche-einsetzen_Organisator.jpg\",\"datePublished\":\"2017-06-08T09:25:20+00:00\",\"description\":\"\\\"Ella\\\" ist eine intelligente digitale Karriereberaterin, die gek\u00fcndigte Arbeitskr\u00e4fte in der beruflichen Neuorientierung und der Stellensuche unterst\u00fctzt.\",\"breadcrumb\":{\"@id\":\"https:\\\/\\\/www.organisator.ch\\\/human-resources\\\/hrm\\\/2017-06-08\\\/so-laesst-sich-kuenstliche-intelligenz-bei-der-stellensuche-einsetzen\\\/#breadcrumb\"},\"inLanguage\":\"it-IT\",\"potentialAction\":[{\"@type\":\"ReadAction\",\"target\":[\"https:\\\/\\\/www.organisator.ch\\\/human-resources\\\/hrm\\\/2017-06-08\\\/so-laesst-sich-kuenstliche-intelligenz-bei-der-stellensuche-einsetzen\\\/\"]}]},{\"@type\":\"ImageObject\",\"inLanguage\":\"it-IT\",\"@id\":\"https:\\\/\\\/www.organisator.ch\\\/human-resources\\\/hrm\\\/2017-06-08\\\/so-laesst-sich-kuenstliche-intelligenz-bei-der-stellensuche-einsetzen\\\/#primaryimage\",\"url\":\"https:\\\/\\\/www.organisator.ch\\\/wp-content\\\/uploads\\\/2017\\\/06\\\/So-laesst-sich-Kuenstliche-Intelligenz-bei-der-Stellensuche-einsetzen_Organisator.jpg\",\"contentUrl\":\"https:\\\/\\\/www.organisator.ch\\\/wp-content\\\/uploads\\\/2017\\\/06\\\/So-laesst-sich-Kuenstliche-Intelligenz-bei-der-Stellensuche-einsetzen_Organisator.jpg\",\"width\":480,\"height\":480,\"caption\":\"K\u00fcnstliche Intelligenz: Das steckt hinter der digitalen Personalberaterin Ella. (Bild: Lee Hecht Harrison)\"},{\"@type\":\"BreadcrumbList\",\"@id\":\"https:\\\/\\\/www.organisator.ch\\\/human-resources\\\/hrm\\\/2017-06-08\\\/so-laesst-sich-kuenstliche-intelligenz-bei-der-stellensuche-einsetzen\\\/#breadcrumb\",\"itemListElement\":[{\"@type\":\"ListItem\",\"position\":1,\"name\":\"Home\",\"item\":\"https:\\\/\\\/www.organisator.ch\\\/\"},{\"@type\":\"ListItem\",\"position\":2,\"name\":\"So l\u00e4sst sich K\u00fcnstliche Intelligenz bei der Stellensuche einsetzen\"}]},{\"@type\":\"WebSite\",\"@id\":\"https:\\\/\\\/www.organisator.ch\\\/#website\",\"url\":\"https:\\\/\\\/www.organisator.ch\\\/\",\"name\":\"Organisator\",\"description\":\"Kompetent. Praxisnah. Der ORGANISATOR bereitet in 10 Ausgaben pro Jahr die wesentlichen Themen f\u00fcr F\u00fchrungskr\u00e4fte von KMU auf.\",\"publisher\":{\"@id\":\"https:\\\/\\\/www.organisator.ch\\\/#organization\"},\"potentialAction\":[{\"@type\":\"SearchAction\",\"target\":{\"@type\":\"EntryPoint\",\"urlTemplate\":\"https:\\\/\\\/www.organisator.ch\\\/?s={search_term_string}\"},\"query-input\":{\"@type\":\"PropertyValueSpecification\",\"valueRequired\":true,\"valueName\":\"search_term_string\"}}],\"inLanguage\":\"it-IT\"},{\"@type\":\"Organization\",\"@id\":\"https:\\\/\\\/www.organisator.ch\\\/#organization\",\"name\":\"Organisator\",\"url\":\"https:\\\/\\\/www.organisator.ch\\\/\",\"logo\":{\"@type\":\"ImageObject\",\"inLanguage\":\"it-IT\",\"@id\":\"https:\\\/\\\/www.organisator.ch\\\/#\\\/schema\\\/logo\\\/image\\\/\",\"url\":\"https:\\\/\\\/www.organisator.ch\\\/wp-content\\\/uploads\\\/2022\\\/01\\\/Logo_Organisator_Website.png\",\"contentUrl\":\"https:\\\/\\\/www.organisator.ch\\\/wp-content\\\/uploads\\\/2022\\\/01\\\/Logo_Organisator_Website.png\",\"width\":800,\"height\":77,\"caption\":\"Organisator\"},\"image\":{\"@id\":\"https:\\\/\\\/www.organisator.ch\\\/#\\\/schema\\\/logo\\\/image\\\/\"},\"sameAs\":[\"https:\\\/\\\/www.facebook.com\\\/OrganisatorFachmagazin\",\"https:\\\/\\\/www.linkedin.com\\\/showcase\\\/organisator-das-magazin-fr-kmu\",\"https:\\\/\\\/www.xing.com\\\/news\\\/pages\\\/organisator-ch-695\",\"https:\\\/\\\/www.youtube.com\\\/channel\\\/UCGP2Sq0iWaZwT3BdIAQFYpw\"]},{\"@type\":\"Person\",\"@id\":\"https:\\\/\\\/www.organisator.ch\\\/#\\\/schema\\\/person\\\/6f650f90b2842cd4c0cc334b4e36f67e\",\"name\":\"thomas.berner\",\"image\":{\"@type\":\"ImageObject\",\"inLanguage\":\"it-IT\",\"@id\":\"https:\\\/\\\/secure.gravatar.com\\\/avatar\\\/ac5001d2a36cb6c6cd3e50789007ffca834b477b74a2144564522e944eabff61?s=96&d=mm&r=g\",\"url\":\"https:\\\/\\\/secure.gravatar.com\\\/avatar\\\/ac5001d2a36cb6c6cd3e50789007ffca834b477b74a2144564522e944eabff61?s=96&d=mm&r=g\",\"contentUrl\":\"https:\\\/\\\/secure.gravatar.com\\\/avatar\\\/ac5001d2a36cb6c6cd3e50789007ffca834b477b74a2144564522e944eabff61?s=96&d=mm&r=g\",\"caption\":\"thomas.berner\"},\"url\":\"https:\\\/\\\/www.organisator.ch\\\/it\\\/author\\\/thomas-berner\\\/\"}]}<\/script>\n<!-- \/ Yoast SEO plugin. -->","yoast_head_json":{"title":"Come l'intelligenza artificiale pu\u00f2 essere utilizzata nella ricerca di lavoro - Organizzatore","description":"\"Ella\" \u00e8 un consulente di carriera digitale intelligente che supporta i lavoratori terminati nel riorientamento professionale e nella ricerca di lavoro.","robots":{"index":"index","follow":"follow","max-snippet":"max-snippet:-1","max-image-preview":"max-image-preview:large","max-video-preview":"max-video-preview:-1"},"canonical":"https:\/\/www.organisator.ch\/it\/risorse-umane\/hrm\/2017-06-08\/so-laesst-sich-kuenstliche-intelligenz-bei-der-stellensuche-einsetzen\/","og_locale":"it_IT","og_type":"article","og_title":"So l\u00e4sst sich K\u00fcnstliche Intelligenz bei der Stellensuche einsetzen","og_description":"Mit \"Ella\" lanciert ein #Personaldienstleister eine intelligente digitale #Karriereberaterin, die gek\u00fcndigte Arbeitskr\u00e4fte in der beruflichen Neuorientierung und der #Stellensuche unterst\u00fctzt.","og_url":"https:\/\/www.organisator.ch\/it\/risorse-umane\/hrm\/2017-06-08\/so-laesst-sich-kuenstliche-intelligenz-bei-der-stellensuche-einsetzen\/","og_site_name":"Organisator","article_publisher":"https:\/\/www.facebook.com\/OrganisatorFachmagazin","article_published_time":"2017-06-08T09:25:20+00:00","og_image":[{"width":480,"height":480,"url":"https:\/\/www.organisator.ch\/wp-content\/uploads\/2017\/06\/So-laesst-sich-Kuenstliche-Intelligenz-bei-der-Stellensuche-einsetzen_Organisator.jpg","type":"image\/jpeg"}],"author":"thomas.berner","twitter_card":"summary_large_image","twitter_title":"So l\u00e4sst sich #K\u00fcnstlicheIntelligenz bei der #Stellensuche einsetzen","twitter_description":"Mit \"Ella\" lanciert ein #Personaldienstleister eine intelligente digitale #Karriereberaterin, die gek\u00fcndigte Arbeitskr\u00e4fte in der beruflichen Neuorientierung und der #Stellensuche unterst\u00fctzt.","twitter_image":"https:\/\/www.organisator.ch\/wp-content\/uploads\/2017\/06\/So-l\u00e4sst-sich-K\u00fcnstliche-Intelligenz-bei-der-Stellensuche-einsetzen_Organisator.jpg","schema":{"@context":"https:\/\/schema.org","@graph":[{"@type":"Article","@id":"https:\/\/www.organisator.ch\/human-resources\/hrm\/2017-06-08\/so-laesst-sich-kuenstliche-intelligenz-bei-der-stellensuche-einsetzen\/#article","isPartOf":{"@id":"https:\/\/www.organisator.ch\/human-resources\/hrm\/2017-06-08\/so-laesst-sich-kuenstliche-intelligenz-bei-der-stellensuche-einsetzen\/"},"author":{"name":"thomas.berner","@id":"https:\/\/www.organisator.ch\/#\/schema\/person\/6f650f90b2842cd4c0cc334b4e36f67e"},"headline":"So l\u00e4sst sich K\u00fcnstliche Intelligenz bei der Stellensuche einsetzen","datePublished":"2017-06-08T09:25:20+00:00","mainEntityOfPage":{"@id":"https:\/\/www.organisator.ch\/human-resources\/hrm\/2017-06-08\/so-laesst-sich-kuenstliche-intelligenz-bei-der-stellensuche-einsetzen\/"},"wordCount":390,"commentCount":0,"publisher":{"@id":"https:\/\/www.organisator.ch\/#organization"},"image":{"@id":"https:\/\/www.organisator.ch\/human-resources\/hrm\/2017-06-08\/so-laesst-sich-kuenstliche-intelligenz-bei-der-stellensuche-einsetzen\/#primaryimage"},"thumbnailUrl":"https:\/\/www.organisator.ch\/wp-content\/uploads\/2017\/06\/So-laesst-sich-Kuenstliche-Intelligenz-bei-der-Stellensuche-einsetzen_Organisator.jpg","keywords":["HRM","Karriere","K\u00fcnstliche Intelligenz","Produkte"],"articleSection":["HRM"],"inLanguage":"it-IT"},{"@type":"WebPage","@id":"https:\/\/www.organisator.ch\/human-resources\/hrm\/2017-06-08\/so-laesst-sich-kuenstliche-intelligenz-bei-der-stellensuche-einsetzen\/","url":"https:\/\/www.organisator.ch\/human-resources\/hrm\/2017-06-08\/so-laesst-sich-kuenstliche-intelligenz-bei-der-stellensuche-einsetzen\/","name":"Come l'intelligenza artificiale pu\u00f2 essere utilizzata nella ricerca di lavoro - Organizzatore","isPartOf":{"@id":"https:\/\/www.organisator.ch\/#website"},"primaryImageOfPage":{"@id":"https:\/\/www.organisator.ch\/human-resources\/hrm\/2017-06-08\/so-laesst-sich-kuenstliche-intelligenz-bei-der-stellensuche-einsetzen\/#primaryimage"},"image":{"@id":"https:\/\/www.organisator.ch\/human-resources\/hrm\/2017-06-08\/so-laesst-sich-kuenstliche-intelligenz-bei-der-stellensuche-einsetzen\/#primaryimage"},"thumbnailUrl":"https:\/\/www.organisator.ch\/wp-content\/uploads\/2017\/06\/So-laesst-sich-Kuenstliche-Intelligenz-bei-der-Stellensuche-einsetzen_Organisator.jpg","datePublished":"2017-06-08T09:25:20+00:00","description":"\"Ella\" \u00e8 un consulente di carriera digitale intelligente che supporta i lavoratori terminati nel riorientamento professionale e nella ricerca di lavoro.","breadcrumb":{"@id":"https:\/\/www.organisator.ch\/human-resources\/hrm\/2017-06-08\/so-laesst-sich-kuenstliche-intelligenz-bei-der-stellensuche-einsetzen\/#breadcrumb"},"inLanguage":"it-IT","potentialAction":[{"@type":"ReadAction","target":["https:\/\/www.organisator.ch\/human-resources\/hrm\/2017-06-08\/so-laesst-sich-kuenstliche-intelligenz-bei-der-stellensuche-einsetzen\/"]}]},{"@type":"ImageObject","inLanguage":"it-IT","@id":"https:\/\/www.organisator.ch\/human-resources\/hrm\/2017-06-08\/so-laesst-sich-kuenstliche-intelligenz-bei-der-stellensuche-einsetzen\/#primaryimage","url":"https:\/\/www.organisator.ch\/wp-content\/uploads\/2017\/06\/So-laesst-sich-Kuenstliche-Intelligenz-bei-der-Stellensuche-einsetzen_Organisator.jpg","contentUrl":"https:\/\/www.organisator.ch\/wp-content\/uploads\/2017\/06\/So-laesst-sich-Kuenstliche-Intelligenz-bei-der-Stellensuche-einsetzen_Organisator.jpg","width":480,"height":480,"caption":"K\u00fcnstliche Intelligenz: Das steckt hinter der digitalen Personalberaterin Ella. (Bild: Lee Hecht Harrison)"},{"@type":"BreadcrumbList","@id":"https:\/\/www.organisator.ch\/human-resources\/hrm\/2017-06-08\/so-laesst-sich-kuenstliche-intelligenz-bei-der-stellensuche-einsetzen\/#breadcrumb","itemListElement":[{"@type":"ListItem","position":1,"name":"Home","item":"https:\/\/www.organisator.ch\/"},{"@type":"ListItem","position":2,"name":"So l\u00e4sst sich K\u00fcnstliche Intelligenz bei der Stellensuche einsetzen"}]},{"@type":"WebSite","@id":"https:\/\/www.organisator.ch\/#website","url":"https:\/\/www.organisator.ch\/","name":"Organizzatore","description":"Competente. Pratico. In 10 numeri all'anno, ORGANISATOR presenta i temi essenziali per i manager delle PMI.","publisher":{"@id":"https:\/\/www.organisator.ch\/#organization"},"potentialAction":[{"@type":"SearchAction","target":{"@type":"EntryPoint","urlTemplate":"https:\/\/www.organisator.ch\/?s={search_term_string}"},"query-input":{"@type":"PropertyValueSpecification","valueRequired":true,"valueName":"search_term_string"}}],"inLanguage":"it-IT"},{"@type":"Organization","@id":"https:\/\/www.organisator.ch\/#organization","name":"Organizzatore","url":"https:\/\/www.organisator.ch\/","logo":{"@type":"ImageObject","inLanguage":"it-IT","@id":"https:\/\/www.organisator.ch\/#\/schema\/logo\/image\/","url":"https:\/\/www.organisator.ch\/wp-content\/uploads\/2022\/01\/Logo_Organisator_Website.png","contentUrl":"https:\/\/www.organisator.ch\/wp-content\/uploads\/2022\/01\/Logo_Organisator_Website.png","width":800,"height":77,"caption":"Organisator"},"image":{"@id":"https:\/\/www.organisator.ch\/#\/schema\/logo\/image\/"},"sameAs":["https:\/\/www.facebook.com\/OrganisatorFachmagazin","https:\/\/www.linkedin.com\/showcase\/organisator-das-magazin-fr-kmu","https:\/\/www.xing.com\/news\/pages\/organisator-ch-695","https:\/\/www.youtube.com\/channel\/UCGP2Sq0iWaZwT3BdIAQFYpw"]},{"@type":"Person","@id":"https:\/\/www.organisator.ch\/#\/schema\/person\/6f650f90b2842cd4c0cc334b4e36f67e","name":"Tommaso.berner","image":{"@type":"ImageObject","inLanguage":"it-IT","@id":"https:\/\/secure.gravatar.com\/avatar\/ac5001d2a36cb6c6cd3e50789007ffca834b477b74a2144564522e944eabff61?s=96&d=mm&r=g","url":"https:\/\/secure.gravatar.com\/avatar\/ac5001d2a36cb6c6cd3e50789007ffca834b477b74a2144564522e944eabff61?s=96&d=mm&r=g","contentUrl":"https:\/\/secure.gravatar.com\/avatar\/ac5001d2a36cb6c6cd3e50789007ffca834b477b74a2144564522e944eabff61?s=96&d=mm&r=g","caption":"thomas.berner"},"url":"https:\/\/www.organisator.ch\/it\/author\/thomas-berner\/"}]}},"_links":{"self":[{"href":"https:\/\/www.organisator.ch\/it\/wp-json\/wp\/v2\/posts\/2031","targetHints":{"allow":["GET"]}}],"collection":[{"href":"https:\/\/www.organisator.ch\/it\/wp-json\/wp\/v2\/posts"}],"about":[{"href":"https:\/\/www.organisator.ch\/it\/wp-json\/wp\/v2\/types\/post"}],"author":[{"embeddable":true,"href":"https:\/\/www.organisator.ch\/it\/wp-json\/wp\/v2\/users\/4"}],"replies":[{"embeddable":true,"href":"https:\/\/www.organisator.ch\/it\/wp-json\/wp\/v2\/comments?post=2031"}],"version-history":[{"count":0,"href":"https:\/\/www.organisator.ch\/it\/wp-json\/wp\/v2\/posts\/2031\/revisions"}],"wp:featuredmedia":[{"embeddable":true,"href":"https:\/\/www.organisator.ch\/it\/wp-json\/wp\/v2\/media\/2033"}],"wp:attachment":[{"href":"https:\/\/www.organisator.ch\/it\/wp-json\/wp\/v2\/media?parent=2031"}],"wp:term":[{"taxonomy":"category","embeddable":true,"href":"https:\/\/www.organisator.ch\/it\/wp-json\/wp\/v2\/categories?post=2031"},{"taxonomy":"post_tag","embeddable":true,"href":"https:\/\/www.organisator.ch\/it\/wp-json\/wp\/v2\/tags?post=2031"}],"curies":[{"name":"wp","href":"https:\/\/api.w.org\/{rel}","templated":true}]}}