{"id":2040,"date":"2019-02-28T16:01:05","date_gmt":"2019-02-28T15:01:05","guid":{"rendered":"https:\/\/www.umweltperspektiven.ch\/?p=2040"},"modified":"2022-02-09T11:10:53","modified_gmt":"2022-02-09T10:10:53","slug":"welt-wildtier-tag-am-3-maerz-2019-im-zeichen-der-meerestiere","status":"publish","type":"post","link":"https:\/\/www.organisator.ch\/it\/sustainability\/2019-02-28\/welt-wildtier-tag-am-3-maerz-2019-im-zeichen-der-meerestiere\/","title":{"rendered":"Giornata mondiale della fauna selvatica il 3 marzo 2019 sotto il segno degli animali marini"},"content":{"rendered":"<figure id=\"attachment_2041\" aria-describedby=\"caption-attachment-2041\" style=\"width: 640px\" class=\"wp-caption alignnone\"><img loading=\"lazy\" decoding=\"async\" class=\"size-full wp-image-2041\" src=\"\/\/www.umweltperspektiven.ch\/wp-content\/uploads\/2019\/02\/Welt-Wildtier-Tag-am-3.-M\u00e4rz-2019-im-Zeichen-der-Meerestiere-UP_Umwelt-Perspektiven.jpg\" alt=\"\" width=\"640\" height=\"480\" \/><figcaption id=\"caption-attachment-2041\" class=\"wp-caption-text\">A pochi passi da localit\u00e0 marine protette, i rifiuti di plastica sono ovunque. Una situazione minacciosa per gli animali e gli esseri umani. (Immagine simbolo: Unsplash)<\/figcaption><\/figure>\n<p><span style=\"font-size: 10.5pt; font-family: 'Arial','sans-serif';\">La Giornata Mondiale della Fauna Selvatica, che si celebra il 3 marzo, non dovrebbe limitarsi a fermare il sovrasfruttamento delle risorse ittiche.<\/span><span style=\"font-size: 10.5pt; font-family: 'Arial','sans-serif';\"> mari dalla pesca industriale, ma anche da quella illegale, no, sta per essere istituito un nuovo programma ambientale da considerare a livello globale. <\/span><b><\/b><\/p>\n<p><span style=\"font-size: 10.5pt; font-family: 'Arial','sans-serif';\">Una questione molto urgente nell'agenda ambientale \u00e8 anche quella dei rifiuti di plastica negli oceani del mondo. Il problema dell'inquinamento degli oceani con plastica, microplastica ed elementi di pesca perduti \u00e8 uno dei maggiori problemi ambientali. <\/span><\/p>\n<p><span style=\"font-size: 10.5pt; font-family: 'Arial','sans-serif';\">I rifiuti di plastica in mare minacciano gli animali marini e gli esseri umani nella stessa misura e in diversi modi. <\/span><span style=\"font-size: 10.5pt; font-family: 'Arial','sans-serif';\">\"Ogni giorno, ogni ora, ogni minuto, la discarica oceanica diventa sempre pi\u00f9 grande e la situazione dell'habitat marino si deteriora di conseguenza\", afferma Fabienne McLellan, responsabile della cooperazione internazionale dell'organizzazione per la conservazione marina OceanCare, commentando l'importanza della sfida.<\/span><\/p>\n<p><span style=\"font-size: 10.5pt; font-family: 'Arial','sans-serif';\">Gli animali marini scambiano la plastica per cibo o rimangono impigliati nei rifiuti di plastica, con conseguenze solitamente fatali. I numeri sono gravi: centinaia di migliaia di delfini, balene, foche, tartarughe e persino orsi polari sono vittime dei rifiuti di plastica; il numero di uccelli marini che muoiono \u00e8 di milioni. Poich\u00e9 le tossine vengono secrete all'interno e intorno alle microplastiche, pesci, crostacei e altri animali vengono contaminati dagli inquinanti. Questo cibo avvelenato proveniente dal mare minaccia anche la salute umana alla fine della catena alimentare. <\/span><\/p>\n<p><strong><span style=\"font-size: 10.5pt; font-family: 'Arial','sans-serif';\">I mezzi di sussistenza di tutti sono minacciati\u00a0<\/span><\/strong><\/p>\n<p><span style=\"font-size: 10.5pt; font-family: 'Arial','sans-serif';\">I rifiuti della civilt\u00e0 mettono in pericolo anche il sostentamento delle popolazioni costiere e degli abitanti dei piccoli Stati insulari, perch\u00e9 allontanano i turisti e ostacolano la pesca. \"Bruciare, coprire e seppellire non sono la soluzione. La domanda \u00e8 se riusciremo a fare abbastanza in fretta per allontanarci dai prodotti monouso nei nostri modelli di consumo e nell'economia reale. I politici devono accelerare il quadro di riferimento per un'economia circolare progressiva\", chiede McLellan. A Nairobi si discuter\u00e0 anche di un nuovo e vincolante accordo internazionale sulle materie plastiche, che OceanCare aveva gi\u00e0 sostenuto in anticipo.<\/span><\/p>\n<p><b><span style=\"font-size: 10.5pt; font-family: 'Arial','sans-serif';\">La pesca eccessiva porta al bracconaggio negli oceani<\/span><\/b><\/p>\n<p><span style=\"font-size: 10.5pt; font-family: 'Arial','sans-serif';\">OceanCare \u00e8 anche preoccupata per una tendenza che negli ultimi anni \u00e8 stata indicata come un effetto diretto della pesca eccessiva negli oceani: il bracconaggio. Da quando i mari sono stati saccheggiati su larga scala dalla pesca industriale, ma anche da quella illegale, le reti dei pescatori locali rimangono sempre pi\u00f9 spesso vuote. In preda all'angoscia, diventano essi stessi autori di reati e iniziano a cacciare di frodo tartarughe, delfini e lamantini in via di estinzione. Il bracconaggio di animali marini \u00e8 chiamato \"Carne selvatica acquatica\". Il numero di animali marini uccisi illegalmente \u00e8 aumentato rapidamente in tutto il mondo. La carne selvatica acquatica \u00e8 particolarmente diffusa in Africa occidentale. OceanCare va a fondo delle cause principali e affronta il problema ancora poco conosciuto dell'UNEA4. <\/span><\/p>\n<p><span style=\"font-size: 10.5pt; font-family: 'Arial','sans-serif';\"><em>OceanCare parteciper\u00e0 alla conferenza UNEA4 di Nairobi con tre esperti e riferir\u00e0 le loro esperienze e - si spera! - successi: <\/em><a href=\"\/\/www.oceancare.org\/blog\"><em>www.oceancare.org\/blog<\/em><\/a><\/span><\/p>","protected":false},"excerpt":{"rendered":"<p>Am Welt-Wildtier-Tag am 3. M\u00e4rz soll es nicht einfach darum gehen, die \u00dcberfischung der Meere durch die industrielle, aber auch die illegale Fischerei in die Schranken zu weisen, nein, ein neues, global zu betrachtendes Umweltprogramm wird demn\u00e4chst aufgestellt. Ein sehr dringendes Thema auf der Umweltagenda ist auch der Plastikm\u00fcll in den Weltmeeren. Das Problem der [&hellip;]<\/p>\n","protected":false},"author":5,"featured_media":2041,"comment_status":"open","ping_status":"open","sticky":false,"template":"","format":"standard","meta":{"_acf_changed":false,"_yoast_wpseo_focuskw":"Welt-Wildtier-Tag","_yoast_wpseo_metadesc":"Die Vereinten Nationen haben den 3. M\u00e4rz als Welt-Wildtier-Tag erkl\u00e4rt. Dieses Jahr steht dieser Tag im Zeichen der Meerestiere.","articlekey":"","footnotes":""},"categories":[580],"tags":[1681,1923,2374,2541],"class_list":["post-2040","post","type-post","status-publish","format-standard","has-post-thumbnail","hentry","category-sustainability","tag-meerestiere","tag-plastikmuell","tag-umweltprogramm","tag-welt-wildtier-tag"],"acf":[],"yoast_head":"<!-- This site is optimized with the Yoast SEO plugin v27.5 - https:\/\/yoast.com\/product\/yoast-seo-wordpress\/ -->\n<title>Welt-Wildtier-Tag am 3. M\u00e4rz 2019 im Zeichen der Meerestiere - Organisator<\/title>\n<meta name=\"description\" content=\"Die Vereinten Nationen haben den 3. M\u00e4rz als Welt-Wildtier-Tag erkl\u00e4rt. Dieses Jahr steht dieser Tag im Zeichen der Meerestiere.\" \/>\n<meta name=\"robots\" content=\"index, follow, max-snippet:-1, max-image-preview:large, max-video-preview:-1\" \/>\n<link rel=\"canonical\" href=\"https:\/\/www.organisator.ch\/it\/sostenibilita\/2019-02-28\/welt-wildtier-tag-am-3-maerz-2019-im-zeichen-der-meerestiere\/\" \/>\n<meta property=\"og:locale\" content=\"it_IT\" \/>\n<meta property=\"og:type\" content=\"article\" \/>\n<meta property=\"og:title\" content=\"Welt-Wildtier-Tag am 3. M\u00e4rz 2019 im Zeichen der Meerestiere - Organisator\" \/>\n<meta property=\"og:description\" content=\"Die Vereinten Nationen haben den 3. M\u00e4rz als Welt-Wildtier-Tag erkl\u00e4rt. Dieses Jahr steht dieser Tag im Zeichen der Meerestiere.\" \/>\n<meta property=\"og:url\" content=\"https:\/\/www.organisator.ch\/it\/sostenibilita\/2019-02-28\/welt-wildtier-tag-am-3-maerz-2019-im-zeichen-der-meerestiere\/\" \/>\n<meta property=\"og:site_name\" content=\"Organisator\" \/>\n<meta property=\"article:publisher\" content=\"https:\/\/www.facebook.com\/OrganisatorFachmagazin\" \/>\n<meta property=\"article:published_time\" content=\"2019-02-28T15:01:05+00:00\" \/>\n<meta property=\"article:modified_time\" content=\"2022-02-09T10:10:53+00:00\" \/>\n<meta property=\"og:image\" content=\"https:\/\/www.organisator.ch\/wp-content\/uploads\/2019\/02\/Welt-Wildtier-Tag-am-3.-Maerz-2019-im-Zeichen-der-Meerestiere-UP_Umwelt-Perspektiven.jpg\" \/>\n\t<meta property=\"og:image:width\" content=\"640\" \/>\n\t<meta property=\"og:image:height\" content=\"480\" \/>\n\t<meta property=\"og:image:type\" content=\"image\/jpeg\" \/>\n<meta name=\"author\" content=\"michael.merz\" \/>\n<meta name=\"twitter:card\" content=\"summary_large_image\" \/>\n<script type=\"application\/ld+json\" class=\"yoast-schema-graph\">{\"@context\":\"https:\\\/\\\/schema.org\",\"@graph\":[{\"@type\":\"Article\",\"@id\":\"https:\\\/\\\/www.organisator.ch\\\/sustainability\\\/2019-02-28\\\/welt-wildtier-tag-am-3-maerz-2019-im-zeichen-der-meerestiere\\\/#article\",\"isPartOf\":{\"@id\":\"https:\\\/\\\/www.organisator.ch\\\/sustainability\\\/2019-02-28\\\/welt-wildtier-tag-am-3-maerz-2019-im-zeichen-der-meerestiere\\\/\"},\"author\":{\"name\":\"michael.merz\",\"@id\":\"https:\\\/\\\/www.organisator.ch\\\/#\\\/schema\\\/person\\\/134708ca9321c57b0362cceb7948ffbd\"},\"headline\":\"Welt-Wildtier-Tag am 3. M\u00e4rz 2019 im Zeichen der Meerestiere\",\"datePublished\":\"2019-02-28T15:01:05+00:00\",\"dateModified\":\"2022-02-09T10:10:53+00:00\",\"mainEntityOfPage\":{\"@id\":\"https:\\\/\\\/www.organisator.ch\\\/sustainability\\\/2019-02-28\\\/welt-wildtier-tag-am-3-maerz-2019-im-zeichen-der-meerestiere\\\/\"},\"wordCount\":495,\"commentCount\":0,\"publisher\":{\"@id\":\"https:\\\/\\\/www.organisator.ch\\\/#organization\"},\"image\":{\"@id\":\"https:\\\/\\\/www.organisator.ch\\\/sustainability\\\/2019-02-28\\\/welt-wildtier-tag-am-3-maerz-2019-im-zeichen-der-meerestiere\\\/#primaryimage\"},\"thumbnailUrl\":\"https:\\\/\\\/www.organisator.ch\\\/wp-content\\\/uploads\\\/2019\\\/02\\\/Welt-Wildtier-Tag-am-3.-Maerz-2019-im-Zeichen-der-Meerestiere-UP_Umwelt-Perspektiven.jpg\",\"keywords\":[\"Meerestiere\",\"Plastikm\u00fcll\",\"Umweltprogramm\",\"Welt-Wildtier-Tag\"],\"articleSection\":[\"SUSTAINABILITY\"],\"inLanguage\":\"it-IT\"},{\"@type\":\"WebPage\",\"@id\":\"https:\\\/\\\/www.organisator.ch\\\/sustainability\\\/2019-02-28\\\/welt-wildtier-tag-am-3-maerz-2019-im-zeichen-der-meerestiere\\\/\",\"url\":\"https:\\\/\\\/www.organisator.ch\\\/sustainability\\\/2019-02-28\\\/welt-wildtier-tag-am-3-maerz-2019-im-zeichen-der-meerestiere\\\/\",\"name\":\"Welt-Wildtier-Tag am 3. M\u00e4rz 2019 im Zeichen der Meerestiere - Organisator\",\"isPartOf\":{\"@id\":\"https:\\\/\\\/www.organisator.ch\\\/#website\"},\"primaryImageOfPage\":{\"@id\":\"https:\\\/\\\/www.organisator.ch\\\/sustainability\\\/2019-02-28\\\/welt-wildtier-tag-am-3-maerz-2019-im-zeichen-der-meerestiere\\\/#primaryimage\"},\"image\":{\"@id\":\"https:\\\/\\\/www.organisator.ch\\\/sustainability\\\/2019-02-28\\\/welt-wildtier-tag-am-3-maerz-2019-im-zeichen-der-meerestiere\\\/#primaryimage\"},\"thumbnailUrl\":\"https:\\\/\\\/www.organisator.ch\\\/wp-content\\\/uploads\\\/2019\\\/02\\\/Welt-Wildtier-Tag-am-3.-Maerz-2019-im-Zeichen-der-Meerestiere-UP_Umwelt-Perspektiven.jpg\",\"datePublished\":\"2019-02-28T15:01:05+00:00\",\"dateModified\":\"2022-02-09T10:10:53+00:00\",\"description\":\"Die Vereinten Nationen haben den 3. M\u00e4rz als Welt-Wildtier-Tag erkl\u00e4rt. Dieses Jahr steht dieser Tag im Zeichen der Meerestiere.\",\"breadcrumb\":{\"@id\":\"https:\\\/\\\/www.organisator.ch\\\/sustainability\\\/2019-02-28\\\/welt-wildtier-tag-am-3-maerz-2019-im-zeichen-der-meerestiere\\\/#breadcrumb\"},\"inLanguage\":\"it-IT\",\"potentialAction\":[{\"@type\":\"ReadAction\",\"target\":[\"https:\\\/\\\/www.organisator.ch\\\/sustainability\\\/2019-02-28\\\/welt-wildtier-tag-am-3-maerz-2019-im-zeichen-der-meerestiere\\\/\"]}]},{\"@type\":\"ImageObject\",\"inLanguage\":\"it-IT\",\"@id\":\"https:\\\/\\\/www.organisator.ch\\\/sustainability\\\/2019-02-28\\\/welt-wildtier-tag-am-3-maerz-2019-im-zeichen-der-meerestiere\\\/#primaryimage\",\"url\":\"https:\\\/\\\/www.organisator.ch\\\/wp-content\\\/uploads\\\/2019\\\/02\\\/Welt-Wildtier-Tag-am-3.-Maerz-2019-im-Zeichen-der-Meerestiere-UP_Umwelt-Perspektiven.jpg\",\"contentUrl\":\"https:\\\/\\\/www.organisator.ch\\\/wp-content\\\/uploads\\\/2019\\\/02\\\/Welt-Wildtier-Tag-am-3.-Maerz-2019-im-Zeichen-der-Meerestiere-UP_Umwelt-Perspektiven.jpg\",\"width\":640,\"height\":480,\"caption\":\"Nur ein paar Schritte von gesch\u00fctzten Meeresressorts entfernt, befindet sich Plastikm\u00fcll, wohin man hinschaut. Eine bedrohliche Lage f\u00fcr Tier und Mensch. (Symbolbild: Unsplash)\"},{\"@type\":\"BreadcrumbList\",\"@id\":\"https:\\\/\\\/www.organisator.ch\\\/sustainability\\\/2019-02-28\\\/welt-wildtier-tag-am-3-maerz-2019-im-zeichen-der-meerestiere\\\/#breadcrumb\",\"itemListElement\":[{\"@type\":\"ListItem\",\"position\":1,\"name\":\"Home\",\"item\":\"https:\\\/\\\/www.organisator.ch\\\/\"},{\"@type\":\"ListItem\",\"position\":2,\"name\":\"Welt-Wildtier-Tag am 3. M\u00e4rz 2019 im Zeichen der Meerestiere\"}]},{\"@type\":\"WebSite\",\"@id\":\"https:\\\/\\\/www.organisator.ch\\\/#website\",\"url\":\"https:\\\/\\\/www.organisator.ch\\\/\",\"name\":\"Organisator\",\"description\":\"Kompetent. Praxisnah. Der ORGANISATOR bereitet in 10 Ausgaben pro Jahr die wesentlichen Themen f\u00fcr F\u00fchrungskr\u00e4fte von KMU auf.\",\"publisher\":{\"@id\":\"https:\\\/\\\/www.organisator.ch\\\/#organization\"},\"potentialAction\":[{\"@type\":\"SearchAction\",\"target\":{\"@type\":\"EntryPoint\",\"urlTemplate\":\"https:\\\/\\\/www.organisator.ch\\\/?s={search_term_string}\"},\"query-input\":{\"@type\":\"PropertyValueSpecification\",\"valueRequired\":true,\"valueName\":\"search_term_string\"}}],\"inLanguage\":\"it-IT\"},{\"@type\":\"Organization\",\"@id\":\"https:\\\/\\\/www.organisator.ch\\\/#organization\",\"name\":\"Organisator\",\"url\":\"https:\\\/\\\/www.organisator.ch\\\/\",\"logo\":{\"@type\":\"ImageObject\",\"inLanguage\":\"it-IT\",\"@id\":\"https:\\\/\\\/www.organisator.ch\\\/#\\\/schema\\\/logo\\\/image\\\/\",\"url\":\"https:\\\/\\\/www.organisator.ch\\\/wp-content\\\/uploads\\\/2022\\\/01\\\/Logo_Organisator_Website.png\",\"contentUrl\":\"https:\\\/\\\/www.organisator.ch\\\/wp-content\\\/uploads\\\/2022\\\/01\\\/Logo_Organisator_Website.png\",\"width\":800,\"height\":77,\"caption\":\"Organisator\"},\"image\":{\"@id\":\"https:\\\/\\\/www.organisator.ch\\\/#\\\/schema\\\/logo\\\/image\\\/\"},\"sameAs\":[\"https:\\\/\\\/www.facebook.com\\\/OrganisatorFachmagazin\",\"https:\\\/\\\/www.linkedin.com\\\/showcase\\\/organisator-das-magazin-fr-kmu\",\"https:\\\/\\\/www.xing.com\\\/news\\\/pages\\\/organisator-ch-695\",\"https:\\\/\\\/www.youtube.com\\\/channel\\\/UCGP2Sq0iWaZwT3BdIAQFYpw\"]},{\"@type\":\"Person\",\"@id\":\"https:\\\/\\\/www.organisator.ch\\\/#\\\/schema\\\/person\\\/134708ca9321c57b0362cceb7948ffbd\",\"name\":\"michael.merz\",\"image\":{\"@type\":\"ImageObject\",\"inLanguage\":\"it-IT\",\"@id\":\"https:\\\/\\\/secure.gravatar.com\\\/avatar\\\/?s=96&d=mm&r=g\",\"url\":\"https:\\\/\\\/secure.gravatar.com\\\/avatar\\\/?s=96&d=mm&r=g\",\"contentUrl\":\"https:\\\/\\\/secure.gravatar.com\\\/avatar\\\/?s=96&d=mm&r=g\",\"caption\":\"michael.merz\"},\"url\":\"https:\\\/\\\/www.organisator.ch\\\/it\\\/author\\\/michael-merz\\\/\"}]}<\/script>\n<!-- \/ Yoast SEO plugin. -->","yoast_head_json":{"title":"Giornata mondiale della fauna selvatica del 3 marzo 2019 dedicata agli animali marini - Organizzatore","description":"Le Nazioni Unite hanno dichiarato il 3 marzo la Giornata mondiale della fauna selvatica. Quest'anno la giornata \u00e8 dedicata agli animali marini.","robots":{"index":"index","follow":"follow","max-snippet":"max-snippet:-1","max-image-preview":"max-image-preview:large","max-video-preview":"max-video-preview:-1"},"canonical":"https:\/\/www.organisator.ch\/it\/sostenibilita\/2019-02-28\/welt-wildtier-tag-am-3-maerz-2019-im-zeichen-der-meerestiere\/","og_locale":"it_IT","og_type":"article","og_title":"Welt-Wildtier-Tag am 3. M\u00e4rz 2019 im Zeichen der Meerestiere - Organisator","og_description":"Die Vereinten Nationen haben den 3. M\u00e4rz als Welt-Wildtier-Tag erkl\u00e4rt. Dieses Jahr steht dieser Tag im Zeichen der Meerestiere.","og_url":"https:\/\/www.organisator.ch\/it\/sostenibilita\/2019-02-28\/welt-wildtier-tag-am-3-maerz-2019-im-zeichen-der-meerestiere\/","og_site_name":"Organisator","article_publisher":"https:\/\/www.facebook.com\/OrganisatorFachmagazin","article_published_time":"2019-02-28T15:01:05+00:00","article_modified_time":"2022-02-09T10:10:53+00:00","og_image":[{"width":640,"height":480,"url":"https:\/\/www.organisator.ch\/wp-content\/uploads\/2019\/02\/Welt-Wildtier-Tag-am-3.-Maerz-2019-im-Zeichen-der-Meerestiere-UP_Umwelt-Perspektiven.jpg","type":"image\/jpeg"}],"author":"michael.merz","twitter_card":"summary_large_image","schema":{"@context":"https:\/\/schema.org","@graph":[{"@type":"Article","@id":"https:\/\/www.organisator.ch\/sustainability\/2019-02-28\/welt-wildtier-tag-am-3-maerz-2019-im-zeichen-der-meerestiere\/#article","isPartOf":{"@id":"https:\/\/www.organisator.ch\/sustainability\/2019-02-28\/welt-wildtier-tag-am-3-maerz-2019-im-zeichen-der-meerestiere\/"},"author":{"name":"michael.merz","@id":"https:\/\/www.organisator.ch\/#\/schema\/person\/134708ca9321c57b0362cceb7948ffbd"},"headline":"Welt-Wildtier-Tag am 3. M\u00e4rz 2019 im Zeichen der Meerestiere","datePublished":"2019-02-28T15:01:05+00:00","dateModified":"2022-02-09T10:10:53+00:00","mainEntityOfPage":{"@id":"https:\/\/www.organisator.ch\/sustainability\/2019-02-28\/welt-wildtier-tag-am-3-maerz-2019-im-zeichen-der-meerestiere\/"},"wordCount":495,"commentCount":0,"publisher":{"@id":"https:\/\/www.organisator.ch\/#organization"},"image":{"@id":"https:\/\/www.organisator.ch\/sustainability\/2019-02-28\/welt-wildtier-tag-am-3-maerz-2019-im-zeichen-der-meerestiere\/#primaryimage"},"thumbnailUrl":"https:\/\/www.organisator.ch\/wp-content\/uploads\/2019\/02\/Welt-Wildtier-Tag-am-3.-Maerz-2019-im-Zeichen-der-Meerestiere-UP_Umwelt-Perspektiven.jpg","keywords":["Meerestiere","Plastikm\u00fcll","Umweltprogramm","Welt-Wildtier-Tag"],"articleSection":["SUSTAINABILITY"],"inLanguage":"it-IT"},{"@type":"WebPage","@id":"https:\/\/www.organisator.ch\/sustainability\/2019-02-28\/welt-wildtier-tag-am-3-maerz-2019-im-zeichen-der-meerestiere\/","url":"https:\/\/www.organisator.ch\/sustainability\/2019-02-28\/welt-wildtier-tag-am-3-maerz-2019-im-zeichen-der-meerestiere\/","name":"Giornata mondiale della fauna selvatica del 3 marzo 2019 dedicata agli animali marini - Organizzatore","isPartOf":{"@id":"https:\/\/www.organisator.ch\/#website"},"primaryImageOfPage":{"@id":"https:\/\/www.organisator.ch\/sustainability\/2019-02-28\/welt-wildtier-tag-am-3-maerz-2019-im-zeichen-der-meerestiere\/#primaryimage"},"image":{"@id":"https:\/\/www.organisator.ch\/sustainability\/2019-02-28\/welt-wildtier-tag-am-3-maerz-2019-im-zeichen-der-meerestiere\/#primaryimage"},"thumbnailUrl":"https:\/\/www.organisator.ch\/wp-content\/uploads\/2019\/02\/Welt-Wildtier-Tag-am-3.-Maerz-2019-im-Zeichen-der-Meerestiere-UP_Umwelt-Perspektiven.jpg","datePublished":"2019-02-28T15:01:05+00:00","dateModified":"2022-02-09T10:10:53+00:00","description":"Le Nazioni Unite hanno dichiarato il 3 marzo la Giornata mondiale della fauna selvatica. Quest'anno la giornata \u00e8 dedicata agli animali marini.","breadcrumb":{"@id":"https:\/\/www.organisator.ch\/sustainability\/2019-02-28\/welt-wildtier-tag-am-3-maerz-2019-im-zeichen-der-meerestiere\/#breadcrumb"},"inLanguage":"it-IT","potentialAction":[{"@type":"ReadAction","target":["https:\/\/www.organisator.ch\/sustainability\/2019-02-28\/welt-wildtier-tag-am-3-maerz-2019-im-zeichen-der-meerestiere\/"]}]},{"@type":"ImageObject","inLanguage":"it-IT","@id":"https:\/\/www.organisator.ch\/sustainability\/2019-02-28\/welt-wildtier-tag-am-3-maerz-2019-im-zeichen-der-meerestiere\/#primaryimage","url":"https:\/\/www.organisator.ch\/wp-content\/uploads\/2019\/02\/Welt-Wildtier-Tag-am-3.-Maerz-2019-im-Zeichen-der-Meerestiere-UP_Umwelt-Perspektiven.jpg","contentUrl":"https:\/\/www.organisator.ch\/wp-content\/uploads\/2019\/02\/Welt-Wildtier-Tag-am-3.-Maerz-2019-im-Zeichen-der-Meerestiere-UP_Umwelt-Perspektiven.jpg","width":640,"height":480,"caption":"Nur ein paar Schritte von gesch\u00fctzten Meeresressorts entfernt, befindet sich Plastikm\u00fcll, wohin man hinschaut. Eine bedrohliche Lage f\u00fcr Tier und Mensch. (Symbolbild: Unsplash)"},{"@type":"BreadcrumbList","@id":"https:\/\/www.organisator.ch\/sustainability\/2019-02-28\/welt-wildtier-tag-am-3-maerz-2019-im-zeichen-der-meerestiere\/#breadcrumb","itemListElement":[{"@type":"ListItem","position":1,"name":"Home","item":"https:\/\/www.organisator.ch\/"},{"@type":"ListItem","position":2,"name":"Welt-Wildtier-Tag am 3. M\u00e4rz 2019 im Zeichen der Meerestiere"}]},{"@type":"WebSite","@id":"https:\/\/www.organisator.ch\/#website","url":"https:\/\/www.organisator.ch\/","name":"Organizzatore","description":"Competente. Pratico. In 10 numeri all'anno, ORGANISATOR presenta i temi essenziali per i manager delle PMI.","publisher":{"@id":"https:\/\/www.organisator.ch\/#organization"},"potentialAction":[{"@type":"SearchAction","target":{"@type":"EntryPoint","urlTemplate":"https:\/\/www.organisator.ch\/?s={search_term_string}"},"query-input":{"@type":"PropertyValueSpecification","valueRequired":true,"valueName":"search_term_string"}}],"inLanguage":"it-IT"},{"@type":"Organization","@id":"https:\/\/www.organisator.ch\/#organization","name":"Organizzatore","url":"https:\/\/www.organisator.ch\/","logo":{"@type":"ImageObject","inLanguage":"it-IT","@id":"https:\/\/www.organisator.ch\/#\/schema\/logo\/image\/","url":"https:\/\/www.organisator.ch\/wp-content\/uploads\/2022\/01\/Logo_Organisator_Website.png","contentUrl":"https:\/\/www.organisator.ch\/wp-content\/uploads\/2022\/01\/Logo_Organisator_Website.png","width":800,"height":77,"caption":"Organisator"},"image":{"@id":"https:\/\/www.organisator.ch\/#\/schema\/logo\/image\/"},"sameAs":["https:\/\/www.facebook.com\/OrganisatorFachmagazin","https:\/\/www.linkedin.com\/showcase\/organisator-das-magazin-fr-kmu","https:\/\/www.xing.com\/news\/pages\/organisator-ch-695","https:\/\/www.youtube.com\/channel\/UCGP2Sq0iWaZwT3BdIAQFYpw"]},{"@type":"Person","@id":"https:\/\/www.organisator.ch\/#\/schema\/person\/134708ca9321c57b0362cceb7948ffbd","name":"michael.merz","image":{"@type":"ImageObject","inLanguage":"it-IT","@id":"https:\/\/secure.gravatar.com\/avatar\/?s=96&d=mm&r=g","url":"https:\/\/secure.gravatar.com\/avatar\/?s=96&d=mm&r=g","contentUrl":"https:\/\/secure.gravatar.com\/avatar\/?s=96&d=mm&r=g","caption":"michael.merz"},"url":"https:\/\/www.organisator.ch\/it\/author\/michael-merz\/"}]}},"_links":{"self":[{"href":"https:\/\/www.organisator.ch\/it\/wp-json\/wp\/v2\/posts\/2040","targetHints":{"allow":["GET"]}}],"collection":[{"href":"https:\/\/www.organisator.ch\/it\/wp-json\/wp\/v2\/posts"}],"about":[{"href":"https:\/\/www.organisator.ch\/it\/wp-json\/wp\/v2\/types\/post"}],"author":[{"embeddable":true,"href":"https:\/\/www.organisator.ch\/it\/wp-json\/wp\/v2\/users\/5"}],"replies":[{"embeddable":true,"href":"https:\/\/www.organisator.ch\/it\/wp-json\/wp\/v2\/comments?post=2040"}],"version-history":[{"count":1,"href":"https:\/\/www.organisator.ch\/it\/wp-json\/wp\/v2\/posts\/2040\/revisions"}],"predecessor-version":[{"id":11026,"href":"https:\/\/www.organisator.ch\/it\/wp-json\/wp\/v2\/posts\/2040\/revisions\/11026"}],"wp:featuredmedia":[{"embeddable":true,"href":"https:\/\/www.organisator.ch\/it\/wp-json\/wp\/v2\/media\/2041"}],"wp:attachment":[{"href":"https:\/\/www.organisator.ch\/it\/wp-json\/wp\/v2\/media?parent=2040"}],"wp:term":[{"taxonomy":"category","embeddable":true,"href":"https:\/\/www.organisator.ch\/it\/wp-json\/wp\/v2\/categories?post=2040"},{"taxonomy":"post_tag","embeddable":true,"href":"https:\/\/www.organisator.ch\/it\/wp-json\/wp\/v2\/tags?post=2040"}],"curies":[{"name":"wp","href":"https:\/\/api.w.org\/{rel}","templated":true}]}}