{"id":20426,"date":"2023-05-25T11:46:23","date_gmt":"2023-05-25T09:46:23","guid":{"rendered":"https:\/\/www.organisator.ch\/?p=20426"},"modified":"2023-05-25T11:46:23","modified_gmt":"2023-05-25T09:46:23","slug":"xoana-janner-wird-neue-leiterin-der-tourismus-fachschule-ist","status":"publish","type":"post","link":"https:\/\/www.organisator.ch\/it\/weiterbildung\/2023-05-25\/xoana-janner-wird-neue-leiterin-der-tourismus-fachschule-ist\/","title":{"rendered":"Xoana Janner \u00e8 la nuova direttrice della Scuola di turismo dell'IST"},"content":{"rendered":"<figure id=\"attachment_20427\" aria-describedby=\"caption-attachment-20427\" style=\"width: 680px\" class=\"wp-caption alignnone\"><img loading=\"lazy\" decoding=\"async\" class=\"size-full wp-image-20427\" src=\"https:\/\/www.organisator.ch\/wp-content\/uploads\/2023\/05\/Xoana-Janner-wird-neue-Leiterin-der-Tourismus-Fachschule-IST_Organisator.jpg\" alt=\"\" width=\"680\" height=\"500\" srcset=\"https:\/\/www.organisator.ch\/wp-content\/uploads\/2023\/05\/Xoana-Janner-wird-neue-Leiterin-der-Tourismus-Fachschule-IST_Organisator.jpg 680w, https:\/\/www.organisator.ch\/wp-content\/uploads\/2023\/05\/Xoana-Janner-wird-neue-Leiterin-der-Tourismus-Fachschule-IST_Organisator-16x12.jpg 16w, https:\/\/www.organisator.ch\/wp-content\/uploads\/2023\/05\/Xoana-Janner-wird-neue-Leiterin-der-Tourismus-Fachschule-IST_Organisator-375x276.jpg 375w, https:\/\/www.organisator.ch\/wp-content\/uploads\/2023\/05\/Xoana-Janner-wird-neue-Leiterin-der-Tourismus-Fachschule-IST_Organisator-476x350.jpg 476w\" sizes=\"auto, (max-width: 680px) 100vw, 680px\" \/><figcaption id=\"caption-attachment-20427\" class=\"wp-caption-text\">Xoana Janner, responsabile designato dell'IST. (Foto: Moritz Hager)<\/figcaption><\/figure>\n<p>A partire da settembre 2023, Xoana Janner assumer\u00e0 la direzione generale dell'IST, la Scuola Superiore Professionale per il Turismo &amp; Outdoor con sedi a Zurigo e Losanna. La 34enne porta con s\u00e9 diversi anni di esperienza professionale e manageriale nei settori delle vendite, del marketing e della comunicazione digitale e ha lavorato come consulente per diverse PMI e start-up. Xoana Janner ha acquisito conoscenze specifiche nel settore dell'istruzione come responsabile marketing\/comunicazione e sviluppo commerciale presso EF Education a Zurigo e Berna. Ha studiato tedesco e musicologia, ha seguito corsi di didattica e pedagogia presso l'Universit\u00e0 di formazione per insegnanti di Berna e ha lavorato a lungo come docente DaF. \u00c8 stata anche CMO e membro del team di gestione di Syntax \u00dcbersetzungen AG a Thalwil e parla correntemente cinque lingue.<\/p>\n<p>\"Siamo molto felici di aver conquistato Xoana Janner per questa posizione\", afferma Daniel Nussbaumer, direttore esecutivo del Vantage Education Group, di cui IST fa parte, dal marzo 2023. In qualit\u00e0 di direttore esecutivo, Daniel Nussbaumer \u00e8 responsabile del \"Business Cluster\" delle scuole di business, marketing e turismo del Vantage Group. \"Insieme svilupperemo ulteriormente le attivit\u00e0 operative delle scuole, elaboreremo sinergie e renderemo le scuole forti per le sfide attuali e future del settore\", afferma Nussbaumer. Tra le altre cose, l'attenzione sar\u00e0 rivolta a forme di insegnamento moderne e a contenuti didattici orientati al futuro.<\/p>\n<p>Per la gestione delle sedi IST ci si affida a un team collaudato. Sandra Murer continuer\u00e0 a dirigere la sede IST di Zurigo in Josefstrasse, mentre Thomas G\u00e9ny sar\u00e0 responsabile dell'IST di Losanna. \"Sono gi\u00e0 impaziente di lavorare con il personale, i docenti e gli studenti e di realizzare molti progetti interessanti\", afferma Xoana Janner.<\/p>\n<p>L'IST offre diversi corsi di formazione e perfezionamento nel campo del turismo: Dipl. Tourismusfachfrau\/-mann HF, la nuova formazione specialistica di Consulente di viaggio, il corso post-laurea \"Dipl. Tourismusmanager\/-in NDS HF\" e vari corsi modulari. Attualmente sono 230 i giovani che studiano all'IST di Zurigo e 80 quelli di Losanna.<\/p>\n<p><em>Fonte: <a href=\"http:\/\/www.ist-edu.ch\">www.ist-edu.ch<\/a><\/em><\/p>","protected":false},"excerpt":{"rendered":"<p>Xoana Janner sar\u00e0 la nuova direttrice di IST AG, la Scuola Superiore Professionale per il Turismo &amp; Outdoor di Zurigo e Losanna, a partire dal 1\u00b0 settembre. Come direttrice dell'IST di Zurigo, Sandra Murer si concentrer\u00e0 sull'ulteriore sviluppo della sede della scuola nella Josefstrasse di Zurigo.<\/p>","protected":false},"author":4,"featured_media":20427,"comment_status":"closed","ping_status":"closed","sticky":false,"template":"","format":"standard","meta":{"_acf_changed":false,"_yoast_wpseo_focuskw":"Xoana Janner","_yoast_wpseo_metadesc":"Xoana Janner heisst ab 1. September die neue Gesamtschulleiterin der IST AG, H\u00f6here Fachschule f\u00fcr Tourismus & Outdoor.","articlekey":"","footnotes":""},"categories":[30],"tags":[62,381,2317],"class_list":["post-20426","post","type-post","status-publish","format-standard","has-post-thumbnail","hentry","category-weiterbildung","tag-aus-weiterbildung","tag-personalia","tag-tourismus"],"acf":[],"yoast_head":"<!-- This site is optimized with the Yoast SEO plugin v27.5 - https:\/\/yoast.com\/product\/yoast-seo-wordpress\/ -->\n<title>Xoana Janner wird neue Leiterin der Tourismus-Fachschule IST - Organisator<\/title>\n<meta name=\"description\" content=\"Xoana Janner heisst ab 1. September die neue Gesamtschulleiterin der IST AG, H\u00f6here Fachschule f\u00fcr Tourismus &amp; Outdoor.\" \/>\n<meta name=\"robots\" content=\"index, follow, max-snippet:-1, max-image-preview:large, max-video-preview:-1\" \/>\n<link rel=\"canonical\" href=\"https:\/\/www.organisator.ch\/it\/formazione-continua\/2023-05-25\/xoana-janner-wird-neue-leiterin-der-tourismus-fachschule-ist\/\" \/>\n<meta property=\"og:locale\" content=\"it_IT\" \/>\n<meta property=\"og:type\" content=\"article\" \/>\n<meta property=\"og:title\" content=\"Xoana Janner wird neue Leiterin der Tourismus-Fachschule IST\" \/>\n<meta property=\"og:description\" content=\"Xoana Janner heisst ab 1. September die neue Gesamtschulleiterin der IST AG, H\u00f6here Fachschule f\u00fcr Tourismus &amp; Outdoor.\" \/>\n<meta property=\"og:url\" content=\"https:\/\/www.organisator.ch\/it\/formazione-continua\/2023-05-25\/xoana-janner-wird-neue-leiterin-der-tourismus-fachschule-ist\/\" \/>\n<meta property=\"og:site_name\" content=\"Organisator\" \/>\n<meta property=\"article:publisher\" content=\"https:\/\/www.facebook.com\/OrganisatorFachmagazin\" \/>\n<meta property=\"article:published_time\" content=\"2023-05-25T09:46:23+00:00\" \/>\n<meta property=\"og:image\" content=\"https:\/\/www.organisator.ch\/wp-content\/uploads\/2023\/05\/Xoana-Janner-wird-neue-Leiterin-der-Tourismus-Fachschule-IST_Organisator.jpg\" \/>\n\t<meta property=\"og:image:width\" content=\"680\" \/>\n\t<meta property=\"og:image:height\" content=\"500\" \/>\n\t<meta property=\"og:image:type\" content=\"image\/jpeg\" \/>\n<meta name=\"author\" content=\"thomas.berner\" \/>\n<meta name=\"twitter:card\" content=\"summary_large_image\" \/>\n<meta name=\"twitter:title\" content=\"#Xoana Janner wird neue Leiterin der #Tourismus-Fachschule IST\" \/>\n<meta name=\"twitter:description\" content=\"#Xoana Janner heisst ab 1. September die neue #Gesamtschulleiterin der #IST AG, H\u00f6here Fachschule f\u00fcr Tourismus &amp; Outdoor.\" \/>\n<meta name=\"twitter:image\" content=\"https:\/\/www.organisator.ch\/wp-content\/uploads\/2023\/05\/Xoana-Janner-wird-neue-Leiterin-der-Tourismus-Fachschule-IST_Organisator.jpg\" \/>\n<script type=\"application\/ld+json\" class=\"yoast-schema-graph\">{\"@context\":\"https:\\\/\\\/schema.org\",\"@graph\":[{\"@type\":\"Article\",\"@id\":\"https:\\\/\\\/www.organisator.ch\\\/weiterbildung\\\/2023-05-25\\\/xoana-janner-wird-neue-leiterin-der-tourismus-fachschule-ist\\\/#article\",\"isPartOf\":{\"@id\":\"https:\\\/\\\/www.organisator.ch\\\/weiterbildung\\\/2023-05-25\\\/xoana-janner-wird-neue-leiterin-der-tourismus-fachschule-ist\\\/\"},\"author\":{\"name\":\"thomas.berner\",\"@id\":\"https:\\\/\\\/www.organisator.ch\\\/#\\\/schema\\\/person\\\/6f650f90b2842cd4c0cc334b4e36f67e\"},\"headline\":\"Xoana Janner wird neue Leiterin der Tourismus-Fachschule IST\",\"datePublished\":\"2023-05-25T09:46:23+00:00\",\"mainEntityOfPage\":{\"@id\":\"https:\\\/\\\/www.organisator.ch\\\/weiterbildung\\\/2023-05-25\\\/xoana-janner-wird-neue-leiterin-der-tourismus-fachschule-ist\\\/\"},\"wordCount\":352,\"publisher\":{\"@id\":\"https:\\\/\\\/www.organisator.ch\\\/#organization\"},\"image\":{\"@id\":\"https:\\\/\\\/www.organisator.ch\\\/weiterbildung\\\/2023-05-25\\\/xoana-janner-wird-neue-leiterin-der-tourismus-fachschule-ist\\\/#primaryimage\"},\"thumbnailUrl\":\"https:\\\/\\\/www.organisator.ch\\\/wp-content\\\/uploads\\\/2023\\\/05\\\/Xoana-Janner-wird-neue-Leiterin-der-Tourismus-Fachschule-IST_Organisator.jpg\",\"keywords\":[\"Aus-\\\/Weiterbildung\",\"Personalia\",\"Tourismus\"],\"articleSection\":[\"WEITERBILDUNG\"],\"inLanguage\":\"it-IT\"},{\"@type\":\"WebPage\",\"@id\":\"https:\\\/\\\/www.organisator.ch\\\/weiterbildung\\\/2023-05-25\\\/xoana-janner-wird-neue-leiterin-der-tourismus-fachschule-ist\\\/\",\"url\":\"https:\\\/\\\/www.organisator.ch\\\/weiterbildung\\\/2023-05-25\\\/xoana-janner-wird-neue-leiterin-der-tourismus-fachschule-ist\\\/\",\"name\":\"Xoana Janner wird neue Leiterin der Tourismus-Fachschule IST - Organisator\",\"isPartOf\":{\"@id\":\"https:\\\/\\\/www.organisator.ch\\\/#website\"},\"primaryImageOfPage\":{\"@id\":\"https:\\\/\\\/www.organisator.ch\\\/weiterbildung\\\/2023-05-25\\\/xoana-janner-wird-neue-leiterin-der-tourismus-fachschule-ist\\\/#primaryimage\"},\"image\":{\"@id\":\"https:\\\/\\\/www.organisator.ch\\\/weiterbildung\\\/2023-05-25\\\/xoana-janner-wird-neue-leiterin-der-tourismus-fachschule-ist\\\/#primaryimage\"},\"thumbnailUrl\":\"https:\\\/\\\/www.organisator.ch\\\/wp-content\\\/uploads\\\/2023\\\/05\\\/Xoana-Janner-wird-neue-Leiterin-der-Tourismus-Fachschule-IST_Organisator.jpg\",\"datePublished\":\"2023-05-25T09:46:23+00:00\",\"description\":\"Xoana Janner heisst ab 1. September die neue Gesamtschulleiterin der IST AG, H\u00f6here Fachschule f\u00fcr Tourismus & Outdoor.\",\"breadcrumb\":{\"@id\":\"https:\\\/\\\/www.organisator.ch\\\/weiterbildung\\\/2023-05-25\\\/xoana-janner-wird-neue-leiterin-der-tourismus-fachschule-ist\\\/#breadcrumb\"},\"inLanguage\":\"it-IT\",\"potentialAction\":[{\"@type\":\"ReadAction\",\"target\":[\"https:\\\/\\\/www.organisator.ch\\\/weiterbildung\\\/2023-05-25\\\/xoana-janner-wird-neue-leiterin-der-tourismus-fachschule-ist\\\/\"]}]},{\"@type\":\"ImageObject\",\"inLanguage\":\"it-IT\",\"@id\":\"https:\\\/\\\/www.organisator.ch\\\/weiterbildung\\\/2023-05-25\\\/xoana-janner-wird-neue-leiterin-der-tourismus-fachschule-ist\\\/#primaryimage\",\"url\":\"https:\\\/\\\/www.organisator.ch\\\/wp-content\\\/uploads\\\/2023\\\/05\\\/Xoana-Janner-wird-neue-Leiterin-der-Tourismus-Fachschule-IST_Organisator.jpg\",\"contentUrl\":\"https:\\\/\\\/www.organisator.ch\\\/wp-content\\\/uploads\\\/2023\\\/05\\\/Xoana-Janner-wird-neue-Leiterin-der-Tourismus-Fachschule-IST_Organisator.jpg\",\"width\":680,\"height\":500,\"caption\":\"Xoana Janner, designierte Gesamtschulleiterin der IST. (Foto: Moritz Hager)\"},{\"@type\":\"BreadcrumbList\",\"@id\":\"https:\\\/\\\/www.organisator.ch\\\/weiterbildung\\\/2023-05-25\\\/xoana-janner-wird-neue-leiterin-der-tourismus-fachschule-ist\\\/#breadcrumb\",\"itemListElement\":[{\"@type\":\"ListItem\",\"position\":1,\"name\":\"Home\",\"item\":\"https:\\\/\\\/www.organisator.ch\\\/\"},{\"@type\":\"ListItem\",\"position\":2,\"name\":\"Xoana Janner wird neue Leiterin der Tourismus-Fachschule IST\"}]},{\"@type\":\"WebSite\",\"@id\":\"https:\\\/\\\/www.organisator.ch\\\/#website\",\"url\":\"https:\\\/\\\/www.organisator.ch\\\/\",\"name\":\"Organisator\",\"description\":\"Kompetent. Praxisnah. Der ORGANISATOR bereitet in 10 Ausgaben pro Jahr die wesentlichen Themen f\u00fcr F\u00fchrungskr\u00e4fte von KMU auf.\",\"publisher\":{\"@id\":\"https:\\\/\\\/www.organisator.ch\\\/#organization\"},\"potentialAction\":[{\"@type\":\"SearchAction\",\"target\":{\"@type\":\"EntryPoint\",\"urlTemplate\":\"https:\\\/\\\/www.organisator.ch\\\/?s={search_term_string}\"},\"query-input\":{\"@type\":\"PropertyValueSpecification\",\"valueRequired\":true,\"valueName\":\"search_term_string\"}}],\"inLanguage\":\"it-IT\"},{\"@type\":\"Organization\",\"@id\":\"https:\\\/\\\/www.organisator.ch\\\/#organization\",\"name\":\"Organisator\",\"url\":\"https:\\\/\\\/www.organisator.ch\\\/\",\"logo\":{\"@type\":\"ImageObject\",\"inLanguage\":\"it-IT\",\"@id\":\"https:\\\/\\\/www.organisator.ch\\\/#\\\/schema\\\/logo\\\/image\\\/\",\"url\":\"https:\\\/\\\/www.organisator.ch\\\/wp-content\\\/uploads\\\/2022\\\/01\\\/Logo_Organisator_Website.png\",\"contentUrl\":\"https:\\\/\\\/www.organisator.ch\\\/wp-content\\\/uploads\\\/2022\\\/01\\\/Logo_Organisator_Website.png\",\"width\":800,\"height\":77,\"caption\":\"Organisator\"},\"image\":{\"@id\":\"https:\\\/\\\/www.organisator.ch\\\/#\\\/schema\\\/logo\\\/image\\\/\"},\"sameAs\":[\"https:\\\/\\\/www.facebook.com\\\/OrganisatorFachmagazin\",\"https:\\\/\\\/www.linkedin.com\\\/showcase\\\/organisator-das-magazin-fr-kmu\",\"https:\\\/\\\/www.xing.com\\\/news\\\/pages\\\/organisator-ch-695\",\"https:\\\/\\\/www.youtube.com\\\/channel\\\/UCGP2Sq0iWaZwT3BdIAQFYpw\"]},{\"@type\":\"Person\",\"@id\":\"https:\\\/\\\/www.organisator.ch\\\/#\\\/schema\\\/person\\\/6f650f90b2842cd4c0cc334b4e36f67e\",\"name\":\"thomas.berner\",\"image\":{\"@type\":\"ImageObject\",\"inLanguage\":\"it-IT\",\"@id\":\"https:\\\/\\\/secure.gravatar.com\\\/avatar\\\/ac5001d2a36cb6c6cd3e50789007ffca834b477b74a2144564522e944eabff61?s=96&d=mm&r=g\",\"url\":\"https:\\\/\\\/secure.gravatar.com\\\/avatar\\\/ac5001d2a36cb6c6cd3e50789007ffca834b477b74a2144564522e944eabff61?s=96&d=mm&r=g\",\"contentUrl\":\"https:\\\/\\\/secure.gravatar.com\\\/avatar\\\/ac5001d2a36cb6c6cd3e50789007ffca834b477b74a2144564522e944eabff61?s=96&d=mm&r=g\",\"caption\":\"thomas.berner\"},\"url\":\"https:\\\/\\\/www.organisator.ch\\\/it\\\/author\\\/thomas-berner\\\/\"}]}<\/script>\n<!-- \/ Yoast SEO plugin. -->","yoast_head_json":{"title":"Xoana Janner diventa il nuovo direttore della Scuola di Turismo dell'IST - Organizzatore","description":"Dal 1\u00b0 settembre, Xoana Janner sar\u00e0 la nuova direttrice della IST AG, la Scuola professionale superiore per il turismo e l'outdoor.","robots":{"index":"index","follow":"follow","max-snippet":"max-snippet:-1","max-image-preview":"max-image-preview:large","max-video-preview":"max-video-preview:-1"},"canonical":"https:\/\/www.organisator.ch\/it\/formazione-continua\/2023-05-25\/xoana-janner-wird-neue-leiterin-der-tourismus-fachschule-ist\/","og_locale":"it_IT","og_type":"article","og_title":"Xoana Janner wird neue Leiterin der Tourismus-Fachschule IST","og_description":"Xoana Janner heisst ab 1. September die neue Gesamtschulleiterin der IST AG, H\u00f6here Fachschule f\u00fcr Tourismus & Outdoor.","og_url":"https:\/\/www.organisator.ch\/it\/formazione-continua\/2023-05-25\/xoana-janner-wird-neue-leiterin-der-tourismus-fachschule-ist\/","og_site_name":"Organisator","article_publisher":"https:\/\/www.facebook.com\/OrganisatorFachmagazin","article_published_time":"2023-05-25T09:46:23+00:00","og_image":[{"width":680,"height":500,"url":"https:\/\/www.organisator.ch\/wp-content\/uploads\/2023\/05\/Xoana-Janner-wird-neue-Leiterin-der-Tourismus-Fachschule-IST_Organisator.jpg","type":"image\/jpeg"}],"author":"thomas.berner","twitter_card":"summary_large_image","twitter_title":"#Xoana Janner wird neue Leiterin der #Tourismus-Fachschule IST","twitter_description":"#Xoana Janner heisst ab 1. September die neue #Gesamtschulleiterin der #IST AG, H\u00f6here Fachschule f\u00fcr Tourismus & Outdoor.","twitter_image":"https:\/\/www.organisator.ch\/wp-content\/uploads\/2023\/05\/Xoana-Janner-wird-neue-Leiterin-der-Tourismus-Fachschule-IST_Organisator.jpg","schema":{"@context":"https:\/\/schema.org","@graph":[{"@type":"Article","@id":"https:\/\/www.organisator.ch\/weiterbildung\/2023-05-25\/xoana-janner-wird-neue-leiterin-der-tourismus-fachschule-ist\/#article","isPartOf":{"@id":"https:\/\/www.organisator.ch\/weiterbildung\/2023-05-25\/xoana-janner-wird-neue-leiterin-der-tourismus-fachschule-ist\/"},"author":{"name":"thomas.berner","@id":"https:\/\/www.organisator.ch\/#\/schema\/person\/6f650f90b2842cd4c0cc334b4e36f67e"},"headline":"Xoana Janner wird neue Leiterin der Tourismus-Fachschule IST","datePublished":"2023-05-25T09:46:23+00:00","mainEntityOfPage":{"@id":"https:\/\/www.organisator.ch\/weiterbildung\/2023-05-25\/xoana-janner-wird-neue-leiterin-der-tourismus-fachschule-ist\/"},"wordCount":352,"publisher":{"@id":"https:\/\/www.organisator.ch\/#organization"},"image":{"@id":"https:\/\/www.organisator.ch\/weiterbildung\/2023-05-25\/xoana-janner-wird-neue-leiterin-der-tourismus-fachschule-ist\/#primaryimage"},"thumbnailUrl":"https:\/\/www.organisator.ch\/wp-content\/uploads\/2023\/05\/Xoana-Janner-wird-neue-Leiterin-der-Tourismus-Fachschule-IST_Organisator.jpg","keywords":["Aus-\/Weiterbildung","Personalia","Tourismus"],"articleSection":["WEITERBILDUNG"],"inLanguage":"it-IT"},{"@type":"WebPage","@id":"https:\/\/www.organisator.ch\/weiterbildung\/2023-05-25\/xoana-janner-wird-neue-leiterin-der-tourismus-fachschule-ist\/","url":"https:\/\/www.organisator.ch\/weiterbildung\/2023-05-25\/xoana-janner-wird-neue-leiterin-der-tourismus-fachschule-ist\/","name":"Xoana Janner diventa il nuovo direttore della Scuola di Turismo dell'IST - Organizzatore","isPartOf":{"@id":"https:\/\/www.organisator.ch\/#website"},"primaryImageOfPage":{"@id":"https:\/\/www.organisator.ch\/weiterbildung\/2023-05-25\/xoana-janner-wird-neue-leiterin-der-tourismus-fachschule-ist\/#primaryimage"},"image":{"@id":"https:\/\/www.organisator.ch\/weiterbildung\/2023-05-25\/xoana-janner-wird-neue-leiterin-der-tourismus-fachschule-ist\/#primaryimage"},"thumbnailUrl":"https:\/\/www.organisator.ch\/wp-content\/uploads\/2023\/05\/Xoana-Janner-wird-neue-Leiterin-der-Tourismus-Fachschule-IST_Organisator.jpg","datePublished":"2023-05-25T09:46:23+00:00","description":"Dal 1\u00b0 settembre, Xoana Janner sar\u00e0 la nuova direttrice della IST AG, la Scuola professionale superiore per il turismo e l'outdoor.","breadcrumb":{"@id":"https:\/\/www.organisator.ch\/weiterbildung\/2023-05-25\/xoana-janner-wird-neue-leiterin-der-tourismus-fachschule-ist\/#breadcrumb"},"inLanguage":"it-IT","potentialAction":[{"@type":"ReadAction","target":["https:\/\/www.organisator.ch\/weiterbildung\/2023-05-25\/xoana-janner-wird-neue-leiterin-der-tourismus-fachschule-ist\/"]}]},{"@type":"ImageObject","inLanguage":"it-IT","@id":"https:\/\/www.organisator.ch\/weiterbildung\/2023-05-25\/xoana-janner-wird-neue-leiterin-der-tourismus-fachschule-ist\/#primaryimage","url":"https:\/\/www.organisator.ch\/wp-content\/uploads\/2023\/05\/Xoana-Janner-wird-neue-Leiterin-der-Tourismus-Fachschule-IST_Organisator.jpg","contentUrl":"https:\/\/www.organisator.ch\/wp-content\/uploads\/2023\/05\/Xoana-Janner-wird-neue-Leiterin-der-Tourismus-Fachschule-IST_Organisator.jpg","width":680,"height":500,"caption":"Xoana Janner, designierte Gesamtschulleiterin der IST. (Foto: Moritz Hager)"},{"@type":"BreadcrumbList","@id":"https:\/\/www.organisator.ch\/weiterbildung\/2023-05-25\/xoana-janner-wird-neue-leiterin-der-tourismus-fachschule-ist\/#breadcrumb","itemListElement":[{"@type":"ListItem","position":1,"name":"Home","item":"https:\/\/www.organisator.ch\/"},{"@type":"ListItem","position":2,"name":"Xoana Janner wird neue Leiterin der Tourismus-Fachschule IST"}]},{"@type":"WebSite","@id":"https:\/\/www.organisator.ch\/#website","url":"https:\/\/www.organisator.ch\/","name":"Organizzatore","description":"Competente. Pratico. In 10 numeri all'anno, ORGANISATOR presenta i temi essenziali per i manager delle PMI.","publisher":{"@id":"https:\/\/www.organisator.ch\/#organization"},"potentialAction":[{"@type":"SearchAction","target":{"@type":"EntryPoint","urlTemplate":"https:\/\/www.organisator.ch\/?s={search_term_string}"},"query-input":{"@type":"PropertyValueSpecification","valueRequired":true,"valueName":"search_term_string"}}],"inLanguage":"it-IT"},{"@type":"Organization","@id":"https:\/\/www.organisator.ch\/#organization","name":"Organizzatore","url":"https:\/\/www.organisator.ch\/","logo":{"@type":"ImageObject","inLanguage":"it-IT","@id":"https:\/\/www.organisator.ch\/#\/schema\/logo\/image\/","url":"https:\/\/www.organisator.ch\/wp-content\/uploads\/2022\/01\/Logo_Organisator_Website.png","contentUrl":"https:\/\/www.organisator.ch\/wp-content\/uploads\/2022\/01\/Logo_Organisator_Website.png","width":800,"height":77,"caption":"Organisator"},"image":{"@id":"https:\/\/www.organisator.ch\/#\/schema\/logo\/image\/"},"sameAs":["https:\/\/www.facebook.com\/OrganisatorFachmagazin","https:\/\/www.linkedin.com\/showcase\/organisator-das-magazin-fr-kmu","https:\/\/www.xing.com\/news\/pages\/organisator-ch-695","https:\/\/www.youtube.com\/channel\/UCGP2Sq0iWaZwT3BdIAQFYpw"]},{"@type":"Person","@id":"https:\/\/www.organisator.ch\/#\/schema\/person\/6f650f90b2842cd4c0cc334b4e36f67e","name":"Tommaso.berner","image":{"@type":"ImageObject","inLanguage":"it-IT","@id":"https:\/\/secure.gravatar.com\/avatar\/ac5001d2a36cb6c6cd3e50789007ffca834b477b74a2144564522e944eabff61?s=96&d=mm&r=g","url":"https:\/\/secure.gravatar.com\/avatar\/ac5001d2a36cb6c6cd3e50789007ffca834b477b74a2144564522e944eabff61?s=96&d=mm&r=g","contentUrl":"https:\/\/secure.gravatar.com\/avatar\/ac5001d2a36cb6c6cd3e50789007ffca834b477b74a2144564522e944eabff61?s=96&d=mm&r=g","caption":"thomas.berner"},"url":"https:\/\/www.organisator.ch\/it\/author\/thomas-berner\/"}]}},"_links":{"self":[{"href":"https:\/\/www.organisator.ch\/it\/wp-json\/wp\/v2\/posts\/20426","targetHints":{"allow":["GET"]}}],"collection":[{"href":"https:\/\/www.organisator.ch\/it\/wp-json\/wp\/v2\/posts"}],"about":[{"href":"https:\/\/www.organisator.ch\/it\/wp-json\/wp\/v2\/types\/post"}],"author":[{"embeddable":true,"href":"https:\/\/www.organisator.ch\/it\/wp-json\/wp\/v2\/users\/4"}],"replies":[{"embeddable":true,"href":"https:\/\/www.organisator.ch\/it\/wp-json\/wp\/v2\/comments?post=20426"}],"version-history":[{"count":1,"href":"https:\/\/www.organisator.ch\/it\/wp-json\/wp\/v2\/posts\/20426\/revisions"}],"predecessor-version":[{"id":20428,"href":"https:\/\/www.organisator.ch\/it\/wp-json\/wp\/v2\/posts\/20426\/revisions\/20428"}],"wp:featuredmedia":[{"embeddable":true,"href":"https:\/\/www.organisator.ch\/it\/wp-json\/wp\/v2\/media\/20427"}],"wp:attachment":[{"href":"https:\/\/www.organisator.ch\/it\/wp-json\/wp\/v2\/media?parent=20426"}],"wp:term":[{"taxonomy":"category","embeddable":true,"href":"https:\/\/www.organisator.ch\/it\/wp-json\/wp\/v2\/categories?post=20426"},{"taxonomy":"post_tag","embeddable":true,"href":"https:\/\/www.organisator.ch\/it\/wp-json\/wp\/v2\/tags?post=20426"}],"curies":[{"name":"wp","href":"https:\/\/api.w.org\/{rel}","templated":true}]}}