{"id":2051,"date":"2017-06-14T10:30:55","date_gmt":"2017-06-14T08:30:55","guid":{"rendered":"https:\/\/www.organisator.ch\/?p=2051"},"modified":"2017-06-14T10:30:55","modified_gmt":"2017-06-14T08:30:55","slug":"fuehrungswechsel-beim-swiss-venture-club-svc","status":"publish","type":"post","link":"https:\/\/www.organisator.ch\/it\/allgemein\/2017-06-14\/fuehrungswechsel-beim-swiss-venture-club-svc\/","title":{"rendered":"Cambio di direzione allo Swiss Venture Club SVC"},"content":{"rendered":"<figure id=\"attachment_2052\" aria-describedby=\"caption-attachment-2052\" style=\"width: 640px\" class=\"wp-caption alignnone\"><img loading=\"lazy\" decoding=\"async\" class=\"size-full wp-image-2052\" src=\"https:\/\/www.organisator.ch\/wp-content\/uploads\/2017\/06\/Fuehrungswechsel-beim-Swiss-Venture-Club-SVC_Organisator.jpg\" alt=\"\" width=\"640\" height=\"427\" srcset=\"https:\/\/www.organisator.ch\/wp-content\/uploads\/2017\/06\/Fuehrungswechsel-beim-Swiss-Venture-Club-SVC_Organisator.jpg 640w, https:\/\/www.organisator.ch\/wp-content\/uploads\/2017\/06\/Fuehrungswechsel-beim-Swiss-Venture-Club-SVC_Organisator-16x12.jpg 16w, https:\/\/www.organisator.ch\/wp-content\/uploads\/2017\/06\/Fuehrungswechsel-beim-Swiss-Venture-Club-SVC_Organisator-262x175.jpg 262w, https:\/\/www.organisator.ch\/wp-content\/uploads\/2017\/06\/Fuehrungswechsel-beim-Swiss-Venture-Club-SVC_Organisator-525x350.jpg 525w, https:\/\/www.organisator.ch\/wp-content\/uploads\/2017\/06\/Fuehrungswechsel-beim-Swiss-Venture-Club-SVC_Organisator-300x200.jpg 300w\" sizes=\"auto, (max-width: 640px) 100vw, 640px\" \/><figcaption id=\"caption-attachment-2052\" class=\"wp-caption-text\">Andreas Gerber (a sinistra) si candida come successore di Hans-Ulrich M\u00fcller (a destra) alla presidenza dell'USC. (Immagine: servizio stampa dell'USC)<\/figcaption><\/figure>\n<p>Con Andreas Gerber, il nuovo presidente dell'USC sar\u00e0 qualcuno che conosce l'associazione dall'interno e quindi assicura la continuit\u00e0. Gerber \u00e8 membro del consiglio di amministrazione da due anni ed \u00e8 gi\u00e0 stato responsabile regionale SVC e membro della giuria del Prix SVC nell'Espace Mittelland e nella regione economica di Zurigo. Come responsabile del settore PMI svizzero del Credit Suisse, conosce bene le sfide e le opportunit\u00e0 della Svizzera come sede per le PMI. \"Il Swiss Venture Club \u00e8 una storia di successo ed \u00e8 diventato indispensabile come rete imprenditoriale\", dice Gerber. \"Sono orgoglioso di assumere la presidenza di questa associazione di successo e ben gestita da Hans-Ulrich M\u00fcller. Continuer\u00f2 con entusiasmo e svilupper\u00f2 ulteriormente l'USC nella sua forma collaudata per promuovere e sostenere l'imprenditorialit\u00e0 in Svizzera\".<\/p>\n<p><strong>Cuore e anima e continuit\u00e0 come pilastri centrali <\/strong><\/p>\n<p>Gerber succeder\u00e0 all'iniziatore dell'SVC Hans-Ulrich M\u00fcller, che ha messo anima e corpo nella costruzione e nello sviluppo dell'SVC negli ultimi 16 anni e che ora non si candida per la rielezione. \"\u00c8 la combinazione di continuit\u00e0 e forza innovativa che distingue le pi\u00f9 forti PMI svizzere. Il ciclo di vita di una PMI va ben oltre l'orizzonte di vita di un fondatore o proprietario. \u00c8 lo stesso con l'SVC\", spiega Hans-Ulrich M\u00fcller. \"Quando vedo dove siamo e cosa \u00e8 ancora possibile; quando vedo quanta energia ed esperienza Andreas Gerber porta con s\u00e9, allora mi \u00e8 chiaro: \u00e8 il momento perfetto per lasciare il posto a una nuova generazione con nuove idee\". Oltre a Hans-Ulrich M\u00fcller, un altro membro fondatore, Elisabeth Z\u00f6lch B\u00fchrer, si ritirer\u00e0 dal consiglio, cos\u00ec come Brigitte Breisacher, Denis Grisel e Silvio Tarchini.<\/p>\n<p><strong>Una nuova generazione promettente<\/strong><\/p>\n<p>Grazie alla pianificazione, la ricerca dei successori \u00e8 gi\u00e0 stata completata. Da una parte i due consiglieri nazionali Marcel Dobler e Fabio Regazzi, dall'altra l'imprenditrice Corinne Fischer e Thomas Trachsler, membro della direzione della Mobiliare, si candidano. Nel selezionare i candidati, si \u00e8 prestata attenzione non solo a una forte connessione con l'economia delle PMI, ma anche a una rappresentanza equilibrata di regioni e settori nel futuro consiglio. Elisabeth Z\u00f6lch B\u00fchrer \u00e8 felice e orgogliosa che queste quattro personalit\u00e0 abbiano potuto essere conquistate: \"Portano con s\u00e9 tutte le qualit\u00e0 per sviluppare sostanzialmente l'associazione e permettere l'accesso a nuove reti\", \u00e8 convinta. \"Allo stesso tempo, la loro disponibilit\u00e0 \u00e8 la prova dell'alta reputazione di cui gode l'USC negli ambienti economici e politici\". Il nuovo presidente e i membri del consiglio saranno eletti all'assemblea generale del 6 settembre 2017.<\/p>\n<p><strong>Grazie a un visionario e un esecutore<\/strong><\/p>\n<p>Lo Swiss Venture Club risale all'idea e all'iniziativa di Hans-Ulrich M\u00fcller, che ha fondato il club nel 2001 insieme a Elisabeth Z\u00f6lch B\u00fchrer e Beat Brechb\u00fchl. Sotto la sua guida come presidente, lo Swiss Venture Club si \u00e8 sviluppato in una delle reti imprenditoriali pi\u00f9 importanti della Svizzera. L'SVC attira un'attenzione speciale assegnando il Prix SVC ad aziende esemplari e innovative. Fino ad oggi, un totale di 51 cerimonie di premiazione sono state tenute in sette regioni e pi\u00f9 di 300 aziende hanno ricevuto premi.<\/p>\n<p>&nbsp;<\/p>","protected":false},"excerpt":{"rendered":"<p>Mit Andreas Gerber soll eine Pers\u00f6nlichkeit neuer Pr\u00e4sident des SVC werden, die den Verein von innen kennt und die dadurch Kontinuit\u00e4t gew\u00e4hrleistet. Gerber ist seit zwei Jahren Vorstandsmitglied und war bereits davor sowohl im Espace Mittelland wie auch im Wirtschaftsraum Z\u00fcrich jeweils SVC Regionenleiter und Jurymitglied des Prix SVC. Als Leiter des Schweizer KMU-Gesch\u00e4fts der [&hellip;]<\/p>\n","protected":false},"author":4,"featured_media":2052,"comment_status":"open","ping_status":"open","sticky":false,"template":"","format":"standard","meta":{"_acf_changed":false,"_yoast_wpseo_focuskw":"SVC","_yoast_wpseo_metadesc":"Der Swiss Venture Club (SVC) bekommt einen neuen Pr\u00e4sidenten. Mit Andreas Gerber stellt sich wiederum ein profunder Kenner der KMU-Landschaft zur Verf\u00fcgung.","articlekey":"","footnotes":""},"categories":[1],"tags":[275,381,492,503],"class_list":["post-2051","post","type-post","status-publish","format-standard","has-post-thumbnail","hentry","category-allgemein","tag-institutionen","tag-personalia","tag-unternehmen","tag-verbaende"],"acf":[],"yoast_head":"<!-- This site is optimized with the Yoast SEO plugin v27.5 - https:\/\/yoast.com\/product\/yoast-seo-wordpress\/ -->\n<title>F\u00fchrungswechsel beim Swiss Venture Club SVC - Organisator<\/title>\n<meta name=\"description\" content=\"Der Swiss Venture Club (SVC) bekommt einen neuen Pr\u00e4sidenten. Mit Andreas Gerber stellt sich wiederum ein profunder Kenner der KMU-Landschaft zur Verf\u00fcgung.\" \/>\n<meta name=\"robots\" content=\"index, follow, max-snippet:-1, max-image-preview:large, max-video-preview:-1\" \/>\n<link rel=\"canonical\" href=\"https:\/\/www.organisator.ch\/it\/generale\/2017-06-14\/fuehrungswechsel-beim-swiss-venture-club-svc\/\" \/>\n<meta property=\"og:locale\" content=\"it_IT\" \/>\n<meta property=\"og:type\" content=\"article\" \/>\n<meta property=\"og:title\" content=\"F\u00fchrungswechsel beim Swiss Venture Club SVC\" \/>\n<meta property=\"og:description\" content=\"Der Swiss Venture Club (#SVC) bekommt einen neuen Pr\u00e4sidenten. Mit Andreas Gerber stellt sich wiederum ein Kader der Credit Suisse und ein profunder Kenner der KMU-Landschaft zur Verf\u00fcgung.\" \/>\n<meta property=\"og:url\" content=\"https:\/\/www.organisator.ch\/it\/generale\/2017-06-14\/fuehrungswechsel-beim-swiss-venture-club-svc\/\" \/>\n<meta property=\"og:site_name\" content=\"Organisator\" \/>\n<meta property=\"article:publisher\" content=\"https:\/\/www.facebook.com\/OrganisatorFachmagazin\" \/>\n<meta property=\"article:published_time\" content=\"2017-06-14T08:30:55+00:00\" \/>\n<meta property=\"og:image\" content=\"https:\/\/www.organisator.ch\/wp-content\/uploads\/2017\/06\/Fuehrungswechsel-beim-Swiss-Venture-Club-SVC-2_Organisator.jpg\" \/>\n\t<meta property=\"og:image:width\" content=\"336\" \/>\n\t<meta property=\"og:image:height\" content=\"343\" \/>\n\t<meta property=\"og:image:type\" content=\"image\/jpeg\" \/>\n<meta name=\"author\" content=\"thomas.berner\" \/>\n<meta name=\"twitter:card\" content=\"summary_large_image\" \/>\n<meta name=\"twitter:title\" content=\"#F\u00fchrungswechsel beim Swiss Venture Club #SVC\" \/>\n<meta name=\"twitter:description\" content=\"Der Swiss Venture Club (#SVC) bekommt einen neuen Pr\u00e4sidenten. Mit Andreas Gerber stellt sich wiederum ein Kader der Credit Suisse und ein profunder Kenner der KMU-Landschaft zur Verf\u00fcgung.\" \/>\n<meta name=\"twitter:image\" content=\"https:\/\/www.organisator.ch\/wp-content\/uploads\/2017\/06\/F\u00fchrungswechsel-beim-Swiss-Venture-Club-SVC-2_Organisator.jpg\" \/>\n<script type=\"application\/ld+json\" class=\"yoast-schema-graph\">{\"@context\":\"https:\\\/\\\/schema.org\",\"@graph\":[{\"@type\":\"Article\",\"@id\":\"https:\\\/\\\/www.organisator.ch\\\/de\\\/allgemein\\\/2017-06-14\\\/fuehrungswechsel-beim-swiss-venture-club-svc\\\/#article\",\"isPartOf\":{\"@id\":\"https:\\\/\\\/www.organisator.ch\\\/de\\\/allgemein\\\/2017-06-14\\\/fuehrungswechsel-beim-swiss-venture-club-svc\\\/\"},\"author\":{\"name\":\"thomas.berner\",\"@id\":\"https:\\\/\\\/www.organisator.ch\\\/#\\\/schema\\\/person\\\/6f650f90b2842cd4c0cc334b4e36f67e\"},\"headline\":\"F\u00fchrungswechsel beim Swiss Venture Club SVC\",\"datePublished\":\"2017-06-14T08:30:55+00:00\",\"mainEntityOfPage\":{\"@id\":\"https:\\\/\\\/www.organisator.ch\\\/de\\\/allgemein\\\/2017-06-14\\\/fuehrungswechsel-beim-swiss-venture-club-svc\\\/\"},\"wordCount\":580,\"commentCount\":0,\"publisher\":{\"@id\":\"https:\\\/\\\/www.organisator.ch\\\/#organization\"},\"image\":{\"@id\":\"https:\\\/\\\/www.organisator.ch\\\/de\\\/allgemein\\\/2017-06-14\\\/fuehrungswechsel-beim-swiss-venture-club-svc\\\/#primaryimage\"},\"thumbnailUrl\":\"https:\\\/\\\/www.organisator.ch\\\/wp-content\\\/uploads\\\/2017\\\/06\\\/Fuehrungswechsel-beim-Swiss-Venture-Club-SVC_Organisator.jpg\",\"keywords\":[\"Institutionen\",\"Personalia\",\"Unternehmen\",\"Verb\u00e4nde\"],\"articleSection\":[\"Allgemein\"],\"inLanguage\":\"it-IT\"},{\"@type\":\"WebPage\",\"@id\":\"https:\\\/\\\/www.organisator.ch\\\/de\\\/allgemein\\\/2017-06-14\\\/fuehrungswechsel-beim-swiss-venture-club-svc\\\/\",\"url\":\"https:\\\/\\\/www.organisator.ch\\\/de\\\/allgemein\\\/2017-06-14\\\/fuehrungswechsel-beim-swiss-venture-club-svc\\\/\",\"name\":\"F\u00fchrungswechsel beim Swiss Venture Club SVC - Organisator\",\"isPartOf\":{\"@id\":\"https:\\\/\\\/www.organisator.ch\\\/#website\"},\"primaryImageOfPage\":{\"@id\":\"https:\\\/\\\/www.organisator.ch\\\/de\\\/allgemein\\\/2017-06-14\\\/fuehrungswechsel-beim-swiss-venture-club-svc\\\/#primaryimage\"},\"image\":{\"@id\":\"https:\\\/\\\/www.organisator.ch\\\/de\\\/allgemein\\\/2017-06-14\\\/fuehrungswechsel-beim-swiss-venture-club-svc\\\/#primaryimage\"},\"thumbnailUrl\":\"https:\\\/\\\/www.organisator.ch\\\/wp-content\\\/uploads\\\/2017\\\/06\\\/Fuehrungswechsel-beim-Swiss-Venture-Club-SVC_Organisator.jpg\",\"datePublished\":\"2017-06-14T08:30:55+00:00\",\"description\":\"Der Swiss Venture Club (SVC) bekommt einen neuen Pr\u00e4sidenten. Mit Andreas Gerber stellt sich wiederum ein profunder Kenner der KMU-Landschaft zur Verf\u00fcgung.\",\"breadcrumb\":{\"@id\":\"https:\\\/\\\/www.organisator.ch\\\/de\\\/allgemein\\\/2017-06-14\\\/fuehrungswechsel-beim-swiss-venture-club-svc\\\/#breadcrumb\"},\"inLanguage\":\"it-IT\",\"potentialAction\":[{\"@type\":\"ReadAction\",\"target\":[\"https:\\\/\\\/www.organisator.ch\\\/de\\\/allgemein\\\/2017-06-14\\\/fuehrungswechsel-beim-swiss-venture-club-svc\\\/\"]}]},{\"@type\":\"ImageObject\",\"inLanguage\":\"it-IT\",\"@id\":\"https:\\\/\\\/www.organisator.ch\\\/de\\\/allgemein\\\/2017-06-14\\\/fuehrungswechsel-beim-swiss-venture-club-svc\\\/#primaryimage\",\"url\":\"https:\\\/\\\/www.organisator.ch\\\/wp-content\\\/uploads\\\/2017\\\/06\\\/Fuehrungswechsel-beim-Swiss-Venture-Club-SVC_Organisator.jpg\",\"contentUrl\":\"https:\\\/\\\/www.organisator.ch\\\/wp-content\\\/uploads\\\/2017\\\/06\\\/Fuehrungswechsel-beim-Swiss-Venture-Club-SVC_Organisator.jpg\",\"width\":640,\"height\":427,\"caption\":\"Andreas Gerber (links) stellt sich als Nachfolger von Hans-Ulrich M\u00fcller als neuer Pr\u00e4sident des SVC zur Verf\u00fcgung. (Bild: Pressedienst SVC)\"},{\"@type\":\"BreadcrumbList\",\"@id\":\"https:\\\/\\\/www.organisator.ch\\\/de\\\/allgemein\\\/2017-06-14\\\/fuehrungswechsel-beim-swiss-venture-club-svc\\\/#breadcrumb\",\"itemListElement\":[{\"@type\":\"ListItem\",\"position\":1,\"name\":\"Home\",\"item\":\"https:\\\/\\\/www.organisator.ch\\\/\"},{\"@type\":\"ListItem\",\"position\":2,\"name\":\"F\u00fchrungswechsel beim Swiss Venture Club SVC\"}]},{\"@type\":\"WebSite\",\"@id\":\"https:\\\/\\\/www.organisator.ch\\\/#website\",\"url\":\"https:\\\/\\\/www.organisator.ch\\\/\",\"name\":\"Organisator\",\"description\":\"Kompetent. Praxisnah. Der ORGANISATOR bereitet in 10 Ausgaben pro Jahr die wesentlichen Themen f\u00fcr F\u00fchrungskr\u00e4fte von KMU auf.\",\"publisher\":{\"@id\":\"https:\\\/\\\/www.organisator.ch\\\/#organization\"},\"potentialAction\":[{\"@type\":\"SearchAction\",\"target\":{\"@type\":\"EntryPoint\",\"urlTemplate\":\"https:\\\/\\\/www.organisator.ch\\\/?s={search_term_string}\"},\"query-input\":{\"@type\":\"PropertyValueSpecification\",\"valueRequired\":true,\"valueName\":\"search_term_string\"}}],\"inLanguage\":\"it-IT\"},{\"@type\":\"Organization\",\"@id\":\"https:\\\/\\\/www.organisator.ch\\\/#organization\",\"name\":\"Organisator\",\"url\":\"https:\\\/\\\/www.organisator.ch\\\/\",\"logo\":{\"@type\":\"ImageObject\",\"inLanguage\":\"it-IT\",\"@id\":\"https:\\\/\\\/www.organisator.ch\\\/#\\\/schema\\\/logo\\\/image\\\/\",\"url\":\"https:\\\/\\\/www.organisator.ch\\\/wp-content\\\/uploads\\\/2022\\\/01\\\/Logo_Organisator_Website.png\",\"contentUrl\":\"https:\\\/\\\/www.organisator.ch\\\/wp-content\\\/uploads\\\/2022\\\/01\\\/Logo_Organisator_Website.png\",\"width\":800,\"height\":77,\"caption\":\"Organisator\"},\"image\":{\"@id\":\"https:\\\/\\\/www.organisator.ch\\\/#\\\/schema\\\/logo\\\/image\\\/\"},\"sameAs\":[\"https:\\\/\\\/www.facebook.com\\\/OrganisatorFachmagazin\",\"https:\\\/\\\/www.linkedin.com\\\/showcase\\\/organisator-das-magazin-fr-kmu\",\"https:\\\/\\\/www.xing.com\\\/news\\\/pages\\\/organisator-ch-695\",\"https:\\\/\\\/www.youtube.com\\\/channel\\\/UCGP2Sq0iWaZwT3BdIAQFYpw\"]},{\"@type\":\"Person\",\"@id\":\"https:\\\/\\\/www.organisator.ch\\\/#\\\/schema\\\/person\\\/6f650f90b2842cd4c0cc334b4e36f67e\",\"name\":\"thomas.berner\",\"image\":{\"@type\":\"ImageObject\",\"inLanguage\":\"it-IT\",\"@id\":\"https:\\\/\\\/secure.gravatar.com\\\/avatar\\\/ac5001d2a36cb6c6cd3e50789007ffca834b477b74a2144564522e944eabff61?s=96&d=mm&r=g\",\"url\":\"https:\\\/\\\/secure.gravatar.com\\\/avatar\\\/ac5001d2a36cb6c6cd3e50789007ffca834b477b74a2144564522e944eabff61?s=96&d=mm&r=g\",\"contentUrl\":\"https:\\\/\\\/secure.gravatar.com\\\/avatar\\\/ac5001d2a36cb6c6cd3e50789007ffca834b477b74a2144564522e944eabff61?s=96&d=mm&r=g\",\"caption\":\"thomas.berner\"},\"url\":\"https:\\\/\\\/www.organisator.ch\\\/it\\\/author\\\/thomas-berner\\\/\"}]}<\/script>\n<!-- \/ Yoast SEO plugin. -->","yoast_head_json":{"title":"Cambio di leadership al Swiss Venture Club SVC - Organizzatore","description":"Lo Swiss Venture Club (SVC) ha un nuovo presidente. Con Andreas Gerber, un profondo conoscitore del panorama delle PMI si candida nuovamente.","robots":{"index":"index","follow":"follow","max-snippet":"max-snippet:-1","max-image-preview":"max-image-preview:large","max-video-preview":"max-video-preview:-1"},"canonical":"https:\/\/www.organisator.ch\/it\/generale\/2017-06-14\/fuehrungswechsel-beim-swiss-venture-club-svc\/","og_locale":"it_IT","og_type":"article","og_title":"F\u00fchrungswechsel beim Swiss Venture Club SVC","og_description":"Der Swiss Venture Club (#SVC) bekommt einen neuen Pr\u00e4sidenten. Mit Andreas Gerber stellt sich wiederum ein Kader der Credit Suisse und ein profunder Kenner der KMU-Landschaft zur Verf\u00fcgung.","og_url":"https:\/\/www.organisator.ch\/it\/generale\/2017-06-14\/fuehrungswechsel-beim-swiss-venture-club-svc\/","og_site_name":"Organisator","article_publisher":"https:\/\/www.facebook.com\/OrganisatorFachmagazin","article_published_time":"2017-06-14T08:30:55+00:00","og_image":[{"width":336,"height":343,"url":"https:\/\/www.organisator.ch\/wp-content\/uploads\/2017\/06\/Fuehrungswechsel-beim-Swiss-Venture-Club-SVC-2_Organisator.jpg","type":"image\/jpeg"}],"author":"thomas.berner","twitter_card":"summary_large_image","twitter_title":"#F\u00fchrungswechsel beim Swiss Venture Club #SVC","twitter_description":"Der Swiss Venture Club (#SVC) bekommt einen neuen Pr\u00e4sidenten. Mit Andreas Gerber stellt sich wiederum ein Kader der Credit Suisse und ein profunder Kenner der KMU-Landschaft zur Verf\u00fcgung.","twitter_image":"https:\/\/www.organisator.ch\/wp-content\/uploads\/2017\/06\/F\u00fchrungswechsel-beim-Swiss-Venture-Club-SVC-2_Organisator.jpg","schema":{"@context":"https:\/\/schema.org","@graph":[{"@type":"Article","@id":"https:\/\/www.organisator.ch\/de\/allgemein\/2017-06-14\/fuehrungswechsel-beim-swiss-venture-club-svc\/#article","isPartOf":{"@id":"https:\/\/www.organisator.ch\/de\/allgemein\/2017-06-14\/fuehrungswechsel-beim-swiss-venture-club-svc\/"},"author":{"name":"thomas.berner","@id":"https:\/\/www.organisator.ch\/#\/schema\/person\/6f650f90b2842cd4c0cc334b4e36f67e"},"headline":"F\u00fchrungswechsel beim Swiss Venture Club SVC","datePublished":"2017-06-14T08:30:55+00:00","mainEntityOfPage":{"@id":"https:\/\/www.organisator.ch\/de\/allgemein\/2017-06-14\/fuehrungswechsel-beim-swiss-venture-club-svc\/"},"wordCount":580,"commentCount":0,"publisher":{"@id":"https:\/\/www.organisator.ch\/#organization"},"image":{"@id":"https:\/\/www.organisator.ch\/de\/allgemein\/2017-06-14\/fuehrungswechsel-beim-swiss-venture-club-svc\/#primaryimage"},"thumbnailUrl":"https:\/\/www.organisator.ch\/wp-content\/uploads\/2017\/06\/Fuehrungswechsel-beim-Swiss-Venture-Club-SVC_Organisator.jpg","keywords":["Institutionen","Personalia","Unternehmen","Verb\u00e4nde"],"articleSection":["Allgemein"],"inLanguage":"it-IT"},{"@type":"WebPage","@id":"https:\/\/www.organisator.ch\/de\/allgemein\/2017-06-14\/fuehrungswechsel-beim-swiss-venture-club-svc\/","url":"https:\/\/www.organisator.ch\/de\/allgemein\/2017-06-14\/fuehrungswechsel-beim-swiss-venture-club-svc\/","name":"Cambio di leadership al Swiss Venture Club SVC - Organizzatore","isPartOf":{"@id":"https:\/\/www.organisator.ch\/#website"},"primaryImageOfPage":{"@id":"https:\/\/www.organisator.ch\/de\/allgemein\/2017-06-14\/fuehrungswechsel-beim-swiss-venture-club-svc\/#primaryimage"},"image":{"@id":"https:\/\/www.organisator.ch\/de\/allgemein\/2017-06-14\/fuehrungswechsel-beim-swiss-venture-club-svc\/#primaryimage"},"thumbnailUrl":"https:\/\/www.organisator.ch\/wp-content\/uploads\/2017\/06\/Fuehrungswechsel-beim-Swiss-Venture-Club-SVC_Organisator.jpg","datePublished":"2017-06-14T08:30:55+00:00","description":"Lo Swiss Venture Club (SVC) ha un nuovo presidente. Con Andreas Gerber, un profondo conoscitore del panorama delle PMI si candida nuovamente.","breadcrumb":{"@id":"https:\/\/www.organisator.ch\/de\/allgemein\/2017-06-14\/fuehrungswechsel-beim-swiss-venture-club-svc\/#breadcrumb"},"inLanguage":"it-IT","potentialAction":[{"@type":"ReadAction","target":["https:\/\/www.organisator.ch\/de\/allgemein\/2017-06-14\/fuehrungswechsel-beim-swiss-venture-club-svc\/"]}]},{"@type":"ImageObject","inLanguage":"it-IT","@id":"https:\/\/www.organisator.ch\/de\/allgemein\/2017-06-14\/fuehrungswechsel-beim-swiss-venture-club-svc\/#primaryimage","url":"https:\/\/www.organisator.ch\/wp-content\/uploads\/2017\/06\/Fuehrungswechsel-beim-Swiss-Venture-Club-SVC_Organisator.jpg","contentUrl":"https:\/\/www.organisator.ch\/wp-content\/uploads\/2017\/06\/Fuehrungswechsel-beim-Swiss-Venture-Club-SVC_Organisator.jpg","width":640,"height":427,"caption":"Andreas Gerber (links) stellt sich als Nachfolger von Hans-Ulrich M\u00fcller als neuer Pr\u00e4sident des SVC zur Verf\u00fcgung. (Bild: Pressedienst SVC)"},{"@type":"BreadcrumbList","@id":"https:\/\/www.organisator.ch\/de\/allgemein\/2017-06-14\/fuehrungswechsel-beim-swiss-venture-club-svc\/#breadcrumb","itemListElement":[{"@type":"ListItem","position":1,"name":"Home","item":"https:\/\/www.organisator.ch\/"},{"@type":"ListItem","position":2,"name":"F\u00fchrungswechsel beim Swiss Venture Club SVC"}]},{"@type":"WebSite","@id":"https:\/\/www.organisator.ch\/#website","url":"https:\/\/www.organisator.ch\/","name":"Organizzatore","description":"Competente. Pratico. In 10 numeri all'anno, ORGANISATOR presenta i temi essenziali per i manager delle PMI.","publisher":{"@id":"https:\/\/www.organisator.ch\/#organization"},"potentialAction":[{"@type":"SearchAction","target":{"@type":"EntryPoint","urlTemplate":"https:\/\/www.organisator.ch\/?s={search_term_string}"},"query-input":{"@type":"PropertyValueSpecification","valueRequired":true,"valueName":"search_term_string"}}],"inLanguage":"it-IT"},{"@type":"Organization","@id":"https:\/\/www.organisator.ch\/#organization","name":"Organizzatore","url":"https:\/\/www.organisator.ch\/","logo":{"@type":"ImageObject","inLanguage":"it-IT","@id":"https:\/\/www.organisator.ch\/#\/schema\/logo\/image\/","url":"https:\/\/www.organisator.ch\/wp-content\/uploads\/2022\/01\/Logo_Organisator_Website.png","contentUrl":"https:\/\/www.organisator.ch\/wp-content\/uploads\/2022\/01\/Logo_Organisator_Website.png","width":800,"height":77,"caption":"Organisator"},"image":{"@id":"https:\/\/www.organisator.ch\/#\/schema\/logo\/image\/"},"sameAs":["https:\/\/www.facebook.com\/OrganisatorFachmagazin","https:\/\/www.linkedin.com\/showcase\/organisator-das-magazin-fr-kmu","https:\/\/www.xing.com\/news\/pages\/organisator-ch-695","https:\/\/www.youtube.com\/channel\/UCGP2Sq0iWaZwT3BdIAQFYpw"]},{"@type":"Person","@id":"https:\/\/www.organisator.ch\/#\/schema\/person\/6f650f90b2842cd4c0cc334b4e36f67e","name":"Tommaso.berner","image":{"@type":"ImageObject","inLanguage":"it-IT","@id":"https:\/\/secure.gravatar.com\/avatar\/ac5001d2a36cb6c6cd3e50789007ffca834b477b74a2144564522e944eabff61?s=96&d=mm&r=g","url":"https:\/\/secure.gravatar.com\/avatar\/ac5001d2a36cb6c6cd3e50789007ffca834b477b74a2144564522e944eabff61?s=96&d=mm&r=g","contentUrl":"https:\/\/secure.gravatar.com\/avatar\/ac5001d2a36cb6c6cd3e50789007ffca834b477b74a2144564522e944eabff61?s=96&d=mm&r=g","caption":"thomas.berner"},"url":"https:\/\/www.organisator.ch\/it\/author\/thomas-berner\/"}]}},"_links":{"self":[{"href":"https:\/\/www.organisator.ch\/it\/wp-json\/wp\/v2\/posts\/2051","targetHints":{"allow":["GET"]}}],"collection":[{"href":"https:\/\/www.organisator.ch\/it\/wp-json\/wp\/v2\/posts"}],"about":[{"href":"https:\/\/www.organisator.ch\/it\/wp-json\/wp\/v2\/types\/post"}],"author":[{"embeddable":true,"href":"https:\/\/www.organisator.ch\/it\/wp-json\/wp\/v2\/users\/4"}],"replies":[{"embeddable":true,"href":"https:\/\/www.organisator.ch\/it\/wp-json\/wp\/v2\/comments?post=2051"}],"version-history":[{"count":0,"href":"https:\/\/www.organisator.ch\/it\/wp-json\/wp\/v2\/posts\/2051\/revisions"}],"wp:featuredmedia":[{"embeddable":true,"href":"https:\/\/www.organisator.ch\/it\/wp-json\/wp\/v2\/media\/2052"}],"wp:attachment":[{"href":"https:\/\/www.organisator.ch\/it\/wp-json\/wp\/v2\/media?parent=2051"}],"wp:term":[{"taxonomy":"category","embeddable":true,"href":"https:\/\/www.organisator.ch\/it\/wp-json\/wp\/v2\/categories?post=2051"},{"taxonomy":"post_tag","embeddable":true,"href":"https:\/\/www.organisator.ch\/it\/wp-json\/wp\/v2\/tags?post=2051"}],"curies":[{"name":"wp","href":"https:\/\/api.w.org\/{rel}","templated":true}]}}