{"id":20534,"date":"2023-05-31T16:39:57","date_gmt":"2023-05-31T14:39:57","guid":{"rendered":"https:\/\/www.organisator.ch\/?p=20534"},"modified":"2023-05-31T16:39:57","modified_gmt":"2023-05-31T14:39:57","slug":"reto-egloff-neu-im-verwaltungsrat-der-helsana-gruppe","status":"publish","type":"post","link":"https:\/\/www.organisator.ch\/it\/management\/2023-05-31\/reto-egloff-neu-im-verwaltungsrat-der-helsana-gruppe\/","title":{"rendered":"Reto Egloff nuovo membro del Consiglio di amministrazione del gruppo Helsana"},"content":{"rendered":"<figure id=\"attachment_20535\" aria-describedby=\"caption-attachment-20535\" style=\"width: 680px\" class=\"wp-caption alignnone\"><img loading=\"lazy\" decoding=\"async\" class=\"size-full wp-image-20535\" src=\"https:\/\/www.organisator.ch\/wp-content\/uploads\/2023\/05\/Reto-Egloff-neu-im-Verwaltungsrat-der-Helsana-Gruppe_Organisator.jpg\" alt=\"\" width=\"680\" height=\"453\" srcset=\"https:\/\/www.organisator.ch\/wp-content\/uploads\/2023\/05\/Reto-Egloff-neu-im-Verwaltungsrat-der-Helsana-Gruppe_Organisator.jpg 680w, https:\/\/www.organisator.ch\/wp-content\/uploads\/2023\/05\/Reto-Egloff-neu-im-Verwaltungsrat-der-Helsana-Gruppe_Organisator-18x12.jpg 18w, https:\/\/www.organisator.ch\/wp-content\/uploads\/2023\/05\/Reto-Egloff-neu-im-Verwaltungsrat-der-Helsana-Gruppe_Organisator-375x250.jpg 375w, https:\/\/www.organisator.ch\/wp-content\/uploads\/2023\/05\/Reto-Egloff-neu-im-Verwaltungsrat-der-Helsana-Gruppe_Organisator-525x350.jpg 525w\" sizes=\"auto, (max-width: 680px) 100vw, 680px\" \/><figcaption id=\"caption-attachment-20535\" class=\"wp-caption-text\">Reto Egloff, nuovo membro del Consiglio di amministrazione del gruppo Helsana. (Immagine: Helsana)<\/figcaption><\/figure>\n<p>In occasione dell'Assemblea generale del Gruppo Helsana del 26 maggio 2023, gli azionisti hanno eletto Reto Egloff (54) nel Consiglio di amministrazione. Succede a Severin Moser (60). Moser \u00e8 membro del Consiglio d'amministrazione del Gruppo Helsana dal 2007 e in questa veste \u00e8 stato da ultimo presidente del Comitato per la digitalizzazione e membro del Comitato per gli investimenti. Con Reto Egloff, l'organo di gestione strategica di Helsana acquisisce un profondo conoscitore dell'assicurazione malattie che dispone di un'eccellente rete di contatti anche al di fuori del settore.<\/p>\n<p>Il Presidente del Consiglio di Amministrazione Prof. Dr. Dr. Thomas D. Szucs si rallegra dell'elezione: \"L'aumento dei costi sanitari, la carenza di personale qualificato e la crescente digitalizzazione - il sistema sanitario svizzero sta cambiando sempre pi\u00f9 rapidamente. Reto Egloff conosce il settore delle assicurazioni sanitarie dal punto di vista della supervisione, dell'associazione e del mercato. Con il suo ampio know-how e la sua eccellente rete di contatti nel settore e nella politica, offre i presupposti ideali per posizionare Helsana in modo ancora pi\u00f9 incisivo come soggetto attivo del sistema sanitario svizzero.\" Reto Egloff ha lavorato presso la KPT Assicurazione malattie dal 2007 al 2021, ricoprendo la carica di CEO dal 2013. Dal 2013 al 2021 \u00e8 stato anche membro del Consiglio di amministrazione di curafutura, l'associazione di settore. In precedenza, l'avvocato \u00e8 stato capo sezione della supervisione dell'assicurazione sanitaria presso l'Ufficio federale della sanit\u00e0 pubblica (UFSP) e ha ricoperto posizioni dirigenziali nel settore alberghiero.<\/p>\n<p>Con un'ampia gamma di prodotti nei settori dell'assicurazione di base, complementare e contro gli infortuni, nonch\u00e9 delle prestazioni giornaliere in caso di malattia, Helsana protegge circa 2,2 milioni di persone dalle conseguenze finanziarie di malattie, infortuni, maternit\u00e0 e necessit\u00e0 di assistenza in et\u00e0 avanzata. L'azienda sviluppa inoltre soluzioni assicurative per oltre 60.000 aziende e associazioni per attutire le conseguenze economiche delle assenze per malattia o infortunio.<\/p>\n<p><em>Fonte e ulteriori informazioni: <a href=\"http:\/\/www.helsana.ch\">Helsana<\/a><\/em><\/p>","protected":false},"excerpt":{"rendered":"<p>Reto Egloff \u00e8 stato eletto membro del Consiglio di amministrazione in occasione dell'Assemblea generale del gruppo Helsana del 26 maggio 2023. Con il nuovo membro eletto, Helsana acquisisce un profondo conoscitore del settore delle assicurazioni malattia.<\/p>","protected":false},"author":4,"featured_media":0,"comment_status":"closed","ping_status":"closed","sticky":false,"template":"","format":"standard","meta":{"_acf_changed":false,"_yoast_wpseo_focuskw":"Reto Egloff","_yoast_wpseo_metadesc":"An der Generalversammlung der Helsana-Gruppe vom 26. Mai 2023 wurde Reto Egloff in den Verwaltungsrat gew\u00e4hlt.","articlekey":"","footnotes":""},"categories":[28],"tags":[1264,381,492,513],"class_list":["post-20534","post","type-post","status-publish","format-standard","hentry","category-management","tag-generalversammlung","tag-personalia","tag-unternehmen","tag-verwaltungsraete"],"acf":[],"yoast_head":"<!-- This site is optimized with the Yoast SEO plugin v27.5 - https:\/\/yoast.com\/product\/yoast-seo-wordpress\/ -->\n<title>Reto Egloff neu im Verwaltungsrat der Helsana-Gruppe - Organisator<\/title>\n<meta name=\"description\" content=\"An der Generalversammlung der Helsana-Gruppe vom 26. Mai 2023 wurde Reto Egloff in den Verwaltungsrat gew\u00e4hlt.\" \/>\n<meta name=\"robots\" content=\"index, follow, max-snippet:-1, max-image-preview:large, max-video-preview:-1\" \/>\n<link rel=\"canonical\" href=\"https:\/\/www.organisator.ch\/it\/gestione-2\/2023-05-31\/reto-egloff-neu-im-verwaltungsrat-der-helsana-gruppe\/\" \/>\n<meta property=\"og:locale\" content=\"it_IT\" \/>\n<meta property=\"og:type\" content=\"article\" \/>\n<meta property=\"og:title\" content=\"Reto Egloff neu im Verwaltungsrat der Helsana-Gruppe\" \/>\n<meta property=\"og:description\" content=\"An der Generalversammlung der Helsana-Gruppe vom 26. Mai 2023 wurde Reto Egloff in den Verwaltungsrat gew\u00e4hlt.\" \/>\n<meta property=\"og:url\" content=\"https:\/\/www.organisator.ch\/it\/gestione-2\/2023-05-31\/reto-egloff-neu-im-verwaltungsrat-der-helsana-gruppe\/\" \/>\n<meta property=\"og:site_name\" content=\"Organisator\" \/>\n<meta property=\"article:publisher\" content=\"https:\/\/www.facebook.com\/OrganisatorFachmagazin\" \/>\n<meta property=\"article:published_time\" content=\"2023-05-31T14:39:57+00:00\" \/>\n<meta property=\"og:image\" content=\"https:\/\/www.organisator.ch\/wp-content\/uploads\/2023\/05\/Reto-Egloff-neu-im-Verwaltungsrat-der-Helsana-Gruppe_Organisator.jpg\" \/>\n\t<meta property=\"og:image:width\" content=\"680\" \/>\n\t<meta property=\"og:image:height\" content=\"453\" \/>\n\t<meta property=\"og:image:type\" content=\"image\/jpeg\" \/>\n<meta name=\"author\" content=\"thomas.berner\" \/>\n<meta name=\"twitter:card\" content=\"summary_large_image\" \/>\n<meta name=\"twitter:title\" content=\"Reto #Egloff neu im #Verwaltungsrat der #Helsana-Gruppe\" \/>\n<meta name=\"twitter:description\" content=\"An der Generalversammlung der #Helsana-Gruppe vom 26. Mai 2023 wurde Reto #Egloff in den #Verwaltungsrat gew\u00e4hlt.\" \/>\n<meta name=\"twitter:image\" content=\"https:\/\/www.organisator.ch\/wp-content\/uploads\/2023\/05\/Reto-Egloff-neu-im-Verwaltungsrat-der-Helsana-Gruppe_Organisator.jpg\" \/>\n<script type=\"application\/ld+json\" class=\"yoast-schema-graph\">{\"@context\":\"https:\\\/\\\/schema.org\",\"@graph\":[{\"@type\":\"Article\",\"@id\":\"https:\\\/\\\/www.organisator.ch\\\/management\\\/2023-05-31\\\/reto-egloff-neu-im-verwaltungsrat-der-helsana-gruppe\\\/#article\",\"isPartOf\":{\"@id\":\"https:\\\/\\\/www.organisator.ch\\\/management\\\/2023-05-31\\\/reto-egloff-neu-im-verwaltungsrat-der-helsana-gruppe\\\/\"},\"author\":{\"name\":\"thomas.berner\",\"@id\":\"https:\\\/\\\/www.organisator.ch\\\/#\\\/schema\\\/person\\\/6f650f90b2842cd4c0cc334b4e36f67e\"},\"headline\":\"Reto Egloff neu im Verwaltungsrat der Helsana-Gruppe\",\"datePublished\":\"2023-05-31T14:39:57+00:00\",\"mainEntityOfPage\":{\"@id\":\"https:\\\/\\\/www.organisator.ch\\\/management\\\/2023-05-31\\\/reto-egloff-neu-im-verwaltungsrat-der-helsana-gruppe\\\/\"},\"wordCount\":272,\"publisher\":{\"@id\":\"https:\\\/\\\/www.organisator.ch\\\/#organization\"},\"image\":{\"@id\":\"https:\\\/\\\/www.organisator.ch\\\/management\\\/2023-05-31\\\/reto-egloff-neu-im-verwaltungsrat-der-helsana-gruppe\\\/#primaryimage\"},\"thumbnailUrl\":\"https:\\\/\\\/www.organisator.ch\\\/wp-content\\\/uploads\\\/2023\\\/05\\\/Reto-Egloff-neu-im-Verwaltungsrat-der-Helsana-Gruppe_Organisator.jpg\",\"keywords\":[\"Generalversammlung\",\"Personalia\",\"Unternehmen\",\"Verwaltungsr\u00e4te\"],\"articleSection\":[\"MANAGEMENT\"],\"inLanguage\":\"it-IT\"},{\"@type\":\"WebPage\",\"@id\":\"https:\\\/\\\/www.organisator.ch\\\/management\\\/2023-05-31\\\/reto-egloff-neu-im-verwaltungsrat-der-helsana-gruppe\\\/\",\"url\":\"https:\\\/\\\/www.organisator.ch\\\/management\\\/2023-05-31\\\/reto-egloff-neu-im-verwaltungsrat-der-helsana-gruppe\\\/\",\"name\":\"Reto Egloff neu im Verwaltungsrat der Helsana-Gruppe - Organisator\",\"isPartOf\":{\"@id\":\"https:\\\/\\\/www.organisator.ch\\\/#website\"},\"primaryImageOfPage\":{\"@id\":\"https:\\\/\\\/www.organisator.ch\\\/management\\\/2023-05-31\\\/reto-egloff-neu-im-verwaltungsrat-der-helsana-gruppe\\\/#primaryimage\"},\"image\":{\"@id\":\"https:\\\/\\\/www.organisator.ch\\\/management\\\/2023-05-31\\\/reto-egloff-neu-im-verwaltungsrat-der-helsana-gruppe\\\/#primaryimage\"},\"thumbnailUrl\":\"https:\\\/\\\/www.organisator.ch\\\/wp-content\\\/uploads\\\/2023\\\/05\\\/Reto-Egloff-neu-im-Verwaltungsrat-der-Helsana-Gruppe_Organisator.jpg\",\"datePublished\":\"2023-05-31T14:39:57+00:00\",\"description\":\"An der Generalversammlung der Helsana-Gruppe vom 26. Mai 2023 wurde Reto Egloff in den Verwaltungsrat gew\u00e4hlt.\",\"breadcrumb\":{\"@id\":\"https:\\\/\\\/www.organisator.ch\\\/management\\\/2023-05-31\\\/reto-egloff-neu-im-verwaltungsrat-der-helsana-gruppe\\\/#breadcrumb\"},\"inLanguage\":\"it-IT\",\"potentialAction\":[{\"@type\":\"ReadAction\",\"target\":[\"https:\\\/\\\/www.organisator.ch\\\/management\\\/2023-05-31\\\/reto-egloff-neu-im-verwaltungsrat-der-helsana-gruppe\\\/\"]}]},{\"@type\":\"ImageObject\",\"inLanguage\":\"it-IT\",\"@id\":\"https:\\\/\\\/www.organisator.ch\\\/management\\\/2023-05-31\\\/reto-egloff-neu-im-verwaltungsrat-der-helsana-gruppe\\\/#primaryimage\",\"url\":\"https:\\\/\\\/www.organisator.ch\\\/wp-content\\\/uploads\\\/2023\\\/05\\\/Reto-Egloff-neu-im-Verwaltungsrat-der-Helsana-Gruppe_Organisator.jpg\",\"contentUrl\":\"https:\\\/\\\/www.organisator.ch\\\/wp-content\\\/uploads\\\/2023\\\/05\\\/Reto-Egloff-neu-im-Verwaltungsrat-der-Helsana-Gruppe_Organisator.jpg\"},{\"@type\":\"BreadcrumbList\",\"@id\":\"https:\\\/\\\/www.organisator.ch\\\/management\\\/2023-05-31\\\/reto-egloff-neu-im-verwaltungsrat-der-helsana-gruppe\\\/#breadcrumb\",\"itemListElement\":[{\"@type\":\"ListItem\",\"position\":1,\"name\":\"Home\",\"item\":\"https:\\\/\\\/www.organisator.ch\\\/\"},{\"@type\":\"ListItem\",\"position\":2,\"name\":\"Reto Egloff neu im Verwaltungsrat der Helsana-Gruppe\"}]},{\"@type\":\"WebSite\",\"@id\":\"https:\\\/\\\/www.organisator.ch\\\/#website\",\"url\":\"https:\\\/\\\/www.organisator.ch\\\/\",\"name\":\"Organisator\",\"description\":\"Kompetent. Praxisnah. Der ORGANISATOR bereitet in 10 Ausgaben pro Jahr die wesentlichen Themen f\u00fcr F\u00fchrungskr\u00e4fte von KMU auf.\",\"publisher\":{\"@id\":\"https:\\\/\\\/www.organisator.ch\\\/#organization\"},\"potentialAction\":[{\"@type\":\"SearchAction\",\"target\":{\"@type\":\"EntryPoint\",\"urlTemplate\":\"https:\\\/\\\/www.organisator.ch\\\/?s={search_term_string}\"},\"query-input\":{\"@type\":\"PropertyValueSpecification\",\"valueRequired\":true,\"valueName\":\"search_term_string\"}}],\"inLanguage\":\"it-IT\"},{\"@type\":\"Organization\",\"@id\":\"https:\\\/\\\/www.organisator.ch\\\/#organization\",\"name\":\"Organisator\",\"url\":\"https:\\\/\\\/www.organisator.ch\\\/\",\"logo\":{\"@type\":\"ImageObject\",\"inLanguage\":\"it-IT\",\"@id\":\"https:\\\/\\\/www.organisator.ch\\\/#\\\/schema\\\/logo\\\/image\\\/\",\"url\":\"https:\\\/\\\/www.organisator.ch\\\/wp-content\\\/uploads\\\/2022\\\/01\\\/Logo_Organisator_Website.png\",\"contentUrl\":\"https:\\\/\\\/www.organisator.ch\\\/wp-content\\\/uploads\\\/2022\\\/01\\\/Logo_Organisator_Website.png\",\"width\":800,\"height\":77,\"caption\":\"Organisator\"},\"image\":{\"@id\":\"https:\\\/\\\/www.organisator.ch\\\/#\\\/schema\\\/logo\\\/image\\\/\"},\"sameAs\":[\"https:\\\/\\\/www.facebook.com\\\/OrganisatorFachmagazin\",\"https:\\\/\\\/www.linkedin.com\\\/showcase\\\/organisator-das-magazin-fr-kmu\",\"https:\\\/\\\/www.xing.com\\\/news\\\/pages\\\/organisator-ch-695\",\"https:\\\/\\\/www.youtube.com\\\/channel\\\/UCGP2Sq0iWaZwT3BdIAQFYpw\"]},{\"@type\":\"Person\",\"@id\":\"https:\\\/\\\/www.organisator.ch\\\/#\\\/schema\\\/person\\\/6f650f90b2842cd4c0cc334b4e36f67e\",\"name\":\"thomas.berner\",\"image\":{\"@type\":\"ImageObject\",\"inLanguage\":\"it-IT\",\"@id\":\"https:\\\/\\\/secure.gravatar.com\\\/avatar\\\/ac5001d2a36cb6c6cd3e50789007ffca834b477b74a2144564522e944eabff61?s=96&d=mm&r=g\",\"url\":\"https:\\\/\\\/secure.gravatar.com\\\/avatar\\\/ac5001d2a36cb6c6cd3e50789007ffca834b477b74a2144564522e944eabff61?s=96&d=mm&r=g\",\"contentUrl\":\"https:\\\/\\\/secure.gravatar.com\\\/avatar\\\/ac5001d2a36cb6c6cd3e50789007ffca834b477b74a2144564522e944eabff61?s=96&d=mm&r=g\",\"caption\":\"thomas.berner\"},\"url\":\"https:\\\/\\\/www.organisator.ch\\\/it\\\/author\\\/thomas-berner\\\/\"}]}<\/script>\n<!-- \/ Yoast SEO plugin. -->","yoast_head_json":{"title":"Reto Egloff nuovo membro del Consiglio di amministrazione del gruppo Helsana - Organizzatore","description":"Reto Egloff \u00e8 stato eletto membro del Consiglio di amministrazione in occasione dell'Assemblea generale del Gruppo Helsana del 26 maggio 2023.","robots":{"index":"index","follow":"follow","max-snippet":"max-snippet:-1","max-image-preview":"max-image-preview:large","max-video-preview":"max-video-preview:-1"},"canonical":"https:\/\/www.organisator.ch\/it\/gestione-2\/2023-05-31\/reto-egloff-neu-im-verwaltungsrat-der-helsana-gruppe\/","og_locale":"it_IT","og_type":"article","og_title":"Reto Egloff neu im Verwaltungsrat der Helsana-Gruppe","og_description":"An der Generalversammlung der Helsana-Gruppe vom 26. Mai 2023 wurde Reto Egloff in den Verwaltungsrat gew\u00e4hlt.","og_url":"https:\/\/www.organisator.ch\/it\/gestione-2\/2023-05-31\/reto-egloff-neu-im-verwaltungsrat-der-helsana-gruppe\/","og_site_name":"Organisator","article_publisher":"https:\/\/www.facebook.com\/OrganisatorFachmagazin","article_published_time":"2023-05-31T14:39:57+00:00","og_image":[{"width":680,"height":453,"url":"https:\/\/www.organisator.ch\/wp-content\/uploads\/2023\/05\/Reto-Egloff-neu-im-Verwaltungsrat-der-Helsana-Gruppe_Organisator.jpg","type":"image\/jpeg"}],"author":"thomas.berner","twitter_card":"summary_large_image","twitter_title":"Reto #Egloff neu im #Verwaltungsrat der #Helsana-Gruppe","twitter_description":"An der Generalversammlung der #Helsana-Gruppe vom 26. Mai 2023 wurde Reto #Egloff in den #Verwaltungsrat gew\u00e4hlt.","twitter_image":"https:\/\/www.organisator.ch\/wp-content\/uploads\/2023\/05\/Reto-Egloff-neu-im-Verwaltungsrat-der-Helsana-Gruppe_Organisator.jpg","schema":{"@context":"https:\/\/schema.org","@graph":[{"@type":"Article","@id":"https:\/\/www.organisator.ch\/management\/2023-05-31\/reto-egloff-neu-im-verwaltungsrat-der-helsana-gruppe\/#article","isPartOf":{"@id":"https:\/\/www.organisator.ch\/management\/2023-05-31\/reto-egloff-neu-im-verwaltungsrat-der-helsana-gruppe\/"},"author":{"name":"thomas.berner","@id":"https:\/\/www.organisator.ch\/#\/schema\/person\/6f650f90b2842cd4c0cc334b4e36f67e"},"headline":"Reto Egloff neu im Verwaltungsrat der Helsana-Gruppe","datePublished":"2023-05-31T14:39:57+00:00","mainEntityOfPage":{"@id":"https:\/\/www.organisator.ch\/management\/2023-05-31\/reto-egloff-neu-im-verwaltungsrat-der-helsana-gruppe\/"},"wordCount":272,"publisher":{"@id":"https:\/\/www.organisator.ch\/#organization"},"image":{"@id":"https:\/\/www.organisator.ch\/management\/2023-05-31\/reto-egloff-neu-im-verwaltungsrat-der-helsana-gruppe\/#primaryimage"},"thumbnailUrl":"https:\/\/www.organisator.ch\/wp-content\/uploads\/2023\/05\/Reto-Egloff-neu-im-Verwaltungsrat-der-Helsana-Gruppe_Organisator.jpg","keywords":["Generalversammlung","Personalia","Unternehmen","Verwaltungsr\u00e4te"],"articleSection":["MANAGEMENT"],"inLanguage":"it-IT"},{"@type":"WebPage","@id":"https:\/\/www.organisator.ch\/management\/2023-05-31\/reto-egloff-neu-im-verwaltungsrat-der-helsana-gruppe\/","url":"https:\/\/www.organisator.ch\/management\/2023-05-31\/reto-egloff-neu-im-verwaltungsrat-der-helsana-gruppe\/","name":"Reto Egloff nuovo membro del Consiglio di amministrazione del gruppo Helsana - Organizzatore","isPartOf":{"@id":"https:\/\/www.organisator.ch\/#website"},"primaryImageOfPage":{"@id":"https:\/\/www.organisator.ch\/management\/2023-05-31\/reto-egloff-neu-im-verwaltungsrat-der-helsana-gruppe\/#primaryimage"},"image":{"@id":"https:\/\/www.organisator.ch\/management\/2023-05-31\/reto-egloff-neu-im-verwaltungsrat-der-helsana-gruppe\/#primaryimage"},"thumbnailUrl":"https:\/\/www.organisator.ch\/wp-content\/uploads\/2023\/05\/Reto-Egloff-neu-im-Verwaltungsrat-der-Helsana-Gruppe_Organisator.jpg","datePublished":"2023-05-31T14:39:57+00:00","description":"Reto Egloff \u00e8 stato eletto membro del Consiglio di amministrazione in occasione dell'Assemblea generale del Gruppo Helsana del 26 maggio 2023.","breadcrumb":{"@id":"https:\/\/www.organisator.ch\/management\/2023-05-31\/reto-egloff-neu-im-verwaltungsrat-der-helsana-gruppe\/#breadcrumb"},"inLanguage":"it-IT","potentialAction":[{"@type":"ReadAction","target":["https:\/\/www.organisator.ch\/management\/2023-05-31\/reto-egloff-neu-im-verwaltungsrat-der-helsana-gruppe\/"]}]},{"@type":"ImageObject","inLanguage":"it-IT","@id":"https:\/\/www.organisator.ch\/management\/2023-05-31\/reto-egloff-neu-im-verwaltungsrat-der-helsana-gruppe\/#primaryimage","url":"https:\/\/www.organisator.ch\/wp-content\/uploads\/2023\/05\/Reto-Egloff-neu-im-Verwaltungsrat-der-Helsana-Gruppe_Organisator.jpg","contentUrl":"https:\/\/www.organisator.ch\/wp-content\/uploads\/2023\/05\/Reto-Egloff-neu-im-Verwaltungsrat-der-Helsana-Gruppe_Organisator.jpg"},{"@type":"BreadcrumbList","@id":"https:\/\/www.organisator.ch\/management\/2023-05-31\/reto-egloff-neu-im-verwaltungsrat-der-helsana-gruppe\/#breadcrumb","itemListElement":[{"@type":"ListItem","position":1,"name":"Home","item":"https:\/\/www.organisator.ch\/"},{"@type":"ListItem","position":2,"name":"Reto Egloff neu im Verwaltungsrat der Helsana-Gruppe"}]},{"@type":"WebSite","@id":"https:\/\/www.organisator.ch\/#website","url":"https:\/\/www.organisator.ch\/","name":"Organizzatore","description":"Competente. Pratico. In 10 numeri all'anno, ORGANISATOR presenta i temi essenziali per i manager delle PMI.","publisher":{"@id":"https:\/\/www.organisator.ch\/#organization"},"potentialAction":[{"@type":"SearchAction","target":{"@type":"EntryPoint","urlTemplate":"https:\/\/www.organisator.ch\/?s={search_term_string}"},"query-input":{"@type":"PropertyValueSpecification","valueRequired":true,"valueName":"search_term_string"}}],"inLanguage":"it-IT"},{"@type":"Organization","@id":"https:\/\/www.organisator.ch\/#organization","name":"Organizzatore","url":"https:\/\/www.organisator.ch\/","logo":{"@type":"ImageObject","inLanguage":"it-IT","@id":"https:\/\/www.organisator.ch\/#\/schema\/logo\/image\/","url":"https:\/\/www.organisator.ch\/wp-content\/uploads\/2022\/01\/Logo_Organisator_Website.png","contentUrl":"https:\/\/www.organisator.ch\/wp-content\/uploads\/2022\/01\/Logo_Organisator_Website.png","width":800,"height":77,"caption":"Organisator"},"image":{"@id":"https:\/\/www.organisator.ch\/#\/schema\/logo\/image\/"},"sameAs":["https:\/\/www.facebook.com\/OrganisatorFachmagazin","https:\/\/www.linkedin.com\/showcase\/organisator-das-magazin-fr-kmu","https:\/\/www.xing.com\/news\/pages\/organisator-ch-695","https:\/\/www.youtube.com\/channel\/UCGP2Sq0iWaZwT3BdIAQFYpw"]},{"@type":"Person","@id":"https:\/\/www.organisator.ch\/#\/schema\/person\/6f650f90b2842cd4c0cc334b4e36f67e","name":"Tommaso.berner","image":{"@type":"ImageObject","inLanguage":"it-IT","@id":"https:\/\/secure.gravatar.com\/avatar\/ac5001d2a36cb6c6cd3e50789007ffca834b477b74a2144564522e944eabff61?s=96&d=mm&r=g","url":"https:\/\/secure.gravatar.com\/avatar\/ac5001d2a36cb6c6cd3e50789007ffca834b477b74a2144564522e944eabff61?s=96&d=mm&r=g","contentUrl":"https:\/\/secure.gravatar.com\/avatar\/ac5001d2a36cb6c6cd3e50789007ffca834b477b74a2144564522e944eabff61?s=96&d=mm&r=g","caption":"thomas.berner"},"url":"https:\/\/www.organisator.ch\/it\/author\/thomas-berner\/"}]}},"_links":{"self":[{"href":"https:\/\/www.organisator.ch\/it\/wp-json\/wp\/v2\/posts\/20534","targetHints":{"allow":["GET"]}}],"collection":[{"href":"https:\/\/www.organisator.ch\/it\/wp-json\/wp\/v2\/posts"}],"about":[{"href":"https:\/\/www.organisator.ch\/it\/wp-json\/wp\/v2\/types\/post"}],"author":[{"embeddable":true,"href":"https:\/\/www.organisator.ch\/it\/wp-json\/wp\/v2\/users\/4"}],"replies":[{"embeddable":true,"href":"https:\/\/www.organisator.ch\/it\/wp-json\/wp\/v2\/comments?post=20534"}],"version-history":[{"count":1,"href":"https:\/\/www.organisator.ch\/it\/wp-json\/wp\/v2\/posts\/20534\/revisions"}],"predecessor-version":[{"id":20536,"href":"https:\/\/www.organisator.ch\/it\/wp-json\/wp\/v2\/posts\/20534\/revisions\/20536"}],"wp:attachment":[{"href":"https:\/\/www.organisator.ch\/it\/wp-json\/wp\/v2\/media?parent=20534"}],"wp:term":[{"taxonomy":"category","embeddable":true,"href":"https:\/\/www.organisator.ch\/it\/wp-json\/wp\/v2\/categories?post=20534"},{"taxonomy":"post_tag","embeddable":true,"href":"https:\/\/www.organisator.ch\/it\/wp-json\/wp\/v2\/tags?post=20534"}],"curies":[{"name":"wp","href":"https:\/\/api.w.org\/{rel}","templated":true}]}}