{"id":20556,"date":"2023-06-02T09:09:31","date_gmt":"2023-06-02T07:09:31","guid":{"rendered":"https:\/\/www.organisator.ch\/?p=20556"},"modified":"2023-06-02T09:09:31","modified_gmt":"2023-06-02T07:09:31","slug":"steuerlandschaft-schweiz-gewinnsteuern-leicht-gesunken","status":"publish","type":"post","link":"https:\/\/www.organisator.ch\/it\/management\/finanzen_recht\/2023-06-02\/steuerlandschaft-schweiz-gewinnsteuern-leicht-gesunken\/","title":{"rendered":"Panorama fiscale in Svizzera: imposte sugli utili leggermente pi\u00f9 basse"},"content":{"rendered":"<figure id=\"attachment_20558\" aria-describedby=\"caption-attachment-20558\" style=\"width: 680px\" class=\"wp-caption alignnone\"><img loading=\"lazy\" decoding=\"async\" class=\"size-full wp-image-20558\" src=\"https:\/\/www.organisator.ch\/wp-content\/uploads\/2023\/06\/Steuerlandschaft-Schweiz-Gewinnsteuern-leicht-gesunken-1_Organisator.jpg\" alt=\"\" width=\"680\" height=\"435\" srcset=\"https:\/\/www.organisator.ch\/wp-content\/uploads\/2023\/06\/Steuerlandschaft-Schweiz-Gewinnsteuern-leicht-gesunken-1_Organisator.jpg 680w, https:\/\/www.organisator.ch\/wp-content\/uploads\/2023\/06\/Steuerlandschaft-Schweiz-Gewinnsteuern-leicht-gesunken-1_Organisator-18x12.jpg 18w, https:\/\/www.organisator.ch\/wp-content\/uploads\/2023\/06\/Steuerlandschaft-Schweiz-Gewinnsteuern-leicht-gesunken-1_Organisator-375x240.jpg 375w, https:\/\/www.organisator.ch\/wp-content\/uploads\/2023\/06\/Steuerlandschaft-Schweiz-Gewinnsteuern-leicht-gesunken-1_Organisator-547x350.jpg 547w\" sizes=\"auto, (max-width: 680px) 100vw, 680px\" \/><figcaption id=\"caption-attachment-20558\" class=\"wp-caption-text\">Panorama fiscale in Svizzera: aliquote d'imposta sugli utili nei cantoni 2023. (Grafico: KPMG)<\/figcaption><\/figure>\n<p>Dopo che molte aliquote sono state ridotte negli anni precedenti a causa della riforma dell'imposta sulle societ\u00e0 STAF, ci sono state solo riduzioni isolate e minime delle aliquote fiscali dal 2022 al 2023. Le aliquote dell'imposta ordinaria sugli utili per le societ\u00e0 in Svizzera sono le seguenti <a href=\"https:\/\/www.organisator.ch\/de\/management\/finanzen_recht\/2022-05-11\/steuerthemen-2022-oekosteuern-steuertransparenz-und-globale-mindeststeuer\/\">rispetto all'anno precedente<\/a> da 14,68% a 14,6%. Lo dimostra lo \"Swiss Tax Report 2023\" di KPMG, che mette a confronto le aliquote d'imposta sugli utili e sul reddito di oltre 50 Paesi e di tutti i 26 Cantoni.<\/p>\n<h3>Il panorama fiscale svizzero: la Svizzera centrale \u00e8 al primo posto<\/h3>\n<p>Le riduzioni maggiori sono state effettuate nei cantoni di Argovia (-1,16 punti percentuali) e Basilea Campagna (-2,07 punti percentuali). Il Cantone di Neuch\u00e2tel, invece, ha aumentato l'aliquota dell'imposta sugli utili (+1,32 punti percentuali). Le aliquote ordinarie d'imposta sui profitti pi\u00f9 basse continuano a sussistere nei cantoni della Svizzera centrale e nei cantoni di Glarona e Appenzello Interno. Il cantone di Zugo guida la classifica dei cantoni a bassa tassazione con un'aliquota di 11,8%, seguito dai cantoni di Nidvaldo (11,97%) e Lucerna (12,15%). Il cantone di Berna \u00e8 in coda con un'aliquota di imposta sugli utili di 21,04%. \"Nei prossimi due anni \u00e8 possibile un'ulteriore lieve diminuzione, poich\u00e9 alcuni cantoni ridurranno ulteriormente le loro aliquote d'imposta in base alle decisioni prese a suo tempo nell'ambito dello STAF. Tuttavia, non si possono escludere nemmeno singoli aumenti\", spiega Olivier Eichenberger, esperto di imposte sulle societ\u00e0 di KPMG.<\/p>\n<p>In un confronto internazionale, la Svizzera applica una bassa tassazione alle imprese, soprattutto nei cantoni della Svizzera centrale, Basilea Citt\u00e0, Ginevra e Vaud. Solo Guernsey (0,0%), l'Ungheria (9,0%) o la Bulgaria (10,0%) offrono aliquote d'imposta sugli utili ordinari ancora pi\u00f9 basse. L'Irlanda (12,5%) ha un'imposizione fiscale simile a quella della Svizzera e rimane quindi il pi\u00f9 importante concorrente in Europa.<\/p>\n<h3><strong>Le aliquote fiscali per i redditi pi\u00f9 alti delle persone fisiche rimangono sostanzialmente invariate<\/strong><\/h3>\n<p>Le aliquote fiscali medie per le persone fisiche in Svizzera hanno subito variazioni minime rispetto agli anni precedenti nella media nazionale e sono rimaste stabili con un'aliquota massima media di circa 33,45% (-0,07 punti percentuali). Con un'aliquota del 22,06%, Zugo continua a offrire le imposte sul reddito pi\u00f9 interessanti nel confronto cantonale, seguita da Appenzello Interno (23,82%), Obvaldo (23,3%) e Svitto (24,98%).<\/p>\n<figure id=\"attachment_20559\" aria-describedby=\"caption-attachment-20559\" style=\"width: 680px\" class=\"wp-caption alignnone\"><img loading=\"lazy\" decoding=\"async\" class=\"size-full wp-image-20559\" src=\"https:\/\/www.organisator.ch\/wp-content\/uploads\/2023\/06\/Steuerlandschaft-Schweiz-Gewinnsteuern-leicht-gesunken-2_Organisator.jpg\" alt=\"\" width=\"680\" height=\"435\" srcset=\"https:\/\/www.organisator.ch\/wp-content\/uploads\/2023\/06\/Steuerlandschaft-Schweiz-Gewinnsteuern-leicht-gesunken-2_Organisator.jpg 680w, https:\/\/www.organisator.ch\/wp-content\/uploads\/2023\/06\/Steuerlandschaft-Schweiz-Gewinnsteuern-leicht-gesunken-2_Organisator-18x12.jpg 18w, https:\/\/www.organisator.ch\/wp-content\/uploads\/2023\/06\/Steuerlandschaft-Schweiz-Gewinnsteuern-leicht-gesunken-2_Organisator-375x240.jpg 375w, https:\/\/www.organisator.ch\/wp-content\/uploads\/2023\/06\/Steuerlandschaft-Schweiz-Gewinnsteuern-leicht-gesunken-2_Organisator-547x350.jpg 547w\" sizes=\"auto, (max-width: 680px) 100vw, 680px\" \/><figcaption id=\"caption-attachment-20559\" class=\"wp-caption-text\">Aliquote d'imposta sul reddito nei cantoni 2023. (Grafico: KPMG)<\/figcaption><\/figure>\n<p>I cantoni della Svizzera occidentale, guidati da Ginevra (44,74%), seguiti da Basilea Campagna (42,17%) e Vaud (41,5%), sono ancora in coda. Per il 2023, il Cantone di Sciaffusa (29,52%) sorprende con 1,22 punti percentuali di tasse in meno.<\/p>\n<p><em>Fonte: <a href=\"http:\/\/www.kpmg.ch\">KPMG<\/a><\/em><\/p>\n<blockquote>\n<h3>Promuovere fattori non fiscali<\/h3>\n<p>La Svizzera farebbe bene a prepararsi ai prossimi cambiamenti nella concorrenza fiscale, avverte la societ\u00e0 di revisione KPMG. Per mantenere l'attrattiva della sede, \u00e8 necessario introdurre ulteriori misure di localizzazione o promuovere quelle esistenti. \"L'attuazione prevista in Svizzera lascia ai cantoni un margine di manovra per eventuali misure di localizzazione con il gettito fiscale aggiuntivo\", spiega Stefan Kuhn, responsabile della consulenza fiscale e legale di KPMG. Secondo la proposta del governo federale, il 75% del gettito dell'imposta supplementare deve rimanere ai cantoni, dando loro la possibilit\u00e0 di garantire e promuovere l'attrattiva della loro sede. A questi si aggiungono fattori non fiscali come la disponibilit\u00e0 di manodopera qualificata, leggi sul lavoro favorevoli ai datori di lavoro e imposte sul reddito competitive. \"Quando si progettano nuove misure di promozione della localizzazione, bisogna fare attenzione, da un lato, a garantire che abbiano un impatto negativo minimo o nullo sulla tassazione minima. Dall'altro, devono essere accettate dall'OCSE e dall'UE\", sottolinea Olivier Eichenberger, esperto di fiscalit\u00e0 d'impresa di KPMG.<\/p>\n<p>Se si seguono gli sviluppi all'estero in seguito all'introduzione della tassazione minima dell'OCSE, si nota la tendenza a passare dalla concorrenza fiscale alla concorrenza dei sussidi. Ad esempio, l'UE e gli USA hanno introdotto sussidi governativi volti a promuovere la sostenibilit\u00e0. Il \"Green Deal\" dell'UE mira a ridurre le emissioni di gas serra di almeno il 55% entro la fine del 2030. L'\"Inflation Reduction Act\" degli Stati Uniti mira a creare incentivi per la riduzione dei gas serra e a promuovere gli investimenti nella produzione nazionale e il sostegno allo sviluppo e alla commercializzazione di nuove tecnologie. \"In termini concreti, questo significa per la Svizzera che la corsa ai sussidi \u00e8 gi\u00e0 iniziata e che l'introduzione di misure di sostegno simili dovrebbe essere discussa al pi\u00f9 tardi adesso\", afferma Andr\u00e9 G\u00fcdel, responsabile Business Development Tax di KPMG, valutando la situazione per la Svizzera.<\/p><\/blockquote>","protected":false},"excerpt":{"rendered":"<p>In Svizzera, l'anno scorso le aliquote fiscali per gli utili societari e i redditi pi\u00f9 alti sono leggermente diminuite. Questo \u00e8 quanto emerge da una nuova panoramica di KPMG. Con l'introduzione della tassazione minima globale, si nota anche un passaggio dalla concorrenza fiscale a quella dei sussidi per attirare o trattenere le aziende. Questo fenomeno \u00e8 attualmente particolarmente evidente negli Stati Uniti e nell'UE.<\/p>","protected":false},"author":4,"featured_media":20558,"comment_status":"closed","ping_status":"closed","sticky":false,"template":"","format":"standard","meta":{"_acf_changed":false,"_yoast_wpseo_focuskw":"Steuerlandschaft Schweiz","_yoast_wpseo_metadesc":"Eine neue \u00dcbersicht von KPMG zur Steuerlandschaft Schweiz zeigt leicht gesunkene Gewinnsteuern f\u00fcr Unternehmen.","articlekey":"","footnotes":""},"categories":[24],"tags":[202,454,459],"class_list":["post-20556","post","type-post","status-publish","format-standard","has-post-thumbnail","hentry","category-finanzen_recht","tag-finanzenrecht","tag-steuern","tag-studie"],"acf":[],"yoast_head":"<!-- This site is optimized with the Yoast SEO plugin v27.5 - https:\/\/yoast.com\/product\/yoast-seo-wordpress\/ -->\n<title>Steuerlandschaft Schweiz: Gewinnsteuern leicht gesunken - Organisator<\/title>\n<meta name=\"description\" content=\"Eine neue \u00dcbersicht von KPMG zur Steuerlandschaft Schweiz zeigt leicht gesunkene Gewinnsteuern f\u00fcr Unternehmen.\" \/>\n<meta name=\"robots\" content=\"index, follow, max-snippet:-1, max-image-preview:large, max-video-preview:-1\" \/>\n<link rel=\"canonical\" href=\"https:\/\/www.organisator.ch\/it\/gestione-2\/finanzen_recht\/2023-06-02\/steuerlandschaft-schweiz-gewinnsteuern-leicht-gesunken\/\" \/>\n<meta property=\"og:locale\" content=\"it_IT\" \/>\n<meta property=\"og:type\" content=\"article\" \/>\n<meta property=\"og:title\" content=\"Steuerlandschaft Schweiz: Gewinnsteuern leicht gesunken\" \/>\n<meta property=\"og:description\" content=\"Eine neue \u00dcbersicht von KPMG zur Steuerlandschaft Schweiz zeigt leicht gesunkene Gewinnsteuern f\u00fcr Unternehmen.\" \/>\n<meta property=\"og:url\" content=\"https:\/\/www.organisator.ch\/it\/gestione-2\/finanzen_recht\/2023-06-02\/steuerlandschaft-schweiz-gewinnsteuern-leicht-gesunken\/\" \/>\n<meta property=\"og:site_name\" content=\"Organisator\" \/>\n<meta property=\"article:publisher\" content=\"https:\/\/www.facebook.com\/OrganisatorFachmagazin\" \/>\n<meta property=\"article:published_time\" content=\"2023-06-02T07:09:31+00:00\" \/>\n<meta property=\"og:image\" content=\"https:\/\/www.organisator.ch\/wp-content\/uploads\/2023\/06\/Steuerlandschaft-Schweiz-Gewinnsteuern-leicht-gesunken-1_Organisator.jpg\" \/>\n\t<meta property=\"og:image:width\" content=\"680\" \/>\n\t<meta property=\"og:image:height\" content=\"435\" \/>\n\t<meta property=\"og:image:type\" content=\"image\/jpeg\" \/>\n<meta name=\"author\" content=\"thomas.berner\" \/>\n<meta name=\"twitter:card\" content=\"summary_large_image\" \/>\n<meta name=\"twitter:title\" content=\"#Steuerlandschaft Schweiz: #Gewinnsteuern leicht gesunken\" \/>\n<meta name=\"twitter:description\" content=\"Eine neue \u00dcbersicht von #KPMG zur #Steuerlandschaft Schweiz zeigt leicht gesunkene #Gewinnsteuern f\u00fcr Unternehmen.\" \/>\n<meta name=\"twitter:image\" content=\"https:\/\/www.organisator.ch\/wp-content\/uploads\/2023\/06\/Steuerlandschaft-Schweiz-Gewinnsteuern-leicht-gesunken-1_Organisator.jpg\" \/>\n<script type=\"application\/ld+json\" class=\"yoast-schema-graph\">{\"@context\":\"https:\\\/\\\/schema.org\",\"@graph\":[{\"@type\":\"Article\",\"@id\":\"https:\\\/\\\/www.organisator.ch\\\/management\\\/finanzen_recht\\\/2023-06-02\\\/steuerlandschaft-schweiz-gewinnsteuern-leicht-gesunken\\\/#article\",\"isPartOf\":{\"@id\":\"https:\\\/\\\/www.organisator.ch\\\/management\\\/finanzen_recht\\\/2023-06-02\\\/steuerlandschaft-schweiz-gewinnsteuern-leicht-gesunken\\\/\"},\"author\":{\"name\":\"thomas.berner\",\"@id\":\"https:\\\/\\\/www.organisator.ch\\\/#\\\/schema\\\/person\\\/6f650f90b2842cd4c0cc334b4e36f67e\"},\"headline\":\"Steuerlandschaft Schweiz: Gewinnsteuern leicht gesunken\",\"datePublished\":\"2023-06-02T07:09:31+00:00\",\"mainEntityOfPage\":{\"@id\":\"https:\\\/\\\/www.organisator.ch\\\/management\\\/finanzen_recht\\\/2023-06-02\\\/steuerlandschaft-schweiz-gewinnsteuern-leicht-gesunken\\\/\"},\"wordCount\":685,\"publisher\":{\"@id\":\"https:\\\/\\\/www.organisator.ch\\\/#organization\"},\"image\":{\"@id\":\"https:\\\/\\\/www.organisator.ch\\\/management\\\/finanzen_recht\\\/2023-06-02\\\/steuerlandschaft-schweiz-gewinnsteuern-leicht-gesunken\\\/#primaryimage\"},\"thumbnailUrl\":\"https:\\\/\\\/www.organisator.ch\\\/wp-content\\\/uploads\\\/2023\\\/06\\\/Steuerlandschaft-Schweiz-Gewinnsteuern-leicht-gesunken-1_Organisator.jpg\",\"keywords\":[\"Finanzen\\\/Recht\",\"Steuern\",\"Studie\"],\"articleSection\":[\"FINANZEN\\\/RECHT\"],\"inLanguage\":\"it-IT\"},{\"@type\":\"WebPage\",\"@id\":\"https:\\\/\\\/www.organisator.ch\\\/management\\\/finanzen_recht\\\/2023-06-02\\\/steuerlandschaft-schweiz-gewinnsteuern-leicht-gesunken\\\/\",\"url\":\"https:\\\/\\\/www.organisator.ch\\\/management\\\/finanzen_recht\\\/2023-06-02\\\/steuerlandschaft-schweiz-gewinnsteuern-leicht-gesunken\\\/\",\"name\":\"Steuerlandschaft Schweiz: Gewinnsteuern leicht gesunken - Organisator\",\"isPartOf\":{\"@id\":\"https:\\\/\\\/www.organisator.ch\\\/#website\"},\"primaryImageOfPage\":{\"@id\":\"https:\\\/\\\/www.organisator.ch\\\/management\\\/finanzen_recht\\\/2023-06-02\\\/steuerlandschaft-schweiz-gewinnsteuern-leicht-gesunken\\\/#primaryimage\"},\"image\":{\"@id\":\"https:\\\/\\\/www.organisator.ch\\\/management\\\/finanzen_recht\\\/2023-06-02\\\/steuerlandschaft-schweiz-gewinnsteuern-leicht-gesunken\\\/#primaryimage\"},\"thumbnailUrl\":\"https:\\\/\\\/www.organisator.ch\\\/wp-content\\\/uploads\\\/2023\\\/06\\\/Steuerlandschaft-Schweiz-Gewinnsteuern-leicht-gesunken-1_Organisator.jpg\",\"datePublished\":\"2023-06-02T07:09:31+00:00\",\"description\":\"Eine neue \u00dcbersicht von KPMG zur Steuerlandschaft Schweiz zeigt leicht gesunkene Gewinnsteuern f\u00fcr Unternehmen.\",\"breadcrumb\":{\"@id\":\"https:\\\/\\\/www.organisator.ch\\\/management\\\/finanzen_recht\\\/2023-06-02\\\/steuerlandschaft-schweiz-gewinnsteuern-leicht-gesunken\\\/#breadcrumb\"},\"inLanguage\":\"it-IT\",\"potentialAction\":[{\"@type\":\"ReadAction\",\"target\":[\"https:\\\/\\\/www.organisator.ch\\\/management\\\/finanzen_recht\\\/2023-06-02\\\/steuerlandschaft-schweiz-gewinnsteuern-leicht-gesunken\\\/\"]}]},{\"@type\":\"ImageObject\",\"inLanguage\":\"it-IT\",\"@id\":\"https:\\\/\\\/www.organisator.ch\\\/management\\\/finanzen_recht\\\/2023-06-02\\\/steuerlandschaft-schweiz-gewinnsteuern-leicht-gesunken\\\/#primaryimage\",\"url\":\"https:\\\/\\\/www.organisator.ch\\\/wp-content\\\/uploads\\\/2023\\\/06\\\/Steuerlandschaft-Schweiz-Gewinnsteuern-leicht-gesunken-1_Organisator.jpg\",\"contentUrl\":\"https:\\\/\\\/www.organisator.ch\\\/wp-content\\\/uploads\\\/2023\\\/06\\\/Steuerlandschaft-Schweiz-Gewinnsteuern-leicht-gesunken-1_Organisator.jpg\",\"width\":680,\"height\":435,\"caption\":\"Steuerlandschaft Schweiz: Gewinnsteuers\u00e4tze in den Kantonen 2023. (Grafik: KPMG)\"},{\"@type\":\"BreadcrumbList\",\"@id\":\"https:\\\/\\\/www.organisator.ch\\\/management\\\/finanzen_recht\\\/2023-06-02\\\/steuerlandschaft-schweiz-gewinnsteuern-leicht-gesunken\\\/#breadcrumb\",\"itemListElement\":[{\"@type\":\"ListItem\",\"position\":1,\"name\":\"Home\",\"item\":\"https:\\\/\\\/www.organisator.ch\\\/\"},{\"@type\":\"ListItem\",\"position\":2,\"name\":\"Steuerlandschaft Schweiz: Gewinnsteuern leicht gesunken\"}]},{\"@type\":\"WebSite\",\"@id\":\"https:\\\/\\\/www.organisator.ch\\\/#website\",\"url\":\"https:\\\/\\\/www.organisator.ch\\\/\",\"name\":\"Organisator\",\"description\":\"Kompetent. Praxisnah. Der ORGANISATOR bereitet in 10 Ausgaben pro Jahr die wesentlichen Themen f\u00fcr F\u00fchrungskr\u00e4fte von KMU auf.\",\"publisher\":{\"@id\":\"https:\\\/\\\/www.organisator.ch\\\/#organization\"},\"potentialAction\":[{\"@type\":\"SearchAction\",\"target\":{\"@type\":\"EntryPoint\",\"urlTemplate\":\"https:\\\/\\\/www.organisator.ch\\\/?s={search_term_string}\"},\"query-input\":{\"@type\":\"PropertyValueSpecification\",\"valueRequired\":true,\"valueName\":\"search_term_string\"}}],\"inLanguage\":\"it-IT\"},{\"@type\":\"Organization\",\"@id\":\"https:\\\/\\\/www.organisator.ch\\\/#organization\",\"name\":\"Organisator\",\"url\":\"https:\\\/\\\/www.organisator.ch\\\/\",\"logo\":{\"@type\":\"ImageObject\",\"inLanguage\":\"it-IT\",\"@id\":\"https:\\\/\\\/www.organisator.ch\\\/#\\\/schema\\\/logo\\\/image\\\/\",\"url\":\"https:\\\/\\\/www.organisator.ch\\\/wp-content\\\/uploads\\\/2022\\\/01\\\/Logo_Organisator_Website.png\",\"contentUrl\":\"https:\\\/\\\/www.organisator.ch\\\/wp-content\\\/uploads\\\/2022\\\/01\\\/Logo_Organisator_Website.png\",\"width\":800,\"height\":77,\"caption\":\"Organisator\"},\"image\":{\"@id\":\"https:\\\/\\\/www.organisator.ch\\\/#\\\/schema\\\/logo\\\/image\\\/\"},\"sameAs\":[\"https:\\\/\\\/www.facebook.com\\\/OrganisatorFachmagazin\",\"https:\\\/\\\/www.linkedin.com\\\/showcase\\\/organisator-das-magazin-fr-kmu\",\"https:\\\/\\\/www.xing.com\\\/news\\\/pages\\\/organisator-ch-695\",\"https:\\\/\\\/www.youtube.com\\\/channel\\\/UCGP2Sq0iWaZwT3BdIAQFYpw\"]},{\"@type\":\"Person\",\"@id\":\"https:\\\/\\\/www.organisator.ch\\\/#\\\/schema\\\/person\\\/6f650f90b2842cd4c0cc334b4e36f67e\",\"name\":\"thomas.berner\",\"image\":{\"@type\":\"ImageObject\",\"inLanguage\":\"it-IT\",\"@id\":\"https:\\\/\\\/secure.gravatar.com\\\/avatar\\\/ac5001d2a36cb6c6cd3e50789007ffca834b477b74a2144564522e944eabff61?s=96&d=mm&r=g\",\"url\":\"https:\\\/\\\/secure.gravatar.com\\\/avatar\\\/ac5001d2a36cb6c6cd3e50789007ffca834b477b74a2144564522e944eabff61?s=96&d=mm&r=g\",\"contentUrl\":\"https:\\\/\\\/secure.gravatar.com\\\/avatar\\\/ac5001d2a36cb6c6cd3e50789007ffca834b477b74a2144564522e944eabff61?s=96&d=mm&r=g\",\"caption\":\"thomas.berner\"},\"url\":\"https:\\\/\\\/www.organisator.ch\\\/it\\\/author\\\/thomas-berner\\\/\"}]}<\/script>\n<!-- \/ Yoast SEO plugin. -->","yoast_head_json":{"title":"Panorama fiscale in Svizzera: imposte sugli utili leggermente pi\u00f9 basse - Organizzatore","description":"Una nuova panoramica di KPMG sul panorama fiscale svizzero mostra una leggera riduzione delle imposte sugli utili per le aziende.","robots":{"index":"index","follow":"follow","max-snippet":"max-snippet:-1","max-image-preview":"max-image-preview:large","max-video-preview":"max-video-preview:-1"},"canonical":"https:\/\/www.organisator.ch\/it\/gestione-2\/finanzen_recht\/2023-06-02\/steuerlandschaft-schweiz-gewinnsteuern-leicht-gesunken\/","og_locale":"it_IT","og_type":"article","og_title":"Steuerlandschaft Schweiz: Gewinnsteuern leicht gesunken","og_description":"Eine neue \u00dcbersicht von KPMG zur Steuerlandschaft Schweiz zeigt leicht gesunkene Gewinnsteuern f\u00fcr Unternehmen.","og_url":"https:\/\/www.organisator.ch\/it\/gestione-2\/finanzen_recht\/2023-06-02\/steuerlandschaft-schweiz-gewinnsteuern-leicht-gesunken\/","og_site_name":"Organisator","article_publisher":"https:\/\/www.facebook.com\/OrganisatorFachmagazin","article_published_time":"2023-06-02T07:09:31+00:00","og_image":[{"width":680,"height":435,"url":"https:\/\/www.organisator.ch\/wp-content\/uploads\/2023\/06\/Steuerlandschaft-Schweiz-Gewinnsteuern-leicht-gesunken-1_Organisator.jpg","type":"image\/jpeg"}],"author":"thomas.berner","twitter_card":"summary_large_image","twitter_title":"#Steuerlandschaft Schweiz: #Gewinnsteuern leicht gesunken","twitter_description":"Eine neue \u00dcbersicht von #KPMG zur #Steuerlandschaft Schweiz zeigt leicht gesunkene #Gewinnsteuern f\u00fcr Unternehmen.","twitter_image":"https:\/\/www.organisator.ch\/wp-content\/uploads\/2023\/06\/Steuerlandschaft-Schweiz-Gewinnsteuern-leicht-gesunken-1_Organisator.jpg","schema":{"@context":"https:\/\/schema.org","@graph":[{"@type":"Article","@id":"https:\/\/www.organisator.ch\/management\/finanzen_recht\/2023-06-02\/steuerlandschaft-schweiz-gewinnsteuern-leicht-gesunken\/#article","isPartOf":{"@id":"https:\/\/www.organisator.ch\/management\/finanzen_recht\/2023-06-02\/steuerlandschaft-schweiz-gewinnsteuern-leicht-gesunken\/"},"author":{"name":"thomas.berner","@id":"https:\/\/www.organisator.ch\/#\/schema\/person\/6f650f90b2842cd4c0cc334b4e36f67e"},"headline":"Steuerlandschaft Schweiz: Gewinnsteuern leicht gesunken","datePublished":"2023-06-02T07:09:31+00:00","mainEntityOfPage":{"@id":"https:\/\/www.organisator.ch\/management\/finanzen_recht\/2023-06-02\/steuerlandschaft-schweiz-gewinnsteuern-leicht-gesunken\/"},"wordCount":685,"publisher":{"@id":"https:\/\/www.organisator.ch\/#organization"},"image":{"@id":"https:\/\/www.organisator.ch\/management\/finanzen_recht\/2023-06-02\/steuerlandschaft-schweiz-gewinnsteuern-leicht-gesunken\/#primaryimage"},"thumbnailUrl":"https:\/\/www.organisator.ch\/wp-content\/uploads\/2023\/06\/Steuerlandschaft-Schweiz-Gewinnsteuern-leicht-gesunken-1_Organisator.jpg","keywords":["Finanzen\/Recht","Steuern","Studie"],"articleSection":["FINANZEN\/RECHT"],"inLanguage":"it-IT"},{"@type":"WebPage","@id":"https:\/\/www.organisator.ch\/management\/finanzen_recht\/2023-06-02\/steuerlandschaft-schweiz-gewinnsteuern-leicht-gesunken\/","url":"https:\/\/www.organisator.ch\/management\/finanzen_recht\/2023-06-02\/steuerlandschaft-schweiz-gewinnsteuern-leicht-gesunken\/","name":"Panorama fiscale in Svizzera: imposte sugli utili leggermente pi\u00f9 basse - Organizzatore","isPartOf":{"@id":"https:\/\/www.organisator.ch\/#website"},"primaryImageOfPage":{"@id":"https:\/\/www.organisator.ch\/management\/finanzen_recht\/2023-06-02\/steuerlandschaft-schweiz-gewinnsteuern-leicht-gesunken\/#primaryimage"},"image":{"@id":"https:\/\/www.organisator.ch\/management\/finanzen_recht\/2023-06-02\/steuerlandschaft-schweiz-gewinnsteuern-leicht-gesunken\/#primaryimage"},"thumbnailUrl":"https:\/\/www.organisator.ch\/wp-content\/uploads\/2023\/06\/Steuerlandschaft-Schweiz-Gewinnsteuern-leicht-gesunken-1_Organisator.jpg","datePublished":"2023-06-02T07:09:31+00:00","description":"Una nuova panoramica di KPMG sul panorama fiscale svizzero mostra una leggera riduzione delle imposte sugli utili per le aziende.","breadcrumb":{"@id":"https:\/\/www.organisator.ch\/management\/finanzen_recht\/2023-06-02\/steuerlandschaft-schweiz-gewinnsteuern-leicht-gesunken\/#breadcrumb"},"inLanguage":"it-IT","potentialAction":[{"@type":"ReadAction","target":["https:\/\/www.organisator.ch\/management\/finanzen_recht\/2023-06-02\/steuerlandschaft-schweiz-gewinnsteuern-leicht-gesunken\/"]}]},{"@type":"ImageObject","inLanguage":"it-IT","@id":"https:\/\/www.organisator.ch\/management\/finanzen_recht\/2023-06-02\/steuerlandschaft-schweiz-gewinnsteuern-leicht-gesunken\/#primaryimage","url":"https:\/\/www.organisator.ch\/wp-content\/uploads\/2023\/06\/Steuerlandschaft-Schweiz-Gewinnsteuern-leicht-gesunken-1_Organisator.jpg","contentUrl":"https:\/\/www.organisator.ch\/wp-content\/uploads\/2023\/06\/Steuerlandschaft-Schweiz-Gewinnsteuern-leicht-gesunken-1_Organisator.jpg","width":680,"height":435,"caption":"Steuerlandschaft Schweiz: Gewinnsteuers\u00e4tze in den Kantonen 2023. (Grafik: KPMG)"},{"@type":"BreadcrumbList","@id":"https:\/\/www.organisator.ch\/management\/finanzen_recht\/2023-06-02\/steuerlandschaft-schweiz-gewinnsteuern-leicht-gesunken\/#breadcrumb","itemListElement":[{"@type":"ListItem","position":1,"name":"Home","item":"https:\/\/www.organisator.ch\/"},{"@type":"ListItem","position":2,"name":"Steuerlandschaft Schweiz: Gewinnsteuern leicht gesunken"}]},{"@type":"WebSite","@id":"https:\/\/www.organisator.ch\/#website","url":"https:\/\/www.organisator.ch\/","name":"Organizzatore","description":"Competente. Pratico. In 10 numeri all'anno, ORGANISATOR presenta i temi essenziali per i manager delle PMI.","publisher":{"@id":"https:\/\/www.organisator.ch\/#organization"},"potentialAction":[{"@type":"SearchAction","target":{"@type":"EntryPoint","urlTemplate":"https:\/\/www.organisator.ch\/?s={search_term_string}"},"query-input":{"@type":"PropertyValueSpecification","valueRequired":true,"valueName":"search_term_string"}}],"inLanguage":"it-IT"},{"@type":"Organization","@id":"https:\/\/www.organisator.ch\/#organization","name":"Organizzatore","url":"https:\/\/www.organisator.ch\/","logo":{"@type":"ImageObject","inLanguage":"it-IT","@id":"https:\/\/www.organisator.ch\/#\/schema\/logo\/image\/","url":"https:\/\/www.organisator.ch\/wp-content\/uploads\/2022\/01\/Logo_Organisator_Website.png","contentUrl":"https:\/\/www.organisator.ch\/wp-content\/uploads\/2022\/01\/Logo_Organisator_Website.png","width":800,"height":77,"caption":"Organisator"},"image":{"@id":"https:\/\/www.organisator.ch\/#\/schema\/logo\/image\/"},"sameAs":["https:\/\/www.facebook.com\/OrganisatorFachmagazin","https:\/\/www.linkedin.com\/showcase\/organisator-das-magazin-fr-kmu","https:\/\/www.xing.com\/news\/pages\/organisator-ch-695","https:\/\/www.youtube.com\/channel\/UCGP2Sq0iWaZwT3BdIAQFYpw"]},{"@type":"Person","@id":"https:\/\/www.organisator.ch\/#\/schema\/person\/6f650f90b2842cd4c0cc334b4e36f67e","name":"Tommaso.berner","image":{"@type":"ImageObject","inLanguage":"it-IT","@id":"https:\/\/secure.gravatar.com\/avatar\/ac5001d2a36cb6c6cd3e50789007ffca834b477b74a2144564522e944eabff61?s=96&d=mm&r=g","url":"https:\/\/secure.gravatar.com\/avatar\/ac5001d2a36cb6c6cd3e50789007ffca834b477b74a2144564522e944eabff61?s=96&d=mm&r=g","contentUrl":"https:\/\/secure.gravatar.com\/avatar\/ac5001d2a36cb6c6cd3e50789007ffca834b477b74a2144564522e944eabff61?s=96&d=mm&r=g","caption":"thomas.berner"},"url":"https:\/\/www.organisator.ch\/it\/author\/thomas-berner\/"}]}},"_links":{"self":[{"href":"https:\/\/www.organisator.ch\/it\/wp-json\/wp\/v2\/posts\/20556","targetHints":{"allow":["GET"]}}],"collection":[{"href":"https:\/\/www.organisator.ch\/it\/wp-json\/wp\/v2\/posts"}],"about":[{"href":"https:\/\/www.organisator.ch\/it\/wp-json\/wp\/v2\/types\/post"}],"author":[{"embeddable":true,"href":"https:\/\/www.organisator.ch\/it\/wp-json\/wp\/v2\/users\/4"}],"replies":[{"embeddable":true,"href":"https:\/\/www.organisator.ch\/it\/wp-json\/wp\/v2\/comments?post=20556"}],"version-history":[{"count":3,"href":"https:\/\/www.organisator.ch\/it\/wp-json\/wp\/v2\/posts\/20556\/revisions"}],"predecessor-version":[{"id":20561,"href":"https:\/\/www.organisator.ch\/it\/wp-json\/wp\/v2\/posts\/20556\/revisions\/20561"}],"wp:featuredmedia":[{"embeddable":true,"href":"https:\/\/www.organisator.ch\/it\/wp-json\/wp\/v2\/media\/20558"}],"wp:attachment":[{"href":"https:\/\/www.organisator.ch\/it\/wp-json\/wp\/v2\/media?parent=20556"}],"wp:term":[{"taxonomy":"category","embeddable":true,"href":"https:\/\/www.organisator.ch\/it\/wp-json\/wp\/v2\/categories?post=20556"},{"taxonomy":"post_tag","embeddable":true,"href":"https:\/\/www.organisator.ch\/it\/wp-json\/wp\/v2\/tags?post=20556"}],"curies":[{"name":"wp","href":"https:\/\/api.w.org\/{rel}","templated":true}]}}