{"id":20592,"date":"2023-06-05T15:39:54","date_gmt":"2023-06-05T13:39:54","guid":{"rendered":"https:\/\/www.organisator.ch\/?p=20592"},"modified":"2023-06-05T15:39:54","modified_gmt":"2023-06-05T13:39:54","slug":"stiftung-zerowaterloss-anna-brand-ist-neue-praesidentin","status":"publish","type":"post","link":"https:\/\/www.organisator.ch\/it\/sustainability\/2023-06-05\/stiftung-zerowaterloss-anna-brand-ist-neue-praesidentin\/","title":{"rendered":"Fondazione Zerowaterloss: Anna Brand \u00e8 il nuovo presidente"},"content":{"rendered":"<figure id=\"attachment_20593\" aria-describedby=\"caption-attachment-20593\" style=\"width: 680px\" class=\"wp-caption alignnone\"><img loading=\"lazy\" decoding=\"async\" class=\"size-full wp-image-20593\" src=\"https:\/\/www.organisator.ch\/wp-content\/uploads\/2023\/06\/Stiftung-Zerowaterloss-Anna-Brand-ist-neue-Praesidentin_Organisator.jpg\" alt=\"\" width=\"680\" height=\"427\" srcset=\"https:\/\/www.organisator.ch\/wp-content\/uploads\/2023\/06\/Stiftung-Zerowaterloss-Anna-Brand-ist-neue-Praesidentin_Organisator.jpg 680w, https:\/\/www.organisator.ch\/wp-content\/uploads\/2023\/06\/Stiftung-Zerowaterloss-Anna-Brand-ist-neue-Praesidentin_Organisator-18x12.jpg 18w, https:\/\/www.organisator.ch\/wp-content\/uploads\/2023\/06\/Stiftung-Zerowaterloss-Anna-Brand-ist-neue-Praesidentin_Organisator-375x235.jpg 375w, https:\/\/www.organisator.ch\/wp-content\/uploads\/2023\/06\/Stiftung-Zerowaterloss-Anna-Brand-ist-neue-Praesidentin_Organisator-557x350.jpg 557w\" sizes=\"auto, (max-width: 680px) 100vw, 680px\" \/><figcaption id=\"caption-attachment-20593\" class=\"wp-caption-text\">Il nuovo presidente della Fondazione Zerowaterloss: Anna Brand. (Immagine: zVg)<\/figcaption><\/figure>\n<p>Non \u00e8 un bene per l'acqua come risorsa, in quanto la <a href=\"https:\/\/www.organisator.ch\/de\/sustainability\/2023-03-17\/wasserkrise-uebertrifft-energiekrise-bei-weitem\/\">Anna Brand gi\u00e0 a marzo per la Giornata mondiale dell'acqua delle Nazioni Unite<\/a> ha reso noto. La \"crisi dell'acqua\" \u00e8 pi\u00f9 grave della crisi energetica, ha dichiarato all'epoca, in qualit\u00e0 di presidente designato della Fondazione Zerowaterloss, fondata dalla famiglia di industriali svizzeri Brand. Essa sostiene progetti di ricerca ed eventi che aiutano a contrastare la nuova crisi globale con una gestione innovativa dell'acqua.<\/p>\n<p>Ora Anna Brand \u00e8 definitivamente il nuovo Presidente della Fondazione. \"La conservazione del castello d'acqua della Svizzera mi sta molto a cuore\", ha dichiarato oggi dopo aver assunto l'incarico il 1\u00b0 maggio 2023. Nel suo ruolo esecutivo, Anna Brand sar\u00e0 responsabile di tutti gli aspetti del lavoro della Fondazione, compresa la collaborazione nella ricerca e la rappresentanza degli interessi di ampie fasce della popolazione svizzera che necessitano di un approvvigionamento idrico sicuro. La Brand si occuper\u00e0 di sostenere e implementare strategie innovative con i partner che contribuiscono a raggiungere gli obiettivi della Fondazione. L'obiettivo \u00e8 soprattutto quello di limitare le perdite d'acqua, che ancora oggi sono frequenti nelle forniture di acqua potabile, e di garantire l'accesso a un approvvigionamento di acqua potabile a prezzi accessibili.<\/p>\n<p>Come accennato, il mondo sta affrontando una crisi idrica senza precedenti che sta assumendo un carattere cronico: Pi\u00f9 di due miliardi di persone non hanno accesso all'acqua potabile, scrive la Fondazione. Questa crisi diventer\u00e0 pi\u00f9 grande dell'attuale crisi energetica, che ci sta sommergendo di problemi. Anna Brand afferma: \"L'accesso a una quantit\u00e0 sufficiente di acqua pulita \u00e8 un diritto umano. Oggi, l'acqua potabile in Svizzera e nel mondo viene sprecata perch\u00e9 \u00e8 troppo economica per molti usi e difficilmente sar\u00e0 accessibile come acqua di sopravvivenza per molte persone in futuro\". La Fondazione Zerowaterloss, che l'autrice guida in qualit\u00e0 di nuovo presidente, invita quindi a \"comprendere il valore dell'acqua nella sua interezza, perch\u00e9 una crisi idrica acuta pu\u00f2 diventare una crisi umana\".<\/p>\n<p><em>Q<a href=\"https:\/\/www.stiftungzerowaterloss.ch\/\">uelle e ulteriori informazioni<\/a><\/em><\/p>","protected":false},"excerpt":{"rendered":"<p>Anna Brand \u00e8 stata nominata nuovo presidente della Fondazione Zerowaterloss di Berna a partire dal 1\u00b0 maggio 2023. Istituita nel 2020, la fondazione si impegna a promuovere soluzioni sostenibili per garantire l'approvvigionamento di acque sotterranee e potabili in Svizzera.<\/p>","protected":false},"author":4,"featured_media":20593,"comment_status":"closed","ping_status":"closed","sticky":false,"template":"","format":"standard","meta":{"_acf_changed":false,"_yoast_wpseo_focuskw":"Stiftung Zerowaterloss","_yoast_wpseo_metadesc":"Anna Brand wurde per 1. Mai 2023 zur neuen Pr\u00e4sidentin der Stiftung Zerowaterloss, die die Trinkwasserverschwendung bek\u00e4mpfen will, ernannt.","articlekey":"","footnotes":""},"categories":[580],"tags":[381,3803,2530],"class_list":["post-20592","post","type-post","status-publish","format-standard","has-post-thumbnail","hentry","category-sustainability","tag-personalia","tag-stiftungen","tag-wasserwirtschaft"],"acf":[],"yoast_head":"<!-- This site is optimized with the Yoast SEO plugin v27.5 - https:\/\/yoast.com\/product\/yoast-seo-wordpress\/ -->\n<title>Stiftung Zerowaterloss: Anna Brand ist neue Pr\u00e4sidentin - Organisator<\/title>\n<meta name=\"description\" content=\"Anna Brand wurde per 1. Mai 2023 zur neuen Pr\u00e4sidentin der Stiftung Zerowaterloss, die die Trinkwasserverschwendung bek\u00e4mpfen will, ernannt.\" \/>\n<meta name=\"robots\" content=\"index, follow, max-snippet:-1, max-image-preview:large, max-video-preview:-1\" \/>\n<link rel=\"canonical\" href=\"https:\/\/www.organisator.ch\/it\/sostenibilita\/2023-06-05\/stiftung-zerowaterloss-anna-brand-ist-neue-praesidentin\/\" \/>\n<meta property=\"og:locale\" content=\"it_IT\" \/>\n<meta property=\"og:type\" content=\"article\" \/>\n<meta property=\"og:title\" content=\"Stiftung Zerowaterloss: Anna Brand ist neue Pr\u00e4sidentin\" \/>\n<meta property=\"og:description\" content=\"Anna Brand wurde per 1. Mai 2023 zur neuen Pr\u00e4sidentin der Stiftung Zerowaterloss, die die Trinkwasserverschwendung bek\u00e4mpfen will, ernannt.\" \/>\n<meta property=\"og:url\" content=\"https:\/\/www.organisator.ch\/it\/sostenibilita\/2023-06-05\/stiftung-zerowaterloss-anna-brand-ist-neue-praesidentin\/\" \/>\n<meta property=\"og:site_name\" content=\"Organisator\" \/>\n<meta property=\"article:publisher\" content=\"https:\/\/www.facebook.com\/OrganisatorFachmagazin\" \/>\n<meta property=\"article:published_time\" content=\"2023-06-05T13:39:54+00:00\" \/>\n<meta property=\"og:image\" content=\"https:\/\/www.organisator.ch\/wp-content\/uploads\/2023\/06\/Stiftung-Zerowaterloss-Anna-Brand-ist-neue-Praesidentin_Organisator.jpg\" \/>\n\t<meta property=\"og:image:width\" content=\"680\" \/>\n\t<meta property=\"og:image:height\" content=\"427\" \/>\n\t<meta property=\"og:image:type\" content=\"image\/jpeg\" \/>\n<meta name=\"author\" content=\"thomas.berner\" \/>\n<meta name=\"twitter:card\" content=\"summary_large_image\" \/>\n<meta name=\"twitter:title\" content=\"Stiftung #Zerowaterloss: Anna Brand ist neue #Pr\u00e4sidentin\" \/>\n<meta name=\"twitter:description\" content=\"Anna Brand wurde per 1. Mai 2023 zur neuen Pr\u00e4sidentin der Stiftung #Zerowaterloss, die die #Trinkwasserverschwendung bek\u00e4mpfen will, ernannt.\" \/>\n<meta name=\"twitter:image\" content=\"https:\/\/www.organisator.ch\/wp-content\/uploads\/2023\/06\/Stiftung-Zerowaterloss-Anna-Brand-ist-neue-Praesidentin_Organisator.jpg\" \/>\n<script type=\"application\/ld+json\" class=\"yoast-schema-graph\">{\"@context\":\"https:\\\/\\\/schema.org\",\"@graph\":[{\"@type\":\"Article\",\"@id\":\"https:\\\/\\\/www.organisator.ch\\\/sustainability\\\/2023-06-05\\\/stiftung-zerowaterloss-anna-brand-ist-neue-praesidentin\\\/#article\",\"isPartOf\":{\"@id\":\"https:\\\/\\\/www.organisator.ch\\\/sustainability\\\/2023-06-05\\\/stiftung-zerowaterloss-anna-brand-ist-neue-praesidentin\\\/\"},\"author\":{\"name\":\"thomas.berner\",\"@id\":\"https:\\\/\\\/www.organisator.ch\\\/#\\\/schema\\\/person\\\/6f650f90b2842cd4c0cc334b4e36f67e\"},\"headline\":\"Stiftung Zerowaterloss: Anna Brand ist neue Pr\u00e4sidentin\",\"datePublished\":\"2023-06-05T13:39:54+00:00\",\"mainEntityOfPage\":{\"@id\":\"https:\\\/\\\/www.organisator.ch\\\/sustainability\\\/2023-06-05\\\/stiftung-zerowaterloss-anna-brand-ist-neue-praesidentin\\\/\"},\"wordCount\":320,\"publisher\":{\"@id\":\"https:\\\/\\\/www.organisator.ch\\\/#organization\"},\"image\":{\"@id\":\"https:\\\/\\\/www.organisator.ch\\\/sustainability\\\/2023-06-05\\\/stiftung-zerowaterloss-anna-brand-ist-neue-praesidentin\\\/#primaryimage\"},\"thumbnailUrl\":\"https:\\\/\\\/www.organisator.ch\\\/wp-content\\\/uploads\\\/2023\\\/06\\\/Stiftung-Zerowaterloss-Anna-Brand-ist-neue-Praesidentin_Organisator.jpg\",\"keywords\":[\"Personalia\",\"Stiftungen\",\"Wasserwirtschaft\"],\"articleSection\":[\"SUSTAINABILITY\"],\"inLanguage\":\"it-IT\"},{\"@type\":\"WebPage\",\"@id\":\"https:\\\/\\\/www.organisator.ch\\\/sustainability\\\/2023-06-05\\\/stiftung-zerowaterloss-anna-brand-ist-neue-praesidentin\\\/\",\"url\":\"https:\\\/\\\/www.organisator.ch\\\/sustainability\\\/2023-06-05\\\/stiftung-zerowaterloss-anna-brand-ist-neue-praesidentin\\\/\",\"name\":\"Stiftung Zerowaterloss: Anna Brand ist neue Pr\u00e4sidentin - Organisator\",\"isPartOf\":{\"@id\":\"https:\\\/\\\/www.organisator.ch\\\/#website\"},\"primaryImageOfPage\":{\"@id\":\"https:\\\/\\\/www.organisator.ch\\\/sustainability\\\/2023-06-05\\\/stiftung-zerowaterloss-anna-brand-ist-neue-praesidentin\\\/#primaryimage\"},\"image\":{\"@id\":\"https:\\\/\\\/www.organisator.ch\\\/sustainability\\\/2023-06-05\\\/stiftung-zerowaterloss-anna-brand-ist-neue-praesidentin\\\/#primaryimage\"},\"thumbnailUrl\":\"https:\\\/\\\/www.organisator.ch\\\/wp-content\\\/uploads\\\/2023\\\/06\\\/Stiftung-Zerowaterloss-Anna-Brand-ist-neue-Praesidentin_Organisator.jpg\",\"datePublished\":\"2023-06-05T13:39:54+00:00\",\"description\":\"Anna Brand wurde per 1. Mai 2023 zur neuen Pr\u00e4sidentin der Stiftung Zerowaterloss, die die Trinkwasserverschwendung bek\u00e4mpfen will, ernannt.\",\"breadcrumb\":{\"@id\":\"https:\\\/\\\/www.organisator.ch\\\/sustainability\\\/2023-06-05\\\/stiftung-zerowaterloss-anna-brand-ist-neue-praesidentin\\\/#breadcrumb\"},\"inLanguage\":\"it-IT\",\"potentialAction\":[{\"@type\":\"ReadAction\",\"target\":[\"https:\\\/\\\/www.organisator.ch\\\/sustainability\\\/2023-06-05\\\/stiftung-zerowaterloss-anna-brand-ist-neue-praesidentin\\\/\"]}]},{\"@type\":\"ImageObject\",\"inLanguage\":\"it-IT\",\"@id\":\"https:\\\/\\\/www.organisator.ch\\\/sustainability\\\/2023-06-05\\\/stiftung-zerowaterloss-anna-brand-ist-neue-praesidentin\\\/#primaryimage\",\"url\":\"https:\\\/\\\/www.organisator.ch\\\/wp-content\\\/uploads\\\/2023\\\/06\\\/Stiftung-Zerowaterloss-Anna-Brand-ist-neue-Praesidentin_Organisator.jpg\",\"contentUrl\":\"https:\\\/\\\/www.organisator.ch\\\/wp-content\\\/uploads\\\/2023\\\/06\\\/Stiftung-Zerowaterloss-Anna-Brand-ist-neue-Praesidentin_Organisator.jpg\",\"width\":680,\"height\":427,\"caption\":\"Neue Pr\u00e4sidentin der Stiftung Zerowaterloss: Anna Brand. (Bild: zVg)\"},{\"@type\":\"BreadcrumbList\",\"@id\":\"https:\\\/\\\/www.organisator.ch\\\/sustainability\\\/2023-06-05\\\/stiftung-zerowaterloss-anna-brand-ist-neue-praesidentin\\\/#breadcrumb\",\"itemListElement\":[{\"@type\":\"ListItem\",\"position\":1,\"name\":\"Home\",\"item\":\"https:\\\/\\\/www.organisator.ch\\\/\"},{\"@type\":\"ListItem\",\"position\":2,\"name\":\"Stiftung Zerowaterloss: Anna Brand ist neue Pr\u00e4sidentin\"}]},{\"@type\":\"WebSite\",\"@id\":\"https:\\\/\\\/www.organisator.ch\\\/#website\",\"url\":\"https:\\\/\\\/www.organisator.ch\\\/\",\"name\":\"Organisator\",\"description\":\"Kompetent. Praxisnah. Der ORGANISATOR bereitet in 10 Ausgaben pro Jahr die wesentlichen Themen f\u00fcr F\u00fchrungskr\u00e4fte von KMU auf.\",\"publisher\":{\"@id\":\"https:\\\/\\\/www.organisator.ch\\\/#organization\"},\"potentialAction\":[{\"@type\":\"SearchAction\",\"target\":{\"@type\":\"EntryPoint\",\"urlTemplate\":\"https:\\\/\\\/www.organisator.ch\\\/?s={search_term_string}\"},\"query-input\":{\"@type\":\"PropertyValueSpecification\",\"valueRequired\":true,\"valueName\":\"search_term_string\"}}],\"inLanguage\":\"it-IT\"},{\"@type\":\"Organization\",\"@id\":\"https:\\\/\\\/www.organisator.ch\\\/#organization\",\"name\":\"Organisator\",\"url\":\"https:\\\/\\\/www.organisator.ch\\\/\",\"logo\":{\"@type\":\"ImageObject\",\"inLanguage\":\"it-IT\",\"@id\":\"https:\\\/\\\/www.organisator.ch\\\/#\\\/schema\\\/logo\\\/image\\\/\",\"url\":\"https:\\\/\\\/www.organisator.ch\\\/wp-content\\\/uploads\\\/2022\\\/01\\\/Logo_Organisator_Website.png\",\"contentUrl\":\"https:\\\/\\\/www.organisator.ch\\\/wp-content\\\/uploads\\\/2022\\\/01\\\/Logo_Organisator_Website.png\",\"width\":800,\"height\":77,\"caption\":\"Organisator\"},\"image\":{\"@id\":\"https:\\\/\\\/www.organisator.ch\\\/#\\\/schema\\\/logo\\\/image\\\/\"},\"sameAs\":[\"https:\\\/\\\/www.facebook.com\\\/OrganisatorFachmagazin\",\"https:\\\/\\\/www.linkedin.com\\\/showcase\\\/organisator-das-magazin-fr-kmu\",\"https:\\\/\\\/www.xing.com\\\/news\\\/pages\\\/organisator-ch-695\",\"https:\\\/\\\/www.youtube.com\\\/channel\\\/UCGP2Sq0iWaZwT3BdIAQFYpw\"]},{\"@type\":\"Person\",\"@id\":\"https:\\\/\\\/www.organisator.ch\\\/#\\\/schema\\\/person\\\/6f650f90b2842cd4c0cc334b4e36f67e\",\"name\":\"thomas.berner\",\"image\":{\"@type\":\"ImageObject\",\"inLanguage\":\"it-IT\",\"@id\":\"https:\\\/\\\/secure.gravatar.com\\\/avatar\\\/ac5001d2a36cb6c6cd3e50789007ffca834b477b74a2144564522e944eabff61?s=96&d=mm&r=g\",\"url\":\"https:\\\/\\\/secure.gravatar.com\\\/avatar\\\/ac5001d2a36cb6c6cd3e50789007ffca834b477b74a2144564522e944eabff61?s=96&d=mm&r=g\",\"contentUrl\":\"https:\\\/\\\/secure.gravatar.com\\\/avatar\\\/ac5001d2a36cb6c6cd3e50789007ffca834b477b74a2144564522e944eabff61?s=96&d=mm&r=g\",\"caption\":\"thomas.berner\"},\"url\":\"https:\\\/\\\/www.organisator.ch\\\/it\\\/author\\\/thomas-berner\\\/\"}]}<\/script>\n<!-- \/ Yoast SEO plugin. -->","yoast_head_json":{"title":"Fondazione Zerowaterloss: Anna Brand \u00e8 il nuovo presidente - Organizzatore","description":"Anna Brand \u00e8 stata nominata nuovo presidente della Fondazione Zerowaterloss, che mira a combattere lo spreco di acqua potabile, a partire dal 1\u00b0 maggio 2023.","robots":{"index":"index","follow":"follow","max-snippet":"max-snippet:-1","max-image-preview":"max-image-preview:large","max-video-preview":"max-video-preview:-1"},"canonical":"https:\/\/www.organisator.ch\/it\/sostenibilita\/2023-06-05\/stiftung-zerowaterloss-anna-brand-ist-neue-praesidentin\/","og_locale":"it_IT","og_type":"article","og_title":"Stiftung Zerowaterloss: Anna Brand ist neue Pr\u00e4sidentin","og_description":"Anna Brand wurde per 1. Mai 2023 zur neuen Pr\u00e4sidentin der Stiftung Zerowaterloss, die die Trinkwasserverschwendung bek\u00e4mpfen will, ernannt.","og_url":"https:\/\/www.organisator.ch\/it\/sostenibilita\/2023-06-05\/stiftung-zerowaterloss-anna-brand-ist-neue-praesidentin\/","og_site_name":"Organisator","article_publisher":"https:\/\/www.facebook.com\/OrganisatorFachmagazin","article_published_time":"2023-06-05T13:39:54+00:00","og_image":[{"width":680,"height":427,"url":"https:\/\/www.organisator.ch\/wp-content\/uploads\/2023\/06\/Stiftung-Zerowaterloss-Anna-Brand-ist-neue-Praesidentin_Organisator.jpg","type":"image\/jpeg"}],"author":"thomas.berner","twitter_card":"summary_large_image","twitter_title":"Stiftung #Zerowaterloss: Anna Brand ist neue #Pr\u00e4sidentin","twitter_description":"Anna Brand wurde per 1. Mai 2023 zur neuen Pr\u00e4sidentin der Stiftung #Zerowaterloss, die die #Trinkwasserverschwendung bek\u00e4mpfen will, ernannt.","twitter_image":"https:\/\/www.organisator.ch\/wp-content\/uploads\/2023\/06\/Stiftung-Zerowaterloss-Anna-Brand-ist-neue-Praesidentin_Organisator.jpg","schema":{"@context":"https:\/\/schema.org","@graph":[{"@type":"Article","@id":"https:\/\/www.organisator.ch\/sustainability\/2023-06-05\/stiftung-zerowaterloss-anna-brand-ist-neue-praesidentin\/#article","isPartOf":{"@id":"https:\/\/www.organisator.ch\/sustainability\/2023-06-05\/stiftung-zerowaterloss-anna-brand-ist-neue-praesidentin\/"},"author":{"name":"thomas.berner","@id":"https:\/\/www.organisator.ch\/#\/schema\/person\/6f650f90b2842cd4c0cc334b4e36f67e"},"headline":"Stiftung Zerowaterloss: Anna Brand ist neue Pr\u00e4sidentin","datePublished":"2023-06-05T13:39:54+00:00","mainEntityOfPage":{"@id":"https:\/\/www.organisator.ch\/sustainability\/2023-06-05\/stiftung-zerowaterloss-anna-brand-ist-neue-praesidentin\/"},"wordCount":320,"publisher":{"@id":"https:\/\/www.organisator.ch\/#organization"},"image":{"@id":"https:\/\/www.organisator.ch\/sustainability\/2023-06-05\/stiftung-zerowaterloss-anna-brand-ist-neue-praesidentin\/#primaryimage"},"thumbnailUrl":"https:\/\/www.organisator.ch\/wp-content\/uploads\/2023\/06\/Stiftung-Zerowaterloss-Anna-Brand-ist-neue-Praesidentin_Organisator.jpg","keywords":["Personalia","Stiftungen","Wasserwirtschaft"],"articleSection":["SUSTAINABILITY"],"inLanguage":"it-IT"},{"@type":"WebPage","@id":"https:\/\/www.organisator.ch\/sustainability\/2023-06-05\/stiftung-zerowaterloss-anna-brand-ist-neue-praesidentin\/","url":"https:\/\/www.organisator.ch\/sustainability\/2023-06-05\/stiftung-zerowaterloss-anna-brand-ist-neue-praesidentin\/","name":"Fondazione Zerowaterloss: Anna Brand \u00e8 il nuovo presidente - Organizzatore","isPartOf":{"@id":"https:\/\/www.organisator.ch\/#website"},"primaryImageOfPage":{"@id":"https:\/\/www.organisator.ch\/sustainability\/2023-06-05\/stiftung-zerowaterloss-anna-brand-ist-neue-praesidentin\/#primaryimage"},"image":{"@id":"https:\/\/www.organisator.ch\/sustainability\/2023-06-05\/stiftung-zerowaterloss-anna-brand-ist-neue-praesidentin\/#primaryimage"},"thumbnailUrl":"https:\/\/www.organisator.ch\/wp-content\/uploads\/2023\/06\/Stiftung-Zerowaterloss-Anna-Brand-ist-neue-Praesidentin_Organisator.jpg","datePublished":"2023-06-05T13:39:54+00:00","description":"Anna Brand \u00e8 stata nominata nuovo presidente della Fondazione Zerowaterloss, che mira a combattere lo spreco di acqua potabile, a partire dal 1\u00b0 maggio 2023.","breadcrumb":{"@id":"https:\/\/www.organisator.ch\/sustainability\/2023-06-05\/stiftung-zerowaterloss-anna-brand-ist-neue-praesidentin\/#breadcrumb"},"inLanguage":"it-IT","potentialAction":[{"@type":"ReadAction","target":["https:\/\/www.organisator.ch\/sustainability\/2023-06-05\/stiftung-zerowaterloss-anna-brand-ist-neue-praesidentin\/"]}]},{"@type":"ImageObject","inLanguage":"it-IT","@id":"https:\/\/www.organisator.ch\/sustainability\/2023-06-05\/stiftung-zerowaterloss-anna-brand-ist-neue-praesidentin\/#primaryimage","url":"https:\/\/www.organisator.ch\/wp-content\/uploads\/2023\/06\/Stiftung-Zerowaterloss-Anna-Brand-ist-neue-Praesidentin_Organisator.jpg","contentUrl":"https:\/\/www.organisator.ch\/wp-content\/uploads\/2023\/06\/Stiftung-Zerowaterloss-Anna-Brand-ist-neue-Praesidentin_Organisator.jpg","width":680,"height":427,"caption":"Neue Pr\u00e4sidentin der Stiftung Zerowaterloss: Anna Brand. (Bild: zVg)"},{"@type":"BreadcrumbList","@id":"https:\/\/www.organisator.ch\/sustainability\/2023-06-05\/stiftung-zerowaterloss-anna-brand-ist-neue-praesidentin\/#breadcrumb","itemListElement":[{"@type":"ListItem","position":1,"name":"Home","item":"https:\/\/www.organisator.ch\/"},{"@type":"ListItem","position":2,"name":"Stiftung Zerowaterloss: Anna Brand ist neue Pr\u00e4sidentin"}]},{"@type":"WebSite","@id":"https:\/\/www.organisator.ch\/#website","url":"https:\/\/www.organisator.ch\/","name":"Organizzatore","description":"Competente. Pratico. In 10 numeri all'anno, ORGANISATOR presenta i temi essenziali per i manager delle PMI.","publisher":{"@id":"https:\/\/www.organisator.ch\/#organization"},"potentialAction":[{"@type":"SearchAction","target":{"@type":"EntryPoint","urlTemplate":"https:\/\/www.organisator.ch\/?s={search_term_string}"},"query-input":{"@type":"PropertyValueSpecification","valueRequired":true,"valueName":"search_term_string"}}],"inLanguage":"it-IT"},{"@type":"Organization","@id":"https:\/\/www.organisator.ch\/#organization","name":"Organizzatore","url":"https:\/\/www.organisator.ch\/","logo":{"@type":"ImageObject","inLanguage":"it-IT","@id":"https:\/\/www.organisator.ch\/#\/schema\/logo\/image\/","url":"https:\/\/www.organisator.ch\/wp-content\/uploads\/2022\/01\/Logo_Organisator_Website.png","contentUrl":"https:\/\/www.organisator.ch\/wp-content\/uploads\/2022\/01\/Logo_Organisator_Website.png","width":800,"height":77,"caption":"Organisator"},"image":{"@id":"https:\/\/www.organisator.ch\/#\/schema\/logo\/image\/"},"sameAs":["https:\/\/www.facebook.com\/OrganisatorFachmagazin","https:\/\/www.linkedin.com\/showcase\/organisator-das-magazin-fr-kmu","https:\/\/www.xing.com\/news\/pages\/organisator-ch-695","https:\/\/www.youtube.com\/channel\/UCGP2Sq0iWaZwT3BdIAQFYpw"]},{"@type":"Person","@id":"https:\/\/www.organisator.ch\/#\/schema\/person\/6f650f90b2842cd4c0cc334b4e36f67e","name":"Tommaso.berner","image":{"@type":"ImageObject","inLanguage":"it-IT","@id":"https:\/\/secure.gravatar.com\/avatar\/ac5001d2a36cb6c6cd3e50789007ffca834b477b74a2144564522e944eabff61?s=96&d=mm&r=g","url":"https:\/\/secure.gravatar.com\/avatar\/ac5001d2a36cb6c6cd3e50789007ffca834b477b74a2144564522e944eabff61?s=96&d=mm&r=g","contentUrl":"https:\/\/secure.gravatar.com\/avatar\/ac5001d2a36cb6c6cd3e50789007ffca834b477b74a2144564522e944eabff61?s=96&d=mm&r=g","caption":"thomas.berner"},"url":"https:\/\/www.organisator.ch\/it\/author\/thomas-berner\/"}]}},"_links":{"self":[{"href":"https:\/\/www.organisator.ch\/it\/wp-json\/wp\/v2\/posts\/20592","targetHints":{"allow":["GET"]}}],"collection":[{"href":"https:\/\/www.organisator.ch\/it\/wp-json\/wp\/v2\/posts"}],"about":[{"href":"https:\/\/www.organisator.ch\/it\/wp-json\/wp\/v2\/types\/post"}],"author":[{"embeddable":true,"href":"https:\/\/www.organisator.ch\/it\/wp-json\/wp\/v2\/users\/4"}],"replies":[{"embeddable":true,"href":"https:\/\/www.organisator.ch\/it\/wp-json\/wp\/v2\/comments?post=20592"}],"version-history":[{"count":3,"href":"https:\/\/www.organisator.ch\/it\/wp-json\/wp\/v2\/posts\/20592\/revisions"}],"predecessor-version":[{"id":20611,"href":"https:\/\/www.organisator.ch\/it\/wp-json\/wp\/v2\/posts\/20592\/revisions\/20611"}],"wp:featuredmedia":[{"embeddable":true,"href":"https:\/\/www.organisator.ch\/it\/wp-json\/wp\/v2\/media\/20593"}],"wp:attachment":[{"href":"https:\/\/www.organisator.ch\/it\/wp-json\/wp\/v2\/media?parent=20592"}],"wp:term":[{"taxonomy":"category","embeddable":true,"href":"https:\/\/www.organisator.ch\/it\/wp-json\/wp\/v2\/categories?post=20592"},{"taxonomy":"post_tag","embeddable":true,"href":"https:\/\/www.organisator.ch\/it\/wp-json\/wp\/v2\/tags?post=20592"}],"curies":[{"name":"wp","href":"https:\/\/api.w.org\/{rel}","templated":true}]}}