{"id":20600,"date":"2023-06-06T03:15:12","date_gmt":"2023-06-06T01:15:12","guid":{"rendered":"https:\/\/www.m-q.ch\/?p=18066"},"modified":"2024-11-15T15:27:07","modified_gmt":"2024-11-15T14:27:07","slug":"cyber-grossrisiken-wie-steht-es-um-die-versicherbarkeit","status":"publish","type":"post","link":"https:\/\/www.organisator.ch\/it\/operational-excellence\/2023-06-06\/cyber-grossrisiken-wie-steht-es-um-die-versicherbarkeit\/","title":{"rendered":"Rischi informatici su larga scala: E l'assicurabilit\u00e0?"},"content":{"rendered":"<figure id=\"attachment_18067\" class=\"wp-caption alignnone\" style=\"width: 680px\" aria-describedby=\"caption-attachment-18067\"><img class=\"alignnone wp-image-18067 size-full\" src=\"https:\/\/www.m-q.ch\/wp-content\/uploads\/2023\/06\/Cyber-Grossrisiken-Wie-steht-es-um-die-Versicherbarkeit_MQ.jpg\" alt=\"Simposio sui rischi informatici\" width=\"680\" height=\"453\" \/>\r\n<figcaption id=\"caption-attachment-18067\" class=\"wp-caption-text\">Martin Jara, CEO di Helvetia Svizzera, interviene al simposio \"Challenges in managing top cyber risks\" al Casin\u00f2 di Berna. (Immagine: Helvetia)<\/figcaption>\r\n<\/figure>\r\n<p>Il bisogno delle aziende svizzere di soluzioni contro la criminalit\u00e0 informatica \u00e8 grande e sta crescendo ad un ritmo elevato. Secondo il \"Global Digital Trust Insights 2023\" della societ\u00e0 di consulenza PwC, il 73% delle aziende svizzere vede un'urgente necessit\u00e0 di intervento in questo settore. Con l'ascesa del crimine informatico a uno dei rischi principali, il divario assicurativo per gli eventi informatici su larga scala sta crescendo a livello nazionale e internazionale. Il simposio di Helvetia \"Challenges in managing top cyber risks\", tenutosi il 5 giugno 2023, ha portato in modo aggressivo i problemi pi\u00f9 gravi sotto gli occhi di tutti.<\/p>\r\n<h3>Protezione appena sufficiente contro i rischi informatici su larga scala<\/h3>\r\n<p>\"Oggi il settore assicurativo \u00e8 in grado di coprire bene i rischi individuali, a patto che le aziende investano nella prevenzione e nella sicurezza dei dati\", ha dichiarato Martin Jara, CEO di Helvetia Svizzera. \"Ma per gli eventi su larga scala, che possono andare ben oltre i singoli attacchi con un gran numero di persone colpite, la protezione in Svizzera \u00e8 attualmente insufficiente\". L'elemento centrale deve essere l'espansione della resilienza dell'economia delle PMI svizzere: nessuna copertura obbligatoria, ma una prevenzione specifica per il settore per continuare a consentire il risarcimento finanziario.<\/p>\r\n<h3><strong>\"La triade della resilienza<\/strong><\/h3>\r\n<p>Alexandra Arni, responsabile ICT di Swiss Banking e vicepresidente del Centro svizzero per la sicurezza informatica del settore finanziario (FS-CSC), ha spiegato come potrebbe essere questo approccio. In questo caso, la cooperazione di tutte le parti coinvolte si basa gi\u00e0 sulla \"triade della resilienza\", ovvero prevenzione, gestione delle crisi e riparazione dei danni. Hans-Ulrich Bigler, direttore dell'Associazione svizzera del commercio (SGV), ha sottolineato che il pilastro pi\u00f9 importante dell'economia svizzera, ovvero le circa 600.000 PMI, sono colpite dalla minaccia dei criminali informatici almeno quanto le grandi aziende e gli operatori di infrastrutture critiche per il sistema. \u00c8 quindi importante che le PMI affrontino i rischi e prendano sul serio la prevenzione.<\/p>\r\n<p>Raphael Reischuk, Partner e Responsabile della Cybersecurity di Z\u00fchlke Engineering, ha ripreso il filo conduttore dell'oratore precedente. Reischuk ha sottolineato con forza che l'assicurabilit\u00e0 dei rischi informatici deve essere garantita al pi\u00f9 presto per il bene della popolazione, dell'economia e, in ultima analisi, anche della struttura democratica della nostra societ\u00e0. Reischuk ha mostrato come il problema possa essere affrontato tecnicamente attraverso un sistema basato sui dati per la raccolta in tempo reale dei rischi informatici, che consente di migliorare il quadro della situazione globale, promette incentivi per la riduzione dei rischi informatici e premia gli assicurati con premi assicurativi adattivi.<\/p>\r\n<h3><strong>L'amministrazione e la scienza sostengono un'ampia cooperazione<\/strong><\/h3>\r\n<p>Anche la necessit\u00e0 di una soluzione per migliorare l'assicurabilit\u00e0 dei rischi informatici su larga scala e l'unione di diverse competenze ed esperienze hanno trovato ascolto tra i rappresentanti dell'amministrazione e della scienza presenti. Florian Sch\u00fctz, capo del Centro nazionale per la sicurezza informatica (NCSC) e direttore designato del nuovo Ufficio federale per la sicurezza informatica, ha sottolineato nelle sue osservazioni quanto sia importante il contributo delle aziende per una strategia informatica in linea con i valori e i principi nazionali. In definitiva, per\u00f2, anche l'economia \u00e8 interessata a porre il tema della sicurezza informatica in cima all'agenda come fattore di produttivit\u00e0. L'NCSC \u00e8 lieto che l'assicurabilit\u00e0 dei rischi informatici sia sempre pi\u00f9 al centro dell'attenzione. \"Nel contesto del dibattito nazionale sull'aumento della resilienza informatica e sulla minimizzazione dei danni economici, oggi \u00e8 il momento giusto per discuterne\", afferma Florian Sch\u00fctz.<\/p>\r\n<p>Dal punto di vista scientifico, l'economia e le autorit\u00e0 statali possono contare sull'ampio know-how di start-up specializzate e di istituzioni nazionali come il Politecnico federale di Zurigo. Il professor Florian Tram\u00e8r, esperto di sicurezza informatica, protezione della privacy e apprendimento automatico presso il Dipartimento di Informatica del Politecnico di Zurigo, ha mostrato l'intensit\u00e0 con cui la scienza si sta occupando di questo tema e sta gi\u00e0 sviluppando modelli orientati al futuro con il coinvolgimento delle imprese e dello Stato.<\/p>\r\n<h3><strong>Il settore assicurativo si basa sul miglioramento dei fondamentali e su modelli di rischio adeguati<\/strong><\/h3>\r\n<p>Jean-Philippe Moser, responsabile dei settori assicurativi dell'Associazione Svizzera di Assicurazione SIA, e David Ribeaud, CEO Specialty Markets di Helvetia, hanno sottolineato la volont\u00e0 del settore di dare il proprio contributo. Ad esempio, nello sforzo di ottenere una solida base di dati e modelli di rischio adeguati per una migliore assicurabilit\u00e0 degli attacchi informatici. Allo stesso tempo, entrambi gli oratori hanno sottolineato la necessit\u00e0 di migliorare le basi per creare una maggiore resilienza informatica nell'economia e nella societ\u00e0 svizzera. Le aziende che investono nella sicurezza e nella prevenzione informatica avranno maggiori possibilit\u00e0 di ottenere soluzioni assicurative adeguate.<\/p>\r\n<h3><strong>Le possibilit\u00e0 di accettazione politica sono buone<\/strong><\/h3>\r\n<p>E che dire della capacit\u00e0 della maggioranza politica di adottare tali soluzioni? Secondo Werner Salzmann (SVP, BE), presidente del Comitato per la politica di sicurezza del Consiglio degli Stati (SiK-S), le possibilit\u00e0 sono buone. Dopo tutto, il SiK-S considera da tempo la questione della criminalit\u00e0 informatica come uno dei problemi pi\u00f9 urgenti nell'attuale situazione della sicurezza. Qualsiasi iniziativa di ampio respiro proveniente dall'esterno dello spettro politico sarebbe presa in considerazione con favore, ha dichiarato il politico dell'SVP in occasione del simposio sul cyber a Berna.<\/p>\r\n<p>Tenendo conto delle posizioni presentate, l'ASI e le compagnie assicurative affiliate stanno sviluppando le basi necessarie nel gruppo di lavoro \"Cyber\". I risultati saranno poi discussi con gli attori in un simposio successivo e saranno definiti gli eventuali passi successivi. In quest'ottica, \u00e8 realistico che la Svizzera riesca a stabilire una cooperazione realistica tra i pi\u00f9 importanti rappresentanti dell'economia, della scienza e dello Stato in tempi ragionevoli e con il sostegno di tutte le parti. Si tratterebbe di una misura innovativa a livello globale e di una grande opportunit\u00e0 per la piazza economica.<\/p>\r\n<p><em>Fonte e ulteriori informazioni: <a href=\"http:\/\/www.helvetia.ch\/\">Helvetia<\/a><\/em><\/p>\n<p class=\"syndicated-attribution\">Questo articolo \u00e8 apparso originariamente su m-q.ch - <a href=\"https:\/\/www.m-q.ch\/de\/cyber-grossrisiken-wie-steht-es-um-die-versicherbarkeit\/\" target=\"_blank\">https:\/\/www.m-q.ch\/de\/cyber-grossrisiken-wie-steht-es-um-die-versicherbarkeit\/<\/a><\/p>","protected":false},"excerpt":{"rendered":"<p>Un simposio sul cyber organizzato dalla compagnia assicurativa Helvetia ha affrontato il tema \"Sfide nella gestione dei principali rischi informatici\" il 5 giugno 2023. Imprese, scienza, politica e settore assicurativo hanno discusso insieme soluzioni efficaci.<\/p>","protected":false},"author":8,"featured_media":0,"comment_status":"closed","ping_status":"closed","sticky":false,"template":"","format":"standard","meta":{"_acf_changed":false,"_yoast_wpseo_focuskw":"Cyberrisiken Symposium","_yoast_wpseo_metadesc":"Helvetia Symposium: Schweizer Firmen sehen Handlungsbedarf bei Cyberrisiken. Resilienz und Pr\u00e4vention im Fokus.","articlekey":"","footnotes":""},"categories":[582],"tags":[3806],"class_list":["post-20600","post","type-post","status-publish","format-standard","hentry","category-operational-excellence","tag-cyber-risiken"],"acf":[],"yoast_head":"<!-- This site is optimized with the Yoast SEO plugin v27.5 - https:\/\/yoast.com\/product\/yoast-seo-wordpress\/ -->\n<title>Cyber-Grossrisiken: Wie steht es um die Versicherbarkeit? - Organisator<\/title>\n<meta name=\"description\" content=\"Helvetia Symposium: Schweizer Firmen sehen Handlungsbedarf bei Cyberrisiken. Resilienz und Pr\u00e4vention im Fokus.\" \/>\n<meta name=\"robots\" content=\"index, follow, max-snippet:-1, max-image-preview:large, max-video-preview:-1\" \/>\n<link rel=\"canonical\" href=\"https:\/\/www.organisator.ch\/it\/eccellenza-operativa\/2023-06-06\/cyber-grossrisiken-wie-steht-es-um-die-versicherbarkeit\/\" \/>\n<meta property=\"og:locale\" content=\"it_IT\" \/>\n<meta property=\"og:type\" content=\"article\" \/>\n<meta property=\"og:title\" content=\"Cyber-Grossrisiken: Wie steht es um die Versicherbarkeit? - Organisator\" \/>\n<meta property=\"og:description\" content=\"Helvetia Symposium: Schweizer Firmen sehen Handlungsbedarf bei Cyberrisiken. Resilienz und Pr\u00e4vention im Fokus.\" \/>\n<meta property=\"og:url\" content=\"https:\/\/www.organisator.ch\/it\/eccellenza-operativa\/2023-06-06\/cyber-grossrisiken-wie-steht-es-um-die-versicherbarkeit\/\" \/>\n<meta property=\"og:site_name\" content=\"Organisator\" \/>\n<meta property=\"article:publisher\" content=\"https:\/\/www.facebook.com\/OrganisatorFachmagazin\" \/>\n<meta property=\"article:published_time\" content=\"2023-06-06T01:15:12+00:00\" \/>\n<meta property=\"article:modified_time\" content=\"2024-11-15T14:27:07+00:00\" \/>\n<meta name=\"author\" content=\"galledia\" \/>\n<meta name=\"twitter:card\" content=\"summary_large_image\" \/>\n<meta name=\"twitter:creator\" content=\"@admin\" \/>\n<script type=\"application\/ld+json\" class=\"yoast-schema-graph\">{\"@context\":\"https:\\\/\\\/schema.org\",\"@graph\":[{\"@type\":\"Article\",\"@id\":\"https:\\\/\\\/www.organisator.ch\\\/operational-excellence\\\/2023-06-06\\\/cyber-grossrisiken-wie-steht-es-um-die-versicherbarkeit\\\/#article\",\"isPartOf\":{\"@id\":\"https:\\\/\\\/www.organisator.ch\\\/operational-excellence\\\/2023-06-06\\\/cyber-grossrisiken-wie-steht-es-um-die-versicherbarkeit\\\/\"},\"author\":{\"name\":\"galledia\",\"@id\":\"https:\\\/\\\/www.organisator.ch\\\/#\\\/schema\\\/person\\\/4e51799071cd2dd1232ac003643ef5f0\"},\"headline\":\"Cyber-Grossrisiken: Wie steht es um die Versicherbarkeit?\",\"datePublished\":\"2023-06-06T01:15:12+00:00\",\"dateModified\":\"2024-11-15T14:27:07+00:00\",\"mainEntityOfPage\":{\"@id\":\"https:\\\/\\\/www.organisator.ch\\\/operational-excellence\\\/2023-06-06\\\/cyber-grossrisiken-wie-steht-es-um-die-versicherbarkeit\\\/\"},\"wordCount\":891,\"publisher\":{\"@id\":\"https:\\\/\\\/www.organisator.ch\\\/#organization\"},\"image\":{\"@id\":\"https:\\\/\\\/www.organisator.ch\\\/operational-excellence\\\/2023-06-06\\\/cyber-grossrisiken-wie-steht-es-um-die-versicherbarkeit\\\/#primaryimage\"},\"thumbnailUrl\":\"https:\\\/\\\/www.m-q.ch\\\/wp-content\\\/uploads\\\/2023\\\/06\\\/Cyber-Grossrisiken-Wie-steht-es-um-die-Versicherbarkeit_MQ.jpg\",\"keywords\":[\"Cyber Risiken\"],\"articleSection\":[\"OPERATIONAL EXCELLENCE\"],\"inLanguage\":\"it-IT\"},{\"@type\":\"WebPage\",\"@id\":\"https:\\\/\\\/www.organisator.ch\\\/operational-excellence\\\/2023-06-06\\\/cyber-grossrisiken-wie-steht-es-um-die-versicherbarkeit\\\/\",\"url\":\"https:\\\/\\\/www.organisator.ch\\\/operational-excellence\\\/2023-06-06\\\/cyber-grossrisiken-wie-steht-es-um-die-versicherbarkeit\\\/\",\"name\":\"Cyber-Grossrisiken: Wie steht es um die Versicherbarkeit? - Organisator\",\"isPartOf\":{\"@id\":\"https:\\\/\\\/www.organisator.ch\\\/#website\"},\"primaryImageOfPage\":{\"@id\":\"https:\\\/\\\/www.organisator.ch\\\/operational-excellence\\\/2023-06-06\\\/cyber-grossrisiken-wie-steht-es-um-die-versicherbarkeit\\\/#primaryimage\"},\"image\":{\"@id\":\"https:\\\/\\\/www.organisator.ch\\\/operational-excellence\\\/2023-06-06\\\/cyber-grossrisiken-wie-steht-es-um-die-versicherbarkeit\\\/#primaryimage\"},\"thumbnailUrl\":\"https:\\\/\\\/www.m-q.ch\\\/wp-content\\\/uploads\\\/2023\\\/06\\\/Cyber-Grossrisiken-Wie-steht-es-um-die-Versicherbarkeit_MQ.jpg\",\"datePublished\":\"2023-06-06T01:15:12+00:00\",\"dateModified\":\"2024-11-15T14:27:07+00:00\",\"description\":\"Helvetia Symposium: Schweizer Firmen sehen Handlungsbedarf bei Cyberrisiken. Resilienz und Pr\u00e4vention im Fokus.\",\"breadcrumb\":{\"@id\":\"https:\\\/\\\/www.organisator.ch\\\/operational-excellence\\\/2023-06-06\\\/cyber-grossrisiken-wie-steht-es-um-die-versicherbarkeit\\\/#breadcrumb\"},\"inLanguage\":\"it-IT\",\"potentialAction\":[{\"@type\":\"ReadAction\",\"target\":[\"https:\\\/\\\/www.organisator.ch\\\/operational-excellence\\\/2023-06-06\\\/cyber-grossrisiken-wie-steht-es-um-die-versicherbarkeit\\\/\"]}]},{\"@type\":\"ImageObject\",\"inLanguage\":\"it-IT\",\"@id\":\"https:\\\/\\\/www.organisator.ch\\\/operational-excellence\\\/2023-06-06\\\/cyber-grossrisiken-wie-steht-es-um-die-versicherbarkeit\\\/#primaryimage\",\"url\":\"https:\\\/\\\/www.m-q.ch\\\/wp-content\\\/uploads\\\/2023\\\/06\\\/Cyber-Grossrisiken-Wie-steht-es-um-die-Versicherbarkeit_MQ.jpg\",\"contentUrl\":\"https:\\\/\\\/www.m-q.ch\\\/wp-content\\\/uploads\\\/2023\\\/06\\\/Cyber-Grossrisiken-Wie-steht-es-um-die-Versicherbarkeit_MQ.jpg\"},{\"@type\":\"BreadcrumbList\",\"@id\":\"https:\\\/\\\/www.organisator.ch\\\/operational-excellence\\\/2023-06-06\\\/cyber-grossrisiken-wie-steht-es-um-die-versicherbarkeit\\\/#breadcrumb\",\"itemListElement\":[{\"@type\":\"ListItem\",\"position\":1,\"name\":\"Home\",\"item\":\"https:\\\/\\\/www.organisator.ch\\\/\"},{\"@type\":\"ListItem\",\"position\":2,\"name\":\"Cyber-Grossrisiken: Wie steht es um die Versicherbarkeit?\"}]},{\"@type\":\"WebSite\",\"@id\":\"https:\\\/\\\/www.organisator.ch\\\/#website\",\"url\":\"https:\\\/\\\/www.organisator.ch\\\/\",\"name\":\"Organisator\",\"description\":\"Kompetent. Praxisnah. Der ORGANISATOR bereitet in 10 Ausgaben pro Jahr die wesentlichen Themen f\u00fcr F\u00fchrungskr\u00e4fte von KMU auf.\",\"publisher\":{\"@id\":\"https:\\\/\\\/www.organisator.ch\\\/#organization\"},\"potentialAction\":[{\"@type\":\"SearchAction\",\"target\":{\"@type\":\"EntryPoint\",\"urlTemplate\":\"https:\\\/\\\/www.organisator.ch\\\/?s={search_term_string}\"},\"query-input\":{\"@type\":\"PropertyValueSpecification\",\"valueRequired\":true,\"valueName\":\"search_term_string\"}}],\"inLanguage\":\"it-IT\"},{\"@type\":\"Organization\",\"@id\":\"https:\\\/\\\/www.organisator.ch\\\/#organization\",\"name\":\"Organisator\",\"url\":\"https:\\\/\\\/www.organisator.ch\\\/\",\"logo\":{\"@type\":\"ImageObject\",\"inLanguage\":\"it-IT\",\"@id\":\"https:\\\/\\\/www.organisator.ch\\\/#\\\/schema\\\/logo\\\/image\\\/\",\"url\":\"https:\\\/\\\/www.organisator.ch\\\/wp-content\\\/uploads\\\/2022\\\/01\\\/Logo_Organisator_Website.png\",\"contentUrl\":\"https:\\\/\\\/www.organisator.ch\\\/wp-content\\\/uploads\\\/2022\\\/01\\\/Logo_Organisator_Website.png\",\"width\":800,\"height\":77,\"caption\":\"Organisator\"},\"image\":{\"@id\":\"https:\\\/\\\/www.organisator.ch\\\/#\\\/schema\\\/logo\\\/image\\\/\"},\"sameAs\":[\"https:\\\/\\\/www.facebook.com\\\/OrganisatorFachmagazin\",\"https:\\\/\\\/www.linkedin.com\\\/showcase\\\/organisator-das-magazin-fr-kmu\",\"https:\\\/\\\/www.xing.com\\\/news\\\/pages\\\/organisator-ch-695\",\"https:\\\/\\\/www.youtube.com\\\/channel\\\/UCGP2Sq0iWaZwT3BdIAQFYpw\"]},{\"@type\":\"Person\",\"@id\":\"https:\\\/\\\/www.organisator.ch\\\/#\\\/schema\\\/person\\\/4e51799071cd2dd1232ac003643ef5f0\",\"name\":\"galledia\",\"image\":{\"@type\":\"ImageObject\",\"inLanguage\":\"it-IT\",\"@id\":\"https:\\\/\\\/secure.gravatar.com\\\/avatar\\\/78a7f90c01fc2bfc875782a0d4922b37cde2cf184ce347b91316d23cd7f69a36?s=96&d=mm&r=g\",\"url\":\"https:\\\/\\\/secure.gravatar.com\\\/avatar\\\/78a7f90c01fc2bfc875782a0d4922b37cde2cf184ce347b91316d23cd7f69a36?s=96&d=mm&r=g\",\"contentUrl\":\"https:\\\/\\\/secure.gravatar.com\\\/avatar\\\/78a7f90c01fc2bfc875782a0d4922b37cde2cf184ce347b91316d23cd7f69a36?s=96&d=mm&r=g\",\"caption\":\"galledia\"},\"sameAs\":[\"https:\\\/\\\/x.com\\\/admin\"],\"url\":\"https:\\\/\\\/www.organisator.ch\\\/it\\\/author\\\/galledia\\\/\"}]}<\/script>\n<!-- \/ Yoast SEO plugin. -->","yoast_head_json":{"title":"Rischi informatici su larga scala: E l'assicurabilit\u00e0? - Organizzatore","description":"Simposio Helvetia: le aziende svizzere vedono la necessit\u00e0 di agire sui rischi informatici. Focus su resilienza e prevenzione.","robots":{"index":"index","follow":"follow","max-snippet":"max-snippet:-1","max-image-preview":"max-image-preview:large","max-video-preview":"max-video-preview:-1"},"canonical":"https:\/\/www.organisator.ch\/it\/eccellenza-operativa\/2023-06-06\/cyber-grossrisiken-wie-steht-es-um-die-versicherbarkeit\/","og_locale":"it_IT","og_type":"article","og_title":"Cyber-Grossrisiken: Wie steht es um die Versicherbarkeit? - Organisator","og_description":"Helvetia Symposium: Schweizer Firmen sehen Handlungsbedarf bei Cyberrisiken. Resilienz und Pr\u00e4vention im Fokus.","og_url":"https:\/\/www.organisator.ch\/it\/eccellenza-operativa\/2023-06-06\/cyber-grossrisiken-wie-steht-es-um-die-versicherbarkeit\/","og_site_name":"Organisator","article_publisher":"https:\/\/www.facebook.com\/OrganisatorFachmagazin","article_published_time":"2023-06-06T01:15:12+00:00","article_modified_time":"2024-11-15T14:27:07+00:00","author":"galledia","twitter_card":"summary_large_image","twitter_creator":"@admin","schema":{"@context":"https:\/\/schema.org","@graph":[{"@type":"Article","@id":"https:\/\/www.organisator.ch\/operational-excellence\/2023-06-06\/cyber-grossrisiken-wie-steht-es-um-die-versicherbarkeit\/#article","isPartOf":{"@id":"https:\/\/www.organisator.ch\/operational-excellence\/2023-06-06\/cyber-grossrisiken-wie-steht-es-um-die-versicherbarkeit\/"},"author":{"name":"galledia","@id":"https:\/\/www.organisator.ch\/#\/schema\/person\/4e51799071cd2dd1232ac003643ef5f0"},"headline":"Cyber-Grossrisiken: Wie steht es um die Versicherbarkeit?","datePublished":"2023-06-06T01:15:12+00:00","dateModified":"2024-11-15T14:27:07+00:00","mainEntityOfPage":{"@id":"https:\/\/www.organisator.ch\/operational-excellence\/2023-06-06\/cyber-grossrisiken-wie-steht-es-um-die-versicherbarkeit\/"},"wordCount":891,"publisher":{"@id":"https:\/\/www.organisator.ch\/#organization"},"image":{"@id":"https:\/\/www.organisator.ch\/operational-excellence\/2023-06-06\/cyber-grossrisiken-wie-steht-es-um-die-versicherbarkeit\/#primaryimage"},"thumbnailUrl":"https:\/\/www.m-q.ch\/wp-content\/uploads\/2023\/06\/Cyber-Grossrisiken-Wie-steht-es-um-die-Versicherbarkeit_MQ.jpg","keywords":["Cyber Risiken"],"articleSection":["OPERATIONAL EXCELLENCE"],"inLanguage":"it-IT"},{"@type":"WebPage","@id":"https:\/\/www.organisator.ch\/operational-excellence\/2023-06-06\/cyber-grossrisiken-wie-steht-es-um-die-versicherbarkeit\/","url":"https:\/\/www.organisator.ch\/operational-excellence\/2023-06-06\/cyber-grossrisiken-wie-steht-es-um-die-versicherbarkeit\/","name":"Rischi informatici su larga scala: E l'assicurabilit\u00e0? - Organizzatore","isPartOf":{"@id":"https:\/\/www.organisator.ch\/#website"},"primaryImageOfPage":{"@id":"https:\/\/www.organisator.ch\/operational-excellence\/2023-06-06\/cyber-grossrisiken-wie-steht-es-um-die-versicherbarkeit\/#primaryimage"},"image":{"@id":"https:\/\/www.organisator.ch\/operational-excellence\/2023-06-06\/cyber-grossrisiken-wie-steht-es-um-die-versicherbarkeit\/#primaryimage"},"thumbnailUrl":"https:\/\/www.m-q.ch\/wp-content\/uploads\/2023\/06\/Cyber-Grossrisiken-Wie-steht-es-um-die-Versicherbarkeit_MQ.jpg","datePublished":"2023-06-06T01:15:12+00:00","dateModified":"2024-11-15T14:27:07+00:00","description":"Simposio Helvetia: le aziende svizzere vedono la necessit\u00e0 di agire sui rischi informatici. Focus su resilienza e prevenzione.","breadcrumb":{"@id":"https:\/\/www.organisator.ch\/operational-excellence\/2023-06-06\/cyber-grossrisiken-wie-steht-es-um-die-versicherbarkeit\/#breadcrumb"},"inLanguage":"it-IT","potentialAction":[{"@type":"ReadAction","target":["https:\/\/www.organisator.ch\/operational-excellence\/2023-06-06\/cyber-grossrisiken-wie-steht-es-um-die-versicherbarkeit\/"]}]},{"@type":"ImageObject","inLanguage":"it-IT","@id":"https:\/\/www.organisator.ch\/operational-excellence\/2023-06-06\/cyber-grossrisiken-wie-steht-es-um-die-versicherbarkeit\/#primaryimage","url":"https:\/\/www.m-q.ch\/wp-content\/uploads\/2023\/06\/Cyber-Grossrisiken-Wie-steht-es-um-die-Versicherbarkeit_MQ.jpg","contentUrl":"https:\/\/www.m-q.ch\/wp-content\/uploads\/2023\/06\/Cyber-Grossrisiken-Wie-steht-es-um-die-Versicherbarkeit_MQ.jpg"},{"@type":"BreadcrumbList","@id":"https:\/\/www.organisator.ch\/operational-excellence\/2023-06-06\/cyber-grossrisiken-wie-steht-es-um-die-versicherbarkeit\/#breadcrumb","itemListElement":[{"@type":"ListItem","position":1,"name":"Home","item":"https:\/\/www.organisator.ch\/"},{"@type":"ListItem","position":2,"name":"Cyber-Grossrisiken: Wie steht es um die Versicherbarkeit?"}]},{"@type":"WebSite","@id":"https:\/\/www.organisator.ch\/#website","url":"https:\/\/www.organisator.ch\/","name":"Organizzatore","description":"Competente. Pratico. In 10 numeri all'anno, ORGANISATOR presenta i temi essenziali per i manager delle PMI.","publisher":{"@id":"https:\/\/www.organisator.ch\/#organization"},"potentialAction":[{"@type":"SearchAction","target":{"@type":"EntryPoint","urlTemplate":"https:\/\/www.organisator.ch\/?s={search_term_string}"},"query-input":{"@type":"PropertyValueSpecification","valueRequired":true,"valueName":"search_term_string"}}],"inLanguage":"it-IT"},{"@type":"Organization","@id":"https:\/\/www.organisator.ch\/#organization","name":"Organizzatore","url":"https:\/\/www.organisator.ch\/","logo":{"@type":"ImageObject","inLanguage":"it-IT","@id":"https:\/\/www.organisator.ch\/#\/schema\/logo\/image\/","url":"https:\/\/www.organisator.ch\/wp-content\/uploads\/2022\/01\/Logo_Organisator_Website.png","contentUrl":"https:\/\/www.organisator.ch\/wp-content\/uploads\/2022\/01\/Logo_Organisator_Website.png","width":800,"height":77,"caption":"Organisator"},"image":{"@id":"https:\/\/www.organisator.ch\/#\/schema\/logo\/image\/"},"sameAs":["https:\/\/www.facebook.com\/OrganisatorFachmagazin","https:\/\/www.linkedin.com\/showcase\/organisator-das-magazin-fr-kmu","https:\/\/www.xing.com\/news\/pages\/organisator-ch-695","https:\/\/www.youtube.com\/channel\/UCGP2Sq0iWaZwT3BdIAQFYpw"]},{"@type":"Person","@id":"https:\/\/www.organisator.ch\/#\/schema\/person\/4e51799071cd2dd1232ac003643ef5f0","name":"galledia","image":{"@type":"ImageObject","inLanguage":"it-IT","@id":"https:\/\/secure.gravatar.com\/avatar\/78a7f90c01fc2bfc875782a0d4922b37cde2cf184ce347b91316d23cd7f69a36?s=96&d=mm&r=g","url":"https:\/\/secure.gravatar.com\/avatar\/78a7f90c01fc2bfc875782a0d4922b37cde2cf184ce347b91316d23cd7f69a36?s=96&d=mm&r=g","contentUrl":"https:\/\/secure.gravatar.com\/avatar\/78a7f90c01fc2bfc875782a0d4922b37cde2cf184ce347b91316d23cd7f69a36?s=96&d=mm&r=g","caption":"galledia"},"sameAs":["https:\/\/x.com\/admin"],"url":"https:\/\/www.organisator.ch\/it\/author\/galledia\/"}]}},"_links":{"self":[{"href":"https:\/\/www.organisator.ch\/it\/wp-json\/wp\/v2\/posts\/20600","targetHints":{"allow":["GET"]}}],"collection":[{"href":"https:\/\/www.organisator.ch\/it\/wp-json\/wp\/v2\/posts"}],"about":[{"href":"https:\/\/www.organisator.ch\/it\/wp-json\/wp\/v2\/types\/post"}],"author":[{"embeddable":true,"href":"https:\/\/www.organisator.ch\/it\/wp-json\/wp\/v2\/users\/8"}],"replies":[{"embeddable":true,"href":"https:\/\/www.organisator.ch\/it\/wp-json\/wp\/v2\/comments?post=20600"}],"version-history":[{"count":3,"href":"https:\/\/www.organisator.ch\/it\/wp-json\/wp\/v2\/posts\/20600\/revisions"}],"predecessor-version":[{"id":33113,"href":"https:\/\/www.organisator.ch\/it\/wp-json\/wp\/v2\/posts\/20600\/revisions\/33113"}],"wp:attachment":[{"href":"https:\/\/www.organisator.ch\/it\/wp-json\/wp\/v2\/media?parent=20600"}],"wp:term":[{"taxonomy":"category","embeddable":true,"href":"https:\/\/www.organisator.ch\/it\/wp-json\/wp\/v2\/categories?post=20600"},{"taxonomy":"post_tag","embeddable":true,"href":"https:\/\/www.organisator.ch\/it\/wp-json\/wp\/v2\/tags?post=20600"}],"curies":[{"name":"wp","href":"https:\/\/api.w.org\/{rel}","templated":true}]}}