{"id":20603,"date":"2023-06-06T09:47:08","date_gmt":"2023-06-06T07:47:08","guid":{"rendered":"https:\/\/www.organisator.ch\/?p=20603"},"modified":"2023-06-06T09:47:08","modified_gmt":"2023-06-06T07:47:08","slug":"bank-wir-marc-reimann-zum-neuen-vr-praesidenten-gewaehlt","status":"publish","type":"post","link":"https:\/\/www.organisator.ch\/it\/management\/2023-06-06\/bank-wir-marc-reimann-zum-neuen-vr-praesidenten-gewaehlt\/","title":{"rendered":"Banca WIR: Marc Reimann eletto nuovo Presidente del Consiglio di Amministrazione"},"content":{"rendered":"<figure id=\"attachment_20604\" aria-describedby=\"caption-attachment-20604\" style=\"width: 680px\" class=\"wp-caption alignnone\"><img loading=\"lazy\" decoding=\"async\" class=\"size-full wp-image-20604\" src=\"https:\/\/www.organisator.ch\/wp-content\/uploads\/2023\/06\/Bank-WIR-Marc-Reimann-zum-neuen-VR-Praesidenten-gewaehlt_Organisator.jpg\" alt=\"\" width=\"680\" height=\"533\" srcset=\"https:\/\/www.organisator.ch\/wp-content\/uploads\/2023\/06\/Bank-WIR-Marc-Reimann-zum-neuen-VR-Praesidenten-gewaehlt_Organisator.jpg 680w, https:\/\/www.organisator.ch\/wp-content\/uploads\/2023\/06\/Bank-WIR-Marc-Reimann-zum-neuen-VR-Praesidenten-gewaehlt_Organisator-15x12.jpg 15w, https:\/\/www.organisator.ch\/wp-content\/uploads\/2023\/06\/Bank-WIR-Marc-Reimann-zum-neuen-VR-Praesidenten-gewaehlt_Organisator-375x294.jpg 375w, https:\/\/www.organisator.ch\/wp-content\/uploads\/2023\/06\/Bank-WIR-Marc-Reimann-zum-neuen-VR-Praesidenten-gewaehlt_Organisator-447x350.jpg 447w\" sizes=\"auto, (max-width: 680px) 100vw, 680px\" \/><figcaption id=\"caption-attachment-20604\" class=\"wp-caption-text\">Il nuovo presidente della Banca WIR: Marc Reimann. (Immagine: Banca WIR)<\/figcaption><\/figure>\n<p>Per la prima volta dal 2019, l'assemblea generale di Bank WIR si \u00e8 tenuta fisicamente alla Messe Basel. Gi\u00e0 a febbraio, la banca cooperativa puramente svizzera aveva presentato un aumento degli utili a 15,7 milioni di franchi svizzeri, una forte crescita del credito e un patrimonio totale a un nuovo livello record (6,05 miliardi di franchi) per l'esercizio 2022. \"Soprattutto in questo contesto difficile, caratterizzato da numerose turbolenze politiche ed economiche, siamo particolarmente orgogliosi che la nostra forza operativa stia ancora una volta dando i suoi frutti\", aveva commentato il CEO Bruno Stiegeler.<\/p>\n<p>Sulla base dei solidi risultati degli anni, l'Assemblea generale ha approvato il dividendo di 10,75 franchi proposto dal Consiglio di amministrazione. Come negli anni precedenti, la distribuzione avviene sotto forma di dividendo opzionale (\"dividendo con reinvestimento\" o dividendo in contanti) e - calcolata sulla variante del dividendo in contanti - corrisponde a un rendimento del 2,2%. Anche la distribuzione sui certificati di partecipazione detenuti come patrimonio privato \u00e8 esente da imposte. Negli ultimi dodici mesi il valore dei titoli \u00e8 aumentato del 9,3%.<\/p>\n<h3>Marc Reimann succede a Karin Zahnd Cadoux<\/h3>\n<p>Nel marzo 2022, Karin Zahnd Cadoux, attuale Presidente del Consiglio di amministrazione, ha annunciato che non si sarebbe candidata all'Assemblea generale 2023 per motivi personali. Gli elettori hanno seguito la proposta del Consiglio di amministrazione e hanno eletto Marc Reimann come nuovo Presidente con un'ampia maggioranza. Il 42enne Reimann \u00e8 membro del Consiglio di amministrazione della Banca WIR dal 2013 e vicepresidente dal 2021. L'imprenditore e amministratore delegato della Zirkumflex AG di Cham conosce bene le sfide della clientela della Banca WIR e dal 2018 assiste le PMI di vari settori come consulente di gestione.<\/p>\n<p>A causa del limite di durata dei membri del Consiglio di amministrazione, \u00e8 stato necessario trovare un successore per Kornel Tinguely. Chantal Lutz e Michael Benes sono stati eletti nuovi membri del Consiglio di amministrazione della Banca WIR. Chantal Lutz (32 anni) \u00e8 avvocato presso Domenig &amp; Partner Rechtsanw\u00e4lte AG a Berna con specializzazione in diritto tecnologico e dirige il team di diritto informatico. Michael Benes (47 anni) \u00e8 laureato in economia aziendale e certificato revisore dei conti ed esperto di revisione contabile. La rielezione dei precedenti membri del Consiglio di amministrazione Germann Wiggli (dal 2019), Heinz Fuchs, Christoph Lenz (entrambi dal 2021) e Philipp Berger (dal 2022) \u00e8 stata incontestata.<\/p>\n<h3>Modifica dello Statuto<\/h3>\n<p>Inoltre, l'assemblea generale ha approvato una modifica dello statuto che consentir\u00e0 a Bank WIR di utilizzare in futuro le varianti dello scrutinio e dell'assemblea generale virtuale. \"Questo passo tempestivo e lungimirante facilita la partecipazione dei soci della cooperativa alle decisioni, che \u00e8 cos\u00ec importante\", commenta il presidente uscente Zahnd Cadoux.<\/p>\n<p><em>Fonte: <a href=\"https:\/\/www.wir.ch\/de\/\">Banca WIR<\/a><\/em><\/p>","protected":false},"excerpt":{"rendered":"<p>L'assemblea generale della Banca WIR si \u00e8 concentrata sulle elezioni del Consiglio di amministrazione: Marc Reimann \u00e8 il nuovo presidente e succede a Karin Zahnd Cadoux. Chantal Lutz e Michael Benes sono stati eletti di recente. <\/p>","protected":false},"author":4,"featured_media":20604,"comment_status":"closed","ping_status":"closed","sticky":false,"template":"","format":"standard","meta":{"_acf_changed":false,"_yoast_wpseo_focuskw":"Marc Reimann","_yoast_wpseo_metadesc":"An der GV der Bank WIR standen Verwaltungsratswahlen im Zentrum: Neuer Pr\u00e4sident und damit Nachfolger von Karin Zahnd Cadoux ist Marc Reimann.","articlekey":"","footnotes":""},"categories":[28],"tags":[1264,381,513],"class_list":["post-20603","post","type-post","status-publish","format-standard","has-post-thumbnail","hentry","category-management","tag-generalversammlung","tag-personalia","tag-verwaltungsraete"],"acf":[],"yoast_head":"<!-- This site is optimized with the Yoast SEO plugin v27.5 - https:\/\/yoast.com\/product\/yoast-seo-wordpress\/ -->\n<title>Bank WIR: Marc Reimann zum neuen VR-Pr\u00e4sidenten gew\u00e4hlt - Organisator<\/title>\n<meta name=\"description\" content=\"An der GV der Bank WIR standen Verwaltungsratswahlen im Zentrum: Neuer Pr\u00e4sident und damit Nachfolger von Karin Zahnd Cadoux ist Marc Reimann.\" \/>\n<meta name=\"robots\" content=\"index, follow, max-snippet:-1, max-image-preview:large, max-video-preview:-1\" \/>\n<link rel=\"canonical\" href=\"https:\/\/www.organisator.ch\/it\/gestione-2\/2023-06-06\/bank-wir-marc-reimann-zum-neuen-vr-praesidenten-gewaehlt\/\" \/>\n<meta property=\"og:locale\" content=\"it_IT\" \/>\n<meta property=\"og:type\" content=\"article\" \/>\n<meta property=\"og:title\" content=\"Bank WIR: Marc Reimann zum neuen VR-Pr\u00e4sidenten gew\u00e4hlt\" \/>\n<meta property=\"og:description\" content=\"An der GV der Bank WIR standen Verwaltungsratswahlen im Zentrum: Neuer Pr\u00e4sident und damit Nachfolger von Karin Zahnd Cadoux ist Marc Reimann.\" \/>\n<meta property=\"og:url\" content=\"https:\/\/www.organisator.ch\/it\/gestione-2\/2023-06-06\/bank-wir-marc-reimann-zum-neuen-vr-praesidenten-gewaehlt\/\" \/>\n<meta property=\"og:site_name\" content=\"Organisator\" \/>\n<meta property=\"article:publisher\" content=\"https:\/\/www.facebook.com\/OrganisatorFachmagazin\" \/>\n<meta property=\"article:published_time\" content=\"2023-06-06T07:47:08+00:00\" \/>\n<meta property=\"og:image\" content=\"https:\/\/www.organisator.ch\/wp-content\/uploads\/2023\/06\/Bank-WIR-Marc-Reimann-zum-neuen-VR-Praesidenten-gewaehlt_Organisator.jpg\" \/>\n\t<meta property=\"og:image:width\" content=\"680\" \/>\n\t<meta property=\"og:image:height\" content=\"533\" \/>\n\t<meta property=\"og:image:type\" content=\"image\/jpeg\" \/>\n<meta name=\"author\" content=\"thomas.berner\" \/>\n<meta name=\"twitter:card\" content=\"summary_large_image\" \/>\n<meta name=\"twitter:title\" content=\"Bank WIR: Marc #Reimann zum neuen #VR-Pr\u00e4sidenten gew\u00e4hlt\" \/>\n<meta name=\"twitter:description\" content=\"An der GV der Bank WIR standen #Verwaltungsratswahlen im Zentrum: Neuer Pr\u00e4sident und damit Nachfolger von Karin Zahnd Cadoux ist Marc #Reimann.\" \/>\n<meta name=\"twitter:image\" content=\"https:\/\/www.organisator.ch\/wp-content\/uploads\/2023\/06\/Bank-WIR-Marc-Reimann-zum-neuen-VR-Praesidenten-gewaehlt_Organisator.jpg\" \/>\n<script type=\"application\/ld+json\" class=\"yoast-schema-graph\">{\"@context\":\"https:\\\/\\\/schema.org\",\"@graph\":[{\"@type\":\"Article\",\"@id\":\"https:\\\/\\\/www.organisator.ch\\\/management\\\/2023-06-06\\\/bank-wir-marc-reimann-zum-neuen-vr-praesidenten-gewaehlt\\\/#article\",\"isPartOf\":{\"@id\":\"https:\\\/\\\/www.organisator.ch\\\/management\\\/2023-06-06\\\/bank-wir-marc-reimann-zum-neuen-vr-praesidenten-gewaehlt\\\/\"},\"author\":{\"name\":\"thomas.berner\",\"@id\":\"https:\\\/\\\/www.organisator.ch\\\/#\\\/schema\\\/person\\\/6f650f90b2842cd4c0cc334b4e36f67e\"},\"headline\":\"Bank WIR: Marc Reimann zum neuen VR-Pr\u00e4sidenten gew\u00e4hlt\",\"datePublished\":\"2023-06-06T07:47:08+00:00\",\"mainEntityOfPage\":{\"@id\":\"https:\\\/\\\/www.organisator.ch\\\/management\\\/2023-06-06\\\/bank-wir-marc-reimann-zum-neuen-vr-praesidenten-gewaehlt\\\/\"},\"wordCount\":428,\"publisher\":{\"@id\":\"https:\\\/\\\/www.organisator.ch\\\/#organization\"},\"image\":{\"@id\":\"https:\\\/\\\/www.organisator.ch\\\/management\\\/2023-06-06\\\/bank-wir-marc-reimann-zum-neuen-vr-praesidenten-gewaehlt\\\/#primaryimage\"},\"thumbnailUrl\":\"https:\\\/\\\/www.organisator.ch\\\/wp-content\\\/uploads\\\/2023\\\/06\\\/Bank-WIR-Marc-Reimann-zum-neuen-VR-Praesidenten-gewaehlt_Organisator.jpg\",\"keywords\":[\"Generalversammlung\",\"Personalia\",\"Verwaltungsr\u00e4te\"],\"articleSection\":[\"MANAGEMENT\"],\"inLanguage\":\"it-IT\"},{\"@type\":\"WebPage\",\"@id\":\"https:\\\/\\\/www.organisator.ch\\\/management\\\/2023-06-06\\\/bank-wir-marc-reimann-zum-neuen-vr-praesidenten-gewaehlt\\\/\",\"url\":\"https:\\\/\\\/www.organisator.ch\\\/management\\\/2023-06-06\\\/bank-wir-marc-reimann-zum-neuen-vr-praesidenten-gewaehlt\\\/\",\"name\":\"Bank WIR: Marc Reimann zum neuen VR-Pr\u00e4sidenten gew\u00e4hlt - Organisator\",\"isPartOf\":{\"@id\":\"https:\\\/\\\/www.organisator.ch\\\/#website\"},\"primaryImageOfPage\":{\"@id\":\"https:\\\/\\\/www.organisator.ch\\\/management\\\/2023-06-06\\\/bank-wir-marc-reimann-zum-neuen-vr-praesidenten-gewaehlt\\\/#primaryimage\"},\"image\":{\"@id\":\"https:\\\/\\\/www.organisator.ch\\\/management\\\/2023-06-06\\\/bank-wir-marc-reimann-zum-neuen-vr-praesidenten-gewaehlt\\\/#primaryimage\"},\"thumbnailUrl\":\"https:\\\/\\\/www.organisator.ch\\\/wp-content\\\/uploads\\\/2023\\\/06\\\/Bank-WIR-Marc-Reimann-zum-neuen-VR-Praesidenten-gewaehlt_Organisator.jpg\",\"datePublished\":\"2023-06-06T07:47:08+00:00\",\"description\":\"An der GV der Bank WIR standen Verwaltungsratswahlen im Zentrum: Neuer Pr\u00e4sident und damit Nachfolger von Karin Zahnd Cadoux ist Marc Reimann.\",\"breadcrumb\":{\"@id\":\"https:\\\/\\\/www.organisator.ch\\\/management\\\/2023-06-06\\\/bank-wir-marc-reimann-zum-neuen-vr-praesidenten-gewaehlt\\\/#breadcrumb\"},\"inLanguage\":\"it-IT\",\"potentialAction\":[{\"@type\":\"ReadAction\",\"target\":[\"https:\\\/\\\/www.organisator.ch\\\/management\\\/2023-06-06\\\/bank-wir-marc-reimann-zum-neuen-vr-praesidenten-gewaehlt\\\/\"]}]},{\"@type\":\"ImageObject\",\"inLanguage\":\"it-IT\",\"@id\":\"https:\\\/\\\/www.organisator.ch\\\/management\\\/2023-06-06\\\/bank-wir-marc-reimann-zum-neuen-vr-praesidenten-gewaehlt\\\/#primaryimage\",\"url\":\"https:\\\/\\\/www.organisator.ch\\\/wp-content\\\/uploads\\\/2023\\\/06\\\/Bank-WIR-Marc-Reimann-zum-neuen-VR-Praesidenten-gewaehlt_Organisator.jpg\",\"contentUrl\":\"https:\\\/\\\/www.organisator.ch\\\/wp-content\\\/uploads\\\/2023\\\/06\\\/Bank-WIR-Marc-Reimann-zum-neuen-VR-Praesidenten-gewaehlt_Organisator.jpg\",\"width\":680,\"height\":533,\"caption\":\"Neuer VRP der Bank WIR: Marc Reimann. (Bild: Bank WIR)\"},{\"@type\":\"BreadcrumbList\",\"@id\":\"https:\\\/\\\/www.organisator.ch\\\/management\\\/2023-06-06\\\/bank-wir-marc-reimann-zum-neuen-vr-praesidenten-gewaehlt\\\/#breadcrumb\",\"itemListElement\":[{\"@type\":\"ListItem\",\"position\":1,\"name\":\"Home\",\"item\":\"https:\\\/\\\/www.organisator.ch\\\/\"},{\"@type\":\"ListItem\",\"position\":2,\"name\":\"Bank WIR: Marc Reimann zum neuen VR-Pr\u00e4sidenten gew\u00e4hlt\"}]},{\"@type\":\"WebSite\",\"@id\":\"https:\\\/\\\/www.organisator.ch\\\/#website\",\"url\":\"https:\\\/\\\/www.organisator.ch\\\/\",\"name\":\"Organisator\",\"description\":\"Kompetent. Praxisnah. Der ORGANISATOR bereitet in 10 Ausgaben pro Jahr die wesentlichen Themen f\u00fcr F\u00fchrungskr\u00e4fte von KMU auf.\",\"publisher\":{\"@id\":\"https:\\\/\\\/www.organisator.ch\\\/#organization\"},\"potentialAction\":[{\"@type\":\"SearchAction\",\"target\":{\"@type\":\"EntryPoint\",\"urlTemplate\":\"https:\\\/\\\/www.organisator.ch\\\/?s={search_term_string}\"},\"query-input\":{\"@type\":\"PropertyValueSpecification\",\"valueRequired\":true,\"valueName\":\"search_term_string\"}}],\"inLanguage\":\"it-IT\"},{\"@type\":\"Organization\",\"@id\":\"https:\\\/\\\/www.organisator.ch\\\/#organization\",\"name\":\"Organisator\",\"url\":\"https:\\\/\\\/www.organisator.ch\\\/\",\"logo\":{\"@type\":\"ImageObject\",\"inLanguage\":\"it-IT\",\"@id\":\"https:\\\/\\\/www.organisator.ch\\\/#\\\/schema\\\/logo\\\/image\\\/\",\"url\":\"https:\\\/\\\/www.organisator.ch\\\/wp-content\\\/uploads\\\/2022\\\/01\\\/Logo_Organisator_Website.png\",\"contentUrl\":\"https:\\\/\\\/www.organisator.ch\\\/wp-content\\\/uploads\\\/2022\\\/01\\\/Logo_Organisator_Website.png\",\"width\":800,\"height\":77,\"caption\":\"Organisator\"},\"image\":{\"@id\":\"https:\\\/\\\/www.organisator.ch\\\/#\\\/schema\\\/logo\\\/image\\\/\"},\"sameAs\":[\"https:\\\/\\\/www.facebook.com\\\/OrganisatorFachmagazin\",\"https:\\\/\\\/www.linkedin.com\\\/showcase\\\/organisator-das-magazin-fr-kmu\",\"https:\\\/\\\/www.xing.com\\\/news\\\/pages\\\/organisator-ch-695\",\"https:\\\/\\\/www.youtube.com\\\/channel\\\/UCGP2Sq0iWaZwT3BdIAQFYpw\"]},{\"@type\":\"Person\",\"@id\":\"https:\\\/\\\/www.organisator.ch\\\/#\\\/schema\\\/person\\\/6f650f90b2842cd4c0cc334b4e36f67e\",\"name\":\"thomas.berner\",\"image\":{\"@type\":\"ImageObject\",\"inLanguage\":\"it-IT\",\"@id\":\"https:\\\/\\\/secure.gravatar.com\\\/avatar\\\/ac5001d2a36cb6c6cd3e50789007ffca834b477b74a2144564522e944eabff61?s=96&d=mm&r=g\",\"url\":\"https:\\\/\\\/secure.gravatar.com\\\/avatar\\\/ac5001d2a36cb6c6cd3e50789007ffca834b477b74a2144564522e944eabff61?s=96&d=mm&r=g\",\"contentUrl\":\"https:\\\/\\\/secure.gravatar.com\\\/avatar\\\/ac5001d2a36cb6c6cd3e50789007ffca834b477b74a2144564522e944eabff61?s=96&d=mm&r=g\",\"caption\":\"thomas.berner\"},\"url\":\"https:\\\/\\\/www.organisator.ch\\\/it\\\/author\\\/thomas-berner\\\/\"}]}<\/script>\n<!-- \/ Yoast SEO plugin. -->","yoast_head_json":{"title":"Banca WIR: Marc Reimann eletto nuovo Presidente del Consiglio di Amministrazione - Organizzatore","description":"L'Assemblea generale di Bank WIR si \u00e8 concentrata sulle elezioni del Consiglio di amministrazione: Marc Reimann \u00e8 il nuovo Presidente e succede a Karin Zahnd Cadoux.","robots":{"index":"index","follow":"follow","max-snippet":"max-snippet:-1","max-image-preview":"max-image-preview:large","max-video-preview":"max-video-preview:-1"},"canonical":"https:\/\/www.organisator.ch\/it\/gestione-2\/2023-06-06\/bank-wir-marc-reimann-zum-neuen-vr-praesidenten-gewaehlt\/","og_locale":"it_IT","og_type":"article","og_title":"Bank WIR: Marc Reimann zum neuen VR-Pr\u00e4sidenten gew\u00e4hlt","og_description":"An der GV der Bank WIR standen Verwaltungsratswahlen im Zentrum: Neuer Pr\u00e4sident und damit Nachfolger von Karin Zahnd Cadoux ist Marc Reimann.","og_url":"https:\/\/www.organisator.ch\/it\/gestione-2\/2023-06-06\/bank-wir-marc-reimann-zum-neuen-vr-praesidenten-gewaehlt\/","og_site_name":"Organisator","article_publisher":"https:\/\/www.facebook.com\/OrganisatorFachmagazin","article_published_time":"2023-06-06T07:47:08+00:00","og_image":[{"width":680,"height":533,"url":"https:\/\/www.organisator.ch\/wp-content\/uploads\/2023\/06\/Bank-WIR-Marc-Reimann-zum-neuen-VR-Praesidenten-gewaehlt_Organisator.jpg","type":"image\/jpeg"}],"author":"thomas.berner","twitter_card":"summary_large_image","twitter_title":"Bank WIR: Marc #Reimann zum neuen #VR-Pr\u00e4sidenten gew\u00e4hlt","twitter_description":"An der GV der Bank WIR standen #Verwaltungsratswahlen im Zentrum: Neuer Pr\u00e4sident und damit Nachfolger von Karin Zahnd Cadoux ist Marc #Reimann.","twitter_image":"https:\/\/www.organisator.ch\/wp-content\/uploads\/2023\/06\/Bank-WIR-Marc-Reimann-zum-neuen-VR-Praesidenten-gewaehlt_Organisator.jpg","schema":{"@context":"https:\/\/schema.org","@graph":[{"@type":"Article","@id":"https:\/\/www.organisator.ch\/management\/2023-06-06\/bank-wir-marc-reimann-zum-neuen-vr-praesidenten-gewaehlt\/#article","isPartOf":{"@id":"https:\/\/www.organisator.ch\/management\/2023-06-06\/bank-wir-marc-reimann-zum-neuen-vr-praesidenten-gewaehlt\/"},"author":{"name":"thomas.berner","@id":"https:\/\/www.organisator.ch\/#\/schema\/person\/6f650f90b2842cd4c0cc334b4e36f67e"},"headline":"Bank WIR: Marc Reimann zum neuen VR-Pr\u00e4sidenten gew\u00e4hlt","datePublished":"2023-06-06T07:47:08+00:00","mainEntityOfPage":{"@id":"https:\/\/www.organisator.ch\/management\/2023-06-06\/bank-wir-marc-reimann-zum-neuen-vr-praesidenten-gewaehlt\/"},"wordCount":428,"publisher":{"@id":"https:\/\/www.organisator.ch\/#organization"},"image":{"@id":"https:\/\/www.organisator.ch\/management\/2023-06-06\/bank-wir-marc-reimann-zum-neuen-vr-praesidenten-gewaehlt\/#primaryimage"},"thumbnailUrl":"https:\/\/www.organisator.ch\/wp-content\/uploads\/2023\/06\/Bank-WIR-Marc-Reimann-zum-neuen-VR-Praesidenten-gewaehlt_Organisator.jpg","keywords":["Generalversammlung","Personalia","Verwaltungsr\u00e4te"],"articleSection":["MANAGEMENT"],"inLanguage":"it-IT"},{"@type":"WebPage","@id":"https:\/\/www.organisator.ch\/management\/2023-06-06\/bank-wir-marc-reimann-zum-neuen-vr-praesidenten-gewaehlt\/","url":"https:\/\/www.organisator.ch\/management\/2023-06-06\/bank-wir-marc-reimann-zum-neuen-vr-praesidenten-gewaehlt\/","name":"Banca WIR: Marc Reimann eletto nuovo Presidente del Consiglio di Amministrazione - Organizzatore","isPartOf":{"@id":"https:\/\/www.organisator.ch\/#website"},"primaryImageOfPage":{"@id":"https:\/\/www.organisator.ch\/management\/2023-06-06\/bank-wir-marc-reimann-zum-neuen-vr-praesidenten-gewaehlt\/#primaryimage"},"image":{"@id":"https:\/\/www.organisator.ch\/management\/2023-06-06\/bank-wir-marc-reimann-zum-neuen-vr-praesidenten-gewaehlt\/#primaryimage"},"thumbnailUrl":"https:\/\/www.organisator.ch\/wp-content\/uploads\/2023\/06\/Bank-WIR-Marc-Reimann-zum-neuen-VR-Praesidenten-gewaehlt_Organisator.jpg","datePublished":"2023-06-06T07:47:08+00:00","description":"L'Assemblea generale di Bank WIR si \u00e8 concentrata sulle elezioni del Consiglio di amministrazione: Marc Reimann \u00e8 il nuovo Presidente e succede a Karin Zahnd Cadoux.","breadcrumb":{"@id":"https:\/\/www.organisator.ch\/management\/2023-06-06\/bank-wir-marc-reimann-zum-neuen-vr-praesidenten-gewaehlt\/#breadcrumb"},"inLanguage":"it-IT","potentialAction":[{"@type":"ReadAction","target":["https:\/\/www.organisator.ch\/management\/2023-06-06\/bank-wir-marc-reimann-zum-neuen-vr-praesidenten-gewaehlt\/"]}]},{"@type":"ImageObject","inLanguage":"it-IT","@id":"https:\/\/www.organisator.ch\/management\/2023-06-06\/bank-wir-marc-reimann-zum-neuen-vr-praesidenten-gewaehlt\/#primaryimage","url":"https:\/\/www.organisator.ch\/wp-content\/uploads\/2023\/06\/Bank-WIR-Marc-Reimann-zum-neuen-VR-Praesidenten-gewaehlt_Organisator.jpg","contentUrl":"https:\/\/www.organisator.ch\/wp-content\/uploads\/2023\/06\/Bank-WIR-Marc-Reimann-zum-neuen-VR-Praesidenten-gewaehlt_Organisator.jpg","width":680,"height":533,"caption":"Neuer VRP der Bank WIR: Marc Reimann. (Bild: Bank WIR)"},{"@type":"BreadcrumbList","@id":"https:\/\/www.organisator.ch\/management\/2023-06-06\/bank-wir-marc-reimann-zum-neuen-vr-praesidenten-gewaehlt\/#breadcrumb","itemListElement":[{"@type":"ListItem","position":1,"name":"Home","item":"https:\/\/www.organisator.ch\/"},{"@type":"ListItem","position":2,"name":"Bank WIR: Marc Reimann zum neuen VR-Pr\u00e4sidenten gew\u00e4hlt"}]},{"@type":"WebSite","@id":"https:\/\/www.organisator.ch\/#website","url":"https:\/\/www.organisator.ch\/","name":"Organizzatore","description":"Competente. Pratico. In 10 numeri all'anno, ORGANISATOR presenta i temi essenziali per i manager delle PMI.","publisher":{"@id":"https:\/\/www.organisator.ch\/#organization"},"potentialAction":[{"@type":"SearchAction","target":{"@type":"EntryPoint","urlTemplate":"https:\/\/www.organisator.ch\/?s={search_term_string}"},"query-input":{"@type":"PropertyValueSpecification","valueRequired":true,"valueName":"search_term_string"}}],"inLanguage":"it-IT"},{"@type":"Organization","@id":"https:\/\/www.organisator.ch\/#organization","name":"Organizzatore","url":"https:\/\/www.organisator.ch\/","logo":{"@type":"ImageObject","inLanguage":"it-IT","@id":"https:\/\/www.organisator.ch\/#\/schema\/logo\/image\/","url":"https:\/\/www.organisator.ch\/wp-content\/uploads\/2022\/01\/Logo_Organisator_Website.png","contentUrl":"https:\/\/www.organisator.ch\/wp-content\/uploads\/2022\/01\/Logo_Organisator_Website.png","width":800,"height":77,"caption":"Organisator"},"image":{"@id":"https:\/\/www.organisator.ch\/#\/schema\/logo\/image\/"},"sameAs":["https:\/\/www.facebook.com\/OrganisatorFachmagazin","https:\/\/www.linkedin.com\/showcase\/organisator-das-magazin-fr-kmu","https:\/\/www.xing.com\/news\/pages\/organisator-ch-695","https:\/\/www.youtube.com\/channel\/UCGP2Sq0iWaZwT3BdIAQFYpw"]},{"@type":"Person","@id":"https:\/\/www.organisator.ch\/#\/schema\/person\/6f650f90b2842cd4c0cc334b4e36f67e","name":"Tommaso.berner","image":{"@type":"ImageObject","inLanguage":"it-IT","@id":"https:\/\/secure.gravatar.com\/avatar\/ac5001d2a36cb6c6cd3e50789007ffca834b477b74a2144564522e944eabff61?s=96&d=mm&r=g","url":"https:\/\/secure.gravatar.com\/avatar\/ac5001d2a36cb6c6cd3e50789007ffca834b477b74a2144564522e944eabff61?s=96&d=mm&r=g","contentUrl":"https:\/\/secure.gravatar.com\/avatar\/ac5001d2a36cb6c6cd3e50789007ffca834b477b74a2144564522e944eabff61?s=96&d=mm&r=g","caption":"thomas.berner"},"url":"https:\/\/www.organisator.ch\/it\/author\/thomas-berner\/"}]}},"_links":{"self":[{"href":"https:\/\/www.organisator.ch\/it\/wp-json\/wp\/v2\/posts\/20603","targetHints":{"allow":["GET"]}}],"collection":[{"href":"https:\/\/www.organisator.ch\/it\/wp-json\/wp\/v2\/posts"}],"about":[{"href":"https:\/\/www.organisator.ch\/it\/wp-json\/wp\/v2\/types\/post"}],"author":[{"embeddable":true,"href":"https:\/\/www.organisator.ch\/it\/wp-json\/wp\/v2\/users\/4"}],"replies":[{"embeddable":true,"href":"https:\/\/www.organisator.ch\/it\/wp-json\/wp\/v2\/comments?post=20603"}],"version-history":[{"count":1,"href":"https:\/\/www.organisator.ch\/it\/wp-json\/wp\/v2\/posts\/20603\/revisions"}],"predecessor-version":[{"id":20605,"href":"https:\/\/www.organisator.ch\/it\/wp-json\/wp\/v2\/posts\/20603\/revisions\/20605"}],"wp:featuredmedia":[{"embeddable":true,"href":"https:\/\/www.organisator.ch\/it\/wp-json\/wp\/v2\/media\/20604"}],"wp:attachment":[{"href":"https:\/\/www.organisator.ch\/it\/wp-json\/wp\/v2\/media?parent=20603"}],"wp:term":[{"taxonomy":"category","embeddable":true,"href":"https:\/\/www.organisator.ch\/it\/wp-json\/wp\/v2\/categories?post=20603"},{"taxonomy":"post_tag","embeddable":true,"href":"https:\/\/www.organisator.ch\/it\/wp-json\/wp\/v2\/tags?post=20603"}],"curies":[{"name":"wp","href":"https:\/\/api.w.org\/{rel}","templated":true}]}}