{"id":20612,"date":"2023-06-07T08:40:53","date_gmt":"2023-06-07T06:40:53","guid":{"rendered":"https:\/\/www.organisator.ch\/?p=20612"},"modified":"2023-06-07T08:40:53","modified_gmt":"2023-06-07T06:40:53","slug":"buehler-eroeffnet-energy-center","status":"publish","type":"post","link":"https:\/\/www.organisator.ch\/it\/sustainability\/2023-06-07\/buehler-eroeffnet-energy-center\/","title":{"rendered":"B\u00fchler apre il Centro per l'energia"},"content":{"rendered":"<figure id=\"attachment_20613\" aria-describedby=\"caption-attachment-20613\" style=\"width: 680px\" class=\"wp-caption alignnone\"><img loading=\"lazy\" decoding=\"async\" class=\"size-full wp-image-20613\" src=\"https:\/\/www.organisator.ch\/wp-content\/uploads\/2023\/06\/Buehler-eroeffnet-Energy-Center-1_Organisator.jpg\" alt=\"\" width=\"680\" height=\"453\" srcset=\"https:\/\/www.organisator.ch\/wp-content\/uploads\/2023\/06\/Buehler-eroeffnet-Energy-Center-1_Organisator.jpg 680w, https:\/\/www.organisator.ch\/wp-content\/uploads\/2023\/06\/Buehler-eroeffnet-Energy-Center-1_Organisator-18x12.jpg 18w, https:\/\/www.organisator.ch\/wp-content\/uploads\/2023\/06\/Buehler-eroeffnet-Energy-Center-1_Organisator-375x250.jpg 375w, https:\/\/www.organisator.ch\/wp-content\/uploads\/2023\/06\/Buehler-eroeffnet-Energy-Center-1_Organisator-525x350.jpg 525w\" sizes=\"auto, (max-width: 680px) 100vw, 680px\" \/><figcaption id=\"caption-attachment-20613\" class=\"wp-caption-text\">Il nuovo B\u00fchler Energy Center di Uzwil: vista frontale con ingresso. (Immagine: B\u00fchler)<\/figcaption><\/figure>\n<p>Il B\u00fchler Technology Group ha fatto della cura dei propri dipendenti una priorit\u00e0 assoluta. L'Energy Center continua questa tradizione. Negli ultimi anni, le esigenze delle aziende e dei loro dipendenti sono aumentate in modo significativo sotto molti aspetti. Su questo punto c'\u00e8 un accordo generale, e probabilmente anche sul fatto che l'energia positiva e la conoscenza sono risorse decisive e costituiscono la base per il benessere, le prestazioni e la resilienza. Questi fattori hanno un impatto significativo sulla creativit\u00e0 e sull'innovazione e sono importanti anche per mantenere la continuit\u00e0 aziendale, soprattutto in condizioni difficili o mutevoli. L'intenzione di B\u00fchler \u00e8 quindi quella di investire in un \"ciclo sano\", perch\u00e9 se i dipendenti stanno bene, anche l'azienda star\u00e0 bene, ne \u00e8 convinto. La gestione della pandemia di Corona \u00e8 stata solo la punta dell'iceberg di un ambiente sempre pi\u00f9 volatile. Questioni come la responsabilit\u00e0 personale, la formazione e lo sviluppo, la gestione della salute e l'innovazione sono diventate ancora pi\u00f9 importanti.<\/p>\n<h3><strong>Tre pilastri portanti<\/strong><\/h3>\n<p>Con l'Energy Center e le sue tre aree Health &amp; Lifestyle (gestione della salute), Lifelong Learning (formazione professionale e per adulti) e Prototyping &amp; Production, B\u00fchler sta facendo investimenti mirati in importanti settori futuri. Le tradizioni di lunga data dell'azienda saranno reinterpretate per creare prospettive positive, sia per i dipendenti che per l'azienda.<\/p>\n<p>Il Porto della Salute offre ai dipendenti diverse opzioni per prendersi cura della propria salute e del proprio benessere, oltre alle cure primarie e all'assistenza medica in viaggio. Oltre a check-up sullo stile di vita o consigli nutrizionali, ci sono anche offerte che riguardano l'alfabetizzazione sanitaria, il fitness, la fisioterapia, la salute mentale e il relax.<\/p>\n<figure id=\"attachment_20614\" aria-describedby=\"caption-attachment-20614\" style=\"width: 680px\" class=\"wp-caption alignnone\"><img loading=\"lazy\" decoding=\"async\" class=\"size-full wp-image-20614\" src=\"https:\/\/www.organisator.ch\/wp-content\/uploads\/2023\/06\/Buehler-eroeffnet-Energy-Center-2_Organisator.jpg\" alt=\"\" width=\"680\" height=\"453\" srcset=\"https:\/\/www.organisator.ch\/wp-content\/uploads\/2023\/06\/Buehler-eroeffnet-Energy-Center-2_Organisator.jpg 680w, https:\/\/www.organisator.ch\/wp-content\/uploads\/2023\/06\/Buehler-eroeffnet-Energy-Center-2_Organisator-18x12.jpg 18w, https:\/\/www.organisator.ch\/wp-content\/uploads\/2023\/06\/Buehler-eroeffnet-Energy-Center-2_Organisator-375x250.jpg 375w, https:\/\/www.organisator.ch\/wp-content\/uploads\/2023\/06\/Buehler-eroeffnet-Energy-Center-2_Organisator-525x350.jpg 525w\" sizes=\"auto, (max-width: 680px) 100vw, 680px\" \/><figcaption id=\"caption-attachment-20614\" class=\"wp-caption-text\">Scala nell'edificio principale del BEC con vista sulla sala di prototipazione e produzione. (Immagine: B\u00fchler)<\/figcaption><\/figure>\n<p>La formazione professionale e l'educazione degli adulti riflettono altre componenti importanti della cultura aziendale di B\u00fchler. Nella nuova sede e grazie a metodi all'avanguardia, vengono innalzate a un nuovo livello. Gli apprendisti vengono preparati per il mondo professionale di domani e oltre. Inoltre, tutti i dipendenti hanno accesso a moduli su misura per l'apprendimento permanente, al fine di sviluppare ulteriormente le loro competenze in modo mirato nella loro vita professionale attiva.<\/p>\n<p>L'area Prototipazione e produzione assicura la cooperazione professionale tra i reparti di sviluppo e crea un ponte con i Centri di applicazione e formazione e la produzione. Gli studenti delle professioni orientate alla produzione e al prodotto beneficiano cos\u00ec di un elevato grado di rilevanza pratica e dell'enorme conoscenza di diverse generazioni di esperti che lavorano direttamente qui e imparano gli uni dagli altri.<\/p>\n<h3><strong>Dare forma al futuro\u00a0<\/strong><\/h3>\n<p>\"Siamo consapevoli che le esigenze dei dipendenti in un mondo sempre pi\u00f9 complesso e dinamico sono molto elevate\", afferma Stefan Scheiber, CEO del Gruppo B\u00fchler. \"Questo rende ancora pi\u00f9 importante per noi promuovere le competenze e la responsabilit\u00e0 personale dei nostri dipendenti. Qui le persone sono al centro. L'Energy Center \u00e8 fatto per i nostri dipendenti - giovani e meno giovani - cos\u00ec come per i dipendenti dei nostri partner e dei nostri clienti\". \"Con l'Energy Center aiutiamo i nostri dipendenti a gestire al meglio le loro sfide professionali e private lungo le fasi della loro vita, ora e in futuro - ecco perch\u00e9 li incoraggiamo: Mettetevi in forma!\" aggiunge Christof Oswald, Project Manager dell'Energy Center B\u00fchler e Responsabile delle Risorse Umane Svizzera.<\/p>\n<p>L'edificio, la cui costruzione \u00e8 iniziata nel novembre 2021, si trova all'interfaccia tra il Centro di Applicazione e Formazione, il CUBIC e la Produzione di B\u00fchler e fa quindi parte del B\u00fchler Innovation Campus. Trasuda apertura e combina sostenibilit\u00e0, modernit\u00e0 e visione in egual misura; gli spazi interni possono essere progettati in modo flessibile per soddisfare le esigenze attuali e future. \"Ad esempio, il riutilizzo del calcestruzzo dell'edificio precedente e l'uso di cemento a bassa emissione di CO2, cos\u00ec come la struttura portante della parte adibita a uffici realizzata interamente in legno, facevano parte di un'implementazione il pi\u00f9 possibile attenta alle risorse e sostenibile\", spiega Elvis Pidic, architetto e responsabile della gestione degli immobili aziendali di B\u00fchler.<\/p>\n<p><em>Fonte e ulteriori informazioni: <a href=\"http:\/\/www.buhlergroup.com\">B\u00fchler AG<\/a><\/em><\/p>","protected":false},"excerpt":{"rendered":"<p>All'insegna del motto \"Mach di fit!\", il gruppo tecnologico svizzero B\u00fchler inaugura il B\u00fchler Energy Center nel campus di Uzwil. Con l'Energy Center, B\u00fchler completa il campus e il CUBIC, che aprir\u00e0 nel 2019. Il nuovo edificio \u00e8 costruito secondo i pi\u00f9 recenti e moderni standard di sostenibilit\u00e0. <\/p>","protected":false},"author":4,"featured_media":20613,"comment_status":"closed","ping_status":"closed","sticky":false,"template":"","format":"standard","meta":{"_acf_changed":false,"_yoast_wpseo_focuskw":"Energy Center","_yoast_wpseo_metadesc":"Unter dem Motto \u00abMach di fit!\u00bb er\u00f6ffnet der Schweizer Technologiekonzern B\u00fchler sein B\u00fchler Energy Center auf dem Campus in Uzwil.","articlekey":"","footnotes":""},"categories":[580],"tags":[62,358,492,508],"class_list":["post-20612","post","type-post","status-publish","format-standard","has-post-thumbnail","hentry","category-sustainability","tag-aus-weiterbildung","tag-nachhaltige-wirtschaft","tag-unternehmen","tag-vermischtes"],"acf":[],"yoast_head":"<!-- This site is optimized with the Yoast SEO plugin v27.5 - https:\/\/yoast.com\/product\/yoast-seo-wordpress\/ -->\n<title>B\u00fchler er\u00f6ffnet Energy Center - Organisator<\/title>\n<meta name=\"description\" content=\"Unter dem Motto \u00abMach di fit!\u00bb er\u00f6ffnet der Schweizer Technologiekonzern B\u00fchler sein B\u00fchler Energy Center auf dem Campus in Uzwil.\" \/>\n<meta name=\"robots\" content=\"index, follow, max-snippet:-1, max-image-preview:large, max-video-preview:-1\" \/>\n<link rel=\"canonical\" href=\"https:\/\/www.organisator.ch\/it\/sostenibilita\/2023-06-07\/buehler-eroeffnet-energy-center\/\" \/>\n<meta property=\"og:locale\" content=\"it_IT\" \/>\n<meta property=\"og:type\" content=\"article\" \/>\n<meta property=\"og:title\" content=\"B\u00fchler er\u00f6ffnet Energy Center\" \/>\n<meta property=\"og:description\" content=\"Unter dem Motto \u00abMach di fit!\u00bb er\u00f6ffnet der Schweizer Technologiekonzern B\u00fchler sein B\u00fchler Energy Center auf dem Campus in Uzwil.\" \/>\n<meta property=\"og:url\" content=\"https:\/\/www.organisator.ch\/it\/sostenibilita\/2023-06-07\/buehler-eroeffnet-energy-center\/\" \/>\n<meta property=\"og:site_name\" content=\"Organisator\" \/>\n<meta property=\"article:publisher\" content=\"https:\/\/www.facebook.com\/OrganisatorFachmagazin\" \/>\n<meta property=\"article:published_time\" content=\"2023-06-07T06:40:53+00:00\" \/>\n<meta property=\"og:image\" content=\"https:\/\/www.organisator.ch\/wp-content\/uploads\/2023\/06\/Buehler-eroeffnet-Energy-Center-1_Organisator.jpg\" \/>\n\t<meta property=\"og:image:width\" content=\"680\" \/>\n\t<meta property=\"og:image:height\" content=\"453\" \/>\n\t<meta property=\"og:image:type\" content=\"image\/jpeg\" \/>\n<meta name=\"author\" content=\"thomas.berner\" \/>\n<meta name=\"twitter:card\" content=\"summary_large_image\" \/>\n<meta name=\"twitter:title\" content=\"#B\u00fchler er\u00f6ffnet Energy Center\" \/>\n<meta name=\"twitter:description\" content=\"Unter dem Motto \u00abMach di fit!\u00bb er\u00f6ffnet der Schweizer Technologiekonzern #B\u00fchler sein B\u00fchler Energy Center auf dem Campus in #Uzwil.\" \/>\n<meta name=\"twitter:image\" content=\"https:\/\/www.organisator.ch\/wp-content\/uploads\/2023\/06\/Buehler-eroeffnet-Energy-Center-1_Organisator.jpg\" \/>\n<script type=\"application\/ld+json\" class=\"yoast-schema-graph\">{\"@context\":\"https:\\\/\\\/schema.org\",\"@graph\":[{\"@type\":\"Article\",\"@id\":\"https:\\\/\\\/www.organisator.ch\\\/sustainability\\\/2023-06-07\\\/buehler-eroeffnet-energy-center\\\/#article\",\"isPartOf\":{\"@id\":\"https:\\\/\\\/www.organisator.ch\\\/sustainability\\\/2023-06-07\\\/buehler-eroeffnet-energy-center\\\/\"},\"author\":{\"name\":\"thomas.berner\",\"@id\":\"https:\\\/\\\/www.organisator.ch\\\/#\\\/schema\\\/person\\\/6f650f90b2842cd4c0cc334b4e36f67e\"},\"headline\":\"B\u00fchler er\u00f6ffnet Energy Center\",\"datePublished\":\"2023-06-07T06:40:53+00:00\",\"mainEntityOfPage\":{\"@id\":\"https:\\\/\\\/www.organisator.ch\\\/sustainability\\\/2023-06-07\\\/buehler-eroeffnet-energy-center\\\/\"},\"wordCount\":685,\"publisher\":{\"@id\":\"https:\\\/\\\/www.organisator.ch\\\/#organization\"},\"image\":{\"@id\":\"https:\\\/\\\/www.organisator.ch\\\/sustainability\\\/2023-06-07\\\/buehler-eroeffnet-energy-center\\\/#primaryimage\"},\"thumbnailUrl\":\"https:\\\/\\\/www.organisator.ch\\\/wp-content\\\/uploads\\\/2023\\\/06\\\/Buehler-eroeffnet-Energy-Center-1_Organisator.jpg\",\"keywords\":[\"Aus-\\\/Weiterbildung\",\"Nachhaltige Wirtschaft\",\"Unternehmen\",\"Vermischtes\"],\"articleSection\":[\"SUSTAINABILITY\"],\"inLanguage\":\"it-IT\"},{\"@type\":\"WebPage\",\"@id\":\"https:\\\/\\\/www.organisator.ch\\\/sustainability\\\/2023-06-07\\\/buehler-eroeffnet-energy-center\\\/\",\"url\":\"https:\\\/\\\/www.organisator.ch\\\/sustainability\\\/2023-06-07\\\/buehler-eroeffnet-energy-center\\\/\",\"name\":\"B\u00fchler er\u00f6ffnet Energy Center - Organisator\",\"isPartOf\":{\"@id\":\"https:\\\/\\\/www.organisator.ch\\\/#website\"},\"primaryImageOfPage\":{\"@id\":\"https:\\\/\\\/www.organisator.ch\\\/sustainability\\\/2023-06-07\\\/buehler-eroeffnet-energy-center\\\/#primaryimage\"},\"image\":{\"@id\":\"https:\\\/\\\/www.organisator.ch\\\/sustainability\\\/2023-06-07\\\/buehler-eroeffnet-energy-center\\\/#primaryimage\"},\"thumbnailUrl\":\"https:\\\/\\\/www.organisator.ch\\\/wp-content\\\/uploads\\\/2023\\\/06\\\/Buehler-eroeffnet-Energy-Center-1_Organisator.jpg\",\"datePublished\":\"2023-06-07T06:40:53+00:00\",\"description\":\"Unter dem Motto \u00abMach di fit!\u00bb er\u00f6ffnet der Schweizer Technologiekonzern B\u00fchler sein B\u00fchler Energy Center auf dem Campus in Uzwil.\",\"breadcrumb\":{\"@id\":\"https:\\\/\\\/www.organisator.ch\\\/sustainability\\\/2023-06-07\\\/buehler-eroeffnet-energy-center\\\/#breadcrumb\"},\"inLanguage\":\"it-IT\",\"potentialAction\":[{\"@type\":\"ReadAction\",\"target\":[\"https:\\\/\\\/www.organisator.ch\\\/sustainability\\\/2023-06-07\\\/buehler-eroeffnet-energy-center\\\/\"]}]},{\"@type\":\"ImageObject\",\"inLanguage\":\"it-IT\",\"@id\":\"https:\\\/\\\/www.organisator.ch\\\/sustainability\\\/2023-06-07\\\/buehler-eroeffnet-energy-center\\\/#primaryimage\",\"url\":\"https:\\\/\\\/www.organisator.ch\\\/wp-content\\\/uploads\\\/2023\\\/06\\\/Buehler-eroeffnet-Energy-Center-1_Organisator.jpg\",\"contentUrl\":\"https:\\\/\\\/www.organisator.ch\\\/wp-content\\\/uploads\\\/2023\\\/06\\\/Buehler-eroeffnet-Energy-Center-1_Organisator.jpg\",\"width\":680,\"height\":453,\"caption\":\"Das neue Energy Center von B\u00fchler in Uzwil: Frontansicht mit Eingang. (Bild: B\u00fchler)\"},{\"@type\":\"BreadcrumbList\",\"@id\":\"https:\\\/\\\/www.organisator.ch\\\/sustainability\\\/2023-06-07\\\/buehler-eroeffnet-energy-center\\\/#breadcrumb\",\"itemListElement\":[{\"@type\":\"ListItem\",\"position\":1,\"name\":\"Home\",\"item\":\"https:\\\/\\\/www.organisator.ch\\\/\"},{\"@type\":\"ListItem\",\"position\":2,\"name\":\"B\u00fchler er\u00f6ffnet Energy Center\"}]},{\"@type\":\"WebSite\",\"@id\":\"https:\\\/\\\/www.organisator.ch\\\/#website\",\"url\":\"https:\\\/\\\/www.organisator.ch\\\/\",\"name\":\"Organisator\",\"description\":\"Kompetent. Praxisnah. Der ORGANISATOR bereitet in 10 Ausgaben pro Jahr die wesentlichen Themen f\u00fcr F\u00fchrungskr\u00e4fte von KMU auf.\",\"publisher\":{\"@id\":\"https:\\\/\\\/www.organisator.ch\\\/#organization\"},\"potentialAction\":[{\"@type\":\"SearchAction\",\"target\":{\"@type\":\"EntryPoint\",\"urlTemplate\":\"https:\\\/\\\/www.organisator.ch\\\/?s={search_term_string}\"},\"query-input\":{\"@type\":\"PropertyValueSpecification\",\"valueRequired\":true,\"valueName\":\"search_term_string\"}}],\"inLanguage\":\"it-IT\"},{\"@type\":\"Organization\",\"@id\":\"https:\\\/\\\/www.organisator.ch\\\/#organization\",\"name\":\"Organisator\",\"url\":\"https:\\\/\\\/www.organisator.ch\\\/\",\"logo\":{\"@type\":\"ImageObject\",\"inLanguage\":\"it-IT\",\"@id\":\"https:\\\/\\\/www.organisator.ch\\\/#\\\/schema\\\/logo\\\/image\\\/\",\"url\":\"https:\\\/\\\/www.organisator.ch\\\/wp-content\\\/uploads\\\/2022\\\/01\\\/Logo_Organisator_Website.png\",\"contentUrl\":\"https:\\\/\\\/www.organisator.ch\\\/wp-content\\\/uploads\\\/2022\\\/01\\\/Logo_Organisator_Website.png\",\"width\":800,\"height\":77,\"caption\":\"Organisator\"},\"image\":{\"@id\":\"https:\\\/\\\/www.organisator.ch\\\/#\\\/schema\\\/logo\\\/image\\\/\"},\"sameAs\":[\"https:\\\/\\\/www.facebook.com\\\/OrganisatorFachmagazin\",\"https:\\\/\\\/www.linkedin.com\\\/showcase\\\/organisator-das-magazin-fr-kmu\",\"https:\\\/\\\/www.xing.com\\\/news\\\/pages\\\/organisator-ch-695\",\"https:\\\/\\\/www.youtube.com\\\/channel\\\/UCGP2Sq0iWaZwT3BdIAQFYpw\"]},{\"@type\":\"Person\",\"@id\":\"https:\\\/\\\/www.organisator.ch\\\/#\\\/schema\\\/person\\\/6f650f90b2842cd4c0cc334b4e36f67e\",\"name\":\"thomas.berner\",\"image\":{\"@type\":\"ImageObject\",\"inLanguage\":\"it-IT\",\"@id\":\"https:\\\/\\\/secure.gravatar.com\\\/avatar\\\/ac5001d2a36cb6c6cd3e50789007ffca834b477b74a2144564522e944eabff61?s=96&d=mm&r=g\",\"url\":\"https:\\\/\\\/secure.gravatar.com\\\/avatar\\\/ac5001d2a36cb6c6cd3e50789007ffca834b477b74a2144564522e944eabff61?s=96&d=mm&r=g\",\"contentUrl\":\"https:\\\/\\\/secure.gravatar.com\\\/avatar\\\/ac5001d2a36cb6c6cd3e50789007ffca834b477b74a2144564522e944eabff61?s=96&d=mm&r=g\",\"caption\":\"thomas.berner\"},\"url\":\"https:\\\/\\\/www.organisator.ch\\\/it\\\/author\\\/thomas-berner\\\/\"}]}<\/script>\n<!-- \/ Yoast SEO plugin. -->","yoast_head_json":{"title":"B\u00fchler inaugura l'Energy Center - Organizzatore","description":"All'insegna del motto \"Mach di fit!\", il gruppo tecnologico svizzero B\u00fchler apre il suo B\u00fchler Energy Center nel campus di Uzwil.","robots":{"index":"index","follow":"follow","max-snippet":"max-snippet:-1","max-image-preview":"max-image-preview:large","max-video-preview":"max-video-preview:-1"},"canonical":"https:\/\/www.organisator.ch\/it\/sostenibilita\/2023-06-07\/buehler-eroeffnet-energy-center\/","og_locale":"it_IT","og_type":"article","og_title":"B\u00fchler er\u00f6ffnet Energy Center","og_description":"Unter dem Motto \u00abMach di fit!\u00bb er\u00f6ffnet der Schweizer Technologiekonzern B\u00fchler sein B\u00fchler Energy Center auf dem Campus in Uzwil.","og_url":"https:\/\/www.organisator.ch\/it\/sostenibilita\/2023-06-07\/buehler-eroeffnet-energy-center\/","og_site_name":"Organisator","article_publisher":"https:\/\/www.facebook.com\/OrganisatorFachmagazin","article_published_time":"2023-06-07T06:40:53+00:00","og_image":[{"width":680,"height":453,"url":"https:\/\/www.organisator.ch\/wp-content\/uploads\/2023\/06\/Buehler-eroeffnet-Energy-Center-1_Organisator.jpg","type":"image\/jpeg"}],"author":"thomas.berner","twitter_card":"summary_large_image","twitter_title":"#B\u00fchler er\u00f6ffnet Energy Center","twitter_description":"Unter dem Motto \u00abMach di fit!\u00bb er\u00f6ffnet der Schweizer Technologiekonzern #B\u00fchler sein B\u00fchler Energy Center auf dem Campus in #Uzwil.","twitter_image":"https:\/\/www.organisator.ch\/wp-content\/uploads\/2023\/06\/Buehler-eroeffnet-Energy-Center-1_Organisator.jpg","schema":{"@context":"https:\/\/schema.org","@graph":[{"@type":"Article","@id":"https:\/\/www.organisator.ch\/sustainability\/2023-06-07\/buehler-eroeffnet-energy-center\/#article","isPartOf":{"@id":"https:\/\/www.organisator.ch\/sustainability\/2023-06-07\/buehler-eroeffnet-energy-center\/"},"author":{"name":"thomas.berner","@id":"https:\/\/www.organisator.ch\/#\/schema\/person\/6f650f90b2842cd4c0cc334b4e36f67e"},"headline":"B\u00fchler er\u00f6ffnet Energy Center","datePublished":"2023-06-07T06:40:53+00:00","mainEntityOfPage":{"@id":"https:\/\/www.organisator.ch\/sustainability\/2023-06-07\/buehler-eroeffnet-energy-center\/"},"wordCount":685,"publisher":{"@id":"https:\/\/www.organisator.ch\/#organization"},"image":{"@id":"https:\/\/www.organisator.ch\/sustainability\/2023-06-07\/buehler-eroeffnet-energy-center\/#primaryimage"},"thumbnailUrl":"https:\/\/www.organisator.ch\/wp-content\/uploads\/2023\/06\/Buehler-eroeffnet-Energy-Center-1_Organisator.jpg","keywords":["Aus-\/Weiterbildung","Nachhaltige Wirtschaft","Unternehmen","Vermischtes"],"articleSection":["SUSTAINABILITY"],"inLanguage":"it-IT"},{"@type":"WebPage","@id":"https:\/\/www.organisator.ch\/sustainability\/2023-06-07\/buehler-eroeffnet-energy-center\/","url":"https:\/\/www.organisator.ch\/sustainability\/2023-06-07\/buehler-eroeffnet-energy-center\/","name":"B\u00fchler inaugura l'Energy Center - Organizzatore","isPartOf":{"@id":"https:\/\/www.organisator.ch\/#website"},"primaryImageOfPage":{"@id":"https:\/\/www.organisator.ch\/sustainability\/2023-06-07\/buehler-eroeffnet-energy-center\/#primaryimage"},"image":{"@id":"https:\/\/www.organisator.ch\/sustainability\/2023-06-07\/buehler-eroeffnet-energy-center\/#primaryimage"},"thumbnailUrl":"https:\/\/www.organisator.ch\/wp-content\/uploads\/2023\/06\/Buehler-eroeffnet-Energy-Center-1_Organisator.jpg","datePublished":"2023-06-07T06:40:53+00:00","description":"All'insegna del motto \"Mach di fit!\", il gruppo tecnologico svizzero B\u00fchler apre il suo B\u00fchler Energy Center nel campus di Uzwil.","breadcrumb":{"@id":"https:\/\/www.organisator.ch\/sustainability\/2023-06-07\/buehler-eroeffnet-energy-center\/#breadcrumb"},"inLanguage":"it-IT","potentialAction":[{"@type":"ReadAction","target":["https:\/\/www.organisator.ch\/sustainability\/2023-06-07\/buehler-eroeffnet-energy-center\/"]}]},{"@type":"ImageObject","inLanguage":"it-IT","@id":"https:\/\/www.organisator.ch\/sustainability\/2023-06-07\/buehler-eroeffnet-energy-center\/#primaryimage","url":"https:\/\/www.organisator.ch\/wp-content\/uploads\/2023\/06\/Buehler-eroeffnet-Energy-Center-1_Organisator.jpg","contentUrl":"https:\/\/www.organisator.ch\/wp-content\/uploads\/2023\/06\/Buehler-eroeffnet-Energy-Center-1_Organisator.jpg","width":680,"height":453,"caption":"Das neue Energy Center von B\u00fchler in Uzwil: Frontansicht mit Eingang. (Bild: B\u00fchler)"},{"@type":"BreadcrumbList","@id":"https:\/\/www.organisator.ch\/sustainability\/2023-06-07\/buehler-eroeffnet-energy-center\/#breadcrumb","itemListElement":[{"@type":"ListItem","position":1,"name":"Home","item":"https:\/\/www.organisator.ch\/"},{"@type":"ListItem","position":2,"name":"B\u00fchler er\u00f6ffnet Energy Center"}]},{"@type":"WebSite","@id":"https:\/\/www.organisator.ch\/#website","url":"https:\/\/www.organisator.ch\/","name":"Organizzatore","description":"Competente. Pratico. In 10 numeri all'anno, ORGANISATOR presenta i temi essenziali per i manager delle PMI.","publisher":{"@id":"https:\/\/www.organisator.ch\/#organization"},"potentialAction":[{"@type":"SearchAction","target":{"@type":"EntryPoint","urlTemplate":"https:\/\/www.organisator.ch\/?s={search_term_string}"},"query-input":{"@type":"PropertyValueSpecification","valueRequired":true,"valueName":"search_term_string"}}],"inLanguage":"it-IT"},{"@type":"Organization","@id":"https:\/\/www.organisator.ch\/#organization","name":"Organizzatore","url":"https:\/\/www.organisator.ch\/","logo":{"@type":"ImageObject","inLanguage":"it-IT","@id":"https:\/\/www.organisator.ch\/#\/schema\/logo\/image\/","url":"https:\/\/www.organisator.ch\/wp-content\/uploads\/2022\/01\/Logo_Organisator_Website.png","contentUrl":"https:\/\/www.organisator.ch\/wp-content\/uploads\/2022\/01\/Logo_Organisator_Website.png","width":800,"height":77,"caption":"Organisator"},"image":{"@id":"https:\/\/www.organisator.ch\/#\/schema\/logo\/image\/"},"sameAs":["https:\/\/www.facebook.com\/OrganisatorFachmagazin","https:\/\/www.linkedin.com\/showcase\/organisator-das-magazin-fr-kmu","https:\/\/www.xing.com\/news\/pages\/organisator-ch-695","https:\/\/www.youtube.com\/channel\/UCGP2Sq0iWaZwT3BdIAQFYpw"]},{"@type":"Person","@id":"https:\/\/www.organisator.ch\/#\/schema\/person\/6f650f90b2842cd4c0cc334b4e36f67e","name":"Tommaso.berner","image":{"@type":"ImageObject","inLanguage":"it-IT","@id":"https:\/\/secure.gravatar.com\/avatar\/ac5001d2a36cb6c6cd3e50789007ffca834b477b74a2144564522e944eabff61?s=96&d=mm&r=g","url":"https:\/\/secure.gravatar.com\/avatar\/ac5001d2a36cb6c6cd3e50789007ffca834b477b74a2144564522e944eabff61?s=96&d=mm&r=g","contentUrl":"https:\/\/secure.gravatar.com\/avatar\/ac5001d2a36cb6c6cd3e50789007ffca834b477b74a2144564522e944eabff61?s=96&d=mm&r=g","caption":"thomas.berner"},"url":"https:\/\/www.organisator.ch\/it\/author\/thomas-berner\/"}]}},"_links":{"self":[{"href":"https:\/\/www.organisator.ch\/it\/wp-json\/wp\/v2\/posts\/20612","targetHints":{"allow":["GET"]}}],"collection":[{"href":"https:\/\/www.organisator.ch\/it\/wp-json\/wp\/v2\/posts"}],"about":[{"href":"https:\/\/www.organisator.ch\/it\/wp-json\/wp\/v2\/types\/post"}],"author":[{"embeddable":true,"href":"https:\/\/www.organisator.ch\/it\/wp-json\/wp\/v2\/users\/4"}],"replies":[{"embeddable":true,"href":"https:\/\/www.organisator.ch\/it\/wp-json\/wp\/v2\/comments?post=20612"}],"version-history":[{"count":2,"href":"https:\/\/www.organisator.ch\/it\/wp-json\/wp\/v2\/posts\/20612\/revisions"}],"predecessor-version":[{"id":20623,"href":"https:\/\/www.organisator.ch\/it\/wp-json\/wp\/v2\/posts\/20612\/revisions\/20623"}],"wp:featuredmedia":[{"embeddable":true,"href":"https:\/\/www.organisator.ch\/it\/wp-json\/wp\/v2\/media\/20613"}],"wp:attachment":[{"href":"https:\/\/www.organisator.ch\/it\/wp-json\/wp\/v2\/media?parent=20612"}],"wp:term":[{"taxonomy":"category","embeddable":true,"href":"https:\/\/www.organisator.ch\/it\/wp-json\/wp\/v2\/categories?post=20612"},{"taxonomy":"post_tag","embeddable":true,"href":"https:\/\/www.organisator.ch\/it\/wp-json\/wp\/v2\/tags?post=20612"}],"curies":[{"name":"wp","href":"https:\/\/api.w.org\/{rel}","templated":true}]}}