{"id":20648,"date":"2023-06-09T10:29:06","date_gmt":"2023-06-09T08:29:06","guid":{"rendered":"https:\/\/www.organisator.ch\/?p=20648"},"modified":"2023-06-23T08:19:22","modified_gmt":"2023-06-23T06:19:22","slug":"sef-23-die-kmu-elite-in-interlaken","status":"publish","type":"post","link":"https:\/\/www.organisator.ch\/it\/management\/2023-06-09\/sef-23-die-kmu-elite-in-interlaken\/","title":{"rendered":"SEF.23: L'\u00e9lite delle PMI a Interlaken"},"content":{"rendered":"<figure id=\"attachment_20649\" aria-describedby=\"caption-attachment-20649\" style=\"width: 680px\" class=\"wp-caption alignnone\"><img loading=\"lazy\" decoding=\"async\" class=\"size-full wp-image-20649\" src=\"https:\/\/www.organisator.ch\/wp-content\/uploads\/2023\/06\/SEF.23-Die-KMU-Elite-in-Interlaken-1_Organisator.jpg\" alt=\"\" width=\"680\" height=\"429\" srcset=\"https:\/\/www.organisator.ch\/wp-content\/uploads\/2023\/06\/SEF.23-Die-KMU-Elite-in-Interlaken-1_Organisator.jpg 680w, https:\/\/www.organisator.ch\/wp-content\/uploads\/2023\/06\/SEF.23-Die-KMU-Elite-in-Interlaken-1_Organisator-18x12.jpg 18w, https:\/\/www.organisator.ch\/wp-content\/uploads\/2023\/06\/SEF.23-Die-KMU-Elite-in-Interlaken-1_Organisator-375x237.jpg 375w, https:\/\/www.organisator.ch\/wp-content\/uploads\/2023\/06\/SEF.23-Die-KMU-Elite-in-Interlaken-1_Organisator-555x350.jpg 555w\" sizes=\"auto, (max-width: 680px) 100vw, 680px\" \/><figcaption id=\"caption-attachment-20649\" class=\"wp-caption-text\">Le PMI al centro di SEF.23: il moderatore Urs Gredig (all'estrema sinistra) in conversazione con Peter Jakob, Beat R\u00f6thlisberger e Sandra Banholzer (da sinistra a destra). (Foto: Thomas Berner)<\/figcaption><\/figure>\n<p>Dopo \"escursioni\" in temi pi\u00f9 geopolitici, la 25a edizione del SEF \u00e8 nuovamente dedicata al \"core business\": le PMI come spina dorsale dell'economia svizzera. I \"campioni nascosti\" devono essere riportati al centro dell'attenzione. Quali sono le loro ricette per il successo? E dove sono le sfide? Perch\u00e9 al momento ce ne sono molte, come \u00e8 noto. Ad esempio, il SEF \u00e8 nato in un momento di crisi: nel 1991 la Spar- und Leihkasse Thun si \u00e8 schiantata lasciando un'immensa scia di danni, soprattutto nell'Oberland bernese. Inoltre, la Svizzera in generale stava attraversando un periodo di stagnazione, di strutture incrostate e di crisi immobiliare. Invece di lamentarsi, tuttavia, l'Oberland bernese scelse una strategia di sviluppo e gett\u00f2 cos\u00ec le basi per lo sviluppo del SEF da un evento piuttosto regionale a un grande evento che ha ripetutamente visto la partecipazione di importanti personalit\u00e0 dall'estero - Kofi Annan (2009), Tony Blair (2010), Nicolas Sarkozy (2014), Mike Pence (2021).<\/p>\n<h3>SEF.23 con particolare attenzione alle PMI<\/h3>\n<p>Quest'anno il SEF \u00e8 stato aperto dal Presidente Alain Berset. Alla luce della situazione attuale e delle prossime sfide, come la crisi climatica ed energetica, ha auspicato una rinnovata fiducia tra economia e politica. Ha inoltre sottolineato che uno dei punti di forza delle aziende svizzere \u00e8 che vogliono sempre imparare dai migliori. \"\u00c8 per questo che siamo all'avanguardia nella competitivit\u00e0 e nell'innovazione\", ha dichiarato Alain Berset.<\/p>\n<figure id=\"attachment_20650\" aria-describedby=\"caption-attachment-20650\" style=\"width: 680px\" class=\"wp-caption alignnone\"><img loading=\"lazy\" decoding=\"async\" class=\"size-medium wp-image-20650\" src=\"https:\/\/www.organisator.ch\/wp-content\/uploads\/2023\/06\/DSC_0021-680x452.jpg\" alt=\"\" width=\"680\" height=\"452\" srcset=\"https:\/\/www.organisator.ch\/wp-content\/uploads\/2023\/06\/DSC_0021-680x452.jpg 680w, https:\/\/www.organisator.ch\/wp-content\/uploads\/2023\/06\/DSC_0021-1024x680.jpg 1024w, https:\/\/www.organisator.ch\/wp-content\/uploads\/2023\/06\/DSC_0021-768x510.jpg 768w, https:\/\/www.organisator.ch\/wp-content\/uploads\/2023\/06\/DSC_0021-1536x1020.jpg 1536w, https:\/\/www.organisator.ch\/wp-content\/uploads\/2023\/06\/DSC_0021-2048x1360.jpg 2048w, https:\/\/www.organisator.ch\/wp-content\/uploads\/2023\/06\/DSC_0021-18x12.jpg 18w, https:\/\/www.organisator.ch\/wp-content\/uploads\/2023\/06\/DSC_0021-375x249.jpg 375w, https:\/\/www.organisator.ch\/wp-content\/uploads\/2023\/06\/DSC_0021-527x350.jpg 527w, https:\/\/www.organisator.ch\/wp-content\/uploads\/2023\/06\/DSC_0021-1000x664.jpg 1000w, https:\/\/www.organisator.ch\/wp-content\/uploads\/2023\/06\/DSC_0021-scaled.jpg 1400w\" sizes=\"auto, (max-width: 680px) 100vw, 680px\" \/><figcaption id=\"caption-attachment-20650\" class=\"wp-caption-text\">A margine del SEF.23, ha accennato alla sua candidatura al Consiglio federale: Alain Berset. (Foto: Thomas Berner)<\/figcaption><\/figure>\n<p>Aziende come la R\u00f6thlisberger Schreinerei AG di G\u00fcmligen, la Jakob Rope Systems di Trubschachen o la Rausch AG di Kreuzlingen sono tra le prime. Tutte e tre le aziende a conduzione familiare possono certamente essere annoverate nell'\u00e9lite delle PMI. Ma non possono riposare sugli allori. Le sfide attuali sono diverse. Ad esempio, Sandra Banholzer, direttrice di Rausch AG Kreuzlingen, un'azienda produttrice di prodotti per la cura dei capelli, ha dichiarato che sono costantemente alla ricerca di nuove idee per soddisfare meglio i clienti di un prodotto tradizionale. \"Per noi la tradizione \u00e8 un punto di forza, ma quasi nessuno lo sa\", \u00e8 stata la sua risposta alla domanda se sia forse la tradizione a rappresentare un ostacolo nel marketing per le nuove generazioni.<a href=\"https:\/\/www.organisator.ch\/de\/abo\/2023-02-27\/eine-bodenstaendige-marke\/\">vedi anche la sua intervista alla nostra rivista<\/a>). Beat R\u00f6thlisberger, direttore finanziario della sua azienda a conduzione familiare con due divisioni principali, arredamento e design d'interni, che comprende anche un dipartimento di ingegneria e tecnologia di climatizzazione, vede nella carenza di lavoratori qualificati il problema principale. \"\u00c8 sempre pi\u00f9 difficile trovare persone che abbiano la passione di imparare un mestiere e partecipare al suo successo\", afferma R\u00f6thlisberger. Peter Jakob, CEO di Jakob Rope Systems, che produce funi metalliche per un'ampia variet\u00e0 di applicazioni, raccomanda invece di vedere anche i lati positivi. \"Vediamo sempre troppo solo gli aspetti negativi. In molti Paesi la gente ha perso tutto durante la crisi della Corona, mentre qui in Svizzera ne siamo usciti bene. Siamo bravi a lamentarci, ma allo stesso tempo enormemente privilegiati\". Una dichiarazione che \u00e8 stata accolta dal pubblico con un applauso.<\/p>\n<h3>\"Mai sprecare una buona crisi<\/h3>\n<p>Ma come affronta i problemi l'\u00e9lite di PMI di cui sopra? Per Beat R\u00f6thlisberger, la strategia del futuro \u00e8 fondamentale. Ecco perch\u00e9 la sua azienda ha creato una propria collezione di mobili per le richieste di fascia alta e ha aperto filiali a New York e Londra. Sandra Banholzer, invece, \u00e8 come Winston Churchill: \"Mai sprecare una buona crisi\". Questo costringe a essere costantemente creativi e innovativi. Come esempio, ha citato lo sviluppo di un nuovo estratto dalle mele in collaborazione con gli agricoltori locali, quando si trattava di trovare alternative alle catene di approvvigionamento vacillanti. Anche la struttura familiare si rivela un vantaggio, ha affermato Peter Jakob. \"Come azienda familiare, non siamo vincolati agli azionisti e possiamo agire a lungo termine\". Alla domanda se una famiglia non abbia anche un notevole potenziale di conflitto, che in ultima analisi non \u00e8 vantaggioso per l'azienda, Beat R\u00f6thlisberger ha risposto: \"I conflitti all'interno della famiglia sono necessari. A volte \u00e8 necessario parlare chiaramente a porte chiuse.<\/p>\n<p>E come vedono le PMI il ruolo dello Stato? I politici parlano ripetutamente di alleggerire le PMI dagli oneri amministrativi. Sandra Banholzer ha ammesso che l'imprenditorialit\u00e0 \u00e8 effettivamente frenata da molte pratiche burocratiche. Ma ha messo le cose in prospettiva: \"Spesso ci lamentiamo ad alto livello. Dobbiamo solo parlare tra di noi e poi si pu\u00f2 fare qualcosa\".<\/p>\n<h3>Iniziativa per il futuro energetico della Svizzera presentata<\/h3>\n<p>Oltre allo scambio sulle sfide attuali per le PMI, il primo giorno di SEF.23 \u00e8 stato dedicato anche ad altri temi. Pierre-Olivier Gourinchas del Fondo Monetario Internazionale (FMI) e il Presidente della Banca Nazionale Svizzera Thomas Jordan hanno discusso dell'attuale situazione economica e hanno chiesto un intervento moderato delle banche centrali per non alimentare ulteriormente l'inflazione. L'ex campione mondiale di scacchi Garry Kasparov \u00e8 stato interpellato sull'attuale crisi ucraina e si \u00e8 dimostrato un critico schietto dell'invasione russa, ma ha anche sottolineato gli errori commessi dall'Occidente, che non ha saputo riconoscere in tempo ci\u00f2 che Vladimir Putin aveva realmente in programma da quando \u00e8 salito al potere. Riferendosi alla sua sconfitta del 1997 contro il computer di scacchi \"Deep Blue\", ha detto che l'intelligenza artificiale \u00e8 solo una tecnologia. \"Le macchine fanno meno errori\", ha detto Kasparov, e questo era anche il motivo per cui una macchina lo aveva sconfitto.<\/p>\n<figure id=\"attachment_20651\" aria-describedby=\"caption-attachment-20651\" style=\"width: 680px\" class=\"wp-caption alignnone\"><img loading=\"lazy\" decoding=\"async\" class=\"size-full wp-image-20651\" src=\"https:\/\/www.organisator.ch\/wp-content\/uploads\/2023\/06\/SEF.23-Die-KMU-Elite-in-Interlaken-3_Organisator.jpg\" alt=\"\" width=\"680\" height=\"452\" srcset=\"https:\/\/www.organisator.ch\/wp-content\/uploads\/2023\/06\/SEF.23-Die-KMU-Elite-in-Interlaken-3_Organisator.jpg 680w, https:\/\/www.organisator.ch\/wp-content\/uploads\/2023\/06\/SEF.23-Die-KMU-Elite-in-Interlaken-3_Organisator-18x12.jpg 18w, https:\/\/www.organisator.ch\/wp-content\/uploads\/2023\/06\/SEF.23-Die-KMU-Elite-in-Interlaken-3_Organisator-375x249.jpg 375w, https:\/\/www.organisator.ch\/wp-content\/uploads\/2023\/06\/SEF.23-Die-KMU-Elite-in-Interlaken-3_Organisator-527x350.jpg 527w\" sizes=\"auto, (max-width: 680px) 100vw, 680px\" \/><figcaption id=\"caption-attachment-20651\" class=\"wp-caption-text\">Garry Kasparov in conversazione con la moderatrice Carolin Roth: \"L'intelligenza artificiale \u00e8 solo tecnologia\". (Immagine: Thomas Berner)<\/figcaption><\/figure>\n<p>Infine, anche il SEF.23 \u00e8 stato dedicato al \"futuro energetico della Svizzera\". \u00c8 stata presentata la nuova iniziativa \"Coalition for Green Energy &amp; Storage\". Di fronte alla crisi energetica e climatica, la Svizzera deve agire per trasformare il proprio sistema energetico, hanno dichiarato Jo\u00ebl Mesot e Martin Vetterli, rispettivamente presidenti di ETH e EPFL. Insieme a partner e donatori del mondo scientifico e industriale, le due universit\u00e0 federali stanno quindi lanciando un'iniziativa ambiziosa insieme al PSI e all'Empa per sviluppare soluzioni scalabili per un sistema energetico indipendente e neutrale dal punto di vista climatico.<\/p>\n<p><em>Ulteriori informazioni e impressioni: <a href=\"http:\/\/www.swisseconomic.ch\">www.swisseconomic.ch<\/a><\/em><\/p>","protected":false},"excerpt":{"rendered":"<p>Lo Swiss Economic Forum (SEF) si terr\u00e0 quest'anno per la 25a volta. Tra i 1.300 e i 1.700 leader aziendali e molte personalit\u00e0 politiche si incontreranno a Interlaken l'8 e il 9 giugno per uno dei pi\u00f9 grandi eventi di networking della Svizzera. Quest'anno il motto \u00e8: \"Make it happen\". Il primo giorno dell'evento, le PMI presenteranno i loro problemi attuali.<\/p>","protected":false},"author":4,"featured_media":20649,"comment_status":"closed","ping_status":"closed","sticky":false,"template":"","format":"standard","meta":{"_acf_changed":false,"_yoast_wpseo_focuskw":"SEF.23","_yoast_wpseo_metadesc":"Swiss Economic Forum in Interlaken: Am ersten Veranstaltungstag des SEF.23 berichten KMU, wo ihnen derzeit am meisten der Schuh dr\u00fcckt.","articlekey":"","footnotes":""},"categories":[28],"tags":[193,2255,492],"class_list":["post-20648","post","type-post","status-publish","format-standard","has-post-thumbnail","hentry","category-management","tag-fachkongressfachmesse","tag-swiss-economic-forum","tag-unternehmen"],"acf":[],"yoast_head":"<!-- This site is optimized with the Yoast SEO plugin v27.5 - https:\/\/yoast.com\/product\/yoast-seo-wordpress\/ -->\n<title>SEF.23: Die KMU-Elite in Interlaken - Organisator<\/title>\n<meta name=\"description\" content=\"Swiss Economic Forum in Interlaken: Am ersten Veranstaltungstag des SEF.23 berichten KMU, wo ihnen derzeit am meisten der Schuh dr\u00fcckt.\" \/>\n<meta name=\"robots\" content=\"index, follow, max-snippet:-1, max-image-preview:large, max-video-preview:-1\" \/>\n<link rel=\"canonical\" href=\"https:\/\/www.organisator.ch\/it\/gestione-2\/2023-06-09\/sef-23-die-kmu-elite-in-interlaken\/\" \/>\n<meta property=\"og:locale\" content=\"it_IT\" \/>\n<meta property=\"og:type\" content=\"article\" \/>\n<meta property=\"og:title\" content=\"SEF.23: Die KMU-Elite in Interlaken\" \/>\n<meta property=\"og:description\" content=\"Swiss Economic Forum in Interlaken: Am ersten Veranstaltungstag des SEF.23 berichten KMU, wo ihnen derzeit am meisten der Schuh dr\u00fcckt.\" \/>\n<meta property=\"og:url\" content=\"https:\/\/www.organisator.ch\/it\/gestione-2\/2023-06-09\/sef-23-die-kmu-elite-in-interlaken\/\" \/>\n<meta property=\"og:site_name\" content=\"Organisator\" \/>\n<meta property=\"article:publisher\" content=\"https:\/\/www.facebook.com\/OrganisatorFachmagazin\" \/>\n<meta property=\"article:published_time\" content=\"2023-06-09T08:29:06+00:00\" \/>\n<meta property=\"article:modified_time\" content=\"2023-06-23T06:19:22+00:00\" \/>\n<meta property=\"og:image\" content=\"https:\/\/www.organisator.ch\/wp-content\/uploads\/2023\/06\/SEF.23-Die-KMU-Elite-in-Interlaken-1_Organisator.jpg\" \/>\n\t<meta property=\"og:image:width\" content=\"680\" \/>\n\t<meta property=\"og:image:height\" content=\"429\" \/>\n\t<meta property=\"og:image:type\" content=\"image\/jpeg\" \/>\n<meta name=\"author\" content=\"thomas.berner\" \/>\n<meta name=\"twitter:card\" content=\"summary_large_image\" \/>\n<meta name=\"twitter:title\" content=\"#SEF.23: Die #KMU-Elite in Interlaken\" \/>\n<meta name=\"twitter:description\" content=\"Swiss Economic Forum in Interlaken: Am ersten Veranstaltungstag des #SEF.23 berichten KMU, wo ihnen derzeit am meisten der Schuh dr\u00fcckt.\" \/>\n<meta name=\"twitter:image\" content=\"https:\/\/www.organisator.ch\/wp-content\/uploads\/2023\/06\/SEF.23-Die-KMU-Elite-in-Interlaken-1_Organisator.jpg\" \/>\n<script type=\"application\/ld+json\" class=\"yoast-schema-graph\">{\"@context\":\"https:\\\/\\\/schema.org\",\"@graph\":[{\"@type\":\"Article\",\"@id\":\"https:\\\/\\\/www.organisator.ch\\\/management\\\/2023-06-09\\\/sef-23-die-kmu-elite-in-interlaken\\\/#article\",\"isPartOf\":{\"@id\":\"https:\\\/\\\/www.organisator.ch\\\/management\\\/2023-06-09\\\/sef-23-die-kmu-elite-in-interlaken\\\/\"},\"author\":{\"name\":\"thomas.berner\",\"@id\":\"https:\\\/\\\/www.organisator.ch\\\/#\\\/schema\\\/person\\\/6f650f90b2842cd4c0cc334b4e36f67e\"},\"headline\":\"SEF.23: Die KMU-Elite in Interlaken\",\"datePublished\":\"2023-06-09T08:29:06+00:00\",\"dateModified\":\"2023-06-23T06:19:22+00:00\",\"mainEntityOfPage\":{\"@id\":\"https:\\\/\\\/www.organisator.ch\\\/management\\\/2023-06-09\\\/sef-23-die-kmu-elite-in-interlaken\\\/\"},\"wordCount\":1042,\"publisher\":{\"@id\":\"https:\\\/\\\/www.organisator.ch\\\/#organization\"},\"image\":{\"@id\":\"https:\\\/\\\/www.organisator.ch\\\/management\\\/2023-06-09\\\/sef-23-die-kmu-elite-in-interlaken\\\/#primaryimage\"},\"thumbnailUrl\":\"https:\\\/\\\/www.organisator.ch\\\/wp-content\\\/uploads\\\/2023\\\/06\\\/SEF.23-Die-KMU-Elite-in-Interlaken-1_Organisator.jpg\",\"keywords\":[\"Fachkongress\\\/Fachmesse\",\"Swiss Economic Forum\",\"Unternehmen\"],\"articleSection\":[\"MANAGEMENT\"],\"inLanguage\":\"it-IT\"},{\"@type\":\"WebPage\",\"@id\":\"https:\\\/\\\/www.organisator.ch\\\/management\\\/2023-06-09\\\/sef-23-die-kmu-elite-in-interlaken\\\/\",\"url\":\"https:\\\/\\\/www.organisator.ch\\\/management\\\/2023-06-09\\\/sef-23-die-kmu-elite-in-interlaken\\\/\",\"name\":\"SEF.23: Die KMU-Elite in Interlaken - Organisator\",\"isPartOf\":{\"@id\":\"https:\\\/\\\/www.organisator.ch\\\/#website\"},\"primaryImageOfPage\":{\"@id\":\"https:\\\/\\\/www.organisator.ch\\\/management\\\/2023-06-09\\\/sef-23-die-kmu-elite-in-interlaken\\\/#primaryimage\"},\"image\":{\"@id\":\"https:\\\/\\\/www.organisator.ch\\\/management\\\/2023-06-09\\\/sef-23-die-kmu-elite-in-interlaken\\\/#primaryimage\"},\"thumbnailUrl\":\"https:\\\/\\\/www.organisator.ch\\\/wp-content\\\/uploads\\\/2023\\\/06\\\/SEF.23-Die-KMU-Elite-in-Interlaken-1_Organisator.jpg\",\"datePublished\":\"2023-06-09T08:29:06+00:00\",\"dateModified\":\"2023-06-23T06:19:22+00:00\",\"description\":\"Swiss Economic Forum in Interlaken: Am ersten Veranstaltungstag des SEF.23 berichten KMU, wo ihnen derzeit am meisten der Schuh dr\u00fcckt.\",\"breadcrumb\":{\"@id\":\"https:\\\/\\\/www.organisator.ch\\\/management\\\/2023-06-09\\\/sef-23-die-kmu-elite-in-interlaken\\\/#breadcrumb\"},\"inLanguage\":\"it-IT\",\"potentialAction\":[{\"@type\":\"ReadAction\",\"target\":[\"https:\\\/\\\/www.organisator.ch\\\/management\\\/2023-06-09\\\/sef-23-die-kmu-elite-in-interlaken\\\/\"]}]},{\"@type\":\"ImageObject\",\"inLanguage\":\"it-IT\",\"@id\":\"https:\\\/\\\/www.organisator.ch\\\/management\\\/2023-06-09\\\/sef-23-die-kmu-elite-in-interlaken\\\/#primaryimage\",\"url\":\"https:\\\/\\\/www.organisator.ch\\\/wp-content\\\/uploads\\\/2023\\\/06\\\/SEF.23-Die-KMU-Elite-in-Interlaken-1_Organisator.jpg\",\"contentUrl\":\"https:\\\/\\\/www.organisator.ch\\\/wp-content\\\/uploads\\\/2023\\\/06\\\/SEF.23-Die-KMU-Elite-in-Interlaken-1_Organisator.jpg\",\"width\":680,\"height\":429,\"caption\":\"KMU im Fokus des SEF.23: Moderator Urs Gredig (ganz links) im Gespr\u00e4ch mit Peter Jakob, Beat R\u00f6thlisberger und Sandra Banholzer (v.l.n.r.). (Bild: Thomas Berner)\"},{\"@type\":\"BreadcrumbList\",\"@id\":\"https:\\\/\\\/www.organisator.ch\\\/management\\\/2023-06-09\\\/sef-23-die-kmu-elite-in-interlaken\\\/#breadcrumb\",\"itemListElement\":[{\"@type\":\"ListItem\",\"position\":1,\"name\":\"Home\",\"item\":\"https:\\\/\\\/www.organisator.ch\\\/\"},{\"@type\":\"ListItem\",\"position\":2,\"name\":\"SEF.23: Die KMU-Elite in Interlaken\"}]},{\"@type\":\"WebSite\",\"@id\":\"https:\\\/\\\/www.organisator.ch\\\/#website\",\"url\":\"https:\\\/\\\/www.organisator.ch\\\/\",\"name\":\"Organisator\",\"description\":\"Kompetent. Praxisnah. Der ORGANISATOR bereitet in 10 Ausgaben pro Jahr die wesentlichen Themen f\u00fcr F\u00fchrungskr\u00e4fte von KMU auf.\",\"publisher\":{\"@id\":\"https:\\\/\\\/www.organisator.ch\\\/#organization\"},\"potentialAction\":[{\"@type\":\"SearchAction\",\"target\":{\"@type\":\"EntryPoint\",\"urlTemplate\":\"https:\\\/\\\/www.organisator.ch\\\/?s={search_term_string}\"},\"query-input\":{\"@type\":\"PropertyValueSpecification\",\"valueRequired\":true,\"valueName\":\"search_term_string\"}}],\"inLanguage\":\"it-IT\"},{\"@type\":\"Organization\",\"@id\":\"https:\\\/\\\/www.organisator.ch\\\/#organization\",\"name\":\"Organisator\",\"url\":\"https:\\\/\\\/www.organisator.ch\\\/\",\"logo\":{\"@type\":\"ImageObject\",\"inLanguage\":\"it-IT\",\"@id\":\"https:\\\/\\\/www.organisator.ch\\\/#\\\/schema\\\/logo\\\/image\\\/\",\"url\":\"https:\\\/\\\/www.organisator.ch\\\/wp-content\\\/uploads\\\/2022\\\/01\\\/Logo_Organisator_Website.png\",\"contentUrl\":\"https:\\\/\\\/www.organisator.ch\\\/wp-content\\\/uploads\\\/2022\\\/01\\\/Logo_Organisator_Website.png\",\"width\":800,\"height\":77,\"caption\":\"Organisator\"},\"image\":{\"@id\":\"https:\\\/\\\/www.organisator.ch\\\/#\\\/schema\\\/logo\\\/image\\\/\"},\"sameAs\":[\"https:\\\/\\\/www.facebook.com\\\/OrganisatorFachmagazin\",\"https:\\\/\\\/www.linkedin.com\\\/showcase\\\/organisator-das-magazin-fr-kmu\",\"https:\\\/\\\/www.xing.com\\\/news\\\/pages\\\/organisator-ch-695\",\"https:\\\/\\\/www.youtube.com\\\/channel\\\/UCGP2Sq0iWaZwT3BdIAQFYpw\"]},{\"@type\":\"Person\",\"@id\":\"https:\\\/\\\/www.organisator.ch\\\/#\\\/schema\\\/person\\\/6f650f90b2842cd4c0cc334b4e36f67e\",\"name\":\"thomas.berner\",\"image\":{\"@type\":\"ImageObject\",\"inLanguage\":\"it-IT\",\"@id\":\"https:\\\/\\\/secure.gravatar.com\\\/avatar\\\/ac5001d2a36cb6c6cd3e50789007ffca834b477b74a2144564522e944eabff61?s=96&d=mm&r=g\",\"url\":\"https:\\\/\\\/secure.gravatar.com\\\/avatar\\\/ac5001d2a36cb6c6cd3e50789007ffca834b477b74a2144564522e944eabff61?s=96&d=mm&r=g\",\"contentUrl\":\"https:\\\/\\\/secure.gravatar.com\\\/avatar\\\/ac5001d2a36cb6c6cd3e50789007ffca834b477b74a2144564522e944eabff61?s=96&d=mm&r=g\",\"caption\":\"thomas.berner\"},\"url\":\"https:\\\/\\\/www.organisator.ch\\\/it\\\/author\\\/thomas-berner\\\/\"}]}<\/script>\n<!-- \/ Yoast SEO plugin. -->","yoast_head_json":{"title":"SEF.23: L'\u00e9lite delle PMI a Interlaken - Organizzatore","description":"Swiss Economic Forum di Interlaken: il primo giorno del SEF.23 le PMI raccontano i loro problemi attuali.","robots":{"index":"index","follow":"follow","max-snippet":"max-snippet:-1","max-image-preview":"max-image-preview:large","max-video-preview":"max-video-preview:-1"},"canonical":"https:\/\/www.organisator.ch\/it\/gestione-2\/2023-06-09\/sef-23-die-kmu-elite-in-interlaken\/","og_locale":"it_IT","og_type":"article","og_title":"SEF.23: Die KMU-Elite in Interlaken","og_description":"Swiss Economic Forum in Interlaken: Am ersten Veranstaltungstag des SEF.23 berichten KMU, wo ihnen derzeit am meisten der Schuh dr\u00fcckt.","og_url":"https:\/\/www.organisator.ch\/it\/gestione-2\/2023-06-09\/sef-23-die-kmu-elite-in-interlaken\/","og_site_name":"Organisator","article_publisher":"https:\/\/www.facebook.com\/OrganisatorFachmagazin","article_published_time":"2023-06-09T08:29:06+00:00","article_modified_time":"2023-06-23T06:19:22+00:00","og_image":[{"width":680,"height":429,"url":"https:\/\/www.organisator.ch\/wp-content\/uploads\/2023\/06\/SEF.23-Die-KMU-Elite-in-Interlaken-1_Organisator.jpg","type":"image\/jpeg"}],"author":"thomas.berner","twitter_card":"summary_large_image","twitter_title":"#SEF.23: Die #KMU-Elite in Interlaken","twitter_description":"Swiss Economic Forum in Interlaken: Am ersten Veranstaltungstag des #SEF.23 berichten KMU, wo ihnen derzeit am meisten der Schuh dr\u00fcckt.","twitter_image":"https:\/\/www.organisator.ch\/wp-content\/uploads\/2023\/06\/SEF.23-Die-KMU-Elite-in-Interlaken-1_Organisator.jpg","schema":{"@context":"https:\/\/schema.org","@graph":[{"@type":"Article","@id":"https:\/\/www.organisator.ch\/management\/2023-06-09\/sef-23-die-kmu-elite-in-interlaken\/#article","isPartOf":{"@id":"https:\/\/www.organisator.ch\/management\/2023-06-09\/sef-23-die-kmu-elite-in-interlaken\/"},"author":{"name":"thomas.berner","@id":"https:\/\/www.organisator.ch\/#\/schema\/person\/6f650f90b2842cd4c0cc334b4e36f67e"},"headline":"SEF.23: Die KMU-Elite in Interlaken","datePublished":"2023-06-09T08:29:06+00:00","dateModified":"2023-06-23T06:19:22+00:00","mainEntityOfPage":{"@id":"https:\/\/www.organisator.ch\/management\/2023-06-09\/sef-23-die-kmu-elite-in-interlaken\/"},"wordCount":1042,"publisher":{"@id":"https:\/\/www.organisator.ch\/#organization"},"image":{"@id":"https:\/\/www.organisator.ch\/management\/2023-06-09\/sef-23-die-kmu-elite-in-interlaken\/#primaryimage"},"thumbnailUrl":"https:\/\/www.organisator.ch\/wp-content\/uploads\/2023\/06\/SEF.23-Die-KMU-Elite-in-Interlaken-1_Organisator.jpg","keywords":["Fachkongress\/Fachmesse","Swiss Economic Forum","Unternehmen"],"articleSection":["MANAGEMENT"],"inLanguage":"it-IT"},{"@type":"WebPage","@id":"https:\/\/www.organisator.ch\/management\/2023-06-09\/sef-23-die-kmu-elite-in-interlaken\/","url":"https:\/\/www.organisator.ch\/management\/2023-06-09\/sef-23-die-kmu-elite-in-interlaken\/","name":"SEF.23: L'\u00e9lite delle PMI a Interlaken - Organizzatore","isPartOf":{"@id":"https:\/\/www.organisator.ch\/#website"},"primaryImageOfPage":{"@id":"https:\/\/www.organisator.ch\/management\/2023-06-09\/sef-23-die-kmu-elite-in-interlaken\/#primaryimage"},"image":{"@id":"https:\/\/www.organisator.ch\/management\/2023-06-09\/sef-23-die-kmu-elite-in-interlaken\/#primaryimage"},"thumbnailUrl":"https:\/\/www.organisator.ch\/wp-content\/uploads\/2023\/06\/SEF.23-Die-KMU-Elite-in-Interlaken-1_Organisator.jpg","datePublished":"2023-06-09T08:29:06+00:00","dateModified":"2023-06-23T06:19:22+00:00","description":"Swiss Economic Forum di Interlaken: il primo giorno del SEF.23 le PMI raccontano i loro problemi attuali.","breadcrumb":{"@id":"https:\/\/www.organisator.ch\/management\/2023-06-09\/sef-23-die-kmu-elite-in-interlaken\/#breadcrumb"},"inLanguage":"it-IT","potentialAction":[{"@type":"ReadAction","target":["https:\/\/www.organisator.ch\/management\/2023-06-09\/sef-23-die-kmu-elite-in-interlaken\/"]}]},{"@type":"ImageObject","inLanguage":"it-IT","@id":"https:\/\/www.organisator.ch\/management\/2023-06-09\/sef-23-die-kmu-elite-in-interlaken\/#primaryimage","url":"https:\/\/www.organisator.ch\/wp-content\/uploads\/2023\/06\/SEF.23-Die-KMU-Elite-in-Interlaken-1_Organisator.jpg","contentUrl":"https:\/\/www.organisator.ch\/wp-content\/uploads\/2023\/06\/SEF.23-Die-KMU-Elite-in-Interlaken-1_Organisator.jpg","width":680,"height":429,"caption":"KMU im Fokus des SEF.23: Moderator Urs Gredig (ganz links) im Gespr\u00e4ch mit Peter Jakob, Beat R\u00f6thlisberger und Sandra Banholzer (v.l.n.r.). (Bild: Thomas Berner)"},{"@type":"BreadcrumbList","@id":"https:\/\/www.organisator.ch\/management\/2023-06-09\/sef-23-die-kmu-elite-in-interlaken\/#breadcrumb","itemListElement":[{"@type":"ListItem","position":1,"name":"Home","item":"https:\/\/www.organisator.ch\/"},{"@type":"ListItem","position":2,"name":"SEF.23: Die KMU-Elite in Interlaken"}]},{"@type":"WebSite","@id":"https:\/\/www.organisator.ch\/#website","url":"https:\/\/www.organisator.ch\/","name":"Organizzatore","description":"Competente. Pratico. In 10 numeri all'anno, ORGANISATOR presenta i temi essenziali per i manager delle PMI.","publisher":{"@id":"https:\/\/www.organisator.ch\/#organization"},"potentialAction":[{"@type":"SearchAction","target":{"@type":"EntryPoint","urlTemplate":"https:\/\/www.organisator.ch\/?s={search_term_string}"},"query-input":{"@type":"PropertyValueSpecification","valueRequired":true,"valueName":"search_term_string"}}],"inLanguage":"it-IT"},{"@type":"Organization","@id":"https:\/\/www.organisator.ch\/#organization","name":"Organizzatore","url":"https:\/\/www.organisator.ch\/","logo":{"@type":"ImageObject","inLanguage":"it-IT","@id":"https:\/\/www.organisator.ch\/#\/schema\/logo\/image\/","url":"https:\/\/www.organisator.ch\/wp-content\/uploads\/2022\/01\/Logo_Organisator_Website.png","contentUrl":"https:\/\/www.organisator.ch\/wp-content\/uploads\/2022\/01\/Logo_Organisator_Website.png","width":800,"height":77,"caption":"Organisator"},"image":{"@id":"https:\/\/www.organisator.ch\/#\/schema\/logo\/image\/"},"sameAs":["https:\/\/www.facebook.com\/OrganisatorFachmagazin","https:\/\/www.linkedin.com\/showcase\/organisator-das-magazin-fr-kmu","https:\/\/www.xing.com\/news\/pages\/organisator-ch-695","https:\/\/www.youtube.com\/channel\/UCGP2Sq0iWaZwT3BdIAQFYpw"]},{"@type":"Person","@id":"https:\/\/www.organisator.ch\/#\/schema\/person\/6f650f90b2842cd4c0cc334b4e36f67e","name":"Tommaso.berner","image":{"@type":"ImageObject","inLanguage":"it-IT","@id":"https:\/\/secure.gravatar.com\/avatar\/ac5001d2a36cb6c6cd3e50789007ffca834b477b74a2144564522e944eabff61?s=96&d=mm&r=g","url":"https:\/\/secure.gravatar.com\/avatar\/ac5001d2a36cb6c6cd3e50789007ffca834b477b74a2144564522e944eabff61?s=96&d=mm&r=g","contentUrl":"https:\/\/secure.gravatar.com\/avatar\/ac5001d2a36cb6c6cd3e50789007ffca834b477b74a2144564522e944eabff61?s=96&d=mm&r=g","caption":"thomas.berner"},"url":"https:\/\/www.organisator.ch\/it\/author\/thomas-berner\/"}]}},"_links":{"self":[{"href":"https:\/\/www.organisator.ch\/it\/wp-json\/wp\/v2\/posts\/20648","targetHints":{"allow":["GET"]}}],"collection":[{"href":"https:\/\/www.organisator.ch\/it\/wp-json\/wp\/v2\/posts"}],"about":[{"href":"https:\/\/www.organisator.ch\/it\/wp-json\/wp\/v2\/types\/post"}],"author":[{"embeddable":true,"href":"https:\/\/www.organisator.ch\/it\/wp-json\/wp\/v2\/users\/4"}],"replies":[{"embeddable":true,"href":"https:\/\/www.organisator.ch\/it\/wp-json\/wp\/v2\/comments?post=20648"}],"version-history":[{"count":1,"href":"https:\/\/www.organisator.ch\/it\/wp-json\/wp\/v2\/posts\/20648\/revisions"}],"predecessor-version":[{"id":20652,"href":"https:\/\/www.organisator.ch\/it\/wp-json\/wp\/v2\/posts\/20648\/revisions\/20652"}],"wp:featuredmedia":[{"embeddable":true,"href":"https:\/\/www.organisator.ch\/it\/wp-json\/wp\/v2\/media\/20649"}],"wp:attachment":[{"href":"https:\/\/www.organisator.ch\/it\/wp-json\/wp\/v2\/media?parent=20648"}],"wp:term":[{"taxonomy":"category","embeddable":true,"href":"https:\/\/www.organisator.ch\/it\/wp-json\/wp\/v2\/categories?post=20648"},{"taxonomy":"post_tag","embeddable":true,"href":"https:\/\/www.organisator.ch\/it\/wp-json\/wp\/v2\/tags?post=20648"}],"curies":[{"name":"wp","href":"https:\/\/api.w.org\/{rel}","templated":true}]}}