{"id":20653,"date":"2023-06-09T13:35:29","date_gmt":"2023-06-09T11:35:29","guid":{"rendered":"https:\/\/www.organisator.ch\/?p=20653"},"modified":"2023-06-09T13:35:29","modified_gmt":"2023-06-09T11:35:29","slug":"hr-szene-aus-dem-dach-raum-trifft-sich-in-hamburg","status":"publish","type":"post","link":"https:\/\/www.organisator.ch\/it\/human-resources\/2023-06-09\/hr-szene-aus-dem-dach-raum-trifft-sich-in-hamburg\/","title":{"rendered":"La scena HR della regione DACH si riunisce ad Amburgo"},"content":{"rendered":"<figure id=\"attachment_20654\" aria-describedby=\"caption-attachment-20654\" style=\"width: 680px\" class=\"wp-caption alignnone\"><img loading=\"lazy\" decoding=\"async\" class=\"size-full wp-image-20654\" src=\"https:\/\/www.organisator.ch\/wp-content\/uploads\/2023\/06\/HR-Szene-aus-dem-DACH-Raum-trifft-sich-in-Hamburg_Organisator.jpg\" alt=\"\" width=\"680\" height=\"453\" srcset=\"https:\/\/www.organisator.ch\/wp-content\/uploads\/2023\/06\/HR-Szene-aus-dem-DACH-Raum-trifft-sich-in-Hamburg_Organisator.jpg 680w, https:\/\/www.organisator.ch\/wp-content\/uploads\/2023\/06\/HR-Szene-aus-dem-DACH-Raum-trifft-sich-in-Hamburg_Organisator-18x12.jpg 18w, https:\/\/www.organisator.ch\/wp-content\/uploads\/2023\/06\/HR-Szene-aus-dem-DACH-Raum-trifft-sich-in-Hamburg_Organisator-375x250.jpg 375w, https:\/\/www.organisator.ch\/wp-content\/uploads\/2023\/06\/HR-Szene-aus-dem-DACH-Raum-trifft-sich-in-Hamburg_Organisator-525x350.jpg 525w\" sizes=\"auto, (max-width: 680px) 100vw, 680px\" \/><figcaption id=\"caption-attachment-20654\" class=\"wp-caption-text\">Il 14 giugno 2023, la Elbphilharmonie di Amburgo sar\u00e0 ancora una volta il luogo di incontro della scena HR dell'intera regione DACH. (Immagine: NEW WORK SE)<\/figcaption><\/figure>\n<p>Mercoled\u00ec 14 giugno 2023, \u00e8 di nuovo il momento: la Elbphilharmonie apre le sue porte per la New Work Experience (NWX23), che pretende di essere il pi\u00f9 grande evento sul futuro del lavoro nel mondo di lingua tedesca. Per la sesta volta, la NWX si terr\u00e0 qui e per la prima volta in altri luoghi selezionati della HafenCity di Amburgo. L'organizzatore della NWX23 \u00e8 New Work SE insieme ai suoi marchi XING, onlyfy by XING e kununu. Con il motto \"Work Forward\", il festival del lavoro e del futuro ha molto da offrire: Con circa 9 ore di programma distribuite su 18 palchi e pi\u00f9 di 150 relatori e artisti di fama nazionale e internazionale, la line-up \u00e8 colorata, varia ed esperta.<\/p>\n<h3>Unire datori di lavoro e dipendenti<\/h3>\n<p>Come pu\u00f2 funzionare una cooperazione di successo tra generazioni? Come si possono attrarre talenti nonostante la carenza di lavoratori qualificati? Come l'intelligenza artificiale influenzer\u00e0 il mercato del lavoro del futuro? NWX23 ruota attorno a queste e a molte altre domande, con l'obiettivo di riunire ad Amburgo persone che iniziano la carriera e lavoratori esperti, persone che fanno e pensano al futuro, nonch\u00e9 strateghi ed esperti del mondo degli affari e della politica, delle risorse umane, del reclutamento, della consulenza e della formazione di opinioni. Un mix eterogeneo di impulsi lungimiranti, dibattiti di opinione, workshop di approfondimento e masterclass fornir\u00e0 ispirazione e informazioni.<\/p>\n<p>Tra i relatori ci saranno l'esperta di generazione Eliza Filby, il pi\u00f9 giovane professore di filosofia della Germania Markus Gabriel, il presidente di lunga data della Camera dei Comuni John Bercow, l'ex calciatrice professionista e allenatrice della DFB Steffi Jones, l'esperto digitale e autore Sascha Lobo, il podcaster Matze Hielscher e l'esperto di AI Christian Piechnick e molti altri. Inoltre, il duo pop-rap norvegese Madcon garantir\u00e0 il buon umore.<\/p>\n<h3><strong>Il mondo del lavoro di XING: il nuovo festival del lavoro dedicato all'avvio della carriera<\/strong><\/h3>\n<p>Per la prima volta, la NWX23 sar\u00e0 ampliata con un festival del lavoro per studenti e laureati: lo XING Job World, che si svolger\u00e0 nel New Work Harbour di HafenCity, la sede centrale di New Work SE. Qui, studenti, laureati e reclutatori potranno scambiare idee su argomenti di lavoro come l'orientamento alla carriera, le domande di lavoro o le trattative salariali e sperimentare un festival del lavoro in cui aziende come Audi, Otto o Hapag-Lloyd competono per i talenti. Lo XING Job World ospiter\u00e0 anche masterclass e workshop di alto livello con rinomati career e application coach come il Dr. Bernd Slaghuis e Nane Nebel. Il variegato programma sar\u00e0 integrato da conferenze e tavole rotonde, ad esempio con i due ex calciatori professionisti Neven Subotic e Marcell Jansen o con l'esperta di GenZ Ronja Ebeling. Nell'ambito del format \"Grill den Personalchef\" (grigliare il responsabile del personale), il responsabile del personale di SAP Cawa Younosi e il responsabile del personale di Beiersdorf Nicola Lafrentz risponderanno anche alle domande del pubblico. Per gli studenti iscritti, la visita allo XING Job World, che include un servizio fotografico per la candidatura, \u00e8 gratuita.<\/p>\n<p><strong>onlyfy by XING semplifica il reclutamento<\/strong><\/p>\n<p>Nuovo \u00e8 anche il contenuto del programma, pensato per i reclutatori e i responsabili delle risorse umane, presentato dal marchio di recruiting onlyfy by XING. Masterclass, tavole rotonde e workshop sono in programma anche presso la sede di New Work SE e su altri palcoscenici della HafenCity di Amburgo. Tra i rinomati relatori figurano il Professor Dr. Alexander Spermann, la Professoressa Dr. Heike Bruch e Gazelle Vollhase, responsabile del reclutamento, della diversit\u00e0 e dell'inclusione presso idealo. I relatori non si limiteranno a dare uno sguardo all'attuale mercato del lavoro, ma anche alle tendenze di reclutamento di domani.<\/p>\n<h3><strong>Il Premio NEW WORK 2023: Cerimonia di premiazione la sera della NWX23\u00a0<\/strong><strong>\u00a0<\/strong><\/h3>\n<p>Inoltre, il NEW WORK Award, il principale premio per il lavoro orientato al futuro nel mondo di lingua tedesca, sar\u00e0 presentato per la decima volta alla NWX. Dal 2013, NEW WORK SE premia con questo premio idee e progetti innovativi sul futuro del lavoro.La cerimonia di premiazione si svolger\u00e0 dopo la NWX23, la sera del 14 giugno ad Amburgo. La giuria di alto livello ha stilato una lista ristretta tra le candidature presentate. Le votazioni pubbliche online sono chiuse dal 4 giugno.<\/p>\n<p><em>Il programma di accompagnamento in diretta streaming di contenuti selezionati della NWX \u00e8 ora online e pu\u00f2 essere visualizzato al seguente link <a href=\"https:\/\/nwx.new-work.se\/xing-jobwelt\">Sito web<\/a> pu\u00f2 essere visualizzato nel menu a tendina \"XING Job World - il livestream in sintesi\".\u00a0<\/em><\/p>","protected":false},"excerpt":{"rendered":"<p>Pi\u00f9 di 150 relatori discuteranno il 14 giugno ad Amburgo al Festival del lavoro e del futuro NWX23. Sono attesi pi\u00f9 di 2000 visitatori da Germania, Austria e Svizzera. <\/p>","protected":false},"author":4,"featured_media":20654,"comment_status":"closed","ping_status":"closed","sticky":false,"template":"","format":"standard","meta":{"_acf_changed":false,"_yoast_wpseo_focuskw":"HR-Szene","_yoast_wpseo_metadesc":"Am 14. Juni werden f\u00fcr die NWX23 \u00fcber 2000 Besucherinnen und Besucher aus der HR-Szene Deutschlands, \u00d6sterreichs und der Schweiz erwartet.","articlekey":"","footnotes":""},"categories":[579],"tags":[193,254,3810],"class_list":["post-20653","post","type-post","status-publish","format-standard","has-post-thumbnail","hentry","category-human-resources","tag-fachkongressfachmesse","tag-hrm","tag-nwx23"],"acf":[],"yoast_head":"<!-- This site is optimized with the Yoast SEO plugin v27.5 - https:\/\/yoast.com\/product\/yoast-seo-wordpress\/ -->\n<title>HR-Szene aus dem DACH-Raum trifft sich in Hamburg - Organisator<\/title>\n<meta name=\"description\" content=\"Am 14. Juni werden f\u00fcr die NWX23 \u00fcber 2000 Besucherinnen und Besucher aus der HR-Szene Deutschlands, \u00d6sterreichs und der Schweiz erwartet.\" \/>\n<meta name=\"robots\" content=\"index, follow, max-snippet:-1, max-image-preview:large, max-video-preview:-1\" \/>\n<link rel=\"canonical\" href=\"https:\/\/www.organisator.ch\/it\/risorse-umane\/2023-06-09\/hr-szene-aus-dem-dach-raum-trifft-sich-in-hamburg\/\" \/>\n<meta property=\"og:locale\" content=\"it_IT\" \/>\n<meta property=\"og:type\" content=\"article\" \/>\n<meta property=\"og:title\" content=\"HR-Szene aus dem DACH-Raum trifft sich in Hamburg\" \/>\n<meta property=\"og:description\" content=\"Am 14. Juni werden f\u00fcr die NWX23 \u00fcber 2000 Besucherinnen und Besucher aus der HR-Szene Deutschlands, \u00d6sterreichs und der Schweiz erwartet.\" \/>\n<meta property=\"og:url\" content=\"https:\/\/www.organisator.ch\/it\/risorse-umane\/2023-06-09\/hr-szene-aus-dem-dach-raum-trifft-sich-in-hamburg\/\" \/>\n<meta property=\"og:site_name\" content=\"Organisator\" \/>\n<meta property=\"article:publisher\" content=\"https:\/\/www.facebook.com\/OrganisatorFachmagazin\" \/>\n<meta property=\"article:published_time\" content=\"2023-06-09T11:35:29+00:00\" \/>\n<meta property=\"og:image\" content=\"https:\/\/www.organisator.ch\/wp-content\/uploads\/2023\/06\/HR-Szene-aus-dem-DACH-Raum-trifft-sich-in-Hamburg_Organisator.jpg\" \/>\n\t<meta property=\"og:image:width\" content=\"680\" \/>\n\t<meta property=\"og:image:height\" content=\"453\" \/>\n\t<meta property=\"og:image:type\" content=\"image\/jpeg\" \/>\n<meta name=\"author\" content=\"thomas.berner\" \/>\n<meta name=\"twitter:card\" content=\"summary_large_image\" \/>\n<meta name=\"twitter:title\" content=\"#HR-Szene aus dem #DACH-Raum trifft sich in Hamburg\" \/>\n<meta name=\"twitter:description\" content=\"Am 14. Juni werden f\u00fcr die #NWX23 \u00fcber 2000 Besucherinnen und Besucher aus der #HR-Szene Deutschlands, \u00d6sterreichs und der Schweiz erwartet.\" \/>\n<meta name=\"twitter:image\" content=\"https:\/\/www.organisator.ch\/wp-content\/uploads\/2023\/06\/HR-Szene-aus-dem-DACH-Raum-trifft-sich-in-Hamburg_Organisator.jpg\" \/>\n<script type=\"application\/ld+json\" class=\"yoast-schema-graph\">{\"@context\":\"https:\\\/\\\/schema.org\",\"@graph\":[{\"@type\":\"Article\",\"@id\":\"https:\\\/\\\/www.organisator.ch\\\/human-resources\\\/2023-06-09\\\/hr-szene-aus-dem-dach-raum-trifft-sich-in-hamburg\\\/#article\",\"isPartOf\":{\"@id\":\"https:\\\/\\\/www.organisator.ch\\\/human-resources\\\/2023-06-09\\\/hr-szene-aus-dem-dach-raum-trifft-sich-in-hamburg\\\/\"},\"author\":{\"name\":\"thomas.berner\",\"@id\":\"https:\\\/\\\/www.organisator.ch\\\/#\\\/schema\\\/person\\\/6f650f90b2842cd4c0cc334b4e36f67e\"},\"headline\":\"HR-Szene aus dem DACH-Raum trifft sich in Hamburg\",\"datePublished\":\"2023-06-09T11:35:29+00:00\",\"mainEntityOfPage\":{\"@id\":\"https:\\\/\\\/www.organisator.ch\\\/human-resources\\\/2023-06-09\\\/hr-szene-aus-dem-dach-raum-trifft-sich-in-hamburg\\\/\"},\"wordCount\":690,\"publisher\":{\"@id\":\"https:\\\/\\\/www.organisator.ch\\\/#organization\"},\"image\":{\"@id\":\"https:\\\/\\\/www.organisator.ch\\\/human-resources\\\/2023-06-09\\\/hr-szene-aus-dem-dach-raum-trifft-sich-in-hamburg\\\/#primaryimage\"},\"thumbnailUrl\":\"https:\\\/\\\/www.organisator.ch\\\/wp-content\\\/uploads\\\/2023\\\/06\\\/HR-Szene-aus-dem-DACH-Raum-trifft-sich-in-Hamburg_Organisator.jpg\",\"keywords\":[\"Fachkongress\\\/Fachmesse\",\"HRM\",\"NWX23\"],\"articleSection\":[\"HUMAN RESOURCES\"],\"inLanguage\":\"it-IT\"},{\"@type\":\"WebPage\",\"@id\":\"https:\\\/\\\/www.organisator.ch\\\/human-resources\\\/2023-06-09\\\/hr-szene-aus-dem-dach-raum-trifft-sich-in-hamburg\\\/\",\"url\":\"https:\\\/\\\/www.organisator.ch\\\/human-resources\\\/2023-06-09\\\/hr-szene-aus-dem-dach-raum-trifft-sich-in-hamburg\\\/\",\"name\":\"HR-Szene aus dem DACH-Raum trifft sich in Hamburg - Organisator\",\"isPartOf\":{\"@id\":\"https:\\\/\\\/www.organisator.ch\\\/#website\"},\"primaryImageOfPage\":{\"@id\":\"https:\\\/\\\/www.organisator.ch\\\/human-resources\\\/2023-06-09\\\/hr-szene-aus-dem-dach-raum-trifft-sich-in-hamburg\\\/#primaryimage\"},\"image\":{\"@id\":\"https:\\\/\\\/www.organisator.ch\\\/human-resources\\\/2023-06-09\\\/hr-szene-aus-dem-dach-raum-trifft-sich-in-hamburg\\\/#primaryimage\"},\"thumbnailUrl\":\"https:\\\/\\\/www.organisator.ch\\\/wp-content\\\/uploads\\\/2023\\\/06\\\/HR-Szene-aus-dem-DACH-Raum-trifft-sich-in-Hamburg_Organisator.jpg\",\"datePublished\":\"2023-06-09T11:35:29+00:00\",\"description\":\"Am 14. Juni werden f\u00fcr die NWX23 \u00fcber 2000 Besucherinnen und Besucher aus der HR-Szene Deutschlands, \u00d6sterreichs und der Schweiz erwartet.\",\"breadcrumb\":{\"@id\":\"https:\\\/\\\/www.organisator.ch\\\/human-resources\\\/2023-06-09\\\/hr-szene-aus-dem-dach-raum-trifft-sich-in-hamburg\\\/#breadcrumb\"},\"inLanguage\":\"it-IT\",\"potentialAction\":[{\"@type\":\"ReadAction\",\"target\":[\"https:\\\/\\\/www.organisator.ch\\\/human-resources\\\/2023-06-09\\\/hr-szene-aus-dem-dach-raum-trifft-sich-in-hamburg\\\/\"]}]},{\"@type\":\"ImageObject\",\"inLanguage\":\"it-IT\",\"@id\":\"https:\\\/\\\/www.organisator.ch\\\/human-resources\\\/2023-06-09\\\/hr-szene-aus-dem-dach-raum-trifft-sich-in-hamburg\\\/#primaryimage\",\"url\":\"https:\\\/\\\/www.organisator.ch\\\/wp-content\\\/uploads\\\/2023\\\/06\\\/HR-Szene-aus-dem-DACH-Raum-trifft-sich-in-Hamburg_Organisator.jpg\",\"contentUrl\":\"https:\\\/\\\/www.organisator.ch\\\/wp-content\\\/uploads\\\/2023\\\/06\\\/HR-Szene-aus-dem-DACH-Raum-trifft-sich-in-Hamburg_Organisator.jpg\",\"width\":680,\"height\":453,\"caption\":\"Am 14. Juni 2023 ist u.a. die Hamburger Elbphilharmonie wieder Treffpunkt f\u00fcr die HR-Szene aus dem gesamten DACH-Raum. (Bild: NEW WORK SE)\"},{\"@type\":\"BreadcrumbList\",\"@id\":\"https:\\\/\\\/www.organisator.ch\\\/human-resources\\\/2023-06-09\\\/hr-szene-aus-dem-dach-raum-trifft-sich-in-hamburg\\\/#breadcrumb\",\"itemListElement\":[{\"@type\":\"ListItem\",\"position\":1,\"name\":\"Home\",\"item\":\"https:\\\/\\\/www.organisator.ch\\\/\"},{\"@type\":\"ListItem\",\"position\":2,\"name\":\"HR-Szene aus dem DACH-Raum trifft sich in Hamburg\"}]},{\"@type\":\"WebSite\",\"@id\":\"https:\\\/\\\/www.organisator.ch\\\/#website\",\"url\":\"https:\\\/\\\/www.organisator.ch\\\/\",\"name\":\"Organisator\",\"description\":\"Kompetent. Praxisnah. Der ORGANISATOR bereitet in 10 Ausgaben pro Jahr die wesentlichen Themen f\u00fcr F\u00fchrungskr\u00e4fte von KMU auf.\",\"publisher\":{\"@id\":\"https:\\\/\\\/www.organisator.ch\\\/#organization\"},\"potentialAction\":[{\"@type\":\"SearchAction\",\"target\":{\"@type\":\"EntryPoint\",\"urlTemplate\":\"https:\\\/\\\/www.organisator.ch\\\/?s={search_term_string}\"},\"query-input\":{\"@type\":\"PropertyValueSpecification\",\"valueRequired\":true,\"valueName\":\"search_term_string\"}}],\"inLanguage\":\"it-IT\"},{\"@type\":\"Organization\",\"@id\":\"https:\\\/\\\/www.organisator.ch\\\/#organization\",\"name\":\"Organisator\",\"url\":\"https:\\\/\\\/www.organisator.ch\\\/\",\"logo\":{\"@type\":\"ImageObject\",\"inLanguage\":\"it-IT\",\"@id\":\"https:\\\/\\\/www.organisator.ch\\\/#\\\/schema\\\/logo\\\/image\\\/\",\"url\":\"https:\\\/\\\/www.organisator.ch\\\/wp-content\\\/uploads\\\/2022\\\/01\\\/Logo_Organisator_Website.png\",\"contentUrl\":\"https:\\\/\\\/www.organisator.ch\\\/wp-content\\\/uploads\\\/2022\\\/01\\\/Logo_Organisator_Website.png\",\"width\":800,\"height\":77,\"caption\":\"Organisator\"},\"image\":{\"@id\":\"https:\\\/\\\/www.organisator.ch\\\/#\\\/schema\\\/logo\\\/image\\\/\"},\"sameAs\":[\"https:\\\/\\\/www.facebook.com\\\/OrganisatorFachmagazin\",\"https:\\\/\\\/www.linkedin.com\\\/showcase\\\/organisator-das-magazin-fr-kmu\",\"https:\\\/\\\/www.xing.com\\\/news\\\/pages\\\/organisator-ch-695\",\"https:\\\/\\\/www.youtube.com\\\/channel\\\/UCGP2Sq0iWaZwT3BdIAQFYpw\"]},{\"@type\":\"Person\",\"@id\":\"https:\\\/\\\/www.organisator.ch\\\/#\\\/schema\\\/person\\\/6f650f90b2842cd4c0cc334b4e36f67e\",\"name\":\"thomas.berner\",\"image\":{\"@type\":\"ImageObject\",\"inLanguage\":\"it-IT\",\"@id\":\"https:\\\/\\\/secure.gravatar.com\\\/avatar\\\/ac5001d2a36cb6c6cd3e50789007ffca834b477b74a2144564522e944eabff61?s=96&d=mm&r=g\",\"url\":\"https:\\\/\\\/secure.gravatar.com\\\/avatar\\\/ac5001d2a36cb6c6cd3e50789007ffca834b477b74a2144564522e944eabff61?s=96&d=mm&r=g\",\"contentUrl\":\"https:\\\/\\\/secure.gravatar.com\\\/avatar\\\/ac5001d2a36cb6c6cd3e50789007ffca834b477b74a2144564522e944eabff61?s=96&d=mm&r=g\",\"caption\":\"thomas.berner\"},\"url\":\"https:\\\/\\\/www.organisator.ch\\\/it\\\/author\\\/thomas-berner\\\/\"}]}<\/script>\n<!-- \/ Yoast SEO plugin. -->","yoast_head_json":{"title":"La scena HR della regione DACH si incontra ad Amburgo - Organizzatore","description":"Il 14 giugno, per la NWX23 sono attesi pi\u00f9 di 2000 visitatori provenienti dalla scena HR di Germania, Austria e Svizzera.","robots":{"index":"index","follow":"follow","max-snippet":"max-snippet:-1","max-image-preview":"max-image-preview:large","max-video-preview":"max-video-preview:-1"},"canonical":"https:\/\/www.organisator.ch\/it\/risorse-umane\/2023-06-09\/hr-szene-aus-dem-dach-raum-trifft-sich-in-hamburg\/","og_locale":"it_IT","og_type":"article","og_title":"HR-Szene aus dem DACH-Raum trifft sich in Hamburg","og_description":"Am 14. Juni werden f\u00fcr die NWX23 \u00fcber 2000 Besucherinnen und Besucher aus der HR-Szene Deutschlands, \u00d6sterreichs und der Schweiz erwartet.","og_url":"https:\/\/www.organisator.ch\/it\/risorse-umane\/2023-06-09\/hr-szene-aus-dem-dach-raum-trifft-sich-in-hamburg\/","og_site_name":"Organisator","article_publisher":"https:\/\/www.facebook.com\/OrganisatorFachmagazin","article_published_time":"2023-06-09T11:35:29+00:00","og_image":[{"width":680,"height":453,"url":"https:\/\/www.organisator.ch\/wp-content\/uploads\/2023\/06\/HR-Szene-aus-dem-DACH-Raum-trifft-sich-in-Hamburg_Organisator.jpg","type":"image\/jpeg"}],"author":"thomas.berner","twitter_card":"summary_large_image","twitter_title":"#HR-Szene aus dem #DACH-Raum trifft sich in Hamburg","twitter_description":"Am 14. Juni werden f\u00fcr die #NWX23 \u00fcber 2000 Besucherinnen und Besucher aus der #HR-Szene Deutschlands, \u00d6sterreichs und der Schweiz erwartet.","twitter_image":"https:\/\/www.organisator.ch\/wp-content\/uploads\/2023\/06\/HR-Szene-aus-dem-DACH-Raum-trifft-sich-in-Hamburg_Organisator.jpg","schema":{"@context":"https:\/\/schema.org","@graph":[{"@type":"Article","@id":"https:\/\/www.organisator.ch\/human-resources\/2023-06-09\/hr-szene-aus-dem-dach-raum-trifft-sich-in-hamburg\/#article","isPartOf":{"@id":"https:\/\/www.organisator.ch\/human-resources\/2023-06-09\/hr-szene-aus-dem-dach-raum-trifft-sich-in-hamburg\/"},"author":{"name":"thomas.berner","@id":"https:\/\/www.organisator.ch\/#\/schema\/person\/6f650f90b2842cd4c0cc334b4e36f67e"},"headline":"HR-Szene aus dem DACH-Raum trifft sich in Hamburg","datePublished":"2023-06-09T11:35:29+00:00","mainEntityOfPage":{"@id":"https:\/\/www.organisator.ch\/human-resources\/2023-06-09\/hr-szene-aus-dem-dach-raum-trifft-sich-in-hamburg\/"},"wordCount":690,"publisher":{"@id":"https:\/\/www.organisator.ch\/#organization"},"image":{"@id":"https:\/\/www.organisator.ch\/human-resources\/2023-06-09\/hr-szene-aus-dem-dach-raum-trifft-sich-in-hamburg\/#primaryimage"},"thumbnailUrl":"https:\/\/www.organisator.ch\/wp-content\/uploads\/2023\/06\/HR-Szene-aus-dem-DACH-Raum-trifft-sich-in-Hamburg_Organisator.jpg","keywords":["Fachkongress\/Fachmesse","HRM","NWX23"],"articleSection":["HUMAN RESOURCES"],"inLanguage":"it-IT"},{"@type":"WebPage","@id":"https:\/\/www.organisator.ch\/human-resources\/2023-06-09\/hr-szene-aus-dem-dach-raum-trifft-sich-in-hamburg\/","url":"https:\/\/www.organisator.ch\/human-resources\/2023-06-09\/hr-szene-aus-dem-dach-raum-trifft-sich-in-hamburg\/","name":"La scena HR della regione DACH si incontra ad Amburgo - Organizzatore","isPartOf":{"@id":"https:\/\/www.organisator.ch\/#website"},"primaryImageOfPage":{"@id":"https:\/\/www.organisator.ch\/human-resources\/2023-06-09\/hr-szene-aus-dem-dach-raum-trifft-sich-in-hamburg\/#primaryimage"},"image":{"@id":"https:\/\/www.organisator.ch\/human-resources\/2023-06-09\/hr-szene-aus-dem-dach-raum-trifft-sich-in-hamburg\/#primaryimage"},"thumbnailUrl":"https:\/\/www.organisator.ch\/wp-content\/uploads\/2023\/06\/HR-Szene-aus-dem-DACH-Raum-trifft-sich-in-Hamburg_Organisator.jpg","datePublished":"2023-06-09T11:35:29+00:00","description":"Il 14 giugno, per la NWX23 sono attesi pi\u00f9 di 2000 visitatori provenienti dalla scena HR di Germania, Austria e Svizzera.","breadcrumb":{"@id":"https:\/\/www.organisator.ch\/human-resources\/2023-06-09\/hr-szene-aus-dem-dach-raum-trifft-sich-in-hamburg\/#breadcrumb"},"inLanguage":"it-IT","potentialAction":[{"@type":"ReadAction","target":["https:\/\/www.organisator.ch\/human-resources\/2023-06-09\/hr-szene-aus-dem-dach-raum-trifft-sich-in-hamburg\/"]}]},{"@type":"ImageObject","inLanguage":"it-IT","@id":"https:\/\/www.organisator.ch\/human-resources\/2023-06-09\/hr-szene-aus-dem-dach-raum-trifft-sich-in-hamburg\/#primaryimage","url":"https:\/\/www.organisator.ch\/wp-content\/uploads\/2023\/06\/HR-Szene-aus-dem-DACH-Raum-trifft-sich-in-Hamburg_Organisator.jpg","contentUrl":"https:\/\/www.organisator.ch\/wp-content\/uploads\/2023\/06\/HR-Szene-aus-dem-DACH-Raum-trifft-sich-in-Hamburg_Organisator.jpg","width":680,"height":453,"caption":"Am 14. Juni 2023 ist u.a. die Hamburger Elbphilharmonie wieder Treffpunkt f\u00fcr die HR-Szene aus dem gesamten DACH-Raum. (Bild: NEW WORK SE)"},{"@type":"BreadcrumbList","@id":"https:\/\/www.organisator.ch\/human-resources\/2023-06-09\/hr-szene-aus-dem-dach-raum-trifft-sich-in-hamburg\/#breadcrumb","itemListElement":[{"@type":"ListItem","position":1,"name":"Home","item":"https:\/\/www.organisator.ch\/"},{"@type":"ListItem","position":2,"name":"HR-Szene aus dem DACH-Raum trifft sich in Hamburg"}]},{"@type":"WebSite","@id":"https:\/\/www.organisator.ch\/#website","url":"https:\/\/www.organisator.ch\/","name":"Organizzatore","description":"Competente. Pratico. In 10 numeri all'anno, ORGANISATOR presenta i temi essenziali per i manager delle PMI.","publisher":{"@id":"https:\/\/www.organisator.ch\/#organization"},"potentialAction":[{"@type":"SearchAction","target":{"@type":"EntryPoint","urlTemplate":"https:\/\/www.organisator.ch\/?s={search_term_string}"},"query-input":{"@type":"PropertyValueSpecification","valueRequired":true,"valueName":"search_term_string"}}],"inLanguage":"it-IT"},{"@type":"Organization","@id":"https:\/\/www.organisator.ch\/#organization","name":"Organizzatore","url":"https:\/\/www.organisator.ch\/","logo":{"@type":"ImageObject","inLanguage":"it-IT","@id":"https:\/\/www.organisator.ch\/#\/schema\/logo\/image\/","url":"https:\/\/www.organisator.ch\/wp-content\/uploads\/2022\/01\/Logo_Organisator_Website.png","contentUrl":"https:\/\/www.organisator.ch\/wp-content\/uploads\/2022\/01\/Logo_Organisator_Website.png","width":800,"height":77,"caption":"Organisator"},"image":{"@id":"https:\/\/www.organisator.ch\/#\/schema\/logo\/image\/"},"sameAs":["https:\/\/www.facebook.com\/OrganisatorFachmagazin","https:\/\/www.linkedin.com\/showcase\/organisator-das-magazin-fr-kmu","https:\/\/www.xing.com\/news\/pages\/organisator-ch-695","https:\/\/www.youtube.com\/channel\/UCGP2Sq0iWaZwT3BdIAQFYpw"]},{"@type":"Person","@id":"https:\/\/www.organisator.ch\/#\/schema\/person\/6f650f90b2842cd4c0cc334b4e36f67e","name":"Tommaso.berner","image":{"@type":"ImageObject","inLanguage":"it-IT","@id":"https:\/\/secure.gravatar.com\/avatar\/ac5001d2a36cb6c6cd3e50789007ffca834b477b74a2144564522e944eabff61?s=96&d=mm&r=g","url":"https:\/\/secure.gravatar.com\/avatar\/ac5001d2a36cb6c6cd3e50789007ffca834b477b74a2144564522e944eabff61?s=96&d=mm&r=g","contentUrl":"https:\/\/secure.gravatar.com\/avatar\/ac5001d2a36cb6c6cd3e50789007ffca834b477b74a2144564522e944eabff61?s=96&d=mm&r=g","caption":"thomas.berner"},"url":"https:\/\/www.organisator.ch\/it\/author\/thomas-berner\/"}]}},"_links":{"self":[{"href":"https:\/\/www.organisator.ch\/it\/wp-json\/wp\/v2\/posts\/20653","targetHints":{"allow":["GET"]}}],"collection":[{"href":"https:\/\/www.organisator.ch\/it\/wp-json\/wp\/v2\/posts"}],"about":[{"href":"https:\/\/www.organisator.ch\/it\/wp-json\/wp\/v2\/types\/post"}],"author":[{"embeddable":true,"href":"https:\/\/www.organisator.ch\/it\/wp-json\/wp\/v2\/users\/4"}],"replies":[{"embeddable":true,"href":"https:\/\/www.organisator.ch\/it\/wp-json\/wp\/v2\/comments?post=20653"}],"version-history":[{"count":1,"href":"https:\/\/www.organisator.ch\/it\/wp-json\/wp\/v2\/posts\/20653\/revisions"}],"predecessor-version":[{"id":20655,"href":"https:\/\/www.organisator.ch\/it\/wp-json\/wp\/v2\/posts\/20653\/revisions\/20655"}],"wp:featuredmedia":[{"embeddable":true,"href":"https:\/\/www.organisator.ch\/it\/wp-json\/wp\/v2\/media\/20654"}],"wp:attachment":[{"href":"https:\/\/www.organisator.ch\/it\/wp-json\/wp\/v2\/media?parent=20653"}],"wp:term":[{"taxonomy":"category","embeddable":true,"href":"https:\/\/www.organisator.ch\/it\/wp-json\/wp\/v2\/categories?post=20653"},{"taxonomy":"post_tag","embeddable":true,"href":"https:\/\/www.organisator.ch\/it\/wp-json\/wp\/v2\/tags?post=20653"}],"curies":[{"name":"wp","href":"https:\/\/api.w.org\/{rel}","templated":true}]}}