{"id":20657,"date":"2023-06-12T08:13:32","date_gmt":"2023-06-12T06:13:32","guid":{"rendered":"https:\/\/www.organisator.ch\/?p=20657"},"modified":"2023-06-12T08:44:30","modified_gmt":"2023-06-12T06:44:30","slug":"25-swiss-economic-forum-2023-abgeschlossen","status":"publish","type":"post","link":"https:\/\/www.organisator.ch\/it\/management\/2023-06-12\/25-swiss-economic-forum-2023-abgeschlossen\/","title":{"rendered":"Concluso il 25\u00b0 Forum economico svizzero 2023"},"content":{"rendered":"<figure id=\"attachment_20658\" aria-describedby=\"caption-attachment-20658\" style=\"width: 680px\" class=\"wp-caption alignnone\"><img loading=\"lazy\" decoding=\"async\" class=\"wp-image-20658 size-full\" src=\"https:\/\/www.organisator.ch\/wp-content\/uploads\/2023\/06\/25.-Swiss-Economic-Forum-2023-abgeschlossen_Organisator.jpg\" alt=\"\" width=\"680\" height=\"453\" srcset=\"https:\/\/www.organisator.ch\/wp-content\/uploads\/2023\/06\/25.-Swiss-Economic-Forum-2023-abgeschlossen_Organisator.jpg 680w, https:\/\/www.organisator.ch\/wp-content\/uploads\/2023\/06\/25.-Swiss-Economic-Forum-2023-abgeschlossen_Organisator-18x12.jpg 18w, https:\/\/www.organisator.ch\/wp-content\/uploads\/2023\/06\/25.-Swiss-Economic-Forum-2023-abgeschlossen_Organisator-375x250.jpg 375w, https:\/\/www.organisator.ch\/wp-content\/uploads\/2023\/06\/25.-Swiss-Economic-Forum-2023-abgeschlossen_Organisator-525x350.jpg 525w\" sizes=\"auto, (max-width: 680px) 100vw, 680px\" \/><figcaption id=\"caption-attachment-20658\" class=\"wp-caption-text\">I SEF.Awards sono stati nuovamente consegnati in occasione dello Swiss Economic Forum 2023. L'azienda Boostbar ha vinto il primo premio nella categoria \"Produzione\/Commerciale\". (Immagine: SEF 2023)<\/figcaption><\/figure>\n<p>L'8 e il 9 giugno si \u00e8 svolta con successo a Interlaken la 25a edizione dello Swiss Economic Forum (SEF), con circa 70 relatori provenienti dalla Svizzera e dall'estero e 1350 partecipanti. Corine Blesi, direttore generale del SEF, ha espresso la sua soddisfazione per l'edizione dell'anniversario del SEF: \"Le aziende hanno la capacit\u00e0 di adattarsi costantemente alle nuove circostanze e i valori dell'autoresponsabilit\u00e0, dell'imprenditorialit\u00e0, del principio di leadership e della modestia sono fattori che rendono oggi l'economia svizzera uno dei leader mondiali. Il SEF si \u00e8 sempre posto l'obiettivo di far conoscere questi valori\".<\/p>\n<h3>Politica e intelligenza artificiale allo Swiss Economic Forum 2023<\/h3>\n<p>Il SERF del Giubileo \u00e8 stato aperto dal Presidente Alain Berset. Nel suo discorso di apertura, ha chiesto la fiducia dei cittadini.<br \/>\ntra economia, politica e societ\u00e0 in Svizzera doveva essere rafforzata. La cooperazione \u00e8 la pi\u00f9 grande forza del nostro Paese. Produce istituzioni stabili che promuovono i nostri valori fondamentali come l'equit\u00e0, lo scambio e la libert\u00e0 e fanno della Svizzera un Paese di grande successo.<\/p>\n<p>Oltre alla politica, la conferenza si \u00e8 concentrata anche sull'intelligenza artificiale. Garry Kasparov, che nel 1997 \u00e8 stato il primo campione del mondo di scacchi in carica a essere sconfitto dal supercomputer IBM Deep Blue, ha affermato che l'intelligenza artificiale pu\u00f2 aiutarci e ci aiuter\u00e0 in molti settori. Ma in ultima analisi, ogni problema \u00e8 ancora risolto dall'uomo. Le macchine possono farlo pi\u00f9 velocemente e con meno errori se si mostra loro come farlo. Urs H\u00f6lzle, un informatico di Basilea, che all'epoca era solo l'ottavo dipendente di Google e oggi \u00e8 vicepresidente senior per le infrastrutture tecniche, ha messo in guardia da un'eccessiva euforia. Lo stato attuale dell'intelligenza artificiale, soprattutto per quanto riguarda i software linguistici apparentemente rivoluzionari come ChatGPT, \u00e8 sopravvalutato, ha detto al SEF. L'ha paragonata a una calcolatrice tascabile che pu\u00f2 risolvere compiti difficili in pochi secondi, ma non ha rivoluzionato la matematica.<\/p>\n<h3>L'economia e la piazza finanziaria svizzera<\/h3>\n<p>L'economia svizzera continua ad andare relativamente bene, hanno riassunto il Presidente della Banca Nazionale Thomas Jordan e Pierre-Olivier Gourinchas del Fondo Monetario Internazionale (FMI). <a href=\"https:\/\/www.organisator.ch\/de\/management\/2023-06-09\/sef-23-die-kmu-elite-in-interlaken\/\">il primo giorno dell'evento<\/a> riassume la situazione. L'inflazione in Svizzera deve essere mantenuta a tutti i costi al di sotto del 2% e deve essere garantita la stabilit\u00e0 dei prezzi. \u00c8 importante proteggere il mercato svizzero dall'inflazione internazionale.<\/p>\n<p>\u00c8 intervenuto anche Sergio P. Ermotti, CEO della grande banca UBS. Ha parlato del futuro della banca e della piazza finanziaria svizzera. Il 61 % dei partecipanti al SEF ritiene che l'acquisizione del Credit Suisse da parte di UBS sia la soluzione giusta nelle attuali circostanze. Sergio P. Ermotti \u00e8 visibilmente soddisfatto e aggiunge che l'acquisizione \u00e8 un momento molto importante per UBS, ma anche per la piazza finanziaria svizzera e per la Svizzera stessa. Il management ha sentito questa responsabilit\u00e0 e i prossimi mesi saranno difficili, ma sono molto concentrati. La riorganizzazione non deve essere guidata da nostalgie e sentimenti, ma deve basarsi sui fatti.<\/p>\n<h3>La sfida dell'impresa familiare<\/h3>\n<p>Anche in Svizzera le imprese familiari sono alle prese con la carenza di lavoratori qualificati. Questo aspetto \u00e8 stato sottolineato da Rudi Bindella senior e Rudi Bindella junior durante la loro presentazione congiunta. L'orgoglio professionale \u00e8 centrale e sono sicuri di esercitare la professione pi\u00f9 bella del mondo. Rudi senior ha una visione critica della tendenza fondamentale al lavoro part-time. Alla domanda su come si regola la successione nell'azienda di famiglia, i due concordano: la competenza professionale \u00e8 importante quando si sceglie un successore, ma l'umanit\u00e0 e la passione sono ancora pi\u00f9 importanti.<\/p>\n<p>Le start-up hanno ancora poco a che fare con la successione. Per loro si tratta piuttosto di capire come diventare un unicorno. Young Sohn, Managing Partner di Walden Catalyst ed ex Presidente e CSO di Samsung Electronics, ritiene che una stretta connessione tra la scena delle start-up e le migliori universit\u00e0 sia fondamentale per far emergere buone aziende. L'investitore della Silicon Valley ha poi aggiunto che bisogna fare attenzione a quali Paesi si investe ancora; in Cina, ad esempio, bisogna essere molto cauti. I chip sono diventati una sorta di nuova moneta per il potere intellettuale e questo mercato \u00e8 attualmente dominato dal Sud-Est asiatico.<\/p>\n<h3>Premio economico svizzero 2023<\/h3>\n<p>Il Premio economico svizzero, consegnato durante la conferenza, \u00e8 stato vinto da:<\/p>\n<ul>\n<li>Nella categoria \"Servizi\": Neho, che sta attualmente dando una scossa al settore dell'intermediazione immobiliare offrendo un servizio rivoluzionario per la compravendita di immobili.<\/li>\n<li>Categoria \"Produzione\/Commerciale\": Boostbar AG, operatore di distributori automatici di snack completamente digitalizzati. La soluzione di Boostbar trasforma ogni distributore automatico in un piccolo negozio di e-commerce, grazie a un'unica interfaccia utente per digitalizzare ogni punto vendita.<\/li>\n<li>Categoria \"Deeptech\/Life Science\": Daphne Technology SA, che si concentra sulla soluzione del problema dei gas serra in settori difficilmente decarbonizzabili.<\/li>\n<\/ul>\n<p>I vincitori ricevono un premio in denaro di 25.000 franchi svizzeri, il feedback di un esperto e un accesso semplificato alla Growth Initiative. <a href=\"https:\/\/sef-growth.ch\/\">SEF.Crescita<\/a>. Sicuramente in futuro incontrerete nuovamente alcuni dei vincitori del premio in occasione di uno Swiss Economic Forum. La prossima occasione sar\u00e0 nel 2024, dal 6 al 7 giugno 2024, sempre a Interlaken.<\/p>\n<p><em>Fonte e ulteriori informazioni: <a href=\"https:\/\/www.swisseconomic.ch\/\">www.swisseconomic.ch<\/a><\/em><\/p>","protected":false},"excerpt":{"rendered":"<p>Il 25\u00b0 Swiss Economic Forum si \u00e8 concluso il 9 giugno 2023 con la consegna del SEF.Award. I tre vincitori sono Neho, Boostbar AG e Daphne Technology SA. Durante i due giorni della conferenza, 1350 dirigenti hanno discusso a Interlaken sotto il motto \"Make it happen\". su come affrontare le sfide politiche ed economiche.<\/p>","protected":false},"author":4,"featured_media":20658,"comment_status":"closed","ping_status":"closed","sticky":false,"template":"","format":"standard","meta":{"_acf_changed":false,"_yoast_wpseo_focuskw":"Swiss Economic Forum 2023","_yoast_wpseo_metadesc":"Das Swiss Economic Forum 2023 endete am 9. Juni 2023 in Interlaken mit der Verleihung des SEF.Award. Drei Startups wurden pr\u00e4miert.","articlekey":"","footnotes":""},"categories":[28],"tags":[66,193,335,451,2255],"class_list":["post-20657","post","type-post","status-publish","format-standard","has-post-thumbnail","hentry","category-management","tag-awards","tag-fachkongressfachmesse","tag-management-und-unternehmensfuehrung","tag-startups","tag-swiss-economic-forum"],"acf":[],"yoast_head":"<!-- This site is optimized with the Yoast SEO plugin v27.5 - https:\/\/yoast.com\/product\/yoast-seo-wordpress\/ -->\n<title>25. Swiss Economic Forum 2023 abgeschlossen - Organisator<\/title>\n<meta name=\"description\" content=\"Das Swiss Economic Forum 2023 endete am 9. Juni 2023 in Interlaken mit der Verleihung des SEF.Award. Drei Startups wurden pr\u00e4miert.\" \/>\n<meta name=\"robots\" content=\"index, follow, max-snippet:-1, max-image-preview:large, max-video-preview:-1\" \/>\n<link rel=\"canonical\" href=\"https:\/\/www.organisator.ch\/it\/gestione-2\/2023-06-12\/25-swiss-economic-forum-2023-abgeschlossen\/\" \/>\n<meta property=\"og:locale\" content=\"it_IT\" \/>\n<meta property=\"og:type\" content=\"article\" \/>\n<meta property=\"og:title\" content=\"25. Swiss Economic Forum 2023 abgeschlossen\" \/>\n<meta property=\"og:description\" content=\"Das Swiss Economic Forum 2023 endete am 9. Juni 2023 in Interlaken mit der Verleihung des SEF.Award. Drei Startups wurden pr\u00e4miert.\" \/>\n<meta property=\"og:url\" content=\"https:\/\/www.organisator.ch\/it\/gestione-2\/2023-06-12\/25-swiss-economic-forum-2023-abgeschlossen\/\" \/>\n<meta property=\"og:site_name\" content=\"Organisator\" \/>\n<meta property=\"article:publisher\" content=\"https:\/\/www.facebook.com\/OrganisatorFachmagazin\" \/>\n<meta property=\"article:published_time\" content=\"2023-06-12T06:13:32+00:00\" \/>\n<meta property=\"article:modified_time\" content=\"2023-06-12T06:44:30+00:00\" \/>\n<meta property=\"og:image\" content=\"https:\/\/www.organisator.ch\/wp-content\/uploads\/2023\/06\/25.-Swiss-Economic-Forum-2023-abgeschlossen_Organisator.jpg\" \/>\n\t<meta property=\"og:image:width\" content=\"680\" \/>\n\t<meta property=\"og:image:height\" content=\"453\" \/>\n\t<meta property=\"og:image:type\" content=\"image\/jpeg\" \/>\n<meta name=\"author\" content=\"thomas.berner\" \/>\n<meta name=\"twitter:card\" content=\"summary_large_image\" \/>\n<meta name=\"twitter:title\" content=\"25. Swiss Economic Forum 2023 #SEF.23 abgeschlossen\" \/>\n<meta name=\"twitter:description\" content=\"Das Swiss Economic Forum 2023 #SEF.23 endete am 9. Juni 2023 in Interlaken mit der Verleihung des #SEF.Award. Drei Startups wurden pr\u00e4miert.\" \/>\n<meta name=\"twitter:image\" content=\"https:\/\/www.organisator.ch\/wp-content\/uploads\/2023\/06\/25.-Swiss-Economic-Forum-2023-abgeschlossen_Organisator.jpg\" \/>\n<script type=\"application\/ld+json\" class=\"yoast-schema-graph\">{\"@context\":\"https:\\\/\\\/schema.org\",\"@graph\":[{\"@type\":\"Article\",\"@id\":\"https:\\\/\\\/www.organisator.ch\\\/management\\\/2023-06-12\\\/25-swiss-economic-forum-2023-abgeschlossen\\\/#article\",\"isPartOf\":{\"@id\":\"https:\\\/\\\/www.organisator.ch\\\/management\\\/2023-06-12\\\/25-swiss-economic-forum-2023-abgeschlossen\\\/\"},\"author\":{\"name\":\"thomas.berner\",\"@id\":\"https:\\\/\\\/www.organisator.ch\\\/#\\\/schema\\\/person\\\/6f650f90b2842cd4c0cc334b4e36f67e\"},\"headline\":\"25. Swiss Economic Forum 2023 abgeschlossen\",\"datePublished\":\"2023-06-12T06:13:32+00:00\",\"dateModified\":\"2023-06-12T06:44:30+00:00\",\"mainEntityOfPage\":{\"@id\":\"https:\\\/\\\/www.organisator.ch\\\/management\\\/2023-06-12\\\/25-swiss-economic-forum-2023-abgeschlossen\\\/\"},\"wordCount\":899,\"publisher\":{\"@id\":\"https:\\\/\\\/www.organisator.ch\\\/#organization\"},\"image\":{\"@id\":\"https:\\\/\\\/www.organisator.ch\\\/management\\\/2023-06-12\\\/25-swiss-economic-forum-2023-abgeschlossen\\\/#primaryimage\"},\"thumbnailUrl\":\"https:\\\/\\\/www.organisator.ch\\\/wp-content\\\/uploads\\\/2023\\\/06\\\/25.-Swiss-Economic-Forum-2023-abgeschlossen_Organisator.jpg\",\"keywords\":[\"Awards\",\"Fachkongress\\\/Fachmesse\",\"Management und Unternehmensf\u00fchrung\",\"Startups\",\"Swiss Economic Forum\"],\"articleSection\":[\"MANAGEMENT\"],\"inLanguage\":\"it-IT\"},{\"@type\":\"WebPage\",\"@id\":\"https:\\\/\\\/www.organisator.ch\\\/management\\\/2023-06-12\\\/25-swiss-economic-forum-2023-abgeschlossen\\\/\",\"url\":\"https:\\\/\\\/www.organisator.ch\\\/management\\\/2023-06-12\\\/25-swiss-economic-forum-2023-abgeschlossen\\\/\",\"name\":\"25. Swiss Economic Forum 2023 abgeschlossen - Organisator\",\"isPartOf\":{\"@id\":\"https:\\\/\\\/www.organisator.ch\\\/#website\"},\"primaryImageOfPage\":{\"@id\":\"https:\\\/\\\/www.organisator.ch\\\/management\\\/2023-06-12\\\/25-swiss-economic-forum-2023-abgeschlossen\\\/#primaryimage\"},\"image\":{\"@id\":\"https:\\\/\\\/www.organisator.ch\\\/management\\\/2023-06-12\\\/25-swiss-economic-forum-2023-abgeschlossen\\\/#primaryimage\"},\"thumbnailUrl\":\"https:\\\/\\\/www.organisator.ch\\\/wp-content\\\/uploads\\\/2023\\\/06\\\/25.-Swiss-Economic-Forum-2023-abgeschlossen_Organisator.jpg\",\"datePublished\":\"2023-06-12T06:13:32+00:00\",\"dateModified\":\"2023-06-12T06:44:30+00:00\",\"description\":\"Das Swiss Economic Forum 2023 endete am 9. Juni 2023 in Interlaken mit der Verleihung des SEF.Award. Drei Startups wurden pr\u00e4miert.\",\"breadcrumb\":{\"@id\":\"https:\\\/\\\/www.organisator.ch\\\/management\\\/2023-06-12\\\/25-swiss-economic-forum-2023-abgeschlossen\\\/#breadcrumb\"},\"inLanguage\":\"it-IT\",\"potentialAction\":[{\"@type\":\"ReadAction\",\"target\":[\"https:\\\/\\\/www.organisator.ch\\\/management\\\/2023-06-12\\\/25-swiss-economic-forum-2023-abgeschlossen\\\/\"]}]},{\"@type\":\"ImageObject\",\"inLanguage\":\"it-IT\",\"@id\":\"https:\\\/\\\/www.organisator.ch\\\/management\\\/2023-06-12\\\/25-swiss-economic-forum-2023-abgeschlossen\\\/#primaryimage\",\"url\":\"https:\\\/\\\/www.organisator.ch\\\/wp-content\\\/uploads\\\/2023\\\/06\\\/25.-Swiss-Economic-Forum-2023-abgeschlossen_Organisator.jpg\",\"contentUrl\":\"https:\\\/\\\/www.organisator.ch\\\/wp-content\\\/uploads\\\/2023\\\/06\\\/25.-Swiss-Economic-Forum-2023-abgeschlossen_Organisator.jpg\",\"width\":680,\"height\":453,\"caption\":\"Am Swiss Economic Forum 2023 wurde wiederum die SEF.Awards vergeben. Das Unternehmen Boostbar gewann in der Kategorie \\\"Dienstleistung\\\/Gewerbe\\\" den ersten Preis. (Bild: SEF 2023)\"},{\"@type\":\"BreadcrumbList\",\"@id\":\"https:\\\/\\\/www.organisator.ch\\\/management\\\/2023-06-12\\\/25-swiss-economic-forum-2023-abgeschlossen\\\/#breadcrumb\",\"itemListElement\":[{\"@type\":\"ListItem\",\"position\":1,\"name\":\"Home\",\"item\":\"https:\\\/\\\/www.organisator.ch\\\/\"},{\"@type\":\"ListItem\",\"position\":2,\"name\":\"25. Swiss Economic Forum 2023 abgeschlossen\"}]},{\"@type\":\"WebSite\",\"@id\":\"https:\\\/\\\/www.organisator.ch\\\/#website\",\"url\":\"https:\\\/\\\/www.organisator.ch\\\/\",\"name\":\"Organisator\",\"description\":\"Kompetent. Praxisnah. Der ORGANISATOR bereitet in 10 Ausgaben pro Jahr die wesentlichen Themen f\u00fcr F\u00fchrungskr\u00e4fte von KMU auf.\",\"publisher\":{\"@id\":\"https:\\\/\\\/www.organisator.ch\\\/#organization\"},\"potentialAction\":[{\"@type\":\"SearchAction\",\"target\":{\"@type\":\"EntryPoint\",\"urlTemplate\":\"https:\\\/\\\/www.organisator.ch\\\/?s={search_term_string}\"},\"query-input\":{\"@type\":\"PropertyValueSpecification\",\"valueRequired\":true,\"valueName\":\"search_term_string\"}}],\"inLanguage\":\"it-IT\"},{\"@type\":\"Organization\",\"@id\":\"https:\\\/\\\/www.organisator.ch\\\/#organization\",\"name\":\"Organisator\",\"url\":\"https:\\\/\\\/www.organisator.ch\\\/\",\"logo\":{\"@type\":\"ImageObject\",\"inLanguage\":\"it-IT\",\"@id\":\"https:\\\/\\\/www.organisator.ch\\\/#\\\/schema\\\/logo\\\/image\\\/\",\"url\":\"https:\\\/\\\/www.organisator.ch\\\/wp-content\\\/uploads\\\/2022\\\/01\\\/Logo_Organisator_Website.png\",\"contentUrl\":\"https:\\\/\\\/www.organisator.ch\\\/wp-content\\\/uploads\\\/2022\\\/01\\\/Logo_Organisator_Website.png\",\"width\":800,\"height\":77,\"caption\":\"Organisator\"},\"image\":{\"@id\":\"https:\\\/\\\/www.organisator.ch\\\/#\\\/schema\\\/logo\\\/image\\\/\"},\"sameAs\":[\"https:\\\/\\\/www.facebook.com\\\/OrganisatorFachmagazin\",\"https:\\\/\\\/www.linkedin.com\\\/showcase\\\/organisator-das-magazin-fr-kmu\",\"https:\\\/\\\/www.xing.com\\\/news\\\/pages\\\/organisator-ch-695\",\"https:\\\/\\\/www.youtube.com\\\/channel\\\/UCGP2Sq0iWaZwT3BdIAQFYpw\"]},{\"@type\":\"Person\",\"@id\":\"https:\\\/\\\/www.organisator.ch\\\/#\\\/schema\\\/person\\\/6f650f90b2842cd4c0cc334b4e36f67e\",\"name\":\"thomas.berner\",\"image\":{\"@type\":\"ImageObject\",\"inLanguage\":\"it-IT\",\"@id\":\"https:\\\/\\\/secure.gravatar.com\\\/avatar\\\/ac5001d2a36cb6c6cd3e50789007ffca834b477b74a2144564522e944eabff61?s=96&d=mm&r=g\",\"url\":\"https:\\\/\\\/secure.gravatar.com\\\/avatar\\\/ac5001d2a36cb6c6cd3e50789007ffca834b477b74a2144564522e944eabff61?s=96&d=mm&r=g\",\"contentUrl\":\"https:\\\/\\\/secure.gravatar.com\\\/avatar\\\/ac5001d2a36cb6c6cd3e50789007ffca834b477b74a2144564522e944eabff61?s=96&d=mm&r=g\",\"caption\":\"thomas.berner\"},\"url\":\"https:\\\/\\\/www.organisator.ch\\\/it\\\/author\\\/thomas-berner\\\/\"}]}<\/script>\n<!-- \/ Yoast SEO plugin. -->","yoast_head_json":{"title":"Concluso il 25\u00b0 Forum economico svizzero 2023 - Organizzatore","description":"Lo Swiss Economic Forum 2023 si \u00e8 concluso il 9 giugno 2023 a Interlaken con la consegna del SEF.Award. Sono state premiate tre start-up.","robots":{"index":"index","follow":"follow","max-snippet":"max-snippet:-1","max-image-preview":"max-image-preview:large","max-video-preview":"max-video-preview:-1"},"canonical":"https:\/\/www.organisator.ch\/it\/gestione-2\/2023-06-12\/25-swiss-economic-forum-2023-abgeschlossen\/","og_locale":"it_IT","og_type":"article","og_title":"25. Swiss Economic Forum 2023 abgeschlossen","og_description":"Das Swiss Economic Forum 2023 endete am 9. Juni 2023 in Interlaken mit der Verleihung des SEF.Award. Drei Startups wurden pr\u00e4miert.","og_url":"https:\/\/www.organisator.ch\/it\/gestione-2\/2023-06-12\/25-swiss-economic-forum-2023-abgeschlossen\/","og_site_name":"Organisator","article_publisher":"https:\/\/www.facebook.com\/OrganisatorFachmagazin","article_published_time":"2023-06-12T06:13:32+00:00","article_modified_time":"2023-06-12T06:44:30+00:00","og_image":[{"width":680,"height":453,"url":"https:\/\/www.organisator.ch\/wp-content\/uploads\/2023\/06\/25.-Swiss-Economic-Forum-2023-abgeschlossen_Organisator.jpg","type":"image\/jpeg"}],"author":"thomas.berner","twitter_card":"summary_large_image","twitter_title":"25. Swiss Economic Forum 2023 #SEF.23 abgeschlossen","twitter_description":"Das Swiss Economic Forum 2023 #SEF.23 endete am 9. Juni 2023 in Interlaken mit der Verleihung des #SEF.Award. Drei Startups wurden pr\u00e4miert.","twitter_image":"https:\/\/www.organisator.ch\/wp-content\/uploads\/2023\/06\/25.-Swiss-Economic-Forum-2023-abgeschlossen_Organisator.jpg","schema":{"@context":"https:\/\/schema.org","@graph":[{"@type":"Article","@id":"https:\/\/www.organisator.ch\/management\/2023-06-12\/25-swiss-economic-forum-2023-abgeschlossen\/#article","isPartOf":{"@id":"https:\/\/www.organisator.ch\/management\/2023-06-12\/25-swiss-economic-forum-2023-abgeschlossen\/"},"author":{"name":"thomas.berner","@id":"https:\/\/www.organisator.ch\/#\/schema\/person\/6f650f90b2842cd4c0cc334b4e36f67e"},"headline":"25. Swiss Economic Forum 2023 abgeschlossen","datePublished":"2023-06-12T06:13:32+00:00","dateModified":"2023-06-12T06:44:30+00:00","mainEntityOfPage":{"@id":"https:\/\/www.organisator.ch\/management\/2023-06-12\/25-swiss-economic-forum-2023-abgeschlossen\/"},"wordCount":899,"publisher":{"@id":"https:\/\/www.organisator.ch\/#organization"},"image":{"@id":"https:\/\/www.organisator.ch\/management\/2023-06-12\/25-swiss-economic-forum-2023-abgeschlossen\/#primaryimage"},"thumbnailUrl":"https:\/\/www.organisator.ch\/wp-content\/uploads\/2023\/06\/25.-Swiss-Economic-Forum-2023-abgeschlossen_Organisator.jpg","keywords":["Awards","Fachkongress\/Fachmesse","Management und Unternehmensf\u00fchrung","Startups","Swiss Economic Forum"],"articleSection":["MANAGEMENT"],"inLanguage":"it-IT"},{"@type":"WebPage","@id":"https:\/\/www.organisator.ch\/management\/2023-06-12\/25-swiss-economic-forum-2023-abgeschlossen\/","url":"https:\/\/www.organisator.ch\/management\/2023-06-12\/25-swiss-economic-forum-2023-abgeschlossen\/","name":"Concluso il 25\u00b0 Forum economico svizzero 2023 - Organizzatore","isPartOf":{"@id":"https:\/\/www.organisator.ch\/#website"},"primaryImageOfPage":{"@id":"https:\/\/www.organisator.ch\/management\/2023-06-12\/25-swiss-economic-forum-2023-abgeschlossen\/#primaryimage"},"image":{"@id":"https:\/\/www.organisator.ch\/management\/2023-06-12\/25-swiss-economic-forum-2023-abgeschlossen\/#primaryimage"},"thumbnailUrl":"https:\/\/www.organisator.ch\/wp-content\/uploads\/2023\/06\/25.-Swiss-Economic-Forum-2023-abgeschlossen_Organisator.jpg","datePublished":"2023-06-12T06:13:32+00:00","dateModified":"2023-06-12T06:44:30+00:00","description":"Lo Swiss Economic Forum 2023 si \u00e8 concluso il 9 giugno 2023 a Interlaken con la consegna del SEF.Award. Sono state premiate tre start-up.","breadcrumb":{"@id":"https:\/\/www.organisator.ch\/management\/2023-06-12\/25-swiss-economic-forum-2023-abgeschlossen\/#breadcrumb"},"inLanguage":"it-IT","potentialAction":[{"@type":"ReadAction","target":["https:\/\/www.organisator.ch\/management\/2023-06-12\/25-swiss-economic-forum-2023-abgeschlossen\/"]}]},{"@type":"ImageObject","inLanguage":"it-IT","@id":"https:\/\/www.organisator.ch\/management\/2023-06-12\/25-swiss-economic-forum-2023-abgeschlossen\/#primaryimage","url":"https:\/\/www.organisator.ch\/wp-content\/uploads\/2023\/06\/25.-Swiss-Economic-Forum-2023-abgeschlossen_Organisator.jpg","contentUrl":"https:\/\/www.organisator.ch\/wp-content\/uploads\/2023\/06\/25.-Swiss-Economic-Forum-2023-abgeschlossen_Organisator.jpg","width":680,"height":453,"caption":"Am Swiss Economic Forum 2023 wurde wiederum die SEF.Awards vergeben. Das Unternehmen Boostbar gewann in der Kategorie \"Dienstleistung\/Gewerbe\" den ersten Preis. (Bild: SEF 2023)"},{"@type":"BreadcrumbList","@id":"https:\/\/www.organisator.ch\/management\/2023-06-12\/25-swiss-economic-forum-2023-abgeschlossen\/#breadcrumb","itemListElement":[{"@type":"ListItem","position":1,"name":"Home","item":"https:\/\/www.organisator.ch\/"},{"@type":"ListItem","position":2,"name":"25. Swiss Economic Forum 2023 abgeschlossen"}]},{"@type":"WebSite","@id":"https:\/\/www.organisator.ch\/#website","url":"https:\/\/www.organisator.ch\/","name":"Organizzatore","description":"Competente. Pratico. In 10 numeri all'anno, ORGANISATOR presenta i temi essenziali per i manager delle PMI.","publisher":{"@id":"https:\/\/www.organisator.ch\/#organization"},"potentialAction":[{"@type":"SearchAction","target":{"@type":"EntryPoint","urlTemplate":"https:\/\/www.organisator.ch\/?s={search_term_string}"},"query-input":{"@type":"PropertyValueSpecification","valueRequired":true,"valueName":"search_term_string"}}],"inLanguage":"it-IT"},{"@type":"Organization","@id":"https:\/\/www.organisator.ch\/#organization","name":"Organizzatore","url":"https:\/\/www.organisator.ch\/","logo":{"@type":"ImageObject","inLanguage":"it-IT","@id":"https:\/\/www.organisator.ch\/#\/schema\/logo\/image\/","url":"https:\/\/www.organisator.ch\/wp-content\/uploads\/2022\/01\/Logo_Organisator_Website.png","contentUrl":"https:\/\/www.organisator.ch\/wp-content\/uploads\/2022\/01\/Logo_Organisator_Website.png","width":800,"height":77,"caption":"Organisator"},"image":{"@id":"https:\/\/www.organisator.ch\/#\/schema\/logo\/image\/"},"sameAs":["https:\/\/www.facebook.com\/OrganisatorFachmagazin","https:\/\/www.linkedin.com\/showcase\/organisator-das-magazin-fr-kmu","https:\/\/www.xing.com\/news\/pages\/organisator-ch-695","https:\/\/www.youtube.com\/channel\/UCGP2Sq0iWaZwT3BdIAQFYpw"]},{"@type":"Person","@id":"https:\/\/www.organisator.ch\/#\/schema\/person\/6f650f90b2842cd4c0cc334b4e36f67e","name":"Tommaso.berner","image":{"@type":"ImageObject","inLanguage":"it-IT","@id":"https:\/\/secure.gravatar.com\/avatar\/ac5001d2a36cb6c6cd3e50789007ffca834b477b74a2144564522e944eabff61?s=96&d=mm&r=g","url":"https:\/\/secure.gravatar.com\/avatar\/ac5001d2a36cb6c6cd3e50789007ffca834b477b74a2144564522e944eabff61?s=96&d=mm&r=g","contentUrl":"https:\/\/secure.gravatar.com\/avatar\/ac5001d2a36cb6c6cd3e50789007ffca834b477b74a2144564522e944eabff61?s=96&d=mm&r=g","caption":"thomas.berner"},"url":"https:\/\/www.organisator.ch\/it\/author\/thomas-berner\/"}]}},"_links":{"self":[{"href":"https:\/\/www.organisator.ch\/it\/wp-json\/wp\/v2\/posts\/20657","targetHints":{"allow":["GET"]}}],"collection":[{"href":"https:\/\/www.organisator.ch\/it\/wp-json\/wp\/v2\/posts"}],"about":[{"href":"https:\/\/www.organisator.ch\/it\/wp-json\/wp\/v2\/types\/post"}],"author":[{"embeddable":true,"href":"https:\/\/www.organisator.ch\/it\/wp-json\/wp\/v2\/users\/4"}],"replies":[{"embeddable":true,"href":"https:\/\/www.organisator.ch\/it\/wp-json\/wp\/v2\/comments?post=20657"}],"version-history":[{"count":3,"href":"https:\/\/www.organisator.ch\/it\/wp-json\/wp\/v2\/posts\/20657\/revisions"}],"predecessor-version":[{"id":20661,"href":"https:\/\/www.organisator.ch\/it\/wp-json\/wp\/v2\/posts\/20657\/revisions\/20661"}],"wp:featuredmedia":[{"embeddable":true,"href":"https:\/\/www.organisator.ch\/it\/wp-json\/wp\/v2\/media\/20658"}],"wp:attachment":[{"href":"https:\/\/www.organisator.ch\/it\/wp-json\/wp\/v2\/media?parent=20657"}],"wp:term":[{"taxonomy":"category","embeddable":true,"href":"https:\/\/www.organisator.ch\/it\/wp-json\/wp\/v2\/categories?post=20657"},{"taxonomy":"post_tag","embeddable":true,"href":"https:\/\/www.organisator.ch\/it\/wp-json\/wp\/v2\/tags?post=20657"}],"curies":[{"name":"wp","href":"https:\/\/api.w.org\/{rel}","templated":true}]}}