{"id":20702,"date":"2023-06-14T02:55:19","date_gmt":"2023-06-14T00:55:19","guid":{"rendered":"https:\/\/www.m-q.ch\/?p=18167"},"modified":"2024-11-15T14:06:34","modified_gmt":"2024-11-15T13:06:34","slug":"5g-risiken-zwar-erkannt-aber-kaum-investitionen-in-sicherheit","status":"publish","type":"post","link":"https:\/\/www.organisator.ch\/it\/operational-excellence\/2023-06-14\/5g-risiken-zwar-erkannt-aber-kaum-investitionen-in-sicherheit\/","title":{"rendered":"Riconosciuti i rischi del 5G, ma pochi investimenti nella sicurezza"},"content":{"rendered":"<figure id=\"attachment_18168\" class=\"wp-caption alignnone\" style=\"width: 680px\" aria-describedby=\"caption-attachment-18168\"><img class=\"alignnone wp-image-18168 size-full\" src=\"https:\/\/www.m-q.ch\/wp-content\/uploads\/2023\/06\/5G-Risiken-zwar-erkannt-aber-kaum-Investitionen-in-Sicherheit_MQ.jpg\" alt=\"Sicurezza 5G\" width=\"680\" height=\"582\" \/>\r\n<figcaption id=\"caption-attachment-18168\" class=\"wp-caption-text\">La tecnologia 5G promette, tra l'altro, una rete su larga scala nelle aziende, nelle macchine o negli ambienti dei campus. Nell'ambiente industriale i rischi sono noti, ma \u00e8 difficile investire in maggiore sicurezza. (Immagine: Pixabay.com)<\/figcaption>\r\n<\/figure>\r\n<p>L'87,4% di tutte le aziende intervistate esprime la necessit\u00e0 di utilizzare il 5G per collegare e mettere in rete l'Internet of Things (IoT) e la Operation Technology (OT) nelle loro attivit\u00e0. Se si considerano le aziende pi\u00f9 piccole, con un massimo di 500 dipendenti, questa percentuale sale addirittura al 91%. Questo e altri risultati nel campo della sicurezza 5G sono stati scoperti dai ricercatori di mercato di techconsult per conto di Sophos in un sondaggio rappresentativo delle aziende tedesche.<\/p>\r\n<h3><strong>Diffusione del 5G come tecnologia di rete aziendale<\/strong><\/h3>\r\n<p>Gi\u00e0 oggi, poco meno della met\u00e0 degli intervistati (49,2%) utilizza il 5G come alternativa alle classiche connessioni di rete via cavo o WLAN, ad esempio per i dispositivi o le macchine. Le aziende pi\u00f9 piccole lo utilizzano addirittura in misura significativamente maggiore (59%) rispetto alle grandi aziende (39,4%). Quando si parla di utilizzo della tecnologia 5G, la produzione e la logistica sono al primo posto (62,3%). Seguono la connettivit\u00e0 di rete delle filiali esterne alla sede centrale dell'azienda (42,7%) e la connettivit\u00e0 della supply chain con altre aziende (38,7%).<\/p>\r\n<h3><strong>La grande maggioranza conosce i rischi <\/strong><\/h3>\r\n<p>Tra i maggiori rischi del 5G c'\u00e8 lo spionaggio dei dati tramite backdoor dei fornitori di infrastrutture - l'87,4% degli intervistati ne \u00e8 consapevole secondo le proprie dichiarazioni. Anche le vulnerabilit\u00e0 software della rete stessa, che possono essere sfruttate dai criminali informatici, sono definite come una fonte di pericolo dall'80,4%. Tuttavia, uno su cinque dei professionisti IT intervistati (19,6%) \u00e8 ignorante anche in questo caso. Il pericolo di una maggiore influenza dello Stato, come lo spionaggio, sembra probabile per pi\u00f9 di due terzi (65,3%).<\/p>\r\n<p>\"Le aziende sono sostanzialmente corrette nella loro valutazione della situazione delle minacce. Data la complessit\u00e0 del 5G, anche gli attacchi sono molto complessi. Finora, quasi nessuno al di fuori di uno Stato nazionale ha le risorse per eseguire efficacemente un attacco di questo tipo\", afferma Chester Wisniewski, Field CTO Applied Research di Sophos. \"Poich\u00e9 l'uso della tecnologia 5G negli ambienti industriali non \u00e8 ancora cos\u00ec diffuso come le alternative di rete tradizionali, probabilmente ci vorr\u00e0 del tempo prima che si possano prevedere ondate di attacchi importanti. Tuttavia, \u00e8 solo una questione di tempo, di diffusione e di possibilit\u00e0 di successo prima che i criminali informatici prendano di mira anche questa tecnologia di rete\".<\/p>\r\n<p>Un'altra sfida nell'utilizzo del 5G \u00e8 che se la copertura di rete \u00e8 scarsa, le connessioni possono tornare automaticamente al 4G o addirittura al 3G senza le dovute precauzioni, aggiungendo automaticamente i rischi di questa vecchia tecnologia. Questo \u00e8 chiaro alla maggioranza, l'80,9%, secondo il sondaggio. Tuttavia, uno su cinque (19,1%) non lo considera un problema.<\/p>\r\n<h3><strong>Le misure adottate sono ancora troppo poche<\/strong><\/h3>\r\n<p>La maggioranza delle aziende intervistate (74,4%) ritiene che la tecnologia 5G richieda speciali misure di sicurezza per l'utilizzo in azienda. Tuttavia, alla domanda se queste misure speciali siano state implementate, solo poco meno della met\u00e0 (in totale: 48,2%) ha risposto di s\u00ec. Con il 54%, le organizzazioni pi\u00f9 piccole sono pi\u00f9 coerenti rispetto alle aziende con pi\u00f9 di 500 dipendenti (42,4%). Le altre (43,2%) si affidano a misure di sicurezza standard. E questo nonostante siano consapevoli dei rischi che la tecnologia 5G comporta.<\/p>\r\n<p>\"Ci vuole molto tempo e una profonda conoscenza tecnica per comprendere le specifiche incredibilmente lunghe e dettagliate dei protocolli 5G\", spiega Chester Wisniewski, Field CTO Applied Research di Sophos. \"Solo allora \u00e8 possibile identificare e valutare i rischi potenziali di questa tecnologia e delle sue caratteristiche. Le aziende hanno bisogno di maggiori informazioni e supporto per garantire la sicurezza nell'area specifica della tecnologia 5G, come ad esempio gli ecosistemi di sicurezza che includono i firewall che supportano il 5G\".<\/p>\r\n<p><em>Fonte: <a href=\"https:\/\/www.sophos.com\/de-de\">Sophos<\/a><\/em><\/p>\n<p class=\"syndicated-attribution\">Questo articolo \u00e8 apparso originariamente su m-q.ch - <a href=\"https:\/\/www.m-q.ch\/de\/5g-risiken-zwar-erkannt-aber-kaum-investitionen-in-sicherheit\/\" target=\"_blank\">https:\/\/www.m-q.ch\/de\/5g-risiken-zwar-erkannt-aber-kaum-investitionen-in-sicherheit\/<\/a><\/p>","protected":false},"excerpt":{"rendered":"<p>Le aziende hanno bisogno della tecnologia 5G per i loro processi lavorativi e molte la stanno gi\u00e0 utilizzando. Ma Sophos ha voluto saperne di pi\u00f9 e ha chiesto: per circa tre quarti \u00e8 chiaro: il 5G richiede misure di sicurezza speciali. Ma solo il 50% le sta effettivamente implementando.<\/p>","protected":false},"author":8,"featured_media":0,"comment_status":"closed","ping_status":"closed","sticky":false,"template":"","format":"standard","meta":{"_acf_changed":false,"_yoast_wpseo_focuskw":"5G-Sicherheit","_yoast_wpseo_metadesc":"5G-Sicherheit: 87,4% der Unternehmen sehen Bedarf. Risiken und unzureichende Ma\u00dfnahmen gef\u00e4hrden Netzwerke.","articlekey":"","footnotes":""},"categories":[582],"tags":[3814],"class_list":["post-20702","post","type-post","status-publish","format-standard","hentry","category-operational-excellence","tag-5g"],"acf":[],"yoast_head":"<!-- This site is optimized with the Yoast SEO plugin v27.4 - https:\/\/yoast.com\/product\/yoast-seo-wordpress\/ -->\n<title>5G-Risiken zwar erkannt, aber kaum Investitionen in Sicherheit - Organisator<\/title>\n<meta name=\"description\" content=\"5G-Sicherheit: 87,4% der Unternehmen sehen Bedarf. Risiken und unzureichende Ma\u00dfnahmen gef\u00e4hrden Netzwerke.\" \/>\n<meta name=\"robots\" content=\"index, follow, max-snippet:-1, max-image-preview:large, max-video-preview:-1\" \/>\n<link rel=\"canonical\" href=\"https:\/\/www.organisator.ch\/it\/eccellenza-operativa\/2023-06-14\/5g-risiken-zwar-erkannt-aber-kaum-investitionen-in-sicherheit\/\" \/>\n<meta property=\"og:locale\" content=\"it_IT\" \/>\n<meta property=\"og:type\" content=\"article\" \/>\n<meta property=\"og:title\" content=\"5G-Risiken zwar erkannt, aber kaum Investitionen in Sicherheit - Organisator\" \/>\n<meta property=\"og:description\" content=\"5G-Sicherheit: 87,4% der Unternehmen sehen Bedarf. Risiken und unzureichende Ma\u00dfnahmen gef\u00e4hrden Netzwerke.\" \/>\n<meta property=\"og:url\" content=\"https:\/\/www.organisator.ch\/it\/eccellenza-operativa\/2023-06-14\/5g-risiken-zwar-erkannt-aber-kaum-investitionen-in-sicherheit\/\" \/>\n<meta property=\"og:site_name\" content=\"Organisator\" \/>\n<meta property=\"article:publisher\" content=\"https:\/\/www.facebook.com\/OrganisatorFachmagazin\" \/>\n<meta property=\"article:published_time\" content=\"2023-06-14T00:55:19+00:00\" \/>\n<meta property=\"article:modified_time\" content=\"2024-11-15T13:06:34+00:00\" \/>\n<meta name=\"author\" content=\"galledia\" \/>\n<meta name=\"twitter:card\" content=\"summary_large_image\" \/>\n<meta name=\"twitter:creator\" content=\"@admin\" \/>\n<script type=\"application\/ld+json\" class=\"yoast-schema-graph\">{\"@context\":\"https:\\\/\\\/schema.org\",\"@graph\":[{\"@type\":\"Article\",\"@id\":\"https:\\\/\\\/www.organisator.ch\\\/operational-excellence\\\/2023-06-14\\\/5g-risiken-zwar-erkannt-aber-kaum-investitionen-in-sicherheit\\\/#article\",\"isPartOf\":{\"@id\":\"https:\\\/\\\/www.organisator.ch\\\/operational-excellence\\\/2023-06-14\\\/5g-risiken-zwar-erkannt-aber-kaum-investitionen-in-sicherheit\\\/\"},\"author\":{\"name\":\"galledia\",\"@id\":\"https:\\\/\\\/www.organisator.ch\\\/#\\\/schema\\\/person\\\/4e51799071cd2dd1232ac003643ef5f0\"},\"headline\":\"5G-Risiken zwar erkannt, aber kaum Investitionen in Sicherheit\",\"datePublished\":\"2023-06-14T00:55:19+00:00\",\"dateModified\":\"2024-11-15T13:06:34+00:00\",\"mainEntityOfPage\":{\"@id\":\"https:\\\/\\\/www.organisator.ch\\\/operational-excellence\\\/2023-06-14\\\/5g-risiken-zwar-erkannt-aber-kaum-investitionen-in-sicherheit\\\/\"},\"wordCount\":590,\"publisher\":{\"@id\":\"https:\\\/\\\/www.organisator.ch\\\/#organization\"},\"image\":{\"@id\":\"https:\\\/\\\/www.organisator.ch\\\/operational-excellence\\\/2023-06-14\\\/5g-risiken-zwar-erkannt-aber-kaum-investitionen-in-sicherheit\\\/#primaryimage\"},\"thumbnailUrl\":\"https:\\\/\\\/www.m-q.ch\\\/wp-content\\\/uploads\\\/2023\\\/06\\\/5G-Risiken-zwar-erkannt-aber-kaum-Investitionen-in-Sicherheit_MQ.jpg\",\"keywords\":[\"5G\"],\"articleSection\":[\"OPERATIONAL EXCELLENCE\"],\"inLanguage\":\"it-IT\"},{\"@type\":\"WebPage\",\"@id\":\"https:\\\/\\\/www.organisator.ch\\\/operational-excellence\\\/2023-06-14\\\/5g-risiken-zwar-erkannt-aber-kaum-investitionen-in-sicherheit\\\/\",\"url\":\"https:\\\/\\\/www.organisator.ch\\\/operational-excellence\\\/2023-06-14\\\/5g-risiken-zwar-erkannt-aber-kaum-investitionen-in-sicherheit\\\/\",\"name\":\"5G-Risiken zwar erkannt, aber kaum Investitionen in Sicherheit - Organisator\",\"isPartOf\":{\"@id\":\"https:\\\/\\\/www.organisator.ch\\\/#website\"},\"primaryImageOfPage\":{\"@id\":\"https:\\\/\\\/www.organisator.ch\\\/operational-excellence\\\/2023-06-14\\\/5g-risiken-zwar-erkannt-aber-kaum-investitionen-in-sicherheit\\\/#primaryimage\"},\"image\":{\"@id\":\"https:\\\/\\\/www.organisator.ch\\\/operational-excellence\\\/2023-06-14\\\/5g-risiken-zwar-erkannt-aber-kaum-investitionen-in-sicherheit\\\/#primaryimage\"},\"thumbnailUrl\":\"https:\\\/\\\/www.m-q.ch\\\/wp-content\\\/uploads\\\/2023\\\/06\\\/5G-Risiken-zwar-erkannt-aber-kaum-Investitionen-in-Sicherheit_MQ.jpg\",\"datePublished\":\"2023-06-14T00:55:19+00:00\",\"dateModified\":\"2024-11-15T13:06:34+00:00\",\"description\":\"5G-Sicherheit: 87,4% der Unternehmen sehen Bedarf. Risiken und unzureichende Ma\u00dfnahmen gef\u00e4hrden Netzwerke.\",\"breadcrumb\":{\"@id\":\"https:\\\/\\\/www.organisator.ch\\\/operational-excellence\\\/2023-06-14\\\/5g-risiken-zwar-erkannt-aber-kaum-investitionen-in-sicherheit\\\/#breadcrumb\"},\"inLanguage\":\"it-IT\",\"potentialAction\":[{\"@type\":\"ReadAction\",\"target\":[\"https:\\\/\\\/www.organisator.ch\\\/operational-excellence\\\/2023-06-14\\\/5g-risiken-zwar-erkannt-aber-kaum-investitionen-in-sicherheit\\\/\"]}]},{\"@type\":\"ImageObject\",\"inLanguage\":\"it-IT\",\"@id\":\"https:\\\/\\\/www.organisator.ch\\\/operational-excellence\\\/2023-06-14\\\/5g-risiken-zwar-erkannt-aber-kaum-investitionen-in-sicherheit\\\/#primaryimage\",\"url\":\"https:\\\/\\\/www.m-q.ch\\\/wp-content\\\/uploads\\\/2023\\\/06\\\/5G-Risiken-zwar-erkannt-aber-kaum-Investitionen-in-Sicherheit_MQ.jpg\",\"contentUrl\":\"https:\\\/\\\/www.m-q.ch\\\/wp-content\\\/uploads\\\/2023\\\/06\\\/5G-Risiken-zwar-erkannt-aber-kaum-Investitionen-in-Sicherheit_MQ.jpg\"},{\"@type\":\"BreadcrumbList\",\"@id\":\"https:\\\/\\\/www.organisator.ch\\\/operational-excellence\\\/2023-06-14\\\/5g-risiken-zwar-erkannt-aber-kaum-investitionen-in-sicherheit\\\/#breadcrumb\",\"itemListElement\":[{\"@type\":\"ListItem\",\"position\":1,\"name\":\"Home\",\"item\":\"https:\\\/\\\/www.organisator.ch\\\/\"},{\"@type\":\"ListItem\",\"position\":2,\"name\":\"5G-Risiken zwar erkannt, aber kaum Investitionen in Sicherheit\"}]},{\"@type\":\"WebSite\",\"@id\":\"https:\\\/\\\/www.organisator.ch\\\/#website\",\"url\":\"https:\\\/\\\/www.organisator.ch\\\/\",\"name\":\"Organisator\",\"description\":\"Kompetent. Praxisnah. Der ORGANISATOR bereitet in 10 Ausgaben pro Jahr die wesentlichen Themen f\u00fcr F\u00fchrungskr\u00e4fte von KMU auf.\",\"publisher\":{\"@id\":\"https:\\\/\\\/www.organisator.ch\\\/#organization\"},\"potentialAction\":[{\"@type\":\"SearchAction\",\"target\":{\"@type\":\"EntryPoint\",\"urlTemplate\":\"https:\\\/\\\/www.organisator.ch\\\/?s={search_term_string}\"},\"query-input\":{\"@type\":\"PropertyValueSpecification\",\"valueRequired\":true,\"valueName\":\"search_term_string\"}}],\"inLanguage\":\"it-IT\"},{\"@type\":\"Organization\",\"@id\":\"https:\\\/\\\/www.organisator.ch\\\/#organization\",\"name\":\"Organisator\",\"url\":\"https:\\\/\\\/www.organisator.ch\\\/\",\"logo\":{\"@type\":\"ImageObject\",\"inLanguage\":\"it-IT\",\"@id\":\"https:\\\/\\\/www.organisator.ch\\\/#\\\/schema\\\/logo\\\/image\\\/\",\"url\":\"https:\\\/\\\/www.organisator.ch\\\/wp-content\\\/uploads\\\/2022\\\/01\\\/Logo_Organisator_Website.png\",\"contentUrl\":\"https:\\\/\\\/www.organisator.ch\\\/wp-content\\\/uploads\\\/2022\\\/01\\\/Logo_Organisator_Website.png\",\"width\":800,\"height\":77,\"caption\":\"Organisator\"},\"image\":{\"@id\":\"https:\\\/\\\/www.organisator.ch\\\/#\\\/schema\\\/logo\\\/image\\\/\"},\"sameAs\":[\"https:\\\/\\\/www.facebook.com\\\/OrganisatorFachmagazin\",\"https:\\\/\\\/www.linkedin.com\\\/showcase\\\/organisator-das-magazin-fr-kmu\",\"https:\\\/\\\/www.xing.com\\\/news\\\/pages\\\/organisator-ch-695\",\"https:\\\/\\\/www.youtube.com\\\/channel\\\/UCGP2Sq0iWaZwT3BdIAQFYpw\"]},{\"@type\":\"Person\",\"@id\":\"https:\\\/\\\/www.organisator.ch\\\/#\\\/schema\\\/person\\\/4e51799071cd2dd1232ac003643ef5f0\",\"name\":\"galledia\",\"image\":{\"@type\":\"ImageObject\",\"inLanguage\":\"it-IT\",\"@id\":\"https:\\\/\\\/secure.gravatar.com\\\/avatar\\\/78a7f90c01fc2bfc875782a0d4922b37cde2cf184ce347b91316d23cd7f69a36?s=96&d=mm&r=g\",\"url\":\"https:\\\/\\\/secure.gravatar.com\\\/avatar\\\/78a7f90c01fc2bfc875782a0d4922b37cde2cf184ce347b91316d23cd7f69a36?s=96&d=mm&r=g\",\"contentUrl\":\"https:\\\/\\\/secure.gravatar.com\\\/avatar\\\/78a7f90c01fc2bfc875782a0d4922b37cde2cf184ce347b91316d23cd7f69a36?s=96&d=mm&r=g\",\"caption\":\"galledia\"},\"sameAs\":[\"https:\\\/\\\/x.com\\\/admin\"],\"url\":\"https:\\\/\\\/www.organisator.ch\\\/it\\\/author\\\/galledia\\\/\"}]}<\/script>\n<!-- \/ Yoast SEO plugin. -->","yoast_head_json":{"title":"Riconosciuti i rischi del 5G, ma pochi investimenti nella sicurezza - Organizzatore","description":"Sicurezza 5G: l'87,4% delle aziende ne vede la necessit\u00e0. Rischi e misure inadeguate mettono a rischio le reti.","robots":{"index":"index","follow":"follow","max-snippet":"max-snippet:-1","max-image-preview":"max-image-preview:large","max-video-preview":"max-video-preview:-1"},"canonical":"https:\/\/www.organisator.ch\/it\/eccellenza-operativa\/2023-06-14\/5g-risiken-zwar-erkannt-aber-kaum-investitionen-in-sicherheit\/","og_locale":"it_IT","og_type":"article","og_title":"5G-Risiken zwar erkannt, aber kaum Investitionen in Sicherheit - Organisator","og_description":"5G-Sicherheit: 87,4% der Unternehmen sehen Bedarf. Risiken und unzureichende Ma\u00dfnahmen gef\u00e4hrden Netzwerke.","og_url":"https:\/\/www.organisator.ch\/it\/eccellenza-operativa\/2023-06-14\/5g-risiken-zwar-erkannt-aber-kaum-investitionen-in-sicherheit\/","og_site_name":"Organisator","article_publisher":"https:\/\/www.facebook.com\/OrganisatorFachmagazin","article_published_time":"2023-06-14T00:55:19+00:00","article_modified_time":"2024-11-15T13:06:34+00:00","author":"galledia","twitter_card":"summary_large_image","twitter_creator":"@admin","schema":{"@context":"https:\/\/schema.org","@graph":[{"@type":"Article","@id":"https:\/\/www.organisator.ch\/operational-excellence\/2023-06-14\/5g-risiken-zwar-erkannt-aber-kaum-investitionen-in-sicherheit\/#article","isPartOf":{"@id":"https:\/\/www.organisator.ch\/operational-excellence\/2023-06-14\/5g-risiken-zwar-erkannt-aber-kaum-investitionen-in-sicherheit\/"},"author":{"name":"galledia","@id":"https:\/\/www.organisator.ch\/#\/schema\/person\/4e51799071cd2dd1232ac003643ef5f0"},"headline":"5G-Risiken zwar erkannt, aber kaum Investitionen in Sicherheit","datePublished":"2023-06-14T00:55:19+00:00","dateModified":"2024-11-15T13:06:34+00:00","mainEntityOfPage":{"@id":"https:\/\/www.organisator.ch\/operational-excellence\/2023-06-14\/5g-risiken-zwar-erkannt-aber-kaum-investitionen-in-sicherheit\/"},"wordCount":590,"publisher":{"@id":"https:\/\/www.organisator.ch\/#organization"},"image":{"@id":"https:\/\/www.organisator.ch\/operational-excellence\/2023-06-14\/5g-risiken-zwar-erkannt-aber-kaum-investitionen-in-sicherheit\/#primaryimage"},"thumbnailUrl":"https:\/\/www.m-q.ch\/wp-content\/uploads\/2023\/06\/5G-Risiken-zwar-erkannt-aber-kaum-Investitionen-in-Sicherheit_MQ.jpg","keywords":["5G"],"articleSection":["OPERATIONAL EXCELLENCE"],"inLanguage":"it-IT"},{"@type":"WebPage","@id":"https:\/\/www.organisator.ch\/operational-excellence\/2023-06-14\/5g-risiken-zwar-erkannt-aber-kaum-investitionen-in-sicherheit\/","url":"https:\/\/www.organisator.ch\/operational-excellence\/2023-06-14\/5g-risiken-zwar-erkannt-aber-kaum-investitionen-in-sicherheit\/","name":"Riconosciuti i rischi del 5G, ma pochi investimenti nella sicurezza - Organizzatore","isPartOf":{"@id":"https:\/\/www.organisator.ch\/#website"},"primaryImageOfPage":{"@id":"https:\/\/www.organisator.ch\/operational-excellence\/2023-06-14\/5g-risiken-zwar-erkannt-aber-kaum-investitionen-in-sicherheit\/#primaryimage"},"image":{"@id":"https:\/\/www.organisator.ch\/operational-excellence\/2023-06-14\/5g-risiken-zwar-erkannt-aber-kaum-investitionen-in-sicherheit\/#primaryimage"},"thumbnailUrl":"https:\/\/www.m-q.ch\/wp-content\/uploads\/2023\/06\/5G-Risiken-zwar-erkannt-aber-kaum-Investitionen-in-Sicherheit_MQ.jpg","datePublished":"2023-06-14T00:55:19+00:00","dateModified":"2024-11-15T13:06:34+00:00","description":"Sicurezza 5G: l'87,4% delle aziende ne vede la necessit\u00e0. Rischi e misure inadeguate mettono a rischio le reti.","breadcrumb":{"@id":"https:\/\/www.organisator.ch\/operational-excellence\/2023-06-14\/5g-risiken-zwar-erkannt-aber-kaum-investitionen-in-sicherheit\/#breadcrumb"},"inLanguage":"it-IT","potentialAction":[{"@type":"ReadAction","target":["https:\/\/www.organisator.ch\/operational-excellence\/2023-06-14\/5g-risiken-zwar-erkannt-aber-kaum-investitionen-in-sicherheit\/"]}]},{"@type":"ImageObject","inLanguage":"it-IT","@id":"https:\/\/www.organisator.ch\/operational-excellence\/2023-06-14\/5g-risiken-zwar-erkannt-aber-kaum-investitionen-in-sicherheit\/#primaryimage","url":"https:\/\/www.m-q.ch\/wp-content\/uploads\/2023\/06\/5G-Risiken-zwar-erkannt-aber-kaum-Investitionen-in-Sicherheit_MQ.jpg","contentUrl":"https:\/\/www.m-q.ch\/wp-content\/uploads\/2023\/06\/5G-Risiken-zwar-erkannt-aber-kaum-Investitionen-in-Sicherheit_MQ.jpg"},{"@type":"BreadcrumbList","@id":"https:\/\/www.organisator.ch\/operational-excellence\/2023-06-14\/5g-risiken-zwar-erkannt-aber-kaum-investitionen-in-sicherheit\/#breadcrumb","itemListElement":[{"@type":"ListItem","position":1,"name":"Home","item":"https:\/\/www.organisator.ch\/"},{"@type":"ListItem","position":2,"name":"5G-Risiken zwar erkannt, aber kaum Investitionen in Sicherheit"}]},{"@type":"WebSite","@id":"https:\/\/www.organisator.ch\/#website","url":"https:\/\/www.organisator.ch\/","name":"Organizzatore","description":"Competente. Pratico. In 10 numeri all'anno, ORGANISATOR presenta i temi essenziali per i manager delle PMI.","publisher":{"@id":"https:\/\/www.organisator.ch\/#organization"},"potentialAction":[{"@type":"SearchAction","target":{"@type":"EntryPoint","urlTemplate":"https:\/\/www.organisator.ch\/?s={search_term_string}"},"query-input":{"@type":"PropertyValueSpecification","valueRequired":true,"valueName":"search_term_string"}}],"inLanguage":"it-IT"},{"@type":"Organization","@id":"https:\/\/www.organisator.ch\/#organization","name":"Organizzatore","url":"https:\/\/www.organisator.ch\/","logo":{"@type":"ImageObject","inLanguage":"it-IT","@id":"https:\/\/www.organisator.ch\/#\/schema\/logo\/image\/","url":"https:\/\/www.organisator.ch\/wp-content\/uploads\/2022\/01\/Logo_Organisator_Website.png","contentUrl":"https:\/\/www.organisator.ch\/wp-content\/uploads\/2022\/01\/Logo_Organisator_Website.png","width":800,"height":77,"caption":"Organisator"},"image":{"@id":"https:\/\/www.organisator.ch\/#\/schema\/logo\/image\/"},"sameAs":["https:\/\/www.facebook.com\/OrganisatorFachmagazin","https:\/\/www.linkedin.com\/showcase\/organisator-das-magazin-fr-kmu","https:\/\/www.xing.com\/news\/pages\/organisator-ch-695","https:\/\/www.youtube.com\/channel\/UCGP2Sq0iWaZwT3BdIAQFYpw"]},{"@type":"Person","@id":"https:\/\/www.organisator.ch\/#\/schema\/person\/4e51799071cd2dd1232ac003643ef5f0","name":"galledia","image":{"@type":"ImageObject","inLanguage":"it-IT","@id":"https:\/\/secure.gravatar.com\/avatar\/78a7f90c01fc2bfc875782a0d4922b37cde2cf184ce347b91316d23cd7f69a36?s=96&d=mm&r=g","url":"https:\/\/secure.gravatar.com\/avatar\/78a7f90c01fc2bfc875782a0d4922b37cde2cf184ce347b91316d23cd7f69a36?s=96&d=mm&r=g","contentUrl":"https:\/\/secure.gravatar.com\/avatar\/78a7f90c01fc2bfc875782a0d4922b37cde2cf184ce347b91316d23cd7f69a36?s=96&d=mm&r=g","caption":"galledia"},"sameAs":["https:\/\/x.com\/admin"],"url":"https:\/\/www.organisator.ch\/it\/author\/galledia\/"}]}},"_links":{"self":[{"href":"https:\/\/www.organisator.ch\/it\/wp-json\/wp\/v2\/posts\/20702","targetHints":{"allow":["GET"]}}],"collection":[{"href":"https:\/\/www.organisator.ch\/it\/wp-json\/wp\/v2\/posts"}],"about":[{"href":"https:\/\/www.organisator.ch\/it\/wp-json\/wp\/v2\/types\/post"}],"author":[{"embeddable":true,"href":"https:\/\/www.organisator.ch\/it\/wp-json\/wp\/v2\/users\/8"}],"replies":[{"embeddable":true,"href":"https:\/\/www.organisator.ch\/it\/wp-json\/wp\/v2\/comments?post=20702"}],"version-history":[{"count":4,"href":"https:\/\/www.organisator.ch\/it\/wp-json\/wp\/v2\/posts\/20702\/revisions"}],"predecessor-version":[{"id":33092,"href":"https:\/\/www.organisator.ch\/it\/wp-json\/wp\/v2\/posts\/20702\/revisions\/33092"}],"wp:attachment":[{"href":"https:\/\/www.organisator.ch\/it\/wp-json\/wp\/v2\/media?parent=20702"}],"wp:term":[{"taxonomy":"category","embeddable":true,"href":"https:\/\/www.organisator.ch\/it\/wp-json\/wp\/v2\/categories?post=20702"},{"taxonomy":"post_tag","embeddable":true,"href":"https:\/\/www.organisator.ch\/it\/wp-json\/wp\/v2\/tags?post=20702"}],"curies":[{"name":"wp","href":"https:\/\/api.w.org\/{rel}","templated":true}]}}