{"id":2071,"date":"2019-03-19T10:32:17","date_gmt":"2019-03-19T09:32:17","guid":{"rendered":"https:\/\/www.umweltperspektiven.ch\/?p=2071"},"modified":"2019-03-19T10:32:17","modified_gmt":"2019-03-19T09:32:17","slug":"storytelling-in-der-pharmabranche-auf-dem-weg-zur-besserung","status":"publish","type":"post","link":"https:\/\/www.organisator.ch\/it\/allgemein\/2019-03-19\/storytelling-in-der-pharmabranche-auf-dem-weg-zur-besserung\/","title":{"rendered":"Lo storytelling nell'industria farmaceutica: \"Sulla strada del recupero\"."},"content":{"rendered":"<p>&nbsp;<\/p>\n<figure id=\"attachment_2072\" aria-describedby=\"caption-attachment-2072\" style=\"width: 680px\" class=\"wp-caption alignnone\"><img loading=\"lazy\" decoding=\"async\" class=\"size-medium wp-image-2072\" src=\"\/\/www.umweltperspektiven.ch\/wp-content\/uploads\/2019\/03\/storytelling-pharmabranche-up-umweltperspektiven.jpg\" alt=\"\" width=\"680\" height=\"501\" \/><figcaption id=\"caption-attachment-2072\" class=\"wp-caption-text\">Lo story telling sta facendo breccia anche in settori piuttosto aridi come quello farmaceutico. (Immagine simbolo: Unsplash)<\/figcaption><\/figure>\n<p>Che cosa pu\u00f2 fare lo storytelling nel settore farmaceutico e quali aziende hanno dato il buon esempio con le loro campagne negli ultimi anni \u00e8 dimostrato da Miriam Rupp, CEO di <a href=\"\/\/www.mashup-communications.de\">Comunicazioni Mashup<\/a>agenzia di PR e brand storytelling.<\/p>\n<p><strong>Persone invece di malattie: Il Coro Senza Fiato\u00a0<\/strong><\/p>\n<p>Anche le aziende pi\u00f9 grandi hanno pi\u00f9 probabilit\u00e0 di essere ricordate per slogan ingombranti che per campagne entusiasmanti. L'industria farmaceutica copre un'enorme gamma di argomenti. Opera in una struttura sensibile di pazienti, professionisti medici e una forte industria farmaceutica.<\/p>\n<p>Da un punto di vista scientifico, \u00e8 necessario un reportage che si concentri sulla presentazione oggettiva della complessa ricerca e del trattamento delle malattie. Tuttavia, se si guarda al perch\u00e9 del settore e ci si concentra sul livello emotivo, si tratta di persone, del loro benessere e delle loro esigenze. Questo \u00e8 esattamente ci\u00f2 che dovrebbe essere in primo piano nella comunicazione con i gruppi target.<\/p>\n<p>Un esempio impressionante \u00e8 fornito dalla campagna \"<a href=\"\/\/www.youtube.com\/watch?v=WDpsWwmhLqc\">Coro senza fiato<\/a>\"da Philips. Il cortometraggio mostra diversi pazienti che hanno difficolt\u00e0 respiratorie ma non vogliono rinunciare alla loro passione per il canto. Il Coro Senza Fiato li aiuta ad apprendere alcune tecniche di respirazione. Il film, che ha vinto nella categoria Pharma a Cannes nel 2016, dimostra che il canto pu\u00f2 generare un grande valore aggiunto sociale.<\/p>\n<p>D'altra parte, diventa chiaro come i membri del coro recuperino pi\u00f9 energia attraverso alcuni esercizi di respirazione. Il recupero non deve sempre avvenire nel classico ambiente medico. Philips mostra come i contenuti emozionali possano essere utilizzati per pubblicizzare argomenti e prodotti sanitari.<\/p>\n<p><strong>Creare consapevolezza sui modelli di malattia con umorismo e coraggio<\/strong><\/p>\n<p>La campagna di Gilead Sciences dimostra che anche gli argomenti pi\u00f9 difficili non devono sempre essere presi sul serio e che l'umorismo pu\u00f2 essere usato per creare accesso alla ricerca e alle malattie. Con il video \"<a href=\"\/\/www.youtube.com\/watch?v=YHdeVv9XYWU\">Il mio viaggio: il volo HIV101<\/a>\"hanno lanciato la campagna \"Il mio HIV, le mie regole, il mio viaggio\". In questo libro, la drag queen e attivista Panti Bliss sostiene con umorismo le persone affette da HIV e le supporta nel loro percorso di vita con la malattia. La campagna sottolinea che le decisioni prese oggi in materia di salute, ricchezza e benessere aiuteranno le persone affette da HIV a vivere la vita che desiderano domani.<\/p>\n<p><strong>Rompere la complessit\u00e0: la narrazione come intermediario della conoscenza<\/strong><\/p>\n<p>L'industria farmaceutica \u00e8 caratterizzata dalla complessit\u00e0. Oltre ad argomenti delicati e privati, molti contenuti sono molto difficili e faticosi da comprendere per i non addetti ai lavori. Lo storytelling pu\u00f2 fungere da ponte in questo caso e rendere i contenuti completi accessibili al rispettivo gruppo target. Perch\u00e9 parlare sempre degli effetti dei farmaci in modo medico e sterile quando si possono rendere comprensibili a tutti i benefici attraverso semplici storie, confronti o grafici?<\/p>\n<p>Bayer ha successo in questo caso con il suo\u00a0<a href=\"\/\/r20.rs6.net\/tn.jsp?f=001yNtXz92C36HSSBB7LCAN0Dwt5dC_50fnEQ5db6LIbEyaU2vG8WsU-GFNV0Z2hgiowaKPd4ptMr13oZTJeAYOgSB7apL0wmkVMLOZEyx4NciEzUiSUNK-CnMWbipW23GRKNkCl1I6IEa9eADVifEkt1f_3IcU9UODDvo_XGF21jaUmZrpKsVl1A==&amp;c=WBaz5UjoeBd7Nop3QQ73W3OpABywjLVhIpQFl_Twu4tQ0mCCiRf64g==&amp;ch=OJ5NETugrw3GiBBsQLqKjaBsod9ZoBxpWU8t8Z7M5PlpSmB6LsbpIA==\">Rivista online<\/a>presentare gli obiettivi della ricerca in modo comprensibile anche ai non addetti ai lavori. Questa forma di content marketing consente di rendere tangibile la complessit\u00e0 delle aree tematiche. Oltre alle guide generali sulla salute, ci sono anche storie personali di dipendenti Bayer o approfondimenti su varie aree specialistiche, come la ricerca sul cancro. Tutti i contenuti sono sempre legati alle persone e presentati in modo comprensibile, rendendo cos\u00ec pi\u00f9 accessibile l'anonima grande azienda.<\/p>\n<p><strong>Eroi di tutti i giorni: lo storytelling per l'employer branding<\/strong><\/p>\n<p>In alcuni casi, l'industria farmaceutica deve lottare contro i pregiudizi. Per molte persone, una carriera in questo settore \u00e8 fuori questione per motivi morali. Le aziende farmaceutiche, non meno di altri datori di lavoro, devono quindi attribuire importanza alla fedelt\u00e0 al marchio con i dipendenti esistenti e potenziali attraverso un employer branding attivo.<\/p>\n<p>Il Gruppo Merck fornisce un buon esempio con la sua pagina dedicata alle carriere. Con il motto \"<a href=\"\/\/r20.rs6.net\/tn.jsp?f=001yNtXz92C36HSSBB7LCAN0Dwt5dC_50fnEQ5db6LIbEyaU2vG8WsU-GFNV0Z2hgio2A5JqXn0dXiYuUSA75CAbzo0RhdhlXgJtSuy91IfPU_KlEM688gtMoouFaYFUSGo08tNVJhaKYSUMSb_0w-ffkTYv8HPW7QIKm0iBS2oA9Zo08sPz_0GjZ_Fjfq0xhdlPKCcb197srk=&amp;c=WBaz5UjoeBd7Nop3QQ73W3OpABywjLVhIpQFl_Twu4tQ0mCCiRf64g==&amp;ch=OJ5NETugrw3GiBBsQLqKjaBsod9ZoBxpWU8t8Z7M5PlpSmB6LsbpIA==\">Dove vi porter\u00e0 la vostra curiosit\u00e0?<\/a>Nel loro progetto \"Merck\", motivano gli interessati a guardare pi\u00f9 da vicino i temi trattati dall'azienda e a riflettere sul proprio lavoro a vari livelli. Con immagini e video che non sono immediatamente associabili a una grande azienda anonima come Merck, riescono a presentare in modo tangibile i risultati del loro lavoro e quali spettri copre la loro ricerca.<\/p>\n<p><strong>Conclusione:\u00a0<\/strong><\/p>\n<p>L'industria farmaceutica ha innumerevoli modi per presentarsi e comunicare con i suoi gruppi target. Soprattutto, non sono solo i pazienti ad essere indirizzati in modo sostenibile attraverso la narrazione, ma anche i medici e i farmacisti possono essere ispirati da storie emozionali. Oltre ai fatti scientifici e alle presentazioni oggettive, le storie umane riescono a coinvolgere gli esperti. Il metodo dello storytelling pu\u00f2 dare frutti soprattutto nel campo della ricerca e dell'educazione sulle malattie rare, ma anche nella fidelizzazione dei dipendenti.<\/p>","protected":false},"excerpt":{"rendered":"<p>&nbsp; Was Storytelling im Pharmabereich leisten kann und welche Konzerne mit ihren Kampagnen in den letzten Jahren mit gutem Beispiel vorangegangen sind, zeigt Miriam Rupp, CEO von Mashup Communications, Agentur f\u00fcr PR und Brand Storytelling. Menschen statt Krankheiten: Der Breathless Choir\u00a0 Selbst die gr\u00f6ssten Unternehmen bleiben eher durch sperrige Slogans im Ged\u00e4chtnis als durch spannende [&hellip;]<\/p>\n","protected":false},"author":5,"featured_media":9594,"comment_status":"open","ping_status":"open","sticky":false,"template":"","format":"standard","meta":{"_acf_changed":false,"_yoast_wpseo_focuskw":"Storytelling","_yoast_wpseo_metadesc":"Bisher wird der Bereich Storytelling in der Pharmabranche besonders in Deutschland und der Schweiz eher bescheiden behandelt.","articlekey":"","footnotes":""},"categories":[1],"tags":[308,1906,457],"class_list":["post-2071","post","type-post","status-publish","format-standard","has-post-thumbnail","hentry","category-allgemein","tag-kommunikation","tag-pharma","tag-storytelling"],"acf":[],"yoast_head":"<!-- This site is optimized with the Yoast SEO plugin v27.4 - https:\/\/yoast.com\/product\/yoast-seo-wordpress\/ -->\n<title>Storytelling in der Pharmabranche: &quot;Auf dem Weg zur Besserung&quot; - Organisator<\/title>\n<meta name=\"description\" content=\"Bisher wird der Bereich Storytelling in der Pharmabranche besonders in Deutschland und der Schweiz eher bescheiden behandelt.\" \/>\n<meta name=\"robots\" content=\"index, follow, max-snippet:-1, max-image-preview:large, max-video-preview:-1\" \/>\n<link rel=\"canonical\" href=\"https:\/\/www.organisator.ch\/it\/generale\/2019-03-19\/storytelling-in-der-pharmabranche-auf-dem-weg-zur-besserung\/\" \/>\n<meta property=\"og:locale\" content=\"it_IT\" \/>\n<meta property=\"og:type\" content=\"article\" \/>\n<meta property=\"og:title\" content=\"Storytelling in der Pharmabranche: &quot;Auf dem Weg zur Besserung&quot; - Organisator\" \/>\n<meta property=\"og:description\" content=\"Bisher wird der Bereich Storytelling in der Pharmabranche besonders in Deutschland und der Schweiz eher bescheiden behandelt.\" \/>\n<meta property=\"og:url\" content=\"https:\/\/www.organisator.ch\/it\/generale\/2019-03-19\/storytelling-in-der-pharmabranche-auf-dem-weg-zur-besserung\/\" \/>\n<meta property=\"og:site_name\" content=\"Organisator\" \/>\n<meta property=\"article:publisher\" content=\"https:\/\/www.facebook.com\/OrganisatorFachmagazin\" \/>\n<meta property=\"article:published_time\" content=\"2019-03-19T09:32:17+00:00\" \/>\n<meta property=\"og:image\" content=\"https:\/\/www.organisator.ch\/wp-content\/uploads\/2019\/03\/storytelling-pharmabranche-up-umweltperspektiven-scaled.jpg\" \/>\n\t<meta property=\"og:image:width\" content=\"2560\" \/>\n\t<meta property=\"og:image:height\" content=\"1885\" \/>\n\t<meta property=\"og:image:type\" content=\"image\/jpeg\" \/>\n<meta name=\"author\" content=\"michael.merz\" \/>\n<meta name=\"twitter:card\" content=\"summary_large_image\" \/>\n<script type=\"application\/ld+json\" class=\"yoast-schema-graph\">{\"@context\":\"https:\\\/\\\/schema.org\",\"@graph\":[{\"@type\":\"Article\",\"@id\":\"https:\\\/\\\/www.organisator.ch\\\/de\\\/allgemein\\\/2019-03-19\\\/storytelling-in-der-pharmabranche-auf-dem-weg-zur-besserung\\\/#article\",\"isPartOf\":{\"@id\":\"https:\\\/\\\/www.organisator.ch\\\/de\\\/allgemein\\\/2019-03-19\\\/storytelling-in-der-pharmabranche-auf-dem-weg-zur-besserung\\\/\"},\"author\":{\"name\":\"michael.merz\",\"@id\":\"https:\\\/\\\/www.organisator.ch\\\/#\\\/schema\\\/person\\\/134708ca9321c57b0362cceb7948ffbd\"},\"headline\":\"Storytelling in der Pharmabranche: &#8222;Auf dem Weg zur Besserung&#8220;\",\"datePublished\":\"2019-03-19T09:32:17+00:00\",\"mainEntityOfPage\":{\"@id\":\"https:\\\/\\\/www.organisator.ch\\\/de\\\/allgemein\\\/2019-03-19\\\/storytelling-in-der-pharmabranche-auf-dem-weg-zur-besserung\\\/\"},\"wordCount\":769,\"commentCount\":0,\"publisher\":{\"@id\":\"https:\\\/\\\/www.organisator.ch\\\/#organization\"},\"image\":{\"@id\":\"https:\\\/\\\/www.organisator.ch\\\/de\\\/allgemein\\\/2019-03-19\\\/storytelling-in-der-pharmabranche-auf-dem-weg-zur-besserung\\\/#primaryimage\"},\"thumbnailUrl\":\"https:\\\/\\\/www.organisator.ch\\\/wp-content\\\/uploads\\\/2019\\\/03\\\/storytelling-pharmabranche-up-umweltperspektiven-scaled.jpg\",\"keywords\":[\"Kommunikation\",\"Pharma\",\"Storytelling\"],\"articleSection\":[\"Allgemein\"],\"inLanguage\":\"it-IT\"},{\"@type\":\"WebPage\",\"@id\":\"https:\\\/\\\/www.organisator.ch\\\/de\\\/allgemein\\\/2019-03-19\\\/storytelling-in-der-pharmabranche-auf-dem-weg-zur-besserung\\\/\",\"url\":\"https:\\\/\\\/www.organisator.ch\\\/de\\\/allgemein\\\/2019-03-19\\\/storytelling-in-der-pharmabranche-auf-dem-weg-zur-besserung\\\/\",\"name\":\"Storytelling in der Pharmabranche: \\\"Auf dem Weg zur Besserung\\\" - Organisator\",\"isPartOf\":{\"@id\":\"https:\\\/\\\/www.organisator.ch\\\/#website\"},\"primaryImageOfPage\":{\"@id\":\"https:\\\/\\\/www.organisator.ch\\\/de\\\/allgemein\\\/2019-03-19\\\/storytelling-in-der-pharmabranche-auf-dem-weg-zur-besserung\\\/#primaryimage\"},\"image\":{\"@id\":\"https:\\\/\\\/www.organisator.ch\\\/de\\\/allgemein\\\/2019-03-19\\\/storytelling-in-der-pharmabranche-auf-dem-weg-zur-besserung\\\/#primaryimage\"},\"thumbnailUrl\":\"https:\\\/\\\/www.organisator.ch\\\/wp-content\\\/uploads\\\/2019\\\/03\\\/storytelling-pharmabranche-up-umweltperspektiven-scaled.jpg\",\"datePublished\":\"2019-03-19T09:32:17+00:00\",\"description\":\"Bisher wird der Bereich Storytelling in der Pharmabranche besonders in Deutschland und der Schweiz eher bescheiden behandelt.\",\"breadcrumb\":{\"@id\":\"https:\\\/\\\/www.organisator.ch\\\/de\\\/allgemein\\\/2019-03-19\\\/storytelling-in-der-pharmabranche-auf-dem-weg-zur-besserung\\\/#breadcrumb\"},\"inLanguage\":\"it-IT\",\"potentialAction\":[{\"@type\":\"ReadAction\",\"target\":[\"https:\\\/\\\/www.organisator.ch\\\/de\\\/allgemein\\\/2019-03-19\\\/storytelling-in-der-pharmabranche-auf-dem-weg-zur-besserung\\\/\"]}]},{\"@type\":\"ImageObject\",\"inLanguage\":\"it-IT\",\"@id\":\"https:\\\/\\\/www.organisator.ch\\\/de\\\/allgemein\\\/2019-03-19\\\/storytelling-in-der-pharmabranche-auf-dem-weg-zur-besserung\\\/#primaryimage\",\"url\":\"https:\\\/\\\/www.organisator.ch\\\/wp-content\\\/uploads\\\/2019\\\/03\\\/storytelling-pharmabranche-up-umweltperspektiven-scaled.jpg\",\"contentUrl\":\"https:\\\/\\\/www.organisator.ch\\\/wp-content\\\/uploads\\\/2019\\\/03\\\/storytelling-pharmabranche-up-umweltperspektiven-scaled.jpg\",\"width\":2560,\"height\":1885,\"caption\":\"Auch in eher trockenen Sektoren wie der Pharmaindustrie h\u00e4lt Story Telling Einzug. (Symbolbild: Unsplash)\"},{\"@type\":\"BreadcrumbList\",\"@id\":\"https:\\\/\\\/www.organisator.ch\\\/de\\\/allgemein\\\/2019-03-19\\\/storytelling-in-der-pharmabranche-auf-dem-weg-zur-besserung\\\/#breadcrumb\",\"itemListElement\":[{\"@type\":\"ListItem\",\"position\":1,\"name\":\"Home\",\"item\":\"https:\\\/\\\/www.organisator.ch\\\/\"},{\"@type\":\"ListItem\",\"position\":2,\"name\":\"Storytelling in der Pharmabranche: &#8222;Auf dem Weg zur Besserung&#8220;\"}]},{\"@type\":\"WebSite\",\"@id\":\"https:\\\/\\\/www.organisator.ch\\\/#website\",\"url\":\"https:\\\/\\\/www.organisator.ch\\\/\",\"name\":\"Organisator\",\"description\":\"Kompetent. Praxisnah. Der ORGANISATOR bereitet in 10 Ausgaben pro Jahr die wesentlichen Themen f\u00fcr F\u00fchrungskr\u00e4fte von KMU auf.\",\"publisher\":{\"@id\":\"https:\\\/\\\/www.organisator.ch\\\/#organization\"},\"potentialAction\":[{\"@type\":\"SearchAction\",\"target\":{\"@type\":\"EntryPoint\",\"urlTemplate\":\"https:\\\/\\\/www.organisator.ch\\\/?s={search_term_string}\"},\"query-input\":{\"@type\":\"PropertyValueSpecification\",\"valueRequired\":true,\"valueName\":\"search_term_string\"}}],\"inLanguage\":\"it-IT\"},{\"@type\":\"Organization\",\"@id\":\"https:\\\/\\\/www.organisator.ch\\\/#organization\",\"name\":\"Organisator\",\"url\":\"https:\\\/\\\/www.organisator.ch\\\/\",\"logo\":{\"@type\":\"ImageObject\",\"inLanguage\":\"it-IT\",\"@id\":\"https:\\\/\\\/www.organisator.ch\\\/#\\\/schema\\\/logo\\\/image\\\/\",\"url\":\"https:\\\/\\\/www.organisator.ch\\\/wp-content\\\/uploads\\\/2022\\\/01\\\/Logo_Organisator_Website.png\",\"contentUrl\":\"https:\\\/\\\/www.organisator.ch\\\/wp-content\\\/uploads\\\/2022\\\/01\\\/Logo_Organisator_Website.png\",\"width\":800,\"height\":77,\"caption\":\"Organisator\"},\"image\":{\"@id\":\"https:\\\/\\\/www.organisator.ch\\\/#\\\/schema\\\/logo\\\/image\\\/\"},\"sameAs\":[\"https:\\\/\\\/www.facebook.com\\\/OrganisatorFachmagazin\",\"https:\\\/\\\/www.linkedin.com\\\/showcase\\\/organisator-das-magazin-fr-kmu\",\"https:\\\/\\\/www.xing.com\\\/news\\\/pages\\\/organisator-ch-695\",\"https:\\\/\\\/www.youtube.com\\\/channel\\\/UCGP2Sq0iWaZwT3BdIAQFYpw\"]},{\"@type\":\"Person\",\"@id\":\"https:\\\/\\\/www.organisator.ch\\\/#\\\/schema\\\/person\\\/134708ca9321c57b0362cceb7948ffbd\",\"name\":\"michael.merz\",\"image\":{\"@type\":\"ImageObject\",\"inLanguage\":\"it-IT\",\"@id\":\"https:\\\/\\\/secure.gravatar.com\\\/avatar\\\/?s=96&d=mm&r=g\",\"url\":\"https:\\\/\\\/secure.gravatar.com\\\/avatar\\\/?s=96&d=mm&r=g\",\"contentUrl\":\"https:\\\/\\\/secure.gravatar.com\\\/avatar\\\/?s=96&d=mm&r=g\",\"caption\":\"michael.merz\"},\"url\":\"https:\\\/\\\/www.organisator.ch\\\/it\\\/author\\\/michael-merz\\\/\"}]}<\/script>\n<!-- \/ Yoast SEO plugin. -->","yoast_head_json":{"title":"Storytelling nell'industria farmaceutica: \"Sulla strada della ripresa\" - Organizzatore","description":"Finora lo storytelling \u00e8 stato trattato in modo piuttosto modesto nell'industria farmaceutica, soprattutto in Germania e in Svizzera.","robots":{"index":"index","follow":"follow","max-snippet":"max-snippet:-1","max-image-preview":"max-image-preview:large","max-video-preview":"max-video-preview:-1"},"canonical":"https:\/\/www.organisator.ch\/it\/generale\/2019-03-19\/storytelling-in-der-pharmabranche-auf-dem-weg-zur-besserung\/","og_locale":"it_IT","og_type":"article","og_title":"Storytelling in der Pharmabranche: \"Auf dem Weg zur Besserung\" - Organisator","og_description":"Bisher wird der Bereich Storytelling in der Pharmabranche besonders in Deutschland und der Schweiz eher bescheiden behandelt.","og_url":"https:\/\/www.organisator.ch\/it\/generale\/2019-03-19\/storytelling-in-der-pharmabranche-auf-dem-weg-zur-besserung\/","og_site_name":"Organisator","article_publisher":"https:\/\/www.facebook.com\/OrganisatorFachmagazin","article_published_time":"2019-03-19T09:32:17+00:00","og_image":[{"width":2560,"height":1885,"url":"https:\/\/www.organisator.ch\/wp-content\/uploads\/2019\/03\/storytelling-pharmabranche-up-umweltperspektiven-scaled.jpg","type":"image\/jpeg"}],"author":"michael.merz","twitter_card":"summary_large_image","schema":{"@context":"https:\/\/schema.org","@graph":[{"@type":"Article","@id":"https:\/\/www.organisator.ch\/de\/allgemein\/2019-03-19\/storytelling-in-der-pharmabranche-auf-dem-weg-zur-besserung\/#article","isPartOf":{"@id":"https:\/\/www.organisator.ch\/de\/allgemein\/2019-03-19\/storytelling-in-der-pharmabranche-auf-dem-weg-zur-besserung\/"},"author":{"name":"michael.merz","@id":"https:\/\/www.organisator.ch\/#\/schema\/person\/134708ca9321c57b0362cceb7948ffbd"},"headline":"Storytelling in der Pharmabranche: &#8222;Auf dem Weg zur Besserung&#8220;","datePublished":"2019-03-19T09:32:17+00:00","mainEntityOfPage":{"@id":"https:\/\/www.organisator.ch\/de\/allgemein\/2019-03-19\/storytelling-in-der-pharmabranche-auf-dem-weg-zur-besserung\/"},"wordCount":769,"commentCount":0,"publisher":{"@id":"https:\/\/www.organisator.ch\/#organization"},"image":{"@id":"https:\/\/www.organisator.ch\/de\/allgemein\/2019-03-19\/storytelling-in-der-pharmabranche-auf-dem-weg-zur-besserung\/#primaryimage"},"thumbnailUrl":"https:\/\/www.organisator.ch\/wp-content\/uploads\/2019\/03\/storytelling-pharmabranche-up-umweltperspektiven-scaled.jpg","keywords":["Kommunikation","Pharma","Storytelling"],"articleSection":["Allgemein"],"inLanguage":"it-IT"},{"@type":"WebPage","@id":"https:\/\/www.organisator.ch\/de\/allgemein\/2019-03-19\/storytelling-in-der-pharmabranche-auf-dem-weg-zur-besserung\/","url":"https:\/\/www.organisator.ch\/de\/allgemein\/2019-03-19\/storytelling-in-der-pharmabranche-auf-dem-weg-zur-besserung\/","name":"Storytelling nell'industria farmaceutica: \"Sulla strada della ripresa\" - Organizzatore","isPartOf":{"@id":"https:\/\/www.organisator.ch\/#website"},"primaryImageOfPage":{"@id":"https:\/\/www.organisator.ch\/de\/allgemein\/2019-03-19\/storytelling-in-der-pharmabranche-auf-dem-weg-zur-besserung\/#primaryimage"},"image":{"@id":"https:\/\/www.organisator.ch\/de\/allgemein\/2019-03-19\/storytelling-in-der-pharmabranche-auf-dem-weg-zur-besserung\/#primaryimage"},"thumbnailUrl":"https:\/\/www.organisator.ch\/wp-content\/uploads\/2019\/03\/storytelling-pharmabranche-up-umweltperspektiven-scaled.jpg","datePublished":"2019-03-19T09:32:17+00:00","description":"Finora lo storytelling \u00e8 stato trattato in modo piuttosto modesto nell'industria farmaceutica, soprattutto in Germania e in Svizzera.","breadcrumb":{"@id":"https:\/\/www.organisator.ch\/de\/allgemein\/2019-03-19\/storytelling-in-der-pharmabranche-auf-dem-weg-zur-besserung\/#breadcrumb"},"inLanguage":"it-IT","potentialAction":[{"@type":"ReadAction","target":["https:\/\/www.organisator.ch\/de\/allgemein\/2019-03-19\/storytelling-in-der-pharmabranche-auf-dem-weg-zur-besserung\/"]}]},{"@type":"ImageObject","inLanguage":"it-IT","@id":"https:\/\/www.organisator.ch\/de\/allgemein\/2019-03-19\/storytelling-in-der-pharmabranche-auf-dem-weg-zur-besserung\/#primaryimage","url":"https:\/\/www.organisator.ch\/wp-content\/uploads\/2019\/03\/storytelling-pharmabranche-up-umweltperspektiven-scaled.jpg","contentUrl":"https:\/\/www.organisator.ch\/wp-content\/uploads\/2019\/03\/storytelling-pharmabranche-up-umweltperspektiven-scaled.jpg","width":2560,"height":1885,"caption":"Auch in eher trockenen Sektoren wie der Pharmaindustrie h\u00e4lt Story Telling Einzug. (Symbolbild: Unsplash)"},{"@type":"BreadcrumbList","@id":"https:\/\/www.organisator.ch\/de\/allgemein\/2019-03-19\/storytelling-in-der-pharmabranche-auf-dem-weg-zur-besserung\/#breadcrumb","itemListElement":[{"@type":"ListItem","position":1,"name":"Home","item":"https:\/\/www.organisator.ch\/"},{"@type":"ListItem","position":2,"name":"Storytelling in der Pharmabranche: &#8222;Auf dem Weg zur Besserung&#8220;"}]},{"@type":"WebSite","@id":"https:\/\/www.organisator.ch\/#website","url":"https:\/\/www.organisator.ch\/","name":"Organizzatore","description":"Competente. Pratico. In 10 numeri all'anno, ORGANISATOR presenta i temi essenziali per i manager delle PMI.","publisher":{"@id":"https:\/\/www.organisator.ch\/#organization"},"potentialAction":[{"@type":"SearchAction","target":{"@type":"EntryPoint","urlTemplate":"https:\/\/www.organisator.ch\/?s={search_term_string}"},"query-input":{"@type":"PropertyValueSpecification","valueRequired":true,"valueName":"search_term_string"}}],"inLanguage":"it-IT"},{"@type":"Organization","@id":"https:\/\/www.organisator.ch\/#organization","name":"Organizzatore","url":"https:\/\/www.organisator.ch\/","logo":{"@type":"ImageObject","inLanguage":"it-IT","@id":"https:\/\/www.organisator.ch\/#\/schema\/logo\/image\/","url":"https:\/\/www.organisator.ch\/wp-content\/uploads\/2022\/01\/Logo_Organisator_Website.png","contentUrl":"https:\/\/www.organisator.ch\/wp-content\/uploads\/2022\/01\/Logo_Organisator_Website.png","width":800,"height":77,"caption":"Organisator"},"image":{"@id":"https:\/\/www.organisator.ch\/#\/schema\/logo\/image\/"},"sameAs":["https:\/\/www.facebook.com\/OrganisatorFachmagazin","https:\/\/www.linkedin.com\/showcase\/organisator-das-magazin-fr-kmu","https:\/\/www.xing.com\/news\/pages\/organisator-ch-695","https:\/\/www.youtube.com\/channel\/UCGP2Sq0iWaZwT3BdIAQFYpw"]},{"@type":"Person","@id":"https:\/\/www.organisator.ch\/#\/schema\/person\/134708ca9321c57b0362cceb7948ffbd","name":"michael.merz","image":{"@type":"ImageObject","inLanguage":"it-IT","@id":"https:\/\/secure.gravatar.com\/avatar\/?s=96&d=mm&r=g","url":"https:\/\/secure.gravatar.com\/avatar\/?s=96&d=mm&r=g","contentUrl":"https:\/\/secure.gravatar.com\/avatar\/?s=96&d=mm&r=g","caption":"michael.merz"},"url":"https:\/\/www.organisator.ch\/it\/author\/michael-merz\/"}]}},"_links":{"self":[{"href":"https:\/\/www.organisator.ch\/it\/wp-json\/wp\/v2\/posts\/2071","targetHints":{"allow":["GET"]}}],"collection":[{"href":"https:\/\/www.organisator.ch\/it\/wp-json\/wp\/v2\/posts"}],"about":[{"href":"https:\/\/www.organisator.ch\/it\/wp-json\/wp\/v2\/types\/post"}],"author":[{"embeddable":true,"href":"https:\/\/www.organisator.ch\/it\/wp-json\/wp\/v2\/users\/5"}],"replies":[{"embeddable":true,"href":"https:\/\/www.organisator.ch\/it\/wp-json\/wp\/v2\/comments?post=2071"}],"version-history":[{"count":0,"href":"https:\/\/www.organisator.ch\/it\/wp-json\/wp\/v2\/posts\/2071\/revisions"}],"wp:featuredmedia":[{"embeddable":true,"href":"https:\/\/www.organisator.ch\/it\/wp-json\/wp\/v2\/media\/9594"}],"wp:attachment":[{"href":"https:\/\/www.organisator.ch\/it\/wp-json\/wp\/v2\/media?parent=2071"}],"wp:term":[{"taxonomy":"category","embeddable":true,"href":"https:\/\/www.organisator.ch\/it\/wp-json\/wp\/v2\/categories?post=2071"},{"taxonomy":"post_tag","embeddable":true,"href":"https:\/\/www.organisator.ch\/it\/wp-json\/wp\/v2\/tags?post=2071"}],"curies":[{"name":"wp","href":"https:\/\/api.w.org\/{rel}","templated":true}]}}