{"id":2072,"date":"2017-06-19T09:57:22","date_gmt":"2017-06-19T07:57:22","guid":{"rendered":"https:\/\/www.organisator.ch\/?p=2072"},"modified":"2017-06-19T09:57:22","modified_gmt":"2017-06-19T07:57:22","slug":"fuenf-wichtige-tipps-fuer-die-organisation-der-ferienvertretung","status":"publish","type":"post","link":"https:\/\/www.organisator.ch\/it\/management\/2017-06-19\/fuenf-wichtige-tipps-fuer-die-organisation-der-ferienvertretung\/","title":{"rendered":"Cinque consigli importanti per organizzare la sostituzione delle vacanze"},"content":{"rendered":"<figure id=\"attachment_2073\" aria-describedby=\"caption-attachment-2073\" style=\"width: 522px\" class=\"wp-caption alignnone\"><img loading=\"lazy\" decoding=\"async\" class=\"size-full wp-image-2073\" src=\"https:\/\/www.organisator.ch\/wp-content\/uploads\/2017\/06\/Fuenf-wichtige-Tipps-fuer-die-Organisation-der-Ferienvertretung_Organisator.jpg\" alt=\"\" width=\"522\" height=\"480\" srcset=\"https:\/\/www.organisator.ch\/wp-content\/uploads\/2017\/06\/Fuenf-wichtige-Tipps-fuer-die-Organisation-der-Ferienvertretung_Organisator.jpg 522w, https:\/\/www.organisator.ch\/wp-content\/uploads\/2017\/06\/Fuenf-wichtige-Tipps-fuer-die-Organisation-der-Ferienvertretung_Organisator-13x12.jpg 13w, https:\/\/www.organisator.ch\/wp-content\/uploads\/2017\/06\/Fuenf-wichtige-Tipps-fuer-die-Organisation-der-Ferienvertretung_Organisator-190x175.jpg 190w, https:\/\/www.organisator.ch\/wp-content\/uploads\/2017\/06\/Fuenf-wichtige-Tipps-fuer-die-Organisation-der-Ferienvertretung_Organisator-381x350.jpg 381w, https:\/\/www.organisator.ch\/wp-content\/uploads\/2017\/06\/Fuenf-wichtige-Tipps-fuer-die-Organisation-der-Ferienvertretung_Organisator-300x276.jpg 300w\" sizes=\"auto, (max-width: 522px) 100vw, 522px\" \/><figcaption id=\"caption-attachment-2073\" class=\"wp-caption-text\">Prima di partire per una meritata vacanza, la sostituzione della vacanza dovrebbe essere ben organizzata. (Immagine: Rosel Eckstein \/ pixelio.de)<\/figcaption><\/figure>\n<p>\"Durante le vacanze, i dipendenti dovrebbero ricaricare le batterie senza preoccuparsi delle questioni di lavoro\", sottolinea Yeng Chow, Senior Manager di Robert Half a Zurigo. \"I passaggi di consegne durante le vacanze non aiutano quindi solo i colleghi che devono subentrare nei compiti. Soprattutto, servono per poter effettivamente spegnere e rigenerarsi completamente durante le vacanze. Se la ricreazione viene a mancare durante il tempo libero, c'\u00e8 da aspettarsi una minore produttivit\u00e0 e una mancanza di motivazione al ritorno\", dice Chow. Per aiutare i dipendenti a godersi le loro meritate vacanze, Robert Half ricorda alcuni consigli per il perfetto passaggio delle vacanze.<\/p>\n<p><strong>Con questi 5 consigli, organizzare la sostituzione delle vacanze \u00e8 un successo:<\/strong><\/p>\n<ol>\n<li><strong>L'uccello mattiniero cattura il verme: informa per tempo: <\/strong>Ricorda ai tuoi colleghi almeno una o due settimane prima del tuo ultimo giorno di lavoro e pianifica abbastanza tempo per il passaggio di consegne. Il venerd\u00ec alle 17, nessuno \u00e8 pi\u00f9 concentrato, quindi l'appuntamento dovrebbe avvenire prima. Questo dar\u00e0 ai suoi colleghi abbastanza tempo per farle delle domande dopo il colloquio. Dovreste anche prevedere un cuscinetto per voi stessi: Non programmare compiti importanti o appuntamenti poco prima delle vacanze per evitare uno stress inutile. In ogni caso, \u00e8 consigliabile registrare per iscritto tutte le responsabilit\u00e0, i compiti e i contatti esterni. Questo documento servir\u00e0 come promemoria per i tuoi colleghi e sar\u00e0 utile anche se un sostituto non riesce e qualcun altro deve intervenire.<\/li>\n<li><strong>Responsabilit\u00e0 chiare: Designare chiaramente la sostituzione delle vacanze:<\/strong> Regolamentare esattamente chi vi rappresenta e chi \u00e8 responsabile. Questo eviter\u00e0 che i compiti non vengano completati a causa di responsabilit\u00e0 poco chiare. Se le regole sono chiare, i vostri colleghi hanno sufficienti opportunit\u00e0 di consultarvi. In questo modo, si pu\u00f2 chiarire in una fase iniziale se il vostro sostituto previsto ha sufficienti capacit\u00e0 libere. Se questo non \u00e8 il caso, \u00e8 meglio cercare un'alternativa in consultazione con il vostro supervisore. Spesso ha senso delegare i propri compiti a diversi colleghi per distribuire uniformemente il carico di lavoro.<\/li>\n<li><strong>Riordinare e creare una lista di cose da fare \u00e8 met\u00e0 della vacanza:<\/strong> Un ritorno non strutturato pu\u00f2 rapidamente annullare il recupero. Due semplici misure aiutano contro questo: In primo luogo, dovreste creare ordine sulla vostra scrivania e nei vostri documenti in modo da non essere sopraffatti dal caos sulla vostra scrivania dopo il vostro ritorno. In secondo luogo, si dovrebbe creare una lista di cose da fare per il tempo dopo le vacanze. Entrambi vi aiuteranno a motivarvi nei primi giorni dopo il vostro ritorno e a dare la giusta priorit\u00e0 ai compiti.<\/li>\n<li><strong>\"Sono fuori\": scrivere una nota di assenza:<\/strong> Anche se avete informato in anticipo i vostri contatti pi\u00f9 importanti del vostro congedo, una nota di assenza \u00e8 essenziale. Questo dovrebbe contenere le seguenti informazioni: La data del vostro ritorno, il contatto del vostro sostituto per le vacanze e l'indicazione se l'e-mail sar\u00e0 inoltrata. Se necessario, dovreste anche impostare un inoltro del vostro telefono ai vostri colleghi.<\/li>\n<li><strong>Per i dirigenti: chiarire la disponibilit\u00e0 telefonica durante le vacanze:<\/strong> Soprattutto nelle posizioni manageriali, \u00e8 spesso concordato contrattualmente di essere disponibili anche quando si \u00e8 in vacanza. In questo caso, dovreste stabilire degli orari fissi in cui rispondete al telefono o alle e-mail. In questo modo, i vostri colleghi sapranno quando possono ottenere informazioni da voi e non vi disturberanno in un'occasione inappropriata. Inoltre, questo approccio \u00e8 pi\u00f9 efficiente e ti sar\u00e0 pi\u00f9 facile rilassarti che guardare il tuo cellulare o il tuo portatile ogni tanto tra una cosa e l'altra.<\/li>\n<\/ol>\n<p>Cos\u00ec, nulla dovrebbe ostacolare la ricreazione durante le vacanze.<\/p>\n<p><em>Fonte: <a href=\"http:\/\/www.roberthalf.ch\/ueber-uns\">Robert Half<\/a><\/em><\/p>","protected":false},"excerpt":{"rendered":"<p>\u201eIn den Ferien sollten Mitarbeiter unbeschwert Kraft und Energie tanken, ohne sich um Jobangelegenheiten Gedanken machen zu m\u00fcssen\u201c, betont Yeng Chow, Senior Manager bei Robert Half in Z\u00fcrich. \u201eUrlaubs\u00fcbergaben helfen daher nicht nur Kollegen, die Aufgaben \u00fcbernehmen m\u00fcssen. Sie dienen vor allem dazu, in den Ferien tats\u00e4chlich komplett abschalten und regenerieren zu k\u00f6nnen. Kommt die [&hellip;]<\/p>\n","protected":false},"author":4,"featured_media":2073,"comment_status":"open","ping_status":"open","sticky":false,"template":"","format":"standard","meta":{"_acf_changed":false,"_yoast_wpseo_focuskw":"Ferienvertretung","_yoast_wpseo_metadesc":"Die Sommerferien stehen vor der T\u00fcr. Vor dem Beginn der Auszeit ist allerdings eine ordentliche Organisation der Ferienvertretung unverzichtbar.","articlekey":"","footnotes":""},"categories":[28],"tags":[115,335,508],"class_list":["post-2072","post","type-post","status-publish","format-standard","has-post-thumbnail","hentry","category-management","tag-checklisten","tag-management-und-unternehmensfuehrung","tag-vermischtes"],"acf":[],"yoast_head":"<!-- This site is optimized with the Yoast SEO plugin v27.5 - https:\/\/yoast.com\/product\/yoast-seo-wordpress\/ -->\n<title>F\u00fcnf wichtige Tipps f\u00fcr die Organisation der Ferienvertretung - Organisator<\/title>\n<meta name=\"description\" content=\"Die Sommerferien stehen vor der T\u00fcr. Vor dem Beginn der Auszeit ist allerdings eine ordentliche Organisation der Ferienvertretung unverzichtbar.\" \/>\n<meta name=\"robots\" content=\"index, follow, max-snippet:-1, max-image-preview:large, max-video-preview:-1\" \/>\n<link rel=\"canonical\" href=\"https:\/\/www.organisator.ch\/it\/gestione-2\/2017-06-19\/fuenf-wichtige-tipps-fuer-die-organisation-der-ferienvertretung\/\" \/>\n<meta property=\"og:locale\" content=\"it_IT\" \/>\n<meta property=\"og:type\" content=\"article\" \/>\n<meta property=\"og:title\" content=\"F\u00fcnf wichtige Tipps f\u00fcr die Organisation der Ferienvertretung\" \/>\n<meta property=\"og:description\" content=\"Die #Sommerferien stehen vor der T\u00fcr. Vor dem Beginn der #Auszeit ist allerdings eine ordentliche #Organisation der #Ferienvertretung unverzichtbar. Sie gew\u00e4hrleistet den reibungslosen Fortgang der Arbeit und vor allem stressfreie Ferien.\" \/>\n<meta property=\"og:url\" content=\"https:\/\/www.organisator.ch\/it\/gestione-2\/2017-06-19\/fuenf-wichtige-tipps-fuer-die-organisation-der-ferienvertretung\/\" \/>\n<meta property=\"og:site_name\" content=\"Organisator\" \/>\n<meta property=\"article:publisher\" content=\"https:\/\/www.facebook.com\/OrganisatorFachmagazin\" \/>\n<meta property=\"article:published_time\" content=\"2017-06-19T07:57:22+00:00\" \/>\n<meta property=\"og:image\" content=\"https:\/\/www.organisator.ch\/wp-content\/uploads\/2017\/06\/Fuenf-wichtige-Tipps-fuer-die-Organisation-der-Ferienvertretung_Organisator.jpg\" \/>\n\t<meta property=\"og:image:width\" content=\"522\" \/>\n\t<meta property=\"og:image:height\" content=\"480\" \/>\n\t<meta property=\"og:image:type\" content=\"image\/jpeg\" \/>\n<meta name=\"author\" content=\"thomas.berner\" \/>\n<meta name=\"twitter:card\" content=\"summary_large_image\" \/>\n<meta name=\"twitter:title\" content=\"F\u00fcnf wichtige #Tipps f\u00fcr die Organisation der #Ferienvertretung\" \/>\n<meta name=\"twitter:description\" content=\"Die #Sommerferien stehen vor der T\u00fcr. Vor dem Beginn der #Auszeit ist allerdings eine ordentliche #Organisation der #Ferienvertretung unverzichtbar. Sie gew\u00e4hrleistet den reibungslosen Fortgang der Arbeit und vor allem stressfreie Ferien.\" \/>\n<meta name=\"twitter:image\" content=\"https:\/\/www.organisator.ch\/wp-content\/uploads\/2017\/06\/F\u00fcnf-wichtige-Tipps-f\u00fcr-die-Organisation-der-Ferienvertretung_Organisator.jpg\" \/>\n<script type=\"application\/ld+json\" class=\"yoast-schema-graph\">{\"@context\":\"https:\\\/\\\/schema.org\",\"@graph\":[{\"@type\":\"Article\",\"@id\":\"https:\\\/\\\/www.organisator.ch\\\/management\\\/2017-06-19\\\/fuenf-wichtige-tipps-fuer-die-organisation-der-ferienvertretung\\\/#article\",\"isPartOf\":{\"@id\":\"https:\\\/\\\/www.organisator.ch\\\/management\\\/2017-06-19\\\/fuenf-wichtige-tipps-fuer-die-organisation-der-ferienvertretung\\\/\"},\"author\":{\"name\":\"thomas.berner\",\"@id\":\"https:\\\/\\\/www.organisator.ch\\\/#\\\/schema\\\/person\\\/6f650f90b2842cd4c0cc334b4e36f67e\"},\"headline\":\"F\u00fcnf wichtige Tipps f\u00fcr die Organisation der Ferienvertretung\",\"datePublished\":\"2017-06-19T07:57:22+00:00\",\"mainEntityOfPage\":{\"@id\":\"https:\\\/\\\/www.organisator.ch\\\/management\\\/2017-06-19\\\/fuenf-wichtige-tipps-fuer-die-organisation-der-ferienvertretung\\\/\"},\"wordCount\":627,\"commentCount\":0,\"publisher\":{\"@id\":\"https:\\\/\\\/www.organisator.ch\\\/#organization\"},\"image\":{\"@id\":\"https:\\\/\\\/www.organisator.ch\\\/management\\\/2017-06-19\\\/fuenf-wichtige-tipps-fuer-die-organisation-der-ferienvertretung\\\/#primaryimage\"},\"thumbnailUrl\":\"https:\\\/\\\/www.organisator.ch\\\/wp-content\\\/uploads\\\/2017\\\/06\\\/Fuenf-wichtige-Tipps-fuer-die-Organisation-der-Ferienvertretung_Organisator.jpg\",\"keywords\":[\"Checklisten\",\"Management und Unternehmensf\u00fchrung\",\"Vermischtes\"],\"articleSection\":[\"MANAGEMENT\"],\"inLanguage\":\"it-IT\"},{\"@type\":\"WebPage\",\"@id\":\"https:\\\/\\\/www.organisator.ch\\\/management\\\/2017-06-19\\\/fuenf-wichtige-tipps-fuer-die-organisation-der-ferienvertretung\\\/\",\"url\":\"https:\\\/\\\/www.organisator.ch\\\/management\\\/2017-06-19\\\/fuenf-wichtige-tipps-fuer-die-organisation-der-ferienvertretung\\\/\",\"name\":\"F\u00fcnf wichtige Tipps f\u00fcr die Organisation der Ferienvertretung - Organisator\",\"isPartOf\":{\"@id\":\"https:\\\/\\\/www.organisator.ch\\\/#website\"},\"primaryImageOfPage\":{\"@id\":\"https:\\\/\\\/www.organisator.ch\\\/management\\\/2017-06-19\\\/fuenf-wichtige-tipps-fuer-die-organisation-der-ferienvertretung\\\/#primaryimage\"},\"image\":{\"@id\":\"https:\\\/\\\/www.organisator.ch\\\/management\\\/2017-06-19\\\/fuenf-wichtige-tipps-fuer-die-organisation-der-ferienvertretung\\\/#primaryimage\"},\"thumbnailUrl\":\"https:\\\/\\\/www.organisator.ch\\\/wp-content\\\/uploads\\\/2017\\\/06\\\/Fuenf-wichtige-Tipps-fuer-die-Organisation-der-Ferienvertretung_Organisator.jpg\",\"datePublished\":\"2017-06-19T07:57:22+00:00\",\"description\":\"Die Sommerferien stehen vor der T\u00fcr. Vor dem Beginn der Auszeit ist allerdings eine ordentliche Organisation der Ferienvertretung unverzichtbar.\",\"breadcrumb\":{\"@id\":\"https:\\\/\\\/www.organisator.ch\\\/management\\\/2017-06-19\\\/fuenf-wichtige-tipps-fuer-die-organisation-der-ferienvertretung\\\/#breadcrumb\"},\"inLanguage\":\"it-IT\",\"potentialAction\":[{\"@type\":\"ReadAction\",\"target\":[\"https:\\\/\\\/www.organisator.ch\\\/management\\\/2017-06-19\\\/fuenf-wichtige-tipps-fuer-die-organisation-der-ferienvertretung\\\/\"]}]},{\"@type\":\"ImageObject\",\"inLanguage\":\"it-IT\",\"@id\":\"https:\\\/\\\/www.organisator.ch\\\/management\\\/2017-06-19\\\/fuenf-wichtige-tipps-fuer-die-organisation-der-ferienvertretung\\\/#primaryimage\",\"url\":\"https:\\\/\\\/www.organisator.ch\\\/wp-content\\\/uploads\\\/2017\\\/06\\\/Fuenf-wichtige-Tipps-fuer-die-Organisation-der-Ferienvertretung_Organisator.jpg\",\"contentUrl\":\"https:\\\/\\\/www.organisator.ch\\\/wp-content\\\/uploads\\\/2017\\\/06\\\/Fuenf-wichtige-Tipps-fuer-die-Organisation-der-Ferienvertretung_Organisator.jpg\",\"width\":522,\"height\":480,\"caption\":\"Bevor es in den wohlverdienten Urlaub geht, sollte die Ferienvertretung gut organisiert sein. (Bild: Rosel Eckstein \\\/ pixelio.de)\"},{\"@type\":\"BreadcrumbList\",\"@id\":\"https:\\\/\\\/www.organisator.ch\\\/management\\\/2017-06-19\\\/fuenf-wichtige-tipps-fuer-die-organisation-der-ferienvertretung\\\/#breadcrumb\",\"itemListElement\":[{\"@type\":\"ListItem\",\"position\":1,\"name\":\"Home\",\"item\":\"https:\\\/\\\/www.organisator.ch\\\/\"},{\"@type\":\"ListItem\",\"position\":2,\"name\":\"F\u00fcnf wichtige Tipps f\u00fcr die Organisation der Ferienvertretung\"}]},{\"@type\":\"WebSite\",\"@id\":\"https:\\\/\\\/www.organisator.ch\\\/#website\",\"url\":\"https:\\\/\\\/www.organisator.ch\\\/\",\"name\":\"Organisator\",\"description\":\"Kompetent. Praxisnah. Der ORGANISATOR bereitet in 10 Ausgaben pro Jahr die wesentlichen Themen f\u00fcr F\u00fchrungskr\u00e4fte von KMU auf.\",\"publisher\":{\"@id\":\"https:\\\/\\\/www.organisator.ch\\\/#organization\"},\"potentialAction\":[{\"@type\":\"SearchAction\",\"target\":{\"@type\":\"EntryPoint\",\"urlTemplate\":\"https:\\\/\\\/www.organisator.ch\\\/?s={search_term_string}\"},\"query-input\":{\"@type\":\"PropertyValueSpecification\",\"valueRequired\":true,\"valueName\":\"search_term_string\"}}],\"inLanguage\":\"it-IT\"},{\"@type\":\"Organization\",\"@id\":\"https:\\\/\\\/www.organisator.ch\\\/#organization\",\"name\":\"Organisator\",\"url\":\"https:\\\/\\\/www.organisator.ch\\\/\",\"logo\":{\"@type\":\"ImageObject\",\"inLanguage\":\"it-IT\",\"@id\":\"https:\\\/\\\/www.organisator.ch\\\/#\\\/schema\\\/logo\\\/image\\\/\",\"url\":\"https:\\\/\\\/www.organisator.ch\\\/wp-content\\\/uploads\\\/2022\\\/01\\\/Logo_Organisator_Website.png\",\"contentUrl\":\"https:\\\/\\\/www.organisator.ch\\\/wp-content\\\/uploads\\\/2022\\\/01\\\/Logo_Organisator_Website.png\",\"width\":800,\"height\":77,\"caption\":\"Organisator\"},\"image\":{\"@id\":\"https:\\\/\\\/www.organisator.ch\\\/#\\\/schema\\\/logo\\\/image\\\/\"},\"sameAs\":[\"https:\\\/\\\/www.facebook.com\\\/OrganisatorFachmagazin\",\"https:\\\/\\\/www.linkedin.com\\\/showcase\\\/organisator-das-magazin-fr-kmu\",\"https:\\\/\\\/www.xing.com\\\/news\\\/pages\\\/organisator-ch-695\",\"https:\\\/\\\/www.youtube.com\\\/channel\\\/UCGP2Sq0iWaZwT3BdIAQFYpw\"]},{\"@type\":\"Person\",\"@id\":\"https:\\\/\\\/www.organisator.ch\\\/#\\\/schema\\\/person\\\/6f650f90b2842cd4c0cc334b4e36f67e\",\"name\":\"thomas.berner\",\"image\":{\"@type\":\"ImageObject\",\"inLanguage\":\"it-IT\",\"@id\":\"https:\\\/\\\/secure.gravatar.com\\\/avatar\\\/ac5001d2a36cb6c6cd3e50789007ffca834b477b74a2144564522e944eabff61?s=96&d=mm&r=g\",\"url\":\"https:\\\/\\\/secure.gravatar.com\\\/avatar\\\/ac5001d2a36cb6c6cd3e50789007ffca834b477b74a2144564522e944eabff61?s=96&d=mm&r=g\",\"contentUrl\":\"https:\\\/\\\/secure.gravatar.com\\\/avatar\\\/ac5001d2a36cb6c6cd3e50789007ffca834b477b74a2144564522e944eabff61?s=96&d=mm&r=g\",\"caption\":\"thomas.berner\"},\"url\":\"https:\\\/\\\/www.organisator.ch\\\/it\\\/author\\\/thomas-berner\\\/\"}]}<\/script>\n<!-- \/ Yoast SEO plugin. -->","yoast_head_json":{"title":"Cinque importanti consigli per organizzare la sostituzione delle vacanze - Organiser","description":"Le vacanze estive sono alle porte. Prima dell'inizio del periodo di ferie, tuttavia, \u00e8 indispensabile un'adeguata organizzazione della sostituzione delle ferie.","robots":{"index":"index","follow":"follow","max-snippet":"max-snippet:-1","max-image-preview":"max-image-preview:large","max-video-preview":"max-video-preview:-1"},"canonical":"https:\/\/www.organisator.ch\/it\/gestione-2\/2017-06-19\/fuenf-wichtige-tipps-fuer-die-organisation-der-ferienvertretung\/","og_locale":"it_IT","og_type":"article","og_title":"F\u00fcnf wichtige Tipps f\u00fcr die Organisation der Ferienvertretung","og_description":"Die #Sommerferien stehen vor der T\u00fcr. Vor dem Beginn der #Auszeit ist allerdings eine ordentliche #Organisation der #Ferienvertretung unverzichtbar. Sie gew\u00e4hrleistet den reibungslosen Fortgang der Arbeit und vor allem stressfreie Ferien.","og_url":"https:\/\/www.organisator.ch\/it\/gestione-2\/2017-06-19\/fuenf-wichtige-tipps-fuer-die-organisation-der-ferienvertretung\/","og_site_name":"Organisator","article_publisher":"https:\/\/www.facebook.com\/OrganisatorFachmagazin","article_published_time":"2017-06-19T07:57:22+00:00","og_image":[{"width":522,"height":480,"url":"https:\/\/www.organisator.ch\/wp-content\/uploads\/2017\/06\/Fuenf-wichtige-Tipps-fuer-die-Organisation-der-Ferienvertretung_Organisator.jpg","type":"image\/jpeg"}],"author":"thomas.berner","twitter_card":"summary_large_image","twitter_title":"F\u00fcnf wichtige #Tipps f\u00fcr die Organisation der #Ferienvertretung","twitter_description":"Die #Sommerferien stehen vor der T\u00fcr. Vor dem Beginn der #Auszeit ist allerdings eine ordentliche #Organisation der #Ferienvertretung unverzichtbar. Sie gew\u00e4hrleistet den reibungslosen Fortgang der Arbeit und vor allem stressfreie Ferien.","twitter_image":"https:\/\/www.organisator.ch\/wp-content\/uploads\/2017\/06\/F\u00fcnf-wichtige-Tipps-f\u00fcr-die-Organisation-der-Ferienvertretung_Organisator.jpg","schema":{"@context":"https:\/\/schema.org","@graph":[{"@type":"Article","@id":"https:\/\/www.organisator.ch\/management\/2017-06-19\/fuenf-wichtige-tipps-fuer-die-organisation-der-ferienvertretung\/#article","isPartOf":{"@id":"https:\/\/www.organisator.ch\/management\/2017-06-19\/fuenf-wichtige-tipps-fuer-die-organisation-der-ferienvertretung\/"},"author":{"name":"thomas.berner","@id":"https:\/\/www.organisator.ch\/#\/schema\/person\/6f650f90b2842cd4c0cc334b4e36f67e"},"headline":"F\u00fcnf wichtige Tipps f\u00fcr die Organisation der Ferienvertretung","datePublished":"2017-06-19T07:57:22+00:00","mainEntityOfPage":{"@id":"https:\/\/www.organisator.ch\/management\/2017-06-19\/fuenf-wichtige-tipps-fuer-die-organisation-der-ferienvertretung\/"},"wordCount":627,"commentCount":0,"publisher":{"@id":"https:\/\/www.organisator.ch\/#organization"},"image":{"@id":"https:\/\/www.organisator.ch\/management\/2017-06-19\/fuenf-wichtige-tipps-fuer-die-organisation-der-ferienvertretung\/#primaryimage"},"thumbnailUrl":"https:\/\/www.organisator.ch\/wp-content\/uploads\/2017\/06\/Fuenf-wichtige-Tipps-fuer-die-Organisation-der-Ferienvertretung_Organisator.jpg","keywords":["Checklisten","Management und Unternehmensf\u00fchrung","Vermischtes"],"articleSection":["MANAGEMENT"],"inLanguage":"it-IT"},{"@type":"WebPage","@id":"https:\/\/www.organisator.ch\/management\/2017-06-19\/fuenf-wichtige-tipps-fuer-die-organisation-der-ferienvertretung\/","url":"https:\/\/www.organisator.ch\/management\/2017-06-19\/fuenf-wichtige-tipps-fuer-die-organisation-der-ferienvertretung\/","name":"Cinque importanti consigli per organizzare la sostituzione delle vacanze - Organiser","isPartOf":{"@id":"https:\/\/www.organisator.ch\/#website"},"primaryImageOfPage":{"@id":"https:\/\/www.organisator.ch\/management\/2017-06-19\/fuenf-wichtige-tipps-fuer-die-organisation-der-ferienvertretung\/#primaryimage"},"image":{"@id":"https:\/\/www.organisator.ch\/management\/2017-06-19\/fuenf-wichtige-tipps-fuer-die-organisation-der-ferienvertretung\/#primaryimage"},"thumbnailUrl":"https:\/\/www.organisator.ch\/wp-content\/uploads\/2017\/06\/Fuenf-wichtige-Tipps-fuer-die-Organisation-der-Ferienvertretung_Organisator.jpg","datePublished":"2017-06-19T07:57:22+00:00","description":"Le vacanze estive sono alle porte. Prima dell'inizio del periodo di ferie, tuttavia, \u00e8 indispensabile un'adeguata organizzazione della sostituzione delle ferie.","breadcrumb":{"@id":"https:\/\/www.organisator.ch\/management\/2017-06-19\/fuenf-wichtige-tipps-fuer-die-organisation-der-ferienvertretung\/#breadcrumb"},"inLanguage":"it-IT","potentialAction":[{"@type":"ReadAction","target":["https:\/\/www.organisator.ch\/management\/2017-06-19\/fuenf-wichtige-tipps-fuer-die-organisation-der-ferienvertretung\/"]}]},{"@type":"ImageObject","inLanguage":"it-IT","@id":"https:\/\/www.organisator.ch\/management\/2017-06-19\/fuenf-wichtige-tipps-fuer-die-organisation-der-ferienvertretung\/#primaryimage","url":"https:\/\/www.organisator.ch\/wp-content\/uploads\/2017\/06\/Fuenf-wichtige-Tipps-fuer-die-Organisation-der-Ferienvertretung_Organisator.jpg","contentUrl":"https:\/\/www.organisator.ch\/wp-content\/uploads\/2017\/06\/Fuenf-wichtige-Tipps-fuer-die-Organisation-der-Ferienvertretung_Organisator.jpg","width":522,"height":480,"caption":"Bevor es in den wohlverdienten Urlaub geht, sollte die Ferienvertretung gut organisiert sein. (Bild: Rosel Eckstein \/ pixelio.de)"},{"@type":"BreadcrumbList","@id":"https:\/\/www.organisator.ch\/management\/2017-06-19\/fuenf-wichtige-tipps-fuer-die-organisation-der-ferienvertretung\/#breadcrumb","itemListElement":[{"@type":"ListItem","position":1,"name":"Home","item":"https:\/\/www.organisator.ch\/"},{"@type":"ListItem","position":2,"name":"F\u00fcnf wichtige Tipps f\u00fcr die Organisation der Ferienvertretung"}]},{"@type":"WebSite","@id":"https:\/\/www.organisator.ch\/#website","url":"https:\/\/www.organisator.ch\/","name":"Organizzatore","description":"Competente. Pratico. In 10 numeri all'anno, ORGANISATOR presenta i temi essenziali per i manager delle PMI.","publisher":{"@id":"https:\/\/www.organisator.ch\/#organization"},"potentialAction":[{"@type":"SearchAction","target":{"@type":"EntryPoint","urlTemplate":"https:\/\/www.organisator.ch\/?s={search_term_string}"},"query-input":{"@type":"PropertyValueSpecification","valueRequired":true,"valueName":"search_term_string"}}],"inLanguage":"it-IT"},{"@type":"Organization","@id":"https:\/\/www.organisator.ch\/#organization","name":"Organizzatore","url":"https:\/\/www.organisator.ch\/","logo":{"@type":"ImageObject","inLanguage":"it-IT","@id":"https:\/\/www.organisator.ch\/#\/schema\/logo\/image\/","url":"https:\/\/www.organisator.ch\/wp-content\/uploads\/2022\/01\/Logo_Organisator_Website.png","contentUrl":"https:\/\/www.organisator.ch\/wp-content\/uploads\/2022\/01\/Logo_Organisator_Website.png","width":800,"height":77,"caption":"Organisator"},"image":{"@id":"https:\/\/www.organisator.ch\/#\/schema\/logo\/image\/"},"sameAs":["https:\/\/www.facebook.com\/OrganisatorFachmagazin","https:\/\/www.linkedin.com\/showcase\/organisator-das-magazin-fr-kmu","https:\/\/www.xing.com\/news\/pages\/organisator-ch-695","https:\/\/www.youtube.com\/channel\/UCGP2Sq0iWaZwT3BdIAQFYpw"]},{"@type":"Person","@id":"https:\/\/www.organisator.ch\/#\/schema\/person\/6f650f90b2842cd4c0cc334b4e36f67e","name":"Tommaso.berner","image":{"@type":"ImageObject","inLanguage":"it-IT","@id":"https:\/\/secure.gravatar.com\/avatar\/ac5001d2a36cb6c6cd3e50789007ffca834b477b74a2144564522e944eabff61?s=96&d=mm&r=g","url":"https:\/\/secure.gravatar.com\/avatar\/ac5001d2a36cb6c6cd3e50789007ffca834b477b74a2144564522e944eabff61?s=96&d=mm&r=g","contentUrl":"https:\/\/secure.gravatar.com\/avatar\/ac5001d2a36cb6c6cd3e50789007ffca834b477b74a2144564522e944eabff61?s=96&d=mm&r=g","caption":"thomas.berner"},"url":"https:\/\/www.organisator.ch\/it\/author\/thomas-berner\/"}]}},"_links":{"self":[{"href":"https:\/\/www.organisator.ch\/it\/wp-json\/wp\/v2\/posts\/2072","targetHints":{"allow":["GET"]}}],"collection":[{"href":"https:\/\/www.organisator.ch\/it\/wp-json\/wp\/v2\/posts"}],"about":[{"href":"https:\/\/www.organisator.ch\/it\/wp-json\/wp\/v2\/types\/post"}],"author":[{"embeddable":true,"href":"https:\/\/www.organisator.ch\/it\/wp-json\/wp\/v2\/users\/4"}],"replies":[{"embeddable":true,"href":"https:\/\/www.organisator.ch\/it\/wp-json\/wp\/v2\/comments?post=2072"}],"version-history":[{"count":0,"href":"https:\/\/www.organisator.ch\/it\/wp-json\/wp\/v2\/posts\/2072\/revisions"}],"wp:featuredmedia":[{"embeddable":true,"href":"https:\/\/www.organisator.ch\/it\/wp-json\/wp\/v2\/media\/2073"}],"wp:attachment":[{"href":"https:\/\/www.organisator.ch\/it\/wp-json\/wp\/v2\/media?parent=2072"}],"wp:term":[{"taxonomy":"category","embeddable":true,"href":"https:\/\/www.organisator.ch\/it\/wp-json\/wp\/v2\/categories?post=2072"},{"taxonomy":"post_tag","embeddable":true,"href":"https:\/\/www.organisator.ch\/it\/wp-json\/wp\/v2\/tags?post=2072"}],"curies":[{"name":"wp","href":"https:\/\/api.w.org\/{rel}","templated":true}]}}