{"id":20730,"date":"2023-06-15T14:34:51","date_gmt":"2023-06-15T12:34:51","guid":{"rendered":"https:\/\/www.organisator.ch\/?p=20730"},"modified":"2023-06-15T14:34:51","modified_gmt":"2023-06-15T12:34:51","slug":"suissedigital-anina-lesmann-und-adrian-bossart-neu-im-vorstand","status":"publish","type":"post","link":"https:\/\/www.organisator.ch\/it\/management\/2023-06-15\/suissedigital-anina-lesmann-und-adrian-bossart-neu-im-vorstand\/","title":{"rendered":"Suissedigital: Anina Lesmann e Adrian Bossart nuovi membri del Consiglio di amministrazione"},"content":{"rendered":"<figure id=\"attachment_20731\" aria-describedby=\"caption-attachment-20731\" style=\"width: 680px\" class=\"wp-caption alignnone\"><img loading=\"lazy\" decoding=\"async\" class=\"wp-image-20731 size-full\" src=\"https:\/\/www.organisator.ch\/wp-content\/uploads\/2023\/06\/Suissedigital-Anina-Lesmann-und-Adrian-Bossart-neu-im-Vorstand_Organisator.jpg\" alt=\"\" width=\"680\" height=\"453\" srcset=\"https:\/\/www.organisator.ch\/wp-content\/uploads\/2023\/06\/Suissedigital-Anina-Lesmann-und-Adrian-Bossart-neu-im-Vorstand_Organisator.jpg 680w, https:\/\/www.organisator.ch\/wp-content\/uploads\/2023\/06\/Suissedigital-Anina-Lesmann-und-Adrian-Bossart-neu-im-Vorstand_Organisator-18x12.jpg 18w, https:\/\/www.organisator.ch\/wp-content\/uploads\/2023\/06\/Suissedigital-Anina-Lesmann-und-Adrian-Bossart-neu-im-Vorstand_Organisator-375x250.jpg 375w, https:\/\/www.organisator.ch\/wp-content\/uploads\/2023\/06\/Suissedigital-Anina-Lesmann-und-Adrian-Bossart-neu-im-Vorstand_Organisator-525x350.jpg 525w\" sizes=\"auto, (max-width: 680px) 100vw, 680px\" \/><figcaption id=\"caption-attachment-20731\" class=\"wp-caption-text\">Da sinistra a destra: Anina Lesmann, Pierre Kohler, Adrian Bossart (Immagine: Suissedigital \/ Nicole Hametner)<\/figcaption><\/figure>\n<p>Anina Lesmann e Adrian Bossart: sono questi i nomi dei due nuovi membri del Consiglio di amministrazione dell'associazione imprenditoriale Suissedigital. I due sono stati eletti all'unanimit\u00e0 dai soci durante l'assemblea generale del 14 giugno 2023 a Berna.<\/p>\n<h3>Nuovi membri del consiglio di amministrazione con un legame regionale<\/h3>\n<p>Anina Lesmann \u00e8 amministratore delegato dell'operatore di reti multimediali R. Geissmann AG di Oberdorf (BL) da settembre 2013. Grazie al suo lavoro in diverse funzioni presso questa azienda familiare regionale, l'avvocato \u00e8 stata strettamente legata al settore delle reti di comunicazione per 20 anni.<\/p>\n<p>Adrian Bossart \u00e8 dal 2022 CEO dell'Azienda elettrica e idrica di Buchs (EWB), che gestisce anche le proprie reti di comunicazione e uno dei maggiori provider regionali con \"Rii Seez Net\". Prima di entrare a far parte dell'EWB, ha ricoperto diverse posizioni dirigenziali presso Swisscom e UPC, tra le altre.<\/p>\n<h3>Addio ai membri di lunga data del Consiglio di amministrazione<\/h3>\n<p>I due nuovi membri del Consiglio di amministrazione sostituiscono Christa K\u00f6ppel e Beat Amb\u00fchl, che hanno fatto parte del Consiglio di amministrazione di Suissedigital rispettivamente per 12 e 14 anni. I due membri uscenti del Consiglio di amministrazione si sono congedati con un applauso. Il presidente Pierre Kohler: \"Per il loro pluriennale impegno a favore di Suissedigital e dell'industria delle reti di comunicazione, desidero ringraziare calorosamente Christa K\u00f6ppel e Beat Amb\u00fchl a nome di tutto il consiglio di amministrazione e augurare loro il meglio per il futuro.\"<\/p>\n<p><a href=\"http:\/\/www.suissedigital.ch\"><em>Fonte e ulteriori informazioni<\/em><\/a><\/p>","protected":false},"excerpt":{"rendered":"<p>In occasione dell'Assemblea generale del 14 giugno 2023, Anina Lesmann e Adrian Bossart sono stati eletti nuovi membri del Consiglio direttivo dell'associazione imprenditoriale Suissedigital. Essi sostituiscono la dott.ssa Christa K\u00f6ppel e Beat Amb\u00fchl, che sono stati coinvolti nell'associazione rispettivamente per 12 e 14 anni.<\/p>","protected":false},"author":4,"featured_media":20731,"comment_status":"closed","ping_status":"closed","sticky":false,"template":"","format":"standard","meta":{"_acf_changed":false,"_yoast_wpseo_focuskw":"Suissedigital","_yoast_wpseo_metadesc":"An der Generalversammlung vom 14. Juni 2023 wurden Anina Lesmann und Adrian Bossart neu in den Vorstand von Suissedigital gew\u00e4hlt.","articlekey":"","footnotes":""},"categories":[28],"tags":[156,381,503],"class_list":["post-20730","post","type-post","status-publish","format-standard","has-post-thumbnail","hentry","category-management","tag-digitalisierung","tag-personalia","tag-verbaende"],"acf":[],"yoast_head":"<!-- This site is optimized with the Yoast SEO plugin v27.5 - https:\/\/yoast.com\/product\/yoast-seo-wordpress\/ -->\n<title>Suissedigital: Anina Lesmann und Adrian Bossart neu im Vorstand - Organisator<\/title>\n<meta name=\"description\" content=\"An der Generalversammlung vom 14. Juni 2023 wurden Anina Lesmann und Adrian Bossart neu in den Vorstand von Suissedigital gew\u00e4hlt.\" \/>\n<meta name=\"robots\" content=\"index, follow, max-snippet:-1, max-image-preview:large, max-video-preview:-1\" \/>\n<link rel=\"canonical\" href=\"https:\/\/www.organisator.ch\/it\/gestione-2\/2023-06-15\/suissedigital-anina-lesmann-und-adrian-bossart-neu-im-vorstand\/\" \/>\n<meta property=\"og:locale\" content=\"it_IT\" \/>\n<meta property=\"og:type\" content=\"article\" \/>\n<meta property=\"og:title\" content=\"Suissedigital: Anina Lesmann und Adrian Bossart neu im Vorstand\" \/>\n<meta property=\"og:description\" content=\"An der Generalversammlung vom 14. Juni 2023 wurden Anina Lesmann und Adrian Bossart neu in den Vorstand von Suissedigital gew\u00e4hlt.\" \/>\n<meta property=\"og:url\" content=\"https:\/\/www.organisator.ch\/it\/gestione-2\/2023-06-15\/suissedigital-anina-lesmann-und-adrian-bossart-neu-im-vorstand\/\" \/>\n<meta property=\"og:site_name\" content=\"Organisator\" \/>\n<meta property=\"article:publisher\" content=\"https:\/\/www.facebook.com\/OrganisatorFachmagazin\" \/>\n<meta property=\"article:published_time\" content=\"2023-06-15T12:34:51+00:00\" \/>\n<meta property=\"og:image\" content=\"https:\/\/www.organisator.ch\/wp-content\/uploads\/2023\/06\/Suissedigital-Anina-Lesmann-und-Adrian-Bossart-neu-im-Vorstand_Organisator.jpg\" \/>\n\t<meta property=\"og:image:width\" content=\"680\" \/>\n\t<meta property=\"og:image:height\" content=\"453\" \/>\n\t<meta property=\"og:image:type\" content=\"image\/jpeg\" \/>\n<meta name=\"author\" content=\"thomas.berner\" \/>\n<meta name=\"twitter:card\" content=\"summary_large_image\" \/>\n<meta name=\"twitter:title\" content=\"#Suissedigital: Anina #Lesmann und Adrian #Bossart neu im Vorstand\" \/>\n<meta name=\"twitter:description\" content=\"An der Generalversammlung vom 14. Juni 2023 wurden Anina Lesmann und Adrian Bossart neu in den Vorstand von #Suissedigital gew\u00e4hlt.\" \/>\n<meta name=\"twitter:image\" content=\"https:\/\/www.organisator.ch\/wp-content\/uploads\/2023\/06\/Suissedigital-Anina-Lesmann-und-Adrian-Bossart-neu-im-Vorstand_Organisator.jpg\" \/>\n<script type=\"application\/ld+json\" class=\"yoast-schema-graph\">{\"@context\":\"https:\\\/\\\/schema.org\",\"@graph\":[{\"@type\":\"Article\",\"@id\":\"https:\\\/\\\/www.organisator.ch\\\/management\\\/2023-06-15\\\/suissedigital-anina-lesmann-und-adrian-bossart-neu-im-vorstand\\\/#article\",\"isPartOf\":{\"@id\":\"https:\\\/\\\/www.organisator.ch\\\/management\\\/2023-06-15\\\/suissedigital-anina-lesmann-und-adrian-bossart-neu-im-vorstand\\\/\"},\"author\":{\"name\":\"thomas.berner\",\"@id\":\"https:\\\/\\\/www.organisator.ch\\\/#\\\/schema\\\/person\\\/6f650f90b2842cd4c0cc334b4e36f67e\"},\"headline\":\"Suissedigital: Anina Lesmann und Adrian Bossart neu im Vorstand\",\"datePublished\":\"2023-06-15T12:34:51+00:00\",\"mainEntityOfPage\":{\"@id\":\"https:\\\/\\\/www.organisator.ch\\\/management\\\/2023-06-15\\\/suissedigital-anina-lesmann-und-adrian-bossart-neu-im-vorstand\\\/\"},\"wordCount\":233,\"publisher\":{\"@id\":\"https:\\\/\\\/www.organisator.ch\\\/#organization\"},\"image\":{\"@id\":\"https:\\\/\\\/www.organisator.ch\\\/management\\\/2023-06-15\\\/suissedigital-anina-lesmann-und-adrian-bossart-neu-im-vorstand\\\/#primaryimage\"},\"thumbnailUrl\":\"https:\\\/\\\/www.organisator.ch\\\/wp-content\\\/uploads\\\/2023\\\/06\\\/Suissedigital-Anina-Lesmann-und-Adrian-Bossart-neu-im-Vorstand_Organisator.jpg\",\"keywords\":[\"Digitalisierung\",\"Personalia\",\"Verb\u00e4nde\"],\"articleSection\":[\"MANAGEMENT\"],\"inLanguage\":\"it-IT\"},{\"@type\":\"WebPage\",\"@id\":\"https:\\\/\\\/www.organisator.ch\\\/management\\\/2023-06-15\\\/suissedigital-anina-lesmann-und-adrian-bossart-neu-im-vorstand\\\/\",\"url\":\"https:\\\/\\\/www.organisator.ch\\\/management\\\/2023-06-15\\\/suissedigital-anina-lesmann-und-adrian-bossart-neu-im-vorstand\\\/\",\"name\":\"Suissedigital: Anina Lesmann und Adrian Bossart neu im Vorstand - Organisator\",\"isPartOf\":{\"@id\":\"https:\\\/\\\/www.organisator.ch\\\/#website\"},\"primaryImageOfPage\":{\"@id\":\"https:\\\/\\\/www.organisator.ch\\\/management\\\/2023-06-15\\\/suissedigital-anina-lesmann-und-adrian-bossart-neu-im-vorstand\\\/#primaryimage\"},\"image\":{\"@id\":\"https:\\\/\\\/www.organisator.ch\\\/management\\\/2023-06-15\\\/suissedigital-anina-lesmann-und-adrian-bossart-neu-im-vorstand\\\/#primaryimage\"},\"thumbnailUrl\":\"https:\\\/\\\/www.organisator.ch\\\/wp-content\\\/uploads\\\/2023\\\/06\\\/Suissedigital-Anina-Lesmann-und-Adrian-Bossart-neu-im-Vorstand_Organisator.jpg\",\"datePublished\":\"2023-06-15T12:34:51+00:00\",\"description\":\"An der Generalversammlung vom 14. Juni 2023 wurden Anina Lesmann und Adrian Bossart neu in den Vorstand von Suissedigital gew\u00e4hlt.\",\"breadcrumb\":{\"@id\":\"https:\\\/\\\/www.organisator.ch\\\/management\\\/2023-06-15\\\/suissedigital-anina-lesmann-und-adrian-bossart-neu-im-vorstand\\\/#breadcrumb\"},\"inLanguage\":\"it-IT\",\"potentialAction\":[{\"@type\":\"ReadAction\",\"target\":[\"https:\\\/\\\/www.organisator.ch\\\/management\\\/2023-06-15\\\/suissedigital-anina-lesmann-und-adrian-bossart-neu-im-vorstand\\\/\"]}]},{\"@type\":\"ImageObject\",\"inLanguage\":\"it-IT\",\"@id\":\"https:\\\/\\\/www.organisator.ch\\\/management\\\/2023-06-15\\\/suissedigital-anina-lesmann-und-adrian-bossart-neu-im-vorstand\\\/#primaryimage\",\"url\":\"https:\\\/\\\/www.organisator.ch\\\/wp-content\\\/uploads\\\/2023\\\/06\\\/Suissedigital-Anina-Lesmann-und-Adrian-Bossart-neu-im-Vorstand_Organisator.jpg\",\"contentUrl\":\"https:\\\/\\\/www.organisator.ch\\\/wp-content\\\/uploads\\\/2023\\\/06\\\/Suissedigital-Anina-Lesmann-und-Adrian-Bossart-neu-im-Vorstand_Organisator.jpg\",\"width\":680,\"height\":453,\"caption\":\"Von links nach rechts: Anina Lesmann, Pierre Kohler, Adrian Bossart \\\/ Weiterer Text \u00fcber ots und www.presseportal.ch\\\/de\\\/nr\\\/100010502 \\\/ Die Verwendung dieses Bildes f\u00fcr redaktionelle Zwecke ist unter Beachtung aller mitgeteilten Nutzungsbedingungen zul\u00e4ssig und dann auch honorarfrei. Ver\u00f6ffentlichung ausschlie\u00dflich mit Bildrechte-Hinweis.\"},{\"@type\":\"BreadcrumbList\",\"@id\":\"https:\\\/\\\/www.organisator.ch\\\/management\\\/2023-06-15\\\/suissedigital-anina-lesmann-und-adrian-bossart-neu-im-vorstand\\\/#breadcrumb\",\"itemListElement\":[{\"@type\":\"ListItem\",\"position\":1,\"name\":\"Home\",\"item\":\"https:\\\/\\\/www.organisator.ch\\\/\"},{\"@type\":\"ListItem\",\"position\":2,\"name\":\"Suissedigital: Anina Lesmann und Adrian Bossart neu im Vorstand\"}]},{\"@type\":\"WebSite\",\"@id\":\"https:\\\/\\\/www.organisator.ch\\\/#website\",\"url\":\"https:\\\/\\\/www.organisator.ch\\\/\",\"name\":\"Organisator\",\"description\":\"Kompetent. Praxisnah. Der ORGANISATOR bereitet in 10 Ausgaben pro Jahr die wesentlichen Themen f\u00fcr F\u00fchrungskr\u00e4fte von KMU auf.\",\"publisher\":{\"@id\":\"https:\\\/\\\/www.organisator.ch\\\/#organization\"},\"potentialAction\":[{\"@type\":\"SearchAction\",\"target\":{\"@type\":\"EntryPoint\",\"urlTemplate\":\"https:\\\/\\\/www.organisator.ch\\\/?s={search_term_string}\"},\"query-input\":{\"@type\":\"PropertyValueSpecification\",\"valueRequired\":true,\"valueName\":\"search_term_string\"}}],\"inLanguage\":\"it-IT\"},{\"@type\":\"Organization\",\"@id\":\"https:\\\/\\\/www.organisator.ch\\\/#organization\",\"name\":\"Organisator\",\"url\":\"https:\\\/\\\/www.organisator.ch\\\/\",\"logo\":{\"@type\":\"ImageObject\",\"inLanguage\":\"it-IT\",\"@id\":\"https:\\\/\\\/www.organisator.ch\\\/#\\\/schema\\\/logo\\\/image\\\/\",\"url\":\"https:\\\/\\\/www.organisator.ch\\\/wp-content\\\/uploads\\\/2022\\\/01\\\/Logo_Organisator_Website.png\",\"contentUrl\":\"https:\\\/\\\/www.organisator.ch\\\/wp-content\\\/uploads\\\/2022\\\/01\\\/Logo_Organisator_Website.png\",\"width\":800,\"height\":77,\"caption\":\"Organisator\"},\"image\":{\"@id\":\"https:\\\/\\\/www.organisator.ch\\\/#\\\/schema\\\/logo\\\/image\\\/\"},\"sameAs\":[\"https:\\\/\\\/www.facebook.com\\\/OrganisatorFachmagazin\",\"https:\\\/\\\/www.linkedin.com\\\/showcase\\\/organisator-das-magazin-fr-kmu\",\"https:\\\/\\\/www.xing.com\\\/news\\\/pages\\\/organisator-ch-695\",\"https:\\\/\\\/www.youtube.com\\\/channel\\\/UCGP2Sq0iWaZwT3BdIAQFYpw\"]},{\"@type\":\"Person\",\"@id\":\"https:\\\/\\\/www.organisator.ch\\\/#\\\/schema\\\/person\\\/6f650f90b2842cd4c0cc334b4e36f67e\",\"name\":\"thomas.berner\",\"image\":{\"@type\":\"ImageObject\",\"inLanguage\":\"it-IT\",\"@id\":\"https:\\\/\\\/secure.gravatar.com\\\/avatar\\\/ac5001d2a36cb6c6cd3e50789007ffca834b477b74a2144564522e944eabff61?s=96&d=mm&r=g\",\"url\":\"https:\\\/\\\/secure.gravatar.com\\\/avatar\\\/ac5001d2a36cb6c6cd3e50789007ffca834b477b74a2144564522e944eabff61?s=96&d=mm&r=g\",\"contentUrl\":\"https:\\\/\\\/secure.gravatar.com\\\/avatar\\\/ac5001d2a36cb6c6cd3e50789007ffca834b477b74a2144564522e944eabff61?s=96&d=mm&r=g\",\"caption\":\"thomas.berner\"},\"url\":\"https:\\\/\\\/www.organisator.ch\\\/it\\\/author\\\/thomas-berner\\\/\"}]}<\/script>\n<!-- \/ Yoast SEO plugin. -->","yoast_head_json":{"title":"Suissedigital: Anina Lesmann e Adrian Bossart nuovi membri del consiglio di amministrazione - Organizzatore","description":"In occasione dell'Assemblea generale del 14 giugno 2023, Anina Lesmann e Adrian Bossart sono stati eletti nuovi membri del Consiglio di amministrazione di Suissedigital.","robots":{"index":"index","follow":"follow","max-snippet":"max-snippet:-1","max-image-preview":"max-image-preview:large","max-video-preview":"max-video-preview:-1"},"canonical":"https:\/\/www.organisator.ch\/it\/gestione-2\/2023-06-15\/suissedigital-anina-lesmann-und-adrian-bossart-neu-im-vorstand\/","og_locale":"it_IT","og_type":"article","og_title":"Suissedigital: Anina Lesmann und Adrian Bossart neu im Vorstand","og_description":"An der Generalversammlung vom 14. Juni 2023 wurden Anina Lesmann und Adrian Bossart neu in den Vorstand von Suissedigital gew\u00e4hlt.","og_url":"https:\/\/www.organisator.ch\/it\/gestione-2\/2023-06-15\/suissedigital-anina-lesmann-und-adrian-bossart-neu-im-vorstand\/","og_site_name":"Organisator","article_publisher":"https:\/\/www.facebook.com\/OrganisatorFachmagazin","article_published_time":"2023-06-15T12:34:51+00:00","og_image":[{"width":680,"height":453,"url":"https:\/\/www.organisator.ch\/wp-content\/uploads\/2023\/06\/Suissedigital-Anina-Lesmann-und-Adrian-Bossart-neu-im-Vorstand_Organisator.jpg","type":"image\/jpeg"}],"author":"thomas.berner","twitter_card":"summary_large_image","twitter_title":"#Suissedigital: Anina #Lesmann und Adrian #Bossart neu im Vorstand","twitter_description":"An der Generalversammlung vom 14. Juni 2023 wurden Anina Lesmann und Adrian Bossart neu in den Vorstand von #Suissedigital gew\u00e4hlt.","twitter_image":"https:\/\/www.organisator.ch\/wp-content\/uploads\/2023\/06\/Suissedigital-Anina-Lesmann-und-Adrian-Bossart-neu-im-Vorstand_Organisator.jpg","schema":{"@context":"https:\/\/schema.org","@graph":[{"@type":"Article","@id":"https:\/\/www.organisator.ch\/management\/2023-06-15\/suissedigital-anina-lesmann-und-adrian-bossart-neu-im-vorstand\/#article","isPartOf":{"@id":"https:\/\/www.organisator.ch\/management\/2023-06-15\/suissedigital-anina-lesmann-und-adrian-bossart-neu-im-vorstand\/"},"author":{"name":"thomas.berner","@id":"https:\/\/www.organisator.ch\/#\/schema\/person\/6f650f90b2842cd4c0cc334b4e36f67e"},"headline":"Suissedigital: Anina Lesmann und Adrian Bossart neu im Vorstand","datePublished":"2023-06-15T12:34:51+00:00","mainEntityOfPage":{"@id":"https:\/\/www.organisator.ch\/management\/2023-06-15\/suissedigital-anina-lesmann-und-adrian-bossart-neu-im-vorstand\/"},"wordCount":233,"publisher":{"@id":"https:\/\/www.organisator.ch\/#organization"},"image":{"@id":"https:\/\/www.organisator.ch\/management\/2023-06-15\/suissedigital-anina-lesmann-und-adrian-bossart-neu-im-vorstand\/#primaryimage"},"thumbnailUrl":"https:\/\/www.organisator.ch\/wp-content\/uploads\/2023\/06\/Suissedigital-Anina-Lesmann-und-Adrian-Bossart-neu-im-Vorstand_Organisator.jpg","keywords":["Digitalisierung","Personalia","Verb\u00e4nde"],"articleSection":["MANAGEMENT"],"inLanguage":"it-IT"},{"@type":"WebPage","@id":"https:\/\/www.organisator.ch\/management\/2023-06-15\/suissedigital-anina-lesmann-und-adrian-bossart-neu-im-vorstand\/","url":"https:\/\/www.organisator.ch\/management\/2023-06-15\/suissedigital-anina-lesmann-und-adrian-bossart-neu-im-vorstand\/","name":"Suissedigital: Anina Lesmann e Adrian Bossart nuovi membri del consiglio di amministrazione - Organizzatore","isPartOf":{"@id":"https:\/\/www.organisator.ch\/#website"},"primaryImageOfPage":{"@id":"https:\/\/www.organisator.ch\/management\/2023-06-15\/suissedigital-anina-lesmann-und-adrian-bossart-neu-im-vorstand\/#primaryimage"},"image":{"@id":"https:\/\/www.organisator.ch\/management\/2023-06-15\/suissedigital-anina-lesmann-und-adrian-bossart-neu-im-vorstand\/#primaryimage"},"thumbnailUrl":"https:\/\/www.organisator.ch\/wp-content\/uploads\/2023\/06\/Suissedigital-Anina-Lesmann-und-Adrian-Bossart-neu-im-Vorstand_Organisator.jpg","datePublished":"2023-06-15T12:34:51+00:00","description":"In occasione dell'Assemblea generale del 14 giugno 2023, Anina Lesmann e Adrian Bossart sono stati eletti nuovi membri del Consiglio di amministrazione di Suissedigital.","breadcrumb":{"@id":"https:\/\/www.organisator.ch\/management\/2023-06-15\/suissedigital-anina-lesmann-und-adrian-bossart-neu-im-vorstand\/#breadcrumb"},"inLanguage":"it-IT","potentialAction":[{"@type":"ReadAction","target":["https:\/\/www.organisator.ch\/management\/2023-06-15\/suissedigital-anina-lesmann-und-adrian-bossart-neu-im-vorstand\/"]}]},{"@type":"ImageObject","inLanguage":"it-IT","@id":"https:\/\/www.organisator.ch\/management\/2023-06-15\/suissedigital-anina-lesmann-und-adrian-bossart-neu-im-vorstand\/#primaryimage","url":"https:\/\/www.organisator.ch\/wp-content\/uploads\/2023\/06\/Suissedigital-Anina-Lesmann-und-Adrian-Bossart-neu-im-Vorstand_Organisator.jpg","contentUrl":"https:\/\/www.organisator.ch\/wp-content\/uploads\/2023\/06\/Suissedigital-Anina-Lesmann-und-Adrian-Bossart-neu-im-Vorstand_Organisator.jpg","width":680,"height":453,"caption":"Von links nach rechts: Anina Lesmann, Pierre Kohler, Adrian Bossart \/ Weiterer Text \u00fcber ots und www.presseportal.ch\/de\/nr\/100010502 \/ Die Verwendung dieses Bildes f\u00fcr redaktionelle Zwecke ist unter Beachtung aller mitgeteilten Nutzungsbedingungen zul\u00e4ssig und dann auch honorarfrei. Ver\u00f6ffentlichung ausschlie\u00dflich mit Bildrechte-Hinweis."},{"@type":"BreadcrumbList","@id":"https:\/\/www.organisator.ch\/management\/2023-06-15\/suissedigital-anina-lesmann-und-adrian-bossart-neu-im-vorstand\/#breadcrumb","itemListElement":[{"@type":"ListItem","position":1,"name":"Home","item":"https:\/\/www.organisator.ch\/"},{"@type":"ListItem","position":2,"name":"Suissedigital: Anina Lesmann und Adrian Bossart neu im Vorstand"}]},{"@type":"WebSite","@id":"https:\/\/www.organisator.ch\/#website","url":"https:\/\/www.organisator.ch\/","name":"Organizzatore","description":"Competente. Pratico. In 10 numeri all'anno, ORGANISATOR presenta i temi essenziali per i manager delle PMI.","publisher":{"@id":"https:\/\/www.organisator.ch\/#organization"},"potentialAction":[{"@type":"SearchAction","target":{"@type":"EntryPoint","urlTemplate":"https:\/\/www.organisator.ch\/?s={search_term_string}"},"query-input":{"@type":"PropertyValueSpecification","valueRequired":true,"valueName":"search_term_string"}}],"inLanguage":"it-IT"},{"@type":"Organization","@id":"https:\/\/www.organisator.ch\/#organization","name":"Organizzatore","url":"https:\/\/www.organisator.ch\/","logo":{"@type":"ImageObject","inLanguage":"it-IT","@id":"https:\/\/www.organisator.ch\/#\/schema\/logo\/image\/","url":"https:\/\/www.organisator.ch\/wp-content\/uploads\/2022\/01\/Logo_Organisator_Website.png","contentUrl":"https:\/\/www.organisator.ch\/wp-content\/uploads\/2022\/01\/Logo_Organisator_Website.png","width":800,"height":77,"caption":"Organisator"},"image":{"@id":"https:\/\/www.organisator.ch\/#\/schema\/logo\/image\/"},"sameAs":["https:\/\/www.facebook.com\/OrganisatorFachmagazin","https:\/\/www.linkedin.com\/showcase\/organisator-das-magazin-fr-kmu","https:\/\/www.xing.com\/news\/pages\/organisator-ch-695","https:\/\/www.youtube.com\/channel\/UCGP2Sq0iWaZwT3BdIAQFYpw"]},{"@type":"Person","@id":"https:\/\/www.organisator.ch\/#\/schema\/person\/6f650f90b2842cd4c0cc334b4e36f67e","name":"Tommaso.berner","image":{"@type":"ImageObject","inLanguage":"it-IT","@id":"https:\/\/secure.gravatar.com\/avatar\/ac5001d2a36cb6c6cd3e50789007ffca834b477b74a2144564522e944eabff61?s=96&d=mm&r=g","url":"https:\/\/secure.gravatar.com\/avatar\/ac5001d2a36cb6c6cd3e50789007ffca834b477b74a2144564522e944eabff61?s=96&d=mm&r=g","contentUrl":"https:\/\/secure.gravatar.com\/avatar\/ac5001d2a36cb6c6cd3e50789007ffca834b477b74a2144564522e944eabff61?s=96&d=mm&r=g","caption":"thomas.berner"},"url":"https:\/\/www.organisator.ch\/it\/author\/thomas-berner\/"}]}},"_links":{"self":[{"href":"https:\/\/www.organisator.ch\/it\/wp-json\/wp\/v2\/posts\/20730","targetHints":{"allow":["GET"]}}],"collection":[{"href":"https:\/\/www.organisator.ch\/it\/wp-json\/wp\/v2\/posts"}],"about":[{"href":"https:\/\/www.organisator.ch\/it\/wp-json\/wp\/v2\/types\/post"}],"author":[{"embeddable":true,"href":"https:\/\/www.organisator.ch\/it\/wp-json\/wp\/v2\/users\/4"}],"replies":[{"embeddable":true,"href":"https:\/\/www.organisator.ch\/it\/wp-json\/wp\/v2\/comments?post=20730"}],"version-history":[{"count":1,"href":"https:\/\/www.organisator.ch\/it\/wp-json\/wp\/v2\/posts\/20730\/revisions"}],"predecessor-version":[{"id":20732,"href":"https:\/\/www.organisator.ch\/it\/wp-json\/wp\/v2\/posts\/20730\/revisions\/20732"}],"wp:featuredmedia":[{"embeddable":true,"href":"https:\/\/www.organisator.ch\/it\/wp-json\/wp\/v2\/media\/20731"}],"wp:attachment":[{"href":"https:\/\/www.organisator.ch\/it\/wp-json\/wp\/v2\/media?parent=20730"}],"wp:term":[{"taxonomy":"category","embeddable":true,"href":"https:\/\/www.organisator.ch\/it\/wp-json\/wp\/v2\/categories?post=20730"},{"taxonomy":"post_tag","embeddable":true,"href":"https:\/\/www.organisator.ch\/it\/wp-json\/wp\/v2\/tags?post=20730"}],"curies":[{"name":"wp","href":"https:\/\/api.w.org\/{rel}","templated":true}]}}