{"id":20743,"date":"2023-06-16T14:09:01","date_gmt":"2023-06-16T12:09:01","guid":{"rendered":"https:\/\/www.organisator.ch\/?p=20743"},"modified":"2023-07-04T13:43:20","modified_gmt":"2023-07-04T11:43:20","slug":"business-knigge-so-gelingt-die-kommunikation-4-0","status":"publish","type":"post","link":"https:\/\/www.organisator.ch\/it\/management\/2023-06-16\/business-knigge-so-gelingt-die-kommunikation-4-0\/","title":{"rendered":"Business etiquette: come avere successo nella comunicazione 4.0"},"content":{"rendered":"<figure id=\"attachment_20744\" aria-describedby=\"caption-attachment-20744\" style=\"width: 680px\" class=\"wp-caption alignnone\"><img loading=\"lazy\" decoding=\"async\" class=\"size-full wp-image-20744\" src=\"https:\/\/www.organisator.ch\/wp-content\/uploads\/2023\/06\/Business-Knigge-So-gelingt-die-Kommunikation_Organisator.jpg\" alt=\"\" width=\"680\" height=\"453\" srcset=\"https:\/\/www.organisator.ch\/wp-content\/uploads\/2023\/06\/Business-Knigge-So-gelingt-die-Kommunikation_Organisator.jpg 680w, https:\/\/www.organisator.ch\/wp-content\/uploads\/2023\/06\/Business-Knigge-So-gelingt-die-Kommunikation_Organisator-18x12.jpg 18w, https:\/\/www.organisator.ch\/wp-content\/uploads\/2023\/06\/Business-Knigge-So-gelingt-die-Kommunikation_Organisator-375x250.jpg 375w, https:\/\/www.organisator.ch\/wp-content\/uploads\/2023\/06\/Business-Knigge-So-gelingt-die-Kommunikation_Organisator-525x350.jpg 525w\" sizes=\"auto, (max-width: 680px) 100vw, 680px\" \/><figcaption id=\"caption-attachment-20744\" class=\"wp-caption-text\">Chiudere il portatile durante le riunioni: Questo fa parte dell'odierno galateo aziendale. (Immagine: Unsplash.com)<\/figcaption><\/figure>\n<p>Attualmente si registra un boom di richieste di informazioni sul tema del galateo della comunicazione. Nel corso del cambiamento delle infrastrutture, sono emersi in modo piuttosto inquietante molti comportamenti che hanno prodotto alcuni eccessi - e sono proprio questi che ora devono essere recuperati. La grande domanda che ci poniamo \u00e8 come riuscire (ancora una volta) a dimostrare apprezzamento alle nostre controparti con stile e classe.<\/p>\n<p>Chiunque si affacci oggi a una riunione, a un workshop o a un evento di qualsiasi tipo conoscer\u00e0 questo esempio: molti partecipanti hanno adottato un comportamento fastidioso che non corrisponde affatto al galateo. All'inizio, il computer portatile viene sistemato sul tavolo e aperto immediatamente. Aprire la tecnologia \u00e8 una cosa. Anche se sembra un po' ingombrante da davanti o dal punto di vista del manager: L'uomo si concentra sulla macchina. \u00c8 come una formazione informatica, ma ha il fascino relazionale di un garage prefabbricato.<\/p>\n<p>Anche durante l'inizio e il benvenuto, ma soprattutto nel prosieguo dell'evento, questa scena continua: gli occhi rimangono sullo schermo, anche se le persone parlano o fanno una presentazione di fronte o addirittura in cerchio. Le dita scrivono all'unisono con ci\u00f2 che sta accadendo, segno inequivocabile che le persone non stanno prendendo appunti come in un auditorium universitario, ma stanno semplicemente lavorando su e-mail e altri compiti. Il tutto \u00e8 spesso accompagnato dal rumore della digitazione. Questo disturbo acustico aumenta quando si usano tastiere di plastica dura e si amplifica quando sono coinvolte le unghie lunghe...<\/p>\n<h3><strong>Il rumore di battitura \u00e8 un caso normale?<\/strong><\/h3>\n<p>A volte, questo sembra essere diventato un fatto scontato e la norma. \u00c8 cos\u00ec? \u00c8 solo il punto di vista di un presunto cinquantenne stagnante che, agli occhi di molti, ha perso il treno della digitalizzazione? No. I forum, i saggi e gli scambi di esperti (anche digitali) parlano chiaro: questo \u00e8 indecente di per s\u00e9 e tende alla mancanza di rispetto.<\/p>\n<p>Potete anche sopportare questo comportamento, ma dovete essere consapevoli che questo \u00e8 ci\u00f2 che irradiate e (grazie al feedback) viene sempre pi\u00f9 percepito come tale. \u00c8 indecente quanto emettere suoni umani o indossare una camicia non lavata. In linea di principio, questo non ha conseguenze gravi, ma alle nostre latitudini, soprattutto in un contesto lavorativo, scatena reazioni che non sono necessariamente sempre espresse, ma che vengono percepite, pensate e notate.<\/p>\n<p>Studi solidi (ad esempio di una grande compagnia assicurativa) hanno addirittura convertito la disattenzione in ore di lavoro perse: Chi non presta attenzione deve chiedere di pi\u00f9. Chi non presta abbastanza attenzione deve passare pi\u00f9 tempo a chiedere. O non ha ascoltato compiti importanti. Un test dal vivo su diversi eventi ha dimostrato che, in un breve sondaggio sul contenuto degli argomenti di discussione (quindi non si tratta solo di possibili, noiose presentazioni), i dattilografi da laptop ottengono risultati massicciamente peggiori, meno del 50% dei risultati degli altri. Il fatto \u00e8 che il multitasking non funziona anche se si vive nell'era digitale. Perch\u00e9 il cervello umano funziona ancora in modo identico a quello di una volta. E si pu\u00f2 praticamente sempre capire guardando la persona che sta scrivendo se sta prendendo appunti su eventi dal vivo (in realt\u00e0 c'\u00e8 una piccola percentuale di persone che hanno questa disciplina) o se \u00e8 impegnata a rispondere alle e-mail. Distinguere l'uno dall'altro \u00e8 un senso che oggi abbiamo in modo infallibile e anche pi\u00f9 di quanto molti partecipanti si rendano conto.<\/p>\n<h3><strong>Il portatile chiuso come dichiarazione<\/strong><\/h3>\n<p>Nel frattempo, sono sempre pi\u00f9 numerose le segnalazioni di persone infastidite da questa situazione. Per questo motivo, nel mio ruolo di relatore, formatore o semplicemente comunicatore, ho personalmente iniziato a bandire i computer portatili dai miei eventi e dalle mie riunioni, a meno che non sia assolutamente necessario in termini di contenuto o di metodo. I veri maniaci del digitale usano comunque un tablet con una penna digitale: restano in contatto con l'azione, lavorano in modo psicomotorio e hanno comunque tutto archiviato in digitale o nel cloud.<\/p>\n<p>In cambio, ci sono dei \"tempi d'ufficio\" all'interno della giornata. Ci\u00f2 significa che, se il gruppo lo desidera, ha a disposizione, ad esempio, 30 minuti durante la pausa pranzo o in una pausa pomeridiana per dedicarsi a questioni importanti. Se \u00e8 necessario. Tuttavia, alcuni vedono l'opportunit\u00e0 di organizzare la giornata in modo tale da non essere sempre disponibili, per una volta.<\/p>\n<p>Anche un computer portatile chiuso o che rimane nella borsa pu\u00f2 essere una dichiarazione. Io stesso ho partecipato a una riunione di un club esclusivo con partecipanti di alto livello. L\u00ec \u00e8 un punto d'onore non controllare la posta elettronica su un portatile aperto. \u00c8 chiaro a tutti i membri del gruppo che si tratta di una mancanza di rispetto e di un segno di scarsa organizzazione.<\/p>\n<h3><strong>Non perdetevi nulla, soprattutto in ambienti chiusi.<\/strong><\/h3>\n<p>E infine questo: Da qualche mese, la nota e non piccola compagnia di assicurazioni di cui sopra ha semplicemente vietato i computer portatili nelle riunioni e negli eventi simili. D'altra parte, \u00e8 anche e ancor pi\u00f9 vero che chi conduce una riunione o, ad esempio, un workshop, dovrebbe avere la pretesa di arrivare cos\u00ec ben preparato che l'impulso interiore dei partecipanti a perdere qualcosa all'esterno sia il pi\u00f9 ridotto possibile. La richiesta di qualit\u00e0 in cambio deve essere alta. Ma si pu\u00f2 anche scambiare un feedback su questo aspetto all'interno di un contesto, a patto che si siano chiusi i portatili...<\/p>\n<h3><strong>Conclusione: quattro consigli di galateo commerciale\u00a0<\/strong><\/h3>\n<p>Ecco alcuni suggerimenti concreti che vi aiuteranno a comunicare con successo nell'ambito della Business Etiquette 4.0:<\/p>\n<ol>\n<li>I computer portatili devono rimanere chiusi, qualsiasi altra cosa limita troppo l'attenzione (motivi: decenza, impossibilit\u00e0 di fare multitasking, efficienza o evitare di perdere ore, disturbo dovuto al rumore e all'assenza mentale).<\/li>\n<li>I tablet (o, naturalmente, la carta e, sempre pi\u00f9 spesso, i cosiddetti quaderni) hanno pi\u00f9 senso per gli appunti di riunioni e corsi.<\/li>\n<li>In alternativa, si possono offrire \"orari d'ufficio\" in orari non di punta, in modo da poter lavorare su tutti i compiti che non possono essere rimandati.<\/li>\n<li>Gli oratori devono anche essere consapevoli che una riunione vivace e ben preparata crea le basi per mantenere l'attenzione.<\/li>\n<\/ol>\n<p><em><strong>All'autore:<\/strong><\/em><br \/>\n<em>Stefan H\u00e4seli \u00e8 un esperto di comunicazione credibile, oratore, moderatore e autore di diversi libri. Dirige una societ\u00e0 di formazione in Svizzera. Attualmente sta scrivendo un libro dal titolo \"Hannes managt\". <a href=\"https:\/\/www.organisator.ch\/de\/management\/2023-06-06\/optimieren-das-rezept\/\">colonna regolare<\/a> nell'edizione cartacea dell'ORGANISATORE.\u00a0<\/em><\/p>\n<p><em><a href=\"https:\/\/stefan-haeseli.com\/\" target=\"_blank\" rel=\"noopener\">https:\/\/stefan-haeseli.com\/<\/a><\/em><\/p>","protected":false},"excerpt":{"rendered":"<p>Le regole fondamentali di una comunicazione credibile sono la presenza e l'attenzione. Dopo tutto, gli esseri umani sono creature relazionali: Se non si comunica correttamente, si sabota il lavoro di relazione. Molto \u00e8 evidente, molto \u00e8 una questione di educazione e altro si impara. Nel mondo degli affari, il buon vecchio galateo \u00e8 ancora utilizzato per calibrare regole di comportamento specifiche. Questo vale anche, e a maggior ragione, per la comunicazione. Ma come si presenta la Business Etiquette 4.0?<\/p>","protected":false},"author":4,"featured_media":20744,"comment_status":"closed","ping_status":"closed","sticky":false,"template":"","format":"standard","meta":{"_acf_changed":false,"_yoast_wpseo_focuskw":"Business-Knigge","_yoast_wpseo_metadesc":"Verhaltensregeln gelten auch und erst recht in der Kommunikation. Doch wie sieht in Hinblick darauf der Business-Knigge 4.0 aus?","articlekey":"","footnotes":""},"categories":[28],"tags":[308,335,429],"class_list":["post-20743","post","type-post","status-publish","format-standard","has-post-thumbnail","hentry","category-management","tag-kommunikation","tag-management-und-unternehmensfuehrung","tag-selbstmanagement"],"acf":[],"yoast_head":"<!-- This site is optimized with the Yoast SEO plugin v27.5 - https:\/\/yoast.com\/product\/yoast-seo-wordpress\/ -->\n<title>Business-Knigge: So gelingt die Kommunikation 4.0 - Organisator<\/title>\n<meta name=\"description\" content=\"Verhaltensregeln gelten auch und erst recht in der Kommunikation. Doch wie sieht in Hinblick darauf der Business-Knigge 4.0 aus?\" \/>\n<meta name=\"robots\" content=\"index, follow, max-snippet:-1, max-image-preview:large, max-video-preview:-1\" \/>\n<link rel=\"canonical\" href=\"https:\/\/www.organisator.ch\/it\/gestione-2\/2023-06-16\/business-knigge-so-gelingt-die-kommunikation-4-0\/\" \/>\n<meta property=\"og:locale\" content=\"it_IT\" \/>\n<meta property=\"og:type\" content=\"article\" \/>\n<meta property=\"og:title\" content=\"Business-Knigge: So gelingt die Kommunikation 4.0\" \/>\n<meta property=\"og:description\" content=\"Verhaltensregeln gelten auch und erst recht in der Kommunikation. Doch wie sieht in Hinblick darauf der Business-Knigge 4.0 aus?\" \/>\n<meta property=\"og:url\" content=\"https:\/\/www.organisator.ch\/it\/gestione-2\/2023-06-16\/business-knigge-so-gelingt-die-kommunikation-4-0\/\" \/>\n<meta property=\"og:site_name\" content=\"Organisator\" \/>\n<meta property=\"article:publisher\" content=\"https:\/\/www.facebook.com\/OrganisatorFachmagazin\" \/>\n<meta property=\"article:published_time\" content=\"2023-06-16T12:09:01+00:00\" \/>\n<meta property=\"article:modified_time\" content=\"2023-07-04T11:43:20+00:00\" \/>\n<meta property=\"og:image\" content=\"https:\/\/www.organisator.ch\/wp-content\/uploads\/2023\/06\/Business-Knigge-So-gelingt-die-Kommunikation_Organisator.jpg\" \/>\n\t<meta property=\"og:image:width\" content=\"680\" \/>\n\t<meta property=\"og:image:height\" content=\"453\" \/>\n\t<meta property=\"og:image:type\" content=\"image\/jpeg\" \/>\n<meta name=\"author\" content=\"thomas.berner\" \/>\n<meta name=\"twitter:card\" content=\"summary_large_image\" \/>\n<meta name=\"twitter:title\" content=\"#Business-Knigge: So gelingt die Kommunikation 4.0\" \/>\n<meta name=\"twitter:description\" content=\"Verhaltensregeln gelten auch und erst recht in der #Kommunikation. Doch wie sieht in Hinblick darauf der #Business-Knigge 4.0 aus?\" \/>\n<meta name=\"twitter:image\" content=\"https:\/\/www.organisator.ch\/wp-content\/uploads\/2023\/06\/Business-Knigge-So-gelingt-die-Kommunikation_Organisator.jpg\" \/>\n<script type=\"application\/ld+json\" class=\"yoast-schema-graph\">{\"@context\":\"https:\\\/\\\/schema.org\",\"@graph\":[{\"@type\":\"Article\",\"@id\":\"https:\\\/\\\/www.organisator.ch\\\/management\\\/2023-06-16\\\/business-knigge-so-gelingt-die-kommunikation-4-0\\\/#article\",\"isPartOf\":{\"@id\":\"https:\\\/\\\/www.organisator.ch\\\/management\\\/2023-06-16\\\/business-knigge-so-gelingt-die-kommunikation-4-0\\\/\"},\"author\":{\"name\":\"thomas.berner\",\"@id\":\"https:\\\/\\\/www.organisator.ch\\\/#\\\/schema\\\/person\\\/6f650f90b2842cd4c0cc334b4e36f67e\"},\"headline\":\"Business-Knigge: So gelingt die Kommunikation 4.0\",\"datePublished\":\"2023-06-16T12:09:01+00:00\",\"dateModified\":\"2023-07-04T11:43:20+00:00\",\"mainEntityOfPage\":{\"@id\":\"https:\\\/\\\/www.organisator.ch\\\/management\\\/2023-06-16\\\/business-knigge-so-gelingt-die-kommunikation-4-0\\\/\"},\"wordCount\":1068,\"publisher\":{\"@id\":\"https:\\\/\\\/www.organisator.ch\\\/#organization\"},\"image\":{\"@id\":\"https:\\\/\\\/www.organisator.ch\\\/management\\\/2023-06-16\\\/business-knigge-so-gelingt-die-kommunikation-4-0\\\/#primaryimage\"},\"thumbnailUrl\":\"https:\\\/\\\/www.organisator.ch\\\/wp-content\\\/uploads\\\/2023\\\/06\\\/Business-Knigge-So-gelingt-die-Kommunikation_Organisator.jpg\",\"keywords\":[\"Kommunikation\",\"Management und Unternehmensf\u00fchrung\",\"Selbstmanagement\"],\"articleSection\":[\"MANAGEMENT\"],\"inLanguage\":\"it-IT\"},{\"@type\":\"WebPage\",\"@id\":\"https:\\\/\\\/www.organisator.ch\\\/management\\\/2023-06-16\\\/business-knigge-so-gelingt-die-kommunikation-4-0\\\/\",\"url\":\"https:\\\/\\\/www.organisator.ch\\\/management\\\/2023-06-16\\\/business-knigge-so-gelingt-die-kommunikation-4-0\\\/\",\"name\":\"Business-Knigge: So gelingt die Kommunikation 4.0 - Organisator\",\"isPartOf\":{\"@id\":\"https:\\\/\\\/www.organisator.ch\\\/#website\"},\"primaryImageOfPage\":{\"@id\":\"https:\\\/\\\/www.organisator.ch\\\/management\\\/2023-06-16\\\/business-knigge-so-gelingt-die-kommunikation-4-0\\\/#primaryimage\"},\"image\":{\"@id\":\"https:\\\/\\\/www.organisator.ch\\\/management\\\/2023-06-16\\\/business-knigge-so-gelingt-die-kommunikation-4-0\\\/#primaryimage\"},\"thumbnailUrl\":\"https:\\\/\\\/www.organisator.ch\\\/wp-content\\\/uploads\\\/2023\\\/06\\\/Business-Knigge-So-gelingt-die-Kommunikation_Organisator.jpg\",\"datePublished\":\"2023-06-16T12:09:01+00:00\",\"dateModified\":\"2023-07-04T11:43:20+00:00\",\"description\":\"Verhaltensregeln gelten auch und erst recht in der Kommunikation. Doch wie sieht in Hinblick darauf der Business-Knigge 4.0 aus?\",\"breadcrumb\":{\"@id\":\"https:\\\/\\\/www.organisator.ch\\\/management\\\/2023-06-16\\\/business-knigge-so-gelingt-die-kommunikation-4-0\\\/#breadcrumb\"},\"inLanguage\":\"it-IT\",\"potentialAction\":[{\"@type\":\"ReadAction\",\"target\":[\"https:\\\/\\\/www.organisator.ch\\\/management\\\/2023-06-16\\\/business-knigge-so-gelingt-die-kommunikation-4-0\\\/\"]}]},{\"@type\":\"ImageObject\",\"inLanguage\":\"it-IT\",\"@id\":\"https:\\\/\\\/www.organisator.ch\\\/management\\\/2023-06-16\\\/business-knigge-so-gelingt-die-kommunikation-4-0\\\/#primaryimage\",\"url\":\"https:\\\/\\\/www.organisator.ch\\\/wp-content\\\/uploads\\\/2023\\\/06\\\/Business-Knigge-So-gelingt-die-Kommunikation_Organisator.jpg\",\"contentUrl\":\"https:\\\/\\\/www.organisator.ch\\\/wp-content\\\/uploads\\\/2023\\\/06\\\/Business-Knigge-So-gelingt-die-Kommunikation_Organisator.jpg\",\"width\":680,\"height\":453,\"caption\":\"Laptop bei Besprechungen zuklappen: Dies geh\u00f6rt zum heutigen Business-Knigge. (Bild: Unsplash.com)\"},{\"@type\":\"BreadcrumbList\",\"@id\":\"https:\\\/\\\/www.organisator.ch\\\/management\\\/2023-06-16\\\/business-knigge-so-gelingt-die-kommunikation-4-0\\\/#breadcrumb\",\"itemListElement\":[{\"@type\":\"ListItem\",\"position\":1,\"name\":\"Home\",\"item\":\"https:\\\/\\\/www.organisator.ch\\\/\"},{\"@type\":\"ListItem\",\"position\":2,\"name\":\"Business-Knigge: So gelingt die Kommunikation 4.0\"}]},{\"@type\":\"WebSite\",\"@id\":\"https:\\\/\\\/www.organisator.ch\\\/#website\",\"url\":\"https:\\\/\\\/www.organisator.ch\\\/\",\"name\":\"Organisator\",\"description\":\"Kompetent. Praxisnah. Der ORGANISATOR bereitet in 10 Ausgaben pro Jahr die wesentlichen Themen f\u00fcr F\u00fchrungskr\u00e4fte von KMU auf.\",\"publisher\":{\"@id\":\"https:\\\/\\\/www.organisator.ch\\\/#organization\"},\"potentialAction\":[{\"@type\":\"SearchAction\",\"target\":{\"@type\":\"EntryPoint\",\"urlTemplate\":\"https:\\\/\\\/www.organisator.ch\\\/?s={search_term_string}\"},\"query-input\":{\"@type\":\"PropertyValueSpecification\",\"valueRequired\":true,\"valueName\":\"search_term_string\"}}],\"inLanguage\":\"it-IT\"},{\"@type\":\"Organization\",\"@id\":\"https:\\\/\\\/www.organisator.ch\\\/#organization\",\"name\":\"Organisator\",\"url\":\"https:\\\/\\\/www.organisator.ch\\\/\",\"logo\":{\"@type\":\"ImageObject\",\"inLanguage\":\"it-IT\",\"@id\":\"https:\\\/\\\/www.organisator.ch\\\/#\\\/schema\\\/logo\\\/image\\\/\",\"url\":\"https:\\\/\\\/www.organisator.ch\\\/wp-content\\\/uploads\\\/2022\\\/01\\\/Logo_Organisator_Website.png\",\"contentUrl\":\"https:\\\/\\\/www.organisator.ch\\\/wp-content\\\/uploads\\\/2022\\\/01\\\/Logo_Organisator_Website.png\",\"width\":800,\"height\":77,\"caption\":\"Organisator\"},\"image\":{\"@id\":\"https:\\\/\\\/www.organisator.ch\\\/#\\\/schema\\\/logo\\\/image\\\/\"},\"sameAs\":[\"https:\\\/\\\/www.facebook.com\\\/OrganisatorFachmagazin\",\"https:\\\/\\\/www.linkedin.com\\\/showcase\\\/organisator-das-magazin-fr-kmu\",\"https:\\\/\\\/www.xing.com\\\/news\\\/pages\\\/organisator-ch-695\",\"https:\\\/\\\/www.youtube.com\\\/channel\\\/UCGP2Sq0iWaZwT3BdIAQFYpw\"]},{\"@type\":\"Person\",\"@id\":\"https:\\\/\\\/www.organisator.ch\\\/#\\\/schema\\\/person\\\/6f650f90b2842cd4c0cc334b4e36f67e\",\"name\":\"thomas.berner\",\"image\":{\"@type\":\"ImageObject\",\"inLanguage\":\"it-IT\",\"@id\":\"https:\\\/\\\/secure.gravatar.com\\\/avatar\\\/ac5001d2a36cb6c6cd3e50789007ffca834b477b74a2144564522e944eabff61?s=96&d=mm&r=g\",\"url\":\"https:\\\/\\\/secure.gravatar.com\\\/avatar\\\/ac5001d2a36cb6c6cd3e50789007ffca834b477b74a2144564522e944eabff61?s=96&d=mm&r=g\",\"contentUrl\":\"https:\\\/\\\/secure.gravatar.com\\\/avatar\\\/ac5001d2a36cb6c6cd3e50789007ffca834b477b74a2144564522e944eabff61?s=96&d=mm&r=g\",\"caption\":\"thomas.berner\"},\"url\":\"https:\\\/\\\/www.organisator.ch\\\/it\\\/author\\\/thomas-berner\\\/\"}]}<\/script>\n<!-- \/ Yoast SEO plugin. -->","yoast_head_json":{"title":"Business etiquette: come avere successo nella comunicazione 4.0 - Organizzatore","description":"Le regole di comportamento valgono anche, e ancor pi\u00f9, per la comunicazione. Ma come si presenta la Business Etiquette 4.0 in questo senso?","robots":{"index":"index","follow":"follow","max-snippet":"max-snippet:-1","max-image-preview":"max-image-preview:large","max-video-preview":"max-video-preview:-1"},"canonical":"https:\/\/www.organisator.ch\/it\/gestione-2\/2023-06-16\/business-knigge-so-gelingt-die-kommunikation-4-0\/","og_locale":"it_IT","og_type":"article","og_title":"Business-Knigge: So gelingt die Kommunikation 4.0","og_description":"Verhaltensregeln gelten auch und erst recht in der Kommunikation. Doch wie sieht in Hinblick darauf der Business-Knigge 4.0 aus?","og_url":"https:\/\/www.organisator.ch\/it\/gestione-2\/2023-06-16\/business-knigge-so-gelingt-die-kommunikation-4-0\/","og_site_name":"Organisator","article_publisher":"https:\/\/www.facebook.com\/OrganisatorFachmagazin","article_published_time":"2023-06-16T12:09:01+00:00","article_modified_time":"2023-07-04T11:43:20+00:00","og_image":[{"width":680,"height":453,"url":"https:\/\/www.organisator.ch\/wp-content\/uploads\/2023\/06\/Business-Knigge-So-gelingt-die-Kommunikation_Organisator.jpg","type":"image\/jpeg"}],"author":"thomas.berner","twitter_card":"summary_large_image","twitter_title":"#Business-Knigge: So gelingt die Kommunikation 4.0","twitter_description":"Verhaltensregeln gelten auch und erst recht in der #Kommunikation. Doch wie sieht in Hinblick darauf der #Business-Knigge 4.0 aus?","twitter_image":"https:\/\/www.organisator.ch\/wp-content\/uploads\/2023\/06\/Business-Knigge-So-gelingt-die-Kommunikation_Organisator.jpg","schema":{"@context":"https:\/\/schema.org","@graph":[{"@type":"Article","@id":"https:\/\/www.organisator.ch\/management\/2023-06-16\/business-knigge-so-gelingt-die-kommunikation-4-0\/#article","isPartOf":{"@id":"https:\/\/www.organisator.ch\/management\/2023-06-16\/business-knigge-so-gelingt-die-kommunikation-4-0\/"},"author":{"name":"thomas.berner","@id":"https:\/\/www.organisator.ch\/#\/schema\/person\/6f650f90b2842cd4c0cc334b4e36f67e"},"headline":"Business-Knigge: So gelingt die Kommunikation 4.0","datePublished":"2023-06-16T12:09:01+00:00","dateModified":"2023-07-04T11:43:20+00:00","mainEntityOfPage":{"@id":"https:\/\/www.organisator.ch\/management\/2023-06-16\/business-knigge-so-gelingt-die-kommunikation-4-0\/"},"wordCount":1068,"publisher":{"@id":"https:\/\/www.organisator.ch\/#organization"},"image":{"@id":"https:\/\/www.organisator.ch\/management\/2023-06-16\/business-knigge-so-gelingt-die-kommunikation-4-0\/#primaryimage"},"thumbnailUrl":"https:\/\/www.organisator.ch\/wp-content\/uploads\/2023\/06\/Business-Knigge-So-gelingt-die-Kommunikation_Organisator.jpg","keywords":["Kommunikation","Management und Unternehmensf\u00fchrung","Selbstmanagement"],"articleSection":["MANAGEMENT"],"inLanguage":"it-IT"},{"@type":"WebPage","@id":"https:\/\/www.organisator.ch\/management\/2023-06-16\/business-knigge-so-gelingt-die-kommunikation-4-0\/","url":"https:\/\/www.organisator.ch\/management\/2023-06-16\/business-knigge-so-gelingt-die-kommunikation-4-0\/","name":"Business etiquette: come avere successo nella comunicazione 4.0 - Organizzatore","isPartOf":{"@id":"https:\/\/www.organisator.ch\/#website"},"primaryImageOfPage":{"@id":"https:\/\/www.organisator.ch\/management\/2023-06-16\/business-knigge-so-gelingt-die-kommunikation-4-0\/#primaryimage"},"image":{"@id":"https:\/\/www.organisator.ch\/management\/2023-06-16\/business-knigge-so-gelingt-die-kommunikation-4-0\/#primaryimage"},"thumbnailUrl":"https:\/\/www.organisator.ch\/wp-content\/uploads\/2023\/06\/Business-Knigge-So-gelingt-die-Kommunikation_Organisator.jpg","datePublished":"2023-06-16T12:09:01+00:00","dateModified":"2023-07-04T11:43:20+00:00","description":"Le regole di comportamento valgono anche, e ancor pi\u00f9, per la comunicazione. Ma come si presenta la Business Etiquette 4.0 in questo senso?","breadcrumb":{"@id":"https:\/\/www.organisator.ch\/management\/2023-06-16\/business-knigge-so-gelingt-die-kommunikation-4-0\/#breadcrumb"},"inLanguage":"it-IT","potentialAction":[{"@type":"ReadAction","target":["https:\/\/www.organisator.ch\/management\/2023-06-16\/business-knigge-so-gelingt-die-kommunikation-4-0\/"]}]},{"@type":"ImageObject","inLanguage":"it-IT","@id":"https:\/\/www.organisator.ch\/management\/2023-06-16\/business-knigge-so-gelingt-die-kommunikation-4-0\/#primaryimage","url":"https:\/\/www.organisator.ch\/wp-content\/uploads\/2023\/06\/Business-Knigge-So-gelingt-die-Kommunikation_Organisator.jpg","contentUrl":"https:\/\/www.organisator.ch\/wp-content\/uploads\/2023\/06\/Business-Knigge-So-gelingt-die-Kommunikation_Organisator.jpg","width":680,"height":453,"caption":"Laptop bei Besprechungen zuklappen: Dies geh\u00f6rt zum heutigen Business-Knigge. (Bild: Unsplash.com)"},{"@type":"BreadcrumbList","@id":"https:\/\/www.organisator.ch\/management\/2023-06-16\/business-knigge-so-gelingt-die-kommunikation-4-0\/#breadcrumb","itemListElement":[{"@type":"ListItem","position":1,"name":"Home","item":"https:\/\/www.organisator.ch\/"},{"@type":"ListItem","position":2,"name":"Business-Knigge: So gelingt die Kommunikation 4.0"}]},{"@type":"WebSite","@id":"https:\/\/www.organisator.ch\/#website","url":"https:\/\/www.organisator.ch\/","name":"Organizzatore","description":"Competente. Pratico. In 10 numeri all'anno, ORGANISATOR presenta i temi essenziali per i manager delle PMI.","publisher":{"@id":"https:\/\/www.organisator.ch\/#organization"},"potentialAction":[{"@type":"SearchAction","target":{"@type":"EntryPoint","urlTemplate":"https:\/\/www.organisator.ch\/?s={search_term_string}"},"query-input":{"@type":"PropertyValueSpecification","valueRequired":true,"valueName":"search_term_string"}}],"inLanguage":"it-IT"},{"@type":"Organization","@id":"https:\/\/www.organisator.ch\/#organization","name":"Organizzatore","url":"https:\/\/www.organisator.ch\/","logo":{"@type":"ImageObject","inLanguage":"it-IT","@id":"https:\/\/www.organisator.ch\/#\/schema\/logo\/image\/","url":"https:\/\/www.organisator.ch\/wp-content\/uploads\/2022\/01\/Logo_Organisator_Website.png","contentUrl":"https:\/\/www.organisator.ch\/wp-content\/uploads\/2022\/01\/Logo_Organisator_Website.png","width":800,"height":77,"caption":"Organisator"},"image":{"@id":"https:\/\/www.organisator.ch\/#\/schema\/logo\/image\/"},"sameAs":["https:\/\/www.facebook.com\/OrganisatorFachmagazin","https:\/\/www.linkedin.com\/showcase\/organisator-das-magazin-fr-kmu","https:\/\/www.xing.com\/news\/pages\/organisator-ch-695","https:\/\/www.youtube.com\/channel\/UCGP2Sq0iWaZwT3BdIAQFYpw"]},{"@type":"Person","@id":"https:\/\/www.organisator.ch\/#\/schema\/person\/6f650f90b2842cd4c0cc334b4e36f67e","name":"Tommaso.berner","image":{"@type":"ImageObject","inLanguage":"it-IT","@id":"https:\/\/secure.gravatar.com\/avatar\/ac5001d2a36cb6c6cd3e50789007ffca834b477b74a2144564522e944eabff61?s=96&d=mm&r=g","url":"https:\/\/secure.gravatar.com\/avatar\/ac5001d2a36cb6c6cd3e50789007ffca834b477b74a2144564522e944eabff61?s=96&d=mm&r=g","contentUrl":"https:\/\/secure.gravatar.com\/avatar\/ac5001d2a36cb6c6cd3e50789007ffca834b477b74a2144564522e944eabff61?s=96&d=mm&r=g","caption":"thomas.berner"},"url":"https:\/\/www.organisator.ch\/it\/author\/thomas-berner\/"}]}},"_links":{"self":[{"href":"https:\/\/www.organisator.ch\/it\/wp-json\/wp\/v2\/posts\/20743","targetHints":{"allow":["GET"]}}],"collection":[{"href":"https:\/\/www.organisator.ch\/it\/wp-json\/wp\/v2\/posts"}],"about":[{"href":"https:\/\/www.organisator.ch\/it\/wp-json\/wp\/v2\/types\/post"}],"author":[{"embeddable":true,"href":"https:\/\/www.organisator.ch\/it\/wp-json\/wp\/v2\/users\/4"}],"replies":[{"embeddable":true,"href":"https:\/\/www.organisator.ch\/it\/wp-json\/wp\/v2\/comments?post=20743"}],"version-history":[{"count":1,"href":"https:\/\/www.organisator.ch\/it\/wp-json\/wp\/v2\/posts\/20743\/revisions"}],"predecessor-version":[{"id":20745,"href":"https:\/\/www.organisator.ch\/it\/wp-json\/wp\/v2\/posts\/20743\/revisions\/20745"}],"wp:featuredmedia":[{"embeddable":true,"href":"https:\/\/www.organisator.ch\/it\/wp-json\/wp\/v2\/media\/20744"}],"wp:attachment":[{"href":"https:\/\/www.organisator.ch\/it\/wp-json\/wp\/v2\/media?parent=20743"}],"wp:term":[{"taxonomy":"category","embeddable":true,"href":"https:\/\/www.organisator.ch\/it\/wp-json\/wp\/v2\/categories?post=20743"},{"taxonomy":"post_tag","embeddable":true,"href":"https:\/\/www.organisator.ch\/it\/wp-json\/wp\/v2\/tags?post=20743"}],"curies":[{"name":"wp","href":"https:\/\/api.w.org\/{rel}","templated":true}]}}