{"id":20755,"date":"2023-06-19T07:55:53","date_gmt":"2023-06-19T05:55:53","guid":{"rendered":"https:\/\/www.m-q.ch\/?p=18192"},"modified":"2024-11-15T13:47:04","modified_gmt":"2024-11-15T12:47:04","slug":"bechtle-schweiz-ag-erlangt-iso-27001-zertifizierung","status":"publish","type":"post","link":"https:\/\/www.organisator.ch\/it\/operational-excellence\/2023-06-19\/bechtle-schweiz-ag-erlangt-iso-27001-zertifizierung\/","title":{"rendered":"Bechtle Schweiz AG ottiene la certificazione ISO 27001"},"content":{"rendered":"<figure id=\"attachment_18194\" class=\"wp-caption alignnone\" style=\"width: 680px\" aria-describedby=\"caption-attachment-18194\"><img class=\"alignnone wp-image-18194 size-full\" src=\"https:\/\/www.m-q.ch\/wp-content\/uploads\/2023\/06\/Bechtle-Schweiz-AG-erlangt-ISO-27001-Zertifizierung_MQ.jpg\" alt=\"Bechtle Svizzera ISO\" width=\"680\" height=\"512\" \/>\r\n<figcaption id=\"caption-attachment-18194\" class=\"wp-caption-text\">L'amministratore delegato Christian Speck \u00e8 soddisfatto della certificazione ISO\/IEC 27001 ottenuta dalla sua azienda. (Immagine: Bechtle Svizzera)<\/figcaption>\r\n<\/figure>\r\n<p>Nel maggio 2023, due revisori esterni hanno esaminato il sistema di gestione della sicurezza delle informazioni di Bechtle Schweiz AG secondo lo standard internazionale ISO\/IEC 27001 e lo hanno giudicato molto buono. L'azienda, con oltre 600 dipendenti in dieci sedi, \u00e8 un fornitore di servizi IT leader in Svizzera e, secondo la sua stessa descrizione, un partner di riferimento per la consulenza, l'infrastruttura IT, le soluzioni cloud, i servizi IT e il software per le PMI, le grandi aziende e il settore pubblico. L'offerta copre l'intero ciclo di vita dell'IT, dalla consulenza all'implementazione e alla gestione.<\/p>\r\n<h3>Gestione responsabile dei dati riservati<\/h3>\r\n<p>Un requisito centrale della norma ISO 27001 \u00e8 la sicurezza delle informazioni riservate, che gli auditor hanno giudicato molto buona per Bechtle Schweiz AG. Gli auditor confermano quindi che Bechtle Schweiz AG protegge in modo ideale e strategico i dati riservati - in particolare quelli di clienti e partner - da usi impropri, attacchi, perdite e divulgazioni e li mantiene al sicuro. La certificazione \u00e8 considerata un elemento di supporto per la gestione dei servizi IT di Bechtle e quindi anche per i servizi gestiti forniti dall'azienda.<\/p>\r\n<h3><strong>Investimento continuo nei livelli di sicurezza<\/strong><\/h3>\r\n<p>Christian Speck, amministratore delegato di Bechtle Schweiz AG: \"In qualit\u00e0 di partner IT di fiducia, gestiamo quotidianamente dati altamente sensibili e ci consideriamo obbligati nei confronti dei nostri clienti a soddisfare i massimi requisiti di sicurezza. La protezione dei dati \u00e8 la nostra massima priorit\u00e0, per questo lavoriamo regolarmente all'ottimizzazione dei nostri processi e investiamo nella sicurezza. Sono lieto che gli auditor abbiano riconosciuto il nostro impegno e ne abbiano fornito una prova documentata con questa certificazione.\"<\/p>\r\n<p><em><a href=\"http:\/\/www.bechtle.ch\/\">Fonte<\/a><\/em><\/p>\n<p class=\"syndicated-attribution\">Questo articolo \u00e8 apparso originariamente su m-q.ch - <a href=\"https:\/\/www.m-q.ch\/de\/bechtle-schweiz-ag-erlangt-iso-27001-zertifizierung\/\" target=\"_blank\">https:\/\/www.m-q.ch\/de\/bechtle-schweiz-ag-erlangt-iso-27001-zertifizierung\/<\/a><\/p>","protected":false},"excerpt":{"rendered":"<p>Il fornitore di servizi IT Bechtle Schweiz AG ha recentemente ottenuto la certificazione ISO\/IEC 27001. Uno dei punti chiave della certificazione \u00e8 rappresentato dai servizi forniti da Bechtle Schweiz AG.<\/p>","protected":false},"author":8,"featured_media":0,"comment_status":"closed","ping_status":"closed","sticky":false,"template":"","format":"standard","meta":{"_acf_changed":false,"_yoast_wpseo_focuskw":"Bechtle Schweiz ISO","_yoast_wpseo_metadesc":"Bechtle Schweiz erh\u00e4lt ISO\/IEC 27001-Zertifizierung f\u00fcr vorbildlichen Datenschutz und hohe Sicherheitsstandards.","articlekey":"","footnotes":""},"categories":[582],"tags":[],"class_list":["post-20755","post","type-post","status-publish","format-standard","hentry","category-operational-excellence"],"acf":[],"yoast_head":"<!-- This site is optimized with the Yoast SEO plugin v27.5 - https:\/\/yoast.com\/product\/yoast-seo-wordpress\/ -->\n<title>Bechtle Schweiz AG erlangt ISO 27001-Zertifizierung - Organisator<\/title>\n<meta name=\"description\" content=\"Bechtle Schweiz erh\u00e4lt ISO\/IEC 27001-Zertifizierung f\u00fcr vorbildlichen Datenschutz und hohe Sicherheitsstandards.\" \/>\n<meta name=\"robots\" content=\"index, follow, max-snippet:-1, max-image-preview:large, max-video-preview:-1\" \/>\n<link rel=\"canonical\" href=\"https:\/\/www.organisator.ch\/it\/eccellenza-operativa\/2023-06-19\/bechtle-schweiz-ag-erlangt-iso-27001-zertifizierung\/\" \/>\n<meta property=\"og:locale\" content=\"it_IT\" \/>\n<meta property=\"og:type\" content=\"article\" \/>\n<meta property=\"og:title\" content=\"Bechtle Schweiz AG erlangt ISO 27001-Zertifizierung - Organisator\" \/>\n<meta property=\"og:description\" content=\"Bechtle Schweiz erh\u00e4lt ISO\/IEC 27001-Zertifizierung f\u00fcr vorbildlichen Datenschutz und hohe Sicherheitsstandards.\" \/>\n<meta property=\"og:url\" content=\"https:\/\/www.organisator.ch\/it\/eccellenza-operativa\/2023-06-19\/bechtle-schweiz-ag-erlangt-iso-27001-zertifizierung\/\" \/>\n<meta property=\"og:site_name\" content=\"Organisator\" \/>\n<meta property=\"article:publisher\" content=\"https:\/\/www.facebook.com\/OrganisatorFachmagazin\" \/>\n<meta property=\"article:published_time\" content=\"2023-06-19T05:55:53+00:00\" \/>\n<meta property=\"article:modified_time\" content=\"2024-11-15T12:47:04+00:00\" \/>\n<meta name=\"author\" content=\"galledia\" \/>\n<meta name=\"twitter:card\" content=\"summary_large_image\" \/>\n<meta name=\"twitter:creator\" content=\"@admin\" \/>\n<script type=\"application\/ld+json\" class=\"yoast-schema-graph\">{\"@context\":\"https:\\\/\\\/schema.org\",\"@graph\":[{\"@type\":\"Article\",\"@id\":\"https:\\\/\\\/www.organisator.ch\\\/operational-excellence\\\/2023-06-19\\\/bechtle-schweiz-ag-erlangt-iso-27001-zertifizierung\\\/#article\",\"isPartOf\":{\"@id\":\"https:\\\/\\\/www.organisator.ch\\\/operational-excellence\\\/2023-06-19\\\/bechtle-schweiz-ag-erlangt-iso-27001-zertifizierung\\\/\"},\"author\":{\"name\":\"galledia\",\"@id\":\"https:\\\/\\\/www.organisator.ch\\\/#\\\/schema\\\/person\\\/4e51799071cd2dd1232ac003643ef5f0\"},\"headline\":\"Bechtle Schweiz AG erlangt ISO 27001-Zertifizierung\",\"datePublished\":\"2023-06-19T05:55:53+00:00\",\"dateModified\":\"2024-11-15T12:47:04+00:00\",\"mainEntityOfPage\":{\"@id\":\"https:\\\/\\\/www.organisator.ch\\\/operational-excellence\\\/2023-06-19\\\/bechtle-schweiz-ag-erlangt-iso-27001-zertifizierung\\\/\"},\"wordCount\":273,\"publisher\":{\"@id\":\"https:\\\/\\\/www.organisator.ch\\\/#organization\"},\"image\":{\"@id\":\"https:\\\/\\\/www.organisator.ch\\\/operational-excellence\\\/2023-06-19\\\/bechtle-schweiz-ag-erlangt-iso-27001-zertifizierung\\\/#primaryimage\"},\"thumbnailUrl\":\"https:\\\/\\\/www.m-q.ch\\\/wp-content\\\/uploads\\\/2023\\\/06\\\/Bechtle-Schweiz-AG-erlangt-ISO-27001-Zertifizierung_MQ.jpg\",\"articleSection\":[\"OPERATIONAL EXCELLENCE\"],\"inLanguage\":\"it-IT\"},{\"@type\":\"WebPage\",\"@id\":\"https:\\\/\\\/www.organisator.ch\\\/operational-excellence\\\/2023-06-19\\\/bechtle-schweiz-ag-erlangt-iso-27001-zertifizierung\\\/\",\"url\":\"https:\\\/\\\/www.organisator.ch\\\/operational-excellence\\\/2023-06-19\\\/bechtle-schweiz-ag-erlangt-iso-27001-zertifizierung\\\/\",\"name\":\"Bechtle Schweiz AG erlangt ISO 27001-Zertifizierung - Organisator\",\"isPartOf\":{\"@id\":\"https:\\\/\\\/www.organisator.ch\\\/#website\"},\"primaryImageOfPage\":{\"@id\":\"https:\\\/\\\/www.organisator.ch\\\/operational-excellence\\\/2023-06-19\\\/bechtle-schweiz-ag-erlangt-iso-27001-zertifizierung\\\/#primaryimage\"},\"image\":{\"@id\":\"https:\\\/\\\/www.organisator.ch\\\/operational-excellence\\\/2023-06-19\\\/bechtle-schweiz-ag-erlangt-iso-27001-zertifizierung\\\/#primaryimage\"},\"thumbnailUrl\":\"https:\\\/\\\/www.m-q.ch\\\/wp-content\\\/uploads\\\/2023\\\/06\\\/Bechtle-Schweiz-AG-erlangt-ISO-27001-Zertifizierung_MQ.jpg\",\"datePublished\":\"2023-06-19T05:55:53+00:00\",\"dateModified\":\"2024-11-15T12:47:04+00:00\",\"description\":\"Bechtle Schweiz erh\u00e4lt ISO\\\/IEC 27001-Zertifizierung f\u00fcr vorbildlichen Datenschutz und hohe Sicherheitsstandards.\",\"breadcrumb\":{\"@id\":\"https:\\\/\\\/www.organisator.ch\\\/operational-excellence\\\/2023-06-19\\\/bechtle-schweiz-ag-erlangt-iso-27001-zertifizierung\\\/#breadcrumb\"},\"inLanguage\":\"it-IT\",\"potentialAction\":[{\"@type\":\"ReadAction\",\"target\":[\"https:\\\/\\\/www.organisator.ch\\\/operational-excellence\\\/2023-06-19\\\/bechtle-schweiz-ag-erlangt-iso-27001-zertifizierung\\\/\"]}]},{\"@type\":\"ImageObject\",\"inLanguage\":\"it-IT\",\"@id\":\"https:\\\/\\\/www.organisator.ch\\\/operational-excellence\\\/2023-06-19\\\/bechtle-schweiz-ag-erlangt-iso-27001-zertifizierung\\\/#primaryimage\",\"url\":\"https:\\\/\\\/www.m-q.ch\\\/wp-content\\\/uploads\\\/2023\\\/06\\\/Bechtle-Schweiz-AG-erlangt-ISO-27001-Zertifizierung_MQ.jpg\",\"contentUrl\":\"https:\\\/\\\/www.m-q.ch\\\/wp-content\\\/uploads\\\/2023\\\/06\\\/Bechtle-Schweiz-AG-erlangt-ISO-27001-Zertifizierung_MQ.jpg\"},{\"@type\":\"BreadcrumbList\",\"@id\":\"https:\\\/\\\/www.organisator.ch\\\/operational-excellence\\\/2023-06-19\\\/bechtle-schweiz-ag-erlangt-iso-27001-zertifizierung\\\/#breadcrumb\",\"itemListElement\":[{\"@type\":\"ListItem\",\"position\":1,\"name\":\"Home\",\"item\":\"https:\\\/\\\/www.organisator.ch\\\/\"},{\"@type\":\"ListItem\",\"position\":2,\"name\":\"Bechtle Schweiz AG erlangt ISO 27001-Zertifizierung\"}]},{\"@type\":\"WebSite\",\"@id\":\"https:\\\/\\\/www.organisator.ch\\\/#website\",\"url\":\"https:\\\/\\\/www.organisator.ch\\\/\",\"name\":\"Organisator\",\"description\":\"Kompetent. Praxisnah. Der ORGANISATOR bereitet in 10 Ausgaben pro Jahr die wesentlichen Themen f\u00fcr F\u00fchrungskr\u00e4fte von KMU auf.\",\"publisher\":{\"@id\":\"https:\\\/\\\/www.organisator.ch\\\/#organization\"},\"potentialAction\":[{\"@type\":\"SearchAction\",\"target\":{\"@type\":\"EntryPoint\",\"urlTemplate\":\"https:\\\/\\\/www.organisator.ch\\\/?s={search_term_string}\"},\"query-input\":{\"@type\":\"PropertyValueSpecification\",\"valueRequired\":true,\"valueName\":\"search_term_string\"}}],\"inLanguage\":\"it-IT\"},{\"@type\":\"Organization\",\"@id\":\"https:\\\/\\\/www.organisator.ch\\\/#organization\",\"name\":\"Organisator\",\"url\":\"https:\\\/\\\/www.organisator.ch\\\/\",\"logo\":{\"@type\":\"ImageObject\",\"inLanguage\":\"it-IT\",\"@id\":\"https:\\\/\\\/www.organisator.ch\\\/#\\\/schema\\\/logo\\\/image\\\/\",\"url\":\"https:\\\/\\\/www.organisator.ch\\\/wp-content\\\/uploads\\\/2022\\\/01\\\/Logo_Organisator_Website.png\",\"contentUrl\":\"https:\\\/\\\/www.organisator.ch\\\/wp-content\\\/uploads\\\/2022\\\/01\\\/Logo_Organisator_Website.png\",\"width\":800,\"height\":77,\"caption\":\"Organisator\"},\"image\":{\"@id\":\"https:\\\/\\\/www.organisator.ch\\\/#\\\/schema\\\/logo\\\/image\\\/\"},\"sameAs\":[\"https:\\\/\\\/www.facebook.com\\\/OrganisatorFachmagazin\",\"https:\\\/\\\/www.linkedin.com\\\/showcase\\\/organisator-das-magazin-fr-kmu\",\"https:\\\/\\\/www.xing.com\\\/news\\\/pages\\\/organisator-ch-695\",\"https:\\\/\\\/www.youtube.com\\\/channel\\\/UCGP2Sq0iWaZwT3BdIAQFYpw\"]},{\"@type\":\"Person\",\"@id\":\"https:\\\/\\\/www.organisator.ch\\\/#\\\/schema\\\/person\\\/4e51799071cd2dd1232ac003643ef5f0\",\"name\":\"galledia\",\"image\":{\"@type\":\"ImageObject\",\"inLanguage\":\"it-IT\",\"@id\":\"https:\\\/\\\/secure.gravatar.com\\\/avatar\\\/78a7f90c01fc2bfc875782a0d4922b37cde2cf184ce347b91316d23cd7f69a36?s=96&d=mm&r=g\",\"url\":\"https:\\\/\\\/secure.gravatar.com\\\/avatar\\\/78a7f90c01fc2bfc875782a0d4922b37cde2cf184ce347b91316d23cd7f69a36?s=96&d=mm&r=g\",\"contentUrl\":\"https:\\\/\\\/secure.gravatar.com\\\/avatar\\\/78a7f90c01fc2bfc875782a0d4922b37cde2cf184ce347b91316d23cd7f69a36?s=96&d=mm&r=g\",\"caption\":\"galledia\"},\"sameAs\":[\"https:\\\/\\\/x.com\\\/admin\"],\"url\":\"https:\\\/\\\/www.organisator.ch\\\/it\\\/author\\\/galledia\\\/\"}]}<\/script>\n<!-- \/ Yoast SEO plugin. -->","yoast_head_json":{"title":"Bechtle Schweiz AG ottiene la certificazione ISO 27001 - Organizzatore","description":"Bechtle Svizzera riceve la certificazione ISO\/IEC 27001 per l'esemplare protezione dei dati e gli elevati standard di sicurezza.","robots":{"index":"index","follow":"follow","max-snippet":"max-snippet:-1","max-image-preview":"max-image-preview:large","max-video-preview":"max-video-preview:-1"},"canonical":"https:\/\/www.organisator.ch\/it\/eccellenza-operativa\/2023-06-19\/bechtle-schweiz-ag-erlangt-iso-27001-zertifizierung\/","og_locale":"it_IT","og_type":"article","og_title":"Bechtle Schweiz AG erlangt ISO 27001-Zertifizierung - Organisator","og_description":"Bechtle Schweiz erh\u00e4lt ISO\/IEC 27001-Zertifizierung f\u00fcr vorbildlichen Datenschutz und hohe Sicherheitsstandards.","og_url":"https:\/\/www.organisator.ch\/it\/eccellenza-operativa\/2023-06-19\/bechtle-schweiz-ag-erlangt-iso-27001-zertifizierung\/","og_site_name":"Organisator","article_publisher":"https:\/\/www.facebook.com\/OrganisatorFachmagazin","article_published_time":"2023-06-19T05:55:53+00:00","article_modified_time":"2024-11-15T12:47:04+00:00","author":"galledia","twitter_card":"summary_large_image","twitter_creator":"@admin","schema":{"@context":"https:\/\/schema.org","@graph":[{"@type":"Article","@id":"https:\/\/www.organisator.ch\/operational-excellence\/2023-06-19\/bechtle-schweiz-ag-erlangt-iso-27001-zertifizierung\/#article","isPartOf":{"@id":"https:\/\/www.organisator.ch\/operational-excellence\/2023-06-19\/bechtle-schweiz-ag-erlangt-iso-27001-zertifizierung\/"},"author":{"name":"galledia","@id":"https:\/\/www.organisator.ch\/#\/schema\/person\/4e51799071cd2dd1232ac003643ef5f0"},"headline":"Bechtle Schweiz AG erlangt ISO 27001-Zertifizierung","datePublished":"2023-06-19T05:55:53+00:00","dateModified":"2024-11-15T12:47:04+00:00","mainEntityOfPage":{"@id":"https:\/\/www.organisator.ch\/operational-excellence\/2023-06-19\/bechtle-schweiz-ag-erlangt-iso-27001-zertifizierung\/"},"wordCount":273,"publisher":{"@id":"https:\/\/www.organisator.ch\/#organization"},"image":{"@id":"https:\/\/www.organisator.ch\/operational-excellence\/2023-06-19\/bechtle-schweiz-ag-erlangt-iso-27001-zertifizierung\/#primaryimage"},"thumbnailUrl":"https:\/\/www.m-q.ch\/wp-content\/uploads\/2023\/06\/Bechtle-Schweiz-AG-erlangt-ISO-27001-Zertifizierung_MQ.jpg","articleSection":["OPERATIONAL EXCELLENCE"],"inLanguage":"it-IT"},{"@type":"WebPage","@id":"https:\/\/www.organisator.ch\/operational-excellence\/2023-06-19\/bechtle-schweiz-ag-erlangt-iso-27001-zertifizierung\/","url":"https:\/\/www.organisator.ch\/operational-excellence\/2023-06-19\/bechtle-schweiz-ag-erlangt-iso-27001-zertifizierung\/","name":"Bechtle Schweiz AG ottiene la certificazione ISO 27001 - Organizzatore","isPartOf":{"@id":"https:\/\/www.organisator.ch\/#website"},"primaryImageOfPage":{"@id":"https:\/\/www.organisator.ch\/operational-excellence\/2023-06-19\/bechtle-schweiz-ag-erlangt-iso-27001-zertifizierung\/#primaryimage"},"image":{"@id":"https:\/\/www.organisator.ch\/operational-excellence\/2023-06-19\/bechtle-schweiz-ag-erlangt-iso-27001-zertifizierung\/#primaryimage"},"thumbnailUrl":"https:\/\/www.m-q.ch\/wp-content\/uploads\/2023\/06\/Bechtle-Schweiz-AG-erlangt-ISO-27001-Zertifizierung_MQ.jpg","datePublished":"2023-06-19T05:55:53+00:00","dateModified":"2024-11-15T12:47:04+00:00","description":"Bechtle Svizzera riceve la certificazione ISO\/IEC 27001 per l'esemplare protezione dei dati e gli elevati standard di sicurezza.","breadcrumb":{"@id":"https:\/\/www.organisator.ch\/operational-excellence\/2023-06-19\/bechtle-schweiz-ag-erlangt-iso-27001-zertifizierung\/#breadcrumb"},"inLanguage":"it-IT","potentialAction":[{"@type":"ReadAction","target":["https:\/\/www.organisator.ch\/operational-excellence\/2023-06-19\/bechtle-schweiz-ag-erlangt-iso-27001-zertifizierung\/"]}]},{"@type":"ImageObject","inLanguage":"it-IT","@id":"https:\/\/www.organisator.ch\/operational-excellence\/2023-06-19\/bechtle-schweiz-ag-erlangt-iso-27001-zertifizierung\/#primaryimage","url":"https:\/\/www.m-q.ch\/wp-content\/uploads\/2023\/06\/Bechtle-Schweiz-AG-erlangt-ISO-27001-Zertifizierung_MQ.jpg","contentUrl":"https:\/\/www.m-q.ch\/wp-content\/uploads\/2023\/06\/Bechtle-Schweiz-AG-erlangt-ISO-27001-Zertifizierung_MQ.jpg"},{"@type":"BreadcrumbList","@id":"https:\/\/www.organisator.ch\/operational-excellence\/2023-06-19\/bechtle-schweiz-ag-erlangt-iso-27001-zertifizierung\/#breadcrumb","itemListElement":[{"@type":"ListItem","position":1,"name":"Home","item":"https:\/\/www.organisator.ch\/"},{"@type":"ListItem","position":2,"name":"Bechtle Schweiz AG erlangt ISO 27001-Zertifizierung"}]},{"@type":"WebSite","@id":"https:\/\/www.organisator.ch\/#website","url":"https:\/\/www.organisator.ch\/","name":"Organizzatore","description":"Competente. Pratico. In 10 numeri all'anno, ORGANISATOR presenta i temi essenziali per i manager delle PMI.","publisher":{"@id":"https:\/\/www.organisator.ch\/#organization"},"potentialAction":[{"@type":"SearchAction","target":{"@type":"EntryPoint","urlTemplate":"https:\/\/www.organisator.ch\/?s={search_term_string}"},"query-input":{"@type":"PropertyValueSpecification","valueRequired":true,"valueName":"search_term_string"}}],"inLanguage":"it-IT"},{"@type":"Organization","@id":"https:\/\/www.organisator.ch\/#organization","name":"Organizzatore","url":"https:\/\/www.organisator.ch\/","logo":{"@type":"ImageObject","inLanguage":"it-IT","@id":"https:\/\/www.organisator.ch\/#\/schema\/logo\/image\/","url":"https:\/\/www.organisator.ch\/wp-content\/uploads\/2022\/01\/Logo_Organisator_Website.png","contentUrl":"https:\/\/www.organisator.ch\/wp-content\/uploads\/2022\/01\/Logo_Organisator_Website.png","width":800,"height":77,"caption":"Organisator"},"image":{"@id":"https:\/\/www.organisator.ch\/#\/schema\/logo\/image\/"},"sameAs":["https:\/\/www.facebook.com\/OrganisatorFachmagazin","https:\/\/www.linkedin.com\/showcase\/organisator-das-magazin-fr-kmu","https:\/\/www.xing.com\/news\/pages\/organisator-ch-695","https:\/\/www.youtube.com\/channel\/UCGP2Sq0iWaZwT3BdIAQFYpw"]},{"@type":"Person","@id":"https:\/\/www.organisator.ch\/#\/schema\/person\/4e51799071cd2dd1232ac003643ef5f0","name":"galledia","image":{"@type":"ImageObject","inLanguage":"it-IT","@id":"https:\/\/secure.gravatar.com\/avatar\/78a7f90c01fc2bfc875782a0d4922b37cde2cf184ce347b91316d23cd7f69a36?s=96&d=mm&r=g","url":"https:\/\/secure.gravatar.com\/avatar\/78a7f90c01fc2bfc875782a0d4922b37cde2cf184ce347b91316d23cd7f69a36?s=96&d=mm&r=g","contentUrl":"https:\/\/secure.gravatar.com\/avatar\/78a7f90c01fc2bfc875782a0d4922b37cde2cf184ce347b91316d23cd7f69a36?s=96&d=mm&r=g","caption":"galledia"},"sameAs":["https:\/\/x.com\/admin"],"url":"https:\/\/www.organisator.ch\/it\/author\/galledia\/"}]}},"_links":{"self":[{"href":"https:\/\/www.organisator.ch\/it\/wp-json\/wp\/v2\/posts\/20755","targetHints":{"allow":["GET"]}}],"collection":[{"href":"https:\/\/www.organisator.ch\/it\/wp-json\/wp\/v2\/posts"}],"about":[{"href":"https:\/\/www.organisator.ch\/it\/wp-json\/wp\/v2\/types\/post"}],"author":[{"embeddable":true,"href":"https:\/\/www.organisator.ch\/it\/wp-json\/wp\/v2\/users\/8"}],"replies":[{"embeddable":true,"href":"https:\/\/www.organisator.ch\/it\/wp-json\/wp\/v2\/comments?post=20755"}],"version-history":[{"count":3,"href":"https:\/\/www.organisator.ch\/it\/wp-json\/wp\/v2\/posts\/20755\/revisions"}],"predecessor-version":[{"id":33083,"href":"https:\/\/www.organisator.ch\/it\/wp-json\/wp\/v2\/posts\/20755\/revisions\/33083"}],"wp:attachment":[{"href":"https:\/\/www.organisator.ch\/it\/wp-json\/wp\/v2\/media?parent=20755"}],"wp:term":[{"taxonomy":"category","embeddable":true,"href":"https:\/\/www.organisator.ch\/it\/wp-json\/wp\/v2\/categories?post=20755"},{"taxonomy":"post_tag","embeddable":true,"href":"https:\/\/www.organisator.ch\/it\/wp-json\/wp\/v2\/tags?post=20755"}],"curies":[{"name":"wp","href":"https:\/\/api.w.org\/{rel}","templated":true}]}}