{"id":20759,"date":"2023-06-19T13:24:00","date_gmt":"2023-06-19T11:24:00","guid":{"rendered":"https:\/\/www.organisator.ch\/?p=20759"},"modified":"2023-06-19T13:24:00","modified_gmt":"2023-06-19T11:24:00","slug":"hunde-am-arbeitsort-positiver-einfluss-aufs-arbeitsklima","status":"publish","type":"post","link":"https:\/\/www.organisator.ch\/it\/management\/2023-06-19\/hunde-am-arbeitsort-positiver-einfluss-aufs-arbeitsklima\/","title":{"rendered":"Cani sul posto di lavoro: influenza positiva sull'atmosfera lavorativa"},"content":{"rendered":"<figure id=\"attachment_20760\" aria-describedby=\"caption-attachment-20760\" style=\"width: 680px\" class=\"wp-caption alignnone\"><img loading=\"lazy\" decoding=\"async\" class=\"wp-image-20760 size-full\" src=\"https:\/\/www.organisator.ch\/wp-content\/uploads\/2023\/06\/Hunde-am-Arbeitsort-Positiver-Einfluss-aufs-Arbeitsklima_Organisator.jpg\" alt=\"\" width=\"680\" height=\"452\" srcset=\"https:\/\/www.organisator.ch\/wp-content\/uploads\/2023\/06\/Hunde-am-Arbeitsort-Positiver-Einfluss-aufs-Arbeitsklima_Organisator.jpg 680w, https:\/\/www.organisator.ch\/wp-content\/uploads\/2023\/06\/Hunde-am-Arbeitsort-Positiver-Einfluss-aufs-Arbeitsklima_Organisator-18x12.jpg 18w, https:\/\/www.organisator.ch\/wp-content\/uploads\/2023\/06\/Hunde-am-Arbeitsort-Positiver-Einfluss-aufs-Arbeitsklima_Organisator-375x249.jpg 375w, https:\/\/www.organisator.ch\/wp-content\/uploads\/2023\/06\/Hunde-am-Arbeitsort-Positiver-Einfluss-aufs-Arbeitsklima_Organisator-527x350.jpg 527w\" sizes=\"auto, (max-width: 680px) 100vw, 680px\" \/><figcaption id=\"caption-attachment-20760\" class=\"wp-caption-text\">I cani sul posto di lavoro possono avere un'influenza positiva e, non da ultimo, gli animali vengono accuditi durante il giorno. (Immagine: Nicolas Roeschli per Four Paws Svizzera)<\/figcaption><\/figure>\n<p>Per alcuni cani, accompagnare i padroni al lavoro \u00e8 abbastanza normale; purtroppo, la realt\u00e0 \u00e8 che molti amati cuccioli devono rimanere a casa. La compatibilit\u00e0 tra lavoro e cane \u00e8 quindi spesso impossibile. Tuttavia, gli studi dimostrano che i cani al lavoro hanno un'influenza positiva sull'atmosfera lavorativa. Con la campagna \"Dogs on Board - per luoghi di lavoro a misura di cane\", l'organizzazione per la protezione degli animali Vier Pfoten vuole incoraggiare le aziende a diventare pi\u00f9 attente ai cani e a beneficiare cos\u00ec dei numerosi aspetti positivi.<\/p>\n<h3>Promuovere la compatibilit\u00e0 tra lavoro e possesso di cani<\/h3>\n<p>I cani godono di grande popolarit\u00e0, soprattutto durante la stagione Corona molte persone hanno accolto un nuovo membro della famiglia a quattro zampe. Tuttavia, a causa del lavoro, molti proprietari di cani devono lasciare i loro amati pelosi a casa con altre persone o da soli per lunghi periodi di tempo. Un cane non dovrebbe essere lasciato da solo per molte ore, poich\u00e9 i cani sono animali molto socievoli e molto legati all'uomo. Pertanto, accompagnare un cane sul posto di lavoro sarebbe una buona soluzione per molti cani. Tuttavia, l'accettazione dei cani sul posto di lavoro \u00e8 purtroppo ancora lontana dall'essere universale.<\/p>\n<h3>I cani sul posto di lavoro: una risorsa per le aziende<\/h3>\n<p>\u00c8 stato dimostrato da tempo che i cani hanno un effetto positivo sulle persone e persino sul loro lavoro. Yasmine Wenk, coordinatrice della campagna Pets at Vier Pfoten Schweiz, spiega: \"I cani sul posto di lavoro sono un triplo vantaggio: ne beneficiano i cani, i proprietari e soprattutto le aziende. I cani non solo migliorano l'atmosfera lavorativa e trasmettono un senso di comunit\u00e0, ma portano anche relax nella giornata lavorativa e garantiscono persino un'immagine attraente del datore di lavoro\".<\/p>\n<h3>Campagna Cani a bordo<\/h3>\n<p>Sia per i dipendenti che per i datori di lavoro, Vier Pfoten consiglia, nell'ambito della campagna \"Dogs on Board\", di affrontare il problema e di collaborare per rendere il mondo del lavoro pi\u00f9 a misura di cane. A tal fine, l'organizzazione per la protezione degli animali mette a disposizione sul proprio sito web una serie di argomenti a favore dei cani sul posto di lavoro, nonch\u00e9 un esempio di politica sui cani che potrebbe regolamentare tale impegno. Affinch\u00e9 persone e cani si sentano a proprio agio, \u00e8 necessario definire regole che promuovano una coesistenza pacifica. Per facilitare questo compito, Vier Pfoten offre anche una consulenza alle aziende.<\/p>\n<p>Perch\u00e9 i datori di lavoro rispettosi dei cani hanno un'immagine positiva: sono considerati moderni, attraenti, comunicativi e sociali. Se l'assistenza ai cani \u00e8 garantita anche durante l'orario di lavoro, un numero sempre maggiore di persone pu\u00f2 realizzare il sogno di avere un proprio cane. I cani al lavoro aumentano anche gli aspetti legati al benessere degli animali, perch\u00e9 se l'assistenza al cane \u00e8 assicurata anche durante l'orario di lavoro, ci\u00f2 significa meno ore di solitudine a casa per il cane.<\/p>\n<p><em>Fonte: <a href=\"http:\/\/www.vier-pfoten.ch\">Quattro Zampe Svizzera<\/a><\/em><\/p>","protected":false},"excerpt":{"rendered":"<p>In occasione della \"Giornata del cane in ufficio\" del 23 giugno, l'organizzazione mondiale per la protezione degli animali \"Vier Pfoten\" incoraggia le aziende a trarre vantaggio dagli aspetti positivi che i cani portano in ufficio. La campagna \"Dogs on Board - per luoghi di lavoro a misura di cane\" mostra i vantaggi di questo modello e come pu\u00f2 essere implementato per far sentire a proprio agio persone e animali. <\/p>","protected":false},"author":4,"featured_media":20760,"comment_status":"closed","ping_status":"closed","sticky":false,"template":"","format":"standard","meta":{"_acf_changed":false,"_yoast_wpseo_focuskw":"Hunde am Arbeitsort","_yoast_wpseo_metadesc":"Anl\u00e4sslich des \u00abOffice Dog Days\u00bb am 23. Juni appelliert die Tierschutzorganisation \u00abVier Pfoten\u00bb f\u00fcr Hunde am Arbeitsort.","articlekey":"","footnotes":""},"categories":[28],"tags":[51,3506,3821],"class_list":["post-20759","post","type-post","status-publish","format-standard","has-post-thumbnail","hentry","category-management","tag-arbeitsplatzgestaltung","tag-human-resources","tag-hunde-im-buero"],"acf":[],"yoast_head":"<!-- This site is optimized with the Yoast SEO plugin v27.4 - https:\/\/yoast.com\/product\/yoast-seo-wordpress\/ -->\n<title>Hunde am Arbeitsort: Positiver Einfluss aufs Arbeitsklima - Organisator<\/title>\n<meta name=\"description\" content=\"Anl\u00e4sslich des \u00abOffice Dog Days\u00bb am 23. Juni appelliert die Tierschutzorganisation \u00abVier Pfoten\u00bb f\u00fcr Hunde am Arbeitsort.\" \/>\n<meta name=\"robots\" content=\"index, follow, max-snippet:-1, max-image-preview:large, max-video-preview:-1\" \/>\n<link rel=\"canonical\" href=\"https:\/\/www.organisator.ch\/it\/gestione-2\/2023-06-19\/hunde-am-arbeitsort-positiver-einfluss-aufs-arbeitsklima\/\" \/>\n<meta property=\"og:locale\" content=\"it_IT\" \/>\n<meta property=\"og:type\" content=\"article\" \/>\n<meta property=\"og:title\" content=\"Hunde am Arbeitsort: Positiver Einfluss aufs Arbeitsklima\" \/>\n<meta property=\"og:description\" content=\"Anl\u00e4sslich des \u00abOffice Dog Days\u00bb am 23. Juni appelliert die Tierschutzorganisation \u00abVier Pfoten\u00bb f\u00fcr Hunde am Arbeitsort.\" \/>\n<meta property=\"og:url\" content=\"https:\/\/www.organisator.ch\/it\/gestione-2\/2023-06-19\/hunde-am-arbeitsort-positiver-einfluss-aufs-arbeitsklima\/\" \/>\n<meta property=\"og:site_name\" content=\"Organisator\" \/>\n<meta property=\"article:publisher\" content=\"https:\/\/www.facebook.com\/OrganisatorFachmagazin\" \/>\n<meta property=\"article:published_time\" content=\"2023-06-19T11:24:00+00:00\" \/>\n<meta property=\"og:image\" content=\"https:\/\/www.organisator.ch\/wp-content\/uploads\/2023\/06\/Hunde-am-Arbeitsort-Positiver-Einfluss-aufs-Arbeitsklima_Organisator.jpg\" \/>\n\t<meta property=\"og:image:width\" content=\"680\" \/>\n\t<meta property=\"og:image:height\" content=\"452\" \/>\n\t<meta property=\"og:image:type\" content=\"image\/jpeg\" \/>\n<meta name=\"author\" content=\"thomas.berner\" \/>\n<meta name=\"twitter:card\" content=\"summary_large_image\" \/>\n<meta name=\"twitter:title\" content=\"#Hunde am #Arbeitsort: Positiver Einfluss aufs #Arbeitsklima\" \/>\n<meta name=\"twitter:description\" content=\"Anl\u00e4sslich des \u00abOffice Dog Days\u00bb am 23. Juni appelliert die #Tierschutzorganisation \u00abVier Pfoten\u00bb f\u00fcr #Hunde am Arbeitsort.\" \/>\n<meta name=\"twitter:image\" content=\"https:\/\/www.organisator.ch\/wp-content\/uploads\/2023\/06\/Hunde-am-Arbeitsort-Positiver-Einfluss-aufs-Arbeitsklima_Organisator.jpg\" \/>\n<script type=\"application\/ld+json\" class=\"yoast-schema-graph\">{\"@context\":\"https:\\\/\\\/schema.org\",\"@graph\":[{\"@type\":\"Article\",\"@id\":\"https:\\\/\\\/www.organisator.ch\\\/management\\\/2023-06-19\\\/hunde-am-arbeitsort-positiver-einfluss-aufs-arbeitsklima\\\/#article\",\"isPartOf\":{\"@id\":\"https:\\\/\\\/www.organisator.ch\\\/management\\\/2023-06-19\\\/hunde-am-arbeitsort-positiver-einfluss-aufs-arbeitsklima\\\/\"},\"author\":{\"name\":\"thomas.berner\",\"@id\":\"https:\\\/\\\/www.organisator.ch\\\/#\\\/schema\\\/person\\\/6f650f90b2842cd4c0cc334b4e36f67e\"},\"headline\":\"Hunde am Arbeitsort: Positiver Einfluss aufs Arbeitsklima\",\"datePublished\":\"2023-06-19T11:24:00+00:00\",\"mainEntityOfPage\":{\"@id\":\"https:\\\/\\\/www.organisator.ch\\\/management\\\/2023-06-19\\\/hunde-am-arbeitsort-positiver-einfluss-aufs-arbeitsklima\\\/\"},\"wordCount\":478,\"publisher\":{\"@id\":\"https:\\\/\\\/www.organisator.ch\\\/#organization\"},\"image\":{\"@id\":\"https:\\\/\\\/www.organisator.ch\\\/management\\\/2023-06-19\\\/hunde-am-arbeitsort-positiver-einfluss-aufs-arbeitsklima\\\/#primaryimage\"},\"thumbnailUrl\":\"https:\\\/\\\/www.organisator.ch\\\/wp-content\\\/uploads\\\/2023\\\/06\\\/Hunde-am-Arbeitsort-Positiver-Einfluss-aufs-Arbeitsklima_Organisator.jpg\",\"keywords\":[\"Arbeitsplatzgestaltung\",\"Human Resources\",\"Hunde im B\u00fcro\"],\"articleSection\":[\"MANAGEMENT\"],\"inLanguage\":\"it-IT\"},{\"@type\":\"WebPage\",\"@id\":\"https:\\\/\\\/www.organisator.ch\\\/management\\\/2023-06-19\\\/hunde-am-arbeitsort-positiver-einfluss-aufs-arbeitsklima\\\/\",\"url\":\"https:\\\/\\\/www.organisator.ch\\\/management\\\/2023-06-19\\\/hunde-am-arbeitsort-positiver-einfluss-aufs-arbeitsklima\\\/\",\"name\":\"Hunde am Arbeitsort: Positiver Einfluss aufs Arbeitsklima - Organisator\",\"isPartOf\":{\"@id\":\"https:\\\/\\\/www.organisator.ch\\\/#website\"},\"primaryImageOfPage\":{\"@id\":\"https:\\\/\\\/www.organisator.ch\\\/management\\\/2023-06-19\\\/hunde-am-arbeitsort-positiver-einfluss-aufs-arbeitsklima\\\/#primaryimage\"},\"image\":{\"@id\":\"https:\\\/\\\/www.organisator.ch\\\/management\\\/2023-06-19\\\/hunde-am-arbeitsort-positiver-einfluss-aufs-arbeitsklima\\\/#primaryimage\"},\"thumbnailUrl\":\"https:\\\/\\\/www.organisator.ch\\\/wp-content\\\/uploads\\\/2023\\\/06\\\/Hunde-am-Arbeitsort-Positiver-Einfluss-aufs-Arbeitsklima_Organisator.jpg\",\"datePublished\":\"2023-06-19T11:24:00+00:00\",\"description\":\"Anl\u00e4sslich des \u00abOffice Dog Days\u00bb am 23. Juni appelliert die Tierschutzorganisation \u00abVier Pfoten\u00bb f\u00fcr Hunde am Arbeitsort.\",\"breadcrumb\":{\"@id\":\"https:\\\/\\\/www.organisator.ch\\\/management\\\/2023-06-19\\\/hunde-am-arbeitsort-positiver-einfluss-aufs-arbeitsklima\\\/#breadcrumb\"},\"inLanguage\":\"it-IT\",\"potentialAction\":[{\"@type\":\"ReadAction\",\"target\":[\"https:\\\/\\\/www.organisator.ch\\\/management\\\/2023-06-19\\\/hunde-am-arbeitsort-positiver-einfluss-aufs-arbeitsklima\\\/\"]}]},{\"@type\":\"ImageObject\",\"inLanguage\":\"it-IT\",\"@id\":\"https:\\\/\\\/www.organisator.ch\\\/management\\\/2023-06-19\\\/hunde-am-arbeitsort-positiver-einfluss-aufs-arbeitsklima\\\/#primaryimage\",\"url\":\"https:\\\/\\\/www.organisator.ch\\\/wp-content\\\/uploads\\\/2023\\\/06\\\/Hunde-am-Arbeitsort-Positiver-Einfluss-aufs-Arbeitsklima_Organisator.jpg\",\"contentUrl\":\"https:\\\/\\\/www.organisator.ch\\\/wp-content\\\/uploads\\\/2023\\\/06\\\/Hunde-am-Arbeitsort-Positiver-Einfluss-aufs-Arbeitsklima_Organisator.jpg\",\"width\":680,\"height\":452,\"caption\":\"Lucio, the dog of Alexandra Mandoki. Pictures for the Dogs on board campaign. Ask CH comms before usin. Picture shot by Nicolas Roeschli in the FOUR PAWS CH office.\"},{\"@type\":\"BreadcrumbList\",\"@id\":\"https:\\\/\\\/www.organisator.ch\\\/management\\\/2023-06-19\\\/hunde-am-arbeitsort-positiver-einfluss-aufs-arbeitsklima\\\/#breadcrumb\",\"itemListElement\":[{\"@type\":\"ListItem\",\"position\":1,\"name\":\"Home\",\"item\":\"https:\\\/\\\/www.organisator.ch\\\/\"},{\"@type\":\"ListItem\",\"position\":2,\"name\":\"Hunde am Arbeitsort: Positiver Einfluss aufs Arbeitsklima\"}]},{\"@type\":\"WebSite\",\"@id\":\"https:\\\/\\\/www.organisator.ch\\\/#website\",\"url\":\"https:\\\/\\\/www.organisator.ch\\\/\",\"name\":\"Organisator\",\"description\":\"Kompetent. Praxisnah. Der ORGANISATOR bereitet in 10 Ausgaben pro Jahr die wesentlichen Themen f\u00fcr F\u00fchrungskr\u00e4fte von KMU auf.\",\"publisher\":{\"@id\":\"https:\\\/\\\/www.organisator.ch\\\/#organization\"},\"potentialAction\":[{\"@type\":\"SearchAction\",\"target\":{\"@type\":\"EntryPoint\",\"urlTemplate\":\"https:\\\/\\\/www.organisator.ch\\\/?s={search_term_string}\"},\"query-input\":{\"@type\":\"PropertyValueSpecification\",\"valueRequired\":true,\"valueName\":\"search_term_string\"}}],\"inLanguage\":\"it-IT\"},{\"@type\":\"Organization\",\"@id\":\"https:\\\/\\\/www.organisator.ch\\\/#organization\",\"name\":\"Organisator\",\"url\":\"https:\\\/\\\/www.organisator.ch\\\/\",\"logo\":{\"@type\":\"ImageObject\",\"inLanguage\":\"it-IT\",\"@id\":\"https:\\\/\\\/www.organisator.ch\\\/#\\\/schema\\\/logo\\\/image\\\/\",\"url\":\"https:\\\/\\\/www.organisator.ch\\\/wp-content\\\/uploads\\\/2022\\\/01\\\/Logo_Organisator_Website.png\",\"contentUrl\":\"https:\\\/\\\/www.organisator.ch\\\/wp-content\\\/uploads\\\/2022\\\/01\\\/Logo_Organisator_Website.png\",\"width\":800,\"height\":77,\"caption\":\"Organisator\"},\"image\":{\"@id\":\"https:\\\/\\\/www.organisator.ch\\\/#\\\/schema\\\/logo\\\/image\\\/\"},\"sameAs\":[\"https:\\\/\\\/www.facebook.com\\\/OrganisatorFachmagazin\",\"https:\\\/\\\/www.linkedin.com\\\/showcase\\\/organisator-das-magazin-fr-kmu\",\"https:\\\/\\\/www.xing.com\\\/news\\\/pages\\\/organisator-ch-695\",\"https:\\\/\\\/www.youtube.com\\\/channel\\\/UCGP2Sq0iWaZwT3BdIAQFYpw\"]},{\"@type\":\"Person\",\"@id\":\"https:\\\/\\\/www.organisator.ch\\\/#\\\/schema\\\/person\\\/6f650f90b2842cd4c0cc334b4e36f67e\",\"name\":\"thomas.berner\",\"image\":{\"@type\":\"ImageObject\",\"inLanguage\":\"it-IT\",\"@id\":\"https:\\\/\\\/secure.gravatar.com\\\/avatar\\\/ac5001d2a36cb6c6cd3e50789007ffca834b477b74a2144564522e944eabff61?s=96&d=mm&r=g\",\"url\":\"https:\\\/\\\/secure.gravatar.com\\\/avatar\\\/ac5001d2a36cb6c6cd3e50789007ffca834b477b74a2144564522e944eabff61?s=96&d=mm&r=g\",\"contentUrl\":\"https:\\\/\\\/secure.gravatar.com\\\/avatar\\\/ac5001d2a36cb6c6cd3e50789007ffca834b477b74a2144564522e944eabff61?s=96&d=mm&r=g\",\"caption\":\"thomas.berner\"},\"url\":\"https:\\\/\\\/www.organisator.ch\\\/it\\\/author\\\/thomas-berner\\\/\"}]}<\/script>\n<!-- \/ Yoast SEO plugin. -->","yoast_head_json":{"title":"Cani sul posto di lavoro: influenza positiva sull'atmosfera lavorativa - Organizzatore","description":"In occasione della \"Giornata del cane da ufficio\", il 23 giugno, l'associazione animalista \"Vier Pfoten\" lancia un appello per i cani sul posto di lavoro.","robots":{"index":"index","follow":"follow","max-snippet":"max-snippet:-1","max-image-preview":"max-image-preview:large","max-video-preview":"max-video-preview:-1"},"canonical":"https:\/\/www.organisator.ch\/it\/gestione-2\/2023-06-19\/hunde-am-arbeitsort-positiver-einfluss-aufs-arbeitsklima\/","og_locale":"it_IT","og_type":"article","og_title":"Hunde am Arbeitsort: Positiver Einfluss aufs Arbeitsklima","og_description":"Anl\u00e4sslich des \u00abOffice Dog Days\u00bb am 23. Juni appelliert die Tierschutzorganisation \u00abVier Pfoten\u00bb f\u00fcr Hunde am Arbeitsort.","og_url":"https:\/\/www.organisator.ch\/it\/gestione-2\/2023-06-19\/hunde-am-arbeitsort-positiver-einfluss-aufs-arbeitsklima\/","og_site_name":"Organisator","article_publisher":"https:\/\/www.facebook.com\/OrganisatorFachmagazin","article_published_time":"2023-06-19T11:24:00+00:00","og_image":[{"width":680,"height":452,"url":"https:\/\/www.organisator.ch\/wp-content\/uploads\/2023\/06\/Hunde-am-Arbeitsort-Positiver-Einfluss-aufs-Arbeitsklima_Organisator.jpg","type":"image\/jpeg"}],"author":"thomas.berner","twitter_card":"summary_large_image","twitter_title":"#Hunde am #Arbeitsort: Positiver Einfluss aufs #Arbeitsklima","twitter_description":"Anl\u00e4sslich des \u00abOffice Dog Days\u00bb am 23. Juni appelliert die #Tierschutzorganisation \u00abVier Pfoten\u00bb f\u00fcr #Hunde am Arbeitsort.","twitter_image":"https:\/\/www.organisator.ch\/wp-content\/uploads\/2023\/06\/Hunde-am-Arbeitsort-Positiver-Einfluss-aufs-Arbeitsklima_Organisator.jpg","schema":{"@context":"https:\/\/schema.org","@graph":[{"@type":"Article","@id":"https:\/\/www.organisator.ch\/management\/2023-06-19\/hunde-am-arbeitsort-positiver-einfluss-aufs-arbeitsklima\/#article","isPartOf":{"@id":"https:\/\/www.organisator.ch\/management\/2023-06-19\/hunde-am-arbeitsort-positiver-einfluss-aufs-arbeitsklima\/"},"author":{"name":"thomas.berner","@id":"https:\/\/www.organisator.ch\/#\/schema\/person\/6f650f90b2842cd4c0cc334b4e36f67e"},"headline":"Hunde am Arbeitsort: Positiver Einfluss aufs Arbeitsklima","datePublished":"2023-06-19T11:24:00+00:00","mainEntityOfPage":{"@id":"https:\/\/www.organisator.ch\/management\/2023-06-19\/hunde-am-arbeitsort-positiver-einfluss-aufs-arbeitsklima\/"},"wordCount":478,"publisher":{"@id":"https:\/\/www.organisator.ch\/#organization"},"image":{"@id":"https:\/\/www.organisator.ch\/management\/2023-06-19\/hunde-am-arbeitsort-positiver-einfluss-aufs-arbeitsklima\/#primaryimage"},"thumbnailUrl":"https:\/\/www.organisator.ch\/wp-content\/uploads\/2023\/06\/Hunde-am-Arbeitsort-Positiver-Einfluss-aufs-Arbeitsklima_Organisator.jpg","keywords":["Arbeitsplatzgestaltung","Human Resources","Hunde im B\u00fcro"],"articleSection":["MANAGEMENT"],"inLanguage":"it-IT"},{"@type":"WebPage","@id":"https:\/\/www.organisator.ch\/management\/2023-06-19\/hunde-am-arbeitsort-positiver-einfluss-aufs-arbeitsklima\/","url":"https:\/\/www.organisator.ch\/management\/2023-06-19\/hunde-am-arbeitsort-positiver-einfluss-aufs-arbeitsklima\/","name":"Cani sul posto di lavoro: influenza positiva sull'atmosfera lavorativa - Organizzatore","isPartOf":{"@id":"https:\/\/www.organisator.ch\/#website"},"primaryImageOfPage":{"@id":"https:\/\/www.organisator.ch\/management\/2023-06-19\/hunde-am-arbeitsort-positiver-einfluss-aufs-arbeitsklima\/#primaryimage"},"image":{"@id":"https:\/\/www.organisator.ch\/management\/2023-06-19\/hunde-am-arbeitsort-positiver-einfluss-aufs-arbeitsklima\/#primaryimage"},"thumbnailUrl":"https:\/\/www.organisator.ch\/wp-content\/uploads\/2023\/06\/Hunde-am-Arbeitsort-Positiver-Einfluss-aufs-Arbeitsklima_Organisator.jpg","datePublished":"2023-06-19T11:24:00+00:00","description":"In occasione della \"Giornata del cane da ufficio\", il 23 giugno, l'associazione animalista \"Vier Pfoten\" lancia un appello per i cani sul posto di lavoro.","breadcrumb":{"@id":"https:\/\/www.organisator.ch\/management\/2023-06-19\/hunde-am-arbeitsort-positiver-einfluss-aufs-arbeitsklima\/#breadcrumb"},"inLanguage":"it-IT","potentialAction":[{"@type":"ReadAction","target":["https:\/\/www.organisator.ch\/management\/2023-06-19\/hunde-am-arbeitsort-positiver-einfluss-aufs-arbeitsklima\/"]}]},{"@type":"ImageObject","inLanguage":"it-IT","@id":"https:\/\/www.organisator.ch\/management\/2023-06-19\/hunde-am-arbeitsort-positiver-einfluss-aufs-arbeitsklima\/#primaryimage","url":"https:\/\/www.organisator.ch\/wp-content\/uploads\/2023\/06\/Hunde-am-Arbeitsort-Positiver-Einfluss-aufs-Arbeitsklima_Organisator.jpg","contentUrl":"https:\/\/www.organisator.ch\/wp-content\/uploads\/2023\/06\/Hunde-am-Arbeitsort-Positiver-Einfluss-aufs-Arbeitsklima_Organisator.jpg","width":680,"height":452,"caption":"Lucio, the dog of Alexandra Mandoki. Pictures for the Dogs on board campaign. Ask CH comms before usin. Picture shot by Nicolas Roeschli in the FOUR PAWS CH office."},{"@type":"BreadcrumbList","@id":"https:\/\/www.organisator.ch\/management\/2023-06-19\/hunde-am-arbeitsort-positiver-einfluss-aufs-arbeitsklima\/#breadcrumb","itemListElement":[{"@type":"ListItem","position":1,"name":"Home","item":"https:\/\/www.organisator.ch\/"},{"@type":"ListItem","position":2,"name":"Hunde am Arbeitsort: Positiver Einfluss aufs Arbeitsklima"}]},{"@type":"WebSite","@id":"https:\/\/www.organisator.ch\/#website","url":"https:\/\/www.organisator.ch\/","name":"Organizzatore","description":"Competente. Pratico. In 10 numeri all'anno, ORGANISATOR presenta i temi essenziali per i manager delle PMI.","publisher":{"@id":"https:\/\/www.organisator.ch\/#organization"},"potentialAction":[{"@type":"SearchAction","target":{"@type":"EntryPoint","urlTemplate":"https:\/\/www.organisator.ch\/?s={search_term_string}"},"query-input":{"@type":"PropertyValueSpecification","valueRequired":true,"valueName":"search_term_string"}}],"inLanguage":"it-IT"},{"@type":"Organization","@id":"https:\/\/www.organisator.ch\/#organization","name":"Organizzatore","url":"https:\/\/www.organisator.ch\/","logo":{"@type":"ImageObject","inLanguage":"it-IT","@id":"https:\/\/www.organisator.ch\/#\/schema\/logo\/image\/","url":"https:\/\/www.organisator.ch\/wp-content\/uploads\/2022\/01\/Logo_Organisator_Website.png","contentUrl":"https:\/\/www.organisator.ch\/wp-content\/uploads\/2022\/01\/Logo_Organisator_Website.png","width":800,"height":77,"caption":"Organisator"},"image":{"@id":"https:\/\/www.organisator.ch\/#\/schema\/logo\/image\/"},"sameAs":["https:\/\/www.facebook.com\/OrganisatorFachmagazin","https:\/\/www.linkedin.com\/showcase\/organisator-das-magazin-fr-kmu","https:\/\/www.xing.com\/news\/pages\/organisator-ch-695","https:\/\/www.youtube.com\/channel\/UCGP2Sq0iWaZwT3BdIAQFYpw"]},{"@type":"Person","@id":"https:\/\/www.organisator.ch\/#\/schema\/person\/6f650f90b2842cd4c0cc334b4e36f67e","name":"Tommaso.berner","image":{"@type":"ImageObject","inLanguage":"it-IT","@id":"https:\/\/secure.gravatar.com\/avatar\/ac5001d2a36cb6c6cd3e50789007ffca834b477b74a2144564522e944eabff61?s=96&d=mm&r=g","url":"https:\/\/secure.gravatar.com\/avatar\/ac5001d2a36cb6c6cd3e50789007ffca834b477b74a2144564522e944eabff61?s=96&d=mm&r=g","contentUrl":"https:\/\/secure.gravatar.com\/avatar\/ac5001d2a36cb6c6cd3e50789007ffca834b477b74a2144564522e944eabff61?s=96&d=mm&r=g","caption":"thomas.berner"},"url":"https:\/\/www.organisator.ch\/it\/author\/thomas-berner\/"}]}},"_links":{"self":[{"href":"https:\/\/www.organisator.ch\/it\/wp-json\/wp\/v2\/posts\/20759","targetHints":{"allow":["GET"]}}],"collection":[{"href":"https:\/\/www.organisator.ch\/it\/wp-json\/wp\/v2\/posts"}],"about":[{"href":"https:\/\/www.organisator.ch\/it\/wp-json\/wp\/v2\/types\/post"}],"author":[{"embeddable":true,"href":"https:\/\/www.organisator.ch\/it\/wp-json\/wp\/v2\/users\/4"}],"replies":[{"embeddable":true,"href":"https:\/\/www.organisator.ch\/it\/wp-json\/wp\/v2\/comments?post=20759"}],"version-history":[{"count":1,"href":"https:\/\/www.organisator.ch\/it\/wp-json\/wp\/v2\/posts\/20759\/revisions"}],"predecessor-version":[{"id":20761,"href":"https:\/\/www.organisator.ch\/it\/wp-json\/wp\/v2\/posts\/20759\/revisions\/20761"}],"wp:featuredmedia":[{"embeddable":true,"href":"https:\/\/www.organisator.ch\/it\/wp-json\/wp\/v2\/media\/20760"}],"wp:attachment":[{"href":"https:\/\/www.organisator.ch\/it\/wp-json\/wp\/v2\/media?parent=20759"}],"wp:term":[{"taxonomy":"category","embeddable":true,"href":"https:\/\/www.organisator.ch\/it\/wp-json\/wp\/v2\/categories?post=20759"},{"taxonomy":"post_tag","embeddable":true,"href":"https:\/\/www.organisator.ch\/it\/wp-json\/wp\/v2\/tags?post=20759"}],"curies":[{"name":"wp","href":"https:\/\/api.w.org\/{rel}","templated":true}]}}