{"id":20763,"date":"2023-06-20T09:27:15","date_gmt":"2023-06-20T07:27:15","guid":{"rendered":"https:\/\/www.organisator.ch\/?p=20763"},"modified":"2023-06-20T09:27:15","modified_gmt":"2023-06-20T07:27:15","slug":"sieber-gruppe-mit-naechstem-schritt-in-richtung-gruene-logistik","status":"publish","type":"post","link":"https:\/\/www.organisator.ch\/it\/sustainability\/2023-06-20\/sieber-gruppe-mit-naechstem-schritt-in-richtung-gruene-logistik\/","title":{"rendered":"Il Gruppo Sieber compie il passo successivo verso una logistica verde"},"content":{"rendered":"<figure id=\"attachment_20764\" aria-describedby=\"caption-attachment-20764\" style=\"width: 680px\" class=\"wp-caption alignnone\"><img loading=\"lazy\" decoding=\"async\" class=\"size-full wp-image-20764\" src=\"https:\/\/www.organisator.ch\/wp-content\/uploads\/2023\/06\/Sieber-Gruppe-mit-naechstem-Schritt-in-Richtung-gruene-Logistik_Organisator.jpg\" alt=\"\" width=\"680\" height=\"510\" srcset=\"https:\/\/www.organisator.ch\/wp-content\/uploads\/2023\/06\/Sieber-Gruppe-mit-naechstem-Schritt-in-Richtung-gruene-Logistik_Organisator.jpg 680w, https:\/\/www.organisator.ch\/wp-content\/uploads\/2023\/06\/Sieber-Gruppe-mit-naechstem-Schritt-in-Richtung-gruene-Logistik_Organisator-16x12.jpg 16w, https:\/\/www.organisator.ch\/wp-content\/uploads\/2023\/06\/Sieber-Gruppe-mit-naechstem-Schritt-in-Richtung-gruene-Logistik_Organisator-375x281.jpg 375w, https:\/\/www.organisator.ch\/wp-content\/uploads\/2023\/06\/Sieber-Gruppe-mit-naechstem-Schritt-in-Richtung-gruene-Logistik_Organisator-467x350.jpg 467w\" sizes=\"auto, (max-width: 680px) 100vw, 680px\" \/><figcaption id=\"caption-attachment-20764\" class=\"wp-caption-text\">Con veicoli elettrici come questi, il Gruppo Sieber contribuisce a una logistica pi\u00f9 ecologica. (Immagine: Sieber)<\/figcaption><\/figure>\n<p>Nell'ambito dell'associazione di categoria Swisscleantech, il Gruppo Sieber si impegna per il clima nel sottoprogetto \"Green Logistics\". Una componente importante riguarda l'elettromobilit\u00e0 nel settore dei trasporti. Negli ultimi anni sono stati compiuti progressi tecnologici che consentono alle aziende di trasporto e logistica di utilizzare i veicoli elettrici su base quotidiana e per diversi compiti di trasporto.<\/p>\n<h3>Un totale di 21 veicoli privi di combustibili fossili in uso presso la Sieber<\/h3>\n<p>Da maggio 2023, un totale di 21 veicoli elettrici sono a disposizione dei clienti per un'ampia variet\u00e0 di incarichi di trasporto. Grazie alle diverse sovrastrutture, i veicoli elettrici sono ideali per una variet\u00e0 di compiti di trasporto ecologici e senza emissioni di CO2, afferma l'azienda. In una seconda fase (2024\/2025), il Gruppo Sieber prevede ulteriori investimenti nell'infrastruttura di ricarica esistente, ove possibile anche in combinazione con il fotovoltaico e l'accumulo di energia. In termini di veicoli per il trasporto elettronico, l'azienda prevede di espandere ulteriormente la propria flotta ecologica, passo dopo passo.<\/p>\n<h3>Trasporto ferroviario: ecologico ed efficiente<\/h3>\n<p>Il trasporto combinato (TC) \u00e8 un altro fattore di successo per la logistica verde. Nel 2022, sono stati caricati in totale 6.800 rimorchi, che hanno coperto una distanza di circa 1.800.000 km. L'anno scorso, il trasporto ferroviario ha ridotto le emissioni di CO2 di 2.083 tonnellate. A una velocit\u00e0 media di 70 km\/h, Sieber ha potuto sostituire 25.700 ore di guida di camion all'anno in modo ecologico.<\/p>\n<p>In collaborazione con Swiss Climate e come uno dei primi fornitori di servizi logistici in Svizzera, Sieber offre ai propri clienti di trasporto la possibilit\u00e0 di determinare e compensare le proprie emissioni di CO2 a livello di spedizione e di migliorare la propria impronta di CO2 con \"GOgreen\". In questo modo, i trasporti possono essere resi neutrali dal punto di vista climatico. Sieber offre varie soluzioni di compensazione sotto forma di diversi progetti climatici. Che si tratti di una gestione sostenibile e biodiversa della foresta svizzera, dell'arresto della deforestazione a Par\u00e0, in Brasile, o di energia rinnovabile dalla segatura in Bulgaria, le nuove possibilit\u00e0 offerte da \"GOgreen\" vengono gi\u00e0 utilizzate attivamente.<\/p>\n<p><a href=\"http:\/\/www.sieber.ch\"><em>Fonte e ulteriori informazioni<\/em><\/a><\/p>","protected":false},"excerpt":{"rendered":"<p>L'azienda di logistica Sieber si impegna attivamente per una maggiore sostenibilit\u00e0 con una serie di misure e fa molto per coinvolgere i suoi clienti con nuove possibilit\u00e0. Da maggio 2023, inoltre, la flotta di veicoli elettrici \u00e8 stata notevolmente ampliata.<\/p>","protected":false},"author":4,"featured_media":20764,"comment_status":"closed","ping_status":"closed","sticky":false,"template":"","format":"standard","meta":{"_acf_changed":false,"_yoast_wpseo_focuskw":"Sieber-Gruppe","_yoast_wpseo_metadesc":"Die Sieber-Gruppe engagiert sich aktiv f\u00fcr mehr Nachhaltigkeit und hat seit Mai 2023 auch die Elektro-Fahrzeugflotte stark ausgebaut.","articlekey":"","footnotes":""},"categories":[580],"tags":[3822,328,358],"class_list":["post-20763","post","type-post","status-publish","format-standard","has-post-thumbnail","hentry","category-sustainability","tag-elektro-mobilitaet","tag-logistik","tag-nachhaltige-wirtschaft"],"acf":[],"yoast_head":"<!-- This site is optimized with the Yoast SEO plugin v27.5 - https:\/\/yoast.com\/product\/yoast-seo-wordpress\/ -->\n<title>Sieber-Gruppe mit n\u00e4chstem Schritt in Richtung gr\u00fcne Logistik - Organisator<\/title>\n<meta name=\"description\" content=\"Die Sieber-Gruppe engagiert sich aktiv f\u00fcr mehr Nachhaltigkeit und hat seit Mai 2023 auch die Elektro-Fahrzeugflotte stark ausgebaut.\" \/>\n<meta name=\"robots\" content=\"index, follow, max-snippet:-1, max-image-preview:large, max-video-preview:-1\" \/>\n<link rel=\"canonical\" href=\"https:\/\/www.organisator.ch\/it\/sostenibilita\/2023-06-20\/sieber-gruppe-mit-naechstem-schritt-in-richtung-gruene-logistik\/\" \/>\n<meta property=\"og:locale\" content=\"it_IT\" \/>\n<meta property=\"og:type\" content=\"article\" \/>\n<meta property=\"og:title\" content=\"Sieber-Gruppe mit n\u00e4chstem Schritt in Richtung gr\u00fcne Logistik\" \/>\n<meta property=\"og:description\" content=\"Die Sieber-Gruppe engagiert sich aktiv f\u00fcr mehr Nachhaltigkeit und hat seit Mai 2023 auch die Elektro-Fahrzeugflotte stark ausgebaut.\" \/>\n<meta property=\"og:url\" content=\"https:\/\/www.organisator.ch\/it\/sostenibilita\/2023-06-20\/sieber-gruppe-mit-naechstem-schritt-in-richtung-gruene-logistik\/\" \/>\n<meta property=\"og:site_name\" content=\"Organisator\" \/>\n<meta property=\"article:publisher\" content=\"https:\/\/www.facebook.com\/OrganisatorFachmagazin\" \/>\n<meta property=\"article:published_time\" content=\"2023-06-20T07:27:15+00:00\" \/>\n<meta property=\"og:image\" content=\"https:\/\/www.organisator.ch\/wp-content\/uploads\/2023\/06\/Sieber-Gruppe-mit-naechstem-Schritt-in-Richtung-gruene-Logistik_Organisator.jpg\" \/>\n\t<meta property=\"og:image:width\" content=\"680\" \/>\n\t<meta property=\"og:image:height\" content=\"510\" \/>\n\t<meta property=\"og:image:type\" content=\"image\/jpeg\" \/>\n<meta name=\"author\" content=\"thomas.berner\" \/>\n<meta name=\"twitter:card\" content=\"summary_large_image\" \/>\n<meta name=\"twitter:title\" content=\"#Sieber-Gruppe mit n\u00e4chstem Schritt in Richtung gr\u00fcne #Logistik\" \/>\n<meta name=\"twitter:description\" content=\"Die #Sieber-Gruppe engagiert sich aktiv f\u00fcr mehr #Nachhaltigkeit und hat seit Mai 2023 auch die #Elektro-Fahrzeugflotte stark ausgebaut.\" \/>\n<meta name=\"twitter:image\" content=\"https:\/\/www.organisator.ch\/wp-content\/uploads\/2023\/06\/Sieber-Gruppe-mit-naechstem-Schritt-in-Richtung-gruene-Logistik_Organisator.jpg\" \/>\n<script type=\"application\/ld+json\" class=\"yoast-schema-graph\">{\"@context\":\"https:\\\/\\\/schema.org\",\"@graph\":[{\"@type\":\"Article\",\"@id\":\"https:\\\/\\\/www.organisator.ch\\\/sustainability\\\/2023-06-20\\\/sieber-gruppe-mit-naechstem-schritt-in-richtung-gruene-logistik\\\/#article\",\"isPartOf\":{\"@id\":\"https:\\\/\\\/www.organisator.ch\\\/sustainability\\\/2023-06-20\\\/sieber-gruppe-mit-naechstem-schritt-in-richtung-gruene-logistik\\\/\"},\"author\":{\"name\":\"thomas.berner\",\"@id\":\"https:\\\/\\\/www.organisator.ch\\\/#\\\/schema\\\/person\\\/6f650f90b2842cd4c0cc334b4e36f67e\"},\"headline\":\"Sieber-Gruppe mit n\u00e4chstem Schritt in Richtung gr\u00fcne Logistik\",\"datePublished\":\"2023-06-20T07:27:15+00:00\",\"mainEntityOfPage\":{\"@id\":\"https:\\\/\\\/www.organisator.ch\\\/sustainability\\\/2023-06-20\\\/sieber-gruppe-mit-naechstem-schritt-in-richtung-gruene-logistik\\\/\"},\"wordCount\":317,\"publisher\":{\"@id\":\"https:\\\/\\\/www.organisator.ch\\\/#organization\"},\"image\":{\"@id\":\"https:\\\/\\\/www.organisator.ch\\\/sustainability\\\/2023-06-20\\\/sieber-gruppe-mit-naechstem-schritt-in-richtung-gruene-logistik\\\/#primaryimage\"},\"thumbnailUrl\":\"https:\\\/\\\/www.organisator.ch\\\/wp-content\\\/uploads\\\/2023\\\/06\\\/Sieber-Gruppe-mit-naechstem-Schritt-in-Richtung-gruene-Logistik_Organisator.jpg\",\"keywords\":[\"Elektro-Mobilit\u00e4t\",\"Logistik\",\"Nachhaltige Wirtschaft\"],\"articleSection\":[\"SUSTAINABILITY\"],\"inLanguage\":\"it-IT\"},{\"@type\":\"WebPage\",\"@id\":\"https:\\\/\\\/www.organisator.ch\\\/sustainability\\\/2023-06-20\\\/sieber-gruppe-mit-naechstem-schritt-in-richtung-gruene-logistik\\\/\",\"url\":\"https:\\\/\\\/www.organisator.ch\\\/sustainability\\\/2023-06-20\\\/sieber-gruppe-mit-naechstem-schritt-in-richtung-gruene-logistik\\\/\",\"name\":\"Sieber-Gruppe mit n\u00e4chstem Schritt in Richtung gr\u00fcne Logistik - Organisator\",\"isPartOf\":{\"@id\":\"https:\\\/\\\/www.organisator.ch\\\/#website\"},\"primaryImageOfPage\":{\"@id\":\"https:\\\/\\\/www.organisator.ch\\\/sustainability\\\/2023-06-20\\\/sieber-gruppe-mit-naechstem-schritt-in-richtung-gruene-logistik\\\/#primaryimage\"},\"image\":{\"@id\":\"https:\\\/\\\/www.organisator.ch\\\/sustainability\\\/2023-06-20\\\/sieber-gruppe-mit-naechstem-schritt-in-richtung-gruene-logistik\\\/#primaryimage\"},\"thumbnailUrl\":\"https:\\\/\\\/www.organisator.ch\\\/wp-content\\\/uploads\\\/2023\\\/06\\\/Sieber-Gruppe-mit-naechstem-Schritt-in-Richtung-gruene-Logistik_Organisator.jpg\",\"datePublished\":\"2023-06-20T07:27:15+00:00\",\"description\":\"Die Sieber-Gruppe engagiert sich aktiv f\u00fcr mehr Nachhaltigkeit und hat seit Mai 2023 auch die Elektro-Fahrzeugflotte stark ausgebaut.\",\"breadcrumb\":{\"@id\":\"https:\\\/\\\/www.organisator.ch\\\/sustainability\\\/2023-06-20\\\/sieber-gruppe-mit-naechstem-schritt-in-richtung-gruene-logistik\\\/#breadcrumb\"},\"inLanguage\":\"it-IT\",\"potentialAction\":[{\"@type\":\"ReadAction\",\"target\":[\"https:\\\/\\\/www.organisator.ch\\\/sustainability\\\/2023-06-20\\\/sieber-gruppe-mit-naechstem-schritt-in-richtung-gruene-logistik\\\/\"]}]},{\"@type\":\"ImageObject\",\"inLanguage\":\"it-IT\",\"@id\":\"https:\\\/\\\/www.organisator.ch\\\/sustainability\\\/2023-06-20\\\/sieber-gruppe-mit-naechstem-schritt-in-richtung-gruene-logistik\\\/#primaryimage\",\"url\":\"https:\\\/\\\/www.organisator.ch\\\/wp-content\\\/uploads\\\/2023\\\/06\\\/Sieber-Gruppe-mit-naechstem-Schritt-in-Richtung-gruene-Logistik_Organisator.jpg\",\"contentUrl\":\"https:\\\/\\\/www.organisator.ch\\\/wp-content\\\/uploads\\\/2023\\\/06\\\/Sieber-Gruppe-mit-naechstem-Schritt-in-Richtung-gruene-Logistik_Organisator.jpg\",\"width\":680,\"height\":510,\"caption\":\"Mit solchen Elektro-Fahrzeugen leistet die Sieber-Gruppe einen Beitrag f\u00fcr eine gr\u00fcnere Logistik. (Bild: Sieber)\"},{\"@type\":\"BreadcrumbList\",\"@id\":\"https:\\\/\\\/www.organisator.ch\\\/sustainability\\\/2023-06-20\\\/sieber-gruppe-mit-naechstem-schritt-in-richtung-gruene-logistik\\\/#breadcrumb\",\"itemListElement\":[{\"@type\":\"ListItem\",\"position\":1,\"name\":\"Home\",\"item\":\"https:\\\/\\\/www.organisator.ch\\\/\"},{\"@type\":\"ListItem\",\"position\":2,\"name\":\"Sieber-Gruppe mit n\u00e4chstem Schritt in Richtung gr\u00fcne Logistik\"}]},{\"@type\":\"WebSite\",\"@id\":\"https:\\\/\\\/www.organisator.ch\\\/#website\",\"url\":\"https:\\\/\\\/www.organisator.ch\\\/\",\"name\":\"Organisator\",\"description\":\"Kompetent. Praxisnah. Der ORGANISATOR bereitet in 10 Ausgaben pro Jahr die wesentlichen Themen f\u00fcr F\u00fchrungskr\u00e4fte von KMU auf.\",\"publisher\":{\"@id\":\"https:\\\/\\\/www.organisator.ch\\\/#organization\"},\"potentialAction\":[{\"@type\":\"SearchAction\",\"target\":{\"@type\":\"EntryPoint\",\"urlTemplate\":\"https:\\\/\\\/www.organisator.ch\\\/?s={search_term_string}\"},\"query-input\":{\"@type\":\"PropertyValueSpecification\",\"valueRequired\":true,\"valueName\":\"search_term_string\"}}],\"inLanguage\":\"it-IT\"},{\"@type\":\"Organization\",\"@id\":\"https:\\\/\\\/www.organisator.ch\\\/#organization\",\"name\":\"Organisator\",\"url\":\"https:\\\/\\\/www.organisator.ch\\\/\",\"logo\":{\"@type\":\"ImageObject\",\"inLanguage\":\"it-IT\",\"@id\":\"https:\\\/\\\/www.organisator.ch\\\/#\\\/schema\\\/logo\\\/image\\\/\",\"url\":\"https:\\\/\\\/www.organisator.ch\\\/wp-content\\\/uploads\\\/2022\\\/01\\\/Logo_Organisator_Website.png\",\"contentUrl\":\"https:\\\/\\\/www.organisator.ch\\\/wp-content\\\/uploads\\\/2022\\\/01\\\/Logo_Organisator_Website.png\",\"width\":800,\"height\":77,\"caption\":\"Organisator\"},\"image\":{\"@id\":\"https:\\\/\\\/www.organisator.ch\\\/#\\\/schema\\\/logo\\\/image\\\/\"},\"sameAs\":[\"https:\\\/\\\/www.facebook.com\\\/OrganisatorFachmagazin\",\"https:\\\/\\\/www.linkedin.com\\\/showcase\\\/organisator-das-magazin-fr-kmu\",\"https:\\\/\\\/www.xing.com\\\/news\\\/pages\\\/organisator-ch-695\",\"https:\\\/\\\/www.youtube.com\\\/channel\\\/UCGP2Sq0iWaZwT3BdIAQFYpw\"]},{\"@type\":\"Person\",\"@id\":\"https:\\\/\\\/www.organisator.ch\\\/#\\\/schema\\\/person\\\/6f650f90b2842cd4c0cc334b4e36f67e\",\"name\":\"thomas.berner\",\"image\":{\"@type\":\"ImageObject\",\"inLanguage\":\"it-IT\",\"@id\":\"https:\\\/\\\/secure.gravatar.com\\\/avatar\\\/ac5001d2a36cb6c6cd3e50789007ffca834b477b74a2144564522e944eabff61?s=96&d=mm&r=g\",\"url\":\"https:\\\/\\\/secure.gravatar.com\\\/avatar\\\/ac5001d2a36cb6c6cd3e50789007ffca834b477b74a2144564522e944eabff61?s=96&d=mm&r=g\",\"contentUrl\":\"https:\\\/\\\/secure.gravatar.com\\\/avatar\\\/ac5001d2a36cb6c6cd3e50789007ffca834b477b74a2144564522e944eabff61?s=96&d=mm&r=g\",\"caption\":\"thomas.berner\"},\"url\":\"https:\\\/\\\/www.organisator.ch\\\/it\\\/author\\\/thomas-berner\\\/\"}]}<\/script>\n<!-- \/ Yoast SEO plugin. -->","yoast_head_json":{"title":"Il Gruppo Sieber compie il prossimo passo verso una logistica verde - Organizzatore","description":"Il Gruppo Sieber si impegna attivamente per una maggiore sostenibilit\u00e0 e da maggio 2023 ha anche ampliato notevolmente la sua flotta di veicoli elettrici.","robots":{"index":"index","follow":"follow","max-snippet":"max-snippet:-1","max-image-preview":"max-image-preview:large","max-video-preview":"max-video-preview:-1"},"canonical":"https:\/\/www.organisator.ch\/it\/sostenibilita\/2023-06-20\/sieber-gruppe-mit-naechstem-schritt-in-richtung-gruene-logistik\/","og_locale":"it_IT","og_type":"article","og_title":"Sieber-Gruppe mit n\u00e4chstem Schritt in Richtung gr\u00fcne Logistik","og_description":"Die Sieber-Gruppe engagiert sich aktiv f\u00fcr mehr Nachhaltigkeit und hat seit Mai 2023 auch die Elektro-Fahrzeugflotte stark ausgebaut.","og_url":"https:\/\/www.organisator.ch\/it\/sostenibilita\/2023-06-20\/sieber-gruppe-mit-naechstem-schritt-in-richtung-gruene-logistik\/","og_site_name":"Organisator","article_publisher":"https:\/\/www.facebook.com\/OrganisatorFachmagazin","article_published_time":"2023-06-20T07:27:15+00:00","og_image":[{"width":680,"height":510,"url":"https:\/\/www.organisator.ch\/wp-content\/uploads\/2023\/06\/Sieber-Gruppe-mit-naechstem-Schritt-in-Richtung-gruene-Logistik_Organisator.jpg","type":"image\/jpeg"}],"author":"thomas.berner","twitter_card":"summary_large_image","twitter_title":"#Sieber-Gruppe mit n\u00e4chstem Schritt in Richtung gr\u00fcne #Logistik","twitter_description":"Die #Sieber-Gruppe engagiert sich aktiv f\u00fcr mehr #Nachhaltigkeit und hat seit Mai 2023 auch die #Elektro-Fahrzeugflotte stark ausgebaut.","twitter_image":"https:\/\/www.organisator.ch\/wp-content\/uploads\/2023\/06\/Sieber-Gruppe-mit-naechstem-Schritt-in-Richtung-gruene-Logistik_Organisator.jpg","schema":{"@context":"https:\/\/schema.org","@graph":[{"@type":"Article","@id":"https:\/\/www.organisator.ch\/sustainability\/2023-06-20\/sieber-gruppe-mit-naechstem-schritt-in-richtung-gruene-logistik\/#article","isPartOf":{"@id":"https:\/\/www.organisator.ch\/sustainability\/2023-06-20\/sieber-gruppe-mit-naechstem-schritt-in-richtung-gruene-logistik\/"},"author":{"name":"thomas.berner","@id":"https:\/\/www.organisator.ch\/#\/schema\/person\/6f650f90b2842cd4c0cc334b4e36f67e"},"headline":"Sieber-Gruppe mit n\u00e4chstem Schritt in Richtung gr\u00fcne Logistik","datePublished":"2023-06-20T07:27:15+00:00","mainEntityOfPage":{"@id":"https:\/\/www.organisator.ch\/sustainability\/2023-06-20\/sieber-gruppe-mit-naechstem-schritt-in-richtung-gruene-logistik\/"},"wordCount":317,"publisher":{"@id":"https:\/\/www.organisator.ch\/#organization"},"image":{"@id":"https:\/\/www.organisator.ch\/sustainability\/2023-06-20\/sieber-gruppe-mit-naechstem-schritt-in-richtung-gruene-logistik\/#primaryimage"},"thumbnailUrl":"https:\/\/www.organisator.ch\/wp-content\/uploads\/2023\/06\/Sieber-Gruppe-mit-naechstem-Schritt-in-Richtung-gruene-Logistik_Organisator.jpg","keywords":["Elektro-Mobilit\u00e4t","Logistik","Nachhaltige Wirtschaft"],"articleSection":["SUSTAINABILITY"],"inLanguage":"it-IT"},{"@type":"WebPage","@id":"https:\/\/www.organisator.ch\/sustainability\/2023-06-20\/sieber-gruppe-mit-naechstem-schritt-in-richtung-gruene-logistik\/","url":"https:\/\/www.organisator.ch\/sustainability\/2023-06-20\/sieber-gruppe-mit-naechstem-schritt-in-richtung-gruene-logistik\/","name":"Il Gruppo Sieber compie il prossimo passo verso una logistica verde - Organizzatore","isPartOf":{"@id":"https:\/\/www.organisator.ch\/#website"},"primaryImageOfPage":{"@id":"https:\/\/www.organisator.ch\/sustainability\/2023-06-20\/sieber-gruppe-mit-naechstem-schritt-in-richtung-gruene-logistik\/#primaryimage"},"image":{"@id":"https:\/\/www.organisator.ch\/sustainability\/2023-06-20\/sieber-gruppe-mit-naechstem-schritt-in-richtung-gruene-logistik\/#primaryimage"},"thumbnailUrl":"https:\/\/www.organisator.ch\/wp-content\/uploads\/2023\/06\/Sieber-Gruppe-mit-naechstem-Schritt-in-Richtung-gruene-Logistik_Organisator.jpg","datePublished":"2023-06-20T07:27:15+00:00","description":"Il Gruppo Sieber si impegna attivamente per una maggiore sostenibilit\u00e0 e da maggio 2023 ha anche ampliato notevolmente la sua flotta di veicoli elettrici.","breadcrumb":{"@id":"https:\/\/www.organisator.ch\/sustainability\/2023-06-20\/sieber-gruppe-mit-naechstem-schritt-in-richtung-gruene-logistik\/#breadcrumb"},"inLanguage":"it-IT","potentialAction":[{"@type":"ReadAction","target":["https:\/\/www.organisator.ch\/sustainability\/2023-06-20\/sieber-gruppe-mit-naechstem-schritt-in-richtung-gruene-logistik\/"]}]},{"@type":"ImageObject","inLanguage":"it-IT","@id":"https:\/\/www.organisator.ch\/sustainability\/2023-06-20\/sieber-gruppe-mit-naechstem-schritt-in-richtung-gruene-logistik\/#primaryimage","url":"https:\/\/www.organisator.ch\/wp-content\/uploads\/2023\/06\/Sieber-Gruppe-mit-naechstem-Schritt-in-Richtung-gruene-Logistik_Organisator.jpg","contentUrl":"https:\/\/www.organisator.ch\/wp-content\/uploads\/2023\/06\/Sieber-Gruppe-mit-naechstem-Schritt-in-Richtung-gruene-Logistik_Organisator.jpg","width":680,"height":510,"caption":"Mit solchen Elektro-Fahrzeugen leistet die Sieber-Gruppe einen Beitrag f\u00fcr eine gr\u00fcnere Logistik. (Bild: Sieber)"},{"@type":"BreadcrumbList","@id":"https:\/\/www.organisator.ch\/sustainability\/2023-06-20\/sieber-gruppe-mit-naechstem-schritt-in-richtung-gruene-logistik\/#breadcrumb","itemListElement":[{"@type":"ListItem","position":1,"name":"Home","item":"https:\/\/www.organisator.ch\/"},{"@type":"ListItem","position":2,"name":"Sieber-Gruppe mit n\u00e4chstem Schritt in Richtung gr\u00fcne Logistik"}]},{"@type":"WebSite","@id":"https:\/\/www.organisator.ch\/#website","url":"https:\/\/www.organisator.ch\/","name":"Organizzatore","description":"Competente. Pratico. In 10 numeri all'anno, ORGANISATOR presenta i temi essenziali per i manager delle PMI.","publisher":{"@id":"https:\/\/www.organisator.ch\/#organization"},"potentialAction":[{"@type":"SearchAction","target":{"@type":"EntryPoint","urlTemplate":"https:\/\/www.organisator.ch\/?s={search_term_string}"},"query-input":{"@type":"PropertyValueSpecification","valueRequired":true,"valueName":"search_term_string"}}],"inLanguage":"it-IT"},{"@type":"Organization","@id":"https:\/\/www.organisator.ch\/#organization","name":"Organizzatore","url":"https:\/\/www.organisator.ch\/","logo":{"@type":"ImageObject","inLanguage":"it-IT","@id":"https:\/\/www.organisator.ch\/#\/schema\/logo\/image\/","url":"https:\/\/www.organisator.ch\/wp-content\/uploads\/2022\/01\/Logo_Organisator_Website.png","contentUrl":"https:\/\/www.organisator.ch\/wp-content\/uploads\/2022\/01\/Logo_Organisator_Website.png","width":800,"height":77,"caption":"Organisator"},"image":{"@id":"https:\/\/www.organisator.ch\/#\/schema\/logo\/image\/"},"sameAs":["https:\/\/www.facebook.com\/OrganisatorFachmagazin","https:\/\/www.linkedin.com\/showcase\/organisator-das-magazin-fr-kmu","https:\/\/www.xing.com\/news\/pages\/organisator-ch-695","https:\/\/www.youtube.com\/channel\/UCGP2Sq0iWaZwT3BdIAQFYpw"]},{"@type":"Person","@id":"https:\/\/www.organisator.ch\/#\/schema\/person\/6f650f90b2842cd4c0cc334b4e36f67e","name":"Tommaso.berner","image":{"@type":"ImageObject","inLanguage":"it-IT","@id":"https:\/\/secure.gravatar.com\/avatar\/ac5001d2a36cb6c6cd3e50789007ffca834b477b74a2144564522e944eabff61?s=96&d=mm&r=g","url":"https:\/\/secure.gravatar.com\/avatar\/ac5001d2a36cb6c6cd3e50789007ffca834b477b74a2144564522e944eabff61?s=96&d=mm&r=g","contentUrl":"https:\/\/secure.gravatar.com\/avatar\/ac5001d2a36cb6c6cd3e50789007ffca834b477b74a2144564522e944eabff61?s=96&d=mm&r=g","caption":"thomas.berner"},"url":"https:\/\/www.organisator.ch\/it\/author\/thomas-berner\/"}]}},"_links":{"self":[{"href":"https:\/\/www.organisator.ch\/it\/wp-json\/wp\/v2\/posts\/20763","targetHints":{"allow":["GET"]}}],"collection":[{"href":"https:\/\/www.organisator.ch\/it\/wp-json\/wp\/v2\/posts"}],"about":[{"href":"https:\/\/www.organisator.ch\/it\/wp-json\/wp\/v2\/types\/post"}],"author":[{"embeddable":true,"href":"https:\/\/www.organisator.ch\/it\/wp-json\/wp\/v2\/users\/4"}],"replies":[{"embeddable":true,"href":"https:\/\/www.organisator.ch\/it\/wp-json\/wp\/v2\/comments?post=20763"}],"version-history":[{"count":3,"href":"https:\/\/www.organisator.ch\/it\/wp-json\/wp\/v2\/posts\/20763\/revisions"}],"predecessor-version":[{"id":20907,"href":"https:\/\/www.organisator.ch\/it\/wp-json\/wp\/v2\/posts\/20763\/revisions\/20907"}],"wp:featuredmedia":[{"embeddable":true,"href":"https:\/\/www.organisator.ch\/it\/wp-json\/wp\/v2\/media\/20764"}],"wp:attachment":[{"href":"https:\/\/www.organisator.ch\/it\/wp-json\/wp\/v2\/media?parent=20763"}],"wp:term":[{"taxonomy":"category","embeddable":true,"href":"https:\/\/www.organisator.ch\/it\/wp-json\/wp\/v2\/categories?post=20763"},{"taxonomy":"post_tag","embeddable":true,"href":"https:\/\/www.organisator.ch\/it\/wp-json\/wp\/v2\/tags?post=20763"}],"curies":[{"name":"wp","href":"https:\/\/api.w.org\/{rel}","templated":true}]}}