{"id":20765,"date":"2023-06-20T08:37:31","date_gmt":"2023-06-20T06:37:31","guid":{"rendered":"https:\/\/www.m-q.ch\/?p=18196"},"modified":"2024-11-15T13:46:05","modified_gmt":"2024-11-15T12:46:05","slug":"sechs-punkte-fuer-ein-krisenfestes-unternehmen","status":"publish","type":"post","link":"https:\/\/www.organisator.ch\/it\/operational-excellence\/2023-06-20\/sechs-punkte-fuer-ein-krisenfestes-unternehmen\/","title":{"rendered":"Sei punti per un'azienda a prova di crisi"},"content":{"rendered":"<figure id=\"attachment_18197\" class=\"wp-caption alignnone\" style=\"width: 680px\" aria-describedby=\"caption-attachment-18197\"><img class=\"alignnone wp-image-18197 size-full\" src=\"https:\/\/www.m-q.ch\/wp-content\/uploads\/2023\/06\/Sechs-Punkte-fuer-ein-krisenfestes-Unternehmen_MQ.jpg\" alt=\"Resilienza aziendale\" width=\"680\" height=\"453\" \/>\r\n<figcaption id=\"caption-attachment-18197\" class=\"wp-caption-text\">Pandemie, condizioni meteorologiche avverse, conflitti armati mettono a dura prova la psiche delle persone. Anche le aziende devono diventare pi\u00f9 resilienti. (Immagine: Unsplash.com)<\/figcaption>\r\n<\/figure>\r\n<p>Forti tempeste, pandemie, conflitti armati, minacce terroristiche, attacchi informatici: le situazioni di crisi si verificano sempre pi\u00f9 spesso e determinano sempre pi\u00f9 la realt\u00e0 della vita. Le aziende hanno quindi bisogno di resilienza organizzativa, ovvero della capacit\u00e0 di anticipare gli eventi di crisi, di ridurre al minimo il loro impatto sulle attivit\u00e0 aziendali e di garantire la sicurezza dei propri dipendenti.\u00a0<\/p>\r\n<p>L'azienda <a href=\"https:\/\/www.everbridge.com\/de\/\">Everbridge<\/a> mostra come diventare pi\u00f9 resilienti come azienda in sei passi. L'obiettivo \u00e8 aumentare la resilienza delle aziende e delle autorit\u00e0 in situazioni di crisi.<\/p>\r\n<ol>\r\n\t<li><strong><em> Investite nel benessere dei dipendenti.<\/em><\/strong> Le aziende sono resistenti quanto i loro dipendenti. Investire in formazione, tutoraggio e risorse che promuovano il benessere e la salute mentale del personale \u00e8 quindi una priorit\u00e0 assoluta. I dipendenti felici e in salute sono in grado di affrontare meglio le crisi e si impegnano maggiormente nella loro gestione.<\/li>\r\n\t<li><strong><em> Sviluppare una cultura aziendale resiliente.<\/em><\/strong> Una forza lavoro resiliente richiede anche la giusta cultura. Le aziende dovrebbero riconoscere i successi dei propri dipendenti, incoraggiarli a imparare dagli errori e promuovere la loro collaborazione. In questo modo i dipendenti sviluppano un forte senso di appartenenza alla comunit\u00e0, si uniscono nelle crisi e fanno fronte comune.<\/li>\r\n\t<li><strong><em> Mantenere uno stile di leadership integro.<\/em><\/strong> I leader dell'azienda devono dare il buon esempio. Se stabiliscono linee guida chiare, fissano aspettative realistiche e sono sempre disponibili, creano un senso di fiducia e stabilit\u00e0 tra i dipendenti che si ripagher\u00e0 nelle situazioni di crisi.<\/li>\r\n\t<li><strong><em> Promuovere il pensiero e il lavoro agile. <\/em><\/strong>Risolvere rapidamente i problemi, prendere nuove strade con breve preavviso quando necessario e adattarsi alle nuove sfide: Questi sono i tratti distintivi di un'organizzazione resiliente. Le aziende possono sviluppare queste capacit\u00e0 promuovendo il pensiero agile e i metodi di lavoro agili.<\/li>\r\n\t<li><strong><em> Gestire il rischio in modo proattivo. <\/em><\/strong>La resilienza richiede un approccio proattivo. Le aziende resilienti valutano continuamente i rischi potenziali, sviluppano piani di emergenza e li testano regolarmente. In questo modo, se dovesse accadere il peggio, sono in grado di ridurre al minimo le interruzioni delle attivit\u00e0 aziendali e di riprendersi rapidamente dai contrattempi.<\/li>\r\n\t<li><strong><em> Utilizzare una tecnologia integrata e intuitiva<\/em><\/strong>. La tecnologia svolge un ruolo fondamentale nella costruzione di un'organizzazione resiliente. Le organizzazioni hanno bisogno di strumenti per la business continuity, il disaster recovery e la gestione del rischio che funzionino perfettamente insieme e siano abbastanza intuitivi da poter essere utilizzati da chiunque in caso di crisi.<\/li>\r\n<\/ol>\r\n<p>\"Investire nella propria resilienza non \u00e8 pi\u00f9 un optional per le aziende. Costruire un'organizzazione resiliente \u00e8 ormai una priorit\u00e0 assoluta\", spiega Stefica Divkovic, Senior Vice President di Everbridge. \"Con i sei passi sopra descritti, intendiamo fornire alle aziende una guida per valutare la propria resilienza e apportare i necessari miglioramenti, se necessario\". L'azienda americana, che ha uffici in tutta Europa, si affida nel suo lavoro alle cosiddette tecnologie CEM (critical event management). Queste non solo aiutano a rilevare prima gli eventi critici e a reagire in modo proattivo, ma anche a mitigarne gli effetti e a tornare pi\u00f9 rapidamente alla normale produttivit\u00e0.<\/p>\n<p class=\"syndicated-attribution\">Questo articolo \u00e8 apparso originariamente su m-q.ch - <a href=\"https:\/\/www.m-q.ch\/de\/sechs-punkte-fuer-ein-krisenfestes-unternehmen\/\" target=\"_blank\">https:\/\/www.m-q.ch\/de\/sechs-punkte-fuer-ein-krisenfestes-unternehmen\/<\/a><\/p>","protected":false},"excerpt":{"rendered":"<p>Attualmente una crisi si sussegue all'altra. La resilienza non \u00e8 pi\u00f9 un optional per le aziende, ma un obbligo. Everbridge, specialista nella gestione degli eventi critici, spiega come le aziende possono diventare pi\u00f9 resilienti.<\/p>","protected":false},"author":8,"featured_media":0,"comment_status":"closed","ping_status":"closed","sticky":false,"template":"","format":"standard","meta":{"_acf_changed":false,"_yoast_wpseo_focuskw":"Unternehmensresilienz","_yoast_wpseo_metadesc":"Unternehmen resilienter machen: Sechs Schritte von Everbridge f\u00fcr Krisenbew\u00e4ltigung und Mitarbeiterwohl.","articlekey":"","footnotes":""},"categories":[582],"tags":[],"class_list":["post-20765","post","type-post","status-publish","format-standard","hentry","category-operational-excellence"],"acf":[],"yoast_head":"<!-- This site is optimized with the Yoast SEO plugin v27.5 - https:\/\/yoast.com\/product\/yoast-seo-wordpress\/ -->\n<title>Sechs Punkte f\u00fcr ein krisenfestes Unternehmen - Organisator<\/title>\n<meta name=\"description\" content=\"Unternehmen resilienter machen: Sechs Schritte von Everbridge f\u00fcr Krisenbew\u00e4ltigung und Mitarbeiterwohl.\" \/>\n<meta name=\"robots\" content=\"index, follow, max-snippet:-1, max-image-preview:large, max-video-preview:-1\" \/>\n<link rel=\"canonical\" href=\"https:\/\/www.organisator.ch\/it\/eccellenza-operativa\/2023-06-20\/sechs-punkte-fuer-ein-krisenfestes-unternehmen\/\" \/>\n<meta property=\"og:locale\" content=\"it_IT\" \/>\n<meta property=\"og:type\" content=\"article\" \/>\n<meta property=\"og:title\" content=\"Sechs Punkte f\u00fcr ein krisenfestes Unternehmen - Organisator\" \/>\n<meta property=\"og:description\" content=\"Unternehmen resilienter machen: Sechs Schritte von Everbridge f\u00fcr Krisenbew\u00e4ltigung und Mitarbeiterwohl.\" \/>\n<meta property=\"og:url\" content=\"https:\/\/www.organisator.ch\/it\/eccellenza-operativa\/2023-06-20\/sechs-punkte-fuer-ein-krisenfestes-unternehmen\/\" \/>\n<meta property=\"og:site_name\" content=\"Organisator\" \/>\n<meta property=\"article:publisher\" content=\"https:\/\/www.facebook.com\/OrganisatorFachmagazin\" \/>\n<meta property=\"article:published_time\" content=\"2023-06-20T06:37:31+00:00\" \/>\n<meta property=\"article:modified_time\" content=\"2024-11-15T12:46:05+00:00\" \/>\n<meta name=\"author\" content=\"galledia\" \/>\n<meta name=\"twitter:card\" content=\"summary_large_image\" \/>\n<meta name=\"twitter:creator\" content=\"@admin\" \/>\n<script type=\"application\/ld+json\" class=\"yoast-schema-graph\">{\"@context\":\"https:\\\/\\\/schema.org\",\"@graph\":[{\"@type\":\"Article\",\"@id\":\"https:\\\/\\\/www.organisator.ch\\\/operational-excellence\\\/2023-06-20\\\/sechs-punkte-fuer-ein-krisenfestes-unternehmen\\\/#article\",\"isPartOf\":{\"@id\":\"https:\\\/\\\/www.organisator.ch\\\/operational-excellence\\\/2023-06-20\\\/sechs-punkte-fuer-ein-krisenfestes-unternehmen\\\/\"},\"author\":{\"name\":\"galledia\",\"@id\":\"https:\\\/\\\/www.organisator.ch\\\/#\\\/schema\\\/person\\\/4e51799071cd2dd1232ac003643ef5f0\"},\"headline\":\"Sechs Punkte f\u00fcr ein krisenfestes Unternehmen\",\"datePublished\":\"2023-06-20T06:37:31+00:00\",\"dateModified\":\"2024-11-15T12:46:05+00:00\",\"mainEntityOfPage\":{\"@id\":\"https:\\\/\\\/www.organisator.ch\\\/operational-excellence\\\/2023-06-20\\\/sechs-punkte-fuer-ein-krisenfestes-unternehmen\\\/\"},\"wordCount\":513,\"publisher\":{\"@id\":\"https:\\\/\\\/www.organisator.ch\\\/#organization\"},\"image\":{\"@id\":\"https:\\\/\\\/www.organisator.ch\\\/operational-excellence\\\/2023-06-20\\\/sechs-punkte-fuer-ein-krisenfestes-unternehmen\\\/#primaryimage\"},\"thumbnailUrl\":\"https:\\\/\\\/www.m-q.ch\\\/wp-content\\\/uploads\\\/2023\\\/06\\\/Sechs-Punkte-fuer-ein-krisenfestes-Unternehmen_MQ.jpg\",\"articleSection\":[\"OPERATIONAL EXCELLENCE\"],\"inLanguage\":\"it-IT\"},{\"@type\":\"WebPage\",\"@id\":\"https:\\\/\\\/www.organisator.ch\\\/operational-excellence\\\/2023-06-20\\\/sechs-punkte-fuer-ein-krisenfestes-unternehmen\\\/\",\"url\":\"https:\\\/\\\/www.organisator.ch\\\/operational-excellence\\\/2023-06-20\\\/sechs-punkte-fuer-ein-krisenfestes-unternehmen\\\/\",\"name\":\"Sechs Punkte f\u00fcr ein krisenfestes Unternehmen - Organisator\",\"isPartOf\":{\"@id\":\"https:\\\/\\\/www.organisator.ch\\\/#website\"},\"primaryImageOfPage\":{\"@id\":\"https:\\\/\\\/www.organisator.ch\\\/operational-excellence\\\/2023-06-20\\\/sechs-punkte-fuer-ein-krisenfestes-unternehmen\\\/#primaryimage\"},\"image\":{\"@id\":\"https:\\\/\\\/www.organisator.ch\\\/operational-excellence\\\/2023-06-20\\\/sechs-punkte-fuer-ein-krisenfestes-unternehmen\\\/#primaryimage\"},\"thumbnailUrl\":\"https:\\\/\\\/www.m-q.ch\\\/wp-content\\\/uploads\\\/2023\\\/06\\\/Sechs-Punkte-fuer-ein-krisenfestes-Unternehmen_MQ.jpg\",\"datePublished\":\"2023-06-20T06:37:31+00:00\",\"dateModified\":\"2024-11-15T12:46:05+00:00\",\"description\":\"Unternehmen resilienter machen: Sechs Schritte von Everbridge f\u00fcr Krisenbew\u00e4ltigung und Mitarbeiterwohl.\",\"breadcrumb\":{\"@id\":\"https:\\\/\\\/www.organisator.ch\\\/operational-excellence\\\/2023-06-20\\\/sechs-punkte-fuer-ein-krisenfestes-unternehmen\\\/#breadcrumb\"},\"inLanguage\":\"it-IT\",\"potentialAction\":[{\"@type\":\"ReadAction\",\"target\":[\"https:\\\/\\\/www.organisator.ch\\\/operational-excellence\\\/2023-06-20\\\/sechs-punkte-fuer-ein-krisenfestes-unternehmen\\\/\"]}]},{\"@type\":\"ImageObject\",\"inLanguage\":\"it-IT\",\"@id\":\"https:\\\/\\\/www.organisator.ch\\\/operational-excellence\\\/2023-06-20\\\/sechs-punkte-fuer-ein-krisenfestes-unternehmen\\\/#primaryimage\",\"url\":\"https:\\\/\\\/www.m-q.ch\\\/wp-content\\\/uploads\\\/2023\\\/06\\\/Sechs-Punkte-fuer-ein-krisenfestes-Unternehmen_MQ.jpg\",\"contentUrl\":\"https:\\\/\\\/www.m-q.ch\\\/wp-content\\\/uploads\\\/2023\\\/06\\\/Sechs-Punkte-fuer-ein-krisenfestes-Unternehmen_MQ.jpg\"},{\"@type\":\"BreadcrumbList\",\"@id\":\"https:\\\/\\\/www.organisator.ch\\\/operational-excellence\\\/2023-06-20\\\/sechs-punkte-fuer-ein-krisenfestes-unternehmen\\\/#breadcrumb\",\"itemListElement\":[{\"@type\":\"ListItem\",\"position\":1,\"name\":\"Home\",\"item\":\"https:\\\/\\\/www.organisator.ch\\\/\"},{\"@type\":\"ListItem\",\"position\":2,\"name\":\"Sechs Punkte f\u00fcr ein krisenfestes Unternehmen\"}]},{\"@type\":\"WebSite\",\"@id\":\"https:\\\/\\\/www.organisator.ch\\\/#website\",\"url\":\"https:\\\/\\\/www.organisator.ch\\\/\",\"name\":\"Organisator\",\"description\":\"Kompetent. Praxisnah. Der ORGANISATOR bereitet in 10 Ausgaben pro Jahr die wesentlichen Themen f\u00fcr F\u00fchrungskr\u00e4fte von KMU auf.\",\"publisher\":{\"@id\":\"https:\\\/\\\/www.organisator.ch\\\/#organization\"},\"potentialAction\":[{\"@type\":\"SearchAction\",\"target\":{\"@type\":\"EntryPoint\",\"urlTemplate\":\"https:\\\/\\\/www.organisator.ch\\\/?s={search_term_string}\"},\"query-input\":{\"@type\":\"PropertyValueSpecification\",\"valueRequired\":true,\"valueName\":\"search_term_string\"}}],\"inLanguage\":\"it-IT\"},{\"@type\":\"Organization\",\"@id\":\"https:\\\/\\\/www.organisator.ch\\\/#organization\",\"name\":\"Organisator\",\"url\":\"https:\\\/\\\/www.organisator.ch\\\/\",\"logo\":{\"@type\":\"ImageObject\",\"inLanguage\":\"it-IT\",\"@id\":\"https:\\\/\\\/www.organisator.ch\\\/#\\\/schema\\\/logo\\\/image\\\/\",\"url\":\"https:\\\/\\\/www.organisator.ch\\\/wp-content\\\/uploads\\\/2022\\\/01\\\/Logo_Organisator_Website.png\",\"contentUrl\":\"https:\\\/\\\/www.organisator.ch\\\/wp-content\\\/uploads\\\/2022\\\/01\\\/Logo_Organisator_Website.png\",\"width\":800,\"height\":77,\"caption\":\"Organisator\"},\"image\":{\"@id\":\"https:\\\/\\\/www.organisator.ch\\\/#\\\/schema\\\/logo\\\/image\\\/\"},\"sameAs\":[\"https:\\\/\\\/www.facebook.com\\\/OrganisatorFachmagazin\",\"https:\\\/\\\/www.linkedin.com\\\/showcase\\\/organisator-das-magazin-fr-kmu\",\"https:\\\/\\\/www.xing.com\\\/news\\\/pages\\\/organisator-ch-695\",\"https:\\\/\\\/www.youtube.com\\\/channel\\\/UCGP2Sq0iWaZwT3BdIAQFYpw\"]},{\"@type\":\"Person\",\"@id\":\"https:\\\/\\\/www.organisator.ch\\\/#\\\/schema\\\/person\\\/4e51799071cd2dd1232ac003643ef5f0\",\"name\":\"galledia\",\"image\":{\"@type\":\"ImageObject\",\"inLanguage\":\"it-IT\",\"@id\":\"https:\\\/\\\/secure.gravatar.com\\\/avatar\\\/78a7f90c01fc2bfc875782a0d4922b37cde2cf184ce347b91316d23cd7f69a36?s=96&d=mm&r=g\",\"url\":\"https:\\\/\\\/secure.gravatar.com\\\/avatar\\\/78a7f90c01fc2bfc875782a0d4922b37cde2cf184ce347b91316d23cd7f69a36?s=96&d=mm&r=g\",\"contentUrl\":\"https:\\\/\\\/secure.gravatar.com\\\/avatar\\\/78a7f90c01fc2bfc875782a0d4922b37cde2cf184ce347b91316d23cd7f69a36?s=96&d=mm&r=g\",\"caption\":\"galledia\"},\"sameAs\":[\"https:\\\/\\\/x.com\\\/admin\"],\"url\":\"https:\\\/\\\/www.organisator.ch\\\/it\\\/author\\\/galledia\\\/\"}]}<\/script>\n<!-- \/ Yoast SEO plugin. -->","yoast_head_json":{"title":"Sei punti per un'azienda a prova di crisi - Organizzatore","description":"Rendere le aziende pi\u00f9 resilienti: sei passi di Everbridge per la gestione delle crisi e il benessere dei dipendenti.","robots":{"index":"index","follow":"follow","max-snippet":"max-snippet:-1","max-image-preview":"max-image-preview:large","max-video-preview":"max-video-preview:-1"},"canonical":"https:\/\/www.organisator.ch\/it\/eccellenza-operativa\/2023-06-20\/sechs-punkte-fuer-ein-krisenfestes-unternehmen\/","og_locale":"it_IT","og_type":"article","og_title":"Sechs Punkte f\u00fcr ein krisenfestes Unternehmen - Organisator","og_description":"Unternehmen resilienter machen: Sechs Schritte von Everbridge f\u00fcr Krisenbew\u00e4ltigung und Mitarbeiterwohl.","og_url":"https:\/\/www.organisator.ch\/it\/eccellenza-operativa\/2023-06-20\/sechs-punkte-fuer-ein-krisenfestes-unternehmen\/","og_site_name":"Organisator","article_publisher":"https:\/\/www.facebook.com\/OrganisatorFachmagazin","article_published_time":"2023-06-20T06:37:31+00:00","article_modified_time":"2024-11-15T12:46:05+00:00","author":"galledia","twitter_card":"summary_large_image","twitter_creator":"@admin","schema":{"@context":"https:\/\/schema.org","@graph":[{"@type":"Article","@id":"https:\/\/www.organisator.ch\/operational-excellence\/2023-06-20\/sechs-punkte-fuer-ein-krisenfestes-unternehmen\/#article","isPartOf":{"@id":"https:\/\/www.organisator.ch\/operational-excellence\/2023-06-20\/sechs-punkte-fuer-ein-krisenfestes-unternehmen\/"},"author":{"name":"galledia","@id":"https:\/\/www.organisator.ch\/#\/schema\/person\/4e51799071cd2dd1232ac003643ef5f0"},"headline":"Sechs Punkte f\u00fcr ein krisenfestes Unternehmen","datePublished":"2023-06-20T06:37:31+00:00","dateModified":"2024-11-15T12:46:05+00:00","mainEntityOfPage":{"@id":"https:\/\/www.organisator.ch\/operational-excellence\/2023-06-20\/sechs-punkte-fuer-ein-krisenfestes-unternehmen\/"},"wordCount":513,"publisher":{"@id":"https:\/\/www.organisator.ch\/#organization"},"image":{"@id":"https:\/\/www.organisator.ch\/operational-excellence\/2023-06-20\/sechs-punkte-fuer-ein-krisenfestes-unternehmen\/#primaryimage"},"thumbnailUrl":"https:\/\/www.m-q.ch\/wp-content\/uploads\/2023\/06\/Sechs-Punkte-fuer-ein-krisenfestes-Unternehmen_MQ.jpg","articleSection":["OPERATIONAL EXCELLENCE"],"inLanguage":"it-IT"},{"@type":"WebPage","@id":"https:\/\/www.organisator.ch\/operational-excellence\/2023-06-20\/sechs-punkte-fuer-ein-krisenfestes-unternehmen\/","url":"https:\/\/www.organisator.ch\/operational-excellence\/2023-06-20\/sechs-punkte-fuer-ein-krisenfestes-unternehmen\/","name":"Sei punti per un'azienda a prova di crisi - Organizzatore","isPartOf":{"@id":"https:\/\/www.organisator.ch\/#website"},"primaryImageOfPage":{"@id":"https:\/\/www.organisator.ch\/operational-excellence\/2023-06-20\/sechs-punkte-fuer-ein-krisenfestes-unternehmen\/#primaryimage"},"image":{"@id":"https:\/\/www.organisator.ch\/operational-excellence\/2023-06-20\/sechs-punkte-fuer-ein-krisenfestes-unternehmen\/#primaryimage"},"thumbnailUrl":"https:\/\/www.m-q.ch\/wp-content\/uploads\/2023\/06\/Sechs-Punkte-fuer-ein-krisenfestes-Unternehmen_MQ.jpg","datePublished":"2023-06-20T06:37:31+00:00","dateModified":"2024-11-15T12:46:05+00:00","description":"Rendere le aziende pi\u00f9 resilienti: sei passi di Everbridge per la gestione delle crisi e il benessere dei dipendenti.","breadcrumb":{"@id":"https:\/\/www.organisator.ch\/operational-excellence\/2023-06-20\/sechs-punkte-fuer-ein-krisenfestes-unternehmen\/#breadcrumb"},"inLanguage":"it-IT","potentialAction":[{"@type":"ReadAction","target":["https:\/\/www.organisator.ch\/operational-excellence\/2023-06-20\/sechs-punkte-fuer-ein-krisenfestes-unternehmen\/"]}]},{"@type":"ImageObject","inLanguage":"it-IT","@id":"https:\/\/www.organisator.ch\/operational-excellence\/2023-06-20\/sechs-punkte-fuer-ein-krisenfestes-unternehmen\/#primaryimage","url":"https:\/\/www.m-q.ch\/wp-content\/uploads\/2023\/06\/Sechs-Punkte-fuer-ein-krisenfestes-Unternehmen_MQ.jpg","contentUrl":"https:\/\/www.m-q.ch\/wp-content\/uploads\/2023\/06\/Sechs-Punkte-fuer-ein-krisenfestes-Unternehmen_MQ.jpg"},{"@type":"BreadcrumbList","@id":"https:\/\/www.organisator.ch\/operational-excellence\/2023-06-20\/sechs-punkte-fuer-ein-krisenfestes-unternehmen\/#breadcrumb","itemListElement":[{"@type":"ListItem","position":1,"name":"Home","item":"https:\/\/www.organisator.ch\/"},{"@type":"ListItem","position":2,"name":"Sechs Punkte f\u00fcr ein krisenfestes Unternehmen"}]},{"@type":"WebSite","@id":"https:\/\/www.organisator.ch\/#website","url":"https:\/\/www.organisator.ch\/","name":"Organizzatore","description":"Competente. Pratico. In 10 numeri all'anno, ORGANISATOR presenta i temi essenziali per i manager delle PMI.","publisher":{"@id":"https:\/\/www.organisator.ch\/#organization"},"potentialAction":[{"@type":"SearchAction","target":{"@type":"EntryPoint","urlTemplate":"https:\/\/www.organisator.ch\/?s={search_term_string}"},"query-input":{"@type":"PropertyValueSpecification","valueRequired":true,"valueName":"search_term_string"}}],"inLanguage":"it-IT"},{"@type":"Organization","@id":"https:\/\/www.organisator.ch\/#organization","name":"Organizzatore","url":"https:\/\/www.organisator.ch\/","logo":{"@type":"ImageObject","inLanguage":"it-IT","@id":"https:\/\/www.organisator.ch\/#\/schema\/logo\/image\/","url":"https:\/\/www.organisator.ch\/wp-content\/uploads\/2022\/01\/Logo_Organisator_Website.png","contentUrl":"https:\/\/www.organisator.ch\/wp-content\/uploads\/2022\/01\/Logo_Organisator_Website.png","width":800,"height":77,"caption":"Organisator"},"image":{"@id":"https:\/\/www.organisator.ch\/#\/schema\/logo\/image\/"},"sameAs":["https:\/\/www.facebook.com\/OrganisatorFachmagazin","https:\/\/www.linkedin.com\/showcase\/organisator-das-magazin-fr-kmu","https:\/\/www.xing.com\/news\/pages\/organisator-ch-695","https:\/\/www.youtube.com\/channel\/UCGP2Sq0iWaZwT3BdIAQFYpw"]},{"@type":"Person","@id":"https:\/\/www.organisator.ch\/#\/schema\/person\/4e51799071cd2dd1232ac003643ef5f0","name":"galledia","image":{"@type":"ImageObject","inLanguage":"it-IT","@id":"https:\/\/secure.gravatar.com\/avatar\/78a7f90c01fc2bfc875782a0d4922b37cde2cf184ce347b91316d23cd7f69a36?s=96&d=mm&r=g","url":"https:\/\/secure.gravatar.com\/avatar\/78a7f90c01fc2bfc875782a0d4922b37cde2cf184ce347b91316d23cd7f69a36?s=96&d=mm&r=g","contentUrl":"https:\/\/secure.gravatar.com\/avatar\/78a7f90c01fc2bfc875782a0d4922b37cde2cf184ce347b91316d23cd7f69a36?s=96&d=mm&r=g","caption":"galledia"},"sameAs":["https:\/\/x.com\/admin"],"url":"https:\/\/www.organisator.ch\/it\/author\/galledia\/"}]}},"_links":{"self":[{"href":"https:\/\/www.organisator.ch\/it\/wp-json\/wp\/v2\/posts\/20765","targetHints":{"allow":["GET"]}}],"collection":[{"href":"https:\/\/www.organisator.ch\/it\/wp-json\/wp\/v2\/posts"}],"about":[{"href":"https:\/\/www.organisator.ch\/it\/wp-json\/wp\/v2\/types\/post"}],"author":[{"embeddable":true,"href":"https:\/\/www.organisator.ch\/it\/wp-json\/wp\/v2\/users\/8"}],"replies":[{"embeddable":true,"href":"https:\/\/www.organisator.ch\/it\/wp-json\/wp\/v2\/comments?post=20765"}],"version-history":[{"count":4,"href":"https:\/\/www.organisator.ch\/it\/wp-json\/wp\/v2\/posts\/20765\/revisions"}],"predecessor-version":[{"id":33082,"href":"https:\/\/www.organisator.ch\/it\/wp-json\/wp\/v2\/posts\/20765\/revisions\/33082"}],"wp:attachment":[{"href":"https:\/\/www.organisator.ch\/it\/wp-json\/wp\/v2\/media?parent=20765"}],"wp:term":[{"taxonomy":"category","embeddable":true,"href":"https:\/\/www.organisator.ch\/it\/wp-json\/wp\/v2\/categories?post=20765"},{"taxonomy":"post_tag","embeddable":true,"href":"https:\/\/www.organisator.ch\/it\/wp-json\/wp\/v2\/tags?post=20765"}],"curies":[{"name":"wp","href":"https:\/\/api.w.org\/{rel}","templated":true}]}}