{"id":20782,"date":"2023-06-21T09:25:46","date_gmt":"2023-06-21T07:25:46","guid":{"rendered":"https:\/\/www.organisator.ch\/?p=20782"},"modified":"2023-06-21T09:25:46","modified_gmt":"2023-06-21T07:25:46","slug":"neues-fachforum-smart-digital-business-fuer-schweizer-kmu","status":"publish","type":"post","link":"https:\/\/www.organisator.ch\/it\/management\/2023-06-21\/neues-fachforum-smart-digital-business-fuer-schweizer-kmu\/","title":{"rendered":"Nuovo forum di esperti - Smart Digital Business per le PMI svizzere"},"content":{"rendered":"<figure id=\"attachment_20783\" aria-describedby=\"caption-attachment-20783\" style=\"width: 680px\" class=\"wp-caption alignnone\"><img loading=\"lazy\" decoding=\"async\" class=\"size-full wp-image-20783\" src=\"https:\/\/www.organisator.ch\/wp-content\/uploads\/2023\/06\/Neues-Fachforum-Smart-Digital-Business-fuer-Schweizer-KMU_Organisator.jpg\" alt=\"\" width=\"680\" height=\"340\" srcset=\"https:\/\/www.organisator.ch\/wp-content\/uploads\/2023\/06\/Neues-Fachforum-Smart-Digital-Business-fuer-Schweizer-KMU_Organisator.jpg 680w, https:\/\/www.organisator.ch\/wp-content\/uploads\/2023\/06\/Neues-Fachforum-Smart-Digital-Business-fuer-Schweizer-KMU_Organisator-18x9.jpg 18w, https:\/\/www.organisator.ch\/wp-content\/uploads\/2023\/06\/Neues-Fachforum-Smart-Digital-Business-fuer-Schweizer-KMU_Organisator-375x188.jpg 375w\" sizes=\"auto, (max-width: 680px) 100vw, 680px\" \/><figcaption id=\"caption-attachment-20783\" class=\"wp-caption-text\">Il forum di esperti ONE offrir\u00e0 know-how, ispirazione e networking per le PMI il 31 agosto 2023. (Immagine: zVg \/ topsoft)<\/figcaption><\/figure>\n<p>La trasformazione digitale e la digitalizzazione sono due aspetti essenziali che riguardano ogni azienda, indipendentemente dalle dimensioni e dal settore. Per sopravvivere con successo sul mercato, \u00e8 fondamentale affrontare attivamente lo sviluppo futuro della propria azienda.<\/p>\n<p>Con la prima edizione del ONE Expert Forum, il 31 agosto 2023 si terr\u00e0 a Holzh\u00e4usern \/ Rotkreuz ZG un evento specificamente orientato al successo digitale delle PMI. L'evento \u00e8 organizzato da <a href=\"http:\/\/www.topsoft.ch\">topsoft<\/a>, la piattaforma svizzera indipendente per l'informatica aziendale, e la rete di consulenti <a href=\"http:\/\/www.digitalrat.ch\">Consiglio digitale<\/a>. Per anni topsoft ha organizzato l'omonima fiera del software aziendale. Negli ultimi tempi, tuttavia, ha dovuto fare i conti con una tendenza alla diminuzione del numero di visitatori, nonostante si sia sempre svolta con successo. Cyrill Schmid e il suo team hanno quindi pensato a un nuovo concetto di evento.<\/p>\n<p>Il momento \u00e8 arrivato alla fine di agosto. In un'atmosfera eccezionale, i partecipanti saranno immersi in presentazioni pratiche e approfondite sul tema della digitalizzazione e della trasformazione digitale. Le presentazioni mostreranno come sia possibile ottenere maggiori successi con le moderne soluzioni IT. Durante l'evento verranno presentati casi di studio concreti provenienti da vari settori. Ad esempio, il successo dell'e-commerce con Amazon, la trasformazione digitale in una citt\u00e0 svizzera o l'uso della realt\u00e0 virtuale nella riabilitazione. Nel discorso programmatico, Daniel Fiechter, CIO di Stobag AG, parler\u00e0 di un attacco informatico e dei suoi effetti.<\/p>\n<p>Tuttavia, l'ONE Expert Forum non vuole solo offrire conferenze di prima classe e approfondimenti interessanti, ma anche essere una piattaforma di networking unica. Nello scambio con persone che la pensano allo stesso modo, si condividono esperienze e si scoprono le migliori pratiche. I partecipanti avranno l'opportunit\u00e0 di allacciare contatti preziosi, stabilire collaborazioni a lungo termine e beneficiare di una solida rete che aprir\u00e0 nuove potenzialit\u00e0 al di l\u00e0 dell'evento. \"Con la prima edizione del forum di esperti, offriamo un evento su misura che si concentra specificamente sul successo digitale delle PMI. In un'atmosfera stimolante, i partecipanti si immergono in casi di studio concreti. L'expert forum offre anche una piattaforma di networking unica per stabilire contatti preziosi e costruire partnership a lungo termine\", afferma Cyrill Schmid, co-organizzatore dell'expert forum ONE.<\/p>\n<p>L'evento inizia alle 13:30 e termina alle 18:30. In seguito, i partecipanti avranno l'opportunit\u00e0 di continuare a fare networking e di concludere la giornata in un'atmosfera rilassata durante la cena. La quota di partecipazione per chi prenota in anticipo \u00e8 di 95 franchi svizzeri a persona, mentre per gli altri \u00e8 di 145 franchi svizzeri.<\/p>\n<p><em>Per il programma aggiornato e per ulteriori informazioni, visitate il sito <a href=\"https:\/\/one-fachforum.ch\/\">www.one-fachforum.ch<\/a><\/em><\/p>","protected":false},"excerpt":{"rendered":"<p>La trasformazione digitale e la digitalizzazione interessano tutte le aziende. Il forum specialistico ONE del 31 agosto 2023 a Holzh\u00e4usern\/Rotkreuz ZG si concentra in particolare sul successo digitale delle PMI. Presentazioni stimolanti, casi di studio concreti e una piattaforma di networking unica forniranno conoscenze pratiche di prima mano sul digitale in un'atmosfera eccezionale.<\/p>","protected":false},"author":4,"featured_media":20783,"comment_status":"closed","ping_status":"closed","sticky":false,"template":"","format":"standard","meta":{"_acf_changed":false,"_yoast_wpseo_focuskw":"Fachforum","_yoast_wpseo_metadesc":"Das ONE Fachforum am 31. August 2023 in Holzh\u00e4usern\/Rotkreuz ZG konzentriert sich speziell auf den digitalen Erfolg von KMUs.","articlekey":"","footnotes":""},"categories":[28],"tags":[193,286,3824,502],"class_list":["post-20782","post","type-post","status-publish","format-standard","has-post-thumbnail","hentry","category-management","tag-fachkongressfachmesse","tag-it","tag-networking","tag-veranstaltungen"],"acf":[],"yoast_head":"<!-- This site is optimized with the Yoast SEO plugin v27.5 - https:\/\/yoast.com\/product\/yoast-seo-wordpress\/ -->\n<title>Neues Fachforum - Smart Digital Business f\u00fcr Schweizer KMU - Organisator<\/title>\n<meta name=\"description\" content=\"Das ONE Fachforum am 31. August 2023 in Holzh\u00e4usern\/Rotkreuz ZG konzentriert sich speziell auf den digitalen Erfolg von KMUs.\" \/>\n<meta name=\"robots\" content=\"index, follow, max-snippet:-1, max-image-preview:large, max-video-preview:-1\" \/>\n<link rel=\"canonical\" href=\"https:\/\/www.organisator.ch\/it\/gestione-2\/2023-06-21\/neues-fachforum-smart-digital-business-fuer-schweizer-kmu\/\" \/>\n<meta property=\"og:locale\" content=\"it_IT\" \/>\n<meta property=\"og:type\" content=\"article\" \/>\n<meta property=\"og:title\" content=\"Neues Fachforum - Smart Digital Business f\u00fcr Schweizer KMU\" \/>\n<meta property=\"og:description\" content=\"Das ONE Fachforum am 31. August 2023 in Holzh\u00e4usern\/Rotkreuz ZG konzentriert sich speziell auf den digitalen Erfolg von KMUs.\" \/>\n<meta property=\"og:url\" content=\"https:\/\/www.organisator.ch\/it\/gestione-2\/2023-06-21\/neues-fachforum-smart-digital-business-fuer-schweizer-kmu\/\" \/>\n<meta property=\"og:site_name\" content=\"Organisator\" \/>\n<meta property=\"article:publisher\" content=\"https:\/\/www.facebook.com\/OrganisatorFachmagazin\" \/>\n<meta property=\"article:published_time\" content=\"2023-06-21T07:25:46+00:00\" \/>\n<meta property=\"og:image\" content=\"https:\/\/www.organisator.ch\/wp-content\/uploads\/2023\/06\/Neues-Fachforum-Smart-Digital-Business-fuer-Schweizer-KMU_Organisator.jpg\" \/>\n\t<meta property=\"og:image:width\" content=\"680\" \/>\n\t<meta property=\"og:image:height\" content=\"340\" \/>\n\t<meta property=\"og:image:type\" content=\"image\/jpeg\" \/>\n<meta name=\"author\" content=\"thomas.berner\" \/>\n<meta name=\"twitter:card\" content=\"summary_large_image\" \/>\n<meta name=\"twitter:title\" content=\"Neues #Fachforum - Smart Digital Business f\u00fcr Schweizer KMU\" \/>\n<meta name=\"twitter:description\" content=\"Das #ONE #Fachforum am 31. August 2023 in #Holzh\u00e4usern\/Rotkreuz ZG konzentriert sich speziell auf den digitalen Erfolg von KMUs.\" \/>\n<meta name=\"twitter:image\" content=\"https:\/\/www.organisator.ch\/wp-content\/uploads\/2023\/06\/Neues-Fachforum-Smart-Digital-Business-fuer-Schweizer-KMU_Organisator.jpg\" \/>\n<script type=\"application\/ld+json\" class=\"yoast-schema-graph\">{\"@context\":\"https:\\\/\\\/schema.org\",\"@graph\":[{\"@type\":\"Article\",\"@id\":\"https:\\\/\\\/www.organisator.ch\\\/management\\\/2023-06-21\\\/neues-fachforum-smart-digital-business-fuer-schweizer-kmu\\\/#article\",\"isPartOf\":{\"@id\":\"https:\\\/\\\/www.organisator.ch\\\/management\\\/2023-06-21\\\/neues-fachforum-smart-digital-business-fuer-schweizer-kmu\\\/\"},\"author\":{\"name\":\"thomas.berner\",\"@id\":\"https:\\\/\\\/www.organisator.ch\\\/#\\\/schema\\\/person\\\/6f650f90b2842cd4c0cc334b4e36f67e\"},\"headline\":\"Neues Fachforum &#8211; Smart Digital Business f\u00fcr Schweizer KMU\",\"datePublished\":\"2023-06-21T07:25:46+00:00\",\"mainEntityOfPage\":{\"@id\":\"https:\\\/\\\/www.organisator.ch\\\/management\\\/2023-06-21\\\/neues-fachforum-smart-digital-business-fuer-schweizer-kmu\\\/\"},\"wordCount\":444,\"publisher\":{\"@id\":\"https:\\\/\\\/www.organisator.ch\\\/#organization\"},\"image\":{\"@id\":\"https:\\\/\\\/www.organisator.ch\\\/management\\\/2023-06-21\\\/neues-fachforum-smart-digital-business-fuer-schweizer-kmu\\\/#primaryimage\"},\"thumbnailUrl\":\"https:\\\/\\\/www.organisator.ch\\\/wp-content\\\/uploads\\\/2023\\\/06\\\/Neues-Fachforum-Smart-Digital-Business-fuer-Schweizer-KMU_Organisator.jpg\",\"keywords\":[\"Fachkongress\\\/Fachmesse\",\"IT\",\"Networking\",\"Veranstaltungen\"],\"articleSection\":[\"MANAGEMENT\"],\"inLanguage\":\"it-IT\"},{\"@type\":\"WebPage\",\"@id\":\"https:\\\/\\\/www.organisator.ch\\\/management\\\/2023-06-21\\\/neues-fachforum-smart-digital-business-fuer-schweizer-kmu\\\/\",\"url\":\"https:\\\/\\\/www.organisator.ch\\\/management\\\/2023-06-21\\\/neues-fachforum-smart-digital-business-fuer-schweizer-kmu\\\/\",\"name\":\"Neues Fachforum - Smart Digital Business f\u00fcr Schweizer KMU - Organisator\",\"isPartOf\":{\"@id\":\"https:\\\/\\\/www.organisator.ch\\\/#website\"},\"primaryImageOfPage\":{\"@id\":\"https:\\\/\\\/www.organisator.ch\\\/management\\\/2023-06-21\\\/neues-fachforum-smart-digital-business-fuer-schweizer-kmu\\\/#primaryimage\"},\"image\":{\"@id\":\"https:\\\/\\\/www.organisator.ch\\\/management\\\/2023-06-21\\\/neues-fachforum-smart-digital-business-fuer-schweizer-kmu\\\/#primaryimage\"},\"thumbnailUrl\":\"https:\\\/\\\/www.organisator.ch\\\/wp-content\\\/uploads\\\/2023\\\/06\\\/Neues-Fachforum-Smart-Digital-Business-fuer-Schweizer-KMU_Organisator.jpg\",\"datePublished\":\"2023-06-21T07:25:46+00:00\",\"description\":\"Das ONE Fachforum am 31. August 2023 in Holzh\u00e4usern\\\/Rotkreuz ZG konzentriert sich speziell auf den digitalen Erfolg von KMUs.\",\"breadcrumb\":{\"@id\":\"https:\\\/\\\/www.organisator.ch\\\/management\\\/2023-06-21\\\/neues-fachforum-smart-digital-business-fuer-schweizer-kmu\\\/#breadcrumb\"},\"inLanguage\":\"it-IT\",\"potentialAction\":[{\"@type\":\"ReadAction\",\"target\":[\"https:\\\/\\\/www.organisator.ch\\\/management\\\/2023-06-21\\\/neues-fachforum-smart-digital-business-fuer-schweizer-kmu\\\/\"]}]},{\"@type\":\"ImageObject\",\"inLanguage\":\"it-IT\",\"@id\":\"https:\\\/\\\/www.organisator.ch\\\/management\\\/2023-06-21\\\/neues-fachforum-smart-digital-business-fuer-schweizer-kmu\\\/#primaryimage\",\"url\":\"https:\\\/\\\/www.organisator.ch\\\/wp-content\\\/uploads\\\/2023\\\/06\\\/Neues-Fachforum-Smart-Digital-Business-fuer-Schweizer-KMU_Organisator.jpg\",\"contentUrl\":\"https:\\\/\\\/www.organisator.ch\\\/wp-content\\\/uploads\\\/2023\\\/06\\\/Neues-Fachforum-Smart-Digital-Business-fuer-Schweizer-KMU_Organisator.jpg\",\"width\":680,\"height\":340,\"caption\":\"Das ONE Fachforum wird am 31. August 2023 Know-how, Inspiration und Networking f\u00fcr KMU bieten. (Bild: zVg \\\/ topsoft)\"},{\"@type\":\"BreadcrumbList\",\"@id\":\"https:\\\/\\\/www.organisator.ch\\\/management\\\/2023-06-21\\\/neues-fachforum-smart-digital-business-fuer-schweizer-kmu\\\/#breadcrumb\",\"itemListElement\":[{\"@type\":\"ListItem\",\"position\":1,\"name\":\"Home\",\"item\":\"https:\\\/\\\/www.organisator.ch\\\/\"},{\"@type\":\"ListItem\",\"position\":2,\"name\":\"Neues Fachforum &#8211; Smart Digital Business f\u00fcr Schweizer KMU\"}]},{\"@type\":\"WebSite\",\"@id\":\"https:\\\/\\\/www.organisator.ch\\\/#website\",\"url\":\"https:\\\/\\\/www.organisator.ch\\\/\",\"name\":\"Organisator\",\"description\":\"Kompetent. Praxisnah. Der ORGANISATOR bereitet in 10 Ausgaben pro Jahr die wesentlichen Themen f\u00fcr F\u00fchrungskr\u00e4fte von KMU auf.\",\"publisher\":{\"@id\":\"https:\\\/\\\/www.organisator.ch\\\/#organization\"},\"potentialAction\":[{\"@type\":\"SearchAction\",\"target\":{\"@type\":\"EntryPoint\",\"urlTemplate\":\"https:\\\/\\\/www.organisator.ch\\\/?s={search_term_string}\"},\"query-input\":{\"@type\":\"PropertyValueSpecification\",\"valueRequired\":true,\"valueName\":\"search_term_string\"}}],\"inLanguage\":\"it-IT\"},{\"@type\":\"Organization\",\"@id\":\"https:\\\/\\\/www.organisator.ch\\\/#organization\",\"name\":\"Organisator\",\"url\":\"https:\\\/\\\/www.organisator.ch\\\/\",\"logo\":{\"@type\":\"ImageObject\",\"inLanguage\":\"it-IT\",\"@id\":\"https:\\\/\\\/www.organisator.ch\\\/#\\\/schema\\\/logo\\\/image\\\/\",\"url\":\"https:\\\/\\\/www.organisator.ch\\\/wp-content\\\/uploads\\\/2022\\\/01\\\/Logo_Organisator_Website.png\",\"contentUrl\":\"https:\\\/\\\/www.organisator.ch\\\/wp-content\\\/uploads\\\/2022\\\/01\\\/Logo_Organisator_Website.png\",\"width\":800,\"height\":77,\"caption\":\"Organisator\"},\"image\":{\"@id\":\"https:\\\/\\\/www.organisator.ch\\\/#\\\/schema\\\/logo\\\/image\\\/\"},\"sameAs\":[\"https:\\\/\\\/www.facebook.com\\\/OrganisatorFachmagazin\",\"https:\\\/\\\/www.linkedin.com\\\/showcase\\\/organisator-das-magazin-fr-kmu\",\"https:\\\/\\\/www.xing.com\\\/news\\\/pages\\\/organisator-ch-695\",\"https:\\\/\\\/www.youtube.com\\\/channel\\\/UCGP2Sq0iWaZwT3BdIAQFYpw\"]},{\"@type\":\"Person\",\"@id\":\"https:\\\/\\\/www.organisator.ch\\\/#\\\/schema\\\/person\\\/6f650f90b2842cd4c0cc334b4e36f67e\",\"name\":\"thomas.berner\",\"image\":{\"@type\":\"ImageObject\",\"inLanguage\":\"it-IT\",\"@id\":\"https:\\\/\\\/secure.gravatar.com\\\/avatar\\\/ac5001d2a36cb6c6cd3e50789007ffca834b477b74a2144564522e944eabff61?s=96&d=mm&r=g\",\"url\":\"https:\\\/\\\/secure.gravatar.com\\\/avatar\\\/ac5001d2a36cb6c6cd3e50789007ffca834b477b74a2144564522e944eabff61?s=96&d=mm&r=g\",\"contentUrl\":\"https:\\\/\\\/secure.gravatar.com\\\/avatar\\\/ac5001d2a36cb6c6cd3e50789007ffca834b477b74a2144564522e944eabff61?s=96&d=mm&r=g\",\"caption\":\"thomas.berner\"},\"url\":\"https:\\\/\\\/www.organisator.ch\\\/it\\\/author\\\/thomas-berner\\\/\"}]}<\/script>\n<!-- \/ Yoast SEO plugin. -->","yoast_head_json":{"title":"Nuovo forum di esperti - Smart Digital Business per le PMI svizzere - Organizzatore","description":"Il Forum di esperti ONE del 31 agosto 2023 a Holzh\u00e4usern\/Rotkreuz ZG si concentra specificamente sul successo digitale delle PMI.","robots":{"index":"index","follow":"follow","max-snippet":"max-snippet:-1","max-image-preview":"max-image-preview:large","max-video-preview":"max-video-preview:-1"},"canonical":"https:\/\/www.organisator.ch\/it\/gestione-2\/2023-06-21\/neues-fachforum-smart-digital-business-fuer-schweizer-kmu\/","og_locale":"it_IT","og_type":"article","og_title":"Neues Fachforum - Smart Digital Business f\u00fcr Schweizer KMU","og_description":"Das ONE Fachforum am 31. August 2023 in Holzh\u00e4usern\/Rotkreuz ZG konzentriert sich speziell auf den digitalen Erfolg von KMUs.","og_url":"https:\/\/www.organisator.ch\/it\/gestione-2\/2023-06-21\/neues-fachforum-smart-digital-business-fuer-schweizer-kmu\/","og_site_name":"Organisator","article_publisher":"https:\/\/www.facebook.com\/OrganisatorFachmagazin","article_published_time":"2023-06-21T07:25:46+00:00","og_image":[{"width":680,"height":340,"url":"https:\/\/www.organisator.ch\/wp-content\/uploads\/2023\/06\/Neues-Fachforum-Smart-Digital-Business-fuer-Schweizer-KMU_Organisator.jpg","type":"image\/jpeg"}],"author":"thomas.berner","twitter_card":"summary_large_image","twitter_title":"Neues #Fachforum - Smart Digital Business f\u00fcr Schweizer KMU","twitter_description":"Das #ONE #Fachforum am 31. August 2023 in #Holzh\u00e4usern\/Rotkreuz ZG konzentriert sich speziell auf den digitalen Erfolg von KMUs.","twitter_image":"https:\/\/www.organisator.ch\/wp-content\/uploads\/2023\/06\/Neues-Fachforum-Smart-Digital-Business-fuer-Schweizer-KMU_Organisator.jpg","schema":{"@context":"https:\/\/schema.org","@graph":[{"@type":"Article","@id":"https:\/\/www.organisator.ch\/management\/2023-06-21\/neues-fachforum-smart-digital-business-fuer-schweizer-kmu\/#article","isPartOf":{"@id":"https:\/\/www.organisator.ch\/management\/2023-06-21\/neues-fachforum-smart-digital-business-fuer-schweizer-kmu\/"},"author":{"name":"thomas.berner","@id":"https:\/\/www.organisator.ch\/#\/schema\/person\/6f650f90b2842cd4c0cc334b4e36f67e"},"headline":"Neues Fachforum &#8211; Smart Digital Business f\u00fcr Schweizer KMU","datePublished":"2023-06-21T07:25:46+00:00","mainEntityOfPage":{"@id":"https:\/\/www.organisator.ch\/management\/2023-06-21\/neues-fachforum-smart-digital-business-fuer-schweizer-kmu\/"},"wordCount":444,"publisher":{"@id":"https:\/\/www.organisator.ch\/#organization"},"image":{"@id":"https:\/\/www.organisator.ch\/management\/2023-06-21\/neues-fachforum-smart-digital-business-fuer-schweizer-kmu\/#primaryimage"},"thumbnailUrl":"https:\/\/www.organisator.ch\/wp-content\/uploads\/2023\/06\/Neues-Fachforum-Smart-Digital-Business-fuer-Schweizer-KMU_Organisator.jpg","keywords":["Fachkongress\/Fachmesse","IT","Networking","Veranstaltungen"],"articleSection":["MANAGEMENT"],"inLanguage":"it-IT"},{"@type":"WebPage","@id":"https:\/\/www.organisator.ch\/management\/2023-06-21\/neues-fachforum-smart-digital-business-fuer-schweizer-kmu\/","url":"https:\/\/www.organisator.ch\/management\/2023-06-21\/neues-fachforum-smart-digital-business-fuer-schweizer-kmu\/","name":"Nuovo forum di esperti - Smart Digital Business per le PMI svizzere - Organizzatore","isPartOf":{"@id":"https:\/\/www.organisator.ch\/#website"},"primaryImageOfPage":{"@id":"https:\/\/www.organisator.ch\/management\/2023-06-21\/neues-fachforum-smart-digital-business-fuer-schweizer-kmu\/#primaryimage"},"image":{"@id":"https:\/\/www.organisator.ch\/management\/2023-06-21\/neues-fachforum-smart-digital-business-fuer-schweizer-kmu\/#primaryimage"},"thumbnailUrl":"https:\/\/www.organisator.ch\/wp-content\/uploads\/2023\/06\/Neues-Fachforum-Smart-Digital-Business-fuer-Schweizer-KMU_Organisator.jpg","datePublished":"2023-06-21T07:25:46+00:00","description":"Il Forum di esperti ONE del 31 agosto 2023 a Holzh\u00e4usern\/Rotkreuz ZG si concentra specificamente sul successo digitale delle PMI.","breadcrumb":{"@id":"https:\/\/www.organisator.ch\/management\/2023-06-21\/neues-fachforum-smart-digital-business-fuer-schweizer-kmu\/#breadcrumb"},"inLanguage":"it-IT","potentialAction":[{"@type":"ReadAction","target":["https:\/\/www.organisator.ch\/management\/2023-06-21\/neues-fachforum-smart-digital-business-fuer-schweizer-kmu\/"]}]},{"@type":"ImageObject","inLanguage":"it-IT","@id":"https:\/\/www.organisator.ch\/management\/2023-06-21\/neues-fachforum-smart-digital-business-fuer-schweizer-kmu\/#primaryimage","url":"https:\/\/www.organisator.ch\/wp-content\/uploads\/2023\/06\/Neues-Fachforum-Smart-Digital-Business-fuer-Schweizer-KMU_Organisator.jpg","contentUrl":"https:\/\/www.organisator.ch\/wp-content\/uploads\/2023\/06\/Neues-Fachforum-Smart-Digital-Business-fuer-Schweizer-KMU_Organisator.jpg","width":680,"height":340,"caption":"Das ONE Fachforum wird am 31. August 2023 Know-how, Inspiration und Networking f\u00fcr KMU bieten. (Bild: zVg \/ topsoft)"},{"@type":"BreadcrumbList","@id":"https:\/\/www.organisator.ch\/management\/2023-06-21\/neues-fachforum-smart-digital-business-fuer-schweizer-kmu\/#breadcrumb","itemListElement":[{"@type":"ListItem","position":1,"name":"Home","item":"https:\/\/www.organisator.ch\/"},{"@type":"ListItem","position":2,"name":"Neues Fachforum &#8211; Smart Digital Business f\u00fcr Schweizer KMU"}]},{"@type":"WebSite","@id":"https:\/\/www.organisator.ch\/#website","url":"https:\/\/www.organisator.ch\/","name":"Organizzatore","description":"Competente. Pratico. In 10 numeri all'anno, ORGANISATOR presenta i temi essenziali per i manager delle PMI.","publisher":{"@id":"https:\/\/www.organisator.ch\/#organization"},"potentialAction":[{"@type":"SearchAction","target":{"@type":"EntryPoint","urlTemplate":"https:\/\/www.organisator.ch\/?s={search_term_string}"},"query-input":{"@type":"PropertyValueSpecification","valueRequired":true,"valueName":"search_term_string"}}],"inLanguage":"it-IT"},{"@type":"Organization","@id":"https:\/\/www.organisator.ch\/#organization","name":"Organizzatore","url":"https:\/\/www.organisator.ch\/","logo":{"@type":"ImageObject","inLanguage":"it-IT","@id":"https:\/\/www.organisator.ch\/#\/schema\/logo\/image\/","url":"https:\/\/www.organisator.ch\/wp-content\/uploads\/2022\/01\/Logo_Organisator_Website.png","contentUrl":"https:\/\/www.organisator.ch\/wp-content\/uploads\/2022\/01\/Logo_Organisator_Website.png","width":800,"height":77,"caption":"Organisator"},"image":{"@id":"https:\/\/www.organisator.ch\/#\/schema\/logo\/image\/"},"sameAs":["https:\/\/www.facebook.com\/OrganisatorFachmagazin","https:\/\/www.linkedin.com\/showcase\/organisator-das-magazin-fr-kmu","https:\/\/www.xing.com\/news\/pages\/organisator-ch-695","https:\/\/www.youtube.com\/channel\/UCGP2Sq0iWaZwT3BdIAQFYpw"]},{"@type":"Person","@id":"https:\/\/www.organisator.ch\/#\/schema\/person\/6f650f90b2842cd4c0cc334b4e36f67e","name":"Tommaso.berner","image":{"@type":"ImageObject","inLanguage":"it-IT","@id":"https:\/\/secure.gravatar.com\/avatar\/ac5001d2a36cb6c6cd3e50789007ffca834b477b74a2144564522e944eabff61?s=96&d=mm&r=g","url":"https:\/\/secure.gravatar.com\/avatar\/ac5001d2a36cb6c6cd3e50789007ffca834b477b74a2144564522e944eabff61?s=96&d=mm&r=g","contentUrl":"https:\/\/secure.gravatar.com\/avatar\/ac5001d2a36cb6c6cd3e50789007ffca834b477b74a2144564522e944eabff61?s=96&d=mm&r=g","caption":"thomas.berner"},"url":"https:\/\/www.organisator.ch\/it\/author\/thomas-berner\/"}]}},"_links":{"self":[{"href":"https:\/\/www.organisator.ch\/it\/wp-json\/wp\/v2\/posts\/20782","targetHints":{"allow":["GET"]}}],"collection":[{"href":"https:\/\/www.organisator.ch\/it\/wp-json\/wp\/v2\/posts"}],"about":[{"href":"https:\/\/www.organisator.ch\/it\/wp-json\/wp\/v2\/types\/post"}],"author":[{"embeddable":true,"href":"https:\/\/www.organisator.ch\/it\/wp-json\/wp\/v2\/users\/4"}],"replies":[{"embeddable":true,"href":"https:\/\/www.organisator.ch\/it\/wp-json\/wp\/v2\/comments?post=20782"}],"version-history":[{"count":1,"href":"https:\/\/www.organisator.ch\/it\/wp-json\/wp\/v2\/posts\/20782\/revisions"}],"predecessor-version":[{"id":20784,"href":"https:\/\/www.organisator.ch\/it\/wp-json\/wp\/v2\/posts\/20782\/revisions\/20784"}],"wp:featuredmedia":[{"embeddable":true,"href":"https:\/\/www.organisator.ch\/it\/wp-json\/wp\/v2\/media\/20783"}],"wp:attachment":[{"href":"https:\/\/www.organisator.ch\/it\/wp-json\/wp\/v2\/media?parent=20782"}],"wp:term":[{"taxonomy":"category","embeddable":true,"href":"https:\/\/www.organisator.ch\/it\/wp-json\/wp\/v2\/categories?post=20782"},{"taxonomy":"post_tag","embeddable":true,"href":"https:\/\/www.organisator.ch\/it\/wp-json\/wp\/v2\/tags?post=20782"}],"curies":[{"name":"wp","href":"https:\/\/api.w.org\/{rel}","templated":true}]}}