{"id":2081,"date":"2017-06-20T08:01:57","date_gmt":"2017-06-20T06:01:57","guid":{"rendered":"https:\/\/www.organisator.ch\/?p=2081"},"modified":"2017-06-20T08:01:57","modified_gmt":"2017-06-20T06:01:57","slug":"startup-wettbewerb-venture-2017-die-gewinner","status":"publish","type":"post","link":"https:\/\/www.organisator.ch\/it\/allgemein\/2017-06-20\/startup-wettbewerb-venture-2017-die-gewinner\/","title":{"rendered":"Concorso per start-up &gt;&gt;avventura&gt;&gt; 2017: i vincitori"},"content":{"rendered":"<figure id=\"attachment_2083\" aria-describedby=\"caption-attachment-2083\" style=\"width: 640px\" class=\"wp-caption alignnone\"><img loading=\"lazy\" decoding=\"async\" class=\"size-full wp-image-2083\" src=\"https:\/\/www.organisator.ch\/wp-content\/uploads\/2017\/06\/Startup-Wettbewerb-venture-2017-Die-Gewinner-1_Organisator.jpg\" alt=\"\" width=\"640\" height=\"427\" srcset=\"https:\/\/www.organisator.ch\/wp-content\/uploads\/2017\/06\/Startup-Wettbewerb-venture-2017-Die-Gewinner-1_Organisator.jpg 640w, https:\/\/www.organisator.ch\/wp-content\/uploads\/2017\/06\/Startup-Wettbewerb-venture-2017-Die-Gewinner-1_Organisator-16x12.jpg 16w, https:\/\/www.organisator.ch\/wp-content\/uploads\/2017\/06\/Startup-Wettbewerb-venture-2017-Die-Gewinner-1_Organisator-262x175.jpg 262w, https:\/\/www.organisator.ch\/wp-content\/uploads\/2017\/06\/Startup-Wettbewerb-venture-2017-Die-Gewinner-1_Organisator-525x350.jpg 525w, https:\/\/www.organisator.ch\/wp-content\/uploads\/2017\/06\/Startup-Wettbewerb-venture-2017-Die-Gewinner-1_Organisator-300x200.jpg 300w\" sizes=\"auto, (max-width: 640px) 100vw, 640px\" \/><figcaption id=\"caption-attachment-2083\" class=\"wp-caption-text\">Lumigbo vince il primo premio per il miglior business plan al concorso per start-up &gt;&gt;venture&gt;&gt;. Nella foto: Andreas Schmocker (al centro) e il consigliere federale Johann Schneider-Ammann. (Foto: &gt;&gt;avventura&gt;&gt;)<\/figcaption><\/figure>\n<p>&gt;&gt;venture&gt;&gt; \u00e8 organizzato da ETH Zurich, McKinsey &amp; Company Switzerland, Knecht Holding, Commissione federale per la tecnologia e l'innovazione e EPFL. Inoltre, 31 rinomate aziende svizzere, istituzioni e media partner sostengono la competizione delle start-up. Nell'edizione di quest'anno, 325 persone in 203 squadre hanno partecipato: 95 hanno presentato le loro idee di business e 108 i loro business plan. Le migliori squadre hanno affrontato argomenti dai campi della tecnologia medica, biotecnologia, farmacologia, aerospaziale, geologia e informatica.<\/p>\n<p><strong>I vincitori<\/strong><\/p>\n<p>La giuria e il comitato consultivo hanno selezionato Lumigbo come miglior business plan e ReflectUS come migliore idea di business tra i business plan e le idee di business presentate. TWIICE ha vinto il premio del pubblico SRF\/RTS.<\/p>\n<p><em>1\u00b0 posto - miglior business plan: Lumigbo (ETH Zurigo\/EPFL, Losanna)<\/em><\/p>\n<p>Il problema con le soluzioni implantari esistenti \u00e8 che il processo di indurimento del materiale di riempimento non pu\u00f2 essere controllato. Lumigbo ha sviluppato un materiale che pu\u00f2 essere indurito usando la luce. Utilizzando il materiale, gli impianti (ad esempio nelle procedure dentali) possono essere costruiti e induriti passo dopo passo direttamente nel corpo.<\/p>\n<p><em>1\u00b0 posto - migliore idea imprenditoriale: ReflectUS (ETH Zurigo)<\/em><\/p>\n<p>La diagnosi di cancro al seno di solito significa uno stress considerevole per i pazienti: La mammografia li espone ai raggi X, e stringere il seno durante l'esame \u00e8 di solito doloroso. ReflectUS sta sviluppando un dispositivo di esame basato sulla tecnologia a ultrasuoni. Permette una diagnosi senza radiazioni e rende l'esame pi\u00f9 confortevole.<\/p>\n<figure id=\"attachment_2084\" aria-describedby=\"caption-attachment-2084\" style=\"width: 640px\" class=\"wp-caption alignnone\"><img loading=\"lazy\" decoding=\"async\" class=\"size-full wp-image-2084\" src=\"https:\/\/www.organisator.ch\/wp-content\/uploads\/2017\/06\/Startup-Wettbewerb-venture-2017-Die-Gewinner-2_Organisator.jpg\" alt=\"\" width=\"640\" height=\"427\" srcset=\"https:\/\/www.organisator.ch\/wp-content\/uploads\/2017\/06\/Startup-Wettbewerb-venture-2017-Die-Gewinner-2_Organisator.jpg 640w, https:\/\/www.organisator.ch\/wp-content\/uploads\/2017\/06\/Startup-Wettbewerb-venture-2017-Die-Gewinner-2_Organisator-16x12.jpg 16w, https:\/\/www.organisator.ch\/wp-content\/uploads\/2017\/06\/Startup-Wettbewerb-venture-2017-Die-Gewinner-2_Organisator-262x175.jpg 262w, https:\/\/www.organisator.ch\/wp-content\/uploads\/2017\/06\/Startup-Wettbewerb-venture-2017-Die-Gewinner-2_Organisator-525x350.jpg 525w, https:\/\/www.organisator.ch\/wp-content\/uploads\/2017\/06\/Startup-Wettbewerb-venture-2017-Die-Gewinner-2_Organisator-300x200.jpg 300w\" sizes=\"auto, (max-width: 640px) 100vw, 640px\" \/><figcaption id=\"caption-attachment-2084\" class=\"wp-caption-text\">ReflectUS ha ricevuto il primo premio per la migliore idea di business al concorso di start-up. (Immagine: &gt;&gt;avventura&gt;&gt;)<\/figcaption><\/figure>\n<p><em>Premio del pubblico: TWIICE (EPFL, Losanna) <\/em><\/p>\n<p>TWIICE sta sviluppando un esoscheletro modulare che permette ai paraplegici di recuperare l'indipendenza nelle loro attivit\u00e0 quotidiane. I pazienti possono stare in piedi, camminare e salire le scale di nuovo con l'esoscheletro. A differenza delle soluzioni di esoscheletro esistenti, l'esoscheletro modulare di TWIICE pu\u00f2 essere adattato specificamente alle esigenze dei pazienti.<\/p>\n<p><strong>Non solo premi in denaro<\/strong><\/p>\n<p>La premiazione di &gt;&gt;venture&gt;&gt; \u00e8 molto pi\u00f9 che il premio in denaro di 170'000 franchi, dicono gli organizzatori: \"Da 20 anni miglioriamo le possibilit\u00e0 di successo degli imprenditori in erba impartendo conoscenze, coaching e ampliando la loro rete\", spiega il dottor Thomas Knecht, ex direttore di McKinsey &amp; Company Svizzera e fondatore del concorso. \"Il giorno della cerimonia di premiazione, tutti i partecipanti hanno anche l'opportunit\u00e0 di incontrare gli investitori in incontri 1:1, e le migliori squadre si presentano a gruppi di investitori interessati\", aggiunge. La qualit\u00e0 dei progetti presentati per il concorso di start-up \u00e8 molto alta, continua il dottor Thomas Knecht. Selezionare le migliori squadre tra i molti buoni progetti \u00e8 stata una grande sfida per i giurati.<\/p>\n<p><strong>Gli altri vincitori del premio<\/strong><\/p>\n<p><em>2\u00b0-5\u00b0 posto Business Plan &gt;&gt;avventura&gt;&gt; 2017 <\/em><\/p>\n<p>2\u00b0 posto Haelixa (ETH Zurigo): marcatori basati sul DNA per l'industria che non sono n\u00e9 tossici n\u00e9 radioattivi.<br \/>\n3\u00b0 posto Rainbow Biosystem (Eawag, Zurigo): sistema di biosensori basati su cellule di pesci che possono determinare la tossicit\u00e0 nell'acqua.<br \/>\n4\u00b0 posto Vibwife (Switzerland Innovation Park, Biel\/Bienne): materasso di mobilizzazione che assicura una corretta posizione del corpo durante il parto.<br \/>\n5\u00b0 posto ASTROCAST (EPFL, Losanna): sta costruendo una rete di nanosatelliti con il supporto tecnico dell'ESA (Agenzia Spaziale Europea).<\/p>\n<p><em>Dal 2\u00b0 al 5\u00b0 posto Business Idea &gt;&gt;venture&gt;&gt; 2017 <\/em><\/p>\n<p>2\u00b0 posto Struckd (ZhdK, Zurigo): Struckd colma il divario tra le due tendenze gamification (ad esempio per i contenuti pubblicitari) e i contenuti di gioco generati dagli utenti.<br \/>\n3\u00b0 posto PeakProfiling (Zurigo\/Berlino, nessun nome di universit\u00e0): ha sviluppato un algoritmo che permette la diagnosi della depressione basata sui modelli di voce.<br \/>\n4\u00b0 posto TWIICE (EPFL, Losanna): TWIICE sta sviluppando un esoscheletro modulare che permette ai paraplegici di recuperare l'indipendenza nelle loro attivit\u00e0 quotidiane.<br \/>\n5\u00b0 posto Komp-Act (EPFL, Losanna): Sviluppa attuatori elettrici leggeri e innovativi (invece di quelli idraulici) per il mercato aerospaziale.<\/p>\n<p><a href=\"https:\/\/www.venture.ch\/\"><em>Pi\u00f9 su &gt;&gt;avventura&gt;&gt;.<\/em><\/a><\/p>","protected":false},"excerpt":{"rendered":"<p>&gt;&gt;venture&gt;&gt; wird von der ETH Z\u00fcrich, McKinsey &amp; Company Schweiz, der Knecht Holding, der Kommission f\u00fcr Technologie und Innovation des Bundes und der EPFL organisiert. Zudem unterst\u00fctzen 31 namhafte\u00a0Schweizer Unternehmen, Institutionen und Medienpartner den Startup-Wettbewerb. In der diesj\u00e4hrigen\u00a0&gt;&gt;venture&gt;&gt; Ausgabe nahmen\u00a0325 Personen\u00a0in 203 Teams teil: 95 reichten ihre Gesch\u00e4ftsideen und 108 ihre Gesch\u00e4ftspl\u00e4ne ein. Die Top-Teams [&hellip;]<\/p>\n","protected":false},"author":4,"featured_media":2083,"comment_status":"open","ping_status":"open","sticky":false,"template":"","format":"standard","meta":{"_acf_changed":false,"_yoast_wpseo_focuskw":"Startup-Wettbewerb","_yoast_wpseo_metadesc":">>venture>>, der bedeutendste Startup-Wettbewerb der Schweiz, pr\u00e4mierte am 19. Juni die diesj\u00e4hrigen Gewinnerinnen und Gewinner.","articlekey":"","footnotes":""},"categories":[1],"tags":[451,492,508,533],"class_list":["post-2081","post","type-post","status-publish","format-standard","has-post-thumbnail","hentry","category-allgemein","tag-startups","tag-unternehmen","tag-vermischtes","tag-wissenschaft"],"acf":[],"yoast_head":"<!-- This site is optimized with the Yoast SEO plugin v27.4 - https:\/\/yoast.com\/product\/yoast-seo-wordpress\/ -->\n<title>Startup-Wettbewerb &gt;&gt;venture&gt;&gt; 2017: Die Gewinner - Organisator<\/title>\n<meta name=\"description\" content=\"&gt;&gt;venture&gt;&gt;, der bedeutendste Startup-Wettbewerb der Schweiz, pr\u00e4mierte am 19. Juni die diesj\u00e4hrigen Gewinnerinnen und Gewinner.\" \/>\n<meta name=\"robots\" content=\"index, follow, max-snippet:-1, max-image-preview:large, max-video-preview:-1\" \/>\n<link rel=\"canonical\" href=\"https:\/\/www.organisator.ch\/it\/generale\/2017-06-20\/startup-wettbewerb-venture-2017-die-gewinner\/\" \/>\n<meta property=\"og:locale\" content=\"it_IT\" \/>\n<meta property=\"og:type\" content=\"article\" \/>\n<meta property=\"og:title\" content=\"Startup-Wettbewerb &gt;&gt;venture&gt;&gt; 2017: Die Gewinner\" \/>\n<meta property=\"og:description\" content=\"#&gt;&gt;venture&gt;&gt;, der bedeutendste #Startup-Wettbewerb der Schweiz, pr\u00e4mierte am 19. Juni die diesj\u00e4hrigen Gewinnerinnen und Gewinner und feierte sein 20-j\u00e4hriges Bestehen.\" \/>\n<meta property=\"og:url\" content=\"https:\/\/www.organisator.ch\/it\/generale\/2017-06-20\/startup-wettbewerb-venture-2017-die-gewinner\/\" \/>\n<meta property=\"og:site_name\" content=\"Organisator\" \/>\n<meta property=\"article:publisher\" content=\"https:\/\/www.facebook.com\/OrganisatorFachmagazin\" \/>\n<meta property=\"article:published_time\" content=\"2017-06-20T06:01:57+00:00\" \/>\n<meta property=\"og:image\" content=\"https:\/\/www.organisator.ch\/wp-content\/uploads\/2017\/06\/Startup-Wettbewerb-venture-2017-Die-Gewinner-1_Organisator.jpg\" \/>\n\t<meta property=\"og:image:width\" content=\"640\" \/>\n\t<meta property=\"og:image:height\" content=\"427\" \/>\n\t<meta property=\"og:image:type\" content=\"image\/jpeg\" \/>\n<meta name=\"author\" content=\"thomas.berner\" \/>\n<meta name=\"twitter:card\" content=\"summary_large_image\" \/>\n<meta name=\"twitter:title\" content=\"#Startup-Wettbewerb &gt;&gt;venture&gt;&gt; 2017: Die Gewinner\" \/>\n<meta name=\"twitter:description\" content=\"#&gt;&gt;venture&gt;&gt;, der bedeutendste #Startup-Wettbewerb der Schweiz, pr\u00e4mierte am 19. Juni die diesj\u00e4hrigen Gewinnerinnen und Gewinner und feierte sein 20-j\u00e4hriges Bestehen.\" \/>\n<meta name=\"twitter:image\" content=\"https:\/\/www.organisator.ch\/wp-content\/uploads\/2017\/06\/Startup-Wettbewerb-venture-2017-Die-Gewinner-1_Organisator.jpg\" \/>\n<script type=\"application\/ld+json\" class=\"yoast-schema-graph\">{\"@context\":\"https:\\\/\\\/schema.org\",\"@graph\":[{\"@type\":\"Article\",\"@id\":\"https:\\\/\\\/www.organisator.ch\\\/de\\\/allgemein\\\/2017-06-20\\\/startup-wettbewerb-venture-2017-die-gewinner\\\/#article\",\"isPartOf\":{\"@id\":\"https:\\\/\\\/www.organisator.ch\\\/de\\\/allgemein\\\/2017-06-20\\\/startup-wettbewerb-venture-2017-die-gewinner\\\/\"},\"author\":{\"name\":\"thomas.berner\",\"@id\":\"https:\\\/\\\/www.organisator.ch\\\/#\\\/schema\\\/person\\\/6f650f90b2842cd4c0cc334b4e36f67e\"},\"headline\":\"Startup-Wettbewerb >>venture>> 2017: Die Gewinner\",\"datePublished\":\"2017-06-20T06:01:57+00:00\",\"mainEntityOfPage\":{\"@id\":\"https:\\\/\\\/www.organisator.ch\\\/de\\\/allgemein\\\/2017-06-20\\\/startup-wettbewerb-venture-2017-die-gewinner\\\/\"},\"wordCount\":697,\"commentCount\":2,\"publisher\":{\"@id\":\"https:\\\/\\\/www.organisator.ch\\\/#organization\"},\"image\":{\"@id\":\"https:\\\/\\\/www.organisator.ch\\\/de\\\/allgemein\\\/2017-06-20\\\/startup-wettbewerb-venture-2017-die-gewinner\\\/#primaryimage\"},\"thumbnailUrl\":\"https:\\\/\\\/www.organisator.ch\\\/wp-content\\\/uploads\\\/2017\\\/06\\\/Startup-Wettbewerb-venture-2017-Die-Gewinner-1_Organisator.jpg\",\"keywords\":[\"Startups\",\"Unternehmen\",\"Vermischtes\",\"Wissenschaft\"],\"articleSection\":[\"Allgemein\"],\"inLanguage\":\"it-IT\"},{\"@type\":\"WebPage\",\"@id\":\"https:\\\/\\\/www.organisator.ch\\\/de\\\/allgemein\\\/2017-06-20\\\/startup-wettbewerb-venture-2017-die-gewinner\\\/\",\"url\":\"https:\\\/\\\/www.organisator.ch\\\/de\\\/allgemein\\\/2017-06-20\\\/startup-wettbewerb-venture-2017-die-gewinner\\\/\",\"name\":\"Startup-Wettbewerb >>venture>> 2017: Die Gewinner - Organisator\",\"isPartOf\":{\"@id\":\"https:\\\/\\\/www.organisator.ch\\\/#website\"},\"primaryImageOfPage\":{\"@id\":\"https:\\\/\\\/www.organisator.ch\\\/de\\\/allgemein\\\/2017-06-20\\\/startup-wettbewerb-venture-2017-die-gewinner\\\/#primaryimage\"},\"image\":{\"@id\":\"https:\\\/\\\/www.organisator.ch\\\/de\\\/allgemein\\\/2017-06-20\\\/startup-wettbewerb-venture-2017-die-gewinner\\\/#primaryimage\"},\"thumbnailUrl\":\"https:\\\/\\\/www.organisator.ch\\\/wp-content\\\/uploads\\\/2017\\\/06\\\/Startup-Wettbewerb-venture-2017-Die-Gewinner-1_Organisator.jpg\",\"datePublished\":\"2017-06-20T06:01:57+00:00\",\"description\":\">>venture>>, der bedeutendste Startup-Wettbewerb der Schweiz, pr\u00e4mierte am 19. Juni die diesj\u00e4hrigen Gewinnerinnen und Gewinner.\",\"breadcrumb\":{\"@id\":\"https:\\\/\\\/www.organisator.ch\\\/de\\\/allgemein\\\/2017-06-20\\\/startup-wettbewerb-venture-2017-die-gewinner\\\/#breadcrumb\"},\"inLanguage\":\"it-IT\",\"potentialAction\":[{\"@type\":\"ReadAction\",\"target\":[\"https:\\\/\\\/www.organisator.ch\\\/de\\\/allgemein\\\/2017-06-20\\\/startup-wettbewerb-venture-2017-die-gewinner\\\/\"]}]},{\"@type\":\"ImageObject\",\"inLanguage\":\"it-IT\",\"@id\":\"https:\\\/\\\/www.organisator.ch\\\/de\\\/allgemein\\\/2017-06-20\\\/startup-wettbewerb-venture-2017-die-gewinner\\\/#primaryimage\",\"url\":\"https:\\\/\\\/www.organisator.ch\\\/wp-content\\\/uploads\\\/2017\\\/06\\\/Startup-Wettbewerb-venture-2017-Die-Gewinner-1_Organisator.jpg\",\"contentUrl\":\"https:\\\/\\\/www.organisator.ch\\\/wp-content\\\/uploads\\\/2017\\\/06\\\/Startup-Wettbewerb-venture-2017-Die-Gewinner-1_Organisator.jpg\",\"width\":640,\"height\":427,\"caption\":\"Lumigbo gewinnt am Startup-Wettbewerb >>venture>> den ersten Preis f\u00fcr den besten Gesch\u00e4ftsplan. Im Bild: Andreas Schmocker (Mitte) und Bundesrat Johann Schneider-Ammann. (Foto: >>venture>>)\"},{\"@type\":\"BreadcrumbList\",\"@id\":\"https:\\\/\\\/www.organisator.ch\\\/de\\\/allgemein\\\/2017-06-20\\\/startup-wettbewerb-venture-2017-die-gewinner\\\/#breadcrumb\",\"itemListElement\":[{\"@type\":\"ListItem\",\"position\":1,\"name\":\"Home\",\"item\":\"https:\\\/\\\/www.organisator.ch\\\/\"},{\"@type\":\"ListItem\",\"position\":2,\"name\":\"Startup-Wettbewerb >>venture>> 2017: Die Gewinner\"}]},{\"@type\":\"WebSite\",\"@id\":\"https:\\\/\\\/www.organisator.ch\\\/#website\",\"url\":\"https:\\\/\\\/www.organisator.ch\\\/\",\"name\":\"Organisator\",\"description\":\"Kompetent. Praxisnah. Der ORGANISATOR bereitet in 10 Ausgaben pro Jahr die wesentlichen Themen f\u00fcr F\u00fchrungskr\u00e4fte von KMU auf.\",\"publisher\":{\"@id\":\"https:\\\/\\\/www.organisator.ch\\\/#organization\"},\"potentialAction\":[{\"@type\":\"SearchAction\",\"target\":{\"@type\":\"EntryPoint\",\"urlTemplate\":\"https:\\\/\\\/www.organisator.ch\\\/?s={search_term_string}\"},\"query-input\":{\"@type\":\"PropertyValueSpecification\",\"valueRequired\":true,\"valueName\":\"search_term_string\"}}],\"inLanguage\":\"it-IT\"},{\"@type\":\"Organization\",\"@id\":\"https:\\\/\\\/www.organisator.ch\\\/#organization\",\"name\":\"Organisator\",\"url\":\"https:\\\/\\\/www.organisator.ch\\\/\",\"logo\":{\"@type\":\"ImageObject\",\"inLanguage\":\"it-IT\",\"@id\":\"https:\\\/\\\/www.organisator.ch\\\/#\\\/schema\\\/logo\\\/image\\\/\",\"url\":\"https:\\\/\\\/www.organisator.ch\\\/wp-content\\\/uploads\\\/2022\\\/01\\\/Logo_Organisator_Website.png\",\"contentUrl\":\"https:\\\/\\\/www.organisator.ch\\\/wp-content\\\/uploads\\\/2022\\\/01\\\/Logo_Organisator_Website.png\",\"width\":800,\"height\":77,\"caption\":\"Organisator\"},\"image\":{\"@id\":\"https:\\\/\\\/www.organisator.ch\\\/#\\\/schema\\\/logo\\\/image\\\/\"},\"sameAs\":[\"https:\\\/\\\/www.facebook.com\\\/OrganisatorFachmagazin\",\"https:\\\/\\\/www.linkedin.com\\\/showcase\\\/organisator-das-magazin-fr-kmu\",\"https:\\\/\\\/www.xing.com\\\/news\\\/pages\\\/organisator-ch-695\",\"https:\\\/\\\/www.youtube.com\\\/channel\\\/UCGP2Sq0iWaZwT3BdIAQFYpw\"]},{\"@type\":\"Person\",\"@id\":\"https:\\\/\\\/www.organisator.ch\\\/#\\\/schema\\\/person\\\/6f650f90b2842cd4c0cc334b4e36f67e\",\"name\":\"thomas.berner\",\"image\":{\"@type\":\"ImageObject\",\"inLanguage\":\"it-IT\",\"@id\":\"https:\\\/\\\/secure.gravatar.com\\\/avatar\\\/ac5001d2a36cb6c6cd3e50789007ffca834b477b74a2144564522e944eabff61?s=96&d=mm&r=g\",\"url\":\"https:\\\/\\\/secure.gravatar.com\\\/avatar\\\/ac5001d2a36cb6c6cd3e50789007ffca834b477b74a2144564522e944eabff61?s=96&d=mm&r=g\",\"contentUrl\":\"https:\\\/\\\/secure.gravatar.com\\\/avatar\\\/ac5001d2a36cb6c6cd3e50789007ffca834b477b74a2144564522e944eabff61?s=96&d=mm&r=g\",\"caption\":\"thomas.berner\"},\"url\":\"https:\\\/\\\/www.organisator.ch\\\/it\\\/author\\\/thomas-berner\\\/\"}]}<\/script>\n<!-- \/ Yoast SEO plugin. -->","yoast_head_json":{"title":"Concorso per start-up &gt;&gt;venture&gt;&gt; 2017: i vincitori - Organizzatore","description":"&gt;&gt;venture&gt;&gt;, il pi\u00f9 importante concorso per start-up in Svizzera, ha premiato i vincitori di quest'anno il 19 giugno.","robots":{"index":"index","follow":"follow","max-snippet":"max-snippet:-1","max-image-preview":"max-image-preview:large","max-video-preview":"max-video-preview:-1"},"canonical":"https:\/\/www.organisator.ch\/it\/generale\/2017-06-20\/startup-wettbewerb-venture-2017-die-gewinner\/","og_locale":"it_IT","og_type":"article","og_title":"Startup-Wettbewerb >>venture>> 2017: Die Gewinner","og_description":"#>>venture>>, der bedeutendste #Startup-Wettbewerb der Schweiz, pr\u00e4mierte am 19. Juni die diesj\u00e4hrigen Gewinnerinnen und Gewinner und feierte sein 20-j\u00e4hriges Bestehen.","og_url":"https:\/\/www.organisator.ch\/it\/generale\/2017-06-20\/startup-wettbewerb-venture-2017-die-gewinner\/","og_site_name":"Organisator","article_publisher":"https:\/\/www.facebook.com\/OrganisatorFachmagazin","article_published_time":"2017-06-20T06:01:57+00:00","og_image":[{"width":640,"height":427,"url":"https:\/\/www.organisator.ch\/wp-content\/uploads\/2017\/06\/Startup-Wettbewerb-venture-2017-Die-Gewinner-1_Organisator.jpg","type":"image\/jpeg"}],"author":"thomas.berner","twitter_card":"summary_large_image","twitter_title":"#Startup-Wettbewerb >>venture>> 2017: Die Gewinner","twitter_description":"#>>venture>>, der bedeutendste #Startup-Wettbewerb der Schweiz, pr\u00e4mierte am 19. Juni die diesj\u00e4hrigen Gewinnerinnen und Gewinner und feierte sein 20-j\u00e4hriges Bestehen.","twitter_image":"https:\/\/www.organisator.ch\/wp-content\/uploads\/2017\/06\/Startup-Wettbewerb-venture-2017-Die-Gewinner-1_Organisator.jpg","schema":{"@context":"https:\/\/schema.org","@graph":[{"@type":"Article","@id":"https:\/\/www.organisator.ch\/de\/allgemein\/2017-06-20\/startup-wettbewerb-venture-2017-die-gewinner\/#article","isPartOf":{"@id":"https:\/\/www.organisator.ch\/de\/allgemein\/2017-06-20\/startup-wettbewerb-venture-2017-die-gewinner\/"},"author":{"name":"thomas.berner","@id":"https:\/\/www.organisator.ch\/#\/schema\/person\/6f650f90b2842cd4c0cc334b4e36f67e"},"headline":"Startup-Wettbewerb >>venture>> 2017: Die Gewinner","datePublished":"2017-06-20T06:01:57+00:00","mainEntityOfPage":{"@id":"https:\/\/www.organisator.ch\/de\/allgemein\/2017-06-20\/startup-wettbewerb-venture-2017-die-gewinner\/"},"wordCount":697,"commentCount":2,"publisher":{"@id":"https:\/\/www.organisator.ch\/#organization"},"image":{"@id":"https:\/\/www.organisator.ch\/de\/allgemein\/2017-06-20\/startup-wettbewerb-venture-2017-die-gewinner\/#primaryimage"},"thumbnailUrl":"https:\/\/www.organisator.ch\/wp-content\/uploads\/2017\/06\/Startup-Wettbewerb-venture-2017-Die-Gewinner-1_Organisator.jpg","keywords":["Startups","Unternehmen","Vermischtes","Wissenschaft"],"articleSection":["Allgemein"],"inLanguage":"it-IT"},{"@type":"WebPage","@id":"https:\/\/www.organisator.ch\/de\/allgemein\/2017-06-20\/startup-wettbewerb-venture-2017-die-gewinner\/","url":"https:\/\/www.organisator.ch\/de\/allgemein\/2017-06-20\/startup-wettbewerb-venture-2017-die-gewinner\/","name":"Concorso per start-up &gt;&gt;venture&gt;&gt; 2017: i vincitori - Organizzatore","isPartOf":{"@id":"https:\/\/www.organisator.ch\/#website"},"primaryImageOfPage":{"@id":"https:\/\/www.organisator.ch\/de\/allgemein\/2017-06-20\/startup-wettbewerb-venture-2017-die-gewinner\/#primaryimage"},"image":{"@id":"https:\/\/www.organisator.ch\/de\/allgemein\/2017-06-20\/startup-wettbewerb-venture-2017-die-gewinner\/#primaryimage"},"thumbnailUrl":"https:\/\/www.organisator.ch\/wp-content\/uploads\/2017\/06\/Startup-Wettbewerb-venture-2017-Die-Gewinner-1_Organisator.jpg","datePublished":"2017-06-20T06:01:57+00:00","description":"&gt;&gt;venture&gt;&gt;, il pi\u00f9 importante concorso per start-up in Svizzera, ha premiato i vincitori di quest'anno il 19 giugno.","breadcrumb":{"@id":"https:\/\/www.organisator.ch\/de\/allgemein\/2017-06-20\/startup-wettbewerb-venture-2017-die-gewinner\/#breadcrumb"},"inLanguage":"it-IT","potentialAction":[{"@type":"ReadAction","target":["https:\/\/www.organisator.ch\/de\/allgemein\/2017-06-20\/startup-wettbewerb-venture-2017-die-gewinner\/"]}]},{"@type":"ImageObject","inLanguage":"it-IT","@id":"https:\/\/www.organisator.ch\/de\/allgemein\/2017-06-20\/startup-wettbewerb-venture-2017-die-gewinner\/#primaryimage","url":"https:\/\/www.organisator.ch\/wp-content\/uploads\/2017\/06\/Startup-Wettbewerb-venture-2017-Die-Gewinner-1_Organisator.jpg","contentUrl":"https:\/\/www.organisator.ch\/wp-content\/uploads\/2017\/06\/Startup-Wettbewerb-venture-2017-Die-Gewinner-1_Organisator.jpg","width":640,"height":427,"caption":"Lumigbo gewinnt am Startup-Wettbewerb >>venture>> den ersten Preis f\u00fcr den besten Gesch\u00e4ftsplan. Im Bild: Andreas Schmocker (Mitte) und Bundesrat Johann Schneider-Ammann. (Foto: >>venture>>)"},{"@type":"BreadcrumbList","@id":"https:\/\/www.organisator.ch\/de\/allgemein\/2017-06-20\/startup-wettbewerb-venture-2017-die-gewinner\/#breadcrumb","itemListElement":[{"@type":"ListItem","position":1,"name":"Home","item":"https:\/\/www.organisator.ch\/"},{"@type":"ListItem","position":2,"name":"Startup-Wettbewerb >>venture>> 2017: Die Gewinner"}]},{"@type":"WebSite","@id":"https:\/\/www.organisator.ch\/#website","url":"https:\/\/www.organisator.ch\/","name":"Organizzatore","description":"Competente. Pratico. In 10 numeri all'anno, ORGANISATOR presenta i temi essenziali per i manager delle PMI.","publisher":{"@id":"https:\/\/www.organisator.ch\/#organization"},"potentialAction":[{"@type":"SearchAction","target":{"@type":"EntryPoint","urlTemplate":"https:\/\/www.organisator.ch\/?s={search_term_string}"},"query-input":{"@type":"PropertyValueSpecification","valueRequired":true,"valueName":"search_term_string"}}],"inLanguage":"it-IT"},{"@type":"Organization","@id":"https:\/\/www.organisator.ch\/#organization","name":"Organizzatore","url":"https:\/\/www.organisator.ch\/","logo":{"@type":"ImageObject","inLanguage":"it-IT","@id":"https:\/\/www.organisator.ch\/#\/schema\/logo\/image\/","url":"https:\/\/www.organisator.ch\/wp-content\/uploads\/2022\/01\/Logo_Organisator_Website.png","contentUrl":"https:\/\/www.organisator.ch\/wp-content\/uploads\/2022\/01\/Logo_Organisator_Website.png","width":800,"height":77,"caption":"Organisator"},"image":{"@id":"https:\/\/www.organisator.ch\/#\/schema\/logo\/image\/"},"sameAs":["https:\/\/www.facebook.com\/OrganisatorFachmagazin","https:\/\/www.linkedin.com\/showcase\/organisator-das-magazin-fr-kmu","https:\/\/www.xing.com\/news\/pages\/organisator-ch-695","https:\/\/www.youtube.com\/channel\/UCGP2Sq0iWaZwT3BdIAQFYpw"]},{"@type":"Person","@id":"https:\/\/www.organisator.ch\/#\/schema\/person\/6f650f90b2842cd4c0cc334b4e36f67e","name":"Tommaso.berner","image":{"@type":"ImageObject","inLanguage":"it-IT","@id":"https:\/\/secure.gravatar.com\/avatar\/ac5001d2a36cb6c6cd3e50789007ffca834b477b74a2144564522e944eabff61?s=96&d=mm&r=g","url":"https:\/\/secure.gravatar.com\/avatar\/ac5001d2a36cb6c6cd3e50789007ffca834b477b74a2144564522e944eabff61?s=96&d=mm&r=g","contentUrl":"https:\/\/secure.gravatar.com\/avatar\/ac5001d2a36cb6c6cd3e50789007ffca834b477b74a2144564522e944eabff61?s=96&d=mm&r=g","caption":"thomas.berner"},"url":"https:\/\/www.organisator.ch\/it\/author\/thomas-berner\/"}]}},"_links":{"self":[{"href":"https:\/\/www.organisator.ch\/it\/wp-json\/wp\/v2\/posts\/2081","targetHints":{"allow":["GET"]}}],"collection":[{"href":"https:\/\/www.organisator.ch\/it\/wp-json\/wp\/v2\/posts"}],"about":[{"href":"https:\/\/www.organisator.ch\/it\/wp-json\/wp\/v2\/types\/post"}],"author":[{"embeddable":true,"href":"https:\/\/www.organisator.ch\/it\/wp-json\/wp\/v2\/users\/4"}],"replies":[{"embeddable":true,"href":"https:\/\/www.organisator.ch\/it\/wp-json\/wp\/v2\/comments?post=2081"}],"version-history":[{"count":0,"href":"https:\/\/www.organisator.ch\/it\/wp-json\/wp\/v2\/posts\/2081\/revisions"}],"wp:featuredmedia":[{"embeddable":true,"href":"https:\/\/www.organisator.ch\/it\/wp-json\/wp\/v2\/media\/2083"}],"wp:attachment":[{"href":"https:\/\/www.organisator.ch\/it\/wp-json\/wp\/v2\/media?parent=2081"}],"wp:term":[{"taxonomy":"category","embeddable":true,"href":"https:\/\/www.organisator.ch\/it\/wp-json\/wp\/v2\/categories?post=2081"},{"taxonomy":"post_tag","embeddable":true,"href":"https:\/\/www.organisator.ch\/it\/wp-json\/wp\/v2\/tags?post=2081"}],"curies":[{"name":"wp","href":"https:\/\/api.w.org\/{rel}","templated":true}]}}