{"id":20869,"date":"2023-06-28T01:17:34","date_gmt":"2023-06-27T23:17:34","guid":{"rendered":"https:\/\/www.organisator.ch\/?p=20869"},"modified":"2023-07-24T17:18:45","modified_gmt":"2023-07-24T15:18:45","slug":"haben-sie-zu-viele-entschuldigungen","status":"publish","type":"post","link":"https:\/\/www.organisator.ch\/it\/management\/2023-06-28\/haben-sie-zu-viele-entschuldigungen\/","title":{"rendered":"Avete troppe scuse?"},"content":{"rendered":"<figure id=\"attachment_20870\" aria-describedby=\"caption-attachment-20870\" style=\"width: 680px\" class=\"wp-caption alignnone\"><img loading=\"lazy\" decoding=\"async\" class=\"size-full wp-image-20870\" src=\"https:\/\/www.organisator.ch\/wp-content\/uploads\/2023\/06\/Haben-Sie-zu-viele-Entschuldigungen_Organisator.jpg\" alt=\"\" width=\"680\" height=\"510\" srcset=\"https:\/\/www.organisator.ch\/wp-content\/uploads\/2023\/06\/Haben-Sie-zu-viele-Entschuldigungen_Organisator.jpg 680w, https:\/\/www.organisator.ch\/wp-content\/uploads\/2023\/06\/Haben-Sie-zu-viele-Entschuldigungen_Organisator-16x12.jpg 16w, https:\/\/www.organisator.ch\/wp-content\/uploads\/2023\/06\/Haben-Sie-zu-viele-Entschuldigungen_Organisator-375x281.jpg 375w, https:\/\/www.organisator.ch\/wp-content\/uploads\/2023\/06\/Haben-Sie-zu-viele-Entschuldigungen_Organisator-467x350.jpg 467w\" sizes=\"auto, (max-width: 680px) 100vw, 680px\" \/><figcaption id=\"caption-attachment-20870\" class=\"wp-caption-text\">Risultati invece di scuse: Un impulso al successo contro le scuse frequenti. (Immagine: Pixabay.com)<\/figcaption><\/figure>\n<p>Troppo spesso sento dire, anche dai top manager, che non sono in grado di attuare il cambiamento. Ma dimentichiamo una cosa: siamo tutti incredibilmente potenti. Nella stragrande maggioranza dei casi, non siamo vittime ma artefici delle circostanze e del nostro comportamento.<\/p>\n<p>Naturalmente ci sono diverse posizioni di partenza (anche \"ingiuste\") nella vita. Ma da l\u00ec in poi abbiamo tutto nelle nostre mani, a patto di non cercare scuse. Possiamo quasi sempre determinare le nostre decisioni e le nostre azioni - e sicuramente sempre la nostra reazione. Che cosa ha a che fare questo con la leadership e il successo di un team? Molto! Perch\u00e9 \u00e8 possibile far progredire il team solo se le persone concentrano la loro energia nel dare forma invece di scusarsi. Per fare questo, ovviamente, dobbiamo prima riconoscere dove appaiono ovunque le scuse invece della volont\u00e0 di creare. Ecco tre aree tipiche di scuse che impediscono a voi e al vostro team un maggiore successo:<\/p>\n<h3><strong>Scuse n. 1: \"Non posso perch\u00e9...<\/strong><strong>\u201e<\/strong><\/h3>\n<p>Questa affermazione si sente dire in tutte le varianti. In genere, la colpa \u00e8 di altre persone, di altri reparti, di strumenti, di regolamenti e cos\u00ec via.<\/p>\n<p>L'ho visto pi\u00f9 volte: coloro che ottengono risultati significativamente superiori alla media, anche in circostanze difficili, si pongono una domanda diversa: \"Cosa posso fare ora da dove sono, con quello che ho?\".<\/p>\n<p>Qualcosa \u00e8 sempre possibile. Lo diciamo a noi stessi per la maggior parte delle barriere. E questi apparenti ostacoli diventano poi un'abitudine.<\/p>\n<h3><strong>Scuse n. 2: \"Qui funziona diversamente\".<\/strong><\/h3>\n<p>Anche questa scusa \u00e8 molto diffusa. Nella maggior parte dei casi, si tratta di un'affermazione non dichiarata. Si fa capire a se stessi e agli altri che le cose devono svolgersi secondo uno schema ben preciso. La mia domanda allora \u00e8 sempre: \"Davvero? Chi lo dice? E perch\u00e9?\".<\/p>\n<p>Perch\u00e9 tutte queste sono semplicemente determinazioni che possono essere cambiate di nuovo. Una buona domanda da porsi \u00e8: \"Cosa succede se lo faccio ora? Molte regole e abitudini valgono la pena di essere infrante o almeno messe alla prova se le cose non vanno bene.<\/p>\n<h3><strong>Scuse n. 3: \"Io non sono cos\u00ec!\".<\/strong><\/h3>\n<p>Questo \u00e8 il classico che pi\u00f9 ci impedisce di andare avanti: \"\u00c8 solo il mio modo di essere\" non \u00e8 altro che una scusa per me stesso che non devo fare nulla ora. Di solito si tratta di un'abitudine profondamente radicata.<\/p>\n<p>Perch\u00e9: chi stabilisce come sono? Gli altri o io? Certo: siete voi stessi a determinare come siete. Nessun altro. Questo fatto lo rende sgradevole per molti. Perch\u00e9 ora ho la piena responsabilit\u00e0 di me stesso - con tutti i lati oscuri.<\/p>\n<p>Importante: se voglio, posso cambiare le mie convinzioni su di me in qualsiasi momento. Di solito non \u00e8 facile, ma \u00e8 sempre possibile.<\/p>\n<p><strong>Conclusione: <\/strong>Se riuscite a smascherare queste tre scuse tipiche di voi stessi e del vostro team, potete fare un grande passo avanti.<\/p>\n<p>&nbsp;<\/p>\n<p><i><strong>All'autore:<\/strong><br \/>\n<\/i><em>Volkmar V\u00f6lzke \u00e8 un massimizzatore di successi. Autore del libro. Consulente. Allenatore. Altoparlante.\u00a0<a href=\"http:\/\/www.volkmarvoelzke.ch\/\">www.volkmarvoelzke.ch<\/a><\/em><\/p>","protected":false},"excerpt":{"rendered":"<p>Le persone hanno posizioni di partenza diverse nella vita. Ma hanno la possibilit\u00e0 di trarre il meglio da essa e di attuare dei cambiamenti, se non continuassero a trovare delle scuse...<\/p>","protected":false},"author":4,"featured_media":20870,"comment_status":"closed","ping_status":"closed","sticky":false,"template":"","format":"standard","meta":{"_acf_changed":false,"_yoast_wpseo_focuskw":"Entschuldigungen","_yoast_wpseo_metadesc":"Menschen haben es selbst in der Hand, Ver\u00e4nderungen umzusetzen - wenn sie daf\u00fcr nicht immer wieder Entschuldigungen vorschieben w\u00fcrden...","articlekey":"","footnotes":""},"categories":[28],"tags":[177,335,429],"class_list":["post-20869","post","type-post","status-publish","format-standard","has-post-thumbnail","hentry","category-management","tag-erfolgs-impuls","tag-management-und-unternehmensfuehrung","tag-selbstmanagement"],"acf":[],"yoast_head":"<!-- This site is optimized with the Yoast SEO plugin v27.5 - https:\/\/yoast.com\/product\/yoast-seo-wordpress\/ -->\n<title>Haben Sie zu viele Entschuldigungen? - Organisator<\/title>\n<meta name=\"description\" content=\"Menschen haben es selbst in der Hand, Ver\u00e4nderungen umzusetzen - wenn sie daf\u00fcr nicht immer wieder Entschuldigungen vorschieben w\u00fcrden...\" \/>\n<meta name=\"robots\" content=\"index, follow, max-snippet:-1, max-image-preview:large, max-video-preview:-1\" \/>\n<link rel=\"canonical\" href=\"https:\/\/www.organisator.ch\/it\/gestione-2\/2023-06-28\/haben-sie-zu-viele-entschuldigungen\/\" \/>\n<meta property=\"og:locale\" content=\"it_IT\" \/>\n<meta property=\"og:type\" content=\"article\" \/>\n<meta property=\"og:title\" content=\"Haben Sie zu viele Entschuldigungen?\" \/>\n<meta property=\"og:description\" content=\"Menschen haben es selbst in der Hand, Ver\u00e4nderungen umzusetzen - wenn sie daf\u00fcr nicht immer wieder Entschuldigungen vorschieben w\u00fcrden...\" \/>\n<meta property=\"og:url\" content=\"https:\/\/www.organisator.ch\/it\/gestione-2\/2023-06-28\/haben-sie-zu-viele-entschuldigungen\/\" \/>\n<meta property=\"og:site_name\" content=\"Organisator\" \/>\n<meta property=\"article:publisher\" content=\"https:\/\/www.facebook.com\/OrganisatorFachmagazin\" \/>\n<meta property=\"article:published_time\" content=\"2023-06-27T23:17:34+00:00\" \/>\n<meta property=\"article:modified_time\" content=\"2023-07-24T15:18:45+00:00\" \/>\n<meta property=\"og:image\" content=\"https:\/\/www.organisator.ch\/wp-content\/uploads\/2023\/06\/Haben-Sie-zu-viele-Entschuldigungen_Organisator.jpg\" \/>\n\t<meta property=\"og:image:width\" content=\"680\" \/>\n\t<meta property=\"og:image:height\" content=\"510\" \/>\n\t<meta property=\"og:image:type\" content=\"image\/jpeg\" \/>\n<meta name=\"author\" content=\"thomas.berner\" \/>\n<meta name=\"twitter:card\" content=\"summary_large_image\" \/>\n<meta name=\"twitter:title\" content=\"Haben Sie zu viele #Entschuldigungen?\" \/>\n<meta name=\"twitter:description\" content=\"#Menschen haben es selbst in der Hand, #Ver\u00e4nderungen umzusetzen - wenn sie daf\u00fcr nicht immer wieder #Entschuldigungen vorschieben w\u00fcrden...\" \/>\n<meta name=\"twitter:image\" content=\"https:\/\/www.organisator.ch\/wp-content\/uploads\/2023\/06\/Haben-Sie-zu-viele-Entschuldigungen_Organisator.jpg\" \/>\n<script type=\"application\/ld+json\" class=\"yoast-schema-graph\">{\"@context\":\"https:\\\/\\\/schema.org\",\"@graph\":[{\"@type\":\"Article\",\"@id\":\"https:\\\/\\\/www.organisator.ch\\\/management\\\/2023-06-28\\\/haben-sie-zu-viele-entschuldigungen\\\/#article\",\"isPartOf\":{\"@id\":\"https:\\\/\\\/www.organisator.ch\\\/management\\\/2023-06-28\\\/haben-sie-zu-viele-entschuldigungen\\\/\"},\"author\":{\"name\":\"thomas.berner\",\"@id\":\"https:\\\/\\\/www.organisator.ch\\\/#\\\/schema\\\/person\\\/6f650f90b2842cd4c0cc334b4e36f67e\"},\"headline\":\"Haben Sie zu viele Entschuldigungen?\",\"datePublished\":\"2023-06-27T23:17:34+00:00\",\"dateModified\":\"2023-07-24T15:18:45+00:00\",\"mainEntityOfPage\":{\"@id\":\"https:\\\/\\\/www.organisator.ch\\\/management\\\/2023-06-28\\\/haben-sie-zu-viele-entschuldigungen\\\/\"},\"wordCount\":503,\"publisher\":{\"@id\":\"https:\\\/\\\/www.organisator.ch\\\/#organization\"},\"image\":{\"@id\":\"https:\\\/\\\/www.organisator.ch\\\/management\\\/2023-06-28\\\/haben-sie-zu-viele-entschuldigungen\\\/#primaryimage\"},\"thumbnailUrl\":\"https:\\\/\\\/www.organisator.ch\\\/wp-content\\\/uploads\\\/2023\\\/06\\\/Haben-Sie-zu-viele-Entschuldigungen_Organisator.jpg\",\"keywords\":[\"Erfolgs-Impuls\",\"Management und Unternehmensf\u00fchrung\",\"Selbstmanagement\"],\"articleSection\":[\"MANAGEMENT\"],\"inLanguage\":\"it-IT\"},{\"@type\":\"WebPage\",\"@id\":\"https:\\\/\\\/www.organisator.ch\\\/management\\\/2023-06-28\\\/haben-sie-zu-viele-entschuldigungen\\\/\",\"url\":\"https:\\\/\\\/www.organisator.ch\\\/management\\\/2023-06-28\\\/haben-sie-zu-viele-entschuldigungen\\\/\",\"name\":\"Haben Sie zu viele Entschuldigungen? - Organisator\",\"isPartOf\":{\"@id\":\"https:\\\/\\\/www.organisator.ch\\\/#website\"},\"primaryImageOfPage\":{\"@id\":\"https:\\\/\\\/www.organisator.ch\\\/management\\\/2023-06-28\\\/haben-sie-zu-viele-entschuldigungen\\\/#primaryimage\"},\"image\":{\"@id\":\"https:\\\/\\\/www.organisator.ch\\\/management\\\/2023-06-28\\\/haben-sie-zu-viele-entschuldigungen\\\/#primaryimage\"},\"thumbnailUrl\":\"https:\\\/\\\/www.organisator.ch\\\/wp-content\\\/uploads\\\/2023\\\/06\\\/Haben-Sie-zu-viele-Entschuldigungen_Organisator.jpg\",\"datePublished\":\"2023-06-27T23:17:34+00:00\",\"dateModified\":\"2023-07-24T15:18:45+00:00\",\"description\":\"Menschen haben es selbst in der Hand, Ver\u00e4nderungen umzusetzen - wenn sie daf\u00fcr nicht immer wieder Entschuldigungen vorschieben w\u00fcrden...\",\"breadcrumb\":{\"@id\":\"https:\\\/\\\/www.organisator.ch\\\/management\\\/2023-06-28\\\/haben-sie-zu-viele-entschuldigungen\\\/#breadcrumb\"},\"inLanguage\":\"it-IT\",\"potentialAction\":[{\"@type\":\"ReadAction\",\"target\":[\"https:\\\/\\\/www.organisator.ch\\\/management\\\/2023-06-28\\\/haben-sie-zu-viele-entschuldigungen\\\/\"]}]},{\"@type\":\"ImageObject\",\"inLanguage\":\"it-IT\",\"@id\":\"https:\\\/\\\/www.organisator.ch\\\/management\\\/2023-06-28\\\/haben-sie-zu-viele-entschuldigungen\\\/#primaryimage\",\"url\":\"https:\\\/\\\/www.organisator.ch\\\/wp-content\\\/uploads\\\/2023\\\/06\\\/Haben-Sie-zu-viele-Entschuldigungen_Organisator.jpg\",\"contentUrl\":\"https:\\\/\\\/www.organisator.ch\\\/wp-content\\\/uploads\\\/2023\\\/06\\\/Haben-Sie-zu-viele-Entschuldigungen_Organisator.jpg\",\"width\":680,\"height\":510,\"caption\":\"Resultate statt Entschuldigungen: Ein Erfolgs-Impuls gegen h\u00e4ufige Ausreden. (Bild: Pixabay.com)\"},{\"@type\":\"BreadcrumbList\",\"@id\":\"https:\\\/\\\/www.organisator.ch\\\/management\\\/2023-06-28\\\/haben-sie-zu-viele-entschuldigungen\\\/#breadcrumb\",\"itemListElement\":[{\"@type\":\"ListItem\",\"position\":1,\"name\":\"Home\",\"item\":\"https:\\\/\\\/www.organisator.ch\\\/\"},{\"@type\":\"ListItem\",\"position\":2,\"name\":\"Haben Sie zu viele Entschuldigungen?\"}]},{\"@type\":\"WebSite\",\"@id\":\"https:\\\/\\\/www.organisator.ch\\\/#website\",\"url\":\"https:\\\/\\\/www.organisator.ch\\\/\",\"name\":\"Organisator\",\"description\":\"Kompetent. Praxisnah. Der ORGANISATOR bereitet in 10 Ausgaben pro Jahr die wesentlichen Themen f\u00fcr F\u00fchrungskr\u00e4fte von KMU auf.\",\"publisher\":{\"@id\":\"https:\\\/\\\/www.organisator.ch\\\/#organization\"},\"potentialAction\":[{\"@type\":\"SearchAction\",\"target\":{\"@type\":\"EntryPoint\",\"urlTemplate\":\"https:\\\/\\\/www.organisator.ch\\\/?s={search_term_string}\"},\"query-input\":{\"@type\":\"PropertyValueSpecification\",\"valueRequired\":true,\"valueName\":\"search_term_string\"}}],\"inLanguage\":\"it-IT\"},{\"@type\":\"Organization\",\"@id\":\"https:\\\/\\\/www.organisator.ch\\\/#organization\",\"name\":\"Organisator\",\"url\":\"https:\\\/\\\/www.organisator.ch\\\/\",\"logo\":{\"@type\":\"ImageObject\",\"inLanguage\":\"it-IT\",\"@id\":\"https:\\\/\\\/www.organisator.ch\\\/#\\\/schema\\\/logo\\\/image\\\/\",\"url\":\"https:\\\/\\\/www.organisator.ch\\\/wp-content\\\/uploads\\\/2022\\\/01\\\/Logo_Organisator_Website.png\",\"contentUrl\":\"https:\\\/\\\/www.organisator.ch\\\/wp-content\\\/uploads\\\/2022\\\/01\\\/Logo_Organisator_Website.png\",\"width\":800,\"height\":77,\"caption\":\"Organisator\"},\"image\":{\"@id\":\"https:\\\/\\\/www.organisator.ch\\\/#\\\/schema\\\/logo\\\/image\\\/\"},\"sameAs\":[\"https:\\\/\\\/www.facebook.com\\\/OrganisatorFachmagazin\",\"https:\\\/\\\/www.linkedin.com\\\/showcase\\\/organisator-das-magazin-fr-kmu\",\"https:\\\/\\\/www.xing.com\\\/news\\\/pages\\\/organisator-ch-695\",\"https:\\\/\\\/www.youtube.com\\\/channel\\\/UCGP2Sq0iWaZwT3BdIAQFYpw\"]},{\"@type\":\"Person\",\"@id\":\"https:\\\/\\\/www.organisator.ch\\\/#\\\/schema\\\/person\\\/6f650f90b2842cd4c0cc334b4e36f67e\",\"name\":\"thomas.berner\",\"image\":{\"@type\":\"ImageObject\",\"inLanguage\":\"it-IT\",\"@id\":\"https:\\\/\\\/secure.gravatar.com\\\/avatar\\\/ac5001d2a36cb6c6cd3e50789007ffca834b477b74a2144564522e944eabff61?s=96&d=mm&r=g\",\"url\":\"https:\\\/\\\/secure.gravatar.com\\\/avatar\\\/ac5001d2a36cb6c6cd3e50789007ffca834b477b74a2144564522e944eabff61?s=96&d=mm&r=g\",\"contentUrl\":\"https:\\\/\\\/secure.gravatar.com\\\/avatar\\\/ac5001d2a36cb6c6cd3e50789007ffca834b477b74a2144564522e944eabff61?s=96&d=mm&r=g\",\"caption\":\"thomas.berner\"},\"url\":\"https:\\\/\\\/www.organisator.ch\\\/it\\\/author\\\/thomas-berner\\\/\"}]}<\/script>\n<!-- \/ Yoast SEO plugin. -->","yoast_head_json":{"title":"Avete troppe scuse? - Organizzatore","description":"Le persone hanno la possibilit\u00e0 di attuare il cambiamento, se non trovassero sempre delle scuse per farlo...","robots":{"index":"index","follow":"follow","max-snippet":"max-snippet:-1","max-image-preview":"max-image-preview:large","max-video-preview":"max-video-preview:-1"},"canonical":"https:\/\/www.organisator.ch\/it\/gestione-2\/2023-06-28\/haben-sie-zu-viele-entschuldigungen\/","og_locale":"it_IT","og_type":"article","og_title":"Haben Sie zu viele Entschuldigungen?","og_description":"Menschen haben es selbst in der Hand, Ver\u00e4nderungen umzusetzen - wenn sie daf\u00fcr nicht immer wieder Entschuldigungen vorschieben w\u00fcrden...","og_url":"https:\/\/www.organisator.ch\/it\/gestione-2\/2023-06-28\/haben-sie-zu-viele-entschuldigungen\/","og_site_name":"Organisator","article_publisher":"https:\/\/www.facebook.com\/OrganisatorFachmagazin","article_published_time":"2023-06-27T23:17:34+00:00","article_modified_time":"2023-07-24T15:18:45+00:00","og_image":[{"width":680,"height":510,"url":"https:\/\/www.organisator.ch\/wp-content\/uploads\/2023\/06\/Haben-Sie-zu-viele-Entschuldigungen_Organisator.jpg","type":"image\/jpeg"}],"author":"thomas.berner","twitter_card":"summary_large_image","twitter_title":"Haben Sie zu viele #Entschuldigungen?","twitter_description":"#Menschen haben es selbst in der Hand, #Ver\u00e4nderungen umzusetzen - wenn sie daf\u00fcr nicht immer wieder #Entschuldigungen vorschieben w\u00fcrden...","twitter_image":"https:\/\/www.organisator.ch\/wp-content\/uploads\/2023\/06\/Haben-Sie-zu-viele-Entschuldigungen_Organisator.jpg","schema":{"@context":"https:\/\/schema.org","@graph":[{"@type":"Article","@id":"https:\/\/www.organisator.ch\/management\/2023-06-28\/haben-sie-zu-viele-entschuldigungen\/#article","isPartOf":{"@id":"https:\/\/www.organisator.ch\/management\/2023-06-28\/haben-sie-zu-viele-entschuldigungen\/"},"author":{"name":"thomas.berner","@id":"https:\/\/www.organisator.ch\/#\/schema\/person\/6f650f90b2842cd4c0cc334b4e36f67e"},"headline":"Haben Sie zu viele Entschuldigungen?","datePublished":"2023-06-27T23:17:34+00:00","dateModified":"2023-07-24T15:18:45+00:00","mainEntityOfPage":{"@id":"https:\/\/www.organisator.ch\/management\/2023-06-28\/haben-sie-zu-viele-entschuldigungen\/"},"wordCount":503,"publisher":{"@id":"https:\/\/www.organisator.ch\/#organization"},"image":{"@id":"https:\/\/www.organisator.ch\/management\/2023-06-28\/haben-sie-zu-viele-entschuldigungen\/#primaryimage"},"thumbnailUrl":"https:\/\/www.organisator.ch\/wp-content\/uploads\/2023\/06\/Haben-Sie-zu-viele-Entschuldigungen_Organisator.jpg","keywords":["Erfolgs-Impuls","Management und Unternehmensf\u00fchrung","Selbstmanagement"],"articleSection":["MANAGEMENT"],"inLanguage":"it-IT"},{"@type":"WebPage","@id":"https:\/\/www.organisator.ch\/management\/2023-06-28\/haben-sie-zu-viele-entschuldigungen\/","url":"https:\/\/www.organisator.ch\/management\/2023-06-28\/haben-sie-zu-viele-entschuldigungen\/","name":"Avete troppe scuse? - Organizzatore","isPartOf":{"@id":"https:\/\/www.organisator.ch\/#website"},"primaryImageOfPage":{"@id":"https:\/\/www.organisator.ch\/management\/2023-06-28\/haben-sie-zu-viele-entschuldigungen\/#primaryimage"},"image":{"@id":"https:\/\/www.organisator.ch\/management\/2023-06-28\/haben-sie-zu-viele-entschuldigungen\/#primaryimage"},"thumbnailUrl":"https:\/\/www.organisator.ch\/wp-content\/uploads\/2023\/06\/Haben-Sie-zu-viele-Entschuldigungen_Organisator.jpg","datePublished":"2023-06-27T23:17:34+00:00","dateModified":"2023-07-24T15:18:45+00:00","description":"Le persone hanno la possibilit\u00e0 di attuare il cambiamento, se non trovassero sempre delle scuse per farlo...","breadcrumb":{"@id":"https:\/\/www.organisator.ch\/management\/2023-06-28\/haben-sie-zu-viele-entschuldigungen\/#breadcrumb"},"inLanguage":"it-IT","potentialAction":[{"@type":"ReadAction","target":["https:\/\/www.organisator.ch\/management\/2023-06-28\/haben-sie-zu-viele-entschuldigungen\/"]}]},{"@type":"ImageObject","inLanguage":"it-IT","@id":"https:\/\/www.organisator.ch\/management\/2023-06-28\/haben-sie-zu-viele-entschuldigungen\/#primaryimage","url":"https:\/\/www.organisator.ch\/wp-content\/uploads\/2023\/06\/Haben-Sie-zu-viele-Entschuldigungen_Organisator.jpg","contentUrl":"https:\/\/www.organisator.ch\/wp-content\/uploads\/2023\/06\/Haben-Sie-zu-viele-Entschuldigungen_Organisator.jpg","width":680,"height":510,"caption":"Resultate statt Entschuldigungen: Ein Erfolgs-Impuls gegen h\u00e4ufige Ausreden. (Bild: Pixabay.com)"},{"@type":"BreadcrumbList","@id":"https:\/\/www.organisator.ch\/management\/2023-06-28\/haben-sie-zu-viele-entschuldigungen\/#breadcrumb","itemListElement":[{"@type":"ListItem","position":1,"name":"Home","item":"https:\/\/www.organisator.ch\/"},{"@type":"ListItem","position":2,"name":"Haben Sie zu viele Entschuldigungen?"}]},{"@type":"WebSite","@id":"https:\/\/www.organisator.ch\/#website","url":"https:\/\/www.organisator.ch\/","name":"Organizzatore","description":"Competente. Pratico. In 10 numeri all'anno, ORGANISATOR presenta i temi essenziali per i manager delle PMI.","publisher":{"@id":"https:\/\/www.organisator.ch\/#organization"},"potentialAction":[{"@type":"SearchAction","target":{"@type":"EntryPoint","urlTemplate":"https:\/\/www.organisator.ch\/?s={search_term_string}"},"query-input":{"@type":"PropertyValueSpecification","valueRequired":true,"valueName":"search_term_string"}}],"inLanguage":"it-IT"},{"@type":"Organization","@id":"https:\/\/www.organisator.ch\/#organization","name":"Organizzatore","url":"https:\/\/www.organisator.ch\/","logo":{"@type":"ImageObject","inLanguage":"it-IT","@id":"https:\/\/www.organisator.ch\/#\/schema\/logo\/image\/","url":"https:\/\/www.organisator.ch\/wp-content\/uploads\/2022\/01\/Logo_Organisator_Website.png","contentUrl":"https:\/\/www.organisator.ch\/wp-content\/uploads\/2022\/01\/Logo_Organisator_Website.png","width":800,"height":77,"caption":"Organisator"},"image":{"@id":"https:\/\/www.organisator.ch\/#\/schema\/logo\/image\/"},"sameAs":["https:\/\/www.facebook.com\/OrganisatorFachmagazin","https:\/\/www.linkedin.com\/showcase\/organisator-das-magazin-fr-kmu","https:\/\/www.xing.com\/news\/pages\/organisator-ch-695","https:\/\/www.youtube.com\/channel\/UCGP2Sq0iWaZwT3BdIAQFYpw"]},{"@type":"Person","@id":"https:\/\/www.organisator.ch\/#\/schema\/person\/6f650f90b2842cd4c0cc334b4e36f67e","name":"Tommaso.berner","image":{"@type":"ImageObject","inLanguage":"it-IT","@id":"https:\/\/secure.gravatar.com\/avatar\/ac5001d2a36cb6c6cd3e50789007ffca834b477b74a2144564522e944eabff61?s=96&d=mm&r=g","url":"https:\/\/secure.gravatar.com\/avatar\/ac5001d2a36cb6c6cd3e50789007ffca834b477b74a2144564522e944eabff61?s=96&d=mm&r=g","contentUrl":"https:\/\/secure.gravatar.com\/avatar\/ac5001d2a36cb6c6cd3e50789007ffca834b477b74a2144564522e944eabff61?s=96&d=mm&r=g","caption":"thomas.berner"},"url":"https:\/\/www.organisator.ch\/it\/author\/thomas-berner\/"}]}},"_links":{"self":[{"href":"https:\/\/www.organisator.ch\/it\/wp-json\/wp\/v2\/posts\/20869","targetHints":{"allow":["GET"]}}],"collection":[{"href":"https:\/\/www.organisator.ch\/it\/wp-json\/wp\/v2\/posts"}],"about":[{"href":"https:\/\/www.organisator.ch\/it\/wp-json\/wp\/v2\/types\/post"}],"author":[{"embeddable":true,"href":"https:\/\/www.organisator.ch\/it\/wp-json\/wp\/v2\/users\/4"}],"replies":[{"embeddable":true,"href":"https:\/\/www.organisator.ch\/it\/wp-json\/wp\/v2\/comments?post=20869"}],"version-history":[{"count":1,"href":"https:\/\/www.organisator.ch\/it\/wp-json\/wp\/v2\/posts\/20869\/revisions"}],"predecessor-version":[{"id":20871,"href":"https:\/\/www.organisator.ch\/it\/wp-json\/wp\/v2\/posts\/20869\/revisions\/20871"}],"wp:featuredmedia":[{"embeddable":true,"href":"https:\/\/www.organisator.ch\/it\/wp-json\/wp\/v2\/media\/20870"}],"wp:attachment":[{"href":"https:\/\/www.organisator.ch\/it\/wp-json\/wp\/v2\/media?parent=20869"}],"wp:term":[{"taxonomy":"category","embeddable":true,"href":"https:\/\/www.organisator.ch\/it\/wp-json\/wp\/v2\/categories?post=20869"},{"taxonomy":"post_tag","embeddable":true,"href":"https:\/\/www.organisator.ch\/it\/wp-json\/wp\/v2\/tags?post=20869"}],"curies":[{"name":"wp","href":"https:\/\/api.w.org\/{rel}","templated":true}]}}