{"id":20933,"date":"2023-07-04T13:42:17","date_gmt":"2023-07-04T11:42:17","guid":{"rendered":"https:\/\/www.organisator.ch\/?p=20933"},"modified":"2023-07-28T08:14:33","modified_gmt":"2023-07-28T06:14:33","slug":"klimastiftung-schweiz-feiert-ihr-15-jahr-jubilaeum","status":"publish","type":"post","link":"https:\/\/www.organisator.ch\/it\/sustainability\/2023-07-04\/klimastiftung-schweiz-feiert-ihr-15-jahr-jubilaeum\/","title":{"rendered":"La Fondazione per il clima Svizzera festeggia il suo 15\u00b0 anniversario"},"content":{"rendered":"<figure id=\"attachment_20934\" aria-describedby=\"caption-attachment-20934\" style=\"width: 680px\" class=\"wp-caption alignnone\"><img loading=\"lazy\" decoding=\"async\" class=\"size-full wp-image-20934\" src=\"https:\/\/www.organisator.ch\/wp-content\/uploads\/2023\/07\/Klimastiftung-Schweiz-feiert-ihr-15-Jahr-Jubilaeum-1_Organisator.jpg\" alt=\"\" width=\"680\" height=\"510\" srcset=\"https:\/\/www.organisator.ch\/wp-content\/uploads\/2023\/07\/Klimastiftung-Schweiz-feiert-ihr-15-Jahr-Jubilaeum-1_Organisator.jpg 680w, https:\/\/www.organisator.ch\/wp-content\/uploads\/2023\/07\/Klimastiftung-Schweiz-feiert-ihr-15-Jahr-Jubilaeum-1_Organisator-16x12.jpg 16w, https:\/\/www.organisator.ch\/wp-content\/uploads\/2023\/07\/Klimastiftung-Schweiz-feiert-ihr-15-Jahr-Jubilaeum-1_Organisator-375x281.jpg 375w, https:\/\/www.organisator.ch\/wp-content\/uploads\/2023\/07\/Klimastiftung-Schweiz-feiert-ihr-15-Jahr-Jubilaeum-1_Organisator-467x350.jpg 467w\" sizes=\"auto, (max-width: 680px) 100vw, 680px\" \/><figcaption id=\"caption-attachment-20934\" class=\"wp-caption-text\">Nata il 4 luglio per un futuro pi\u00f9 verde: dal 2008, la Fondazione svizzera per il clima ha sostenuto oltre 2300 PMI. (Immagine: Pixabay.com)<\/figcaption><\/figure>\n<p>Dalla sua istituzione nel 2008, la Fondazione per il clima ha erogato sussidi per oltre 37 milioni di franchi svizzeri a pi\u00f9 di 2.300 PMI in Svizzera e nel Principato del Liechtenstein. \"Il <a href=\"https:\/\/www.organisator.ch\/de\/allgemein\/2018-07-03\/die-klimastiftung-schweiz-feiert-10-jahr-jubilaeum\/\">La Fondazione per il Clima \u00e8 un modello di successo<\/a>\", sottolinea l'amministratore delegato Vincent Eckert, che ricopre questa posizione fin dall'inizio.<\/p>\n<h3><strong>Il tempo dei castelli in aria \u00e8 finito<\/strong><\/h3>\n<p>\"Inizialmente, molte applicazioni erano insufficienti\", ricorda Eckert. \"C'erano progetti che sarebbe stato fisicamente impossibile realizzare. Tra i candidati c'erano veri e propri sognatori. \"Alcuni di loro costruivano castelli in aria e altri sviluppavano un dispositivo speciale che difficilmente poteva essere scalato e quindi non era rilevante per il clima. La qualit\u00e0 \u00e8 aumentata, da entrambe le parti. \"Anche i nostri processi sono stati notevolmente migliorati, con l'obiettivo di rendere i finanziamenti meno burocratici e pi\u00f9 mirati.<\/p>\n<p>Tutto ci\u00f2 ha portato a uno scambio arricchente per tutti i partecipanti. \"Le applicazioni provenivano e provengono tuttora da molti settori, come i caseifici, le falegnamerie, le lavanderie e l'industria alberghiera\", riassume Vincent Eckert. \"Ogni produzione ha bisogno di energia.<\/p>\n<h3><strong>Il Consigliere federale R\u00f6sti come oratore principale<\/strong><\/h3>\n<p>Nell'anno dell'anniversario, il 2023, si terranno due celebrazioni per sottolineare l'importanza della Fondazione. Il 13 settembre, a Berna, il Consigliere federale e capo del DATEC Albert R\u00f6sti sar\u00e0 l'oratore principale di una tavola rotonda. Il 25 luglio la Fondazione Svizzera per il Clima organizzer\u00e0 un evento di networking in cui le aziende partner e le parti interessate incontreranno i progetti finanziati. Il 25 luglio la Fondazione sar\u00e0 ospite dell'Allianz Cinema Night. In qualit\u00e0 di moderatore, Christian Jungen, direttore dello Zurich Film Festival, traccer\u00e0 con eleganza un legame tra il mondo del cinema e l'impegno per la protezione del clima.<\/p>\n<h3><strong>Numerosi i testimonial<\/strong><\/h3>\n<p>Varie personalit\u00e0 si congratulano per il 15\u00b0 anniversario. \"Dall'economia per l'economia \u00e8 pi\u00f9 importante che mai\", afferma Monika R\u00fchl di economiesuisse. \"Le aziende partner portano il messaggio della Fondazione e dimostrano che insieme possono fare la differenza nel settore finanziario\", riassume Gabriele Burn, presidente del Consiglio di fondazione dal 2008-2019. Per Patrick Hofstetter del WWF Svizzera, la Fondazione \u00e8 \"un meraviglioso esempio di impegno del settore privato che porta a una maggiore protezione del clima e alla giustizia\".<\/p>\n<p><em>Fonte: <a href=\"http:\/\/www.klimastiftung.ch\">Fondazione per il clima Svizzera<\/a><\/em><\/p>\n<blockquote>\n<h2>\"L'innovazione al centro dell'attenzione fin dall'inizio\"<\/h2>\n<figure id=\"attachment_20935\" aria-describedby=\"caption-attachment-20935\" style=\"width: 560px\" class=\"wp-caption alignnone\"><img loading=\"lazy\" decoding=\"async\" class=\"size-full wp-image-20935\" src=\"https:\/\/www.organisator.ch\/wp-content\/uploads\/2023\/07\/Klimastiftung-Schweiz-feiert-ihr-15-Jahr-Jubilaeum-2_Organisator.jpg\" alt=\"\" width=\"560\" height=\"375\" srcset=\"https:\/\/www.organisator.ch\/wp-content\/uploads\/2023\/07\/Klimastiftung-Schweiz-feiert-ihr-15-Jahr-Jubilaeum-2_Organisator.jpg 560w, https:\/\/www.organisator.ch\/wp-content\/uploads\/2023\/07\/Klimastiftung-Schweiz-feiert-ihr-15-Jahr-Jubilaeum-2_Organisator-18x12.jpg 18w, https:\/\/www.organisator.ch\/wp-content\/uploads\/2023\/07\/Klimastiftung-Schweiz-feiert-ihr-15-Jahr-Jubilaeum-2_Organisator-375x251.jpg 375w, https:\/\/www.organisator.ch\/wp-content\/uploads\/2023\/07\/Klimastiftung-Schweiz-feiert-ihr-15-Jahr-Jubilaeum-2_Organisator-523x350.jpg 523w\" sizes=\"auto, (max-width: 560px) 100vw, 560px\" \/><figcaption id=\"caption-attachment-20935\" class=\"wp-caption-text\">Vincent Eckert, direttore esecutivo della Fondazione Svizzera per il Clima fin dalla sua nascita. (Immagine: Fondazione svizzera per il clima)<\/figcaption><\/figure>\n<p>Vincent Eckert \u00e8 il direttore esecutivo della Fondazione fin dalla sua nascita. In questa intervista parla delle sue esperienze e dei vantaggi della Fondazione Svizzera per il Clima per le aziende.<\/p>\n<p><em>Signor Eckert, qual \u00e8 la sua motivazione personale per impegnarsi quotidianamente nella protezione del clima?<br \/>\n<\/em><strong>Vincent Eckert<\/strong>Sono affascinata dall'imprenditorialit\u00e0 ed entusiasta dei numerosi progetti innovativi che riceviamo. Anche lo scambio regolare con le aziende partner mi motiva. Sono orgoglioso di poter dire che la Fondazione svizzera per il clima offre soluzioni concrete per l'economia.<\/p>\n<p><em>Qual \u00e8 il segreto del successo della fondazione?\u00a0<\/em><br \/>\nIn Svizzera c'\u00e8 molta alta tecnologia. L'economia ricerca e inventa. Nello sviluppo della tecnologia delle batterie e dell'accumulo, ad esempio, la Svizzera occupa una posizione di primo piano a livello mondiale. Vedo il nostro Paese come un giardino di prova. Le idee e i prodotti delle PMI svizzere e del Liechtenstein spesso decollano a livello globale. Se c'\u00e8 un segreto del successo, \u00e8 proprio la ricchezza di idee delle PMI. La Fondazione Svizzera per il Clima ne trae vantaggio, cos\u00ec come ne traggono vantaggio le aziende partner della rete. Fin dall'inizio abbiamo fatto affidamento sul dinamismo del panorama delle PMI. E non siamo stati delusi, n\u00e9 lo siamo tuttora.<\/p>\n<p><em>Quando ripensa agli inizi, cosa le viene in mente?<\/em><br \/>\nL'innovazione \u00e8 stata al centro dell'attenzione fin dall'inizio. Anche al quinto anniversario, i progetti presentati facevano scalpore. Ricordo Hey Chimpy. L'azienda ha successo sul mercato ancora oggi. E ne siamo molto orgogliosi, \u00e8 stato possibile anche grazie al sostegno della fondazione.<\/p>\n<p><em>Cosa significa per la Fondazione Svizzera per il Clima il sostegno delle 31 aziende partner?<\/em><br \/>\nSentiamo la volont\u00e0 incondizionata di contribuire a dare forma, affrontare e resistere al cambiamento climatico in una forte alleanza.<\/p>\n<p><em>Quali sono i vantaggi di essere un'azienda partner della Fondazione Svizzera per il Clima?\u00a0<\/em><br \/>\nLa fondazione \u00e8 sostenuta da rinomati fornitori di servizi come banche, compagnie assicurative e societ\u00e0 di consulenza. Queste aziende partner sostengono la fondazione con il loro contributo finanziario, ma anche mettendo a disposizione esperti nel comitato consultivo della fondazione. In questo modo si crea un circuito di conoscenze tra la fondazione, le aziende partner e le PMI di cui sosteniamo i progetti.<\/p>\n<p><em>Qual \u00e8 il ruolo di un partner?\u00a0<\/em><br \/>\nOgni azienda partner pu\u00f2 nominare uno o due membri del comitato consultivo e dispone di un voto nelle votazioni. Il compito principale del comitato consultivo \u00e8 quello di valutare le domande di progetto ricevute. L'attenzione si concentra sui benefici climatici del progetto in questione. Siamo soddisfatti della partecipazione e dello scambio regolare alle riunioni del comitato consultivo. Ci\u00f2 consente al Comitato consultivo di formulare una chiara raccomandazione per l'accettazione o il rifiuto, che viene poi sottoposta al Consiglio di fondazione. Affinch\u00e9 il comitato consultivo possa giungere in modo efficiente a una raccomandazione di voto per il consiglio di fondazione, viene utilizzato un sistema di padrini del progetto.<\/p><\/blockquote>","protected":false},"excerpt":{"rendered":"<p>Il 2008 ha rappresentato una pietra miliare per la protezione del clima in Svizzera. In risposta all'introduzione della tassa sul CO2, il 4 luglio 2008 \u00e8 stata istituita la Fondazione svizzera per il clima. Il presidente di Swiss Re, Peter Forstmoser, disse all'epoca che l'idea alla base della fondazione era l'impegno della comunit\u00e0 imprenditoriale svizzera a contrastare l'avanzare del cambiamento climatico. A che punto \u00e8 la Fondazione svizzera per il clima oggi, 15 anni dopo?<\/p>","protected":false},"author":4,"featured_media":20934,"comment_status":"closed","ping_status":"closed","sticky":false,"template":"","format":"standard","meta":{"_acf_changed":false,"_yoast_wpseo_focuskw":"Klimastiftung","_yoast_wpseo_metadesc":"Als Reaktion auf die Einf\u00fchrung der CO2-Abgabe, wurde am 4. Juli 2008 die Klimastiftung Schweiz gegr\u00fcndet. Bisher wurden 2300 KMU unterst\u00fctzt.","articlekey":"","footnotes":""},"categories":[580],"tags":[292,1520,358,3803],"class_list":["post-20933","post","type-post","status-publish","format-standard","has-post-thumbnail","hentry","category-sustainability","tag-jubilaeum","tag-klimaprojekte","tag-nachhaltige-wirtschaft","tag-stiftungen"],"acf":[],"yoast_head":"<!-- This site is optimized with the Yoast SEO plugin v27.5 - https:\/\/yoast.com\/product\/yoast-seo-wordpress\/ -->\n<title>Klimastiftung Schweiz feiert ihr 15-Jahr-Jubil\u00e4um - Organisator<\/title>\n<meta name=\"description\" content=\"Als Reaktion auf die Einf\u00fchrung der CO2-Abgabe, wurde am 4. Juli 2008 die Klimastiftung Schweiz gegr\u00fcndet. Bisher wurden 2300 KMU unterst\u00fctzt.\" \/>\n<meta name=\"robots\" content=\"index, follow, max-snippet:-1, max-image-preview:large, max-video-preview:-1\" \/>\n<link rel=\"canonical\" href=\"https:\/\/www.organisator.ch\/it\/sostenibilita\/2023-07-04\/klimastiftung-schweiz-feiert-ihr-15-jahr-jubilaeum\/\" \/>\n<meta property=\"og:locale\" content=\"it_IT\" \/>\n<meta property=\"og:type\" content=\"article\" \/>\n<meta property=\"og:title\" content=\"Klimastiftung Schweiz feiert ihr 15-Jahr-Jubil\u00e4um\" \/>\n<meta property=\"og:description\" content=\"Als Reaktion auf die Einf\u00fchrung der CO2-Abgabe, wurde am 4. Juli 2008 die Klimastiftung Schweiz gegr\u00fcndet. Bisher wurden 2300 KMU unterst\u00fctzt.\" \/>\n<meta property=\"og:url\" content=\"https:\/\/www.organisator.ch\/it\/sostenibilita\/2023-07-04\/klimastiftung-schweiz-feiert-ihr-15-jahr-jubilaeum\/\" \/>\n<meta property=\"og:site_name\" content=\"Organisator\" \/>\n<meta property=\"article:publisher\" content=\"https:\/\/www.facebook.com\/OrganisatorFachmagazin\" \/>\n<meta property=\"article:published_time\" content=\"2023-07-04T11:42:17+00:00\" \/>\n<meta property=\"article:modified_time\" content=\"2023-07-28T06:14:33+00:00\" \/>\n<meta property=\"og:image\" content=\"https:\/\/www.organisator.ch\/wp-content\/uploads\/2023\/07\/Klimastiftung-Schweiz-feiert-ihr-15-Jahr-Jubilaeum-1_Organisator.jpg\" \/>\n\t<meta property=\"og:image:width\" content=\"680\" \/>\n\t<meta property=\"og:image:height\" content=\"510\" \/>\n\t<meta property=\"og:image:type\" content=\"image\/jpeg\" \/>\n<meta name=\"author\" content=\"thomas.berner\" \/>\n<meta name=\"twitter:card\" content=\"summary_large_image\" \/>\n<meta name=\"twitter:title\" content=\"#Klimastiftung Schweiz feiert ihr #15-Jahr-Jubil\u00e4um\" \/>\n<meta name=\"twitter:description\" content=\"Als Reaktion auf die Einf\u00fchrung der #CO2-Abgabe, wurde am 4. Juli 2008 die #Klimastiftung Schweiz gegr\u00fcndet. Bisher wurden 2300 KMU unterst\u00fctzt.\" \/>\n<meta name=\"twitter:image\" content=\"https:\/\/www.organisator.ch\/wp-content\/uploads\/2023\/07\/Klimastiftung-Schweiz-feiert-ihr-15-Jahr-Jubilaeum-1_Organisator.jpg\" \/>\n<script type=\"application\/ld+json\" class=\"yoast-schema-graph\">{\"@context\":\"https:\\\/\\\/schema.org\",\"@graph\":[{\"@type\":\"Article\",\"@id\":\"https:\\\/\\\/www.organisator.ch\\\/sustainability\\\/2023-07-04\\\/klimastiftung-schweiz-feiert-ihr-15-jahr-jubilaeum\\\/#article\",\"isPartOf\":{\"@id\":\"https:\\\/\\\/www.organisator.ch\\\/sustainability\\\/2023-07-04\\\/klimastiftung-schweiz-feiert-ihr-15-jahr-jubilaeum\\\/\"},\"author\":{\"name\":\"thomas.berner\",\"@id\":\"https:\\\/\\\/www.organisator.ch\\\/#\\\/schema\\\/person\\\/6f650f90b2842cd4c0cc334b4e36f67e\"},\"headline\":\"Klimastiftung Schweiz feiert ihr 15-Jahr-Jubil\u00e4um\",\"datePublished\":\"2023-07-04T11:42:17+00:00\",\"dateModified\":\"2023-07-28T06:14:33+00:00\",\"mainEntityOfPage\":{\"@id\":\"https:\\\/\\\/www.organisator.ch\\\/sustainability\\\/2023-07-04\\\/klimastiftung-schweiz-feiert-ihr-15-jahr-jubilaeum\\\/\"},\"wordCount\":847,\"publisher\":{\"@id\":\"https:\\\/\\\/www.organisator.ch\\\/#organization\"},\"image\":{\"@id\":\"https:\\\/\\\/www.organisator.ch\\\/sustainability\\\/2023-07-04\\\/klimastiftung-schweiz-feiert-ihr-15-jahr-jubilaeum\\\/#primaryimage\"},\"thumbnailUrl\":\"https:\\\/\\\/www.organisator.ch\\\/wp-content\\\/uploads\\\/2023\\\/07\\\/Klimastiftung-Schweiz-feiert-ihr-15-Jahr-Jubilaeum-1_Organisator.jpg\",\"keywords\":[\"Jubil\u00e4um\",\"Klimaprojekte\",\"Nachhaltige Wirtschaft\",\"Stiftungen\"],\"articleSection\":[\"SUSTAINABILITY\"],\"inLanguage\":\"it-IT\"},{\"@type\":\"WebPage\",\"@id\":\"https:\\\/\\\/www.organisator.ch\\\/sustainability\\\/2023-07-04\\\/klimastiftung-schweiz-feiert-ihr-15-jahr-jubilaeum\\\/\",\"url\":\"https:\\\/\\\/www.organisator.ch\\\/sustainability\\\/2023-07-04\\\/klimastiftung-schweiz-feiert-ihr-15-jahr-jubilaeum\\\/\",\"name\":\"Klimastiftung Schweiz feiert ihr 15-Jahr-Jubil\u00e4um - Organisator\",\"isPartOf\":{\"@id\":\"https:\\\/\\\/www.organisator.ch\\\/#website\"},\"primaryImageOfPage\":{\"@id\":\"https:\\\/\\\/www.organisator.ch\\\/sustainability\\\/2023-07-04\\\/klimastiftung-schweiz-feiert-ihr-15-jahr-jubilaeum\\\/#primaryimage\"},\"image\":{\"@id\":\"https:\\\/\\\/www.organisator.ch\\\/sustainability\\\/2023-07-04\\\/klimastiftung-schweiz-feiert-ihr-15-jahr-jubilaeum\\\/#primaryimage\"},\"thumbnailUrl\":\"https:\\\/\\\/www.organisator.ch\\\/wp-content\\\/uploads\\\/2023\\\/07\\\/Klimastiftung-Schweiz-feiert-ihr-15-Jahr-Jubilaeum-1_Organisator.jpg\",\"datePublished\":\"2023-07-04T11:42:17+00:00\",\"dateModified\":\"2023-07-28T06:14:33+00:00\",\"description\":\"Als Reaktion auf die Einf\u00fchrung der CO2-Abgabe, wurde am 4. Juli 2008 die Klimastiftung Schweiz gegr\u00fcndet. Bisher wurden 2300 KMU unterst\u00fctzt.\",\"breadcrumb\":{\"@id\":\"https:\\\/\\\/www.organisator.ch\\\/sustainability\\\/2023-07-04\\\/klimastiftung-schweiz-feiert-ihr-15-jahr-jubilaeum\\\/#breadcrumb\"},\"inLanguage\":\"it-IT\",\"potentialAction\":[{\"@type\":\"ReadAction\",\"target\":[\"https:\\\/\\\/www.organisator.ch\\\/sustainability\\\/2023-07-04\\\/klimastiftung-schweiz-feiert-ihr-15-jahr-jubilaeum\\\/\"]}]},{\"@type\":\"ImageObject\",\"inLanguage\":\"it-IT\",\"@id\":\"https:\\\/\\\/www.organisator.ch\\\/sustainability\\\/2023-07-04\\\/klimastiftung-schweiz-feiert-ihr-15-jahr-jubilaeum\\\/#primaryimage\",\"url\":\"https:\\\/\\\/www.organisator.ch\\\/wp-content\\\/uploads\\\/2023\\\/07\\\/Klimastiftung-Schweiz-feiert-ihr-15-Jahr-Jubilaeum-1_Organisator.jpg\",\"contentUrl\":\"https:\\\/\\\/www.organisator.ch\\\/wp-content\\\/uploads\\\/2023\\\/07\\\/Klimastiftung-Schweiz-feiert-ihr-15-Jahr-Jubilaeum-1_Organisator.jpg\",\"width\":680,\"height\":510,\"caption\":\"Born on the 4th of July f\u00fcr eine gr\u00fcnere Zukunft: Seit 2008 hat die Klimastiftung Schweiz \u00fcber 2300 KMU unterst\u00fctzt. (Bild: Pixabay.com)\"},{\"@type\":\"BreadcrumbList\",\"@id\":\"https:\\\/\\\/www.organisator.ch\\\/sustainability\\\/2023-07-04\\\/klimastiftung-schweiz-feiert-ihr-15-jahr-jubilaeum\\\/#breadcrumb\",\"itemListElement\":[{\"@type\":\"ListItem\",\"position\":1,\"name\":\"Home\",\"item\":\"https:\\\/\\\/www.organisator.ch\\\/\"},{\"@type\":\"ListItem\",\"position\":2,\"name\":\"Klimastiftung Schweiz feiert ihr 15-Jahr-Jubil\u00e4um\"}]},{\"@type\":\"WebSite\",\"@id\":\"https:\\\/\\\/www.organisator.ch\\\/#website\",\"url\":\"https:\\\/\\\/www.organisator.ch\\\/\",\"name\":\"Organisator\",\"description\":\"Kompetent. Praxisnah. Der ORGANISATOR bereitet in 10 Ausgaben pro Jahr die wesentlichen Themen f\u00fcr F\u00fchrungskr\u00e4fte von KMU auf.\",\"publisher\":{\"@id\":\"https:\\\/\\\/www.organisator.ch\\\/#organization\"},\"potentialAction\":[{\"@type\":\"SearchAction\",\"target\":{\"@type\":\"EntryPoint\",\"urlTemplate\":\"https:\\\/\\\/www.organisator.ch\\\/?s={search_term_string}\"},\"query-input\":{\"@type\":\"PropertyValueSpecification\",\"valueRequired\":true,\"valueName\":\"search_term_string\"}}],\"inLanguage\":\"it-IT\"},{\"@type\":\"Organization\",\"@id\":\"https:\\\/\\\/www.organisator.ch\\\/#organization\",\"name\":\"Organisator\",\"url\":\"https:\\\/\\\/www.organisator.ch\\\/\",\"logo\":{\"@type\":\"ImageObject\",\"inLanguage\":\"it-IT\",\"@id\":\"https:\\\/\\\/www.organisator.ch\\\/#\\\/schema\\\/logo\\\/image\\\/\",\"url\":\"https:\\\/\\\/www.organisator.ch\\\/wp-content\\\/uploads\\\/2022\\\/01\\\/Logo_Organisator_Website.png\",\"contentUrl\":\"https:\\\/\\\/www.organisator.ch\\\/wp-content\\\/uploads\\\/2022\\\/01\\\/Logo_Organisator_Website.png\",\"width\":800,\"height\":77,\"caption\":\"Organisator\"},\"image\":{\"@id\":\"https:\\\/\\\/www.organisator.ch\\\/#\\\/schema\\\/logo\\\/image\\\/\"},\"sameAs\":[\"https:\\\/\\\/www.facebook.com\\\/OrganisatorFachmagazin\",\"https:\\\/\\\/www.linkedin.com\\\/showcase\\\/organisator-das-magazin-fr-kmu\",\"https:\\\/\\\/www.xing.com\\\/news\\\/pages\\\/organisator-ch-695\",\"https:\\\/\\\/www.youtube.com\\\/channel\\\/UCGP2Sq0iWaZwT3BdIAQFYpw\"]},{\"@type\":\"Person\",\"@id\":\"https:\\\/\\\/www.organisator.ch\\\/#\\\/schema\\\/person\\\/6f650f90b2842cd4c0cc334b4e36f67e\",\"name\":\"thomas.berner\",\"image\":{\"@type\":\"ImageObject\",\"inLanguage\":\"it-IT\",\"@id\":\"https:\\\/\\\/secure.gravatar.com\\\/avatar\\\/ac5001d2a36cb6c6cd3e50789007ffca834b477b74a2144564522e944eabff61?s=96&d=mm&r=g\",\"url\":\"https:\\\/\\\/secure.gravatar.com\\\/avatar\\\/ac5001d2a36cb6c6cd3e50789007ffca834b477b74a2144564522e944eabff61?s=96&d=mm&r=g\",\"contentUrl\":\"https:\\\/\\\/secure.gravatar.com\\\/avatar\\\/ac5001d2a36cb6c6cd3e50789007ffca834b477b74a2144564522e944eabff61?s=96&d=mm&r=g\",\"caption\":\"thomas.berner\"},\"url\":\"https:\\\/\\\/www.organisator.ch\\\/it\\\/author\\\/thomas-berner\\\/\"}]}<\/script>\n<!-- \/ Yoast SEO plugin. -->","yoast_head_json":{"title":"La Fondazione per il clima Svizzera festeggia il suo 15\u00b0 anniversario - Organizzatore","description":"In risposta all'introduzione della tassa sul CO2, il 4 luglio 2008 \u00e8 stata fondata la Fondazione Svizzera per il Clima. Finora sono state sostenute 2300 PMI.","robots":{"index":"index","follow":"follow","max-snippet":"max-snippet:-1","max-image-preview":"max-image-preview:large","max-video-preview":"max-video-preview:-1"},"canonical":"https:\/\/www.organisator.ch\/it\/sostenibilita\/2023-07-04\/klimastiftung-schweiz-feiert-ihr-15-jahr-jubilaeum\/","og_locale":"it_IT","og_type":"article","og_title":"Klimastiftung Schweiz feiert ihr 15-Jahr-Jubil\u00e4um","og_description":"Als Reaktion auf die Einf\u00fchrung der CO2-Abgabe, wurde am 4. Juli 2008 die Klimastiftung Schweiz gegr\u00fcndet. Bisher wurden 2300 KMU unterst\u00fctzt.","og_url":"https:\/\/www.organisator.ch\/it\/sostenibilita\/2023-07-04\/klimastiftung-schweiz-feiert-ihr-15-jahr-jubilaeum\/","og_site_name":"Organisator","article_publisher":"https:\/\/www.facebook.com\/OrganisatorFachmagazin","article_published_time":"2023-07-04T11:42:17+00:00","article_modified_time":"2023-07-28T06:14:33+00:00","og_image":[{"width":680,"height":510,"url":"https:\/\/www.organisator.ch\/wp-content\/uploads\/2023\/07\/Klimastiftung-Schweiz-feiert-ihr-15-Jahr-Jubilaeum-1_Organisator.jpg","type":"image\/jpeg"}],"author":"thomas.berner","twitter_card":"summary_large_image","twitter_title":"#Klimastiftung Schweiz feiert ihr #15-Jahr-Jubil\u00e4um","twitter_description":"Als Reaktion auf die Einf\u00fchrung der #CO2-Abgabe, wurde am 4. Juli 2008 die #Klimastiftung Schweiz gegr\u00fcndet. Bisher wurden 2300 KMU unterst\u00fctzt.","twitter_image":"https:\/\/www.organisator.ch\/wp-content\/uploads\/2023\/07\/Klimastiftung-Schweiz-feiert-ihr-15-Jahr-Jubilaeum-1_Organisator.jpg","schema":{"@context":"https:\/\/schema.org","@graph":[{"@type":"Article","@id":"https:\/\/www.organisator.ch\/sustainability\/2023-07-04\/klimastiftung-schweiz-feiert-ihr-15-jahr-jubilaeum\/#article","isPartOf":{"@id":"https:\/\/www.organisator.ch\/sustainability\/2023-07-04\/klimastiftung-schweiz-feiert-ihr-15-jahr-jubilaeum\/"},"author":{"name":"thomas.berner","@id":"https:\/\/www.organisator.ch\/#\/schema\/person\/6f650f90b2842cd4c0cc334b4e36f67e"},"headline":"Klimastiftung Schweiz feiert ihr 15-Jahr-Jubil\u00e4um","datePublished":"2023-07-04T11:42:17+00:00","dateModified":"2023-07-28T06:14:33+00:00","mainEntityOfPage":{"@id":"https:\/\/www.organisator.ch\/sustainability\/2023-07-04\/klimastiftung-schweiz-feiert-ihr-15-jahr-jubilaeum\/"},"wordCount":847,"publisher":{"@id":"https:\/\/www.organisator.ch\/#organization"},"image":{"@id":"https:\/\/www.organisator.ch\/sustainability\/2023-07-04\/klimastiftung-schweiz-feiert-ihr-15-jahr-jubilaeum\/#primaryimage"},"thumbnailUrl":"https:\/\/www.organisator.ch\/wp-content\/uploads\/2023\/07\/Klimastiftung-Schweiz-feiert-ihr-15-Jahr-Jubilaeum-1_Organisator.jpg","keywords":["Jubil\u00e4um","Klimaprojekte","Nachhaltige Wirtschaft","Stiftungen"],"articleSection":["SUSTAINABILITY"],"inLanguage":"it-IT"},{"@type":"WebPage","@id":"https:\/\/www.organisator.ch\/sustainability\/2023-07-04\/klimastiftung-schweiz-feiert-ihr-15-jahr-jubilaeum\/","url":"https:\/\/www.organisator.ch\/sustainability\/2023-07-04\/klimastiftung-schweiz-feiert-ihr-15-jahr-jubilaeum\/","name":"La Fondazione per il clima Svizzera festeggia il suo 15\u00b0 anniversario - Organizzatore","isPartOf":{"@id":"https:\/\/www.organisator.ch\/#website"},"primaryImageOfPage":{"@id":"https:\/\/www.organisator.ch\/sustainability\/2023-07-04\/klimastiftung-schweiz-feiert-ihr-15-jahr-jubilaeum\/#primaryimage"},"image":{"@id":"https:\/\/www.organisator.ch\/sustainability\/2023-07-04\/klimastiftung-schweiz-feiert-ihr-15-jahr-jubilaeum\/#primaryimage"},"thumbnailUrl":"https:\/\/www.organisator.ch\/wp-content\/uploads\/2023\/07\/Klimastiftung-Schweiz-feiert-ihr-15-Jahr-Jubilaeum-1_Organisator.jpg","datePublished":"2023-07-04T11:42:17+00:00","dateModified":"2023-07-28T06:14:33+00:00","description":"In risposta all'introduzione della tassa sul CO2, il 4 luglio 2008 \u00e8 stata fondata la Fondazione Svizzera per il Clima. Finora sono state sostenute 2300 PMI.","breadcrumb":{"@id":"https:\/\/www.organisator.ch\/sustainability\/2023-07-04\/klimastiftung-schweiz-feiert-ihr-15-jahr-jubilaeum\/#breadcrumb"},"inLanguage":"it-IT","potentialAction":[{"@type":"ReadAction","target":["https:\/\/www.organisator.ch\/sustainability\/2023-07-04\/klimastiftung-schweiz-feiert-ihr-15-jahr-jubilaeum\/"]}]},{"@type":"ImageObject","inLanguage":"it-IT","@id":"https:\/\/www.organisator.ch\/sustainability\/2023-07-04\/klimastiftung-schweiz-feiert-ihr-15-jahr-jubilaeum\/#primaryimage","url":"https:\/\/www.organisator.ch\/wp-content\/uploads\/2023\/07\/Klimastiftung-Schweiz-feiert-ihr-15-Jahr-Jubilaeum-1_Organisator.jpg","contentUrl":"https:\/\/www.organisator.ch\/wp-content\/uploads\/2023\/07\/Klimastiftung-Schweiz-feiert-ihr-15-Jahr-Jubilaeum-1_Organisator.jpg","width":680,"height":510,"caption":"Born on the 4th of July f\u00fcr eine gr\u00fcnere Zukunft: Seit 2008 hat die Klimastiftung Schweiz \u00fcber 2300 KMU unterst\u00fctzt. (Bild: Pixabay.com)"},{"@type":"BreadcrumbList","@id":"https:\/\/www.organisator.ch\/sustainability\/2023-07-04\/klimastiftung-schweiz-feiert-ihr-15-jahr-jubilaeum\/#breadcrumb","itemListElement":[{"@type":"ListItem","position":1,"name":"Home","item":"https:\/\/www.organisator.ch\/"},{"@type":"ListItem","position":2,"name":"Klimastiftung Schweiz feiert ihr 15-Jahr-Jubil\u00e4um"}]},{"@type":"WebSite","@id":"https:\/\/www.organisator.ch\/#website","url":"https:\/\/www.organisator.ch\/","name":"Organizzatore","description":"Competente. Pratico. In 10 numeri all'anno, ORGANISATOR presenta i temi essenziali per i manager delle PMI.","publisher":{"@id":"https:\/\/www.organisator.ch\/#organization"},"potentialAction":[{"@type":"SearchAction","target":{"@type":"EntryPoint","urlTemplate":"https:\/\/www.organisator.ch\/?s={search_term_string}"},"query-input":{"@type":"PropertyValueSpecification","valueRequired":true,"valueName":"search_term_string"}}],"inLanguage":"it-IT"},{"@type":"Organization","@id":"https:\/\/www.organisator.ch\/#organization","name":"Organizzatore","url":"https:\/\/www.organisator.ch\/","logo":{"@type":"ImageObject","inLanguage":"it-IT","@id":"https:\/\/www.organisator.ch\/#\/schema\/logo\/image\/","url":"https:\/\/www.organisator.ch\/wp-content\/uploads\/2022\/01\/Logo_Organisator_Website.png","contentUrl":"https:\/\/www.organisator.ch\/wp-content\/uploads\/2022\/01\/Logo_Organisator_Website.png","width":800,"height":77,"caption":"Organisator"},"image":{"@id":"https:\/\/www.organisator.ch\/#\/schema\/logo\/image\/"},"sameAs":["https:\/\/www.facebook.com\/OrganisatorFachmagazin","https:\/\/www.linkedin.com\/showcase\/organisator-das-magazin-fr-kmu","https:\/\/www.xing.com\/news\/pages\/organisator-ch-695","https:\/\/www.youtube.com\/channel\/UCGP2Sq0iWaZwT3BdIAQFYpw"]},{"@type":"Person","@id":"https:\/\/www.organisator.ch\/#\/schema\/person\/6f650f90b2842cd4c0cc334b4e36f67e","name":"Tommaso.berner","image":{"@type":"ImageObject","inLanguage":"it-IT","@id":"https:\/\/secure.gravatar.com\/avatar\/ac5001d2a36cb6c6cd3e50789007ffca834b477b74a2144564522e944eabff61?s=96&d=mm&r=g","url":"https:\/\/secure.gravatar.com\/avatar\/ac5001d2a36cb6c6cd3e50789007ffca834b477b74a2144564522e944eabff61?s=96&d=mm&r=g","contentUrl":"https:\/\/secure.gravatar.com\/avatar\/ac5001d2a36cb6c6cd3e50789007ffca834b477b74a2144564522e944eabff61?s=96&d=mm&r=g","caption":"thomas.berner"},"url":"https:\/\/www.organisator.ch\/it\/author\/thomas-berner\/"}]}},"_links":{"self":[{"href":"https:\/\/www.organisator.ch\/it\/wp-json\/wp\/v2\/posts\/20933","targetHints":{"allow":["GET"]}}],"collection":[{"href":"https:\/\/www.organisator.ch\/it\/wp-json\/wp\/v2\/posts"}],"about":[{"href":"https:\/\/www.organisator.ch\/it\/wp-json\/wp\/v2\/types\/post"}],"author":[{"embeddable":true,"href":"https:\/\/www.organisator.ch\/it\/wp-json\/wp\/v2\/users\/4"}],"replies":[{"embeddable":true,"href":"https:\/\/www.organisator.ch\/it\/wp-json\/wp\/v2\/comments?post=20933"}],"version-history":[{"count":4,"href":"https:\/\/www.organisator.ch\/it\/wp-json\/wp\/v2\/posts\/20933\/revisions"}],"predecessor-version":[{"id":21088,"href":"https:\/\/www.organisator.ch\/it\/wp-json\/wp\/v2\/posts\/20933\/revisions\/21088"}],"wp:featuredmedia":[{"embeddable":true,"href":"https:\/\/www.organisator.ch\/it\/wp-json\/wp\/v2\/media\/20934"}],"wp:attachment":[{"href":"https:\/\/www.organisator.ch\/it\/wp-json\/wp\/v2\/media?parent=20933"}],"wp:term":[{"taxonomy":"category","embeddable":true,"href":"https:\/\/www.organisator.ch\/it\/wp-json\/wp\/v2\/categories?post=20933"},{"taxonomy":"post_tag","embeddable":true,"href":"https:\/\/www.organisator.ch\/it\/wp-json\/wp\/v2\/tags?post=20933"}],"curies":[{"name":"wp","href":"https:\/\/api.w.org\/{rel}","templated":true}]}}