{"id":20941,"date":"2023-07-05T08:25:53","date_gmt":"2023-07-05T06:25:53","guid":{"rendered":"https:\/\/www.m-q.ch\/?p=18245"},"modified":"2024-11-15T06:25:58","modified_gmt":"2024-11-15T05:25:58","slug":"wie-it-teams-auch-waehrend-den-ferien-betrieb-und-sicherheit-gewaehrleisten","status":"publish","type":"post","link":"https:\/\/www.organisator.ch\/it\/operational-excellence\/2023-07-05\/wie-it-teams-auch-waehrend-den-ferien-betrieb-und-sicherheit-gewaehrleisten\/","title":{"rendered":"Come i team IT garantiscono il funzionamento e la sicurezza anche durante le vacanze"},"content":{"rendered":"<figure id=\"attachment_18246\" class=\"wp-caption alignnone\" style=\"width: 680px\" aria-describedby=\"caption-attachment-18246\"><img class=\"alignnone wp-image-18246 size-full\" src=\"https:\/\/www.m-q.ch\/wp-content\/uploads\/2023\/07\/Wie-IT-Teams-auch-waehrend-den-Ferien-Betrieb-und-Sicherheit-gewaehrleisten_MQ.jpg\" alt=\"Sicurezza informatica\" width=\"680\" height=\"484\" \/>\r\n<figcaption id=\"caption-attachment-18246\" class=\"wp-caption-text\">Anche i membri dei team IT hanno bisogno di una vacanza ogni tanto. Tuttavia, \u00e8 importante assicurarsi che la sicurezza del sistema rimanga garantita durante le vacanze. (Immagine: Pixabay.com)<\/figcaption>\r\n<\/figure>\r\n<p>Alla fine di giugno o all'inizio di luglio, in alcune parti della Svizzera e anche in Germania sono iniziate le vacanze scolastiche, che si protraggono fino ad agosto. In questa fase, naturalmente, molti addetti all'IT vanno in vacanza, quindi i team si riducono. Un numero minore di responsabili deve far fronte alla stessa mole di lavoro. Mai come in questo periodo dell'anno c'\u00e8 il rischio di trascurare eventi importanti. Soprattutto perch\u00e9 i modelli di dati e i metodi di lavoro nelle aziende stanno cambiando, perch\u00e9 i dipendenti accedono all'IT aziendale da diverse WLAN non protette. Controllare rapidamente le e-mail durante le vacanze \u00e8 diventata da tempo una pratica comune.<\/p>\r\n<h3>Sei consigli su come mantenere alta la sicurezza informatica durante le vacanze<\/h3>\r\n<p>Gli hacker sanno che durante le vacanze i team sono a corto di personale, che gli esperti di determinati settori, applicazioni o sistemi di difesa si prendono una pausa e che gli utenti talvolta accedono ai dati tramite dispositivi non autorizzati e non sicuri. Le statistiche del 2022 mostrano che l'attivit\u00e0 di malware \u00e8 rimasta costantemente elevata durante i mesi estivi.  Mark Molyneux, CTO EMEA di Cohesity, fornitore di servizi di gestione e sicurezza dei dati, conosce questa fase per averla vissuta da cliente e offre sei consigli su come i team possono prepararsi al meglio e ridurre il rischio per l'IT.<\/p>\r\n<ol>\r\n\t<li><strong>Concentrazione totale sulla modalit\u00e0 operativa:<\/strong> I team IT dovrebbero decidere di passare a una modalit\u00e0 operativa il pi\u00f9 possibile durante la pausa estiva, con l'obiettivo principale di mantenere l'IT in funzione nel suo stato attuale. Le migrazioni e i processi di cambiamento o i rollout intensivi dovrebbero essere rimandati ad altri momenti. Ci\u00f2 non significa sospendere completamente i processi di cambiamento. Ma devono essere ponderati per il rischio e guidati dalla criticit\u00e0 del business.<\/li>\r\n\t<li><strong>Rispondere alle patch critiche:<\/strong> Proprio a met\u00e0 giugno, VMware ha lanciato un programma di <a href=\"https:\/\/u7061146.ct.sendgrid.net\/ls\/click?upn=4tNED-2FM8iDZJQyQ53jATUQlWfNEPpg1k3HogqQTt4-2Fwr2Bdvo1-2FVK4nuMU0o37quhMlgREUwAhjVsHr0pcU664wCeGJFGbyvVSD031ic0KwuGMc9kN6kMbQhb4LMJPPSQoyfgttbcIwmxQ87dJd0jg-3D-3DSEiJ_cGe9W5K-2FCqFb2N07halzpMHUUfPBCEQpnPtMccoXAU149YFoXzNQr1JSyM49unTn8hOx-2BosWN90RYph-2Bs6v4b5brUacgZfsx6-2Bf59dKDBXaTwWophYdKnKEbiWifAElcKbwCSisbG4aCOqzDMBp543NE3ntAc5-2BzlwJ0YK6GvrZPWpXvxQliYR0mRklu8LeokXMK6drj0W90yXT5x541EvLWbwPz7E2KP9L3x4VHxwXXnO97YJzbUOYukSuok9uxAPEoQgVtX9irjffR-2BjuLYOj4bW9Jjr8czAVNVbq7KgM-2FWIgu-2B5AeOddAGDibZ2Mamu7vykQEVzu5Aog6qw2VA-2BoA2lcrBbvEnLxXhErTyRU-3D\">Patch per una vulnerabilit\u00e0 critica<\/a> pubblicato nel vCenter Server. Per classificare correttamente un evento di questo tipo, i team IT dovrebbero suddividere i propri sistemi e applicazioni nelle cosiddette categorie di resilienza a livelli. Ci\u00f2 consente di allineare chiaramente la strategia di patching, la ripristinabilit\u00e0 e i livelli di servizio come DTO, RPO, RTO alle applicazioni e ai carichi di lavoro. Se \u00e8 interessato il livello pi\u00f9 importante, come \u00e8 probabile che sia il caso di un elemento centrale come VMware, i team devono dare priorit\u00e0 al test e al roll-out di questa patch. Gli altri incidenti delle categorie inferiori, invece, possono essere valutati e parcheggiati secondo il principio del triage fino a quando i team non saranno al completo o gli esperti delle rispettive piattaforme non saranno tornati dalle vacanze. Inoltre, i team trarranno vantaggio da questa categorizzazione durante tutto l'anno, in quanto potranno ponderare le attivit\u00e0 in base alla priorit\u00e0 aziendale.<\/li>\r\n\t<li><strong>Rendere trasparenti le conseguenze:<\/strong> Questa categorizzazione aiuta anche a stabilire meglio le priorit\u00e0 delle attivit\u00e0 quotidiane. Ad esempio, se i lavori di backup falliscono su sistemi ad alta priorit\u00e0, i team devono assicurarsi di riattivarli per soddisfare i livelli di servizio di ripristino e prevenire la perdita di dati. Idealmente, con i moderni sistemi di gestione dei dati, questo viene fatto da un processo automatico in background guidato dall'intelligenza artificiale che solleva completamente i team IT da questo compito.<\/li>\r\n\t<li><strong>Rendere trasparenti le lacune di conoscenza:<\/strong> Pi\u00f9 i team IT sono grandi, pi\u00f9 i membri sono specializzati in determinate architetture applicative, sistemi o linguaggi di programmazione. I team dovrebbero valutare regolarmente le proprie competenze e incorporare i risultati nei piani di sviluppo del personale almeno una volta all'anno. Questo processo \u00e8 fondamentale per ridurre i gap di competenze o addirittura per colmarli del tutto. I team dovrebbero coordinare le loro assenze in modo che un numero sufficiente di generalisti possa garantire le operazioni quotidiane. \u00c8 inevitabile che durante le vacanze natalizie si verifichino delle lacune di conoscenza, perch\u00e9 l'esperto di Python \u00e8 al mare con la sua famiglia. Tuttavia, se il team ne \u00e8 consapevole, \u00e8 possibile adottare misure correttive per questo periodo e distribuire la responsabilit\u00e0 al resto del team per ridurre il rischio in quest'area.<br \/>\r\nQuesta matrice organizzativa dovrebbe anche registrare i compiti speciali che i membri del team assumono nella vita quotidiana. Ad esempio, un esperto IT potrebbe cancellare a mano la cache di un sistema critico una volta alla settimana, per evitare che i dischi si riempiano. Se questo collega \u00e8 in vacanza, questi compiti potrebbero cadere nel dimenticatoio e il sistema potrebbe finire in uno stato critico. Queste conoscenze dovrebbero essere registrate a livello centrale per essere ben preparati in caso di crisi. Tali eredit\u00e0 di processo sono ancora presenti in molte aziende.<\/li>\r\n\t<li><strong>Capacit\u00e0 del piano:<\/strong> In estate, l'andamento dei dati nelle aziende e, a seconda del settore, il comportamento degli utenti cambiano drasticamente. In una banca, i servizi delle carte di credito sono molto richiesti in estate, mentre i mutui non vengono quasi elaborati. Il carico e il volume dei dati cambiano. Le analisi supportate dall'intelligenza artificiale aiutano a prevedere queste tendenze e ad allocare risorse sufficienti.<\/li>\r\n\t<li><strong>La governance aziendale dovrebbe essere a prova di crisi:<\/strong> Poich\u00e9 i team sono carenti di personale, il rischio di un attacco riuscito \u00e8 pi\u00f9 elevato. I consigli di amministrazione e gli amministratori delegati devono essere consapevoli che saranno coinvolti nella gestione della crisi in caso di emergenza. Ovunque si trovino in estate, sar\u00e0 fondamentale avere a disposizione tutti gli strumenti e le informazioni necessarie per formare il team di crisi e dare il via al processo. Altrimenti si perder\u00e0 tempo prezioso.<\/li>\r\n<\/ol>\r\n<p>\"L'intelligenza artificiale pu\u00f2 ridurre drasticamente l'enorme onere che grava sui team IT e di sicurezza durante il periodo delle vacanze, togliendo loro molti compiti importanti ma noiosi\", afferma Mark Molyneux. \"La fornitura di report completi e di fasi successive chiare e concise offre ai gruppi operativi, che di solito sono a corto di personale per i difficili compiti che li attendono durante l'estate, una panoramica della situazione. Per i compiti complessi o importanti, interviene anche l'uomo. In questo modo, l'IA pu\u00f2 contribuire in modo massiccio ad aumentare la resilienza informatica contro gli attacchi che, ironia della sorte, sono sempre pi\u00f9 spesso condotti dall'IA\".<\/p>\r\n<p><em>Fonte: <a href=\"https:\/\/www.cohesity.com\/de\/\">Coesistenza<\/a><\/em><\/p>\n<p class=\"syndicated-attribution\">Questo articolo \u00e8 apparso originariamente su m-q.ch - <a href=\"https:\/\/www.m-q.ch\/de\/wie-it-teams-auch-waehrend-den-ferien-betrieb-und-sicherheit-gewaehrleisten\/\" target=\"_blank\">https:\/\/www.m-q.ch\/de\/wie-it-teams-auch-waehrend-den-ferien-betrieb-und-sicherheit-gewaehrleisten\/<\/a><\/p>","protected":false},"excerpt":{"rendered":"<p>Sebbene la maggior parte delle persone associ l'estate alle vacanze, questo \u00e8 un periodo impegnativo e rischioso per i team IT. I team sono a corto di personale, ma le operazioni devono continuare senza interruzioni. Cosa possono fare i team IT per superare bene questo periodo?<\/p>","protected":false},"author":8,"featured_media":0,"comment_status":"closed","ping_status":"closed","sticky":false,"template":"","format":"standard","meta":{"_acf_changed":false,"_yoast_wpseo_focuskw":"IT-Sicherheit","_yoast_wpseo_metadesc":"Gew\u00e4hrleistung der IT-Sicherheit w\u00e4hrend der Ferien: Tipps und Strategien zur Risikominimierung.","articlekey":"","footnotes":""},"categories":[582],"tags":[],"class_list":["post-20941","post","type-post","status-publish","format-standard","hentry","category-operational-excellence"],"acf":[],"yoast_head":"<!-- This site is optimized with the Yoast SEO plugin v27.5 - https:\/\/yoast.com\/product\/yoast-seo-wordpress\/ -->\n<title>Wie IT-Teams auch w\u00e4hrend den Ferien Betrieb und Sicherheit gew\u00e4hrleisten - Organisator<\/title>\n<meta name=\"description\" content=\"Gew\u00e4hrleistung der IT-Sicherheit w\u00e4hrend der Ferien: Tipps und Strategien zur Risikominimierung.\" \/>\n<meta name=\"robots\" content=\"index, follow, max-snippet:-1, max-image-preview:large, max-video-preview:-1\" \/>\n<link rel=\"canonical\" href=\"https:\/\/www.organisator.ch\/it\/eccellenza-operativa\/2023-07-05\/wie-it-teams-auch-waehrend-den-ferien-betrieb-und-sicherheit-gewaehrleisten\/\" \/>\n<meta property=\"og:locale\" content=\"it_IT\" \/>\n<meta property=\"og:type\" content=\"article\" \/>\n<meta property=\"og:title\" content=\"Wie IT-Teams auch w\u00e4hrend den Ferien Betrieb und Sicherheit gew\u00e4hrleisten - Organisator\" \/>\n<meta property=\"og:description\" content=\"Gew\u00e4hrleistung der IT-Sicherheit w\u00e4hrend der Ferien: Tipps und Strategien zur Risikominimierung.\" \/>\n<meta property=\"og:url\" content=\"https:\/\/www.organisator.ch\/it\/eccellenza-operativa\/2023-07-05\/wie-it-teams-auch-waehrend-den-ferien-betrieb-und-sicherheit-gewaehrleisten\/\" \/>\n<meta property=\"og:site_name\" content=\"Organisator\" \/>\n<meta property=\"article:publisher\" content=\"https:\/\/www.facebook.com\/OrganisatorFachmagazin\" \/>\n<meta property=\"article:published_time\" content=\"2023-07-05T06:25:53+00:00\" \/>\n<meta property=\"article:modified_time\" content=\"2024-11-15T05:25:58+00:00\" \/>\n<meta name=\"author\" content=\"galledia\" \/>\n<meta name=\"twitter:card\" content=\"summary_large_image\" \/>\n<meta name=\"twitter:creator\" content=\"@admin\" \/>\n<script type=\"application\/ld+json\" class=\"yoast-schema-graph\">{\"@context\":\"https:\\\/\\\/schema.org\",\"@graph\":[{\"@type\":\"Article\",\"@id\":\"https:\\\/\\\/www.organisator.ch\\\/operational-excellence\\\/2023-07-05\\\/wie-it-teams-auch-waehrend-den-ferien-betrieb-und-sicherheit-gewaehrleisten\\\/#article\",\"isPartOf\":{\"@id\":\"https:\\\/\\\/www.organisator.ch\\\/operational-excellence\\\/2023-07-05\\\/wie-it-teams-auch-waehrend-den-ferien-betrieb-und-sicherheit-gewaehrleisten\\\/\"},\"author\":{\"name\":\"galledia\",\"@id\":\"https:\\\/\\\/www.organisator.ch\\\/#\\\/schema\\\/person\\\/4e51799071cd2dd1232ac003643ef5f0\"},\"headline\":\"Wie IT-Teams auch w\u00e4hrend den Ferien Betrieb und Sicherheit gew\u00e4hrleisten\",\"datePublished\":\"2023-07-05T06:25:53+00:00\",\"dateModified\":\"2024-11-15T05:25:58+00:00\",\"mainEntityOfPage\":{\"@id\":\"https:\\\/\\\/www.organisator.ch\\\/operational-excellence\\\/2023-07-05\\\/wie-it-teams-auch-waehrend-den-ferien-betrieb-und-sicherheit-gewaehrleisten\\\/\"},\"wordCount\":950,\"publisher\":{\"@id\":\"https:\\\/\\\/www.organisator.ch\\\/#organization\"},\"image\":{\"@id\":\"https:\\\/\\\/www.organisator.ch\\\/operational-excellence\\\/2023-07-05\\\/wie-it-teams-auch-waehrend-den-ferien-betrieb-und-sicherheit-gewaehrleisten\\\/#primaryimage\"},\"thumbnailUrl\":\"https:\\\/\\\/www.m-q.ch\\\/wp-content\\\/uploads\\\/2023\\\/07\\\/Wie-IT-Teams-auch-waehrend-den-Ferien-Betrieb-und-Sicherheit-gewaehrleisten_MQ.jpg\",\"articleSection\":[\"OPERATIONAL EXCELLENCE\"],\"inLanguage\":\"it-IT\"},{\"@type\":\"WebPage\",\"@id\":\"https:\\\/\\\/www.organisator.ch\\\/operational-excellence\\\/2023-07-05\\\/wie-it-teams-auch-waehrend-den-ferien-betrieb-und-sicherheit-gewaehrleisten\\\/\",\"url\":\"https:\\\/\\\/www.organisator.ch\\\/operational-excellence\\\/2023-07-05\\\/wie-it-teams-auch-waehrend-den-ferien-betrieb-und-sicherheit-gewaehrleisten\\\/\",\"name\":\"Wie IT-Teams auch w\u00e4hrend den Ferien Betrieb und Sicherheit gew\u00e4hrleisten - Organisator\",\"isPartOf\":{\"@id\":\"https:\\\/\\\/www.organisator.ch\\\/#website\"},\"primaryImageOfPage\":{\"@id\":\"https:\\\/\\\/www.organisator.ch\\\/operational-excellence\\\/2023-07-05\\\/wie-it-teams-auch-waehrend-den-ferien-betrieb-und-sicherheit-gewaehrleisten\\\/#primaryimage\"},\"image\":{\"@id\":\"https:\\\/\\\/www.organisator.ch\\\/operational-excellence\\\/2023-07-05\\\/wie-it-teams-auch-waehrend-den-ferien-betrieb-und-sicherheit-gewaehrleisten\\\/#primaryimage\"},\"thumbnailUrl\":\"https:\\\/\\\/www.m-q.ch\\\/wp-content\\\/uploads\\\/2023\\\/07\\\/Wie-IT-Teams-auch-waehrend-den-Ferien-Betrieb-und-Sicherheit-gewaehrleisten_MQ.jpg\",\"datePublished\":\"2023-07-05T06:25:53+00:00\",\"dateModified\":\"2024-11-15T05:25:58+00:00\",\"description\":\"Gew\u00e4hrleistung der IT-Sicherheit w\u00e4hrend der Ferien: Tipps und Strategien zur Risikominimierung.\",\"breadcrumb\":{\"@id\":\"https:\\\/\\\/www.organisator.ch\\\/operational-excellence\\\/2023-07-05\\\/wie-it-teams-auch-waehrend-den-ferien-betrieb-und-sicherheit-gewaehrleisten\\\/#breadcrumb\"},\"inLanguage\":\"it-IT\",\"potentialAction\":[{\"@type\":\"ReadAction\",\"target\":[\"https:\\\/\\\/www.organisator.ch\\\/operational-excellence\\\/2023-07-05\\\/wie-it-teams-auch-waehrend-den-ferien-betrieb-und-sicherheit-gewaehrleisten\\\/\"]}]},{\"@type\":\"ImageObject\",\"inLanguage\":\"it-IT\",\"@id\":\"https:\\\/\\\/www.organisator.ch\\\/operational-excellence\\\/2023-07-05\\\/wie-it-teams-auch-waehrend-den-ferien-betrieb-und-sicherheit-gewaehrleisten\\\/#primaryimage\",\"url\":\"https:\\\/\\\/www.m-q.ch\\\/wp-content\\\/uploads\\\/2023\\\/07\\\/Wie-IT-Teams-auch-waehrend-den-Ferien-Betrieb-und-Sicherheit-gewaehrleisten_MQ.jpg\",\"contentUrl\":\"https:\\\/\\\/www.m-q.ch\\\/wp-content\\\/uploads\\\/2023\\\/07\\\/Wie-IT-Teams-auch-waehrend-den-Ferien-Betrieb-und-Sicherheit-gewaehrleisten_MQ.jpg\"},{\"@type\":\"BreadcrumbList\",\"@id\":\"https:\\\/\\\/www.organisator.ch\\\/operational-excellence\\\/2023-07-05\\\/wie-it-teams-auch-waehrend-den-ferien-betrieb-und-sicherheit-gewaehrleisten\\\/#breadcrumb\",\"itemListElement\":[{\"@type\":\"ListItem\",\"position\":1,\"name\":\"Home\",\"item\":\"https:\\\/\\\/www.organisator.ch\\\/\"},{\"@type\":\"ListItem\",\"position\":2,\"name\":\"Wie IT-Teams auch w\u00e4hrend den Ferien Betrieb und Sicherheit gew\u00e4hrleisten\"}]},{\"@type\":\"WebSite\",\"@id\":\"https:\\\/\\\/www.organisator.ch\\\/#website\",\"url\":\"https:\\\/\\\/www.organisator.ch\\\/\",\"name\":\"Organisator\",\"description\":\"Kompetent. Praxisnah. Der ORGANISATOR bereitet in 10 Ausgaben pro Jahr die wesentlichen Themen f\u00fcr F\u00fchrungskr\u00e4fte von KMU auf.\",\"publisher\":{\"@id\":\"https:\\\/\\\/www.organisator.ch\\\/#organization\"},\"potentialAction\":[{\"@type\":\"SearchAction\",\"target\":{\"@type\":\"EntryPoint\",\"urlTemplate\":\"https:\\\/\\\/www.organisator.ch\\\/?s={search_term_string}\"},\"query-input\":{\"@type\":\"PropertyValueSpecification\",\"valueRequired\":true,\"valueName\":\"search_term_string\"}}],\"inLanguage\":\"it-IT\"},{\"@type\":\"Organization\",\"@id\":\"https:\\\/\\\/www.organisator.ch\\\/#organization\",\"name\":\"Organisator\",\"url\":\"https:\\\/\\\/www.organisator.ch\\\/\",\"logo\":{\"@type\":\"ImageObject\",\"inLanguage\":\"it-IT\",\"@id\":\"https:\\\/\\\/www.organisator.ch\\\/#\\\/schema\\\/logo\\\/image\\\/\",\"url\":\"https:\\\/\\\/www.organisator.ch\\\/wp-content\\\/uploads\\\/2022\\\/01\\\/Logo_Organisator_Website.png\",\"contentUrl\":\"https:\\\/\\\/www.organisator.ch\\\/wp-content\\\/uploads\\\/2022\\\/01\\\/Logo_Organisator_Website.png\",\"width\":800,\"height\":77,\"caption\":\"Organisator\"},\"image\":{\"@id\":\"https:\\\/\\\/www.organisator.ch\\\/#\\\/schema\\\/logo\\\/image\\\/\"},\"sameAs\":[\"https:\\\/\\\/www.facebook.com\\\/OrganisatorFachmagazin\",\"https:\\\/\\\/www.linkedin.com\\\/showcase\\\/organisator-das-magazin-fr-kmu\",\"https:\\\/\\\/www.xing.com\\\/news\\\/pages\\\/organisator-ch-695\",\"https:\\\/\\\/www.youtube.com\\\/channel\\\/UCGP2Sq0iWaZwT3BdIAQFYpw\"]},{\"@type\":\"Person\",\"@id\":\"https:\\\/\\\/www.organisator.ch\\\/#\\\/schema\\\/person\\\/4e51799071cd2dd1232ac003643ef5f0\",\"name\":\"galledia\",\"image\":{\"@type\":\"ImageObject\",\"inLanguage\":\"it-IT\",\"@id\":\"https:\\\/\\\/secure.gravatar.com\\\/avatar\\\/78a7f90c01fc2bfc875782a0d4922b37cde2cf184ce347b91316d23cd7f69a36?s=96&d=mm&r=g\",\"url\":\"https:\\\/\\\/secure.gravatar.com\\\/avatar\\\/78a7f90c01fc2bfc875782a0d4922b37cde2cf184ce347b91316d23cd7f69a36?s=96&d=mm&r=g\",\"contentUrl\":\"https:\\\/\\\/secure.gravatar.com\\\/avatar\\\/78a7f90c01fc2bfc875782a0d4922b37cde2cf184ce347b91316d23cd7f69a36?s=96&d=mm&r=g\",\"caption\":\"galledia\"},\"sameAs\":[\"https:\\\/\\\/x.com\\\/admin\"],\"url\":\"https:\\\/\\\/www.organisator.ch\\\/it\\\/author\\\/galledia\\\/\"}]}<\/script>\n<!-- \/ Yoast SEO plugin. -->","yoast_head_json":{"title":"Come i team IT garantiscono le operazioni e la sicurezza anche durante le vacanze - Organizzatore","description":"Garantire la sicurezza informatica durante le vacanze: Consigli e strategie per ridurre al minimo i rischi.","robots":{"index":"index","follow":"follow","max-snippet":"max-snippet:-1","max-image-preview":"max-image-preview:large","max-video-preview":"max-video-preview:-1"},"canonical":"https:\/\/www.organisator.ch\/it\/eccellenza-operativa\/2023-07-05\/wie-it-teams-auch-waehrend-den-ferien-betrieb-und-sicherheit-gewaehrleisten\/","og_locale":"it_IT","og_type":"article","og_title":"Wie IT-Teams auch w\u00e4hrend den Ferien Betrieb und Sicherheit gew\u00e4hrleisten - Organisator","og_description":"Gew\u00e4hrleistung der IT-Sicherheit w\u00e4hrend der Ferien: Tipps und Strategien zur Risikominimierung.","og_url":"https:\/\/www.organisator.ch\/it\/eccellenza-operativa\/2023-07-05\/wie-it-teams-auch-waehrend-den-ferien-betrieb-und-sicherheit-gewaehrleisten\/","og_site_name":"Organisator","article_publisher":"https:\/\/www.facebook.com\/OrganisatorFachmagazin","article_published_time":"2023-07-05T06:25:53+00:00","article_modified_time":"2024-11-15T05:25:58+00:00","author":"galledia","twitter_card":"summary_large_image","twitter_creator":"@admin","schema":{"@context":"https:\/\/schema.org","@graph":[{"@type":"Article","@id":"https:\/\/www.organisator.ch\/operational-excellence\/2023-07-05\/wie-it-teams-auch-waehrend-den-ferien-betrieb-und-sicherheit-gewaehrleisten\/#article","isPartOf":{"@id":"https:\/\/www.organisator.ch\/operational-excellence\/2023-07-05\/wie-it-teams-auch-waehrend-den-ferien-betrieb-und-sicherheit-gewaehrleisten\/"},"author":{"name":"galledia","@id":"https:\/\/www.organisator.ch\/#\/schema\/person\/4e51799071cd2dd1232ac003643ef5f0"},"headline":"Wie IT-Teams auch w\u00e4hrend den Ferien Betrieb und Sicherheit gew\u00e4hrleisten","datePublished":"2023-07-05T06:25:53+00:00","dateModified":"2024-11-15T05:25:58+00:00","mainEntityOfPage":{"@id":"https:\/\/www.organisator.ch\/operational-excellence\/2023-07-05\/wie-it-teams-auch-waehrend-den-ferien-betrieb-und-sicherheit-gewaehrleisten\/"},"wordCount":950,"publisher":{"@id":"https:\/\/www.organisator.ch\/#organization"},"image":{"@id":"https:\/\/www.organisator.ch\/operational-excellence\/2023-07-05\/wie-it-teams-auch-waehrend-den-ferien-betrieb-und-sicherheit-gewaehrleisten\/#primaryimage"},"thumbnailUrl":"https:\/\/www.m-q.ch\/wp-content\/uploads\/2023\/07\/Wie-IT-Teams-auch-waehrend-den-Ferien-Betrieb-und-Sicherheit-gewaehrleisten_MQ.jpg","articleSection":["OPERATIONAL EXCELLENCE"],"inLanguage":"it-IT"},{"@type":"WebPage","@id":"https:\/\/www.organisator.ch\/operational-excellence\/2023-07-05\/wie-it-teams-auch-waehrend-den-ferien-betrieb-und-sicherheit-gewaehrleisten\/","url":"https:\/\/www.organisator.ch\/operational-excellence\/2023-07-05\/wie-it-teams-auch-waehrend-den-ferien-betrieb-und-sicherheit-gewaehrleisten\/","name":"Come i team IT garantiscono le operazioni e la sicurezza anche durante le vacanze - Organizzatore","isPartOf":{"@id":"https:\/\/www.organisator.ch\/#website"},"primaryImageOfPage":{"@id":"https:\/\/www.organisator.ch\/operational-excellence\/2023-07-05\/wie-it-teams-auch-waehrend-den-ferien-betrieb-und-sicherheit-gewaehrleisten\/#primaryimage"},"image":{"@id":"https:\/\/www.organisator.ch\/operational-excellence\/2023-07-05\/wie-it-teams-auch-waehrend-den-ferien-betrieb-und-sicherheit-gewaehrleisten\/#primaryimage"},"thumbnailUrl":"https:\/\/www.m-q.ch\/wp-content\/uploads\/2023\/07\/Wie-IT-Teams-auch-waehrend-den-Ferien-Betrieb-und-Sicherheit-gewaehrleisten_MQ.jpg","datePublished":"2023-07-05T06:25:53+00:00","dateModified":"2024-11-15T05:25:58+00:00","description":"Garantire la sicurezza informatica durante le vacanze: Consigli e strategie per ridurre al minimo i rischi.","breadcrumb":{"@id":"https:\/\/www.organisator.ch\/operational-excellence\/2023-07-05\/wie-it-teams-auch-waehrend-den-ferien-betrieb-und-sicherheit-gewaehrleisten\/#breadcrumb"},"inLanguage":"it-IT","potentialAction":[{"@type":"ReadAction","target":["https:\/\/www.organisator.ch\/operational-excellence\/2023-07-05\/wie-it-teams-auch-waehrend-den-ferien-betrieb-und-sicherheit-gewaehrleisten\/"]}]},{"@type":"ImageObject","inLanguage":"it-IT","@id":"https:\/\/www.organisator.ch\/operational-excellence\/2023-07-05\/wie-it-teams-auch-waehrend-den-ferien-betrieb-und-sicherheit-gewaehrleisten\/#primaryimage","url":"https:\/\/www.m-q.ch\/wp-content\/uploads\/2023\/07\/Wie-IT-Teams-auch-waehrend-den-Ferien-Betrieb-und-Sicherheit-gewaehrleisten_MQ.jpg","contentUrl":"https:\/\/www.m-q.ch\/wp-content\/uploads\/2023\/07\/Wie-IT-Teams-auch-waehrend-den-Ferien-Betrieb-und-Sicherheit-gewaehrleisten_MQ.jpg"},{"@type":"BreadcrumbList","@id":"https:\/\/www.organisator.ch\/operational-excellence\/2023-07-05\/wie-it-teams-auch-waehrend-den-ferien-betrieb-und-sicherheit-gewaehrleisten\/#breadcrumb","itemListElement":[{"@type":"ListItem","position":1,"name":"Home","item":"https:\/\/www.organisator.ch\/"},{"@type":"ListItem","position":2,"name":"Wie IT-Teams auch w\u00e4hrend den Ferien Betrieb und Sicherheit gew\u00e4hrleisten"}]},{"@type":"WebSite","@id":"https:\/\/www.organisator.ch\/#website","url":"https:\/\/www.organisator.ch\/","name":"Organizzatore","description":"Competente. Pratico. In 10 numeri all'anno, ORGANISATOR presenta i temi essenziali per i manager delle PMI.","publisher":{"@id":"https:\/\/www.organisator.ch\/#organization"},"potentialAction":[{"@type":"SearchAction","target":{"@type":"EntryPoint","urlTemplate":"https:\/\/www.organisator.ch\/?s={search_term_string}"},"query-input":{"@type":"PropertyValueSpecification","valueRequired":true,"valueName":"search_term_string"}}],"inLanguage":"it-IT"},{"@type":"Organization","@id":"https:\/\/www.organisator.ch\/#organization","name":"Organizzatore","url":"https:\/\/www.organisator.ch\/","logo":{"@type":"ImageObject","inLanguage":"it-IT","@id":"https:\/\/www.organisator.ch\/#\/schema\/logo\/image\/","url":"https:\/\/www.organisator.ch\/wp-content\/uploads\/2022\/01\/Logo_Organisator_Website.png","contentUrl":"https:\/\/www.organisator.ch\/wp-content\/uploads\/2022\/01\/Logo_Organisator_Website.png","width":800,"height":77,"caption":"Organisator"},"image":{"@id":"https:\/\/www.organisator.ch\/#\/schema\/logo\/image\/"},"sameAs":["https:\/\/www.facebook.com\/OrganisatorFachmagazin","https:\/\/www.linkedin.com\/showcase\/organisator-das-magazin-fr-kmu","https:\/\/www.xing.com\/news\/pages\/organisator-ch-695","https:\/\/www.youtube.com\/channel\/UCGP2Sq0iWaZwT3BdIAQFYpw"]},{"@type":"Person","@id":"https:\/\/www.organisator.ch\/#\/schema\/person\/4e51799071cd2dd1232ac003643ef5f0","name":"galledia","image":{"@type":"ImageObject","inLanguage":"it-IT","@id":"https:\/\/secure.gravatar.com\/avatar\/78a7f90c01fc2bfc875782a0d4922b37cde2cf184ce347b91316d23cd7f69a36?s=96&d=mm&r=g","url":"https:\/\/secure.gravatar.com\/avatar\/78a7f90c01fc2bfc875782a0d4922b37cde2cf184ce347b91316d23cd7f69a36?s=96&d=mm&r=g","contentUrl":"https:\/\/secure.gravatar.com\/avatar\/78a7f90c01fc2bfc875782a0d4922b37cde2cf184ce347b91316d23cd7f69a36?s=96&d=mm&r=g","caption":"galledia"},"sameAs":["https:\/\/x.com\/admin"],"url":"https:\/\/www.organisator.ch\/it\/author\/galledia\/"}]}},"_links":{"self":[{"href":"https:\/\/www.organisator.ch\/it\/wp-json\/wp\/v2\/posts\/20941","targetHints":{"allow":["GET"]}}],"collection":[{"href":"https:\/\/www.organisator.ch\/it\/wp-json\/wp\/v2\/posts"}],"about":[{"href":"https:\/\/www.organisator.ch\/it\/wp-json\/wp\/v2\/types\/post"}],"author":[{"embeddable":true,"href":"https:\/\/www.organisator.ch\/it\/wp-json\/wp\/v2\/users\/8"}],"replies":[{"embeddable":true,"href":"https:\/\/www.organisator.ch\/it\/wp-json\/wp\/v2\/comments?post=20941"}],"version-history":[{"count":4,"href":"https:\/\/www.organisator.ch\/it\/wp-json\/wp\/v2\/posts\/20941\/revisions"}],"predecessor-version":[{"id":33037,"href":"https:\/\/www.organisator.ch\/it\/wp-json\/wp\/v2\/posts\/20941\/revisions\/33037"}],"wp:attachment":[{"href":"https:\/\/www.organisator.ch\/it\/wp-json\/wp\/v2\/media?parent=20941"}],"wp:term":[{"taxonomy":"category","embeddable":true,"href":"https:\/\/www.organisator.ch\/it\/wp-json\/wp\/v2\/categories?post=20941"},{"taxonomy":"post_tag","embeddable":true,"href":"https:\/\/www.organisator.ch\/it\/wp-json\/wp\/v2\/tags?post=20941"}],"curies":[{"name":"wp","href":"https:\/\/api.w.org\/{rel}","templated":true}]}}