{"id":20969,"date":"2023-07-07T06:26:51","date_gmt":"2023-07-07T04:26:51","guid":{"rendered":"https:\/\/www.organisator.ch\/?p=20969"},"modified":"2023-07-06T16:45:30","modified_gmt":"2023-07-06T14:45:30","slug":"bike-to-work-challenge-97616-nehmen-das-velo-zur-arbeit","status":"publish","type":"post","link":"https:\/\/www.organisator.ch\/it\/human-resources\/fit_im_job\/2023-07-07\/bike-to-work-challenge-97616-nehmen-das-velo-zur-arbeit\/","title":{"rendered":"bike to work Challenge: 97.616 persone vanno al lavoro in bicicletta"},"content":{"rendered":"<figure id=\"attachment_20970\" aria-describedby=\"caption-attachment-20970\" style=\"width: 680px\" class=\"wp-caption alignnone\"><img loading=\"lazy\" decoding=\"async\" class=\"size-full wp-image-20970\" src=\"https:\/\/www.organisator.ch\/wp-content\/uploads\/2023\/07\/bike-to-work-Challenge-97616-nehmen-das-Velo-zur-Arbeit_Organisator.jpg\" alt=\"\" width=\"680\" height=\"454\" srcset=\"https:\/\/www.organisator.ch\/wp-content\/uploads\/2023\/07\/bike-to-work-Challenge-97616-nehmen-das-Velo-zur-Arbeit_Organisator.jpg 680w, https:\/\/www.organisator.ch\/wp-content\/uploads\/2023\/07\/bike-to-work-Challenge-97616-nehmen-das-Velo-zur-Arbeit_Organisator-18x12.jpg 18w, https:\/\/www.organisator.ch\/wp-content\/uploads\/2023\/07\/bike-to-work-Challenge-97616-nehmen-das-Velo-zur-Arbeit_Organisator-375x250.jpg 375w, https:\/\/www.organisator.ch\/wp-content\/uploads\/2023\/07\/bike-to-work-Challenge-97616-nehmen-das-Velo-zur-Arbeit_Organisator-524x350.jpg 524w\" sizes=\"auto, (max-width: 680px) 100vw, 680px\" \/><figcaption id=\"caption-attachment-20970\" class=\"wp-caption-text\">Andare al lavoro in bicicletta sta diventando sempre pi\u00f9 popolare: quasi 100.000 persone hanno partecipato alla sfida \"bike to work\" di quest'anno. (Immagine simbolo; Pixabay.com)<\/figcaption><\/figure>\n<p>Quest'anno 97.616 partecipanti hanno preso parte alla Bike to Work Challenge. Si tratta del 21% in pi\u00f9 rispetto all'anno scorso e rappresenta un nuovo record. La crescente popolarit\u00e0 della bicicletta, il continuo boom delle e-bike e la crescente consapevolezza di una mobilit\u00e0 rispettosa del clima contribuiscono a questo successo. Sempre pi\u00f9 persone riconoscono i benefici per la salute e il divertimento della bicicletta. Tuttavia, Mai Poffet, responsabile del bike to work di Pro Velo Svizzera, sottolinea anche l'importanza di un'infrastruttura ciclabile avanzata e si aspetta che le autorit\u00e0 tengano conto di questa tendenza. La campagna si \u00e8 svolta nei mesi di maggio e giugno. In media, i partecipanti hanno percorso 290 chilometri per recarsi al lavoro in 22 giorni (anno precedente: 244 km e 19 giorni). Queste cifre riflettono il forte impegno e il successo della campagna.<\/p>\n<p>L'azienda Schindler Aufz\u00fcge e AS Aufz\u00fcge di Ebikon hanno partecipato alla sfida \"bike to work\" nei mesi di maggio e giugno con 157 dipendenti. I pendolari in bicicletta hanno percorso ben 59.980 chilometri. C\u00e9line Kreienb\u00fchl, specialista della gestione della salute: \"La partecipazione alla sfida \"bike to work\" ci ha dato l'opportunit\u00e0 di sensibilizzare l'opinione pubblica sulla mobilit\u00e0 sostenibile e di offrire ai nostri dipendenti un'alternativa sana ed ecologica ai loro spostamenti quotidiani. Promuovendo l'uso della bicicletta, siamo stati in grado non solo di migliorare la forma fisica dei nostri dipendenti, ma anche di rafforzare la cooperazione e lo spirito di squadra all'interno dell'azienda. I successi ottenuti come azienda Schindler in relazione alla Bike to Work Challenge 2023 sono notevoli. Continueremo a partecipare al bike to work anche in futuro per continuare ad avere un impatto positivo sulla nostra forza lavoro e sull'ambiente\".<\/p>\n<blockquote>\n<h3><strong>bike to work Challenge 2023 in dettaglio<\/strong><\/h3>\n<ul>\n<li>97.616 partecipanti +21% (anno precedente: 80.556)<\/li>\n<li>3249 aziende agricole +15% (anno precedente: 2829)<\/li>\n<li>28'375'802 chilometri percorsi +28% (anno precedente: 22'184'698)<\/li>\n<li><strong>Equivalenza di CO2*: <\/strong>4086 tonnellate +28% (anno precedente: 3194)<br \/>\n*Base di calcolo: 144 g\/km di emissioni di CO2<\/li>\n<\/ul>\n<p><strong>Le prime 3 aziende per numero di squadre <\/strong><\/p>\n<ul>\n<li>Gruppo Migros 465 squadre<\/li>\n<li>Politecnico di Zurigo 314 squadre<\/li>\n<li>Gruppo Isola 307 Squadre<\/li>\n<\/ul>\n<\/blockquote>\n<p><em><strong>Ulteriori valutazioni e vincitori.inside<\/strong><\/em><br \/>\n<em><a href=\"https:\/\/pro-velo.us12.list-manage.com\/track\/click?u=5e1ce0f2058c644a1250e58ca&amp;id=ea2dfd7896&amp;e=0825f3e74f\">biketowork.ch\/it\/about\/challenge2023<\/a><\/em><\/p>","protected":false},"excerpt":{"rendered":"<p>La campagna di promozione della bicicletta e della salute di Pro Velo Schweiz ha avuto un anno record eccezionale. Con una crescita di 21%, 97.616 entusiasti ciclisti di 3249 aziende hanno partecipato alla Challenge. Insieme hanno percorso 28.375.802 chilometri in bicicletta per recarsi al lavoro. Questa enorme distanza corrisponde a un viaggio di 708 volte intorno al mondo.<\/p>","protected":false},"author":4,"featured_media":20970,"comment_status":"closed","ping_status":"closed","sticky":false,"template":"","format":"standard","meta":{"_acf_changed":false,"_yoast_wpseo_focuskw":"bike to work Challenge","_yoast_wpseo_metadesc":"97'616 begeisterte Velofahrerinnen und Velofahrer aus 3249 Betrieben haben sich an der bike to work Challenge beteiligt.","articlekey":"","footnotes":""},"categories":[25],"tags":[77,81,208,254,358],"class_list":["post-20969","post","type-post","status-publish","format-standard","has-post-thumbnail","hentry","category-fit_im_job","tag-betriebliches-gesundheitsmanagement","tag-bike-to-work","tag-fit-im-job","tag-hrm","tag-nachhaltige-wirtschaft"],"acf":[],"yoast_head":"<!-- This site is optimized with the Yoast SEO plugin v27.4 - https:\/\/yoast.com\/product\/yoast-seo-wordpress\/ -->\n<title>bike to work Challenge: 97&#039;616 nehmen das Velo zur Arbeit - Organisator<\/title>\n<meta name=\"description\" content=\"97&#039;616 begeisterte Velofahrerinnen und Velofahrer aus 3249 Betrieben haben sich an der bike to work Challenge beteiligt.\" \/>\n<meta name=\"robots\" content=\"index, follow, max-snippet:-1, max-image-preview:large, max-video-preview:-1\" \/>\n<link rel=\"canonical\" href=\"https:\/\/www.organisator.ch\/it\/risorse-umane\/fit_im_job\/2023-07-07\/bike-to-work-challenge-97616-nehmen-das-velo-zur-arbeit\/\" \/>\n<meta property=\"og:locale\" content=\"it_IT\" \/>\n<meta property=\"og:type\" content=\"article\" \/>\n<meta property=\"og:title\" content=\"bike to work Challenge: 97&#039;616 nehmen das Velo zur Arbeit\" \/>\n<meta property=\"og:description\" content=\"97&#039;616 begeisterte Velofahrerinnen und Velofahrer aus 3249 Betrieben haben sich an der bike to work Challenge beteiligt.\" \/>\n<meta property=\"og:url\" content=\"https:\/\/www.organisator.ch\/it\/risorse-umane\/fit_im_job\/2023-07-07\/bike-to-work-challenge-97616-nehmen-das-velo-zur-arbeit\/\" \/>\n<meta property=\"og:site_name\" content=\"Organisator\" \/>\n<meta property=\"article:publisher\" content=\"https:\/\/www.facebook.com\/OrganisatorFachmagazin\" \/>\n<meta property=\"article:published_time\" content=\"2023-07-07T04:26:51+00:00\" \/>\n<meta property=\"og:image\" content=\"https:\/\/www.organisator.ch\/wp-content\/uploads\/2023\/07\/bike-to-work-Challenge-97616-nehmen-das-Velo-zur-Arbeit_Organisator.jpg\" \/>\n\t<meta property=\"og:image:width\" content=\"680\" \/>\n\t<meta property=\"og:image:height\" content=\"454\" \/>\n\t<meta property=\"og:image:type\" content=\"image\/jpeg\" \/>\n<meta name=\"author\" content=\"thomas.berner\" \/>\n<meta name=\"twitter:card\" content=\"summary_large_image\" \/>\n<meta name=\"twitter:title\" content=\"bike to work #Challenge: 97&#039;616 nehmen das #Velo zur Arbeit\" \/>\n<meta name=\"twitter:description\" content=\"97&#039;616 begeisterte #Velofahrerinnen und #Velofahrer aus 3249 Betrieben haben sich an der #biketowork Challenge beteiligt.\" \/>\n<meta name=\"twitter:image\" content=\"https:\/\/www.organisator.ch\/wp-content\/uploads\/2023\/07\/bike-to-work-Challenge-97616-nehmen-das-Velo-zur-Arbeit_Organisator.jpg\" \/>\n<script type=\"application\/ld+json\" class=\"yoast-schema-graph\">{\"@context\":\"https:\\\/\\\/schema.org\",\"@graph\":[{\"@type\":\"Article\",\"@id\":\"https:\\\/\\\/www.organisator.ch\\\/human-resources\\\/fit_im_job\\\/2023-07-07\\\/bike-to-work-challenge-97616-nehmen-das-velo-zur-arbeit\\\/#article\",\"isPartOf\":{\"@id\":\"https:\\\/\\\/www.organisator.ch\\\/human-resources\\\/fit_im_job\\\/2023-07-07\\\/bike-to-work-challenge-97616-nehmen-das-velo-zur-arbeit\\\/\"},\"author\":{\"name\":\"thomas.berner\",\"@id\":\"https:\\\/\\\/www.organisator.ch\\\/#\\\/schema\\\/person\\\/6f650f90b2842cd4c0cc334b4e36f67e\"},\"headline\":\"bike to work Challenge: 97&#8217;616 nehmen das Velo zur Arbeit\",\"datePublished\":\"2023-07-07T04:26:51+00:00\",\"mainEntityOfPage\":{\"@id\":\"https:\\\/\\\/www.organisator.ch\\\/human-resources\\\/fit_im_job\\\/2023-07-07\\\/bike-to-work-challenge-97616-nehmen-das-velo-zur-arbeit\\\/\"},\"wordCount\":360,\"publisher\":{\"@id\":\"https:\\\/\\\/www.organisator.ch\\\/#organization\"},\"image\":{\"@id\":\"https:\\\/\\\/www.organisator.ch\\\/human-resources\\\/fit_im_job\\\/2023-07-07\\\/bike-to-work-challenge-97616-nehmen-das-velo-zur-arbeit\\\/#primaryimage\"},\"thumbnailUrl\":\"https:\\\/\\\/www.organisator.ch\\\/wp-content\\\/uploads\\\/2023\\\/07\\\/bike-to-work-Challenge-97616-nehmen-das-Velo-zur-Arbeit_Organisator.jpg\",\"keywords\":[\"Betriebliches Gesundheitsmanagement\",\"Bike to Work\",\"Fit im Job\",\"HRM\",\"Nachhaltige Wirtschaft\"],\"articleSection\":[\"FIT IM JOB\"],\"inLanguage\":\"it-IT\"},{\"@type\":\"WebPage\",\"@id\":\"https:\\\/\\\/www.organisator.ch\\\/human-resources\\\/fit_im_job\\\/2023-07-07\\\/bike-to-work-challenge-97616-nehmen-das-velo-zur-arbeit\\\/\",\"url\":\"https:\\\/\\\/www.organisator.ch\\\/human-resources\\\/fit_im_job\\\/2023-07-07\\\/bike-to-work-challenge-97616-nehmen-das-velo-zur-arbeit\\\/\",\"name\":\"bike to work Challenge: 97'616 nehmen das Velo zur Arbeit - Organisator\",\"isPartOf\":{\"@id\":\"https:\\\/\\\/www.organisator.ch\\\/#website\"},\"primaryImageOfPage\":{\"@id\":\"https:\\\/\\\/www.organisator.ch\\\/human-resources\\\/fit_im_job\\\/2023-07-07\\\/bike-to-work-challenge-97616-nehmen-das-velo-zur-arbeit\\\/#primaryimage\"},\"image\":{\"@id\":\"https:\\\/\\\/www.organisator.ch\\\/human-resources\\\/fit_im_job\\\/2023-07-07\\\/bike-to-work-challenge-97616-nehmen-das-velo-zur-arbeit\\\/#primaryimage\"},\"thumbnailUrl\":\"https:\\\/\\\/www.organisator.ch\\\/wp-content\\\/uploads\\\/2023\\\/07\\\/bike-to-work-Challenge-97616-nehmen-das-Velo-zur-Arbeit_Organisator.jpg\",\"datePublished\":\"2023-07-07T04:26:51+00:00\",\"description\":\"97'616 begeisterte Velofahrerinnen und Velofahrer aus 3249 Betrieben haben sich an der bike to work Challenge beteiligt.\",\"breadcrumb\":{\"@id\":\"https:\\\/\\\/www.organisator.ch\\\/human-resources\\\/fit_im_job\\\/2023-07-07\\\/bike-to-work-challenge-97616-nehmen-das-velo-zur-arbeit\\\/#breadcrumb\"},\"inLanguage\":\"it-IT\",\"potentialAction\":[{\"@type\":\"ReadAction\",\"target\":[\"https:\\\/\\\/www.organisator.ch\\\/human-resources\\\/fit_im_job\\\/2023-07-07\\\/bike-to-work-challenge-97616-nehmen-das-velo-zur-arbeit\\\/\"]}]},{\"@type\":\"ImageObject\",\"inLanguage\":\"it-IT\",\"@id\":\"https:\\\/\\\/www.organisator.ch\\\/human-resources\\\/fit_im_job\\\/2023-07-07\\\/bike-to-work-challenge-97616-nehmen-das-velo-zur-arbeit\\\/#primaryimage\",\"url\":\"https:\\\/\\\/www.organisator.ch\\\/wp-content\\\/uploads\\\/2023\\\/07\\\/bike-to-work-Challenge-97616-nehmen-das-Velo-zur-Arbeit_Organisator.jpg\",\"contentUrl\":\"https:\\\/\\\/www.organisator.ch\\\/wp-content\\\/uploads\\\/2023\\\/07\\\/bike-to-work-Challenge-97616-nehmen-das-Velo-zur-Arbeit_Organisator.jpg\",\"width\":680,\"height\":454,\"caption\":\"Mit dem Velo zur Arbeit wird immer beliebter: Fast 100'000 Personen nahmen an der diesj\u00e4hrigen bike to work Challenge teil. (Symbolbild; Pixabay.com)\"},{\"@type\":\"BreadcrumbList\",\"@id\":\"https:\\\/\\\/www.organisator.ch\\\/human-resources\\\/fit_im_job\\\/2023-07-07\\\/bike-to-work-challenge-97616-nehmen-das-velo-zur-arbeit\\\/#breadcrumb\",\"itemListElement\":[{\"@type\":\"ListItem\",\"position\":1,\"name\":\"Home\",\"item\":\"https:\\\/\\\/www.organisator.ch\\\/\"},{\"@type\":\"ListItem\",\"position\":2,\"name\":\"bike to work Challenge: 97&#8217;616 nehmen das Velo zur Arbeit\"}]},{\"@type\":\"WebSite\",\"@id\":\"https:\\\/\\\/www.organisator.ch\\\/#website\",\"url\":\"https:\\\/\\\/www.organisator.ch\\\/\",\"name\":\"Organisator\",\"description\":\"Kompetent. Praxisnah. Der ORGANISATOR bereitet in 10 Ausgaben pro Jahr die wesentlichen Themen f\u00fcr F\u00fchrungskr\u00e4fte von KMU auf.\",\"publisher\":{\"@id\":\"https:\\\/\\\/www.organisator.ch\\\/#organization\"},\"potentialAction\":[{\"@type\":\"SearchAction\",\"target\":{\"@type\":\"EntryPoint\",\"urlTemplate\":\"https:\\\/\\\/www.organisator.ch\\\/?s={search_term_string}\"},\"query-input\":{\"@type\":\"PropertyValueSpecification\",\"valueRequired\":true,\"valueName\":\"search_term_string\"}}],\"inLanguage\":\"it-IT\"},{\"@type\":\"Organization\",\"@id\":\"https:\\\/\\\/www.organisator.ch\\\/#organization\",\"name\":\"Organisator\",\"url\":\"https:\\\/\\\/www.organisator.ch\\\/\",\"logo\":{\"@type\":\"ImageObject\",\"inLanguage\":\"it-IT\",\"@id\":\"https:\\\/\\\/www.organisator.ch\\\/#\\\/schema\\\/logo\\\/image\\\/\",\"url\":\"https:\\\/\\\/www.organisator.ch\\\/wp-content\\\/uploads\\\/2022\\\/01\\\/Logo_Organisator_Website.png\",\"contentUrl\":\"https:\\\/\\\/www.organisator.ch\\\/wp-content\\\/uploads\\\/2022\\\/01\\\/Logo_Organisator_Website.png\",\"width\":800,\"height\":77,\"caption\":\"Organisator\"},\"image\":{\"@id\":\"https:\\\/\\\/www.organisator.ch\\\/#\\\/schema\\\/logo\\\/image\\\/\"},\"sameAs\":[\"https:\\\/\\\/www.facebook.com\\\/OrganisatorFachmagazin\",\"https:\\\/\\\/www.linkedin.com\\\/showcase\\\/organisator-das-magazin-fr-kmu\",\"https:\\\/\\\/www.xing.com\\\/news\\\/pages\\\/organisator-ch-695\",\"https:\\\/\\\/www.youtube.com\\\/channel\\\/UCGP2Sq0iWaZwT3BdIAQFYpw\"]},{\"@type\":\"Person\",\"@id\":\"https:\\\/\\\/www.organisator.ch\\\/#\\\/schema\\\/person\\\/6f650f90b2842cd4c0cc334b4e36f67e\",\"name\":\"thomas.berner\",\"image\":{\"@type\":\"ImageObject\",\"inLanguage\":\"it-IT\",\"@id\":\"https:\\\/\\\/secure.gravatar.com\\\/avatar\\\/ac5001d2a36cb6c6cd3e50789007ffca834b477b74a2144564522e944eabff61?s=96&d=mm&r=g\",\"url\":\"https:\\\/\\\/secure.gravatar.com\\\/avatar\\\/ac5001d2a36cb6c6cd3e50789007ffca834b477b74a2144564522e944eabff61?s=96&d=mm&r=g\",\"contentUrl\":\"https:\\\/\\\/secure.gravatar.com\\\/avatar\\\/ac5001d2a36cb6c6cd3e50789007ffca834b477b74a2144564522e944eabff61?s=96&d=mm&r=g\",\"caption\":\"thomas.berner\"},\"url\":\"https:\\\/\\\/www.organisator.ch\\\/it\\\/author\\\/thomas-berner\\\/\"}]}<\/script>\n<!-- \/ Yoast SEO plugin. -->","yoast_head_json":{"title":"Sfida bike to work: 97'616 portano la bici al lavoro - Organizzatore","description":"97.616 ciclisti entusiasti di 3249 aziende hanno partecipato alla sfida \"bike to work\".","robots":{"index":"index","follow":"follow","max-snippet":"max-snippet:-1","max-image-preview":"max-image-preview:large","max-video-preview":"max-video-preview:-1"},"canonical":"https:\/\/www.organisator.ch\/it\/risorse-umane\/fit_im_job\/2023-07-07\/bike-to-work-challenge-97616-nehmen-das-velo-zur-arbeit\/","og_locale":"it_IT","og_type":"article","og_title":"bike to work Challenge: 97'616 nehmen das Velo zur Arbeit","og_description":"97'616 begeisterte Velofahrerinnen und Velofahrer aus 3249 Betrieben haben sich an der bike to work Challenge beteiligt.","og_url":"https:\/\/www.organisator.ch\/it\/risorse-umane\/fit_im_job\/2023-07-07\/bike-to-work-challenge-97616-nehmen-das-velo-zur-arbeit\/","og_site_name":"Organisator","article_publisher":"https:\/\/www.facebook.com\/OrganisatorFachmagazin","article_published_time":"2023-07-07T04:26:51+00:00","og_image":[{"width":680,"height":454,"url":"https:\/\/www.organisator.ch\/wp-content\/uploads\/2023\/07\/bike-to-work-Challenge-97616-nehmen-das-Velo-zur-Arbeit_Organisator.jpg","type":"image\/jpeg"}],"author":"thomas.berner","twitter_card":"summary_large_image","twitter_title":"bike to work #Challenge: 97'616 nehmen das #Velo zur Arbeit","twitter_description":"97'616 begeisterte #Velofahrerinnen und #Velofahrer aus 3249 Betrieben haben sich an der #biketowork Challenge beteiligt.","twitter_image":"https:\/\/www.organisator.ch\/wp-content\/uploads\/2023\/07\/bike-to-work-Challenge-97616-nehmen-das-Velo-zur-Arbeit_Organisator.jpg","schema":{"@context":"https:\/\/schema.org","@graph":[{"@type":"Article","@id":"https:\/\/www.organisator.ch\/human-resources\/fit_im_job\/2023-07-07\/bike-to-work-challenge-97616-nehmen-das-velo-zur-arbeit\/#article","isPartOf":{"@id":"https:\/\/www.organisator.ch\/human-resources\/fit_im_job\/2023-07-07\/bike-to-work-challenge-97616-nehmen-das-velo-zur-arbeit\/"},"author":{"name":"thomas.berner","@id":"https:\/\/www.organisator.ch\/#\/schema\/person\/6f650f90b2842cd4c0cc334b4e36f67e"},"headline":"bike to work Challenge: 97&#8217;616 nehmen das Velo zur Arbeit","datePublished":"2023-07-07T04:26:51+00:00","mainEntityOfPage":{"@id":"https:\/\/www.organisator.ch\/human-resources\/fit_im_job\/2023-07-07\/bike-to-work-challenge-97616-nehmen-das-velo-zur-arbeit\/"},"wordCount":360,"publisher":{"@id":"https:\/\/www.organisator.ch\/#organization"},"image":{"@id":"https:\/\/www.organisator.ch\/human-resources\/fit_im_job\/2023-07-07\/bike-to-work-challenge-97616-nehmen-das-velo-zur-arbeit\/#primaryimage"},"thumbnailUrl":"https:\/\/www.organisator.ch\/wp-content\/uploads\/2023\/07\/bike-to-work-Challenge-97616-nehmen-das-Velo-zur-Arbeit_Organisator.jpg","keywords":["Betriebliches Gesundheitsmanagement","Bike to Work","Fit im Job","HRM","Nachhaltige Wirtschaft"],"articleSection":["FIT IM JOB"],"inLanguage":"it-IT"},{"@type":"WebPage","@id":"https:\/\/www.organisator.ch\/human-resources\/fit_im_job\/2023-07-07\/bike-to-work-challenge-97616-nehmen-das-velo-zur-arbeit\/","url":"https:\/\/www.organisator.ch\/human-resources\/fit_im_job\/2023-07-07\/bike-to-work-challenge-97616-nehmen-das-velo-zur-arbeit\/","name":"Sfida bike to work: 97'616 portano la bici al lavoro - Organizzatore","isPartOf":{"@id":"https:\/\/www.organisator.ch\/#website"},"primaryImageOfPage":{"@id":"https:\/\/www.organisator.ch\/human-resources\/fit_im_job\/2023-07-07\/bike-to-work-challenge-97616-nehmen-das-velo-zur-arbeit\/#primaryimage"},"image":{"@id":"https:\/\/www.organisator.ch\/human-resources\/fit_im_job\/2023-07-07\/bike-to-work-challenge-97616-nehmen-das-velo-zur-arbeit\/#primaryimage"},"thumbnailUrl":"https:\/\/www.organisator.ch\/wp-content\/uploads\/2023\/07\/bike-to-work-Challenge-97616-nehmen-das-Velo-zur-Arbeit_Organisator.jpg","datePublished":"2023-07-07T04:26:51+00:00","description":"97.616 ciclisti entusiasti di 3249 aziende hanno partecipato alla sfida \"bike to work\".","breadcrumb":{"@id":"https:\/\/www.organisator.ch\/human-resources\/fit_im_job\/2023-07-07\/bike-to-work-challenge-97616-nehmen-das-velo-zur-arbeit\/#breadcrumb"},"inLanguage":"it-IT","potentialAction":[{"@type":"ReadAction","target":["https:\/\/www.organisator.ch\/human-resources\/fit_im_job\/2023-07-07\/bike-to-work-challenge-97616-nehmen-das-velo-zur-arbeit\/"]}]},{"@type":"ImageObject","inLanguage":"it-IT","@id":"https:\/\/www.organisator.ch\/human-resources\/fit_im_job\/2023-07-07\/bike-to-work-challenge-97616-nehmen-das-velo-zur-arbeit\/#primaryimage","url":"https:\/\/www.organisator.ch\/wp-content\/uploads\/2023\/07\/bike-to-work-Challenge-97616-nehmen-das-Velo-zur-Arbeit_Organisator.jpg","contentUrl":"https:\/\/www.organisator.ch\/wp-content\/uploads\/2023\/07\/bike-to-work-Challenge-97616-nehmen-das-Velo-zur-Arbeit_Organisator.jpg","width":680,"height":454,"caption":"Mit dem Velo zur Arbeit wird immer beliebter: Fast 100'000 Personen nahmen an der diesj\u00e4hrigen bike to work Challenge teil. (Symbolbild; Pixabay.com)"},{"@type":"BreadcrumbList","@id":"https:\/\/www.organisator.ch\/human-resources\/fit_im_job\/2023-07-07\/bike-to-work-challenge-97616-nehmen-das-velo-zur-arbeit\/#breadcrumb","itemListElement":[{"@type":"ListItem","position":1,"name":"Home","item":"https:\/\/www.organisator.ch\/"},{"@type":"ListItem","position":2,"name":"bike to work Challenge: 97&#8217;616 nehmen das Velo zur Arbeit"}]},{"@type":"WebSite","@id":"https:\/\/www.organisator.ch\/#website","url":"https:\/\/www.organisator.ch\/","name":"Organizzatore","description":"Competente. Pratico. In 10 numeri all'anno, ORGANISATOR presenta i temi essenziali per i manager delle PMI.","publisher":{"@id":"https:\/\/www.organisator.ch\/#organization"},"potentialAction":[{"@type":"SearchAction","target":{"@type":"EntryPoint","urlTemplate":"https:\/\/www.organisator.ch\/?s={search_term_string}"},"query-input":{"@type":"PropertyValueSpecification","valueRequired":true,"valueName":"search_term_string"}}],"inLanguage":"it-IT"},{"@type":"Organization","@id":"https:\/\/www.organisator.ch\/#organization","name":"Organizzatore","url":"https:\/\/www.organisator.ch\/","logo":{"@type":"ImageObject","inLanguage":"it-IT","@id":"https:\/\/www.organisator.ch\/#\/schema\/logo\/image\/","url":"https:\/\/www.organisator.ch\/wp-content\/uploads\/2022\/01\/Logo_Organisator_Website.png","contentUrl":"https:\/\/www.organisator.ch\/wp-content\/uploads\/2022\/01\/Logo_Organisator_Website.png","width":800,"height":77,"caption":"Organisator"},"image":{"@id":"https:\/\/www.organisator.ch\/#\/schema\/logo\/image\/"},"sameAs":["https:\/\/www.facebook.com\/OrganisatorFachmagazin","https:\/\/www.linkedin.com\/showcase\/organisator-das-magazin-fr-kmu","https:\/\/www.xing.com\/news\/pages\/organisator-ch-695","https:\/\/www.youtube.com\/channel\/UCGP2Sq0iWaZwT3BdIAQFYpw"]},{"@type":"Person","@id":"https:\/\/www.organisator.ch\/#\/schema\/person\/6f650f90b2842cd4c0cc334b4e36f67e","name":"Tommaso.berner","image":{"@type":"ImageObject","inLanguage":"it-IT","@id":"https:\/\/secure.gravatar.com\/avatar\/ac5001d2a36cb6c6cd3e50789007ffca834b477b74a2144564522e944eabff61?s=96&d=mm&r=g","url":"https:\/\/secure.gravatar.com\/avatar\/ac5001d2a36cb6c6cd3e50789007ffca834b477b74a2144564522e944eabff61?s=96&d=mm&r=g","contentUrl":"https:\/\/secure.gravatar.com\/avatar\/ac5001d2a36cb6c6cd3e50789007ffca834b477b74a2144564522e944eabff61?s=96&d=mm&r=g","caption":"thomas.berner"},"url":"https:\/\/www.organisator.ch\/it\/author\/thomas-berner\/"}]}},"_links":{"self":[{"href":"https:\/\/www.organisator.ch\/it\/wp-json\/wp\/v2\/posts\/20969","targetHints":{"allow":["GET"]}}],"collection":[{"href":"https:\/\/www.organisator.ch\/it\/wp-json\/wp\/v2\/posts"}],"about":[{"href":"https:\/\/www.organisator.ch\/it\/wp-json\/wp\/v2\/types\/post"}],"author":[{"embeddable":true,"href":"https:\/\/www.organisator.ch\/it\/wp-json\/wp\/v2\/users\/4"}],"replies":[{"embeddable":true,"href":"https:\/\/www.organisator.ch\/it\/wp-json\/wp\/v2\/comments?post=20969"}],"version-history":[{"count":1,"href":"https:\/\/www.organisator.ch\/it\/wp-json\/wp\/v2\/posts\/20969\/revisions"}],"predecessor-version":[{"id":20971,"href":"https:\/\/www.organisator.ch\/it\/wp-json\/wp\/v2\/posts\/20969\/revisions\/20971"}],"wp:featuredmedia":[{"embeddable":true,"href":"https:\/\/www.organisator.ch\/it\/wp-json\/wp\/v2\/media\/20970"}],"wp:attachment":[{"href":"https:\/\/www.organisator.ch\/it\/wp-json\/wp\/v2\/media?parent=20969"}],"wp:term":[{"taxonomy":"category","embeddable":true,"href":"https:\/\/www.organisator.ch\/it\/wp-json\/wp\/v2\/categories?post=20969"},{"taxonomy":"post_tag","embeddable":true,"href":"https:\/\/www.organisator.ch\/it\/wp-json\/wp\/v2\/tags?post=20969"}],"curies":[{"name":"wp","href":"https:\/\/api.w.org\/{rel}","templated":true}]}}