{"id":21003,"date":"2023-07-12T09:10:32","date_gmt":"2023-07-12T07:10:32","guid":{"rendered":"https:\/\/www.m-q.ch\/?p=18257"},"modified":"2024-11-15T05:45:29","modified_gmt":"2024-11-15T04:45:29","slug":"kalibrieren-von-inkrementalen-feintastern","status":"publish","type":"post","link":"https:\/\/www.organisator.ch\/it\/operational-excellence\/2023-07-12\/kalibrieren-von-inkrementalen-feintastern\/","title":{"rendered":"Calibrazione delle sonde incrementali fini"},"content":{"rendered":"<figure id=\"attachment_18258\" class=\"wp-caption alignnone\" style=\"width: 680px\" aria-describedby=\"caption-attachment-18258\"><img class=\"alignnone wp-image-18258 size-full\" src=\"https:\/\/www.m-q.ch\/wp-content\/uploads\/2023\/07\/Kalibrieren-von-inkrementalen-Feintastern_MQ.jpg\" alt=\"Feinmess Suhl\" width=\"680\" height=\"258\" \/>\r\n<figcaption id=\"caption-attachment-18258\" class=\"wp-caption-text\">Il laboratorio di taratura di Feinmess Suhl \u00e8 l'unico in Germania a essere accreditato DAkkS per le sonde incrementali. (Immagine: Feinmess Suhl GmbH)<\/figcaption>\r\n<\/figure>\r\n<p>Il portafoglio di Feinmess Suhl GmbH non comprende solo apparecchiature di prova per la misurazione dei prodotti, come fiduciarie o micrometri, ma anche sistemi per il monitoraggio delle apparecchiature di prova: questi includono, ad esempio, comparatori e puntatori di precisione completamente automatici, dispositivi per la verifica di blocchi di calibri, calibri a nastro o calibri a tappo, nonch\u00e9 sistemi di misurazione della lunghezza orizzontale e verticale. Da oltre dieci anni l'azienda offre un servizio di taratura. Ci\u00f2 \u00e8 avvenuto grazie alla taratura e alla certificazione dei propri prodotti. \"Sviluppiamo e progettiamo noi stessi i nostri dispositivi di monitoraggio delle apparecchiature di prova, come le stazioni di prova delle sonde\", afferma Norbert Heym, responsabile del laboratorio di Feinmess Suhl. \"E siamo l'unico laboratorio in Germania accreditato DAkkS per sonde incrementali fino a 100 mm\".<\/p>\r\n<h3><strong>Sonda incrementale fine IKF100D<\/strong><\/h3>\r\n<p>La sonda fine da 100 mm, regolabile manualmente e incrementale, \u00e8 dotata di un'unit\u00e0 di visualizzazione PU26 montata direttamente sulla sonda fine con una risoluzione di 0,1 \u00b5m. L'unit\u00e0 di visualizzazione mostra i risultati della misurazione di lunghezza ad alta precisione di pezzi, provini, perni di misura o blocchi di misura. Pu\u00f2 anche essere utilizzata come interfaccia per l'ulteriore elaborazione dei dati raccolti sul PC. L'interfaccia corrispondente e il software di visualizzazione FMS-View sono inclusi nella fornitura.<\/p>\r\n<h3><strong>Principio del comparatore di Abbe per la massima precisione di misurazione<\/strong><\/h3>\r\n<p>Lo spessimetro fine incrementale funziona sulla base di un sistema di misura optoelettronico. Sul corpo base dello spessimetro fine \u00e8 montata una guida a rulli prismatici con scala graduata. La regolazione dello spessimetro fine avviene tramite un volantino. La precisione del sistema \u00e8 inferiore a 0,3 \u00b5m. Il perno di misura si trova sullo stesso asse del sistema di misura e corrisponde al principio del comparatore di Abbe. Secondo il produttore, il rispetto di questo principio garantisce la precisione di misura eccezionalmente elevata di tutti i tastatori incrementali fini della serie IKF.<\/p>\r\n<p><em>Ulteriori informazioni sotto <a href=\"http:\/\/www.feinmess-suhl.de\/\">www.feinmess-suhl.de<\/a><\/em><\/p>\n<p class=\"syndicated-attribution\">Questo articolo \u00e8 apparso originariamente su m-q.ch - <a href=\"https:\/\/www.m-q.ch\/de\/kalibrieren-von-inkrementalen-feintastern\/\" target=\"_blank\">https:\/\/www.m-q.ch\/de\/kalibrieren-von-inkrementalen-feintastern\/<\/a><\/p>","protected":false},"excerpt":{"rendered":"<p>La sonda incrementale fine a regolazione manuale IKF100D con unit\u00e0 di visualizzazione integrata della gamma di sistemi di misurazione verticale della lunghezza di Feinmess Suhl \u00e8 una variante economica per la misurazione precisa di tamponi, perni di prova e sfere. Il laboratorio di Feinmess Suhl \u00e8 l'unico in Germania accreditato DAkkS per la calibrazione delle sonde incrementali.<\/p>","protected":false},"author":8,"featured_media":0,"comment_status":"closed","ping_status":"closed","sticky":false,"template":"","format":"standard","meta":{"_acf_changed":false,"_yoast_wpseo_focuskw":"Feinmess Suhl","_yoast_wpseo_metadesc":"Feinmess Suhl: Einziges DAkkS-akkreditiertes Labor f\u00fcr Inkrementaltaster bis 100 mm. Pr\u00e4zision und Qualit\u00e4t.","articlekey":"","footnotes":""},"categories":[582],"tags":[3844,3845],"class_list":["post-21003","post","type-post","status-publish","format-standard","hentry","category-operational-excellence","tag-dakks","tag-kalibrierlabor"],"acf":[],"yoast_head":"<!-- This site is optimized with the Yoast SEO plugin v27.5 - https:\/\/yoast.com\/product\/yoast-seo-wordpress\/ -->\n<title>Kalibrieren von inkrementalen Feintastern - Organisator<\/title>\n<meta name=\"description\" content=\"Feinmess Suhl: Einziges DAkkS-akkreditiertes Labor f\u00fcr Inkrementaltaster bis 100 mm. Pr\u00e4zision und Qualit\u00e4t.\" \/>\n<meta name=\"robots\" content=\"index, follow, max-snippet:-1, max-image-preview:large, max-video-preview:-1\" \/>\n<link rel=\"canonical\" href=\"https:\/\/www.organisator.ch\/it\/eccellenza-operativa\/2023-07-12\/kalibrieren-von-inkrementalen-feintastern\/\" \/>\n<meta property=\"og:locale\" content=\"it_IT\" \/>\n<meta property=\"og:type\" content=\"article\" \/>\n<meta property=\"og:title\" content=\"Kalibrieren von inkrementalen Feintastern - Organisator\" \/>\n<meta property=\"og:description\" content=\"Feinmess Suhl: Einziges DAkkS-akkreditiertes Labor f\u00fcr Inkrementaltaster bis 100 mm. Pr\u00e4zision und Qualit\u00e4t.\" \/>\n<meta property=\"og:url\" content=\"https:\/\/www.organisator.ch\/it\/eccellenza-operativa\/2023-07-12\/kalibrieren-von-inkrementalen-feintastern\/\" \/>\n<meta property=\"og:site_name\" content=\"Organisator\" \/>\n<meta property=\"article:publisher\" content=\"https:\/\/www.facebook.com\/OrganisatorFachmagazin\" \/>\n<meta property=\"article:published_time\" content=\"2023-07-12T07:10:32+00:00\" \/>\n<meta property=\"article:modified_time\" content=\"2024-11-15T04:45:29+00:00\" \/>\n<meta name=\"author\" content=\"galledia\" \/>\n<meta name=\"twitter:card\" content=\"summary_large_image\" \/>\n<meta name=\"twitter:creator\" content=\"@admin\" \/>\n<script type=\"application\/ld+json\" class=\"yoast-schema-graph\">{\"@context\":\"https:\\\/\\\/schema.org\",\"@graph\":[{\"@type\":\"Article\",\"@id\":\"https:\\\/\\\/www.organisator.ch\\\/operational-excellence\\\/2023-07-12\\\/kalibrieren-von-inkrementalen-feintastern\\\/#article\",\"isPartOf\":{\"@id\":\"https:\\\/\\\/www.organisator.ch\\\/operational-excellence\\\/2023-07-12\\\/kalibrieren-von-inkrementalen-feintastern\\\/\"},\"author\":{\"name\":\"galledia\",\"@id\":\"https:\\\/\\\/www.organisator.ch\\\/#\\\/schema\\\/person\\\/4e51799071cd2dd1232ac003643ef5f0\"},\"headline\":\"Kalibrieren von inkrementalen Feintastern\",\"datePublished\":\"2023-07-12T07:10:32+00:00\",\"dateModified\":\"2024-11-15T04:45:29+00:00\",\"mainEntityOfPage\":{\"@id\":\"https:\\\/\\\/www.organisator.ch\\\/operational-excellence\\\/2023-07-12\\\/kalibrieren-von-inkrementalen-feintastern\\\/\"},\"wordCount\":292,\"publisher\":{\"@id\":\"https:\\\/\\\/www.organisator.ch\\\/#organization\"},\"image\":{\"@id\":\"https:\\\/\\\/www.organisator.ch\\\/operational-excellence\\\/2023-07-12\\\/kalibrieren-von-inkrementalen-feintastern\\\/#primaryimage\"},\"thumbnailUrl\":\"https:\\\/\\\/www.m-q.ch\\\/wp-content\\\/uploads\\\/2023\\\/07\\\/Kalibrieren-von-inkrementalen-Feintastern_MQ.jpg\",\"keywords\":[\"DAkkS\",\"Kalibrierlabor\"],\"articleSection\":[\"OPERATIONAL EXCELLENCE\"],\"inLanguage\":\"it-IT\"},{\"@type\":\"WebPage\",\"@id\":\"https:\\\/\\\/www.organisator.ch\\\/operational-excellence\\\/2023-07-12\\\/kalibrieren-von-inkrementalen-feintastern\\\/\",\"url\":\"https:\\\/\\\/www.organisator.ch\\\/operational-excellence\\\/2023-07-12\\\/kalibrieren-von-inkrementalen-feintastern\\\/\",\"name\":\"Kalibrieren von inkrementalen Feintastern - Organisator\",\"isPartOf\":{\"@id\":\"https:\\\/\\\/www.organisator.ch\\\/#website\"},\"primaryImageOfPage\":{\"@id\":\"https:\\\/\\\/www.organisator.ch\\\/operational-excellence\\\/2023-07-12\\\/kalibrieren-von-inkrementalen-feintastern\\\/#primaryimage\"},\"image\":{\"@id\":\"https:\\\/\\\/www.organisator.ch\\\/operational-excellence\\\/2023-07-12\\\/kalibrieren-von-inkrementalen-feintastern\\\/#primaryimage\"},\"thumbnailUrl\":\"https:\\\/\\\/www.m-q.ch\\\/wp-content\\\/uploads\\\/2023\\\/07\\\/Kalibrieren-von-inkrementalen-Feintastern_MQ.jpg\",\"datePublished\":\"2023-07-12T07:10:32+00:00\",\"dateModified\":\"2024-11-15T04:45:29+00:00\",\"description\":\"Feinmess Suhl: Einziges DAkkS-akkreditiertes Labor f\u00fcr Inkrementaltaster bis 100 mm. Pr\u00e4zision und Qualit\u00e4t.\",\"breadcrumb\":{\"@id\":\"https:\\\/\\\/www.organisator.ch\\\/operational-excellence\\\/2023-07-12\\\/kalibrieren-von-inkrementalen-feintastern\\\/#breadcrumb\"},\"inLanguage\":\"it-IT\",\"potentialAction\":[{\"@type\":\"ReadAction\",\"target\":[\"https:\\\/\\\/www.organisator.ch\\\/operational-excellence\\\/2023-07-12\\\/kalibrieren-von-inkrementalen-feintastern\\\/\"]}]},{\"@type\":\"ImageObject\",\"inLanguage\":\"it-IT\",\"@id\":\"https:\\\/\\\/www.organisator.ch\\\/operational-excellence\\\/2023-07-12\\\/kalibrieren-von-inkrementalen-feintastern\\\/#primaryimage\",\"url\":\"https:\\\/\\\/www.m-q.ch\\\/wp-content\\\/uploads\\\/2023\\\/07\\\/Kalibrieren-von-inkrementalen-Feintastern_MQ.jpg\",\"contentUrl\":\"https:\\\/\\\/www.m-q.ch\\\/wp-content\\\/uploads\\\/2023\\\/07\\\/Kalibrieren-von-inkrementalen-Feintastern_MQ.jpg\"},{\"@type\":\"BreadcrumbList\",\"@id\":\"https:\\\/\\\/www.organisator.ch\\\/operational-excellence\\\/2023-07-12\\\/kalibrieren-von-inkrementalen-feintastern\\\/#breadcrumb\",\"itemListElement\":[{\"@type\":\"ListItem\",\"position\":1,\"name\":\"Home\",\"item\":\"https:\\\/\\\/www.organisator.ch\\\/\"},{\"@type\":\"ListItem\",\"position\":2,\"name\":\"Kalibrieren von inkrementalen Feintastern\"}]},{\"@type\":\"WebSite\",\"@id\":\"https:\\\/\\\/www.organisator.ch\\\/#website\",\"url\":\"https:\\\/\\\/www.organisator.ch\\\/\",\"name\":\"Organisator\",\"description\":\"Kompetent. Praxisnah. Der ORGANISATOR bereitet in 10 Ausgaben pro Jahr die wesentlichen Themen f\u00fcr F\u00fchrungskr\u00e4fte von KMU auf.\",\"publisher\":{\"@id\":\"https:\\\/\\\/www.organisator.ch\\\/#organization\"},\"potentialAction\":[{\"@type\":\"SearchAction\",\"target\":{\"@type\":\"EntryPoint\",\"urlTemplate\":\"https:\\\/\\\/www.organisator.ch\\\/?s={search_term_string}\"},\"query-input\":{\"@type\":\"PropertyValueSpecification\",\"valueRequired\":true,\"valueName\":\"search_term_string\"}}],\"inLanguage\":\"it-IT\"},{\"@type\":\"Organization\",\"@id\":\"https:\\\/\\\/www.organisator.ch\\\/#organization\",\"name\":\"Organisator\",\"url\":\"https:\\\/\\\/www.organisator.ch\\\/\",\"logo\":{\"@type\":\"ImageObject\",\"inLanguage\":\"it-IT\",\"@id\":\"https:\\\/\\\/www.organisator.ch\\\/#\\\/schema\\\/logo\\\/image\\\/\",\"url\":\"https:\\\/\\\/www.organisator.ch\\\/wp-content\\\/uploads\\\/2022\\\/01\\\/Logo_Organisator_Website.png\",\"contentUrl\":\"https:\\\/\\\/www.organisator.ch\\\/wp-content\\\/uploads\\\/2022\\\/01\\\/Logo_Organisator_Website.png\",\"width\":800,\"height\":77,\"caption\":\"Organisator\"},\"image\":{\"@id\":\"https:\\\/\\\/www.organisator.ch\\\/#\\\/schema\\\/logo\\\/image\\\/\"},\"sameAs\":[\"https:\\\/\\\/www.facebook.com\\\/OrganisatorFachmagazin\",\"https:\\\/\\\/www.linkedin.com\\\/showcase\\\/organisator-das-magazin-fr-kmu\",\"https:\\\/\\\/www.xing.com\\\/news\\\/pages\\\/organisator-ch-695\",\"https:\\\/\\\/www.youtube.com\\\/channel\\\/UCGP2Sq0iWaZwT3BdIAQFYpw\"]},{\"@type\":\"Person\",\"@id\":\"https:\\\/\\\/www.organisator.ch\\\/#\\\/schema\\\/person\\\/4e51799071cd2dd1232ac003643ef5f0\",\"name\":\"galledia\",\"image\":{\"@type\":\"ImageObject\",\"inLanguage\":\"it-IT\",\"@id\":\"https:\\\/\\\/secure.gravatar.com\\\/avatar\\\/78a7f90c01fc2bfc875782a0d4922b37cde2cf184ce347b91316d23cd7f69a36?s=96&d=mm&r=g\",\"url\":\"https:\\\/\\\/secure.gravatar.com\\\/avatar\\\/78a7f90c01fc2bfc875782a0d4922b37cde2cf184ce347b91316d23cd7f69a36?s=96&d=mm&r=g\",\"contentUrl\":\"https:\\\/\\\/secure.gravatar.com\\\/avatar\\\/78a7f90c01fc2bfc875782a0d4922b37cde2cf184ce347b91316d23cd7f69a36?s=96&d=mm&r=g\",\"caption\":\"galledia\"},\"sameAs\":[\"https:\\\/\\\/x.com\\\/admin\"],\"url\":\"https:\\\/\\\/www.organisator.ch\\\/it\\\/author\\\/galledia\\\/\"}]}<\/script>\n<!-- \/ Yoast SEO plugin. -->","yoast_head_json":{"title":"Calibrazione di sonde incrementali fini - Organizzatore","description":"Feinmess Suhl: l'unico laboratorio accreditato DAkkS per sonde incrementali fino a 100 mm. Precisione e qualit\u00e0.","robots":{"index":"index","follow":"follow","max-snippet":"max-snippet:-1","max-image-preview":"max-image-preview:large","max-video-preview":"max-video-preview:-1"},"canonical":"https:\/\/www.organisator.ch\/it\/eccellenza-operativa\/2023-07-12\/kalibrieren-von-inkrementalen-feintastern\/","og_locale":"it_IT","og_type":"article","og_title":"Kalibrieren von inkrementalen Feintastern - Organisator","og_description":"Feinmess Suhl: Einziges DAkkS-akkreditiertes Labor f\u00fcr Inkrementaltaster bis 100 mm. Pr\u00e4zision und Qualit\u00e4t.","og_url":"https:\/\/www.organisator.ch\/it\/eccellenza-operativa\/2023-07-12\/kalibrieren-von-inkrementalen-feintastern\/","og_site_name":"Organisator","article_publisher":"https:\/\/www.facebook.com\/OrganisatorFachmagazin","article_published_time":"2023-07-12T07:10:32+00:00","article_modified_time":"2024-11-15T04:45:29+00:00","author":"galledia","twitter_card":"summary_large_image","twitter_creator":"@admin","schema":{"@context":"https:\/\/schema.org","@graph":[{"@type":"Article","@id":"https:\/\/www.organisator.ch\/operational-excellence\/2023-07-12\/kalibrieren-von-inkrementalen-feintastern\/#article","isPartOf":{"@id":"https:\/\/www.organisator.ch\/operational-excellence\/2023-07-12\/kalibrieren-von-inkrementalen-feintastern\/"},"author":{"name":"galledia","@id":"https:\/\/www.organisator.ch\/#\/schema\/person\/4e51799071cd2dd1232ac003643ef5f0"},"headline":"Kalibrieren von inkrementalen Feintastern","datePublished":"2023-07-12T07:10:32+00:00","dateModified":"2024-11-15T04:45:29+00:00","mainEntityOfPage":{"@id":"https:\/\/www.organisator.ch\/operational-excellence\/2023-07-12\/kalibrieren-von-inkrementalen-feintastern\/"},"wordCount":292,"publisher":{"@id":"https:\/\/www.organisator.ch\/#organization"},"image":{"@id":"https:\/\/www.organisator.ch\/operational-excellence\/2023-07-12\/kalibrieren-von-inkrementalen-feintastern\/#primaryimage"},"thumbnailUrl":"https:\/\/www.m-q.ch\/wp-content\/uploads\/2023\/07\/Kalibrieren-von-inkrementalen-Feintastern_MQ.jpg","keywords":["DAkkS","Kalibrierlabor"],"articleSection":["OPERATIONAL EXCELLENCE"],"inLanguage":"it-IT"},{"@type":"WebPage","@id":"https:\/\/www.organisator.ch\/operational-excellence\/2023-07-12\/kalibrieren-von-inkrementalen-feintastern\/","url":"https:\/\/www.organisator.ch\/operational-excellence\/2023-07-12\/kalibrieren-von-inkrementalen-feintastern\/","name":"Calibrazione di sonde incrementali fini - Organizzatore","isPartOf":{"@id":"https:\/\/www.organisator.ch\/#website"},"primaryImageOfPage":{"@id":"https:\/\/www.organisator.ch\/operational-excellence\/2023-07-12\/kalibrieren-von-inkrementalen-feintastern\/#primaryimage"},"image":{"@id":"https:\/\/www.organisator.ch\/operational-excellence\/2023-07-12\/kalibrieren-von-inkrementalen-feintastern\/#primaryimage"},"thumbnailUrl":"https:\/\/www.m-q.ch\/wp-content\/uploads\/2023\/07\/Kalibrieren-von-inkrementalen-Feintastern_MQ.jpg","datePublished":"2023-07-12T07:10:32+00:00","dateModified":"2024-11-15T04:45:29+00:00","description":"Feinmess Suhl: l'unico laboratorio accreditato DAkkS per sonde incrementali fino a 100 mm. Precisione e qualit\u00e0.","breadcrumb":{"@id":"https:\/\/www.organisator.ch\/operational-excellence\/2023-07-12\/kalibrieren-von-inkrementalen-feintastern\/#breadcrumb"},"inLanguage":"it-IT","potentialAction":[{"@type":"ReadAction","target":["https:\/\/www.organisator.ch\/operational-excellence\/2023-07-12\/kalibrieren-von-inkrementalen-feintastern\/"]}]},{"@type":"ImageObject","inLanguage":"it-IT","@id":"https:\/\/www.organisator.ch\/operational-excellence\/2023-07-12\/kalibrieren-von-inkrementalen-feintastern\/#primaryimage","url":"https:\/\/www.m-q.ch\/wp-content\/uploads\/2023\/07\/Kalibrieren-von-inkrementalen-Feintastern_MQ.jpg","contentUrl":"https:\/\/www.m-q.ch\/wp-content\/uploads\/2023\/07\/Kalibrieren-von-inkrementalen-Feintastern_MQ.jpg"},{"@type":"BreadcrumbList","@id":"https:\/\/www.organisator.ch\/operational-excellence\/2023-07-12\/kalibrieren-von-inkrementalen-feintastern\/#breadcrumb","itemListElement":[{"@type":"ListItem","position":1,"name":"Home","item":"https:\/\/www.organisator.ch\/"},{"@type":"ListItem","position":2,"name":"Kalibrieren von inkrementalen Feintastern"}]},{"@type":"WebSite","@id":"https:\/\/www.organisator.ch\/#website","url":"https:\/\/www.organisator.ch\/","name":"Organizzatore","description":"Competente. Pratico. In 10 numeri all'anno, ORGANISATOR presenta i temi essenziali per i manager delle PMI.","publisher":{"@id":"https:\/\/www.organisator.ch\/#organization"},"potentialAction":[{"@type":"SearchAction","target":{"@type":"EntryPoint","urlTemplate":"https:\/\/www.organisator.ch\/?s={search_term_string}"},"query-input":{"@type":"PropertyValueSpecification","valueRequired":true,"valueName":"search_term_string"}}],"inLanguage":"it-IT"},{"@type":"Organization","@id":"https:\/\/www.organisator.ch\/#organization","name":"Organizzatore","url":"https:\/\/www.organisator.ch\/","logo":{"@type":"ImageObject","inLanguage":"it-IT","@id":"https:\/\/www.organisator.ch\/#\/schema\/logo\/image\/","url":"https:\/\/www.organisator.ch\/wp-content\/uploads\/2022\/01\/Logo_Organisator_Website.png","contentUrl":"https:\/\/www.organisator.ch\/wp-content\/uploads\/2022\/01\/Logo_Organisator_Website.png","width":800,"height":77,"caption":"Organisator"},"image":{"@id":"https:\/\/www.organisator.ch\/#\/schema\/logo\/image\/"},"sameAs":["https:\/\/www.facebook.com\/OrganisatorFachmagazin","https:\/\/www.linkedin.com\/showcase\/organisator-das-magazin-fr-kmu","https:\/\/www.xing.com\/news\/pages\/organisator-ch-695","https:\/\/www.youtube.com\/channel\/UCGP2Sq0iWaZwT3BdIAQFYpw"]},{"@type":"Person","@id":"https:\/\/www.organisator.ch\/#\/schema\/person\/4e51799071cd2dd1232ac003643ef5f0","name":"galledia","image":{"@type":"ImageObject","inLanguage":"it-IT","@id":"https:\/\/secure.gravatar.com\/avatar\/78a7f90c01fc2bfc875782a0d4922b37cde2cf184ce347b91316d23cd7f69a36?s=96&d=mm&r=g","url":"https:\/\/secure.gravatar.com\/avatar\/78a7f90c01fc2bfc875782a0d4922b37cde2cf184ce347b91316d23cd7f69a36?s=96&d=mm&r=g","contentUrl":"https:\/\/secure.gravatar.com\/avatar\/78a7f90c01fc2bfc875782a0d4922b37cde2cf184ce347b91316d23cd7f69a36?s=96&d=mm&r=g","caption":"galledia"},"sameAs":["https:\/\/x.com\/admin"],"url":"https:\/\/www.organisator.ch\/it\/author\/galledia\/"}]}},"_links":{"self":[{"href":"https:\/\/www.organisator.ch\/it\/wp-json\/wp\/v2\/posts\/21003","targetHints":{"allow":["GET"]}}],"collection":[{"href":"https:\/\/www.organisator.ch\/it\/wp-json\/wp\/v2\/posts"}],"about":[{"href":"https:\/\/www.organisator.ch\/it\/wp-json\/wp\/v2\/types\/post"}],"author":[{"embeddable":true,"href":"https:\/\/www.organisator.ch\/it\/wp-json\/wp\/v2\/users\/8"}],"replies":[{"embeddable":true,"href":"https:\/\/www.organisator.ch\/it\/wp-json\/wp\/v2\/comments?post=21003"}],"version-history":[{"count":3,"href":"https:\/\/www.organisator.ch\/it\/wp-json\/wp\/v2\/posts\/21003\/revisions"}],"predecessor-version":[{"id":33024,"href":"https:\/\/www.organisator.ch\/it\/wp-json\/wp\/v2\/posts\/21003\/revisions\/33024"}],"wp:attachment":[{"href":"https:\/\/www.organisator.ch\/it\/wp-json\/wp\/v2\/media?parent=21003"}],"wp:term":[{"taxonomy":"category","embeddable":true,"href":"https:\/\/www.organisator.ch\/it\/wp-json\/wp\/v2\/categories?post=21003"},{"taxonomy":"post_tag","embeddable":true,"href":"https:\/\/www.organisator.ch\/it\/wp-json\/wp\/v2\/tags?post=21003"}],"curies":[{"name":"wp","href":"https:\/\/api.w.org\/{rel}","templated":true}]}}