{"id":2102,"date":"2019-04-23T16:32:35","date_gmt":"2019-04-23T14:32:35","guid":{"rendered":"https:\/\/www.umweltperspektiven.ch\/?p=2102"},"modified":"2019-04-23T16:32:35","modified_gmt":"2019-04-23T14:32:35","slug":"universitaet-bern-wird-durchfuehrungsort-von-weltbank-programm","status":"publish","type":"post","link":"https:\/\/www.organisator.ch\/it\/allgemein\/2019-04-23\/universitaet-bern-wird-durchfuehrungsort-von-weltbank-programm\/","title":{"rendered":"L'Universit\u00e0 di Berna diventa sede di attuazione del programma della Banca Mondiale"},"content":{"rendered":"<div id=\"media_text\">\n<figure id=\"attachment_2105\" aria-describedby=\"caption-attachment-2105\" style=\"width: 680px\" class=\"wp-caption alignnone\"><img loading=\"lazy\" decoding=\"async\" class=\"size-medium wp-image-2105\" src=\"\/\/www.umweltperspektiven.ch\/wp-content\/uploads\/2019\/04\/Cyber-Risiken-Neue-Empfehlungen-des-Bundes-mq-management-u-qualitaet.jpg\" alt=\"\" width=\"680\" height=\"392\" srcset=\"https:\/\/www.organisator.ch\/wp-content\/uploads\/2019\/04\/Cyber-Risiken-Neue-Empfehlungen-des-Bundes-mq-management-u-qualitaet.jpg 1000w, https:\/\/www.organisator.ch\/wp-content\/uploads\/2019\/04\/Cyber-Risiken-Neue-Empfehlungen-des-Bundes-mq-management-u-qualitaet-680x392.jpg 680w, https:\/\/www.organisator.ch\/wp-content\/uploads\/2019\/04\/Cyber-Risiken-Neue-Empfehlungen-des-Bundes-mq-management-u-qualitaet-768x442.jpg 768w, https:\/\/www.organisator.ch\/wp-content\/uploads\/2019\/04\/Cyber-Risiken-Neue-Empfehlungen-des-Bundes-mq-management-u-qualitaet-18x10.jpg 18w, https:\/\/www.organisator.ch\/wp-content\/uploads\/2019\/04\/Cyber-Risiken-Neue-Empfehlungen-des-Bundes-mq-management-u-qualitaet-304x175.jpg 304w, https:\/\/www.organisator.ch\/wp-content\/uploads\/2019\/04\/Cyber-Risiken-Neue-Empfehlungen-des-Bundes-mq-management-u-qualitaet-608x350.jpg 608w, https:\/\/www.organisator.ch\/wp-content\/uploads\/2019\/04\/Cyber-Risiken-Neue-Empfehlungen-des-Bundes-mq-management-u-qualitaet-920x530.jpg 920w, https:\/\/www.organisator.ch\/wp-content\/uploads\/2019\/04\/Cyber-Risiken-Neue-Empfehlungen-des-Bundes-mq-management-u-qualitaet-300x173.jpg 300w\" sizes=\"auto, (max-width: 680px) 100vw, 680px\" \/><figcaption id=\"caption-attachment-2105\" class=\"wp-caption-text\">Per la prima volta in assoluto, il programma di formazione sulla valutazione pi\u00f9 importante al mondo si svolger\u00e0 in Svizzera quest'estate. (Immagine simbolo depositphotos)<\/figcaption><\/figure>\n<p>L'Universit\u00e0 di Berna \u00e8 l'unica in Svizzera a offrire da 15 anni un programma completo di formazione continua sulla valutazione. Gli sforzi dell'universit\u00e0 della capitale e del suo Centro per la formazione continua universitaria (ZUW) stanno dando i loro frutti: L'Universit\u00e0 di Berna, insieme al Centro per la valutazione (CEval) di Saarbr\u00fccken, \u00e8 stata scelta dall'Independent Evaluation Group (IEG) della Banca Mondiale come sponsor della nuova edizione dell'International Programme for Development Evaluation Training (IPDET). L'IPDET \u00e8 il programma di formazione leader a livello mondiale per la valutazione nella cooperazione allo sviluppo. Dall'estate 2018, esperti di fama internazionale offriranno i corsi del programma IPDET all'Universit\u00e0 di Berna.<\/p>\n<h2>Le valutazioni professionali stanno diventando sempre pi\u00f9 importanti<\/h2>\n<p>L'importanza del programma IPDET \u00e8 in costante aumento. Tra l'altro, perch\u00e9 tutti i Paesi sono obbligati a valutare il loro contributo al raggiungimento degli obiettivi fissati dall'Agenda 2030 per lo sviluppo sostenibile delle Nazioni Unite. \"Per l'Universit\u00e0 di Berna, questo incarico non pu\u00f2 essere valutato abbastanza: oltre alla visibilit\u00e0 internazionale e alla creazione di reti, l'universit\u00e0 guadagner\u00e0 reputazione e riconoscimento nel campo della valutazione grazie all'unicit\u00e0 del programma\", afferma la responsabile del programma Stefanie Krapp.<\/p>\n<h2>L'Universit\u00e0 di Berna vince contro pi\u00f9 di 40 concorrenti<\/h2>\n<p>L'Universit\u00e0 di Berna e il CEval hanno prevalso su oltre 40 concorrenti in un intenso processo di selezione a pi\u00f9 fasi. L'IEG \u00e8 stato particolarmente convinto dalla visione: il programma sar\u00e0 successivamente sviluppato e modernizzato in linea con le mutevoli esigenze nel campo della valutazione e le condizioni contestuali nei Paesi del Sud globale. Saranno introdotti nuovi temi di valutazione, nuove modalit\u00e0 di insegnamento e apprendimento (in particolare formati di apprendimento misto) e nuove forme di coinvolgimento degli attori del Sud globale.<\/p>\n<h2>Informazioni sul programma di formazione<\/h2>\n<p>L'IPDET ha avuto sede presso la Carleton University di Ottawa, in Canada, dal 1999 al 2016, periodo durante il quale si \u00e8 affermato come il principale programma di formazione al mondo per la valutazione nella cooperazione allo sviluppo, con un totale di oltre 3.500 partecipanti provenienti da 125 Paesi. L'IPDET fornisce a manager e professionisti gli strumenti per valutare strategie, programmi e progetti di sviluppo a livello locale, nazionale, regionale e globale. La formazione \u00e8 rivolta ai professionisti dello sviluppo che conducono, gestiscono o utilizzano le valutazioni. I partecipanti possono provenire da ministeri o agenzie dei Paesi in via di sviluppo, banche di sviluppo, settori no-profit e fondazioni, dal sistema delle Nazioni Unite, nonch\u00e9 da agenzie di sviluppo bilaterali, universit\u00e0, think tank e societ\u00e0 di consulenza del settore privato specializzate nella valutazione dello sviluppo.<\/p>\n<p><em>Le iscrizioni al programma del primo corso, dal 16 al 27 luglio, sono ancora aperte fino al 31 maggio 2018 (ulteriori informazioni su\u00a0<a href=\"\/\/www.ipdet.unibe.ch\">www.ipdet.unibe.ch<\/a>).<\/em><\/p>\n<\/div>","protected":false},"excerpt":{"rendered":"<p>Als einzige Universit\u00e4t in der Schweiz bietet die Universit\u00e4t Bern seit 15 Jahren ein umfassendes Weiterbildungsangebot in Evaluation an. Und die Bestrebungen der Hauptstadtuni und ihrem Zentrum f\u00fcr universit\u00e4re Weiterbildung (ZUW) zahlen sich nun aus: Die Universit\u00e4t Bern wurde zusammen mit dem Centrum f\u00fcr Evaluation (CEval) in Saarbr\u00fccken als Tr\u00e4gerin der Neuauflage des Internationalen Programms [&hellip;]<\/p>\n","protected":false},"author":5,"featured_media":2105,"comment_status":"open","ping_status":"open","sticky":false,"template":"","format":"standard","meta":{"_acf_changed":false,"_yoast_wpseo_focuskw":"Universit\u00e4t Bern","_yoast_wpseo_metadesc":"Die Weltbank hat die Universit\u00e4t Bern als Tr\u00e4gerin des internationalen Programms f\u00fcr Entwicklungsevaluationstraining (IPDET) ausgew\u00e4hlt.","articlekey":"","footnotes":""},"categories":[1],"tags":[2406,518,2542],"class_list":["post-2102","post","type-post","status-publish","format-standard","has-post-thumbnail","hentry","category-allgemein","tag-universitaet-bern","tag-weiterbildung","tag-weltbank"],"acf":[],"yoast_head":"<!-- This site is optimized with the Yoast SEO plugin v27.5 - https:\/\/yoast.com\/product\/yoast-seo-wordpress\/ -->\n<title>Universit\u00e4t Bern wird Durchf\u00fchrungsort von Weltbank-Programm - Organisator<\/title>\n<meta name=\"description\" content=\"Die Weltbank hat die Universit\u00e4t Bern als Tr\u00e4gerin des internationalen Programms f\u00fcr Entwicklungsevaluationstraining (IPDET) ausgew\u00e4hlt.\" \/>\n<meta name=\"robots\" content=\"index, follow, max-snippet:-1, max-image-preview:large, max-video-preview:-1\" \/>\n<link rel=\"canonical\" href=\"https:\/\/www.organisator.ch\/it\/generale\/2019-04-23\/universitaet-bern-wird-durchfuehrungsort-von-weltbank-programm\/\" \/>\n<meta property=\"og:locale\" content=\"it_IT\" \/>\n<meta property=\"og:type\" content=\"article\" \/>\n<meta property=\"og:title\" content=\"Universit\u00e4t Bern wird Durchf\u00fchrungsort von Weltbank-Programm - Organisator\" \/>\n<meta property=\"og:description\" content=\"Die Weltbank hat die Universit\u00e4t Bern als Tr\u00e4gerin des internationalen Programms f\u00fcr Entwicklungsevaluationstraining (IPDET) ausgew\u00e4hlt.\" \/>\n<meta property=\"og:url\" content=\"https:\/\/www.organisator.ch\/it\/generale\/2019-04-23\/universitaet-bern-wird-durchfuehrungsort-von-weltbank-programm\/\" \/>\n<meta property=\"og:site_name\" content=\"Organisator\" \/>\n<meta property=\"article:publisher\" content=\"https:\/\/www.facebook.com\/OrganisatorFachmagazin\" \/>\n<meta property=\"article:published_time\" content=\"2019-04-23T14:32:35+00:00\" \/>\n<meta property=\"og:image\" content=\"https:\/\/www.organisator.ch\/wp-content\/uploads\/2019\/04\/Cyber-Risiken-Neue-Empfehlungen-des-Bundes-mq-management-u-qualitaet.jpg\" \/>\n\t<meta property=\"og:image:width\" content=\"1000\" \/>\n\t<meta property=\"og:image:height\" content=\"576\" \/>\n\t<meta property=\"og:image:type\" content=\"image\/jpeg\" \/>\n<meta name=\"author\" content=\"michael.merz\" \/>\n<meta name=\"twitter:card\" content=\"summary_large_image\" \/>\n<script type=\"application\/ld+json\" class=\"yoast-schema-graph\">{\"@context\":\"https:\\\/\\\/schema.org\",\"@graph\":[{\"@type\":\"Article\",\"@id\":\"https:\\\/\\\/www.organisator.ch\\\/it\\\/generale\\\/2019-04-23\\\/universitaet-bern-wird-durchfuehrungsort-von-weltbank-programm\\\/#article\",\"isPartOf\":{\"@id\":\"https:\\\/\\\/www.organisator.ch\\\/it\\\/generale\\\/2019-04-23\\\/universitaet-bern-wird-durchfuehrungsort-von-weltbank-programm\\\/\"},\"author\":{\"name\":\"michael.merz\",\"@id\":\"https:\\\/\\\/www.organisator.ch\\\/#\\\/schema\\\/person\\\/134708ca9321c57b0362cceb7948ffbd\"},\"headline\":\"Universit\u00e4t Bern wird Durchf\u00fchrungsort von Weltbank-Programm\",\"datePublished\":\"2019-04-23T14:32:35+00:00\",\"mainEntityOfPage\":{\"@id\":\"https:\\\/\\\/www.organisator.ch\\\/it\\\/generale\\\/2019-04-23\\\/universitaet-bern-wird-durchfuehrungsort-von-weltbank-programm\\\/\"},\"wordCount\":460,\"commentCount\":0,\"publisher\":{\"@id\":\"https:\\\/\\\/www.organisator.ch\\\/#organization\"},\"image\":{\"@id\":\"https:\\\/\\\/www.organisator.ch\\\/it\\\/generale\\\/2019-04-23\\\/universitaet-bern-wird-durchfuehrungsort-von-weltbank-programm\\\/#primaryimage\"},\"thumbnailUrl\":\"https:\\\/\\\/www.organisator.ch\\\/wp-content\\\/uploads\\\/2019\\\/04\\\/Cyber-Risiken-Neue-Empfehlungen-des-Bundes-mq-management-u-qualitaet.jpg\",\"keywords\":[\"Universit\u00e4t Bern\",\"Weiterbildung\",\"Weltbank\"],\"articleSection\":[\"Allgemein\"],\"inLanguage\":\"it-IT\"},{\"@type\":\"WebPage\",\"@id\":\"https:\\\/\\\/www.organisator.ch\\\/it\\\/generale\\\/2019-04-23\\\/universitaet-bern-wird-durchfuehrungsort-von-weltbank-programm\\\/\",\"url\":\"https:\\\/\\\/www.organisator.ch\\\/it\\\/generale\\\/2019-04-23\\\/universitaet-bern-wird-durchfuehrungsort-von-weltbank-programm\\\/\",\"name\":\"Universit\u00e4t Bern wird Durchf\u00fchrungsort von Weltbank-Programm - Organisator\",\"isPartOf\":{\"@id\":\"https:\\\/\\\/www.organisator.ch\\\/#website\"},\"primaryImageOfPage\":{\"@id\":\"https:\\\/\\\/www.organisator.ch\\\/it\\\/generale\\\/2019-04-23\\\/universitaet-bern-wird-durchfuehrungsort-von-weltbank-programm\\\/#primaryimage\"},\"image\":{\"@id\":\"https:\\\/\\\/www.organisator.ch\\\/it\\\/generale\\\/2019-04-23\\\/universitaet-bern-wird-durchfuehrungsort-von-weltbank-programm\\\/#primaryimage\"},\"thumbnailUrl\":\"https:\\\/\\\/www.organisator.ch\\\/wp-content\\\/uploads\\\/2019\\\/04\\\/Cyber-Risiken-Neue-Empfehlungen-des-Bundes-mq-management-u-qualitaet.jpg\",\"datePublished\":\"2019-04-23T14:32:35+00:00\",\"description\":\"Die Weltbank hat die Universit\u00e4t Bern als Tr\u00e4gerin des internationalen Programms f\u00fcr Entwicklungsevaluationstraining (IPDET) ausgew\u00e4hlt.\",\"breadcrumb\":{\"@id\":\"https:\\\/\\\/www.organisator.ch\\\/it\\\/generale\\\/2019-04-23\\\/universitaet-bern-wird-durchfuehrungsort-von-weltbank-programm\\\/#breadcrumb\"},\"inLanguage\":\"it-IT\",\"potentialAction\":[{\"@type\":\"ReadAction\",\"target\":[\"https:\\\/\\\/www.organisator.ch\\\/it\\\/generale\\\/2019-04-23\\\/universitaet-bern-wird-durchfuehrungsort-von-weltbank-programm\\\/\"]}]},{\"@type\":\"ImageObject\",\"inLanguage\":\"it-IT\",\"@id\":\"https:\\\/\\\/www.organisator.ch\\\/it\\\/generale\\\/2019-04-23\\\/universitaet-bern-wird-durchfuehrungsort-von-weltbank-programm\\\/#primaryimage\",\"url\":\"https:\\\/\\\/www.organisator.ch\\\/wp-content\\\/uploads\\\/2019\\\/04\\\/Cyber-Risiken-Neue-Empfehlungen-des-Bundes-mq-management-u-qualitaet.jpg\",\"contentUrl\":\"https:\\\/\\\/www.organisator.ch\\\/wp-content\\\/uploads\\\/2019\\\/04\\\/Cyber-Risiken-Neue-Empfehlungen-des-Bundes-mq-management-u-qualitaet.jpg\",\"width\":1000,\"height\":576,\"caption\":\"Zum ersten Mal \u00fcberhaupt findet diesen Sommer das weltweit f\u00fchrende Weiterbildungsprogramm f\u00fcr Evaluation in der Schweiz statt. (Symbolbild depositphotos)\"},{\"@type\":\"BreadcrumbList\",\"@id\":\"https:\\\/\\\/www.organisator.ch\\\/it\\\/generale\\\/2019-04-23\\\/universitaet-bern-wird-durchfuehrungsort-von-weltbank-programm\\\/#breadcrumb\",\"itemListElement\":[{\"@type\":\"ListItem\",\"position\":1,\"name\":\"Home\",\"item\":\"https:\\\/\\\/www.organisator.ch\\\/\"},{\"@type\":\"ListItem\",\"position\":2,\"name\":\"Universit\u00e4t Bern wird Durchf\u00fchrungsort von Weltbank-Programm\"}]},{\"@type\":\"WebSite\",\"@id\":\"https:\\\/\\\/www.organisator.ch\\\/#website\",\"url\":\"https:\\\/\\\/www.organisator.ch\\\/\",\"name\":\"Organisator\",\"description\":\"Kompetent. Praxisnah. Der ORGANISATOR bereitet in 10 Ausgaben pro Jahr die wesentlichen Themen f\u00fcr F\u00fchrungskr\u00e4fte von KMU auf.\",\"publisher\":{\"@id\":\"https:\\\/\\\/www.organisator.ch\\\/#organization\"},\"potentialAction\":[{\"@type\":\"SearchAction\",\"target\":{\"@type\":\"EntryPoint\",\"urlTemplate\":\"https:\\\/\\\/www.organisator.ch\\\/?s={search_term_string}\"},\"query-input\":{\"@type\":\"PropertyValueSpecification\",\"valueRequired\":true,\"valueName\":\"search_term_string\"}}],\"inLanguage\":\"it-IT\"},{\"@type\":\"Organization\",\"@id\":\"https:\\\/\\\/www.organisator.ch\\\/#organization\",\"name\":\"Organisator\",\"url\":\"https:\\\/\\\/www.organisator.ch\\\/\",\"logo\":{\"@type\":\"ImageObject\",\"inLanguage\":\"it-IT\",\"@id\":\"https:\\\/\\\/www.organisator.ch\\\/#\\\/schema\\\/logo\\\/image\\\/\",\"url\":\"https:\\\/\\\/www.organisator.ch\\\/wp-content\\\/uploads\\\/2022\\\/01\\\/Logo_Organisator_Website.png\",\"contentUrl\":\"https:\\\/\\\/www.organisator.ch\\\/wp-content\\\/uploads\\\/2022\\\/01\\\/Logo_Organisator_Website.png\",\"width\":800,\"height\":77,\"caption\":\"Organisator\"},\"image\":{\"@id\":\"https:\\\/\\\/www.organisator.ch\\\/#\\\/schema\\\/logo\\\/image\\\/\"},\"sameAs\":[\"https:\\\/\\\/www.facebook.com\\\/OrganisatorFachmagazin\",\"https:\\\/\\\/www.linkedin.com\\\/showcase\\\/organisator-das-magazin-fr-kmu\",\"https:\\\/\\\/www.xing.com\\\/news\\\/pages\\\/organisator-ch-695\",\"https:\\\/\\\/www.youtube.com\\\/channel\\\/UCGP2Sq0iWaZwT3BdIAQFYpw\"]},{\"@type\":\"Person\",\"@id\":\"https:\\\/\\\/www.organisator.ch\\\/#\\\/schema\\\/person\\\/134708ca9321c57b0362cceb7948ffbd\",\"name\":\"michael.merz\",\"image\":{\"@type\":\"ImageObject\",\"inLanguage\":\"it-IT\",\"@id\":\"https:\\\/\\\/secure.gravatar.com\\\/avatar\\\/?s=96&d=mm&r=g\",\"url\":\"https:\\\/\\\/secure.gravatar.com\\\/avatar\\\/?s=96&d=mm&r=g\",\"contentUrl\":\"https:\\\/\\\/secure.gravatar.com\\\/avatar\\\/?s=96&d=mm&r=g\",\"caption\":\"michael.merz\"},\"url\":\"https:\\\/\\\/www.organisator.ch\\\/it\\\/author\\\/michael-merz\\\/\"}]}<\/script>\n<!-- \/ Yoast SEO plugin. -->","yoast_head_json":{"title":"L'Universit\u00e0 di Berna ospiter\u00e0 il programma della Banca Mondiale - Organizzatore","description":"La Banca Mondiale ha scelto l'Universit\u00e0 di Berna per ospitare il Programma internazionale di formazione alla valutazione dello sviluppo (IPDET).","robots":{"index":"index","follow":"follow","max-snippet":"max-snippet:-1","max-image-preview":"max-image-preview:large","max-video-preview":"max-video-preview:-1"},"canonical":"https:\/\/www.organisator.ch\/it\/generale\/2019-04-23\/universitaet-bern-wird-durchfuehrungsort-von-weltbank-programm\/","og_locale":"it_IT","og_type":"article","og_title":"Universit\u00e4t Bern wird Durchf\u00fchrungsort von Weltbank-Programm - Organisator","og_description":"Die Weltbank hat die Universit\u00e4t Bern als Tr\u00e4gerin des internationalen Programms f\u00fcr Entwicklungsevaluationstraining (IPDET) ausgew\u00e4hlt.","og_url":"https:\/\/www.organisator.ch\/it\/generale\/2019-04-23\/universitaet-bern-wird-durchfuehrungsort-von-weltbank-programm\/","og_site_name":"Organisator","article_publisher":"https:\/\/www.facebook.com\/OrganisatorFachmagazin","article_published_time":"2019-04-23T14:32:35+00:00","og_image":[{"width":1000,"height":576,"url":"https:\/\/www.organisator.ch\/wp-content\/uploads\/2019\/04\/Cyber-Risiken-Neue-Empfehlungen-des-Bundes-mq-management-u-qualitaet.jpg","type":"image\/jpeg"}],"author":"michael.merz","twitter_card":"summary_large_image","schema":{"@context":"https:\/\/schema.org","@graph":[{"@type":"Article","@id":"https:\/\/www.organisator.ch\/it\/generale\/2019-04-23\/universitaet-bern-wird-durchfuehrungsort-von-weltbank-programm\/#article","isPartOf":{"@id":"https:\/\/www.organisator.ch\/it\/generale\/2019-04-23\/universitaet-bern-wird-durchfuehrungsort-von-weltbank-programm\/"},"author":{"name":"michael.merz","@id":"https:\/\/www.organisator.ch\/#\/schema\/person\/134708ca9321c57b0362cceb7948ffbd"},"headline":"Universit\u00e4t Bern wird Durchf\u00fchrungsort von Weltbank-Programm","datePublished":"2019-04-23T14:32:35+00:00","mainEntityOfPage":{"@id":"https:\/\/www.organisator.ch\/it\/generale\/2019-04-23\/universitaet-bern-wird-durchfuehrungsort-von-weltbank-programm\/"},"wordCount":460,"commentCount":0,"publisher":{"@id":"https:\/\/www.organisator.ch\/#organization"},"image":{"@id":"https:\/\/www.organisator.ch\/it\/generale\/2019-04-23\/universitaet-bern-wird-durchfuehrungsort-von-weltbank-programm\/#primaryimage"},"thumbnailUrl":"https:\/\/www.organisator.ch\/wp-content\/uploads\/2019\/04\/Cyber-Risiken-Neue-Empfehlungen-des-Bundes-mq-management-u-qualitaet.jpg","keywords":["Universit\u00e4t Bern","Weiterbildung","Weltbank"],"articleSection":["Allgemein"],"inLanguage":"it-IT"},{"@type":"WebPage","@id":"https:\/\/www.organisator.ch\/it\/generale\/2019-04-23\/universitaet-bern-wird-durchfuehrungsort-von-weltbank-programm\/","url":"https:\/\/www.organisator.ch\/it\/generale\/2019-04-23\/universitaet-bern-wird-durchfuehrungsort-von-weltbank-programm\/","name":"L'Universit\u00e0 di Berna ospiter\u00e0 il programma della Banca Mondiale - Organizzatore","isPartOf":{"@id":"https:\/\/www.organisator.ch\/#website"},"primaryImageOfPage":{"@id":"https:\/\/www.organisator.ch\/it\/generale\/2019-04-23\/universitaet-bern-wird-durchfuehrungsort-von-weltbank-programm\/#primaryimage"},"image":{"@id":"https:\/\/www.organisator.ch\/it\/generale\/2019-04-23\/universitaet-bern-wird-durchfuehrungsort-von-weltbank-programm\/#primaryimage"},"thumbnailUrl":"https:\/\/www.organisator.ch\/wp-content\/uploads\/2019\/04\/Cyber-Risiken-Neue-Empfehlungen-des-Bundes-mq-management-u-qualitaet.jpg","datePublished":"2019-04-23T14:32:35+00:00","description":"La Banca Mondiale ha scelto l'Universit\u00e0 di Berna per ospitare il Programma internazionale di formazione alla valutazione dello sviluppo (IPDET).","breadcrumb":{"@id":"https:\/\/www.organisator.ch\/it\/generale\/2019-04-23\/universitaet-bern-wird-durchfuehrungsort-von-weltbank-programm\/#breadcrumb"},"inLanguage":"it-IT","potentialAction":[{"@type":"ReadAction","target":["https:\/\/www.organisator.ch\/it\/generale\/2019-04-23\/universitaet-bern-wird-durchfuehrungsort-von-weltbank-programm\/"]}]},{"@type":"ImageObject","inLanguage":"it-IT","@id":"https:\/\/www.organisator.ch\/it\/generale\/2019-04-23\/universitaet-bern-wird-durchfuehrungsort-von-weltbank-programm\/#primaryimage","url":"https:\/\/www.organisator.ch\/wp-content\/uploads\/2019\/04\/Cyber-Risiken-Neue-Empfehlungen-des-Bundes-mq-management-u-qualitaet.jpg","contentUrl":"https:\/\/www.organisator.ch\/wp-content\/uploads\/2019\/04\/Cyber-Risiken-Neue-Empfehlungen-des-Bundes-mq-management-u-qualitaet.jpg","width":1000,"height":576,"caption":"Zum ersten Mal \u00fcberhaupt findet diesen Sommer das weltweit f\u00fchrende Weiterbildungsprogramm f\u00fcr Evaluation in der Schweiz statt. (Symbolbild depositphotos)"},{"@type":"BreadcrumbList","@id":"https:\/\/www.organisator.ch\/it\/generale\/2019-04-23\/universitaet-bern-wird-durchfuehrungsort-von-weltbank-programm\/#breadcrumb","itemListElement":[{"@type":"ListItem","position":1,"name":"Home","item":"https:\/\/www.organisator.ch\/"},{"@type":"ListItem","position":2,"name":"Universit\u00e4t Bern wird Durchf\u00fchrungsort von Weltbank-Programm"}]},{"@type":"WebSite","@id":"https:\/\/www.organisator.ch\/#website","url":"https:\/\/www.organisator.ch\/","name":"Organizzatore","description":"Competente. Pratico. In 10 numeri all'anno, ORGANISATOR presenta i temi essenziali per i manager delle PMI.","publisher":{"@id":"https:\/\/www.organisator.ch\/#organization"},"potentialAction":[{"@type":"SearchAction","target":{"@type":"EntryPoint","urlTemplate":"https:\/\/www.organisator.ch\/?s={search_term_string}"},"query-input":{"@type":"PropertyValueSpecification","valueRequired":true,"valueName":"search_term_string"}}],"inLanguage":"it-IT"},{"@type":"Organization","@id":"https:\/\/www.organisator.ch\/#organization","name":"Organizzatore","url":"https:\/\/www.organisator.ch\/","logo":{"@type":"ImageObject","inLanguage":"it-IT","@id":"https:\/\/www.organisator.ch\/#\/schema\/logo\/image\/","url":"https:\/\/www.organisator.ch\/wp-content\/uploads\/2022\/01\/Logo_Organisator_Website.png","contentUrl":"https:\/\/www.organisator.ch\/wp-content\/uploads\/2022\/01\/Logo_Organisator_Website.png","width":800,"height":77,"caption":"Organisator"},"image":{"@id":"https:\/\/www.organisator.ch\/#\/schema\/logo\/image\/"},"sameAs":["https:\/\/www.facebook.com\/OrganisatorFachmagazin","https:\/\/www.linkedin.com\/showcase\/organisator-das-magazin-fr-kmu","https:\/\/www.xing.com\/news\/pages\/organisator-ch-695","https:\/\/www.youtube.com\/channel\/UCGP2Sq0iWaZwT3BdIAQFYpw"]},{"@type":"Person","@id":"https:\/\/www.organisator.ch\/#\/schema\/person\/134708ca9321c57b0362cceb7948ffbd","name":"michael.merz","image":{"@type":"ImageObject","inLanguage":"it-IT","@id":"https:\/\/secure.gravatar.com\/avatar\/?s=96&d=mm&r=g","url":"https:\/\/secure.gravatar.com\/avatar\/?s=96&d=mm&r=g","contentUrl":"https:\/\/secure.gravatar.com\/avatar\/?s=96&d=mm&r=g","caption":"michael.merz"},"url":"https:\/\/www.organisator.ch\/it\/author\/michael-merz\/"}]}},"_links":{"self":[{"href":"https:\/\/www.organisator.ch\/it\/wp-json\/wp\/v2\/posts\/2102","targetHints":{"allow":["GET"]}}],"collection":[{"href":"https:\/\/www.organisator.ch\/it\/wp-json\/wp\/v2\/posts"}],"about":[{"href":"https:\/\/www.organisator.ch\/it\/wp-json\/wp\/v2\/types\/post"}],"author":[{"embeddable":true,"href":"https:\/\/www.organisator.ch\/it\/wp-json\/wp\/v2\/users\/5"}],"replies":[{"embeddable":true,"href":"https:\/\/www.organisator.ch\/it\/wp-json\/wp\/v2\/comments?post=2102"}],"version-history":[{"count":0,"href":"https:\/\/www.organisator.ch\/it\/wp-json\/wp\/v2\/posts\/2102\/revisions"}],"wp:featuredmedia":[{"embeddable":true,"href":"https:\/\/www.organisator.ch\/it\/wp-json\/wp\/v2\/media\/2105"}],"wp:attachment":[{"href":"https:\/\/www.organisator.ch\/it\/wp-json\/wp\/v2\/media?parent=2102"}],"wp:term":[{"taxonomy":"category","embeddable":true,"href":"https:\/\/www.organisator.ch\/it\/wp-json\/wp\/v2\/categories?post=2102"},{"taxonomy":"post_tag","embeddable":true,"href":"https:\/\/www.organisator.ch\/it\/wp-json\/wp\/v2\/tags?post=2102"}],"curies":[{"name":"wp","href":"https:\/\/api.w.org\/{rel}","templated":true}]}}