{"id":2107,"date":"2019-04-25T17:06:07","date_gmt":"2019-04-25T15:06:07","guid":{"rendered":"https:\/\/www.umweltperspektiven.ch\/?p=2107"},"modified":"2022-02-09T11:06:17","modified_gmt":"2022-02-09T10:06:17","slug":"schweizer-energiewende-mittels-solarstrom","status":"publish","type":"post","link":"https:\/\/www.organisator.ch\/it\/sustainability\/2019-04-25\/schweizer-energiewende-mittels-solarstrom\/","title":{"rendered":"Transizione energetica svizzera con l'energia solare"},"content":{"rendered":"<figure id=\"attachment_2108\" aria-describedby=\"caption-attachment-2108\" style=\"width: 680px\" class=\"wp-caption alignnone\"><img loading=\"lazy\" decoding=\"async\" class=\"size-medium wp-image-2108\" src=\"\/\/www.umweltperspektiven.ch\/wp-content\/uploads\/2019\/04\/Die-Schweizer-Energiewende-ist-mit-einer-Verf\u00fcnfachung-des-Photovoltaik-Zubaus-machbar_MQ.jpg\" alt=\"\" width=\"680\" height=\"453\" \/><figcaption id=\"caption-attachment-2108\" class=\"wp-caption-text\">Il potenziale del fotovoltaico non \u00e8 stato ancora pienamente sfruttato in Svizzera. (Immagine: Roy Buri \/ Pixabay.com)<\/figcaption><\/figure>\n<p>La Svizzera ha molto pi\u00f9 potenziale per l'energia solare di quanto si pensasse in precedenza. L'Ufficio federale di topografia (Swisstopo), l'Ufficio federale di meteorologia e clima (MeteoSvizzera) e l'Ufficio federale dell'energia (UFE) hanno sviluppato un'applicazione per questo scopo. <a href=\"\/\/swissolar.us17.list-manage.com\/track\/click?u=edecd98bac689d51acd3647d0&amp;id=58cf047c8e&amp;e=a7500464fb\" target=\"_blank\" rel=\"noopener\">tettuccio apribile.ch<\/a> un catasto del potenziale solare per tutta la Svizzera. Sulla base di questo catasto, l'UFE ha fatto una stima precisa del potenziale su tetti e facciate. La Svizzera \u00e8 probabilmente uno dei primi paesi in cui \u00e8 possibile un'analisi del potenziale basata su un catasto solare.<\/p>\n<p>Il potenziale sui tetti con una produzione annuale di circa 50 miliardi di chilowattora (50 terawattora, TWh) \u00e8 stato gi\u00e0 determinato lo scorso settembre.<\/p>\n<h2>Facciate con molto potenziale<\/h2>\n<p>Il 15 aprile, l'UFE ha pubblicato il <a href=\"\/\/swissolar.us17.list-manage.com\/track\/click?u=edecd98bac689d51acd3647d0&amp;id=ad456c3db0&amp;e=a7500464fb\" target=\"_blank\" rel=\"noopener\">Potenziale sulle facciate<\/a> presentato. Si tratta di 17 TWh all'anno. In entrambi i casi, questo \u00e8 il potenziale \"sfruttabile\", che \u00e8 significativamente inferiore al potenziale tecnico. Solo le aree contigue pi\u00f9 grandi con irradiazione sensibilmente utilizzabile sono prese in considerazione. Il potenziale delle facciate appena determinato \u00e8 di particolare interesse, poich\u00e9 ci si pu\u00f2 aspettare un rendimento invernale relativamente alto su queste superfici a causa del loro orientamento verticale. Il loro uso sta attirando anche un interesse crescente tra gli architetti, dato che la variet\u00e0 di moduli fotovoltaici disponibili sta aumentando rapidamente in termini di colori, texture e dimensioni.<\/p>\n<p>Swissolar ha anche calcolato il potenziale aggiuntivo sui tetti dei parcheggi, sulle superfici stradali e nella regione alpina. Per quest'ultimo, sono state considerate solo le aree che non sono protette in alcun modo e che hanno gi\u00e0 strutture infrastrutturali. Tra questi ci sono le stazioni sciistiche, per esempio. Risultato: anche con un calcolo molto prudente, si aggiungono altri 15 terawattora di produzione annuale.<\/p>\n<h2>L'espansione del fotovoltaico deve essere quintuplicata<\/h2>\n<p>In totale, almeno 82 terawattora di energia solare possono essere prodotti in Svizzera ogni anno. In combinazione con l'energia idroelettrica esistente (35 terawattora all'anno) e altre energie rinnovabili (soprattutto il vento), \u00e8 quindi possibile garantire un approvvigionamento energetico del cento per cento per la Svizzera entro il 2050, compresa la sostituzione dell'energia nucleare e delle energie fossili (mobilit\u00e0, riscaldamento).<\/p>\n<p>Per realizzare questa transizione in conformit\u00e0 con l'accordo di Parigi sul clima entro il 2050, \u00e8 necessario quintuplicare l'espansione annuale del fotovoltaico dai 300 megawatt attuali a 1500 megawatt. I calcoli sono in buon accordo con uno studio pubblicato l'11.4.19. <a href=\"\/\/swissolar.us17.list-manage.com\/track\/click?u=edecd98bac689d51acd3647d0&amp;id=dcb01bef13&amp;e=a7500464fb\" target=\"_blank\" rel=\"noopener\">Studio di Energy Watch Group e dell'Universit\u00e0 finlandese LUT.<\/a> Secondo questo, una fornitura globale completa di energia rinnovabile pu\u00f2 essere raggiunta entro il 2050, e questo \u00e8 pi\u00f9 conveniente rispetto al sistema energetico di oggi. Nello scenario, 70% dell'energia viene dal sole.<\/p>\n<p><em>Fonte: <a href=\"\/\/www.swissolar.ch\">Swissolar<\/a><\/em><\/p>","protected":false},"excerpt":{"rendered":"<p>Die Schweiz hat viel mehr Potential f\u00fcr Solarstrom, als bisher angenommen. Daf\u00fcr haben die Bundes\u00e4mter f\u00fcr Landestopographie (Swisstopo), Meteorologie und Klima (MeteoSchweiz) und Energie (BFE) mit der Anwendung sonnendach.ch ein Solarpotenzialkataster f\u00fcr die ganze Schweiz bereitgestellt. Auf Basis dieses Katasters hat das BFE eine genaue Absch\u00e4tzung der Potenziale auf D\u00e4chern und Fassaden gemacht. Die Schweiz [&hellip;]<\/p>\n","protected":false},"author":5,"featured_media":9600,"comment_status":"open","ping_status":"open","sticky":false,"template":"","format":"standard","meta":{"_acf_changed":false,"_yoast_wpseo_focuskw":"Solarstrom","_yoast_wpseo_metadesc":"Das Solarstrom-Potenzial auf Schweizer Geb\u00e4uden liegt bei j\u00e4hrlich 67 Mia. Kilowattstunden (Quelle: BFE). Das sind j\u00e4hrlich 67 Milliarden Kilowattstunden.","articlekey":"","footnotes":""},"categories":[580],"tags":[1095,1908,424,2143],"class_list":["post-2107","post","type-post","status-publish","format-standard","has-post-thumbnail","hentry","category-sustainability","tag-energiewende","tag-photovoltaik","tag-schweiz","tag-solarenergie"],"acf":[],"yoast_head":"<!-- This site is optimized with the Yoast SEO plugin v27.5 - https:\/\/yoast.com\/product\/yoast-seo-wordpress\/ -->\n<title>Schweizer Energiewende mittels Solarstrom - Organisator<\/title>\n<meta name=\"description\" content=\"Das Solarstrom-Potenzial auf Schweizer Geb\u00e4uden liegt bei j\u00e4hrlich 67 Mia. Kilowattstunden (Quelle: BFE). Das sind j\u00e4hrlich 67 Milliarden Kilowattstunden.\" \/>\n<meta name=\"robots\" content=\"index, follow, max-snippet:-1, max-image-preview:large, max-video-preview:-1\" \/>\n<link rel=\"canonical\" href=\"https:\/\/www.organisator.ch\/it\/sostenibilita\/2019-04-25\/schweizer-energiewende-mittels-solarstrom\/\" \/>\n<meta property=\"og:locale\" content=\"it_IT\" \/>\n<meta property=\"og:type\" content=\"article\" \/>\n<meta property=\"og:title\" content=\"Schweizer Energiewende mittels Solarstrom - Organisator\" \/>\n<meta property=\"og:description\" content=\"Das Solarstrom-Potenzial auf Schweizer Geb\u00e4uden liegt bei j\u00e4hrlich 67 Mia. Kilowattstunden (Quelle: BFE). Das sind j\u00e4hrlich 67 Milliarden Kilowattstunden.\" \/>\n<meta property=\"og:url\" content=\"https:\/\/www.organisator.ch\/it\/sostenibilita\/2019-04-25\/schweizer-energiewende-mittels-solarstrom\/\" \/>\n<meta property=\"og:site_name\" content=\"Organisator\" \/>\n<meta property=\"article:publisher\" content=\"https:\/\/www.facebook.com\/OrganisatorFachmagazin\" \/>\n<meta property=\"article:published_time\" content=\"2019-04-25T15:06:07+00:00\" \/>\n<meta property=\"article:modified_time\" content=\"2022-02-09T10:06:17+00:00\" \/>\n<meta property=\"og:image\" content=\"https:\/\/www.organisator.ch\/wp-content\/uploads\/2019\/04\/Die-Schweizer-Energiewende-ist-mit-einer-Verfuenfachung-des-Photovoltaik-Zubaus-machbar_MQ.jpg\" \/>\n\t<meta property=\"og:image:width\" content=\"680\" \/>\n\t<meta property=\"og:image:height\" content=\"453\" \/>\n\t<meta property=\"og:image:type\" content=\"image\/jpeg\" \/>\n<meta name=\"author\" content=\"michael.merz\" \/>\n<meta name=\"twitter:card\" content=\"summary_large_image\" \/>\n<script type=\"application\/ld+json\" class=\"yoast-schema-graph\">{\"@context\":\"https:\\\/\\\/schema.org\",\"@graph\":[{\"@type\":\"Article\",\"@id\":\"https:\\\/\\\/www.organisator.ch\\\/sustainability\\\/2019-04-25\\\/schweizer-energiewende-mittels-solarstrom\\\/#article\",\"isPartOf\":{\"@id\":\"https:\\\/\\\/www.organisator.ch\\\/sustainability\\\/2019-04-25\\\/schweizer-energiewende-mittels-solarstrom\\\/\"},\"author\":{\"name\":\"michael.merz\",\"@id\":\"https:\\\/\\\/www.organisator.ch\\\/#\\\/schema\\\/person\\\/134708ca9321c57b0362cceb7948ffbd\"},\"headline\":\"Schweizer Energiewende mittels Solarstrom\",\"datePublished\":\"2019-04-25T15:06:07+00:00\",\"dateModified\":\"2022-02-09T10:06:17+00:00\",\"mainEntityOfPage\":{\"@id\":\"https:\\\/\\\/www.organisator.ch\\\/sustainability\\\/2019-04-25\\\/schweizer-energiewende-mittels-solarstrom\\\/\"},\"wordCount\":432,\"commentCount\":0,\"publisher\":{\"@id\":\"https:\\\/\\\/www.organisator.ch\\\/#organization\"},\"image\":{\"@id\":\"https:\\\/\\\/www.organisator.ch\\\/sustainability\\\/2019-04-25\\\/schweizer-energiewende-mittels-solarstrom\\\/#primaryimage\"},\"thumbnailUrl\":\"https:\\\/\\\/www.organisator.ch\\\/wp-content\\\/uploads\\\/2019\\\/04\\\/Die-Schweizer-Energiewende-ist-mit-einer-Verfuenfachung-des-Photovoltaik-Zubaus-machbar_MQ.jpg\",\"keywords\":[\"Energiewende\",\"Photovoltaik\",\"Schweiz\",\"Solarenergie\"],\"articleSection\":[\"SUSTAINABILITY\"],\"inLanguage\":\"it-IT\"},{\"@type\":\"WebPage\",\"@id\":\"https:\\\/\\\/www.organisator.ch\\\/sustainability\\\/2019-04-25\\\/schweizer-energiewende-mittels-solarstrom\\\/\",\"url\":\"https:\\\/\\\/www.organisator.ch\\\/sustainability\\\/2019-04-25\\\/schweizer-energiewende-mittels-solarstrom\\\/\",\"name\":\"Schweizer Energiewende mittels Solarstrom - Organisator\",\"isPartOf\":{\"@id\":\"https:\\\/\\\/www.organisator.ch\\\/#website\"},\"primaryImageOfPage\":{\"@id\":\"https:\\\/\\\/www.organisator.ch\\\/sustainability\\\/2019-04-25\\\/schweizer-energiewende-mittels-solarstrom\\\/#primaryimage\"},\"image\":{\"@id\":\"https:\\\/\\\/www.organisator.ch\\\/sustainability\\\/2019-04-25\\\/schweizer-energiewende-mittels-solarstrom\\\/#primaryimage\"},\"thumbnailUrl\":\"https:\\\/\\\/www.organisator.ch\\\/wp-content\\\/uploads\\\/2019\\\/04\\\/Die-Schweizer-Energiewende-ist-mit-einer-Verfuenfachung-des-Photovoltaik-Zubaus-machbar_MQ.jpg\",\"datePublished\":\"2019-04-25T15:06:07+00:00\",\"dateModified\":\"2022-02-09T10:06:17+00:00\",\"description\":\"Das Solarstrom-Potenzial auf Schweizer Geb\u00e4uden liegt bei j\u00e4hrlich 67 Mia. Kilowattstunden (Quelle: BFE). Das sind j\u00e4hrlich 67 Milliarden Kilowattstunden.\",\"breadcrumb\":{\"@id\":\"https:\\\/\\\/www.organisator.ch\\\/sustainability\\\/2019-04-25\\\/schweizer-energiewende-mittels-solarstrom\\\/#breadcrumb\"},\"inLanguage\":\"it-IT\",\"potentialAction\":[{\"@type\":\"ReadAction\",\"target\":[\"https:\\\/\\\/www.organisator.ch\\\/sustainability\\\/2019-04-25\\\/schweizer-energiewende-mittels-solarstrom\\\/\"]}]},{\"@type\":\"ImageObject\",\"inLanguage\":\"it-IT\",\"@id\":\"https:\\\/\\\/www.organisator.ch\\\/sustainability\\\/2019-04-25\\\/schweizer-energiewende-mittels-solarstrom\\\/#primaryimage\",\"url\":\"https:\\\/\\\/www.organisator.ch\\\/wp-content\\\/uploads\\\/2019\\\/04\\\/Die-Schweizer-Energiewende-ist-mit-einer-Verfuenfachung-des-Photovoltaik-Zubaus-machbar_MQ.jpg\",\"contentUrl\":\"https:\\\/\\\/www.organisator.ch\\\/wp-content\\\/uploads\\\/2019\\\/04\\\/Die-Schweizer-Energiewende-ist-mit-einer-Verfuenfachung-des-Photovoltaik-Zubaus-machbar_MQ.jpg\",\"width\":680,\"height\":453,\"caption\":\"Das Potenzial der Photovoltaik ist in der Schweiz noch nicht voll ausgen\u00fctzt. (Bild: Roy Buri \\\/ Pixabay.com)\"},{\"@type\":\"BreadcrumbList\",\"@id\":\"https:\\\/\\\/www.organisator.ch\\\/sustainability\\\/2019-04-25\\\/schweizer-energiewende-mittels-solarstrom\\\/#breadcrumb\",\"itemListElement\":[{\"@type\":\"ListItem\",\"position\":1,\"name\":\"Home\",\"item\":\"https:\\\/\\\/www.organisator.ch\\\/\"},{\"@type\":\"ListItem\",\"position\":2,\"name\":\"Schweizer Energiewende mittels Solarstrom\"}]},{\"@type\":\"WebSite\",\"@id\":\"https:\\\/\\\/www.organisator.ch\\\/#website\",\"url\":\"https:\\\/\\\/www.organisator.ch\\\/\",\"name\":\"Organisator\",\"description\":\"Kompetent. Praxisnah. Der ORGANISATOR bereitet in 10 Ausgaben pro Jahr die wesentlichen Themen f\u00fcr F\u00fchrungskr\u00e4fte von KMU auf.\",\"publisher\":{\"@id\":\"https:\\\/\\\/www.organisator.ch\\\/#organization\"},\"potentialAction\":[{\"@type\":\"SearchAction\",\"target\":{\"@type\":\"EntryPoint\",\"urlTemplate\":\"https:\\\/\\\/www.organisator.ch\\\/?s={search_term_string}\"},\"query-input\":{\"@type\":\"PropertyValueSpecification\",\"valueRequired\":true,\"valueName\":\"search_term_string\"}}],\"inLanguage\":\"it-IT\"},{\"@type\":\"Organization\",\"@id\":\"https:\\\/\\\/www.organisator.ch\\\/#organization\",\"name\":\"Organisator\",\"url\":\"https:\\\/\\\/www.organisator.ch\\\/\",\"logo\":{\"@type\":\"ImageObject\",\"inLanguage\":\"it-IT\",\"@id\":\"https:\\\/\\\/www.organisator.ch\\\/#\\\/schema\\\/logo\\\/image\\\/\",\"url\":\"https:\\\/\\\/www.organisator.ch\\\/wp-content\\\/uploads\\\/2022\\\/01\\\/Logo_Organisator_Website.png\",\"contentUrl\":\"https:\\\/\\\/www.organisator.ch\\\/wp-content\\\/uploads\\\/2022\\\/01\\\/Logo_Organisator_Website.png\",\"width\":800,\"height\":77,\"caption\":\"Organisator\"},\"image\":{\"@id\":\"https:\\\/\\\/www.organisator.ch\\\/#\\\/schema\\\/logo\\\/image\\\/\"},\"sameAs\":[\"https:\\\/\\\/www.facebook.com\\\/OrganisatorFachmagazin\",\"https:\\\/\\\/www.linkedin.com\\\/showcase\\\/organisator-das-magazin-fr-kmu\",\"https:\\\/\\\/www.xing.com\\\/news\\\/pages\\\/organisator-ch-695\",\"https:\\\/\\\/www.youtube.com\\\/channel\\\/UCGP2Sq0iWaZwT3BdIAQFYpw\"]},{\"@type\":\"Person\",\"@id\":\"https:\\\/\\\/www.organisator.ch\\\/#\\\/schema\\\/person\\\/134708ca9321c57b0362cceb7948ffbd\",\"name\":\"michael.merz\",\"image\":{\"@type\":\"ImageObject\",\"inLanguage\":\"it-IT\",\"@id\":\"https:\\\/\\\/secure.gravatar.com\\\/avatar\\\/?s=96&d=mm&r=g\",\"url\":\"https:\\\/\\\/secure.gravatar.com\\\/avatar\\\/?s=96&d=mm&r=g\",\"contentUrl\":\"https:\\\/\\\/secure.gravatar.com\\\/avatar\\\/?s=96&d=mm&r=g\",\"caption\":\"michael.merz\"},\"url\":\"https:\\\/\\\/www.organisator.ch\\\/it\\\/author\\\/michael-merz\\\/\"}]}<\/script>\n<!-- \/ Yoast SEO plugin. -->","yoast_head_json":{"title":"La transizione energetica in Svizzera con l'energia solare - Organizzatore","description":"Il potenziale di energia solare sugli edifici svizzeri \u00e8 di 67 miliardi di kilowattora all'anno. kilowattora all'anno (fonte: SFOE). Si tratta di 67 miliardi di chilowattora all'anno.","robots":{"index":"index","follow":"follow","max-snippet":"max-snippet:-1","max-image-preview":"max-image-preview:large","max-video-preview":"max-video-preview:-1"},"canonical":"https:\/\/www.organisator.ch\/it\/sostenibilita\/2019-04-25\/schweizer-energiewende-mittels-solarstrom\/","og_locale":"it_IT","og_type":"article","og_title":"Schweizer Energiewende mittels Solarstrom - Organisator","og_description":"Das Solarstrom-Potenzial auf Schweizer Geb\u00e4uden liegt bei j\u00e4hrlich 67 Mia. Kilowattstunden (Quelle: BFE). Das sind j\u00e4hrlich 67 Milliarden Kilowattstunden.","og_url":"https:\/\/www.organisator.ch\/it\/sostenibilita\/2019-04-25\/schweizer-energiewende-mittels-solarstrom\/","og_site_name":"Organisator","article_publisher":"https:\/\/www.facebook.com\/OrganisatorFachmagazin","article_published_time":"2019-04-25T15:06:07+00:00","article_modified_time":"2022-02-09T10:06:17+00:00","og_image":[{"width":680,"height":453,"url":"https:\/\/www.organisator.ch\/wp-content\/uploads\/2019\/04\/Die-Schweizer-Energiewende-ist-mit-einer-Verfuenfachung-des-Photovoltaik-Zubaus-machbar_MQ.jpg","type":"image\/jpeg"}],"author":"michael.merz","twitter_card":"summary_large_image","schema":{"@context":"https:\/\/schema.org","@graph":[{"@type":"Article","@id":"https:\/\/www.organisator.ch\/sustainability\/2019-04-25\/schweizer-energiewende-mittels-solarstrom\/#article","isPartOf":{"@id":"https:\/\/www.organisator.ch\/sustainability\/2019-04-25\/schweizer-energiewende-mittels-solarstrom\/"},"author":{"name":"michael.merz","@id":"https:\/\/www.organisator.ch\/#\/schema\/person\/134708ca9321c57b0362cceb7948ffbd"},"headline":"Schweizer Energiewende mittels Solarstrom","datePublished":"2019-04-25T15:06:07+00:00","dateModified":"2022-02-09T10:06:17+00:00","mainEntityOfPage":{"@id":"https:\/\/www.organisator.ch\/sustainability\/2019-04-25\/schweizer-energiewende-mittels-solarstrom\/"},"wordCount":432,"commentCount":0,"publisher":{"@id":"https:\/\/www.organisator.ch\/#organization"},"image":{"@id":"https:\/\/www.organisator.ch\/sustainability\/2019-04-25\/schweizer-energiewende-mittels-solarstrom\/#primaryimage"},"thumbnailUrl":"https:\/\/www.organisator.ch\/wp-content\/uploads\/2019\/04\/Die-Schweizer-Energiewende-ist-mit-einer-Verfuenfachung-des-Photovoltaik-Zubaus-machbar_MQ.jpg","keywords":["Energiewende","Photovoltaik","Schweiz","Solarenergie"],"articleSection":["SUSTAINABILITY"],"inLanguage":"it-IT"},{"@type":"WebPage","@id":"https:\/\/www.organisator.ch\/sustainability\/2019-04-25\/schweizer-energiewende-mittels-solarstrom\/","url":"https:\/\/www.organisator.ch\/sustainability\/2019-04-25\/schweizer-energiewende-mittels-solarstrom\/","name":"La transizione energetica in Svizzera con l'energia solare - Organizzatore","isPartOf":{"@id":"https:\/\/www.organisator.ch\/#website"},"primaryImageOfPage":{"@id":"https:\/\/www.organisator.ch\/sustainability\/2019-04-25\/schweizer-energiewende-mittels-solarstrom\/#primaryimage"},"image":{"@id":"https:\/\/www.organisator.ch\/sustainability\/2019-04-25\/schweizer-energiewende-mittels-solarstrom\/#primaryimage"},"thumbnailUrl":"https:\/\/www.organisator.ch\/wp-content\/uploads\/2019\/04\/Die-Schweizer-Energiewende-ist-mit-einer-Verfuenfachung-des-Photovoltaik-Zubaus-machbar_MQ.jpg","datePublished":"2019-04-25T15:06:07+00:00","dateModified":"2022-02-09T10:06:17+00:00","description":"Il potenziale di energia solare sugli edifici svizzeri \u00e8 di 67 miliardi di kilowattora all'anno. kilowattora all'anno (fonte: SFOE). Si tratta di 67 miliardi di chilowattora all'anno.","breadcrumb":{"@id":"https:\/\/www.organisator.ch\/sustainability\/2019-04-25\/schweizer-energiewende-mittels-solarstrom\/#breadcrumb"},"inLanguage":"it-IT","potentialAction":[{"@type":"ReadAction","target":["https:\/\/www.organisator.ch\/sustainability\/2019-04-25\/schweizer-energiewende-mittels-solarstrom\/"]}]},{"@type":"ImageObject","inLanguage":"it-IT","@id":"https:\/\/www.organisator.ch\/sustainability\/2019-04-25\/schweizer-energiewende-mittels-solarstrom\/#primaryimage","url":"https:\/\/www.organisator.ch\/wp-content\/uploads\/2019\/04\/Die-Schweizer-Energiewende-ist-mit-einer-Verfuenfachung-des-Photovoltaik-Zubaus-machbar_MQ.jpg","contentUrl":"https:\/\/www.organisator.ch\/wp-content\/uploads\/2019\/04\/Die-Schweizer-Energiewende-ist-mit-einer-Verfuenfachung-des-Photovoltaik-Zubaus-machbar_MQ.jpg","width":680,"height":453,"caption":"Das Potenzial der Photovoltaik ist in der Schweiz noch nicht voll ausgen\u00fctzt. (Bild: Roy Buri \/ Pixabay.com)"},{"@type":"BreadcrumbList","@id":"https:\/\/www.organisator.ch\/sustainability\/2019-04-25\/schweizer-energiewende-mittels-solarstrom\/#breadcrumb","itemListElement":[{"@type":"ListItem","position":1,"name":"Home","item":"https:\/\/www.organisator.ch\/"},{"@type":"ListItem","position":2,"name":"Schweizer Energiewende mittels Solarstrom"}]},{"@type":"WebSite","@id":"https:\/\/www.organisator.ch\/#website","url":"https:\/\/www.organisator.ch\/","name":"Organizzatore","description":"Competente. Pratico. In 10 numeri all'anno, ORGANISATOR presenta i temi essenziali per i manager delle PMI.","publisher":{"@id":"https:\/\/www.organisator.ch\/#organization"},"potentialAction":[{"@type":"SearchAction","target":{"@type":"EntryPoint","urlTemplate":"https:\/\/www.organisator.ch\/?s={search_term_string}"},"query-input":{"@type":"PropertyValueSpecification","valueRequired":true,"valueName":"search_term_string"}}],"inLanguage":"it-IT"},{"@type":"Organization","@id":"https:\/\/www.organisator.ch\/#organization","name":"Organizzatore","url":"https:\/\/www.organisator.ch\/","logo":{"@type":"ImageObject","inLanguage":"it-IT","@id":"https:\/\/www.organisator.ch\/#\/schema\/logo\/image\/","url":"https:\/\/www.organisator.ch\/wp-content\/uploads\/2022\/01\/Logo_Organisator_Website.png","contentUrl":"https:\/\/www.organisator.ch\/wp-content\/uploads\/2022\/01\/Logo_Organisator_Website.png","width":800,"height":77,"caption":"Organisator"},"image":{"@id":"https:\/\/www.organisator.ch\/#\/schema\/logo\/image\/"},"sameAs":["https:\/\/www.facebook.com\/OrganisatorFachmagazin","https:\/\/www.linkedin.com\/showcase\/organisator-das-magazin-fr-kmu","https:\/\/www.xing.com\/news\/pages\/organisator-ch-695","https:\/\/www.youtube.com\/channel\/UCGP2Sq0iWaZwT3BdIAQFYpw"]},{"@type":"Person","@id":"https:\/\/www.organisator.ch\/#\/schema\/person\/134708ca9321c57b0362cceb7948ffbd","name":"michael.merz","image":{"@type":"ImageObject","inLanguage":"it-IT","@id":"https:\/\/secure.gravatar.com\/avatar\/?s=96&d=mm&r=g","url":"https:\/\/secure.gravatar.com\/avatar\/?s=96&d=mm&r=g","contentUrl":"https:\/\/secure.gravatar.com\/avatar\/?s=96&d=mm&r=g","caption":"michael.merz"},"url":"https:\/\/www.organisator.ch\/it\/author\/michael-merz\/"}]}},"_links":{"self":[{"href":"https:\/\/www.organisator.ch\/it\/wp-json\/wp\/v2\/posts\/2107","targetHints":{"allow":["GET"]}}],"collection":[{"href":"https:\/\/www.organisator.ch\/it\/wp-json\/wp\/v2\/posts"}],"about":[{"href":"https:\/\/www.organisator.ch\/it\/wp-json\/wp\/v2\/types\/post"}],"author":[{"embeddable":true,"href":"https:\/\/www.organisator.ch\/it\/wp-json\/wp\/v2\/users\/5"}],"replies":[{"embeddable":true,"href":"https:\/\/www.organisator.ch\/it\/wp-json\/wp\/v2\/comments?post=2107"}],"version-history":[{"count":1,"href":"https:\/\/www.organisator.ch\/it\/wp-json\/wp\/v2\/posts\/2107\/revisions"}],"predecessor-version":[{"id":10557,"href":"https:\/\/www.organisator.ch\/it\/wp-json\/wp\/v2\/posts\/2107\/revisions\/10557"}],"wp:featuredmedia":[{"embeddable":true,"href":"https:\/\/www.organisator.ch\/it\/wp-json\/wp\/v2\/media\/9600"}],"wp:attachment":[{"href":"https:\/\/www.organisator.ch\/it\/wp-json\/wp\/v2\/media?parent=2107"}],"wp:term":[{"taxonomy":"category","embeddable":true,"href":"https:\/\/www.organisator.ch\/it\/wp-json\/wp\/v2\/categories?post=2107"},{"taxonomy":"post_tag","embeddable":true,"href":"https:\/\/www.organisator.ch\/it\/wp-json\/wp\/v2\/tags?post=2107"}],"curies":[{"name":"wp","href":"https:\/\/api.w.org\/{rel}","templated":true}]}}