{"id":21073,"date":"2023-07-27T08:07:25","date_gmt":"2023-07-27T06:07:25","guid":{"rendered":"https:\/\/www.organisator.ch\/?p=21073"},"modified":"2023-07-27T08:07:25","modified_gmt":"2023-07-27T06:07:25","slug":"ma-aktivitaeten-2023-weniger-akquisitionen-durch-kmu","status":"publish","type":"post","link":"https:\/\/www.organisator.ch\/it\/management\/2023-07-27\/ma-aktivitaeten-2023-weniger-akquisitionen-durch-kmu\/","title":{"rendered":"Attivit\u00e0 di M&amp;A 2023: Meno acquisizioni da parte delle PMI"},"content":{"rendered":"<figure id=\"attachment_21074\" aria-describedby=\"caption-attachment-21074\" style=\"width: 680px\" class=\"wp-caption alignnone\"><img loading=\"lazy\" decoding=\"async\" class=\"size-full wp-image-21074\" src=\"https:\/\/www.organisator.ch\/wp-content\/uploads\/2023\/07\/M-A-Aktivitaeten-2023-Weniger-Akquisitionen-durch-KMU-1_Organisator.jpg\" alt=\"\" width=\"680\" height=\"356\" srcset=\"https:\/\/www.organisator.ch\/wp-content\/uploads\/2023\/07\/M-A-Aktivitaeten-2023-Weniger-Akquisitionen-durch-KMU-1_Organisator.jpg 680w, https:\/\/www.organisator.ch\/wp-content\/uploads\/2023\/07\/M-A-Aktivitaeten-2023-Weniger-Akquisitionen-durch-KMU-1_Organisator-18x9.jpg 18w, https:\/\/www.organisator.ch\/wp-content\/uploads\/2023\/07\/M-A-Aktivitaeten-2023-Weniger-Akquisitionen-durch-KMU-1_Organisator-375x196.jpg 375w, https:\/\/www.organisator.ch\/wp-content\/uploads\/2023\/07\/M-A-Aktivitaeten-2023-Weniger-Akquisitionen-durch-KMU-1_Organisator-669x350.jpg 669w\" sizes=\"auto, (max-width: 680px) 100vw, 680px\" \/><figcaption id=\"caption-attachment-21074\" class=\"wp-caption-text\">Attivit\u00e0 di fusione e acquisizione in vari cantoni: Dove \u00e8 stata completata la maggior parte delle acquisizioni. (Grafico: Deloitte Svizzera)<\/figcaption><\/figure>\n<p>Nel primo semestre del 2023 le PMI svizzere hanno effettuato complessivamente meno transazioni rispetto al primo semestre del 2022. Il numero di transazioni \u00e8 diminuito del 18% nel primo semestre del 2023 rispetto al primo semestre del 2022, e le PMI svizzere sono state acquirenti o destinatarie di un totale di 109 transazioni, secondo l'ultimo studio di Deloitte sulle attivit\u00e0 di fusione e acquisizione delle PMI svizzere. Sebbene l'attivit\u00e0 di fusione e acquisizione sia complessivamente diminuita, si \u00e8 registrato un notevole aumento delle acquisizioni all'estero. Mentre negli ultimi anni le transazioni transfrontaliere erano guidate principalmente da investimenti in entrata, dalla met\u00e0 del 2022 si \u00e8 osservata un'inversione di tendenza verso un maggior numero di transazioni in uscita. Ci\u00f2 significa che le PMI svizzere hanno agito principalmente come acquirenti di altre aziende e meno frequentemente sono diventate esse stesse oggetto di fusioni o acquisizioni.<\/p>\n<p>In termini concreti, le transazioni inbound mostrano un calo significativo (-54% rispetto al 1\u00b0 semestre 2022), mentre le transazioni outbound hanno raggiunto un livello record nel 1\u00b0 semestre 2023 (+18% rispetto al 1\u00b0 semestre 2022). Il numero di transazioni con societ\u00e0 svizzere come target (62 transazioni domestiche e inbound) \u00e8 uno dei pi\u00f9 bassi da quando Deloitte ha iniziato a misurarlo nel 2013. Le ragioni sono molteplici, spiega Anthony West, Partner e Head of Corporate Finance Switzerland di Deloitte: \"Attualmente, gli investitori stranieri mostrano una minore propensione per gli obiettivi svizzeri. Inoltre, gli imprenditori e i proprietari locali esitano a vendere le loro aziende. Tuttavia, le PMI svizzere stanno compensando questa situazione aumentando la propria attivit\u00e0 di acquisto all'estero. I fattori pi\u00f9 importanti che influenzano questi sviluppi sono la tenuta dell'economia svizzera e la forza del franco svizzero\".<\/p>\n<figure id=\"attachment_21075\" aria-describedby=\"caption-attachment-21075\" style=\"width: 680px\" class=\"wp-caption alignnone\"><img loading=\"lazy\" decoding=\"async\" class=\"size-full wp-image-21075\" src=\"https:\/\/www.organisator.ch\/wp-content\/uploads\/2023\/07\/M-A-Aktivitaeten-2023-Weniger-Akquisitionen-durch-KMU-2_Organisator.jpg\" alt=\"\" width=\"680\" height=\"262\" srcset=\"https:\/\/www.organisator.ch\/wp-content\/uploads\/2023\/07\/M-A-Aktivitaeten-2023-Weniger-Akquisitionen-durch-KMU-2_Organisator.jpg 680w, https:\/\/www.organisator.ch\/wp-content\/uploads\/2023\/07\/M-A-Aktivitaeten-2023-Weniger-Akquisitionen-durch-KMU-2_Organisator-18x7.jpg 18w, https:\/\/www.organisator.ch\/wp-content\/uploads\/2023\/07\/M-A-Aktivitaeten-2023-Weniger-Akquisitionen-durch-KMU-2_Organisator-375x144.jpg 375w\" sizes=\"auto, (max-width: 680px) 100vw, 680px\" \/><figcaption id=\"caption-attachment-21075\" class=\"wp-caption-text\">Grafico: Deloitte Svizzera<\/figcaption><\/figure>\n<h3>Gli investitori stranieri puntano alle aziende IT svizzere<\/h3>\n<p>In termini di transazioni, le aziende di servizi IT sono in testa alle transazioni in entrata in Svizzera. Con oltre un quarto di tutte le transazioni (26% contro 21% nel 2022), le PMI svizzere del settore dei servizi IT sono al primo posto tra i vari settori, relegando il settore industriale, che era ancora in testa lo scorso anno, al quarto posto (13% contro 22% nel 2022). Il settore Life Science &amp; Health Care (19%, contro 14% nel 2022) \u00e8 al secondo posto. Nella prima met\u00e0 del 2023, gli acquirenti di PMI svizzere sono stati prevalentemente aziende europee (67%) o nordamericane (26%), che hanno effettuato un totale di 62 transazioni. In termini di acquisizioni dall'estero, sono state ancora una volta le PMI svizzere del settore IT a generare la maggiore domanda di tutti i settori.<\/p>\n<p>Mentre gli investitori stranieri sono interessati soprattutto alle aziende svizzere di servizi IT, le PMI svizzere si rivolgono principalmente alle aziende del settore industriale per gli acquisti all'estero. Il settore IT \u00e8 rimasto il pi\u00f9 ambito per le acquisizioni nella prima met\u00e0 del 2023. L'Europa \u00e8 rimasta l'area di destinazione pi\u00f9 importante per le acquisizioni all'estero da parte delle PMI svizzere, con l'83% delle transazioni. I Paesi confinanti hanno fatto la parte del leone, con la Germania in testa (36%). Le PMI svizzere hanno effettuato le restanti acquisizioni principalmente in Nord America.<\/p>\n<h3>Il settore IT \u00e8 molto interessante per le acquisizioni<\/h3>\n<p>\"Il grande interesse per i fornitori di servizi IT svizzeri \u00e8 probabilmente dovuto principalmente all'attrattiva della localit\u00e0 e alle numerose aziende cloud e cyber emergenti\", afferma Stephan Br\u00fccher, Partner Financial Advisory di Deloitte Svizzera. \"Le aziende IT emergenti che guidano in modo specifico la crescita del settore IT e forniscono soluzioni per le aziende di tutti i tipi sono una risorsa importante nel nostro Paese. La comunit\u00e0 di start-up molto attiva in questo settore \u00e8 fortemente sostenuta anche dall'ETH e dall'EPFL, anche attraverso la creazione di nuove start-up, e rende le aziende IT svizzere obiettivi di acquisizione estremamente interessanti.\"<\/p>\n<p>La minore propensione alle acquisizioni rispetto agli anni precedenti riflette l'atteggiamento cauto degli investitori in risposta alle condizioni di mercato incerte e volatili. La prima met\u00e0 del 2023 ha presentato numerose sfide per le aziende, tra cui l'aumento dei tassi di interesse per frenare l'alta inflazione, i continui problemi della catena di approvvigionamento, la guerra in corso in Ucraina, la forza del franco svizzero e le turbolenze nel settore finanziario. Sebbene il numero totale di transazioni rimanga al di sopra dei livelli pre-Corona, si sta tuttavia delineando una tendenza per cui gli investitori stranieri continuano a concludere meno transazioni in Svizzera.<\/p>\n<h3>Continuano le grandi sfide per le aziende nazionali e straniere<\/h3>\n<p>La situazione non dovrebbe cambiare molto nella seconda met\u00e0 del 2023. \"I venditori sono cauti e gli investitori stranieri si dimostrano poco inclini a cercare aziende svizzere. Tuttavia, \u00e8 probabile che le PMI svizzere rimangano molto attive e cerchino acquisizioni all'estero. Il franco forte rende gli obiettivi esteri interessanti per gli investitori svizzeri, mentre le aziende svizzere diventano pi\u00f9 costose per gli investitori stranieri. Possibili ulteriori aumenti dei tassi di interesse potrebbero alimentare questo sviluppo, che potrebbe portare a un'ulteriore diminuzione degli investimenti esteri in Svizzera\", afferma Jean-Fran\u00e7ois Lagass\u00e9, Partner Financial Advisory e Head of Financial Industry di Deloitte Svizzera. \"Tuttavia, rimaniamo cautamente ottimisti e prevediamo un miglioramento delle condizioni macroeconomiche verso la fine dell'anno o all'inizio del prossimo. Questo sviluppo positivo dovrebbe poi aprire la strada a una rinnovata attivit\u00e0 di acquisizione da parte di societ\u00e0 straniere sul mercato svizzero.\"<\/p>\n<p><em>Fonte: <a href=\"https:\/\/www2.deloitte.com\/ch\/de.html\">Deloitte Svizzera<\/a><\/em><\/p>","protected":false},"excerpt":{"rendered":"<p>Il numero di fusioni e acquisizioni che hanno coinvolto piccole e medie imprese (PMI) svizzere \u00e8 diminuito rispetto all'anno precedente. \u00c8 quanto emerge dal nuovo studio Deloitte sulle attivit\u00e0 di fusione e acquisizione delle PMI svizzere. \u00c8 stato stabilito un record di acquisizioni da parte di PMI svizzere all'estero. Un importante motore di questo sviluppo sono le societ\u00e0 di servizi informatici, responsabili di oltre un quarto di tutte le transazioni.<\/p>","protected":false},"author":4,"featured_media":21074,"comment_status":"closed","ping_status":"closed","sticky":false,"template":"","format":"standard","meta":{"_acf_changed":false,"_yoast_wpseo_focuskw":"M&A-Aktivit\u00e4ten","_yoast_wpseo_metadesc":"Die M&A-Aktivit\u00e4ten mit Beteiligung kleiner und mittlerer Unternehmen (KMU) aus der Schweiz hat im Vergleich zum Vorjahr abgenommen.","articlekey":"","footnotes":""},"categories":[28],"tags":[3853,286,459,492],"class_list":["post-21073","post","type-post","status-publish","format-standard","has-post-thumbnail","hentry","category-management","tag-akquisitionen","tag-it","tag-studie","tag-unternehmen"],"acf":[],"yoast_head":"<!-- This site is optimized with the Yoast SEO plugin v27.4 - https:\/\/yoast.com\/product\/yoast-seo-wordpress\/ -->\n<title>M&amp;A-Aktivit\u00e4ten 2023: Weniger Akquisitionen durch KMU - Organisator<\/title>\n<meta name=\"description\" content=\"Die M&amp;A-Aktivit\u00e4ten mit Beteiligung kleiner und mittlerer Unternehmen (KMU) aus der Schweiz hat im Vergleich zum Vorjahr abgenommen.\" \/>\n<meta name=\"robots\" content=\"index, follow, max-snippet:-1, max-image-preview:large, max-video-preview:-1\" \/>\n<link rel=\"canonical\" href=\"https:\/\/www.organisator.ch\/it\/gestione-2\/2023-07-27\/ma-aktivitaeten-2023-weniger-akquisitionen-durch-kmu\/\" \/>\n<meta property=\"og:locale\" content=\"it_IT\" \/>\n<meta property=\"og:type\" content=\"article\" \/>\n<meta property=\"og:title\" content=\"M&amp;A-Aktivit\u00e4ten 2023: Weniger Akquisitionen durch KMU\" \/>\n<meta property=\"og:description\" content=\"Die M&amp;A-Aktivit\u00e4ten mit Beteiligung kleiner und mittlerer Unternehmen (KMU) aus der Schweiz hat im Vergleich zum Vorjahr abgenommen.\" \/>\n<meta property=\"og:url\" content=\"https:\/\/www.organisator.ch\/it\/gestione-2\/2023-07-27\/ma-aktivitaeten-2023-weniger-akquisitionen-durch-kmu\/\" \/>\n<meta property=\"og:site_name\" content=\"Organisator\" \/>\n<meta property=\"article:publisher\" content=\"https:\/\/www.facebook.com\/OrganisatorFachmagazin\" \/>\n<meta property=\"article:published_time\" content=\"2023-07-27T06:07:25+00:00\" \/>\n<meta property=\"og:image\" content=\"https:\/\/www.organisator.ch\/wp-content\/uploads\/2023\/07\/M-A-Aktivitaeten-2023-Weniger-Akquisitionen-durch-KMU-1_Organisator.jpg\" \/>\n\t<meta property=\"og:image:width\" content=\"680\" \/>\n\t<meta property=\"og:image:height\" content=\"356\" \/>\n\t<meta property=\"og:image:type\" content=\"image\/jpeg\" \/>\n<meta name=\"author\" content=\"thomas.berner\" \/>\n<meta name=\"twitter:card\" content=\"summary_large_image\" \/>\n<meta name=\"twitter:title\" content=\"#M&amp;A-Aktivit\u00e4ten 2023: Weniger #Akquisitionen durch KMU\" \/>\n<meta name=\"twitter:description\" content=\"Die #M&amp;A-Aktivit\u00e4ten mit Beteiligung kleiner und mittlerer Unternehmen (#KMU) aus der Schweiz hat im Vergleich zum Vorjahr abgenommen.\" \/>\n<meta name=\"twitter:image\" content=\"https:\/\/www.organisator.ch\/wp-content\/uploads\/2023\/07\/M-A-Aktivitaeten-2023-Weniger-Akquisitionen-durch-KMU-1_Organisator.jpg\" \/>\n<script type=\"application\/ld+json\" class=\"yoast-schema-graph\">{\"@context\":\"https:\\\/\\\/schema.org\",\"@graph\":[{\"@type\":\"Article\",\"@id\":\"https:\\\/\\\/www.organisator.ch\\\/management\\\/2023-07-27\\\/ma-aktivitaeten-2023-weniger-akquisitionen-durch-kmu\\\/#article\",\"isPartOf\":{\"@id\":\"https:\\\/\\\/www.organisator.ch\\\/management\\\/2023-07-27\\\/ma-aktivitaeten-2023-weniger-akquisitionen-durch-kmu\\\/\"},\"author\":{\"name\":\"thomas.berner\",\"@id\":\"https:\\\/\\\/www.organisator.ch\\\/#\\\/schema\\\/person\\\/6f650f90b2842cd4c0cc334b4e36f67e\"},\"headline\":\"M&#038;A-Aktivit\u00e4ten 2023: Weniger Akquisitionen durch KMU\",\"datePublished\":\"2023-07-27T06:07:25+00:00\",\"mainEntityOfPage\":{\"@id\":\"https:\\\/\\\/www.organisator.ch\\\/management\\\/2023-07-27\\\/ma-aktivitaeten-2023-weniger-akquisitionen-durch-kmu\\\/\"},\"wordCount\":861,\"publisher\":{\"@id\":\"https:\\\/\\\/www.organisator.ch\\\/#organization\"},\"image\":{\"@id\":\"https:\\\/\\\/www.organisator.ch\\\/management\\\/2023-07-27\\\/ma-aktivitaeten-2023-weniger-akquisitionen-durch-kmu\\\/#primaryimage\"},\"thumbnailUrl\":\"https:\\\/\\\/www.organisator.ch\\\/wp-content\\\/uploads\\\/2023\\\/07\\\/M-A-Aktivitaeten-2023-Weniger-Akquisitionen-durch-KMU-1_Organisator.jpg\",\"keywords\":[\"Akquisitionen\",\"IT\",\"Studie\",\"Unternehmen\"],\"articleSection\":[\"MANAGEMENT\"],\"inLanguage\":\"it-IT\"},{\"@type\":\"WebPage\",\"@id\":\"https:\\\/\\\/www.organisator.ch\\\/management\\\/2023-07-27\\\/ma-aktivitaeten-2023-weniger-akquisitionen-durch-kmu\\\/\",\"url\":\"https:\\\/\\\/www.organisator.ch\\\/management\\\/2023-07-27\\\/ma-aktivitaeten-2023-weniger-akquisitionen-durch-kmu\\\/\",\"name\":\"M&A-Aktivit\u00e4ten 2023: Weniger Akquisitionen durch KMU - Organisator\",\"isPartOf\":{\"@id\":\"https:\\\/\\\/www.organisator.ch\\\/#website\"},\"primaryImageOfPage\":{\"@id\":\"https:\\\/\\\/www.organisator.ch\\\/management\\\/2023-07-27\\\/ma-aktivitaeten-2023-weniger-akquisitionen-durch-kmu\\\/#primaryimage\"},\"image\":{\"@id\":\"https:\\\/\\\/www.organisator.ch\\\/management\\\/2023-07-27\\\/ma-aktivitaeten-2023-weniger-akquisitionen-durch-kmu\\\/#primaryimage\"},\"thumbnailUrl\":\"https:\\\/\\\/www.organisator.ch\\\/wp-content\\\/uploads\\\/2023\\\/07\\\/M-A-Aktivitaeten-2023-Weniger-Akquisitionen-durch-KMU-1_Organisator.jpg\",\"datePublished\":\"2023-07-27T06:07:25+00:00\",\"description\":\"Die M&A-Aktivit\u00e4ten mit Beteiligung kleiner und mittlerer Unternehmen (KMU) aus der Schweiz hat im Vergleich zum Vorjahr abgenommen.\",\"breadcrumb\":{\"@id\":\"https:\\\/\\\/www.organisator.ch\\\/management\\\/2023-07-27\\\/ma-aktivitaeten-2023-weniger-akquisitionen-durch-kmu\\\/#breadcrumb\"},\"inLanguage\":\"it-IT\",\"potentialAction\":[{\"@type\":\"ReadAction\",\"target\":[\"https:\\\/\\\/www.organisator.ch\\\/management\\\/2023-07-27\\\/ma-aktivitaeten-2023-weniger-akquisitionen-durch-kmu\\\/\"]}]},{\"@type\":\"ImageObject\",\"inLanguage\":\"it-IT\",\"@id\":\"https:\\\/\\\/www.organisator.ch\\\/management\\\/2023-07-27\\\/ma-aktivitaeten-2023-weniger-akquisitionen-durch-kmu\\\/#primaryimage\",\"url\":\"https:\\\/\\\/www.organisator.ch\\\/wp-content\\\/uploads\\\/2023\\\/07\\\/M-A-Aktivitaeten-2023-Weniger-Akquisitionen-durch-KMU-1_Organisator.jpg\",\"contentUrl\":\"https:\\\/\\\/www.organisator.ch\\\/wp-content\\\/uploads\\\/2023\\\/07\\\/M-A-Aktivitaeten-2023-Weniger-Akquisitionen-durch-KMU-1_Organisator.jpg\",\"width\":680,\"height\":356,\"caption\":\"M&A-Aktivit\u00e4ten nach Kantonen: Wo am meisten \u00dcbernahmen vollzogen wurden. (Grafik: Deloitte Schweiz)\"},{\"@type\":\"BreadcrumbList\",\"@id\":\"https:\\\/\\\/www.organisator.ch\\\/management\\\/2023-07-27\\\/ma-aktivitaeten-2023-weniger-akquisitionen-durch-kmu\\\/#breadcrumb\",\"itemListElement\":[{\"@type\":\"ListItem\",\"position\":1,\"name\":\"Home\",\"item\":\"https:\\\/\\\/www.organisator.ch\\\/\"},{\"@type\":\"ListItem\",\"position\":2,\"name\":\"M&#038;A-Aktivit\u00e4ten 2023: Weniger Akquisitionen durch KMU\"}]},{\"@type\":\"WebSite\",\"@id\":\"https:\\\/\\\/www.organisator.ch\\\/#website\",\"url\":\"https:\\\/\\\/www.organisator.ch\\\/\",\"name\":\"Organisator\",\"description\":\"Kompetent. Praxisnah. Der ORGANISATOR bereitet in 10 Ausgaben pro Jahr die wesentlichen Themen f\u00fcr F\u00fchrungskr\u00e4fte von KMU auf.\",\"publisher\":{\"@id\":\"https:\\\/\\\/www.organisator.ch\\\/#organization\"},\"potentialAction\":[{\"@type\":\"SearchAction\",\"target\":{\"@type\":\"EntryPoint\",\"urlTemplate\":\"https:\\\/\\\/www.organisator.ch\\\/?s={search_term_string}\"},\"query-input\":{\"@type\":\"PropertyValueSpecification\",\"valueRequired\":true,\"valueName\":\"search_term_string\"}}],\"inLanguage\":\"it-IT\"},{\"@type\":\"Organization\",\"@id\":\"https:\\\/\\\/www.organisator.ch\\\/#organization\",\"name\":\"Organisator\",\"url\":\"https:\\\/\\\/www.organisator.ch\\\/\",\"logo\":{\"@type\":\"ImageObject\",\"inLanguage\":\"it-IT\",\"@id\":\"https:\\\/\\\/www.organisator.ch\\\/#\\\/schema\\\/logo\\\/image\\\/\",\"url\":\"https:\\\/\\\/www.organisator.ch\\\/wp-content\\\/uploads\\\/2022\\\/01\\\/Logo_Organisator_Website.png\",\"contentUrl\":\"https:\\\/\\\/www.organisator.ch\\\/wp-content\\\/uploads\\\/2022\\\/01\\\/Logo_Organisator_Website.png\",\"width\":800,\"height\":77,\"caption\":\"Organisator\"},\"image\":{\"@id\":\"https:\\\/\\\/www.organisator.ch\\\/#\\\/schema\\\/logo\\\/image\\\/\"},\"sameAs\":[\"https:\\\/\\\/www.facebook.com\\\/OrganisatorFachmagazin\",\"https:\\\/\\\/www.linkedin.com\\\/showcase\\\/organisator-das-magazin-fr-kmu\",\"https:\\\/\\\/www.xing.com\\\/news\\\/pages\\\/organisator-ch-695\",\"https:\\\/\\\/www.youtube.com\\\/channel\\\/UCGP2Sq0iWaZwT3BdIAQFYpw\"]},{\"@type\":\"Person\",\"@id\":\"https:\\\/\\\/www.organisator.ch\\\/#\\\/schema\\\/person\\\/6f650f90b2842cd4c0cc334b4e36f67e\",\"name\":\"thomas.berner\",\"image\":{\"@type\":\"ImageObject\",\"inLanguage\":\"it-IT\",\"@id\":\"https:\\\/\\\/secure.gravatar.com\\\/avatar\\\/ac5001d2a36cb6c6cd3e50789007ffca834b477b74a2144564522e944eabff61?s=96&d=mm&r=g\",\"url\":\"https:\\\/\\\/secure.gravatar.com\\\/avatar\\\/ac5001d2a36cb6c6cd3e50789007ffca834b477b74a2144564522e944eabff61?s=96&d=mm&r=g\",\"contentUrl\":\"https:\\\/\\\/secure.gravatar.com\\\/avatar\\\/ac5001d2a36cb6c6cd3e50789007ffca834b477b74a2144564522e944eabff61?s=96&d=mm&r=g\",\"caption\":\"thomas.berner\"},\"url\":\"https:\\\/\\\/www.organisator.ch\\\/it\\\/author\\\/thomas-berner\\\/\"}]}<\/script>\n<!-- \/ Yoast SEO plugin. -->","yoast_head_json":{"title":"Attivit\u00e0 di M&amp;A 2023: Meno acquisizioni da parte delle PMI - Organizzatore","description":"Le attivit\u00e0 di fusione e acquisizione che coinvolgono le piccole e medie imprese (PMI) svizzere sono diminuite rispetto all'anno precedente.","robots":{"index":"index","follow":"follow","max-snippet":"max-snippet:-1","max-image-preview":"max-image-preview:large","max-video-preview":"max-video-preview:-1"},"canonical":"https:\/\/www.organisator.ch\/it\/gestione-2\/2023-07-27\/ma-aktivitaeten-2023-weniger-akquisitionen-durch-kmu\/","og_locale":"it_IT","og_type":"article","og_title":"M&A-Aktivit\u00e4ten 2023: Weniger Akquisitionen durch KMU","og_description":"Die M&A-Aktivit\u00e4ten mit Beteiligung kleiner und mittlerer Unternehmen (KMU) aus der Schweiz hat im Vergleich zum Vorjahr abgenommen.","og_url":"https:\/\/www.organisator.ch\/it\/gestione-2\/2023-07-27\/ma-aktivitaeten-2023-weniger-akquisitionen-durch-kmu\/","og_site_name":"Organisator","article_publisher":"https:\/\/www.facebook.com\/OrganisatorFachmagazin","article_published_time":"2023-07-27T06:07:25+00:00","og_image":[{"width":680,"height":356,"url":"https:\/\/www.organisator.ch\/wp-content\/uploads\/2023\/07\/M-A-Aktivitaeten-2023-Weniger-Akquisitionen-durch-KMU-1_Organisator.jpg","type":"image\/jpeg"}],"author":"thomas.berner","twitter_card":"summary_large_image","twitter_title":"#M&A-Aktivit\u00e4ten 2023: Weniger #Akquisitionen durch KMU","twitter_description":"Die #M&A-Aktivit\u00e4ten mit Beteiligung kleiner und mittlerer Unternehmen (#KMU) aus der Schweiz hat im Vergleich zum Vorjahr abgenommen.","twitter_image":"https:\/\/www.organisator.ch\/wp-content\/uploads\/2023\/07\/M-A-Aktivitaeten-2023-Weniger-Akquisitionen-durch-KMU-1_Organisator.jpg","schema":{"@context":"https:\/\/schema.org","@graph":[{"@type":"Article","@id":"https:\/\/www.organisator.ch\/management\/2023-07-27\/ma-aktivitaeten-2023-weniger-akquisitionen-durch-kmu\/#article","isPartOf":{"@id":"https:\/\/www.organisator.ch\/management\/2023-07-27\/ma-aktivitaeten-2023-weniger-akquisitionen-durch-kmu\/"},"author":{"name":"thomas.berner","@id":"https:\/\/www.organisator.ch\/#\/schema\/person\/6f650f90b2842cd4c0cc334b4e36f67e"},"headline":"M&#038;A-Aktivit\u00e4ten 2023: Weniger Akquisitionen durch KMU","datePublished":"2023-07-27T06:07:25+00:00","mainEntityOfPage":{"@id":"https:\/\/www.organisator.ch\/management\/2023-07-27\/ma-aktivitaeten-2023-weniger-akquisitionen-durch-kmu\/"},"wordCount":861,"publisher":{"@id":"https:\/\/www.organisator.ch\/#organization"},"image":{"@id":"https:\/\/www.organisator.ch\/management\/2023-07-27\/ma-aktivitaeten-2023-weniger-akquisitionen-durch-kmu\/#primaryimage"},"thumbnailUrl":"https:\/\/www.organisator.ch\/wp-content\/uploads\/2023\/07\/M-A-Aktivitaeten-2023-Weniger-Akquisitionen-durch-KMU-1_Organisator.jpg","keywords":["Akquisitionen","IT","Studie","Unternehmen"],"articleSection":["MANAGEMENT"],"inLanguage":"it-IT"},{"@type":"WebPage","@id":"https:\/\/www.organisator.ch\/management\/2023-07-27\/ma-aktivitaeten-2023-weniger-akquisitionen-durch-kmu\/","url":"https:\/\/www.organisator.ch\/management\/2023-07-27\/ma-aktivitaeten-2023-weniger-akquisitionen-durch-kmu\/","name":"Attivit\u00e0 di M&amp;A 2023: Meno acquisizioni da parte delle PMI - Organizzatore","isPartOf":{"@id":"https:\/\/www.organisator.ch\/#website"},"primaryImageOfPage":{"@id":"https:\/\/www.organisator.ch\/management\/2023-07-27\/ma-aktivitaeten-2023-weniger-akquisitionen-durch-kmu\/#primaryimage"},"image":{"@id":"https:\/\/www.organisator.ch\/management\/2023-07-27\/ma-aktivitaeten-2023-weniger-akquisitionen-durch-kmu\/#primaryimage"},"thumbnailUrl":"https:\/\/www.organisator.ch\/wp-content\/uploads\/2023\/07\/M-A-Aktivitaeten-2023-Weniger-Akquisitionen-durch-KMU-1_Organisator.jpg","datePublished":"2023-07-27T06:07:25+00:00","description":"Le attivit\u00e0 di fusione e acquisizione che coinvolgono le piccole e medie imprese (PMI) svizzere sono diminuite rispetto all'anno precedente.","breadcrumb":{"@id":"https:\/\/www.organisator.ch\/management\/2023-07-27\/ma-aktivitaeten-2023-weniger-akquisitionen-durch-kmu\/#breadcrumb"},"inLanguage":"it-IT","potentialAction":[{"@type":"ReadAction","target":["https:\/\/www.organisator.ch\/management\/2023-07-27\/ma-aktivitaeten-2023-weniger-akquisitionen-durch-kmu\/"]}]},{"@type":"ImageObject","inLanguage":"it-IT","@id":"https:\/\/www.organisator.ch\/management\/2023-07-27\/ma-aktivitaeten-2023-weniger-akquisitionen-durch-kmu\/#primaryimage","url":"https:\/\/www.organisator.ch\/wp-content\/uploads\/2023\/07\/M-A-Aktivitaeten-2023-Weniger-Akquisitionen-durch-KMU-1_Organisator.jpg","contentUrl":"https:\/\/www.organisator.ch\/wp-content\/uploads\/2023\/07\/M-A-Aktivitaeten-2023-Weniger-Akquisitionen-durch-KMU-1_Organisator.jpg","width":680,"height":356,"caption":"M&A-Aktivit\u00e4ten nach Kantonen: Wo am meisten \u00dcbernahmen vollzogen wurden. (Grafik: Deloitte Schweiz)"},{"@type":"BreadcrumbList","@id":"https:\/\/www.organisator.ch\/management\/2023-07-27\/ma-aktivitaeten-2023-weniger-akquisitionen-durch-kmu\/#breadcrumb","itemListElement":[{"@type":"ListItem","position":1,"name":"Home","item":"https:\/\/www.organisator.ch\/"},{"@type":"ListItem","position":2,"name":"M&#038;A-Aktivit\u00e4ten 2023: Weniger Akquisitionen durch KMU"}]},{"@type":"WebSite","@id":"https:\/\/www.organisator.ch\/#website","url":"https:\/\/www.organisator.ch\/","name":"Organizzatore","description":"Competente. Pratico. In 10 numeri all'anno, ORGANISATOR presenta i temi essenziali per i manager delle PMI.","publisher":{"@id":"https:\/\/www.organisator.ch\/#organization"},"potentialAction":[{"@type":"SearchAction","target":{"@type":"EntryPoint","urlTemplate":"https:\/\/www.organisator.ch\/?s={search_term_string}"},"query-input":{"@type":"PropertyValueSpecification","valueRequired":true,"valueName":"search_term_string"}}],"inLanguage":"it-IT"},{"@type":"Organization","@id":"https:\/\/www.organisator.ch\/#organization","name":"Organizzatore","url":"https:\/\/www.organisator.ch\/","logo":{"@type":"ImageObject","inLanguage":"it-IT","@id":"https:\/\/www.organisator.ch\/#\/schema\/logo\/image\/","url":"https:\/\/www.organisator.ch\/wp-content\/uploads\/2022\/01\/Logo_Organisator_Website.png","contentUrl":"https:\/\/www.organisator.ch\/wp-content\/uploads\/2022\/01\/Logo_Organisator_Website.png","width":800,"height":77,"caption":"Organisator"},"image":{"@id":"https:\/\/www.organisator.ch\/#\/schema\/logo\/image\/"},"sameAs":["https:\/\/www.facebook.com\/OrganisatorFachmagazin","https:\/\/www.linkedin.com\/showcase\/organisator-das-magazin-fr-kmu","https:\/\/www.xing.com\/news\/pages\/organisator-ch-695","https:\/\/www.youtube.com\/channel\/UCGP2Sq0iWaZwT3BdIAQFYpw"]},{"@type":"Person","@id":"https:\/\/www.organisator.ch\/#\/schema\/person\/6f650f90b2842cd4c0cc334b4e36f67e","name":"Tommaso.berner","image":{"@type":"ImageObject","inLanguage":"it-IT","@id":"https:\/\/secure.gravatar.com\/avatar\/ac5001d2a36cb6c6cd3e50789007ffca834b477b74a2144564522e944eabff61?s=96&d=mm&r=g","url":"https:\/\/secure.gravatar.com\/avatar\/ac5001d2a36cb6c6cd3e50789007ffca834b477b74a2144564522e944eabff61?s=96&d=mm&r=g","contentUrl":"https:\/\/secure.gravatar.com\/avatar\/ac5001d2a36cb6c6cd3e50789007ffca834b477b74a2144564522e944eabff61?s=96&d=mm&r=g","caption":"thomas.berner"},"url":"https:\/\/www.organisator.ch\/it\/author\/thomas-berner\/"}]}},"_links":{"self":[{"href":"https:\/\/www.organisator.ch\/it\/wp-json\/wp\/v2\/posts\/21073","targetHints":{"allow":["GET"]}}],"collection":[{"href":"https:\/\/www.organisator.ch\/it\/wp-json\/wp\/v2\/posts"}],"about":[{"href":"https:\/\/www.organisator.ch\/it\/wp-json\/wp\/v2\/types\/post"}],"author":[{"embeddable":true,"href":"https:\/\/www.organisator.ch\/it\/wp-json\/wp\/v2\/users\/4"}],"replies":[{"embeddable":true,"href":"https:\/\/www.organisator.ch\/it\/wp-json\/wp\/v2\/comments?post=21073"}],"version-history":[{"count":1,"href":"https:\/\/www.organisator.ch\/it\/wp-json\/wp\/v2\/posts\/21073\/revisions"}],"predecessor-version":[{"id":21076,"href":"https:\/\/www.organisator.ch\/it\/wp-json\/wp\/v2\/posts\/21073\/revisions\/21076"}],"wp:featuredmedia":[{"embeddable":true,"href":"https:\/\/www.organisator.ch\/it\/wp-json\/wp\/v2\/media\/21074"}],"wp:attachment":[{"href":"https:\/\/www.organisator.ch\/it\/wp-json\/wp\/v2\/media?parent=21073"}],"wp:term":[{"taxonomy":"category","embeddable":true,"href":"https:\/\/www.organisator.ch\/it\/wp-json\/wp\/v2\/categories?post=21073"},{"taxonomy":"post_tag","embeddable":true,"href":"https:\/\/www.organisator.ch\/it\/wp-json\/wp\/v2\/tags?post=21073"}],"curies":[{"name":"wp","href":"https:\/\/api.w.org\/{rel}","templated":true}]}}