{"id":2110,"date":"2019-04-24T15:25:05","date_gmt":"2019-04-24T13:25:05","guid":{"rendered":"https:\/\/www.umweltperspektiven.ch\/?p=2110"},"modified":"2022-02-09T11:10:07","modified_gmt":"2022-02-09T10:10:07","slug":"europa-verbraucht-zuviel-palmoel-und-baumwolle","status":"publish","type":"post","link":"https:\/\/www.organisator.ch\/it\/sustainability\/2019-04-24\/europa-verbraucht-zuviel-palmoel-und-baumwolle\/","title":{"rendered":"L'Europa consuma troppo olio di palma e cotone"},"content":{"rendered":"<figure id=\"attachment_2111\" aria-describedby=\"caption-attachment-2111\" style=\"width: 680px\" class=\"wp-caption alignnone\"><img loading=\"lazy\" decoding=\"async\" class=\"size-medium wp-image-2111\" src=\"\/\/www.umweltperspektiven.ch\/wp-content\/uploads\/2019\/04\/Europa-verbraucht-zuviel-Palm\u00f6l-und-Baumwolle-UP_Umwelt-Perspektiven.jpg\" alt=\"\" width=\"680\" height=\"510\" \/><figcaption id=\"caption-attachment-2111\" class=\"wp-caption-text\">Che si tratti di cosmetici, carburanti o delle future cannucce in bioplastica, l'olio di palma, la soia, l'etanolo e altre materie prime sono oggi utilizzati per tutti questi prodotti. (Immagine simbolo: unsplash)<\/figcaption><\/figure>\n<p>Che si tratti di cosmetici, carburanti o persino cannucce in bioplastica, per tutti questi prodotti vengono utilizzati olio di palma, soia, etanolo e altre materie prime. L'Austria consuma ogni anno 935.000 tonnellate di materie prime vegetali (111 kg pro capite) provenienti dai seminativi solo per la produzione di prodotti non alimentari. Per fare un confronto: in Europa, il valore \u00e8 di 52 milioni di tonnellate o una media di 103 kg pro capite. Un recente studio condotto da Martin Bruckner, Stefan Giljum e Victor Maus dell'Istituto di Economia Ecologica dell'Universit\u00e0 di Economia e Commercio di Vienna insieme ai colleghi dell'Istituto Internazionale per l'Analisi Applicata dei Sistemi (IIASA), dell'Universit\u00e0 di Stoccolma e dell'Universit\u00e0 di Bonn ha analizzato l'origine delle materie prime agricole per i prodotti consumati in Europa.<\/p>\n<p>\u00c8 diventato chiaro che l'Europa ha bisogno di risorse ben oltre i suoi confini. Circa il 65% delle materie prime di origine vegetale di cui ha bisogno proviene da altri continenti, in molti casi da regioni tropicali. Anche nel settore alimentare il fabbisogno europeo di materie prime estere tende ad aumentare, ma con una percentuale del 15% \u00e8 significativamente inferiore.<\/p>\n<p><strong>La riduzione dei consumi \u00e8 un'efficace tutela dell'ambiente<\/strong><br \/>\nLa maggior parte delle materie prime di origine vegetale destinate all'Europa proviene dall'Asia e, dopo il cotone (1,7 milioni di ettari provenienti principalmente da India, Cina e Pakistan), l'olio di palma \u00e8 al secondo posto: circa 6,4 miliardi di litri - raccolti da un'area di circa 1,6 milioni di ettari all'anno - vengono portati in Europa non trasformati o gi\u00e0 sotto forma di prodotti trasformati, per lo pi\u00f9 dall'Indonesia o dalla Malesia. Qui viene utilizzato, ad esempio, per biodiesel, detergenti, saponi, prodotti cosmetici o candele. L'Asia fornisce anche gomma da circa 1,3 milioni di ettari di terreno coltivato e olio di cocco da 0,7 milioni di ettari. 1,2 milioni di ettari di terra arabile dell'Asia sono utilizzati per l'allevamento di bestiame per produrre pelle e lana da consumare in Europa. Tuttavia, passare dall'olio di palma alla colza nazionale non \u00e8 una soluzione globale, afferma Martin Bruckner: \"Per la stessa quantit\u00e0 di olio, avremmo bisogno di tre volte pi\u00f9 terra in Europa, con la conseguenza di un aumento delle emissioni di gas serra e della perdita di biodiversit\u00e0. Solo riducendo notevolmente i nostri consumi \u00e8 possibile proteggere efficacemente gli ecosistemi del nostro pianeta\".<\/p>\n<p>L'Europa importa etanolo a base di mais dagli Stati Uniti, soprattutto per la miscelazione con la benzina.<\/p>\n<p><strong>La deforestazione massiccia, un problema globale che si sta spostando<\/strong><br \/>\nLa massiccia espansione delle piantagioni di palma da olio sta causando una crescente deforestazione delle foreste tropicali naturali. L'autore dello studio Martin Bruckner spiega: \"La forte deforestazione porta a un elevato rilascio di gas serra - vediamo che il disboscamento delle foreste del Sud-Est asiatico fino al 2002 ha causato addirittura pi\u00f9 emissioni delle centrali elettriche a carbone cinesi nello stesso periodo. Inoltre, si registrano allarmanti perdite di biodiversit\u00e0\".<\/p>\n<p>Per Bruckner e i suoi colleghi, le misure attualmente adottate dai politici sono insufficienti: \"Vediamo che alcune misure di politica ambientale tendono a spostare i problemi piuttosto che a risolverli. Ad esempio, sebbene la normativa sui biocarburanti abbia portato a una riduzione delle emissioni di CO2 nei trasporti nazionali, ha causato una quantit\u00e0 inimmaginabile di deforestazione globale e quindi la distruzione di preziosi ecosistemi. L'attuale direttiva che vieta la plastica monouso suscita timori simili. Anche se questo potrebbe ridurre la plastica negli oceani del mondo, il modello di business che sta dietro alle bioplastiche \u00e8 molto dispendioso in termini di risorse\", afferma Bruckner.<\/p>\n<p><em>Informazioni sullo studio<\/em><br \/>\n<em>Per calcolare l'impronta di terra, gli autori hanno utilizzato, da un lato, un modello di commercio globale che mappa i flussi di prodotti in unit\u00e0 fisiche e permette di seguire i prodotti agricoli lungo le rotte commerciali internazionali. D'altra parte, un modello economico globale (EXIOBASE) \u00e8 stato integrato in forma complementare per mappare le catene del valore industriale. Lo studio \u00e8 stato condotto con il sostegno dell'Agenzia Federale Tedesca per l'Ambiente e fa parte del programma di ricerca FINEPRINT (www.fineprint.global), del valore di 2 milioni di euro, dell'Istituto di Economia Ecologica della WU di Vienna, che studia i flussi globali di merci e gli impatti ambientali associati.<\/em><\/p>\n<p>Citazione: Bruckner, M., H\u00e4yh\u00e4, T., Maus, V., Giljum, S., Fischer, G., Tramberend, S., B\u00f6rner, J., 2019. Uso del suolo globale guidato dalla bioeconomia non alimentare dell'UE. Environmental Research Letters 14, 045011. <a href=\"\/\/iopscience.iop.org\/article\/10.1088\/1748-9326\/ab07f5\">https:\/\/iopscience.iop.org\/article\/10.1088\/1748-9326\/ab07f5<\/a><\/p>","protected":false},"excerpt":{"rendered":"<p>Egal ob Kosmetik, Treibstoff oder auch Bioplastik-Strohhalme \u2013 f\u00fcr alle diese G\u00fcter wird auf Palm\u00f6l, Soja, Ethanol und andere Rohstoffe zur\u00fcckgegriffen. 935000 Tonnen an pflanzlichen Rohstoffen (111 kg pro Kopf) aus dem Ackerbau konsumiert \u00d6sterreich j\u00e4hrlich alleine f\u00fcr die Produktion von Nicht-Ern\u00e4hrungsprodukten. Zum Vergleich: In Europa liegt der Wert bei 52 Millionen Tonnen oder durchschnittlich [&hellip;]<\/p>\n","protected":false},"author":5,"featured_media":9601,"comment_status":"open","ping_status":"open","sticky":false,"template":"","format":"standard","meta":{"_acf_changed":false,"_yoast_wpseo_focuskw":"Palm\u00f6l","_yoast_wpseo_metadesc":"Pflanzen\u00f6le \u2013 zum Beispiel Palm\u00f6l \u2013 f\u00fcr allem\u00f6glichen G\u00fcter wie zum Beispiel auch Bio-Plastik-Strohhalme sind in Europa besonders gefragt.","articlekey":"","footnotes":""},"categories":[580],"tags":[1399,312,1881],"class_list":["post-2110","post","type-post","status-publish","format-standard","has-post-thumbnail","hentry","category-sustainability","tag-import","tag-konsum","tag-palmoel"],"acf":[],"yoast_head":"<!-- This site is optimized with the Yoast SEO plugin v27.5 - https:\/\/yoast.com\/product\/yoast-seo-wordpress\/ -->\n<title>Europa verbraucht zuviel Palm\u00f6l und Baumwolle - Organisator<\/title>\n<meta name=\"description\" content=\"Pflanzen\u00f6le \u2013 zum Beispiel Palm\u00f6l \u2013 f\u00fcr allem\u00f6glichen G\u00fcter wie zum Beispiel auch Bio-Plastik-Strohhalme sind in Europa besonders gefragt.\" \/>\n<meta name=\"robots\" content=\"index, follow, max-snippet:-1, max-image-preview:large, max-video-preview:-1\" \/>\n<link rel=\"canonical\" href=\"https:\/\/www.organisator.ch\/it\/sostenibilita\/2019-04-24\/europa-verbraucht-zuviel-palmoel-und-baumwolle\/\" \/>\n<meta property=\"og:locale\" content=\"it_IT\" \/>\n<meta property=\"og:type\" content=\"article\" \/>\n<meta property=\"og:title\" content=\"Europa verbraucht zuviel Palm\u00f6l und Baumwolle - Organisator\" \/>\n<meta property=\"og:description\" content=\"Pflanzen\u00f6le \u2013 zum Beispiel Palm\u00f6l \u2013 f\u00fcr allem\u00f6glichen G\u00fcter wie zum Beispiel auch Bio-Plastik-Strohhalme sind in Europa besonders gefragt.\" \/>\n<meta property=\"og:url\" content=\"https:\/\/www.organisator.ch\/it\/sostenibilita\/2019-04-24\/europa-verbraucht-zuviel-palmoel-und-baumwolle\/\" \/>\n<meta property=\"og:site_name\" content=\"Organisator\" \/>\n<meta property=\"article:publisher\" content=\"https:\/\/www.facebook.com\/OrganisatorFachmagazin\" \/>\n<meta property=\"article:published_time\" content=\"2019-04-24T13:25:05+00:00\" \/>\n<meta property=\"article:modified_time\" content=\"2022-02-09T10:10:07+00:00\" \/>\n<meta property=\"og:image\" content=\"https:\/\/www.organisator.ch\/wp-content\/uploads\/2019\/04\/Europa-verbraucht-zuviel-Palmoel-und-Baumwolle-UP_Umwelt-Perspektiven-scaled.jpg\" \/>\n\t<meta property=\"og:image:width\" content=\"2560\" \/>\n\t<meta property=\"og:image:height\" content=\"1920\" \/>\n\t<meta property=\"og:image:type\" content=\"image\/jpeg\" \/>\n<meta name=\"author\" content=\"michael.merz\" \/>\n<meta name=\"twitter:card\" content=\"summary_large_image\" \/>\n<script type=\"application\/ld+json\" class=\"yoast-schema-graph\">{\"@context\":\"https:\\\/\\\/schema.org\",\"@graph\":[{\"@type\":\"Article\",\"@id\":\"https:\\\/\\\/www.organisator.ch\\\/sustainability\\\/2019-04-24\\\/europa-verbraucht-zuviel-palmoel-und-baumwolle\\\/#article\",\"isPartOf\":{\"@id\":\"https:\\\/\\\/www.organisator.ch\\\/sustainability\\\/2019-04-24\\\/europa-verbraucht-zuviel-palmoel-und-baumwolle\\\/\"},\"author\":{\"name\":\"michael.merz\",\"@id\":\"https:\\\/\\\/www.organisator.ch\\\/#\\\/schema\\\/person\\\/134708ca9321c57b0362cceb7948ffbd\"},\"headline\":\"Europa verbraucht zuviel Palm\u00f6l und Baumwolle\",\"datePublished\":\"2019-04-24T13:25:05+00:00\",\"dateModified\":\"2022-02-09T10:10:07+00:00\",\"mainEntityOfPage\":{\"@id\":\"https:\\\/\\\/www.organisator.ch\\\/sustainability\\\/2019-04-24\\\/europa-verbraucht-zuviel-palmoel-und-baumwolle\\\/\"},\"wordCount\":683,\"commentCount\":0,\"publisher\":{\"@id\":\"https:\\\/\\\/www.organisator.ch\\\/#organization\"},\"image\":{\"@id\":\"https:\\\/\\\/www.organisator.ch\\\/sustainability\\\/2019-04-24\\\/europa-verbraucht-zuviel-palmoel-und-baumwolle\\\/#primaryimage\"},\"thumbnailUrl\":\"https:\\\/\\\/www.organisator.ch\\\/wp-content\\\/uploads\\\/2019\\\/04\\\/Europa-verbraucht-zuviel-Palmoel-und-Baumwolle-UP_Umwelt-Perspektiven-scaled.jpg\",\"keywords\":[\"Import\",\"Konsum\",\"Palm\u00f6l\"],\"articleSection\":[\"SUSTAINABILITY\"],\"inLanguage\":\"it-IT\"},{\"@type\":\"WebPage\",\"@id\":\"https:\\\/\\\/www.organisator.ch\\\/sustainability\\\/2019-04-24\\\/europa-verbraucht-zuviel-palmoel-und-baumwolle\\\/\",\"url\":\"https:\\\/\\\/www.organisator.ch\\\/sustainability\\\/2019-04-24\\\/europa-verbraucht-zuviel-palmoel-und-baumwolle\\\/\",\"name\":\"Europa verbraucht zuviel Palm\u00f6l und Baumwolle - Organisator\",\"isPartOf\":{\"@id\":\"https:\\\/\\\/www.organisator.ch\\\/#website\"},\"primaryImageOfPage\":{\"@id\":\"https:\\\/\\\/www.organisator.ch\\\/sustainability\\\/2019-04-24\\\/europa-verbraucht-zuviel-palmoel-und-baumwolle\\\/#primaryimage\"},\"image\":{\"@id\":\"https:\\\/\\\/www.organisator.ch\\\/sustainability\\\/2019-04-24\\\/europa-verbraucht-zuviel-palmoel-und-baumwolle\\\/#primaryimage\"},\"thumbnailUrl\":\"https:\\\/\\\/www.organisator.ch\\\/wp-content\\\/uploads\\\/2019\\\/04\\\/Europa-verbraucht-zuviel-Palmoel-und-Baumwolle-UP_Umwelt-Perspektiven-scaled.jpg\",\"datePublished\":\"2019-04-24T13:25:05+00:00\",\"dateModified\":\"2022-02-09T10:10:07+00:00\",\"description\":\"Pflanzen\u00f6le \u2013 zum Beispiel Palm\u00f6l \u2013 f\u00fcr allem\u00f6glichen G\u00fcter wie zum Beispiel auch Bio-Plastik-Strohhalme sind in Europa besonders gefragt.\",\"breadcrumb\":{\"@id\":\"https:\\\/\\\/www.organisator.ch\\\/sustainability\\\/2019-04-24\\\/europa-verbraucht-zuviel-palmoel-und-baumwolle\\\/#breadcrumb\"},\"inLanguage\":\"it-IT\",\"potentialAction\":[{\"@type\":\"ReadAction\",\"target\":[\"https:\\\/\\\/www.organisator.ch\\\/sustainability\\\/2019-04-24\\\/europa-verbraucht-zuviel-palmoel-und-baumwolle\\\/\"]}]},{\"@type\":\"ImageObject\",\"inLanguage\":\"it-IT\",\"@id\":\"https:\\\/\\\/www.organisator.ch\\\/sustainability\\\/2019-04-24\\\/europa-verbraucht-zuviel-palmoel-und-baumwolle\\\/#primaryimage\",\"url\":\"https:\\\/\\\/www.organisator.ch\\\/wp-content\\\/uploads\\\/2019\\\/04\\\/Europa-verbraucht-zuviel-Palmoel-und-Baumwolle-UP_Umwelt-Perspektiven-scaled.jpg\",\"contentUrl\":\"https:\\\/\\\/www.organisator.ch\\\/wp-content\\\/uploads\\\/2019\\\/04\\\/Europa-verbraucht-zuviel-Palmoel-und-Baumwolle-UP_Umwelt-Perspektiven-scaled.jpg\",\"width\":2560,\"height\":1920,\"caption\":\"Egal ob Kosmetik, Treibstoff oder die k\u00fcnftigen Bioplastik-Strohhalme \u2013 f\u00fcr alle diese G\u00fcter wird heute auf Palm\u00f6l, Soja, Ethanol und andere Rohstoffe zur\u00fcckgegriffen. (Symbolbild: unsplash)\"},{\"@type\":\"BreadcrumbList\",\"@id\":\"https:\\\/\\\/www.organisator.ch\\\/sustainability\\\/2019-04-24\\\/europa-verbraucht-zuviel-palmoel-und-baumwolle\\\/#breadcrumb\",\"itemListElement\":[{\"@type\":\"ListItem\",\"position\":1,\"name\":\"Home\",\"item\":\"https:\\\/\\\/www.organisator.ch\\\/\"},{\"@type\":\"ListItem\",\"position\":2,\"name\":\"Europa verbraucht zuviel Palm\u00f6l und Baumwolle\"}]},{\"@type\":\"WebSite\",\"@id\":\"https:\\\/\\\/www.organisator.ch\\\/#website\",\"url\":\"https:\\\/\\\/www.organisator.ch\\\/\",\"name\":\"Organisator\",\"description\":\"Kompetent. Praxisnah. Der ORGANISATOR bereitet in 10 Ausgaben pro Jahr die wesentlichen Themen f\u00fcr F\u00fchrungskr\u00e4fte von KMU auf.\",\"publisher\":{\"@id\":\"https:\\\/\\\/www.organisator.ch\\\/#organization\"},\"potentialAction\":[{\"@type\":\"SearchAction\",\"target\":{\"@type\":\"EntryPoint\",\"urlTemplate\":\"https:\\\/\\\/www.organisator.ch\\\/?s={search_term_string}\"},\"query-input\":{\"@type\":\"PropertyValueSpecification\",\"valueRequired\":true,\"valueName\":\"search_term_string\"}}],\"inLanguage\":\"it-IT\"},{\"@type\":\"Organization\",\"@id\":\"https:\\\/\\\/www.organisator.ch\\\/#organization\",\"name\":\"Organisator\",\"url\":\"https:\\\/\\\/www.organisator.ch\\\/\",\"logo\":{\"@type\":\"ImageObject\",\"inLanguage\":\"it-IT\",\"@id\":\"https:\\\/\\\/www.organisator.ch\\\/#\\\/schema\\\/logo\\\/image\\\/\",\"url\":\"https:\\\/\\\/www.organisator.ch\\\/wp-content\\\/uploads\\\/2022\\\/01\\\/Logo_Organisator_Website.png\",\"contentUrl\":\"https:\\\/\\\/www.organisator.ch\\\/wp-content\\\/uploads\\\/2022\\\/01\\\/Logo_Organisator_Website.png\",\"width\":800,\"height\":77,\"caption\":\"Organisator\"},\"image\":{\"@id\":\"https:\\\/\\\/www.organisator.ch\\\/#\\\/schema\\\/logo\\\/image\\\/\"},\"sameAs\":[\"https:\\\/\\\/www.facebook.com\\\/OrganisatorFachmagazin\",\"https:\\\/\\\/www.linkedin.com\\\/showcase\\\/organisator-das-magazin-fr-kmu\",\"https:\\\/\\\/www.xing.com\\\/news\\\/pages\\\/organisator-ch-695\",\"https:\\\/\\\/www.youtube.com\\\/channel\\\/UCGP2Sq0iWaZwT3BdIAQFYpw\"]},{\"@type\":\"Person\",\"@id\":\"https:\\\/\\\/www.organisator.ch\\\/#\\\/schema\\\/person\\\/134708ca9321c57b0362cceb7948ffbd\",\"name\":\"michael.merz\",\"image\":{\"@type\":\"ImageObject\",\"inLanguage\":\"it-IT\",\"@id\":\"https:\\\/\\\/secure.gravatar.com\\\/avatar\\\/?s=96&d=mm&r=g\",\"url\":\"https:\\\/\\\/secure.gravatar.com\\\/avatar\\\/?s=96&d=mm&r=g\",\"contentUrl\":\"https:\\\/\\\/secure.gravatar.com\\\/avatar\\\/?s=96&d=mm&r=g\",\"caption\":\"michael.merz\"},\"url\":\"https:\\\/\\\/www.organisator.ch\\\/it\\\/author\\\/michael-merz\\\/\"}]}<\/script>\n<!-- \/ Yoast SEO plugin. -->","yoast_head_json":{"title":"L'Europa consuma troppo olio di palma e cotone - Organizzatore","description":"Gli oli vegetali - ad esempio l'olio di palma - per tutti i tipi di prodotti, come le cannucce di plastica biologiche, sono particolarmente richiesti in Europa.","robots":{"index":"index","follow":"follow","max-snippet":"max-snippet:-1","max-image-preview":"max-image-preview:large","max-video-preview":"max-video-preview:-1"},"canonical":"https:\/\/www.organisator.ch\/it\/sostenibilita\/2019-04-24\/europa-verbraucht-zuviel-palmoel-und-baumwolle\/","og_locale":"it_IT","og_type":"article","og_title":"Europa verbraucht zuviel Palm\u00f6l und Baumwolle - Organisator","og_description":"Pflanzen\u00f6le \u2013 zum Beispiel Palm\u00f6l \u2013 f\u00fcr allem\u00f6glichen G\u00fcter wie zum Beispiel auch Bio-Plastik-Strohhalme sind in Europa besonders gefragt.","og_url":"https:\/\/www.organisator.ch\/it\/sostenibilita\/2019-04-24\/europa-verbraucht-zuviel-palmoel-und-baumwolle\/","og_site_name":"Organisator","article_publisher":"https:\/\/www.facebook.com\/OrganisatorFachmagazin","article_published_time":"2019-04-24T13:25:05+00:00","article_modified_time":"2022-02-09T10:10:07+00:00","og_image":[{"width":2560,"height":1920,"url":"https:\/\/www.organisator.ch\/wp-content\/uploads\/2019\/04\/Europa-verbraucht-zuviel-Palmoel-und-Baumwolle-UP_Umwelt-Perspektiven-scaled.jpg","type":"image\/jpeg"}],"author":"michael.merz","twitter_card":"summary_large_image","schema":{"@context":"https:\/\/schema.org","@graph":[{"@type":"Article","@id":"https:\/\/www.organisator.ch\/sustainability\/2019-04-24\/europa-verbraucht-zuviel-palmoel-und-baumwolle\/#article","isPartOf":{"@id":"https:\/\/www.organisator.ch\/sustainability\/2019-04-24\/europa-verbraucht-zuviel-palmoel-und-baumwolle\/"},"author":{"name":"michael.merz","@id":"https:\/\/www.organisator.ch\/#\/schema\/person\/134708ca9321c57b0362cceb7948ffbd"},"headline":"Europa verbraucht zuviel Palm\u00f6l und Baumwolle","datePublished":"2019-04-24T13:25:05+00:00","dateModified":"2022-02-09T10:10:07+00:00","mainEntityOfPage":{"@id":"https:\/\/www.organisator.ch\/sustainability\/2019-04-24\/europa-verbraucht-zuviel-palmoel-und-baumwolle\/"},"wordCount":683,"commentCount":0,"publisher":{"@id":"https:\/\/www.organisator.ch\/#organization"},"image":{"@id":"https:\/\/www.organisator.ch\/sustainability\/2019-04-24\/europa-verbraucht-zuviel-palmoel-und-baumwolle\/#primaryimage"},"thumbnailUrl":"https:\/\/www.organisator.ch\/wp-content\/uploads\/2019\/04\/Europa-verbraucht-zuviel-Palmoel-und-Baumwolle-UP_Umwelt-Perspektiven-scaled.jpg","keywords":["Import","Konsum","Palm\u00f6l"],"articleSection":["SUSTAINABILITY"],"inLanguage":"it-IT"},{"@type":"WebPage","@id":"https:\/\/www.organisator.ch\/sustainability\/2019-04-24\/europa-verbraucht-zuviel-palmoel-und-baumwolle\/","url":"https:\/\/www.organisator.ch\/sustainability\/2019-04-24\/europa-verbraucht-zuviel-palmoel-und-baumwolle\/","name":"L'Europa consuma troppo olio di palma e cotone - Organizzatore","isPartOf":{"@id":"https:\/\/www.organisator.ch\/#website"},"primaryImageOfPage":{"@id":"https:\/\/www.organisator.ch\/sustainability\/2019-04-24\/europa-verbraucht-zuviel-palmoel-und-baumwolle\/#primaryimage"},"image":{"@id":"https:\/\/www.organisator.ch\/sustainability\/2019-04-24\/europa-verbraucht-zuviel-palmoel-und-baumwolle\/#primaryimage"},"thumbnailUrl":"https:\/\/www.organisator.ch\/wp-content\/uploads\/2019\/04\/Europa-verbraucht-zuviel-Palmoel-und-Baumwolle-UP_Umwelt-Perspektiven-scaled.jpg","datePublished":"2019-04-24T13:25:05+00:00","dateModified":"2022-02-09T10:10:07+00:00","description":"Gli oli vegetali - ad esempio l'olio di palma - per tutti i tipi di prodotti, come le cannucce di plastica biologiche, sono particolarmente richiesti in Europa.","breadcrumb":{"@id":"https:\/\/www.organisator.ch\/sustainability\/2019-04-24\/europa-verbraucht-zuviel-palmoel-und-baumwolle\/#breadcrumb"},"inLanguage":"it-IT","potentialAction":[{"@type":"ReadAction","target":["https:\/\/www.organisator.ch\/sustainability\/2019-04-24\/europa-verbraucht-zuviel-palmoel-und-baumwolle\/"]}]},{"@type":"ImageObject","inLanguage":"it-IT","@id":"https:\/\/www.organisator.ch\/sustainability\/2019-04-24\/europa-verbraucht-zuviel-palmoel-und-baumwolle\/#primaryimage","url":"https:\/\/www.organisator.ch\/wp-content\/uploads\/2019\/04\/Europa-verbraucht-zuviel-Palmoel-und-Baumwolle-UP_Umwelt-Perspektiven-scaled.jpg","contentUrl":"https:\/\/www.organisator.ch\/wp-content\/uploads\/2019\/04\/Europa-verbraucht-zuviel-Palmoel-und-Baumwolle-UP_Umwelt-Perspektiven-scaled.jpg","width":2560,"height":1920,"caption":"Egal ob Kosmetik, Treibstoff oder die k\u00fcnftigen Bioplastik-Strohhalme \u2013 f\u00fcr alle diese G\u00fcter wird heute auf Palm\u00f6l, Soja, Ethanol und andere Rohstoffe zur\u00fcckgegriffen. (Symbolbild: unsplash)"},{"@type":"BreadcrumbList","@id":"https:\/\/www.organisator.ch\/sustainability\/2019-04-24\/europa-verbraucht-zuviel-palmoel-und-baumwolle\/#breadcrumb","itemListElement":[{"@type":"ListItem","position":1,"name":"Home","item":"https:\/\/www.organisator.ch\/"},{"@type":"ListItem","position":2,"name":"Europa verbraucht zuviel Palm\u00f6l und Baumwolle"}]},{"@type":"WebSite","@id":"https:\/\/www.organisator.ch\/#website","url":"https:\/\/www.organisator.ch\/","name":"Organizzatore","description":"Competente. Pratico. In 10 numeri all'anno, ORGANISATOR presenta i temi essenziali per i manager delle PMI.","publisher":{"@id":"https:\/\/www.organisator.ch\/#organization"},"potentialAction":[{"@type":"SearchAction","target":{"@type":"EntryPoint","urlTemplate":"https:\/\/www.organisator.ch\/?s={search_term_string}"},"query-input":{"@type":"PropertyValueSpecification","valueRequired":true,"valueName":"search_term_string"}}],"inLanguage":"it-IT"},{"@type":"Organization","@id":"https:\/\/www.organisator.ch\/#organization","name":"Organizzatore","url":"https:\/\/www.organisator.ch\/","logo":{"@type":"ImageObject","inLanguage":"it-IT","@id":"https:\/\/www.organisator.ch\/#\/schema\/logo\/image\/","url":"https:\/\/www.organisator.ch\/wp-content\/uploads\/2022\/01\/Logo_Organisator_Website.png","contentUrl":"https:\/\/www.organisator.ch\/wp-content\/uploads\/2022\/01\/Logo_Organisator_Website.png","width":800,"height":77,"caption":"Organisator"},"image":{"@id":"https:\/\/www.organisator.ch\/#\/schema\/logo\/image\/"},"sameAs":["https:\/\/www.facebook.com\/OrganisatorFachmagazin","https:\/\/www.linkedin.com\/showcase\/organisator-das-magazin-fr-kmu","https:\/\/www.xing.com\/news\/pages\/organisator-ch-695","https:\/\/www.youtube.com\/channel\/UCGP2Sq0iWaZwT3BdIAQFYpw"]},{"@type":"Person","@id":"https:\/\/www.organisator.ch\/#\/schema\/person\/134708ca9321c57b0362cceb7948ffbd","name":"michael.merz","image":{"@type":"ImageObject","inLanguage":"it-IT","@id":"https:\/\/secure.gravatar.com\/avatar\/?s=96&d=mm&r=g","url":"https:\/\/secure.gravatar.com\/avatar\/?s=96&d=mm&r=g","contentUrl":"https:\/\/secure.gravatar.com\/avatar\/?s=96&d=mm&r=g","caption":"michael.merz"},"url":"https:\/\/www.organisator.ch\/it\/author\/michael-merz\/"}]}},"_links":{"self":[{"href":"https:\/\/www.organisator.ch\/it\/wp-json\/wp\/v2\/posts\/2110","targetHints":{"allow":["GET"]}}],"collection":[{"href":"https:\/\/www.organisator.ch\/it\/wp-json\/wp\/v2\/posts"}],"about":[{"href":"https:\/\/www.organisator.ch\/it\/wp-json\/wp\/v2\/types\/post"}],"author":[{"embeddable":true,"href":"https:\/\/www.organisator.ch\/it\/wp-json\/wp\/v2\/users\/5"}],"replies":[{"embeddable":true,"href":"https:\/\/www.organisator.ch\/it\/wp-json\/wp\/v2\/comments?post=2110"}],"version-history":[{"count":1,"href":"https:\/\/www.organisator.ch\/it\/wp-json\/wp\/v2\/posts\/2110\/revisions"}],"predecessor-version":[{"id":10906,"href":"https:\/\/www.organisator.ch\/it\/wp-json\/wp\/v2\/posts\/2110\/revisions\/10906"}],"wp:featuredmedia":[{"embeddable":true,"href":"https:\/\/www.organisator.ch\/it\/wp-json\/wp\/v2\/media\/9601"}],"wp:attachment":[{"href":"https:\/\/www.organisator.ch\/it\/wp-json\/wp\/v2\/media?parent=2110"}],"wp:term":[{"taxonomy":"category","embeddable":true,"href":"https:\/\/www.organisator.ch\/it\/wp-json\/wp\/v2\/categories?post=2110"},{"taxonomy":"post_tag","embeddable":true,"href":"https:\/\/www.organisator.ch\/it\/wp-json\/wp\/v2\/tags?post=2110"}],"curies":[{"name":"wp","href":"https:\/\/api.w.org\/{rel}","templated":true}]}}