{"id":2111,"date":"2017-06-28T10:08:28","date_gmt":"2017-06-28T08:08:28","guid":{"rendered":"https:\/\/www.organisator.ch\/?p=2111"},"modified":"2017-06-28T10:08:28","modified_gmt":"2017-06-28T08:08:28","slug":"nueglarus-startet-co-innovationsplattform","status":"publish","type":"post","link":"https:\/\/www.organisator.ch\/it\/allgemein\/2017-06-28\/nueglarus-startet-co-innovationsplattform\/","title":{"rendered":"N\u00fcGlarus lancia la piattaforma di co-innovazione"},"content":{"rendered":"<figure id=\"attachment_2113\" aria-describedby=\"caption-attachment-2113\" style=\"width: 680px\" class=\"wp-caption alignnone\"><img loading=\"lazy\" decoding=\"async\" class=\"size-medium wp-image-2113\" src=\"https:\/\/www.organisator.ch\/wp-content\/uploads\/2017\/06\/NueGlarus-startet-Co-Innovationsplattform-1_Organisator.jpg\" alt=\"\" width=\"680\" height=\"418\" srcset=\"https:\/\/www.organisator.ch\/wp-content\/uploads\/2017\/06\/NueGlarus-startet-Co-Innovationsplattform-1_Organisator.jpg 759w, https:\/\/www.organisator.ch\/wp-content\/uploads\/2017\/06\/NueGlarus-startet-Co-Innovationsplattform-1_Organisator-680x418.jpg 680w, https:\/\/www.organisator.ch\/wp-content\/uploads\/2017\/06\/NueGlarus-startet-Co-Innovationsplattform-1_Organisator-16x10.jpg 16w, https:\/\/www.organisator.ch\/wp-content\/uploads\/2017\/06\/NueGlarus-startet-Co-Innovationsplattform-1_Organisator-284x175.jpg 284w, https:\/\/www.organisator.ch\/wp-content\/uploads\/2017\/06\/NueGlarus-startet-Co-Innovationsplattform-1_Organisator-569x350.jpg 569w, https:\/\/www.organisator.ch\/wp-content\/uploads\/2017\/06\/NueGlarus-startet-Co-Innovationsplattform-1_Organisator-300x185.jpg 300w\" sizes=\"auto, (max-width: 680px) 100vw, 680px\" \/><figcaption id=\"caption-attachment-2113\" class=\"wp-caption-text\">N\u00fcGlarus \u00e8 il nome di un'iniziativa che mira a promuovere l'innovazione nel cantone di Glarona. (Immagine: martin_luminar - Fotolia.com)<\/figcaption><\/figure>\n<p>L'obiettivo dell'iniziativa non-profit N\u00fcGlarus \u00e8 quello di promuovere l'innovazione nel cantone. \"Molte PMI sono troppo piccole per portare avanti l'innovazione da sole\", dice Roberto Balmer, presidente dell'iniziativa. Si tratta di osservare le tecnologie, sviluppare nuovi modelli di business (modelli di prezzo, prodotti, processi, segmenti di clienti) e poi implementarli. N\u00fcGlarus vuole ora permettere alle aziende locali di utilizzare economie di scala che non hanno da sole e di scambiare esperienze. I problemi vengono valutati congiuntamente e risolti rapidamente a basso costo tramite partner collaudati come Glaronia Informatik AG o il Digitallab dell'Universit\u00e0 di Scienze Applicate Rapperswil HSR (ad esempio nel campo della \"realt\u00e0 virtuale\"). La piattaforma di co-innovazione \u00e8 definita apertamente e sar\u00e0 costruita intorno al potenziale di innovazione delle aziende glaronesi nei prossimi mesi. La base di questo \u00e8 il modello di business di San Gallo.<\/p>\n<p><strong>Un sacco di lavoro per la piattaforma<\/strong><\/p>\n<p>Per valutare meglio i potenziali d'innovazione e i problemi d'innovazione che pi\u00f9 preoccupano gli imprenditori del cantone, \u00e8 stato condotto anche un sondaggio dal vivo durante il Pranzo degli imprenditori. Questo sondaggio ha rivelato i seguenti 10 principali potenziali di innovazione (secondo il numero di menzioni):<\/p>\n<ol>\n<li>Monitoraggio della tecnologia (per 51%)<\/li>\n<li>Personalizzazione dei prodotti tramite Big Data (49%)<\/li>\n<li>Internet delle cose (44%)<\/li>\n<li>Negozio online (41%)<\/li>\n<li>Social media marketing (41%)<\/li>\n<li>Nuove forme di cooperazione per il processo di innovazione delle PMI (39%)<\/li>\n<li>Cloud e collaborazione online (39%)<\/li>\n<li>Protezione dei dati (39%)<\/li>\n<li>Sito web \/ App (39%)<\/li>\n<li>Connessioni Telecom (37%)<\/li>\n<\/ol>\n<p>Il risultato costituisce ora un chiaro mandato per il co-leader della piattaforma di co-innovazione N\u00fcGlarus, Thomas Schiesser, per concentrarsi sulla selezione dei temi e dei partner.<\/p>\n<figure id=\"attachment_2114\" aria-describedby=\"caption-attachment-2114\" style=\"width: 640px\" class=\"wp-caption alignnone\"><img loading=\"lazy\" decoding=\"async\" class=\"size-full wp-image-2114\" src=\"https:\/\/www.organisator.ch\/wp-content\/uploads\/2017\/06\/NueGlarus-startet-Co-Innovationsplattform-2_Organisator.jpg\" alt=\"\" width=\"640\" height=\"402\" srcset=\"https:\/\/www.organisator.ch\/wp-content\/uploads\/2017\/06\/NueGlarus-startet-Co-Innovationsplattform-2_Organisator.jpg 640w, https:\/\/www.organisator.ch\/wp-content\/uploads\/2017\/06\/NueGlarus-startet-Co-Innovationsplattform-2_Organisator-16x10.jpg 16w, https:\/\/www.organisator.ch\/wp-content\/uploads\/2017\/06\/NueGlarus-startet-Co-Innovationsplattform-2_Organisator-279x175.jpg 279w, https:\/\/www.organisator.ch\/wp-content\/uploads\/2017\/06\/NueGlarus-startet-Co-Innovationsplattform-2_Organisator-557x350.jpg 557w, https:\/\/www.organisator.ch\/wp-content\/uploads\/2017\/06\/NueGlarus-startet-Co-Innovationsplattform-2_Organisator-300x188.jpg 300w\" sizes=\"auto, (max-width: 640px) 100vw, 640px\" \/><figcaption id=\"caption-attachment-2114\" class=\"wp-caption-text\">Questo \u00e8 il modo in cui la piattaforma di co-innovazione dovrebbe funzionare (basato su, tra gli altri, Oliver Gassmann, Karolin Frankenberger, Michael Csik: Gesch\u00e4ftsmodelle entwickeln. 55 concetti innovativi con il Business di San Gallo).<\/figcaption><\/figure>\n<p><strong>Autostrada dei dati per spianare la strada<\/strong><\/p>\n<p>Uno di questi problemi pressanti \u00e8 gi\u00e0 stato affrontato con la nuova autostrada dei dati realizzata dalla Technische Betriebe im Glarnerland e HIAG DATA. L'autostrada dei dati pi\u00f9 veloce ed economica delle Alpi \u00e8 gi\u00e0 in funzione con successo da oltre un mese presso il cliente di riferimento, la Banca Cantonale di Glarner, come il suo CIO e vicepresidente di N\u00fcGlarus, Ralf Luchsinger, ha descritto in dettaglio e con entusiasmo all'evento. Marti Zopfi, CEO di Technische Betriebe Glarus, ha presentato all'evento tutte le novit\u00e0 e i prezzi per il comune di Glarona, che saranno realizzati nei prossimi mesi nel settore dei collegamenti aziendali e di internet su questa base.<\/p>\n<p><strong>Calcio d'inizio il 6 settembre<\/strong><\/p>\n<p>Tutti gli altri argomenti e i potenziali di innovazione saranno ripresi in una riunione di avvio del gruppo di innovazione N\u00fcGlarus il 6 settembre, presieduta da Thomas Schiesser. Passo dopo passo e con partner esterni, N\u00fcGlarus vuole poi garantire che ogni azienda che vi si impegna arrivi rapidamente ed economicamente ad una soluzione che ha il potenziale di cambiare il mercato. In autunno \u00e8 previsto anche il lancio del primo incubatore di start-up glaronese, Linklabs, che sostiene cos\u00ec il N\u00fcGlarus e soprattutto il mondo delle start-up glaronesi.<\/p>\n<p>Parlando a nome delle PMI locali, Thomas Marti, CEO di Marti Engineering, ha dato il benvenuto alla superstrada dell'informazione e ha invitato i presenti a utilizzare lo slancio di N\u00fcGlarus ora, a unirsi e ad essere coraggiosi. Il 6 settembre, ha detto, le grandi e medie imprese glaronesi affermate erano particolarmente richieste. In un'economia sempre pi\u00f9 dinamica, sono spesso loro che decideranno il successo o il fallimento di una regione tra 10 anni con le loro azioni di oggi e che possono pi\u00f9 facilmente trovare i mezzi e le opportunit\u00e0 per osare di pi\u00f9 insieme.<\/p>\n<p><strong>Pubblica amministrazione troppo poco orientata al cliente<\/strong><\/p>\n<p>Agli imprenditori presenti \u00e8 stato anche chiesto dove sono ostacolati nella loro innovazione dalla pubblica amministrazione. Quasi 50% degli imprenditori locali vorrebbero vedere un maggiore orientamento al cliente della pubblica amministrazione, come ha mostrato il breve sondaggio. La mancanza di e-government in varie aree, regolamenti poco chiari e procedure di approvazione lunghe e costose sono anche una spina nel fianco degli imprenditori. Un gruppo di lavoro del N\u00fcGlarus si \u00e8 quindi posto il compito di sviluppare nuove idee per la pubblica amministrazione.<\/p>\n<p>Oltre ad accettare le aziende locali nel Co-Innovation Channel il 6 settembre, N\u00fcGlarus organizzer\u00e0 anche un evento nazionale a Ziegelbr\u00fccke il 18 ottobre, dove le ambizioni regionali e nazionali dell'iniziativa saranno delineate per la prima volta. In particolare, verr\u00e0 mostrato come l'idea pu\u00f2 essere implementata anche in altre regioni della Svizzera orientale. <a href=\"http:\/\/www.n\u00fcglarus.ch\/\">Registrazioni<\/a> sono possibili anche per questo nel prossimo futuro.<\/p>\n<p><a href=\"http:\/\/www.n\u00fcglarus.ch\/\"><em>Fonte e ulteriori informazioni<\/em><\/a><\/p>\n<p>&nbsp;<\/p>","protected":false},"excerpt":{"rendered":"<p>Das Ziel der nicht profitorientierten Initiative N\u00fcGlarus ist die F\u00f6rderung der Innovation im Kanton. \u00abViele KMUs sind zu klein um allein richtige Innovation vorw\u00e4rts zu treiben\u00bb, sagt Roberto Balmer, Pr\u00e4sident der Initiative. Es gehe darum Technologien zu beobachten, neue Gesch\u00e4ftsmodelle zu entwickeln (Preismodelle, Produkte Prozesse, Kundensegmente) und diese dann zu implementieren. N\u00fcGlarus will den lokalen [&hellip;]<\/p>\n","protected":false},"author":4,"featured_media":2113,"comment_status":"open","ping_status":"open","sticky":false,"template":"","format":"standard","meta":{"_acf_changed":false,"_yoast_wpseo_focuskw":"N\u00fcGlarus","_yoast_wpseo_metadesc":"Am 28. Juni 2017 stellte die Initiative N\u00fcGlarus bei den Unternehmern der Glarner Handelskammer das Konzept der neuen Co-Innovationsplattform vor.","articlekey":"","footnotes":""},"categories":[1],"tags":[69,274,451,478,501,531],"class_list":["post-2111","post","type-post","status-publish","format-standard","has-post-thumbnail","hentry","category-allgemein","tag-banken","tag-innovation","tag-startups","tag-telekom","tag-unternehmertum","tag-wirtschaftspolitik"],"acf":[],"yoast_head":"<!-- This site is optimized with the Yoast SEO plugin v27.5 - https:\/\/yoast.com\/product\/yoast-seo-wordpress\/ -->\n<title>N\u00fcGlarus startet Co-Innovationsplattform - Organisator<\/title>\n<meta name=\"description\" content=\"Am 28. Juni 2017 stellte die Initiative N\u00fcGlarus bei den Unternehmern der Glarner Handelskammer das Konzept der neuen Co-Innovationsplattform vor.\" \/>\n<meta name=\"robots\" content=\"index, follow, max-snippet:-1, max-image-preview:large, max-video-preview:-1\" \/>\n<link rel=\"canonical\" href=\"https:\/\/www.organisator.ch\/it\/generale\/2017-06-28\/nueglarus-startet-co-innovationsplattform\/\" \/>\n<meta property=\"og:locale\" content=\"it_IT\" \/>\n<meta property=\"og:type\" content=\"article\" \/>\n<meta property=\"og:title\" content=\"N\u00fcGlarus startet Co-Innovationsplattform\" \/>\n<meta property=\"og:description\" content=\"Am 28. Juni 2017 stellte die Initiative N\u00fcGlarus #NueGlarus bei den Unternehmern der Glarner Handelskammer das Konzept der neuen Co-Innovationsplattform vor. Dies bildet der n\u00e4chste grosse Schritt auf dem &quot;Weg zum innovativen Kanton&quot;.\" \/>\n<meta property=\"og:url\" content=\"https:\/\/www.organisator.ch\/it\/generale\/2017-06-28\/nueglarus-startet-co-innovationsplattform\/\" \/>\n<meta property=\"og:site_name\" content=\"Organisator\" \/>\n<meta property=\"article:publisher\" content=\"https:\/\/www.facebook.com\/OrganisatorFachmagazin\" \/>\n<meta property=\"article:published_time\" content=\"2017-06-28T08:08:28+00:00\" \/>\n<meta property=\"og:image\" content=\"https:\/\/www.organisator.ch\/wp-content\/uploads\/2017\/06\/NueGlarus-startet-Co-Innovationsplattform-1_Organisator.jpg\" \/>\n\t<meta property=\"og:image:width\" content=\"759\" \/>\n\t<meta property=\"og:image:height\" content=\"467\" \/>\n\t<meta property=\"og:image:type\" content=\"image\/jpeg\" \/>\n<meta name=\"author\" content=\"thomas.berner\" \/>\n<meta name=\"twitter:card\" content=\"summary_large_image\" \/>\n<meta name=\"twitter:title\" content=\"N\u00fcGlarus startet Co-Innovationsplattform #NueGlarus\" \/>\n<meta name=\"twitter:description\" content=\"Am 28. Juni 2017 stellte die Initiative N\u00fcGlarus #NueGlarus bei den Unternehmern der Glarner Handelskammer das Konzept der neuen Co-Innovationsplattform vor. Dies bildet der n\u00e4chste grosse Schritt auf dem &quot;Weg zum innovativen Kanton&quot;.\" \/>\n<meta name=\"twitter:image\" content=\"https:\/\/www.organisator.ch\/wp-content\/uploads\/2017\/06\/NueGlarus-startet-Co-Innovationsplattform-1_Organisator.jpg\" \/>\n<script type=\"application\/ld+json\" class=\"yoast-schema-graph\">{\"@context\":\"https:\\\/\\\/schema.org\",\"@graph\":[{\"@type\":\"Article\",\"@id\":\"https:\\\/\\\/www.organisator.ch\\\/de\\\/allgemein\\\/2017-06-28\\\/nueglarus-startet-co-innovationsplattform\\\/#article\",\"isPartOf\":{\"@id\":\"https:\\\/\\\/www.organisator.ch\\\/de\\\/allgemein\\\/2017-06-28\\\/nueglarus-startet-co-innovationsplattform\\\/\"},\"author\":{\"name\":\"thomas.berner\",\"@id\":\"https:\\\/\\\/www.organisator.ch\\\/#\\\/schema\\\/person\\\/6f650f90b2842cd4c0cc334b4e36f67e\"},\"headline\":\"N\u00fcGlarus startet Co-Innovationsplattform\",\"datePublished\":\"2017-06-28T08:08:28+00:00\",\"mainEntityOfPage\":{\"@id\":\"https:\\\/\\\/www.organisator.ch\\\/de\\\/allgemein\\\/2017-06-28\\\/nueglarus-startet-co-innovationsplattform\\\/\"},\"wordCount\":737,\"commentCount\":0,\"publisher\":{\"@id\":\"https:\\\/\\\/www.organisator.ch\\\/#organization\"},\"image\":{\"@id\":\"https:\\\/\\\/www.organisator.ch\\\/de\\\/allgemein\\\/2017-06-28\\\/nueglarus-startet-co-innovationsplattform\\\/#primaryimage\"},\"thumbnailUrl\":\"https:\\\/\\\/www.organisator.ch\\\/wp-content\\\/uploads\\\/2017\\\/06\\\/NueGlarus-startet-Co-Innovationsplattform-1_Organisator.jpg\",\"keywords\":[\"Banken\",\"Innovation\",\"Startups\",\"Telekom\",\"Unternehmertum\",\"Wirtschaftspolitik\"],\"articleSection\":[\"Allgemein\"],\"inLanguage\":\"it-IT\"},{\"@type\":\"WebPage\",\"@id\":\"https:\\\/\\\/www.organisator.ch\\\/de\\\/allgemein\\\/2017-06-28\\\/nueglarus-startet-co-innovationsplattform\\\/\",\"url\":\"https:\\\/\\\/www.organisator.ch\\\/de\\\/allgemein\\\/2017-06-28\\\/nueglarus-startet-co-innovationsplattform\\\/\",\"name\":\"N\u00fcGlarus startet Co-Innovationsplattform - Organisator\",\"isPartOf\":{\"@id\":\"https:\\\/\\\/www.organisator.ch\\\/#website\"},\"primaryImageOfPage\":{\"@id\":\"https:\\\/\\\/www.organisator.ch\\\/de\\\/allgemein\\\/2017-06-28\\\/nueglarus-startet-co-innovationsplattform\\\/#primaryimage\"},\"image\":{\"@id\":\"https:\\\/\\\/www.organisator.ch\\\/de\\\/allgemein\\\/2017-06-28\\\/nueglarus-startet-co-innovationsplattform\\\/#primaryimage\"},\"thumbnailUrl\":\"https:\\\/\\\/www.organisator.ch\\\/wp-content\\\/uploads\\\/2017\\\/06\\\/NueGlarus-startet-Co-Innovationsplattform-1_Organisator.jpg\",\"datePublished\":\"2017-06-28T08:08:28+00:00\",\"description\":\"Am 28. Juni 2017 stellte die Initiative N\u00fcGlarus bei den Unternehmern der Glarner Handelskammer das Konzept der neuen Co-Innovationsplattform vor.\",\"breadcrumb\":{\"@id\":\"https:\\\/\\\/www.organisator.ch\\\/de\\\/allgemein\\\/2017-06-28\\\/nueglarus-startet-co-innovationsplattform\\\/#breadcrumb\"},\"inLanguage\":\"it-IT\",\"potentialAction\":[{\"@type\":\"ReadAction\",\"target\":[\"https:\\\/\\\/www.organisator.ch\\\/de\\\/allgemein\\\/2017-06-28\\\/nueglarus-startet-co-innovationsplattform\\\/\"]}]},{\"@type\":\"ImageObject\",\"inLanguage\":\"it-IT\",\"@id\":\"https:\\\/\\\/www.organisator.ch\\\/de\\\/allgemein\\\/2017-06-28\\\/nueglarus-startet-co-innovationsplattform\\\/#primaryimage\",\"url\":\"https:\\\/\\\/www.organisator.ch\\\/wp-content\\\/uploads\\\/2017\\\/06\\\/NueGlarus-startet-Co-Innovationsplattform-1_Organisator.jpg\",\"contentUrl\":\"https:\\\/\\\/www.organisator.ch\\\/wp-content\\\/uploads\\\/2017\\\/06\\\/NueGlarus-startet-Co-Innovationsplattform-1_Organisator.jpg\",\"width\":759,\"height\":467,\"caption\":\"N\u00fcGlarus nennt sich eine Initiative, welche die Innovation im Kanton Glarus f\u00f6rdern will. (Bild: martin_luminar - Fotolia.com\"},{\"@type\":\"BreadcrumbList\",\"@id\":\"https:\\\/\\\/www.organisator.ch\\\/de\\\/allgemein\\\/2017-06-28\\\/nueglarus-startet-co-innovationsplattform\\\/#breadcrumb\",\"itemListElement\":[{\"@type\":\"ListItem\",\"position\":1,\"name\":\"Home\",\"item\":\"https:\\\/\\\/www.organisator.ch\\\/\"},{\"@type\":\"ListItem\",\"position\":2,\"name\":\"N\u00fcGlarus startet Co-Innovationsplattform\"}]},{\"@type\":\"WebSite\",\"@id\":\"https:\\\/\\\/www.organisator.ch\\\/#website\",\"url\":\"https:\\\/\\\/www.organisator.ch\\\/\",\"name\":\"Organisator\",\"description\":\"Kompetent. Praxisnah. Der ORGANISATOR bereitet in 10 Ausgaben pro Jahr die wesentlichen Themen f\u00fcr F\u00fchrungskr\u00e4fte von KMU auf.\",\"publisher\":{\"@id\":\"https:\\\/\\\/www.organisator.ch\\\/#organization\"},\"potentialAction\":[{\"@type\":\"SearchAction\",\"target\":{\"@type\":\"EntryPoint\",\"urlTemplate\":\"https:\\\/\\\/www.organisator.ch\\\/?s={search_term_string}\"},\"query-input\":{\"@type\":\"PropertyValueSpecification\",\"valueRequired\":true,\"valueName\":\"search_term_string\"}}],\"inLanguage\":\"it-IT\"},{\"@type\":\"Organization\",\"@id\":\"https:\\\/\\\/www.organisator.ch\\\/#organization\",\"name\":\"Organisator\",\"url\":\"https:\\\/\\\/www.organisator.ch\\\/\",\"logo\":{\"@type\":\"ImageObject\",\"inLanguage\":\"it-IT\",\"@id\":\"https:\\\/\\\/www.organisator.ch\\\/#\\\/schema\\\/logo\\\/image\\\/\",\"url\":\"https:\\\/\\\/www.organisator.ch\\\/wp-content\\\/uploads\\\/2022\\\/01\\\/Logo_Organisator_Website.png\",\"contentUrl\":\"https:\\\/\\\/www.organisator.ch\\\/wp-content\\\/uploads\\\/2022\\\/01\\\/Logo_Organisator_Website.png\",\"width\":800,\"height\":77,\"caption\":\"Organisator\"},\"image\":{\"@id\":\"https:\\\/\\\/www.organisator.ch\\\/#\\\/schema\\\/logo\\\/image\\\/\"},\"sameAs\":[\"https:\\\/\\\/www.facebook.com\\\/OrganisatorFachmagazin\",\"https:\\\/\\\/www.linkedin.com\\\/showcase\\\/organisator-das-magazin-fr-kmu\",\"https:\\\/\\\/www.xing.com\\\/news\\\/pages\\\/organisator-ch-695\",\"https:\\\/\\\/www.youtube.com\\\/channel\\\/UCGP2Sq0iWaZwT3BdIAQFYpw\"]},{\"@type\":\"Person\",\"@id\":\"https:\\\/\\\/www.organisator.ch\\\/#\\\/schema\\\/person\\\/6f650f90b2842cd4c0cc334b4e36f67e\",\"name\":\"thomas.berner\",\"image\":{\"@type\":\"ImageObject\",\"inLanguage\":\"it-IT\",\"@id\":\"https:\\\/\\\/secure.gravatar.com\\\/avatar\\\/ac5001d2a36cb6c6cd3e50789007ffca834b477b74a2144564522e944eabff61?s=96&d=mm&r=g\",\"url\":\"https:\\\/\\\/secure.gravatar.com\\\/avatar\\\/ac5001d2a36cb6c6cd3e50789007ffca834b477b74a2144564522e944eabff61?s=96&d=mm&r=g\",\"contentUrl\":\"https:\\\/\\\/secure.gravatar.com\\\/avatar\\\/ac5001d2a36cb6c6cd3e50789007ffca834b477b74a2144564522e944eabff61?s=96&d=mm&r=g\",\"caption\":\"thomas.berner\"},\"url\":\"https:\\\/\\\/www.organisator.ch\\\/it\\\/author\\\/thomas-berner\\\/\"}]}<\/script>\n<!-- \/ Yoast SEO plugin. -->","yoast_head_json":{"title":"N\u00fcGlarus lancia una piattaforma di co-innovazione - Organizzatore","description":"Il 28 giugno 2017, l'iniziativa N\u00fcGlarus ha presentato il concetto della nuova piattaforma di co-innovazione agli imprenditori della Camera di Commercio di Glarona.","robots":{"index":"index","follow":"follow","max-snippet":"max-snippet:-1","max-image-preview":"max-image-preview:large","max-video-preview":"max-video-preview:-1"},"canonical":"https:\/\/www.organisator.ch\/it\/generale\/2017-06-28\/nueglarus-startet-co-innovationsplattform\/","og_locale":"it_IT","og_type":"article","og_title":"N\u00fcGlarus startet Co-Innovationsplattform","og_description":"Am 28. Juni 2017 stellte die Initiative N\u00fcGlarus #NueGlarus bei den Unternehmern der Glarner Handelskammer das Konzept der neuen Co-Innovationsplattform vor. Dies bildet der n\u00e4chste grosse Schritt auf dem \"Weg zum innovativen Kanton\".","og_url":"https:\/\/www.organisator.ch\/it\/generale\/2017-06-28\/nueglarus-startet-co-innovationsplattform\/","og_site_name":"Organisator","article_publisher":"https:\/\/www.facebook.com\/OrganisatorFachmagazin","article_published_time":"2017-06-28T08:08:28+00:00","og_image":[{"width":759,"height":467,"url":"https:\/\/www.organisator.ch\/wp-content\/uploads\/2017\/06\/NueGlarus-startet-Co-Innovationsplattform-1_Organisator.jpg","type":"image\/jpeg"}],"author":"thomas.berner","twitter_card":"summary_large_image","twitter_title":"N\u00fcGlarus startet Co-Innovationsplattform #NueGlarus","twitter_description":"Am 28. Juni 2017 stellte die Initiative N\u00fcGlarus #NueGlarus bei den Unternehmern der Glarner Handelskammer das Konzept der neuen Co-Innovationsplattform vor. Dies bildet der n\u00e4chste grosse Schritt auf dem \"Weg zum innovativen Kanton\".","twitter_image":"https:\/\/www.organisator.ch\/wp-content\/uploads\/2017\/06\/NueGlarus-startet-Co-Innovationsplattform-1_Organisator.jpg","schema":{"@context":"https:\/\/schema.org","@graph":[{"@type":"Article","@id":"https:\/\/www.organisator.ch\/de\/allgemein\/2017-06-28\/nueglarus-startet-co-innovationsplattform\/#article","isPartOf":{"@id":"https:\/\/www.organisator.ch\/de\/allgemein\/2017-06-28\/nueglarus-startet-co-innovationsplattform\/"},"author":{"name":"thomas.berner","@id":"https:\/\/www.organisator.ch\/#\/schema\/person\/6f650f90b2842cd4c0cc334b4e36f67e"},"headline":"N\u00fcGlarus startet Co-Innovationsplattform","datePublished":"2017-06-28T08:08:28+00:00","mainEntityOfPage":{"@id":"https:\/\/www.organisator.ch\/de\/allgemein\/2017-06-28\/nueglarus-startet-co-innovationsplattform\/"},"wordCount":737,"commentCount":0,"publisher":{"@id":"https:\/\/www.organisator.ch\/#organization"},"image":{"@id":"https:\/\/www.organisator.ch\/de\/allgemein\/2017-06-28\/nueglarus-startet-co-innovationsplattform\/#primaryimage"},"thumbnailUrl":"https:\/\/www.organisator.ch\/wp-content\/uploads\/2017\/06\/NueGlarus-startet-Co-Innovationsplattform-1_Organisator.jpg","keywords":["Banken","Innovation","Startups","Telekom","Unternehmertum","Wirtschaftspolitik"],"articleSection":["Allgemein"],"inLanguage":"it-IT"},{"@type":"WebPage","@id":"https:\/\/www.organisator.ch\/de\/allgemein\/2017-06-28\/nueglarus-startet-co-innovationsplattform\/","url":"https:\/\/www.organisator.ch\/de\/allgemein\/2017-06-28\/nueglarus-startet-co-innovationsplattform\/","name":"N\u00fcGlarus lancia una piattaforma di co-innovazione - Organizzatore","isPartOf":{"@id":"https:\/\/www.organisator.ch\/#website"},"primaryImageOfPage":{"@id":"https:\/\/www.organisator.ch\/de\/allgemein\/2017-06-28\/nueglarus-startet-co-innovationsplattform\/#primaryimage"},"image":{"@id":"https:\/\/www.organisator.ch\/de\/allgemein\/2017-06-28\/nueglarus-startet-co-innovationsplattform\/#primaryimage"},"thumbnailUrl":"https:\/\/www.organisator.ch\/wp-content\/uploads\/2017\/06\/NueGlarus-startet-Co-Innovationsplattform-1_Organisator.jpg","datePublished":"2017-06-28T08:08:28+00:00","description":"Il 28 giugno 2017, l'iniziativa N\u00fcGlarus ha presentato il concetto della nuova piattaforma di co-innovazione agli imprenditori della Camera di Commercio di Glarona.","breadcrumb":{"@id":"https:\/\/www.organisator.ch\/de\/allgemein\/2017-06-28\/nueglarus-startet-co-innovationsplattform\/#breadcrumb"},"inLanguage":"it-IT","potentialAction":[{"@type":"ReadAction","target":["https:\/\/www.organisator.ch\/de\/allgemein\/2017-06-28\/nueglarus-startet-co-innovationsplattform\/"]}]},{"@type":"ImageObject","inLanguage":"it-IT","@id":"https:\/\/www.organisator.ch\/de\/allgemein\/2017-06-28\/nueglarus-startet-co-innovationsplattform\/#primaryimage","url":"https:\/\/www.organisator.ch\/wp-content\/uploads\/2017\/06\/NueGlarus-startet-Co-Innovationsplattform-1_Organisator.jpg","contentUrl":"https:\/\/www.organisator.ch\/wp-content\/uploads\/2017\/06\/NueGlarus-startet-Co-Innovationsplattform-1_Organisator.jpg","width":759,"height":467,"caption":"N\u00fcGlarus nennt sich eine Initiative, welche die Innovation im Kanton Glarus f\u00f6rdern will. (Bild: martin_luminar - Fotolia.com"},{"@type":"BreadcrumbList","@id":"https:\/\/www.organisator.ch\/de\/allgemein\/2017-06-28\/nueglarus-startet-co-innovationsplattform\/#breadcrumb","itemListElement":[{"@type":"ListItem","position":1,"name":"Home","item":"https:\/\/www.organisator.ch\/"},{"@type":"ListItem","position":2,"name":"N\u00fcGlarus startet Co-Innovationsplattform"}]},{"@type":"WebSite","@id":"https:\/\/www.organisator.ch\/#website","url":"https:\/\/www.organisator.ch\/","name":"Organizzatore","description":"Competente. Pratico. In 10 numeri all'anno, ORGANISATOR presenta i temi essenziali per i manager delle PMI.","publisher":{"@id":"https:\/\/www.organisator.ch\/#organization"},"potentialAction":[{"@type":"SearchAction","target":{"@type":"EntryPoint","urlTemplate":"https:\/\/www.organisator.ch\/?s={search_term_string}"},"query-input":{"@type":"PropertyValueSpecification","valueRequired":true,"valueName":"search_term_string"}}],"inLanguage":"it-IT"},{"@type":"Organization","@id":"https:\/\/www.organisator.ch\/#organization","name":"Organizzatore","url":"https:\/\/www.organisator.ch\/","logo":{"@type":"ImageObject","inLanguage":"it-IT","@id":"https:\/\/www.organisator.ch\/#\/schema\/logo\/image\/","url":"https:\/\/www.organisator.ch\/wp-content\/uploads\/2022\/01\/Logo_Organisator_Website.png","contentUrl":"https:\/\/www.organisator.ch\/wp-content\/uploads\/2022\/01\/Logo_Organisator_Website.png","width":800,"height":77,"caption":"Organisator"},"image":{"@id":"https:\/\/www.organisator.ch\/#\/schema\/logo\/image\/"},"sameAs":["https:\/\/www.facebook.com\/OrganisatorFachmagazin","https:\/\/www.linkedin.com\/showcase\/organisator-das-magazin-fr-kmu","https:\/\/www.xing.com\/news\/pages\/organisator-ch-695","https:\/\/www.youtube.com\/channel\/UCGP2Sq0iWaZwT3BdIAQFYpw"]},{"@type":"Person","@id":"https:\/\/www.organisator.ch\/#\/schema\/person\/6f650f90b2842cd4c0cc334b4e36f67e","name":"Tommaso.berner","image":{"@type":"ImageObject","inLanguage":"it-IT","@id":"https:\/\/secure.gravatar.com\/avatar\/ac5001d2a36cb6c6cd3e50789007ffca834b477b74a2144564522e944eabff61?s=96&d=mm&r=g","url":"https:\/\/secure.gravatar.com\/avatar\/ac5001d2a36cb6c6cd3e50789007ffca834b477b74a2144564522e944eabff61?s=96&d=mm&r=g","contentUrl":"https:\/\/secure.gravatar.com\/avatar\/ac5001d2a36cb6c6cd3e50789007ffca834b477b74a2144564522e944eabff61?s=96&d=mm&r=g","caption":"thomas.berner"},"url":"https:\/\/www.organisator.ch\/it\/author\/thomas-berner\/"}]}},"_links":{"self":[{"href":"https:\/\/www.organisator.ch\/it\/wp-json\/wp\/v2\/posts\/2111","targetHints":{"allow":["GET"]}}],"collection":[{"href":"https:\/\/www.organisator.ch\/it\/wp-json\/wp\/v2\/posts"}],"about":[{"href":"https:\/\/www.organisator.ch\/it\/wp-json\/wp\/v2\/types\/post"}],"author":[{"embeddable":true,"href":"https:\/\/www.organisator.ch\/it\/wp-json\/wp\/v2\/users\/4"}],"replies":[{"embeddable":true,"href":"https:\/\/www.organisator.ch\/it\/wp-json\/wp\/v2\/comments?post=2111"}],"version-history":[{"count":0,"href":"https:\/\/www.organisator.ch\/it\/wp-json\/wp\/v2\/posts\/2111\/revisions"}],"wp:featuredmedia":[{"embeddable":true,"href":"https:\/\/www.organisator.ch\/it\/wp-json\/wp\/v2\/media\/2113"}],"wp:attachment":[{"href":"https:\/\/www.organisator.ch\/it\/wp-json\/wp\/v2\/media?parent=2111"}],"wp:term":[{"taxonomy":"category","embeddable":true,"href":"https:\/\/www.organisator.ch\/it\/wp-json\/wp\/v2\/categories?post=2111"},{"taxonomy":"post_tag","embeddable":true,"href":"https:\/\/www.organisator.ch\/it\/wp-json\/wp\/v2\/tags?post=2111"}],"curies":[{"name":"wp","href":"https:\/\/api.w.org\/{rel}","templated":true}]}}