{"id":2122,"date":"2019-05-01T12:22:43","date_gmt":"2019-05-01T10:22:43","guid":{"rendered":"https:\/\/www.umweltperspektiven.ch\/?p=2122"},"modified":"2022-02-09T11:05:36","modified_gmt":"2022-02-09T10:05:36","slug":"clean-up-tour-2019-die-erste-nationale-abfall-aufraeumtournee-in-den-bergen","status":"publish","type":"post","link":"https:\/\/www.organisator.ch\/it\/sustainability\/2019-05-01\/clean-up-tour-2019-die-erste-nationale-abfall-aufraeumtournee-in-den-bergen\/","title":{"rendered":"CLEAN-UP TOUR 2019: il primo tour nazionale di pulizia dei rifiuti in montagna"},"content":{"rendered":"<figure id=\"attachment_2123\" aria-describedby=\"caption-attachment-2123\" style=\"width: 640px\" class=\"wp-caption alignnone\"><img loading=\"lazy\" decoding=\"async\" class=\"size-full wp-image-2123\" src=\"\/\/www.umweltperspektiven.ch\/wp-content\/uploads\/2019\/05\/CLEAN-UP_Tour-UP_Umwelt-Perspektiven.jpg\" alt=\"\" width=\"640\" height=\"480\" \/><figcaption id=\"caption-attachment-2123\" class=\"wp-caption-text\">Il Clean-Up Tour \u00e8 un tour nazionale di pulizia che mira a preservare la bellezza e la particolarit\u00e0 del paesaggio alpino di montagna. (Immagine: Summit Foundation)<\/figcaption><\/figure>\n<p>L'obiettivo del CLEAN-UP TOUR 2019 non \u00e8 solo quello di pulire le piste per gli escursionisti, ma anche di sensibilizzare l'opinione pubblica sul littering in montagna. In montagna come altrove, i rifiuti hanno vari impatti sulla natura, dall'inquinamento dell'acqua e del suolo al danneggiamento della fauna selvatica. Mozziconi di sigarette, bottiglie, imballaggi di plastica, lattine o anche smartphone, la neve che si scioglie rivela molte sorprese.<\/p>\n<p>Per diciannove anni, Summit Foundation ha organizzato e sostenuto numerose azioni di pulizia in montagna. Per sottolineare l'importanza della questione e unire tutte le azioni in tutto il paese, l'ONG di Vevey lancia il CLE<\/p>\n<p>AN-UP TOUR 2019 con un sito web dedicato. Summit Foundation si impegna a promuovere la conoscenza di queste azioni per sensibilizzare la questione del littering in montagna. La nuova piattaforma <a href=\"\/\/www.cleanuptour.ch\">www.cleanuptour.ch<\/a> permette a tutti di scoprire dove e quando avverr\u00e0 la raccolta dei rifiuti e di iscriversi di conseguenza.<\/p>\n<p><strong>Tutte le regioni considerate<\/strong><\/p>\n<p>Per rappresentare in modo ottimale tutte le regioni della Svizzera, il Clean-Up Tour \u00e8 organizzato con partner della Svizzera francese, della Svizzera tedesca e del Ticino. Sono previste azioni nelle Alpi vodesi (Villars), nei Grigioni (La Punt - S-chanf), nella Svizzera centrale (Engelberg-Brunni), nel Giura (Buttes-La Robella) e in Ticino (Airolo).<\/p>\n<p>Il \"clou\" del tour avr\u00e0 luogo sabato 8 giugno nel Vallese, in collaborazione con \"Ski Valais\", dove la pulizia avr\u00e0 luogo durante tutta la giornata in una decina di stazioni sciistiche vallesane diverse. Le date e i luoghi di tutte le attivit\u00e0 si possono trovare sulla piattaforma <a href=\"\/\/www.cleanuptour.ch\">www.cleanuptour.ch<\/a> apparente.<\/p>","protected":false},"excerpt":{"rendered":"<p>Ziel der CLEAN-UP TOUR 2019 ist es, nicht nur die Pisten f\u00fcr die Wanderer zu s\u00e4ubern, sondern auch die Bev\u00f6lkerung f\u00fcr Littering in den Bergen zu sensibilisieren. In den Bergen wie auch anderswo, haben Abf\u00e4lle verschiedene Auswirkungen auf die Natur; von Wasser- und Bodenverschmutzung bis zur Beeintr\u00e4chtigung der Tierwelt. Zigarettenstummel, Flaschen, Plastikverpackungen, Dosen oder sogar [&hellip;]<\/p>\n","protected":false},"author":5,"featured_media":9604,"comment_status":"open","ping_status":"open","sticky":false,"template":"","format":"standard","meta":{"_acf_changed":false,"_yoast_wpseo_focuskw":"CLEAN-UP TOUR","_yoast_wpseo_metadesc":"Die erste CLEAN-UP TOUR ist angesagt! Wie jeden Winter sausten auch diese Saison mehrere Millionen Skifahrer die Schweizer Pisten hinunter.","articlekey":"","footnotes":""},"categories":[580],"tags":[654,893,1635,424],"class_list":["post-2122","post","type-post","status-publish","format-standard","has-post-thumbnail","hentry","category-sustainability","tag-abfall","tag-campagne","tag-littering","tag-schweiz"],"acf":[],"yoast_head":"<!-- This site is optimized with the Yoast SEO plugin v27.4 - https:\/\/yoast.com\/product\/yoast-seo-wordpress\/ -->\n<title>CLEAN-UP TOUR 2019: Die erste, nationale Abfall-Aufr\u00e4umtournee in den Bergen - Organisator<\/title>\n<meta name=\"description\" content=\"Die erste CLEAN-UP TOUR ist angesagt! Wie jeden Winter sausten auch diese Saison mehrere Millionen Skifahrer die Schweizer Pisten hinunter.\" \/>\n<meta name=\"robots\" content=\"index, follow, max-snippet:-1, max-image-preview:large, max-video-preview:-1\" \/>\n<link rel=\"canonical\" href=\"https:\/\/www.organisator.ch\/it\/sostenibilita\/2019-05-01\/clean-up-tour-2019-die-erste-nationale-abfall-aufraeumtournee-in-den-bergen\/\" \/>\n<meta property=\"og:locale\" content=\"it_IT\" \/>\n<meta property=\"og:type\" content=\"article\" \/>\n<meta property=\"og:title\" content=\"CLEAN-UP TOUR 2019: Die erste, nationale Abfall-Aufr\u00e4umtournee in den Bergen - Organisator\" \/>\n<meta property=\"og:description\" content=\"Die erste CLEAN-UP TOUR ist angesagt! Wie jeden Winter sausten auch diese Saison mehrere Millionen Skifahrer die Schweizer Pisten hinunter.\" \/>\n<meta property=\"og:url\" content=\"https:\/\/www.organisator.ch\/it\/sostenibilita\/2019-05-01\/clean-up-tour-2019-die-erste-nationale-abfall-aufraeumtournee-in-den-bergen\/\" \/>\n<meta property=\"og:site_name\" content=\"Organisator\" \/>\n<meta property=\"article:publisher\" content=\"https:\/\/www.facebook.com\/OrganisatorFachmagazin\" \/>\n<meta property=\"article:published_time\" content=\"2019-05-01T10:22:43+00:00\" \/>\n<meta property=\"article:modified_time\" content=\"2022-02-09T10:05:36+00:00\" \/>\n<meta property=\"og:image\" content=\"https:\/\/www.organisator.ch\/wp-content\/uploads\/2019\/05\/CLEAN-UP_Tour-UP_Umwelt-Perspektiven.jpg\" \/>\n\t<meta property=\"og:image:width\" content=\"640\" \/>\n\t<meta property=\"og:image:height\" content=\"480\" \/>\n\t<meta property=\"og:image:type\" content=\"image\/jpeg\" \/>\n<meta name=\"author\" content=\"michael.merz\" \/>\n<meta name=\"twitter:card\" content=\"summary_large_image\" \/>\n<script type=\"application\/ld+json\" class=\"yoast-schema-graph\">{\"@context\":\"https:\\\/\\\/schema.org\",\"@graph\":[{\"@type\":\"Article\",\"@id\":\"https:\\\/\\\/www.organisator.ch\\\/sustainability\\\/2019-05-01\\\/clean-up-tour-2019-die-erste-nationale-abfall-aufraeumtournee-in-den-bergen\\\/#article\",\"isPartOf\":{\"@id\":\"https:\\\/\\\/www.organisator.ch\\\/sustainability\\\/2019-05-01\\\/clean-up-tour-2019-die-erste-nationale-abfall-aufraeumtournee-in-den-bergen\\\/\"},\"author\":{\"name\":\"michael.merz\",\"@id\":\"https:\\\/\\\/www.organisator.ch\\\/#\\\/schema\\\/person\\\/134708ca9321c57b0362cceb7948ffbd\"},\"headline\":\"CLEAN-UP TOUR 2019: Die erste, nationale Abfall-Aufr\u00e4umtournee in den Bergen\",\"datePublished\":\"2019-05-01T10:22:43+00:00\",\"dateModified\":\"2022-02-09T10:05:36+00:00\",\"mainEntityOfPage\":{\"@id\":\"https:\\\/\\\/www.organisator.ch\\\/sustainability\\\/2019-05-01\\\/clean-up-tour-2019-die-erste-nationale-abfall-aufraeumtournee-in-den-bergen\\\/\"},\"wordCount\":307,\"commentCount\":0,\"publisher\":{\"@id\":\"https:\\\/\\\/www.organisator.ch\\\/#organization\"},\"image\":{\"@id\":\"https:\\\/\\\/www.organisator.ch\\\/sustainability\\\/2019-05-01\\\/clean-up-tour-2019-die-erste-nationale-abfall-aufraeumtournee-in-den-bergen\\\/#primaryimage\"},\"thumbnailUrl\":\"https:\\\/\\\/www.organisator.ch\\\/wp-content\\\/uploads\\\/2019\\\/05\\\/CLEAN-UP_Tour-UP_Umwelt-Perspektiven.jpg\",\"keywords\":[\"Abfall\",\"Campagne\",\"Littering\",\"Schweiz\"],\"articleSection\":[\"SUSTAINABILITY\"],\"inLanguage\":\"it-IT\"},{\"@type\":\"WebPage\",\"@id\":\"https:\\\/\\\/www.organisator.ch\\\/sustainability\\\/2019-05-01\\\/clean-up-tour-2019-die-erste-nationale-abfall-aufraeumtournee-in-den-bergen\\\/\",\"url\":\"https:\\\/\\\/www.organisator.ch\\\/sustainability\\\/2019-05-01\\\/clean-up-tour-2019-die-erste-nationale-abfall-aufraeumtournee-in-den-bergen\\\/\",\"name\":\"CLEAN-UP TOUR 2019: Die erste, nationale Abfall-Aufr\u00e4umtournee in den Bergen - Organisator\",\"isPartOf\":{\"@id\":\"https:\\\/\\\/www.organisator.ch\\\/#website\"},\"primaryImageOfPage\":{\"@id\":\"https:\\\/\\\/www.organisator.ch\\\/sustainability\\\/2019-05-01\\\/clean-up-tour-2019-die-erste-nationale-abfall-aufraeumtournee-in-den-bergen\\\/#primaryimage\"},\"image\":{\"@id\":\"https:\\\/\\\/www.organisator.ch\\\/sustainability\\\/2019-05-01\\\/clean-up-tour-2019-die-erste-nationale-abfall-aufraeumtournee-in-den-bergen\\\/#primaryimage\"},\"thumbnailUrl\":\"https:\\\/\\\/www.organisator.ch\\\/wp-content\\\/uploads\\\/2019\\\/05\\\/CLEAN-UP_Tour-UP_Umwelt-Perspektiven.jpg\",\"datePublished\":\"2019-05-01T10:22:43+00:00\",\"dateModified\":\"2022-02-09T10:05:36+00:00\",\"description\":\"Die erste CLEAN-UP TOUR ist angesagt! Wie jeden Winter sausten auch diese Saison mehrere Millionen Skifahrer die Schweizer Pisten hinunter.\",\"breadcrumb\":{\"@id\":\"https:\\\/\\\/www.organisator.ch\\\/sustainability\\\/2019-05-01\\\/clean-up-tour-2019-die-erste-nationale-abfall-aufraeumtournee-in-den-bergen\\\/#breadcrumb\"},\"inLanguage\":\"it-IT\",\"potentialAction\":[{\"@type\":\"ReadAction\",\"target\":[\"https:\\\/\\\/www.organisator.ch\\\/sustainability\\\/2019-05-01\\\/clean-up-tour-2019-die-erste-nationale-abfall-aufraeumtournee-in-den-bergen\\\/\"]}]},{\"@type\":\"ImageObject\",\"inLanguage\":\"it-IT\",\"@id\":\"https:\\\/\\\/www.organisator.ch\\\/sustainability\\\/2019-05-01\\\/clean-up-tour-2019-die-erste-nationale-abfall-aufraeumtournee-in-den-bergen\\\/#primaryimage\",\"url\":\"https:\\\/\\\/www.organisator.ch\\\/wp-content\\\/uploads\\\/2019\\\/05\\\/CLEAN-UP_Tour-UP_Umwelt-Perspektiven.jpg\",\"contentUrl\":\"https:\\\/\\\/www.organisator.ch\\\/wp-content\\\/uploads\\\/2019\\\/05\\\/CLEAN-UP_Tour-UP_Umwelt-Perspektiven.jpg\",\"width\":640,\"height\":480,\"caption\":\"Die Clean-Up Tour ist eine nationale Aufr\u00e4umaktionstournee die zum Ziel hat, die Sch\u00f6nheit und Eigenart der alpinen Berglandschaft zu erhalten. (Bild: Summit Foundation)\"},{\"@type\":\"BreadcrumbList\",\"@id\":\"https:\\\/\\\/www.organisator.ch\\\/sustainability\\\/2019-05-01\\\/clean-up-tour-2019-die-erste-nationale-abfall-aufraeumtournee-in-den-bergen\\\/#breadcrumb\",\"itemListElement\":[{\"@type\":\"ListItem\",\"position\":1,\"name\":\"Home\",\"item\":\"https:\\\/\\\/www.organisator.ch\\\/\"},{\"@type\":\"ListItem\",\"position\":2,\"name\":\"CLEAN-UP TOUR 2019: Die erste, nationale Abfall-Aufr\u00e4umtournee in den Bergen\"}]},{\"@type\":\"WebSite\",\"@id\":\"https:\\\/\\\/www.organisator.ch\\\/#website\",\"url\":\"https:\\\/\\\/www.organisator.ch\\\/\",\"name\":\"Organisator\",\"description\":\"Kompetent. Praxisnah. Der ORGANISATOR bereitet in 10 Ausgaben pro Jahr die wesentlichen Themen f\u00fcr F\u00fchrungskr\u00e4fte von KMU auf.\",\"publisher\":{\"@id\":\"https:\\\/\\\/www.organisator.ch\\\/#organization\"},\"potentialAction\":[{\"@type\":\"SearchAction\",\"target\":{\"@type\":\"EntryPoint\",\"urlTemplate\":\"https:\\\/\\\/www.organisator.ch\\\/?s={search_term_string}\"},\"query-input\":{\"@type\":\"PropertyValueSpecification\",\"valueRequired\":true,\"valueName\":\"search_term_string\"}}],\"inLanguage\":\"it-IT\"},{\"@type\":\"Organization\",\"@id\":\"https:\\\/\\\/www.organisator.ch\\\/#organization\",\"name\":\"Organisator\",\"url\":\"https:\\\/\\\/www.organisator.ch\\\/\",\"logo\":{\"@type\":\"ImageObject\",\"inLanguage\":\"it-IT\",\"@id\":\"https:\\\/\\\/www.organisator.ch\\\/#\\\/schema\\\/logo\\\/image\\\/\",\"url\":\"https:\\\/\\\/www.organisator.ch\\\/wp-content\\\/uploads\\\/2022\\\/01\\\/Logo_Organisator_Website.png\",\"contentUrl\":\"https:\\\/\\\/www.organisator.ch\\\/wp-content\\\/uploads\\\/2022\\\/01\\\/Logo_Organisator_Website.png\",\"width\":800,\"height\":77,\"caption\":\"Organisator\"},\"image\":{\"@id\":\"https:\\\/\\\/www.organisator.ch\\\/#\\\/schema\\\/logo\\\/image\\\/\"},\"sameAs\":[\"https:\\\/\\\/www.facebook.com\\\/OrganisatorFachmagazin\",\"https:\\\/\\\/www.linkedin.com\\\/showcase\\\/organisator-das-magazin-fr-kmu\",\"https:\\\/\\\/www.xing.com\\\/news\\\/pages\\\/organisator-ch-695\",\"https:\\\/\\\/www.youtube.com\\\/channel\\\/UCGP2Sq0iWaZwT3BdIAQFYpw\"]},{\"@type\":\"Person\",\"@id\":\"https:\\\/\\\/www.organisator.ch\\\/#\\\/schema\\\/person\\\/134708ca9321c57b0362cceb7948ffbd\",\"name\":\"michael.merz\",\"image\":{\"@type\":\"ImageObject\",\"inLanguage\":\"it-IT\",\"@id\":\"https:\\\/\\\/secure.gravatar.com\\\/avatar\\\/?s=96&d=mm&r=g\",\"url\":\"https:\\\/\\\/secure.gravatar.com\\\/avatar\\\/?s=96&d=mm&r=g\",\"contentUrl\":\"https:\\\/\\\/secure.gravatar.com\\\/avatar\\\/?s=96&d=mm&r=g\",\"caption\":\"michael.merz\"},\"url\":\"https:\\\/\\\/www.organisator.ch\\\/it\\\/author\\\/michael-merz\\\/\"}]}<\/script>\n<!-- \/ Yoast SEO plugin. -->","yoast_head_json":{"title":"CLEAN-UP TOUR 2019: il primo tour nazionale di pulizia dei rifiuti in montagna - Organizzatore","description":"\u00c8 partito il primo CLEAN-UP TOUR! Come ogni inverno, anche questa stagione diversi milioni di sciatori hanno sfrecciato sulle piste svizzere.","robots":{"index":"index","follow":"follow","max-snippet":"max-snippet:-1","max-image-preview":"max-image-preview:large","max-video-preview":"max-video-preview:-1"},"canonical":"https:\/\/www.organisator.ch\/it\/sostenibilita\/2019-05-01\/clean-up-tour-2019-die-erste-nationale-abfall-aufraeumtournee-in-den-bergen\/","og_locale":"it_IT","og_type":"article","og_title":"CLEAN-UP TOUR 2019: Die erste, nationale Abfall-Aufr\u00e4umtournee in den Bergen - Organisator","og_description":"Die erste CLEAN-UP TOUR ist angesagt! Wie jeden Winter sausten auch diese Saison mehrere Millionen Skifahrer die Schweizer Pisten hinunter.","og_url":"https:\/\/www.organisator.ch\/it\/sostenibilita\/2019-05-01\/clean-up-tour-2019-die-erste-nationale-abfall-aufraeumtournee-in-den-bergen\/","og_site_name":"Organisator","article_publisher":"https:\/\/www.facebook.com\/OrganisatorFachmagazin","article_published_time":"2019-05-01T10:22:43+00:00","article_modified_time":"2022-02-09T10:05:36+00:00","og_image":[{"width":640,"height":480,"url":"https:\/\/www.organisator.ch\/wp-content\/uploads\/2019\/05\/CLEAN-UP_Tour-UP_Umwelt-Perspektiven.jpg","type":"image\/jpeg"}],"author":"michael.merz","twitter_card":"summary_large_image","schema":{"@context":"https:\/\/schema.org","@graph":[{"@type":"Article","@id":"https:\/\/www.organisator.ch\/sustainability\/2019-05-01\/clean-up-tour-2019-die-erste-nationale-abfall-aufraeumtournee-in-den-bergen\/#article","isPartOf":{"@id":"https:\/\/www.organisator.ch\/sustainability\/2019-05-01\/clean-up-tour-2019-die-erste-nationale-abfall-aufraeumtournee-in-den-bergen\/"},"author":{"name":"michael.merz","@id":"https:\/\/www.organisator.ch\/#\/schema\/person\/134708ca9321c57b0362cceb7948ffbd"},"headline":"CLEAN-UP TOUR 2019: Die erste, nationale Abfall-Aufr\u00e4umtournee in den Bergen","datePublished":"2019-05-01T10:22:43+00:00","dateModified":"2022-02-09T10:05:36+00:00","mainEntityOfPage":{"@id":"https:\/\/www.organisator.ch\/sustainability\/2019-05-01\/clean-up-tour-2019-die-erste-nationale-abfall-aufraeumtournee-in-den-bergen\/"},"wordCount":307,"commentCount":0,"publisher":{"@id":"https:\/\/www.organisator.ch\/#organization"},"image":{"@id":"https:\/\/www.organisator.ch\/sustainability\/2019-05-01\/clean-up-tour-2019-die-erste-nationale-abfall-aufraeumtournee-in-den-bergen\/#primaryimage"},"thumbnailUrl":"https:\/\/www.organisator.ch\/wp-content\/uploads\/2019\/05\/CLEAN-UP_Tour-UP_Umwelt-Perspektiven.jpg","keywords":["Abfall","Campagne","Littering","Schweiz"],"articleSection":["SUSTAINABILITY"],"inLanguage":"it-IT"},{"@type":"WebPage","@id":"https:\/\/www.organisator.ch\/sustainability\/2019-05-01\/clean-up-tour-2019-die-erste-nationale-abfall-aufraeumtournee-in-den-bergen\/","url":"https:\/\/www.organisator.ch\/sustainability\/2019-05-01\/clean-up-tour-2019-die-erste-nationale-abfall-aufraeumtournee-in-den-bergen\/","name":"CLEAN-UP TOUR 2019: il primo tour nazionale di pulizia dei rifiuti in montagna - Organizzatore","isPartOf":{"@id":"https:\/\/www.organisator.ch\/#website"},"primaryImageOfPage":{"@id":"https:\/\/www.organisator.ch\/sustainability\/2019-05-01\/clean-up-tour-2019-die-erste-nationale-abfall-aufraeumtournee-in-den-bergen\/#primaryimage"},"image":{"@id":"https:\/\/www.organisator.ch\/sustainability\/2019-05-01\/clean-up-tour-2019-die-erste-nationale-abfall-aufraeumtournee-in-den-bergen\/#primaryimage"},"thumbnailUrl":"https:\/\/www.organisator.ch\/wp-content\/uploads\/2019\/05\/CLEAN-UP_Tour-UP_Umwelt-Perspektiven.jpg","datePublished":"2019-05-01T10:22:43+00:00","dateModified":"2022-02-09T10:05:36+00:00","description":"\u00c8 partito il primo CLEAN-UP TOUR! Come ogni inverno, anche questa stagione diversi milioni di sciatori hanno sfrecciato sulle piste svizzere.","breadcrumb":{"@id":"https:\/\/www.organisator.ch\/sustainability\/2019-05-01\/clean-up-tour-2019-die-erste-nationale-abfall-aufraeumtournee-in-den-bergen\/#breadcrumb"},"inLanguage":"it-IT","potentialAction":[{"@type":"ReadAction","target":["https:\/\/www.organisator.ch\/sustainability\/2019-05-01\/clean-up-tour-2019-die-erste-nationale-abfall-aufraeumtournee-in-den-bergen\/"]}]},{"@type":"ImageObject","inLanguage":"it-IT","@id":"https:\/\/www.organisator.ch\/sustainability\/2019-05-01\/clean-up-tour-2019-die-erste-nationale-abfall-aufraeumtournee-in-den-bergen\/#primaryimage","url":"https:\/\/www.organisator.ch\/wp-content\/uploads\/2019\/05\/CLEAN-UP_Tour-UP_Umwelt-Perspektiven.jpg","contentUrl":"https:\/\/www.organisator.ch\/wp-content\/uploads\/2019\/05\/CLEAN-UP_Tour-UP_Umwelt-Perspektiven.jpg","width":640,"height":480,"caption":"Die Clean-Up Tour ist eine nationale Aufr\u00e4umaktionstournee die zum Ziel hat, die Sch\u00f6nheit und Eigenart der alpinen Berglandschaft zu erhalten. (Bild: Summit Foundation)"},{"@type":"BreadcrumbList","@id":"https:\/\/www.organisator.ch\/sustainability\/2019-05-01\/clean-up-tour-2019-die-erste-nationale-abfall-aufraeumtournee-in-den-bergen\/#breadcrumb","itemListElement":[{"@type":"ListItem","position":1,"name":"Home","item":"https:\/\/www.organisator.ch\/"},{"@type":"ListItem","position":2,"name":"CLEAN-UP TOUR 2019: Die erste, nationale Abfall-Aufr\u00e4umtournee in den Bergen"}]},{"@type":"WebSite","@id":"https:\/\/www.organisator.ch\/#website","url":"https:\/\/www.organisator.ch\/","name":"Organizzatore","description":"Competente. Pratico. In 10 numeri all'anno, ORGANISATOR presenta i temi essenziali per i manager delle PMI.","publisher":{"@id":"https:\/\/www.organisator.ch\/#organization"},"potentialAction":[{"@type":"SearchAction","target":{"@type":"EntryPoint","urlTemplate":"https:\/\/www.organisator.ch\/?s={search_term_string}"},"query-input":{"@type":"PropertyValueSpecification","valueRequired":true,"valueName":"search_term_string"}}],"inLanguage":"it-IT"},{"@type":"Organization","@id":"https:\/\/www.organisator.ch\/#organization","name":"Organizzatore","url":"https:\/\/www.organisator.ch\/","logo":{"@type":"ImageObject","inLanguage":"it-IT","@id":"https:\/\/www.organisator.ch\/#\/schema\/logo\/image\/","url":"https:\/\/www.organisator.ch\/wp-content\/uploads\/2022\/01\/Logo_Organisator_Website.png","contentUrl":"https:\/\/www.organisator.ch\/wp-content\/uploads\/2022\/01\/Logo_Organisator_Website.png","width":800,"height":77,"caption":"Organisator"},"image":{"@id":"https:\/\/www.organisator.ch\/#\/schema\/logo\/image\/"},"sameAs":["https:\/\/www.facebook.com\/OrganisatorFachmagazin","https:\/\/www.linkedin.com\/showcase\/organisator-das-magazin-fr-kmu","https:\/\/www.xing.com\/news\/pages\/organisator-ch-695","https:\/\/www.youtube.com\/channel\/UCGP2Sq0iWaZwT3BdIAQFYpw"]},{"@type":"Person","@id":"https:\/\/www.organisator.ch\/#\/schema\/person\/134708ca9321c57b0362cceb7948ffbd","name":"michael.merz","image":{"@type":"ImageObject","inLanguage":"it-IT","@id":"https:\/\/secure.gravatar.com\/avatar\/?s=96&d=mm&r=g","url":"https:\/\/secure.gravatar.com\/avatar\/?s=96&d=mm&r=g","contentUrl":"https:\/\/secure.gravatar.com\/avatar\/?s=96&d=mm&r=g","caption":"michael.merz"},"url":"https:\/\/www.organisator.ch\/it\/author\/michael-merz\/"}]}},"_links":{"self":[{"href":"https:\/\/www.organisator.ch\/it\/wp-json\/wp\/v2\/posts\/2122","targetHints":{"allow":["GET"]}}],"collection":[{"href":"https:\/\/www.organisator.ch\/it\/wp-json\/wp\/v2\/posts"}],"about":[{"href":"https:\/\/www.organisator.ch\/it\/wp-json\/wp\/v2\/types\/post"}],"author":[{"embeddable":true,"href":"https:\/\/www.organisator.ch\/it\/wp-json\/wp\/v2\/users\/5"}],"replies":[{"embeddable":true,"href":"https:\/\/www.organisator.ch\/it\/wp-json\/wp\/v2\/comments?post=2122"}],"version-history":[{"count":1,"href":"https:\/\/www.organisator.ch\/it\/wp-json\/wp\/v2\/posts\/2122\/revisions"}],"predecessor-version":[{"id":10410,"href":"https:\/\/www.organisator.ch\/it\/wp-json\/wp\/v2\/posts\/2122\/revisions\/10410"}],"wp:featuredmedia":[{"embeddable":true,"href":"https:\/\/www.organisator.ch\/it\/wp-json\/wp\/v2\/media\/9604"}],"wp:attachment":[{"href":"https:\/\/www.organisator.ch\/it\/wp-json\/wp\/v2\/media?parent=2122"}],"wp:term":[{"taxonomy":"category","embeddable":true,"href":"https:\/\/www.organisator.ch\/it\/wp-json\/wp\/v2\/categories?post=2122"},{"taxonomy":"post_tag","embeddable":true,"href":"https:\/\/www.organisator.ch\/it\/wp-json\/wp\/v2\/tags?post=2122"}],"curies":[{"name":"wp","href":"https:\/\/api.w.org\/{rel}","templated":true}]}}