{"id":21232,"date":"2023-08-22T04:23:08","date_gmt":"2023-08-22T02:23:08","guid":{"rendered":"https:\/\/www.organisator.ch\/de\/?p=21232"},"modified":"2023-08-10T14:37:12","modified_gmt":"2023-08-10T12:37:12","slug":"wie-aus-einer-din-norm-eine-schweizer-norm-wird","status":"publish","type":"post","link":"https:\/\/www.organisator.ch\/it\/operational-excellence\/2023-08-22\/wie-aus-einer-din-norm-eine-schweizer-norm-wird\/","title":{"rendered":"Come una norma DIN diventa una norma svizzera"},"content":{"rendered":"<div class=\"swpm-post-not-logged-in-msg\">Devi eseguire l&#039;accesso per visualizzare questo contenuto. Avrete bisogno di <a class=\"swpm-login-link\" href=\"https:\/\/www.organisator.ch\/login\/\">Accedi<\/a>. Non sei un membro? <a href=\"https:\/\/www.organisator.ch\/shop\/\">Registrati<\/a><\/div>","protected":false},"excerpt":{"rendered":"<p>Il titolo professionale di diagnosta attitudinale non \u00e8 tutelato in questo Paese e la professione \u00e8 un settore non regolamentato, tranne che per la protezione dei dati a livello federale. Per la Federazione degli Psicologi Svizzeri FSP \u00e8 giunto il momento di cambiare questa situazione. <\/p>","protected":false},"author":1,"featured_media":21231,"comment_status":"closed","ping_status":"closed","sticky":false,"template":"","format":"standard","meta":{"_acf_changed":false,"_yoast_wpseo_focuskw":"DIN-Norm","_yoast_wpseo_metadesc":"F\u00fcr die Eignungsdiagnostik gab es bisher nur die DIN-Norm \u00abEignungsbeurteilung nach DIN 33430\u00bb. Daraus wurde eine Schweizer Norm entwickelt.","articlekey":"54935","footnotes":""},"categories":[578,582],"tags":[3867,3807],"class_list":["post-21232","post","type-post","status-publish","format-standard","has-post-thumbnail","hentry","category-abo","category-operational-excellence","tag-normen-und-standards","tag-zertifizierungen"],"acf":[],"yoast_head":"<!-- This site is optimized with the Yoast SEO plugin v27.4 - https:\/\/yoast.com\/product\/yoast-seo-wordpress\/ -->\n<title>Wie aus einer DIN-Norm eine Schweizer Norm wird - Organisator<\/title>\n<meta name=\"description\" content=\"F\u00fcr die Eignungsdiagnostik gab es bisher nur die DIN-Norm \u00abEignungsbeurteilung nach DIN 33430\u00bb. Daraus wurde eine Schweizer Norm entwickelt.\" \/>\n<meta name=\"robots\" content=\"index, follow, max-snippet:-1, max-image-preview:large, max-video-preview:-1\" \/>\n<link rel=\"canonical\" href=\"https:\/\/www.organisator.ch\/it\/abbonamento\/2023-08-22\/wie-aus-einer-din-norm-eine-schweizer-norm-wird\/\" \/>\n<meta property=\"og:locale\" content=\"it_IT\" \/>\n<meta property=\"og:type\" content=\"article\" \/>\n<meta property=\"og:title\" content=\"Wie aus einer DIN-Norm eine Schweizer Norm wird - Organisator\" \/>\n<meta property=\"og:description\" content=\"F\u00fcr die Eignungsdiagnostik gab es bisher nur die DIN-Norm \u00abEignungsbeurteilung nach DIN 33430\u00bb. Daraus wurde eine Schweizer Norm entwickelt.\" \/>\n<meta property=\"og:url\" content=\"https:\/\/www.organisator.ch\/it\/abbonamento\/2023-08-22\/wie-aus-einer-din-norm-eine-schweizer-norm-wird\/\" \/>\n<meta property=\"og:site_name\" content=\"Organisator\" \/>\n<meta property=\"article:publisher\" content=\"https:\/\/www.facebook.com\/OrganisatorFachmagazin\" \/>\n<meta property=\"article:published_time\" content=\"2023-08-22T02:23:08+00:00\" \/>\n<meta property=\"og:image\" content=\"https:\/\/www.organisator.ch\/wp-content\/uploads\/2023\/08\/OpEx_SNV_Bild_NEU_organisator_57298.jpg\" \/>\n\t<meta property=\"og:image:width\" content=\"377\" \/>\n\t<meta property=\"og:image:height\" content=\"463\" \/>\n\t<meta property=\"og:image:type\" content=\"image\/jpeg\" \/>\n<meta name=\"author\" content=\"admin\" \/>\n<meta name=\"twitter:card\" content=\"summary_large_image\" \/>\n<script type=\"application\/ld+json\" class=\"yoast-schema-graph\">{\"@context\":\"https:\\\/\\\/schema.org\",\"@graph\":[{\"@type\":\"Article\",\"@id\":\"https:\\\/\\\/www.organisator.ch\\\/abo\\\/2023-08-22\\\/wie-aus-einer-din-norm-eine-schweizer-norm-wird\\\/#article\",\"isPartOf\":{\"@id\":\"https:\\\/\\\/www.organisator.ch\\\/abo\\\/2023-08-22\\\/wie-aus-einer-din-norm-eine-schweizer-norm-wird\\\/\"},\"author\":{\"name\":\"admin\",\"@id\":\"https:\\\/\\\/www.organisator.ch\\\/#\\\/schema\\\/person\\\/aa2bace6c5c5aad60102004a50c4eb1c\"},\"headline\":\"Wie aus einer DIN-Norm eine Schweizer Norm wird\",\"datePublished\":\"2023-08-22T02:23:08+00:00\",\"mainEntityOfPage\":{\"@id\":\"https:\\\/\\\/www.organisator.ch\\\/abo\\\/2023-08-22\\\/wie-aus-einer-din-norm-eine-schweizer-norm-wird\\\/\"},\"wordCount\":1013,\"publisher\":{\"@id\":\"https:\\\/\\\/www.organisator.ch\\\/#organization\"},\"image\":{\"@id\":\"https:\\\/\\\/www.organisator.ch\\\/abo\\\/2023-08-22\\\/wie-aus-einer-din-norm-eine-schweizer-norm-wird\\\/#primaryimage\"},\"thumbnailUrl\":\"https:\\\/\\\/www.organisator.ch\\\/wp-content\\\/uploads\\\/2023\\\/08\\\/OpEx_SNV_Bild_NEU_organisator_57298.jpg\",\"keywords\":[\"Normen und Standards\",\"Zertifizierungen\"],\"articleSection\":[\"ABO+\",\"OPERATIONAL EXCELLENCE\"],\"inLanguage\":\"it-IT\"},{\"@type\":\"WebPage\",\"@id\":\"https:\\\/\\\/www.organisator.ch\\\/abo\\\/2023-08-22\\\/wie-aus-einer-din-norm-eine-schweizer-norm-wird\\\/\",\"url\":\"https:\\\/\\\/www.organisator.ch\\\/abo\\\/2023-08-22\\\/wie-aus-einer-din-norm-eine-schweizer-norm-wird\\\/\",\"name\":\"Wie aus einer DIN-Norm eine Schweizer Norm wird - Organisator\",\"isPartOf\":{\"@id\":\"https:\\\/\\\/www.organisator.ch\\\/#website\"},\"primaryImageOfPage\":{\"@id\":\"https:\\\/\\\/www.organisator.ch\\\/abo\\\/2023-08-22\\\/wie-aus-einer-din-norm-eine-schweizer-norm-wird\\\/#primaryimage\"},\"image\":{\"@id\":\"https:\\\/\\\/www.organisator.ch\\\/abo\\\/2023-08-22\\\/wie-aus-einer-din-norm-eine-schweizer-norm-wird\\\/#primaryimage\"},\"thumbnailUrl\":\"https:\\\/\\\/www.organisator.ch\\\/wp-content\\\/uploads\\\/2023\\\/08\\\/OpEx_SNV_Bild_NEU_organisator_57298.jpg\",\"datePublished\":\"2023-08-22T02:23:08+00:00\",\"description\":\"F\u00fcr die Eignungsdiagnostik gab es bisher nur die DIN-Norm \u00abEignungsbeurteilung nach DIN 33430\u00bb. Daraus wurde eine Schweizer Norm entwickelt.\",\"breadcrumb\":{\"@id\":\"https:\\\/\\\/www.organisator.ch\\\/abo\\\/2023-08-22\\\/wie-aus-einer-din-norm-eine-schweizer-norm-wird\\\/#breadcrumb\"},\"inLanguage\":\"it-IT\",\"potentialAction\":[{\"@type\":\"ReadAction\",\"target\":[\"https:\\\/\\\/www.organisator.ch\\\/abo\\\/2023-08-22\\\/wie-aus-einer-din-norm-eine-schweizer-norm-wird\\\/\"]}]},{\"@type\":\"ImageObject\",\"inLanguage\":\"it-IT\",\"@id\":\"https:\\\/\\\/www.organisator.ch\\\/abo\\\/2023-08-22\\\/wie-aus-einer-din-norm-eine-schweizer-norm-wird\\\/#primaryimage\",\"url\":\"https:\\\/\\\/www.organisator.ch\\\/wp-content\\\/uploads\\\/2023\\\/08\\\/OpEx_SNV_Bild_NEU_organisator_57298.jpg\",\"contentUrl\":\"https:\\\/\\\/www.organisator.ch\\\/wp-content\\\/uploads\\\/2023\\\/08\\\/OpEx_SNV_Bild_NEU_organisator_57298.jpg\",\"width\":377,\"height\":463,\"caption\":\"Annick de Buman \u00a9 zVg \\\/ SNV\"},{\"@type\":\"BreadcrumbList\",\"@id\":\"https:\\\/\\\/www.organisator.ch\\\/abo\\\/2023-08-22\\\/wie-aus-einer-din-norm-eine-schweizer-norm-wird\\\/#breadcrumb\",\"itemListElement\":[{\"@type\":\"ListItem\",\"position\":1,\"name\":\"Home\",\"item\":\"https:\\\/\\\/www.organisator.ch\\\/\"},{\"@type\":\"ListItem\",\"position\":2,\"name\":\"Wie aus einer DIN-Norm eine Schweizer Norm wird\"}]},{\"@type\":\"WebSite\",\"@id\":\"https:\\\/\\\/www.organisator.ch\\\/#website\",\"url\":\"https:\\\/\\\/www.organisator.ch\\\/\",\"name\":\"Organisator\",\"description\":\"Kompetent. Praxisnah. Der ORGANISATOR bereitet in 10 Ausgaben pro Jahr die wesentlichen Themen f\u00fcr F\u00fchrungskr\u00e4fte von KMU auf.\",\"publisher\":{\"@id\":\"https:\\\/\\\/www.organisator.ch\\\/#organization\"},\"potentialAction\":[{\"@type\":\"SearchAction\",\"target\":{\"@type\":\"EntryPoint\",\"urlTemplate\":\"https:\\\/\\\/www.organisator.ch\\\/?s={search_term_string}\"},\"query-input\":{\"@type\":\"PropertyValueSpecification\",\"valueRequired\":true,\"valueName\":\"search_term_string\"}}],\"inLanguage\":\"it-IT\"},{\"@type\":\"Organization\",\"@id\":\"https:\\\/\\\/www.organisator.ch\\\/#organization\",\"name\":\"Organisator\",\"url\":\"https:\\\/\\\/www.organisator.ch\\\/\",\"logo\":{\"@type\":\"ImageObject\",\"inLanguage\":\"it-IT\",\"@id\":\"https:\\\/\\\/www.organisator.ch\\\/#\\\/schema\\\/logo\\\/image\\\/\",\"url\":\"https:\\\/\\\/www.organisator.ch\\\/wp-content\\\/uploads\\\/2022\\\/01\\\/Logo_Organisator_Website.png\",\"contentUrl\":\"https:\\\/\\\/www.organisator.ch\\\/wp-content\\\/uploads\\\/2022\\\/01\\\/Logo_Organisator_Website.png\",\"width\":800,\"height\":77,\"caption\":\"Organisator\"},\"image\":{\"@id\":\"https:\\\/\\\/www.organisator.ch\\\/#\\\/schema\\\/logo\\\/image\\\/\"},\"sameAs\":[\"https:\\\/\\\/www.facebook.com\\\/OrganisatorFachmagazin\",\"https:\\\/\\\/www.linkedin.com\\\/showcase\\\/organisator-das-magazin-fr-kmu\",\"https:\\\/\\\/www.xing.com\\\/news\\\/pages\\\/organisator-ch-695\",\"https:\\\/\\\/www.youtube.com\\\/channel\\\/UCGP2Sq0iWaZwT3BdIAQFYpw\"]},{\"@type\":\"Person\",\"@id\":\"https:\\\/\\\/www.organisator.ch\\\/#\\\/schema\\\/person\\\/aa2bace6c5c5aad60102004a50c4eb1c\",\"name\":\"admin\",\"image\":{\"@type\":\"ImageObject\",\"inLanguage\":\"it-IT\",\"@id\":\"https:\\\/\\\/secure.gravatar.com\\\/avatar\\\/ae2f4d718e6c49043e314ce431e7e645d646302a24a5ef5a8bc8e3f5a032e319?s=96&d=mm&r=g\",\"url\":\"https:\\\/\\\/secure.gravatar.com\\\/avatar\\\/ae2f4d718e6c49043e314ce431e7e645d646302a24a5ef5a8bc8e3f5a032e319?s=96&d=mm&r=g\",\"contentUrl\":\"https:\\\/\\\/secure.gravatar.com\\\/avatar\\\/ae2f4d718e6c49043e314ce431e7e645d646302a24a5ef5a8bc8e3f5a032e319?s=96&d=mm&r=g\",\"caption\":\"admin\"},\"sameAs\":[\"https:\\\/\\\/www.organisator.ch\"],\"url\":\"https:\\\/\\\/www.organisator.ch\\\/it\\\/author\\\/admin\\\/\"}]}<\/script>\n<!-- \/ Yoast SEO plugin. -->","yoast_head_json":{"title":"Come una norma DIN diventa una norma svizzera - Organizzatore","description":"Finora esisteva solo la norma DIN \"Valutazione dell'idoneit\u00e0 secondo la norma DIN 33430\" per la diagnostica attitudinale. Da questo \u00e8 stato sviluppato uno standard svizzero.","robots":{"index":"index","follow":"follow","max-snippet":"max-snippet:-1","max-image-preview":"max-image-preview:large","max-video-preview":"max-video-preview:-1"},"canonical":"https:\/\/www.organisator.ch\/it\/abbonamento\/2023-08-22\/wie-aus-einer-din-norm-eine-schweizer-norm-wird\/","og_locale":"it_IT","og_type":"article","og_title":"Wie aus einer DIN-Norm eine Schweizer Norm wird - Organisator","og_description":"F\u00fcr die Eignungsdiagnostik gab es bisher nur die DIN-Norm \u00abEignungsbeurteilung nach DIN 33430\u00bb. Daraus wurde eine Schweizer Norm entwickelt.","og_url":"https:\/\/www.organisator.ch\/it\/abbonamento\/2023-08-22\/wie-aus-einer-din-norm-eine-schweizer-norm-wird\/","og_site_name":"Organisator","article_publisher":"https:\/\/www.facebook.com\/OrganisatorFachmagazin","article_published_time":"2023-08-22T02:23:08+00:00","og_image":[{"width":377,"height":463,"url":"https:\/\/www.organisator.ch\/wp-content\/uploads\/2023\/08\/OpEx_SNV_Bild_NEU_organisator_57298.jpg","type":"image\/jpeg"}],"author":"admin","twitter_card":"summary_large_image","schema":{"@context":"https:\/\/schema.org","@graph":[{"@type":"Article","@id":"https:\/\/www.organisator.ch\/abo\/2023-08-22\/wie-aus-einer-din-norm-eine-schweizer-norm-wird\/#article","isPartOf":{"@id":"https:\/\/www.organisator.ch\/abo\/2023-08-22\/wie-aus-einer-din-norm-eine-schweizer-norm-wird\/"},"author":{"name":"admin","@id":"https:\/\/www.organisator.ch\/#\/schema\/person\/aa2bace6c5c5aad60102004a50c4eb1c"},"headline":"Wie aus einer DIN-Norm eine Schweizer Norm wird","datePublished":"2023-08-22T02:23:08+00:00","mainEntityOfPage":{"@id":"https:\/\/www.organisator.ch\/abo\/2023-08-22\/wie-aus-einer-din-norm-eine-schweizer-norm-wird\/"},"wordCount":1013,"publisher":{"@id":"https:\/\/www.organisator.ch\/#organization"},"image":{"@id":"https:\/\/www.organisator.ch\/abo\/2023-08-22\/wie-aus-einer-din-norm-eine-schweizer-norm-wird\/#primaryimage"},"thumbnailUrl":"https:\/\/www.organisator.ch\/wp-content\/uploads\/2023\/08\/OpEx_SNV_Bild_NEU_organisator_57298.jpg","keywords":["Normen und Standards","Zertifizierungen"],"articleSection":["ABO+","OPERATIONAL EXCELLENCE"],"inLanguage":"it-IT"},{"@type":"WebPage","@id":"https:\/\/www.organisator.ch\/abo\/2023-08-22\/wie-aus-einer-din-norm-eine-schweizer-norm-wird\/","url":"https:\/\/www.organisator.ch\/abo\/2023-08-22\/wie-aus-einer-din-norm-eine-schweizer-norm-wird\/","name":"Come una norma DIN diventa una norma svizzera - Organizzatore","isPartOf":{"@id":"https:\/\/www.organisator.ch\/#website"},"primaryImageOfPage":{"@id":"https:\/\/www.organisator.ch\/abo\/2023-08-22\/wie-aus-einer-din-norm-eine-schweizer-norm-wird\/#primaryimage"},"image":{"@id":"https:\/\/www.organisator.ch\/abo\/2023-08-22\/wie-aus-einer-din-norm-eine-schweizer-norm-wird\/#primaryimage"},"thumbnailUrl":"https:\/\/www.organisator.ch\/wp-content\/uploads\/2023\/08\/OpEx_SNV_Bild_NEU_organisator_57298.jpg","datePublished":"2023-08-22T02:23:08+00:00","description":"Finora esisteva solo la norma DIN \"Valutazione dell'idoneit\u00e0 secondo la norma DIN 33430\" per la diagnostica attitudinale. Da questo \u00e8 stato sviluppato uno standard svizzero.","breadcrumb":{"@id":"https:\/\/www.organisator.ch\/abo\/2023-08-22\/wie-aus-einer-din-norm-eine-schweizer-norm-wird\/#breadcrumb"},"inLanguage":"it-IT","potentialAction":[{"@type":"ReadAction","target":["https:\/\/www.organisator.ch\/abo\/2023-08-22\/wie-aus-einer-din-norm-eine-schweizer-norm-wird\/"]}]},{"@type":"ImageObject","inLanguage":"it-IT","@id":"https:\/\/www.organisator.ch\/abo\/2023-08-22\/wie-aus-einer-din-norm-eine-schweizer-norm-wird\/#primaryimage","url":"https:\/\/www.organisator.ch\/wp-content\/uploads\/2023\/08\/OpEx_SNV_Bild_NEU_organisator_57298.jpg","contentUrl":"https:\/\/www.organisator.ch\/wp-content\/uploads\/2023\/08\/OpEx_SNV_Bild_NEU_organisator_57298.jpg","width":377,"height":463,"caption":"Annick de Buman \u00a9 zVg \/ SNV"},{"@type":"BreadcrumbList","@id":"https:\/\/www.organisator.ch\/abo\/2023-08-22\/wie-aus-einer-din-norm-eine-schweizer-norm-wird\/#breadcrumb","itemListElement":[{"@type":"ListItem","position":1,"name":"Home","item":"https:\/\/www.organisator.ch\/"},{"@type":"ListItem","position":2,"name":"Wie aus einer DIN-Norm eine Schweizer Norm wird"}]},{"@type":"WebSite","@id":"https:\/\/www.organisator.ch\/#website","url":"https:\/\/www.organisator.ch\/","name":"Organizzatore","description":"Competente. Pratico. In 10 numeri all'anno, ORGANISATOR presenta i temi essenziali per i manager delle PMI.","publisher":{"@id":"https:\/\/www.organisator.ch\/#organization"},"potentialAction":[{"@type":"SearchAction","target":{"@type":"EntryPoint","urlTemplate":"https:\/\/www.organisator.ch\/?s={search_term_string}"},"query-input":{"@type":"PropertyValueSpecification","valueRequired":true,"valueName":"search_term_string"}}],"inLanguage":"it-IT"},{"@type":"Organization","@id":"https:\/\/www.organisator.ch\/#organization","name":"Organizzatore","url":"https:\/\/www.organisator.ch\/","logo":{"@type":"ImageObject","inLanguage":"it-IT","@id":"https:\/\/www.organisator.ch\/#\/schema\/logo\/image\/","url":"https:\/\/www.organisator.ch\/wp-content\/uploads\/2022\/01\/Logo_Organisator_Website.png","contentUrl":"https:\/\/www.organisator.ch\/wp-content\/uploads\/2022\/01\/Logo_Organisator_Website.png","width":800,"height":77,"caption":"Organisator"},"image":{"@id":"https:\/\/www.organisator.ch\/#\/schema\/logo\/image\/"},"sameAs":["https:\/\/www.facebook.com\/OrganisatorFachmagazin","https:\/\/www.linkedin.com\/showcase\/organisator-das-magazin-fr-kmu","https:\/\/www.xing.com\/news\/pages\/organisator-ch-695","https:\/\/www.youtube.com\/channel\/UCGP2Sq0iWaZwT3BdIAQFYpw"]},{"@type":"Person","@id":"https:\/\/www.organisator.ch\/#\/schema\/person\/aa2bace6c5c5aad60102004a50c4eb1c","name":"amministratore","image":{"@type":"ImageObject","inLanguage":"it-IT","@id":"https:\/\/secure.gravatar.com\/avatar\/ae2f4d718e6c49043e314ce431e7e645d646302a24a5ef5a8bc8e3f5a032e319?s=96&d=mm&r=g","url":"https:\/\/secure.gravatar.com\/avatar\/ae2f4d718e6c49043e314ce431e7e645d646302a24a5ef5a8bc8e3f5a032e319?s=96&d=mm&r=g","contentUrl":"https:\/\/secure.gravatar.com\/avatar\/ae2f4d718e6c49043e314ce431e7e645d646302a24a5ef5a8bc8e3f5a032e319?s=96&d=mm&r=g","caption":"admin"},"sameAs":["https:\/\/www.organisator.ch"],"url":"https:\/\/www.organisator.ch\/it\/author\/admin\/"}]}},"_links":{"self":[{"href":"https:\/\/www.organisator.ch\/it\/wp-json\/wp\/v2\/posts\/21232","targetHints":{"allow":["GET"]}}],"collection":[{"href":"https:\/\/www.organisator.ch\/it\/wp-json\/wp\/v2\/posts"}],"about":[{"href":"https:\/\/www.organisator.ch\/it\/wp-json\/wp\/v2\/types\/post"}],"author":[{"embeddable":true,"href":"https:\/\/www.organisator.ch\/it\/wp-json\/wp\/v2\/users\/1"}],"replies":[{"embeddable":true,"href":"https:\/\/www.organisator.ch\/it\/wp-json\/wp\/v2\/comments?post=21232"}],"version-history":[{"count":2,"href":"https:\/\/www.organisator.ch\/it\/wp-json\/wp\/v2\/posts\/21232\/revisions"}],"predecessor-version":[{"id":21286,"href":"https:\/\/www.organisator.ch\/it\/wp-json\/wp\/v2\/posts\/21232\/revisions\/21286"}],"wp:featuredmedia":[{"embeddable":true,"href":"https:\/\/www.organisator.ch\/it\/wp-json\/wp\/v2\/media\/21231"}],"wp:attachment":[{"href":"https:\/\/www.organisator.ch\/it\/wp-json\/wp\/v2\/media?parent=21232"}],"wp:term":[{"taxonomy":"category","embeddable":true,"href":"https:\/\/www.organisator.ch\/it\/wp-json\/wp\/v2\/categories?post=21232"},{"taxonomy":"post_tag","embeddable":true,"href":"https:\/\/www.organisator.ch\/it\/wp-json\/wp\/v2\/tags?post=21232"}],"curies":[{"name":"wp","href":"https:\/\/api.w.org\/{rel}","templated":true}]}}