{"id":21263,"date":"2023-08-10T10:35:01","date_gmt":"2023-08-10T08:35:01","guid":{"rendered":"https:\/\/www.organisator.ch\/?p=21263"},"modified":"2023-08-10T10:35:01","modified_gmt":"2023-08-10T08:35:01","slug":"angestelltenverbaende-fordern-bis-zu-45-prozent-mehr-lohn","status":"publish","type":"post","link":"https:\/\/www.organisator.ch\/it\/human-resources\/2023-08-10\/angestelltenverbaende-fordern-bis-zu-45-prozent-mehr-lohn\/","title":{"rendered":"Le associazioni dei dipendenti chiedono fino al 4,5% in pi\u00f9 di retribuzione"},"content":{"rendered":"<figure id=\"attachment_21264\" aria-describedby=\"caption-attachment-21264\" style=\"width: 680px\" class=\"wp-caption alignnone\"><img loading=\"lazy\" decoding=\"async\" class=\"size-full wp-image-21264\" src=\"https:\/\/www.organisator.ch\/wp-content\/uploads\/2023\/08\/Angestelltenverbaende-fordern-bis-zu-45-Prozent-mehr-Lohn_Organisator.jpg\" alt=\"\" width=\"680\" height=\"551\" srcset=\"https:\/\/www.organisator.ch\/wp-content\/uploads\/2023\/08\/Angestelltenverbaende-fordern-bis-zu-45-Prozent-mehr-Lohn_Organisator.jpg 680w, https:\/\/www.organisator.ch\/wp-content\/uploads\/2023\/08\/Angestelltenverbaende-fordern-bis-zu-45-Prozent-mehr-Lohn_Organisator-15x12.jpg 15w, https:\/\/www.organisator.ch\/wp-content\/uploads\/2023\/08\/Angestelltenverbaende-fordern-bis-zu-45-Prozent-mehr-Lohn_Organisator-370x300.jpg 370w, https:\/\/www.organisator.ch\/wp-content\/uploads\/2023\/08\/Angestelltenverbaende-fordern-bis-zu-45-Prozent-mehr-Lohn_Organisator-432x350.jpg 432w\" sizes=\"auto, (max-width: 680px) 100vw, 680px\" \/><figcaption id=\"caption-attachment-21264\" class=\"wp-caption-text\">Soprattutto i dipendenti del settore a basso salario, come gli addetti alle pulizie, dovrebbero ricevere 300 franchi in pi\u00f9 al mese, chiedono le associazioni dei lavoratori. (Immagine: Unsplash.com)<\/figcaption><\/figure>\n<p>Non si pu\u00f2 spiegare: Il costo della vita \u00e8 in costante aumento a causa dell'inflazione. Tuttavia, i salari dei dipendenti non sono aumentati quasi per niente, soprattutto nel settore a basso salario, come notano le due associazioni dei dipendenti Kaufm\u00e4nnischer Verband Schweiz (Associazione commerciale svizzera) e Angestellte Schweiz (Impiegati svizzeri). I modesti aumenti salariali degli ultimi anni compensano a malapena l'aumento del costo della vita, lamentano. Le due associazioni chiedono quindi fino a 4,5% in pi\u00f9 di stipendio a partire dal 2024, in particolare per quelle aziende che l'anno scorso non hanno concesso ai propri dipendenti l'intero adeguamento al costo della vita. Ci\u00f2 significa che la situazione di ogni azienda deve essere considerata individualmente all'interno del quadro richiesto, si legge in un comunicato stampa. Fanno eccezione le professioni a basso salario. In questo caso, si deve evitare una perdita di salario reale.<\/p>\n<h3>I profitti aumentano, i salari diminuiscono: \"Non si pu\u00f2 continuare cos\u00ec\".<\/h3>\n<p>Le aziende fanno profitti: presentano regolarmente cifre aziendali da buone a ottime. Ma i dipendenti ne sentono poco o nulla nelle trattative salariali, o le rimandano a dopo. \"Ogni anno la produttivit\u00e0 dei dipendenti aumenta e con essa i profitti delle aziende\", afferma Michel Lang, responsabile del partenariato sociale dell'Associazione svizzera di commercio. \"Attualmente stiamo vivendo una situazione eccezionale: un mercato del lavoro solido e, probabilmente in relazione a ci\u00f2, un comportamento di consumo delle famiglie attualmente ancora inalterato. Eppure molte famiglie devono fare i conti con una riduzione del reddito reale, mentre le imprese distribuiscono utili agli azionisti. Le nostre richieste salariali sono quindi legittime e necessarie\". Gli aumenti salariali richiesti sono necessari anche perch\u00e9 il potere d'acquisto dei lavoratori \u00e8 di evidente importanza per l'economia svizzera: se il potere d'acquisto diminuisce, ci\u00f2 ha effetti negativi diretti sull'economia.<\/p>\n<h3>Salari attraenti come investimento contro la carenza di manodopera<\/h3>\n<p>Il costante aumento del costo della vita colpisce in modo sproporzionato le persone del settore a basso salario e ha gravi conseguenze: Molti di loro non hanno quasi pi\u00f9 riserve finanziarie n\u00e9 capacit\u00e0 di spesa. L'Associazione svizzera di commercio e Angestellte Schweiz chiedono quindi alle aziende che si occupano di persone a basso reddito uno sforzo particolare sotto forma di un aumento salariale di almeno 300 franchi al mese per i dipendenti che guadagnano meno di 4200 franchi al mese lavorando a tempo pieno. \"Le persone che lavorano nel settore dei bassi salari devono avere la sicurezza di non subire una perdita di salario reale. Per questo il contributo minimo richiesto svolge un ruolo importante\", afferma Stefan Studer, direttore esecutivo di Angestellte Schweiz. In tempi di grave carenza di lavoratori qualificati, le aziende investirebbero anche nel proprio futuro se offrissero una retribuzione interessante, continua Studer. Mai prima d'ora ci sono state cos\u00ec tante persone disposte a farlo, <a href=\"https:\/\/www.organisator.ch\/de\/human-resources\/hrm\/2022-01-04\/viele-arbeitnehmende-orientieren-sich-neu\/\">di cambiare lavoro<\/a>. E il momento non \u00e8 mai stato migliore. \"Se si vuole mantenere i lavoratori qualificati o se si vuole portarli a bordo, \u00e8 necessario mettere a disposizione del denaro\", afferma Stefan Studer.<\/p>\n<p><em>Fonte: <a href=\"http:\/\/www.kfmv.ch\">Associazione commerciale svizzera<\/a> \/ <a href=\"http:\/\/www.angestellte.ch\">Dipendenti Svizzera<\/a><\/em><\/p>","protected":false},"excerpt":{"rendered":"<p>Alla luce dell'attuale situazione economica e dell'impennata dell'inflazione, le due associazioni dei lavoratori Kaufm\u00e4nnischer Verband Schweiz (Associazione svizzera dei commercianti) e Angestellte Schweiz (Impiegati svizzeri) chiedono un adeguamento dei salari per il 2024. I principali beneficiari dovrebbero essere il settore dei salari bassi e i lavoratori che l'anno scorso non hanno ricevuto la piena compensazione dell'inflazione.<\/p>","protected":false},"author":4,"featured_media":21264,"comment_status":"closed","ping_status":"closed","sticky":false,"template":"","format":"standard","meta":{"_acf_changed":false,"_yoast_wpseo_focuskw":"Angestelltenverb\u00e4nde","_yoast_wpseo_metadesc":"Die beiden Angestelltenverb\u00e4nde Kaufm\u00e4nnischer Verband Schweiz und Angestellte Schweiz fordern Lohnanpassungen f\u00fcr 2024.","articlekey":"","footnotes":""},"categories":[579],"tags":[3865,329,503],"class_list":["post-21263","post","type-post","status-publish","format-standard","has-post-thumbnail","hentry","category-human-resources","tag-angestellte","tag-loehne","tag-verbaende"],"acf":[],"yoast_head":"<!-- This site is optimized with the Yoast SEO plugin v27.5 - https:\/\/yoast.com\/product\/yoast-seo-wordpress\/ -->\n<title>Angestelltenverb\u00e4nde fordern bis zu 4,5 Prozent mehr Lohn - Organisator<\/title>\n<meta name=\"description\" content=\"Die beiden Angestelltenverb\u00e4nde Kaufm\u00e4nnischer Verband Schweiz und Angestellte Schweiz fordern Lohnanpassungen f\u00fcr 2024.\" \/>\n<meta name=\"robots\" content=\"index, follow, max-snippet:-1, max-image-preview:large, max-video-preview:-1\" \/>\n<link rel=\"canonical\" href=\"https:\/\/www.organisator.ch\/it\/risorse-umane\/2023-08-10\/angestelltenverbaende-fordern-bis-zu-45-prozent-mehr-lohn\/\" \/>\n<meta property=\"og:locale\" content=\"it_IT\" \/>\n<meta property=\"og:type\" content=\"article\" \/>\n<meta property=\"og:title\" content=\"Angestelltenverb\u00e4nde fordern bis zu 4,5 Prozent mehr Lohn\" \/>\n<meta property=\"og:description\" content=\"Die beiden Angestelltenverb\u00e4nde Kaufm\u00e4nnischer Verband Schweiz und Angestellte Schweiz fordern Lohnanpassungen f\u00fcr 2024.\" \/>\n<meta property=\"og:url\" content=\"https:\/\/www.organisator.ch\/it\/risorse-umane\/2023-08-10\/angestelltenverbaende-fordern-bis-zu-45-prozent-mehr-lohn\/\" \/>\n<meta property=\"og:site_name\" content=\"Organisator\" \/>\n<meta property=\"article:publisher\" content=\"https:\/\/www.facebook.com\/OrganisatorFachmagazin\" \/>\n<meta property=\"article:published_time\" content=\"2023-08-10T08:35:01+00:00\" \/>\n<meta property=\"og:image\" content=\"https:\/\/www.organisator.ch\/wp-content\/uploads\/2023\/08\/Angestelltenverbaende-fordern-bis-zu-45-Prozent-mehr-Lohn_Organisator.jpg\" \/>\n\t<meta property=\"og:image:width\" content=\"680\" \/>\n\t<meta property=\"og:image:height\" content=\"551\" \/>\n\t<meta property=\"og:image:type\" content=\"image\/jpeg\" \/>\n<meta name=\"author\" content=\"thomas.berner\" \/>\n<meta name=\"twitter:card\" content=\"summary_large_image\" \/>\n<meta name=\"twitter:title\" content=\"#Angestelltenverb\u00e4nde fordern bis zu 4,5 Prozent mehr #Lohn\" \/>\n<meta name=\"twitter:description\" content=\"Die beiden #Angestelltenverb\u00e4nde Kaufm\u00e4nnischer Verband Schweiz und Angestellte Schweiz fordern #Lohnanpassungen f\u00fcr 2024.\" \/>\n<meta name=\"twitter:image\" content=\"https:\/\/www.organisator.ch\/wp-content\/uploads\/2023\/08\/Angestelltenverbaende-fordern-bis-zu-45-Prozent-mehr-Lohn_Organisator.jpg\" \/>\n<script type=\"application\/ld+json\" class=\"yoast-schema-graph\">{\"@context\":\"https:\\\/\\\/schema.org\",\"@graph\":[{\"@type\":\"Article\",\"@id\":\"https:\\\/\\\/www.organisator.ch\\\/human-resources\\\/2023-08-10\\\/angestelltenverbaende-fordern-bis-zu-45-prozent-mehr-lohn\\\/#article\",\"isPartOf\":{\"@id\":\"https:\\\/\\\/www.organisator.ch\\\/human-resources\\\/2023-08-10\\\/angestelltenverbaende-fordern-bis-zu-45-prozent-mehr-lohn\\\/\"},\"author\":{\"name\":\"thomas.berner\",\"@id\":\"https:\\\/\\\/www.organisator.ch\\\/#\\\/schema\\\/person\\\/6f650f90b2842cd4c0cc334b4e36f67e\"},\"headline\":\"Angestelltenverb\u00e4nde fordern bis zu 4,5 Prozent mehr Lohn\",\"datePublished\":\"2023-08-10T08:35:01+00:00\",\"mainEntityOfPage\":{\"@id\":\"https:\\\/\\\/www.organisator.ch\\\/human-resources\\\/2023-08-10\\\/angestelltenverbaende-fordern-bis-zu-45-prozent-mehr-lohn\\\/\"},\"wordCount\":493,\"publisher\":{\"@id\":\"https:\\\/\\\/www.organisator.ch\\\/#organization\"},\"image\":{\"@id\":\"https:\\\/\\\/www.organisator.ch\\\/human-resources\\\/2023-08-10\\\/angestelltenverbaende-fordern-bis-zu-45-prozent-mehr-lohn\\\/#primaryimage\"},\"thumbnailUrl\":\"https:\\\/\\\/www.organisator.ch\\\/wp-content\\\/uploads\\\/2023\\\/08\\\/Angestelltenverbaende-fordern-bis-zu-45-Prozent-mehr-Lohn_Organisator.jpg\",\"keywords\":[\"Angestellte\",\"L\u00f6hne\",\"Verb\u00e4nde\"],\"articleSection\":[\"HUMAN RESOURCES\"],\"inLanguage\":\"it-IT\"},{\"@type\":\"WebPage\",\"@id\":\"https:\\\/\\\/www.organisator.ch\\\/human-resources\\\/2023-08-10\\\/angestelltenverbaende-fordern-bis-zu-45-prozent-mehr-lohn\\\/\",\"url\":\"https:\\\/\\\/www.organisator.ch\\\/human-resources\\\/2023-08-10\\\/angestelltenverbaende-fordern-bis-zu-45-prozent-mehr-lohn\\\/\",\"name\":\"Angestelltenverb\u00e4nde fordern bis zu 4,5 Prozent mehr Lohn - Organisator\",\"isPartOf\":{\"@id\":\"https:\\\/\\\/www.organisator.ch\\\/#website\"},\"primaryImageOfPage\":{\"@id\":\"https:\\\/\\\/www.organisator.ch\\\/human-resources\\\/2023-08-10\\\/angestelltenverbaende-fordern-bis-zu-45-prozent-mehr-lohn\\\/#primaryimage\"},\"image\":{\"@id\":\"https:\\\/\\\/www.organisator.ch\\\/human-resources\\\/2023-08-10\\\/angestelltenverbaende-fordern-bis-zu-45-prozent-mehr-lohn\\\/#primaryimage\"},\"thumbnailUrl\":\"https:\\\/\\\/www.organisator.ch\\\/wp-content\\\/uploads\\\/2023\\\/08\\\/Angestelltenverbaende-fordern-bis-zu-45-Prozent-mehr-Lohn_Organisator.jpg\",\"datePublished\":\"2023-08-10T08:35:01+00:00\",\"description\":\"Die beiden Angestelltenverb\u00e4nde Kaufm\u00e4nnischer Verband Schweiz und Angestellte Schweiz fordern Lohnanpassungen f\u00fcr 2024.\",\"breadcrumb\":{\"@id\":\"https:\\\/\\\/www.organisator.ch\\\/human-resources\\\/2023-08-10\\\/angestelltenverbaende-fordern-bis-zu-45-prozent-mehr-lohn\\\/#breadcrumb\"},\"inLanguage\":\"it-IT\",\"potentialAction\":[{\"@type\":\"ReadAction\",\"target\":[\"https:\\\/\\\/www.organisator.ch\\\/human-resources\\\/2023-08-10\\\/angestelltenverbaende-fordern-bis-zu-45-prozent-mehr-lohn\\\/\"]}]},{\"@type\":\"ImageObject\",\"inLanguage\":\"it-IT\",\"@id\":\"https:\\\/\\\/www.organisator.ch\\\/human-resources\\\/2023-08-10\\\/angestelltenverbaende-fordern-bis-zu-45-prozent-mehr-lohn\\\/#primaryimage\",\"url\":\"https:\\\/\\\/www.organisator.ch\\\/wp-content\\\/uploads\\\/2023\\\/08\\\/Angestelltenverbaende-fordern-bis-zu-45-Prozent-mehr-Lohn_Organisator.jpg\",\"contentUrl\":\"https:\\\/\\\/www.organisator.ch\\\/wp-content\\\/uploads\\\/2023\\\/08\\\/Angestelltenverbaende-fordern-bis-zu-45-Prozent-mehr-Lohn_Organisator.jpg\",\"width\":680,\"height\":551,\"caption\":\"Vor allem Angestellte im Tieflohnbereich, etwa Reinigungskr\u00e4fte, sollen 300 Franken pro Monat mehr erhalten, fordern Angestelltenverb\u00e4nde. (Bild: Unsplash.com)\"},{\"@type\":\"BreadcrumbList\",\"@id\":\"https:\\\/\\\/www.organisator.ch\\\/human-resources\\\/2023-08-10\\\/angestelltenverbaende-fordern-bis-zu-45-prozent-mehr-lohn\\\/#breadcrumb\",\"itemListElement\":[{\"@type\":\"ListItem\",\"position\":1,\"name\":\"Home\",\"item\":\"https:\\\/\\\/www.organisator.ch\\\/\"},{\"@type\":\"ListItem\",\"position\":2,\"name\":\"Angestelltenverb\u00e4nde fordern bis zu 4,5 Prozent mehr Lohn\"}]},{\"@type\":\"WebSite\",\"@id\":\"https:\\\/\\\/www.organisator.ch\\\/#website\",\"url\":\"https:\\\/\\\/www.organisator.ch\\\/\",\"name\":\"Organisator\",\"description\":\"Kompetent. Praxisnah. Der ORGANISATOR bereitet in 10 Ausgaben pro Jahr die wesentlichen Themen f\u00fcr F\u00fchrungskr\u00e4fte von KMU auf.\",\"publisher\":{\"@id\":\"https:\\\/\\\/www.organisator.ch\\\/#organization\"},\"potentialAction\":[{\"@type\":\"SearchAction\",\"target\":{\"@type\":\"EntryPoint\",\"urlTemplate\":\"https:\\\/\\\/www.organisator.ch\\\/?s={search_term_string}\"},\"query-input\":{\"@type\":\"PropertyValueSpecification\",\"valueRequired\":true,\"valueName\":\"search_term_string\"}}],\"inLanguage\":\"it-IT\"},{\"@type\":\"Organization\",\"@id\":\"https:\\\/\\\/www.organisator.ch\\\/#organization\",\"name\":\"Organisator\",\"url\":\"https:\\\/\\\/www.organisator.ch\\\/\",\"logo\":{\"@type\":\"ImageObject\",\"inLanguage\":\"it-IT\",\"@id\":\"https:\\\/\\\/www.organisator.ch\\\/#\\\/schema\\\/logo\\\/image\\\/\",\"url\":\"https:\\\/\\\/www.organisator.ch\\\/wp-content\\\/uploads\\\/2022\\\/01\\\/Logo_Organisator_Website.png\",\"contentUrl\":\"https:\\\/\\\/www.organisator.ch\\\/wp-content\\\/uploads\\\/2022\\\/01\\\/Logo_Organisator_Website.png\",\"width\":800,\"height\":77,\"caption\":\"Organisator\"},\"image\":{\"@id\":\"https:\\\/\\\/www.organisator.ch\\\/#\\\/schema\\\/logo\\\/image\\\/\"},\"sameAs\":[\"https:\\\/\\\/www.facebook.com\\\/OrganisatorFachmagazin\",\"https:\\\/\\\/www.linkedin.com\\\/showcase\\\/organisator-das-magazin-fr-kmu\",\"https:\\\/\\\/www.xing.com\\\/news\\\/pages\\\/organisator-ch-695\",\"https:\\\/\\\/www.youtube.com\\\/channel\\\/UCGP2Sq0iWaZwT3BdIAQFYpw\"]},{\"@type\":\"Person\",\"@id\":\"https:\\\/\\\/www.organisator.ch\\\/#\\\/schema\\\/person\\\/6f650f90b2842cd4c0cc334b4e36f67e\",\"name\":\"thomas.berner\",\"image\":{\"@type\":\"ImageObject\",\"inLanguage\":\"it-IT\",\"@id\":\"https:\\\/\\\/secure.gravatar.com\\\/avatar\\\/ac5001d2a36cb6c6cd3e50789007ffca834b477b74a2144564522e944eabff61?s=96&d=mm&r=g\",\"url\":\"https:\\\/\\\/secure.gravatar.com\\\/avatar\\\/ac5001d2a36cb6c6cd3e50789007ffca834b477b74a2144564522e944eabff61?s=96&d=mm&r=g\",\"contentUrl\":\"https:\\\/\\\/secure.gravatar.com\\\/avatar\\\/ac5001d2a36cb6c6cd3e50789007ffca834b477b74a2144564522e944eabff61?s=96&d=mm&r=g\",\"caption\":\"thomas.berner\"},\"url\":\"https:\\\/\\\/www.organisator.ch\\\/it\\\/author\\\/thomas-berner\\\/\"}]}<\/script>\n<!-- \/ Yoast SEO plugin. -->","yoast_head_json":{"title":"Le associazioni dei lavoratori chiedono un aumento salariale fino al 4,5% - Organiser","description":"Le due associazioni dei lavoratori Kaufm\u00e4nnischer Verband Schweiz e Angestellte Schweiz chiedono un adeguamento dei salari per il 2024.","robots":{"index":"index","follow":"follow","max-snippet":"max-snippet:-1","max-image-preview":"max-image-preview:large","max-video-preview":"max-video-preview:-1"},"canonical":"https:\/\/www.organisator.ch\/it\/risorse-umane\/2023-08-10\/angestelltenverbaende-fordern-bis-zu-45-prozent-mehr-lohn\/","og_locale":"it_IT","og_type":"article","og_title":"Angestelltenverb\u00e4nde fordern bis zu 4,5 Prozent mehr Lohn","og_description":"Die beiden Angestelltenverb\u00e4nde Kaufm\u00e4nnischer Verband Schweiz und Angestellte Schweiz fordern Lohnanpassungen f\u00fcr 2024.","og_url":"https:\/\/www.organisator.ch\/it\/risorse-umane\/2023-08-10\/angestelltenverbaende-fordern-bis-zu-45-prozent-mehr-lohn\/","og_site_name":"Organisator","article_publisher":"https:\/\/www.facebook.com\/OrganisatorFachmagazin","article_published_time":"2023-08-10T08:35:01+00:00","og_image":[{"width":680,"height":551,"url":"https:\/\/www.organisator.ch\/wp-content\/uploads\/2023\/08\/Angestelltenverbaende-fordern-bis-zu-45-Prozent-mehr-Lohn_Organisator.jpg","type":"image\/jpeg"}],"author":"thomas.berner","twitter_card":"summary_large_image","twitter_title":"#Angestelltenverb\u00e4nde fordern bis zu 4,5 Prozent mehr #Lohn","twitter_description":"Die beiden #Angestelltenverb\u00e4nde Kaufm\u00e4nnischer Verband Schweiz und Angestellte Schweiz fordern #Lohnanpassungen f\u00fcr 2024.","twitter_image":"https:\/\/www.organisator.ch\/wp-content\/uploads\/2023\/08\/Angestelltenverbaende-fordern-bis-zu-45-Prozent-mehr-Lohn_Organisator.jpg","schema":{"@context":"https:\/\/schema.org","@graph":[{"@type":"Article","@id":"https:\/\/www.organisator.ch\/human-resources\/2023-08-10\/angestelltenverbaende-fordern-bis-zu-45-prozent-mehr-lohn\/#article","isPartOf":{"@id":"https:\/\/www.organisator.ch\/human-resources\/2023-08-10\/angestelltenverbaende-fordern-bis-zu-45-prozent-mehr-lohn\/"},"author":{"name":"thomas.berner","@id":"https:\/\/www.organisator.ch\/#\/schema\/person\/6f650f90b2842cd4c0cc334b4e36f67e"},"headline":"Angestelltenverb\u00e4nde fordern bis zu 4,5 Prozent mehr Lohn","datePublished":"2023-08-10T08:35:01+00:00","mainEntityOfPage":{"@id":"https:\/\/www.organisator.ch\/human-resources\/2023-08-10\/angestelltenverbaende-fordern-bis-zu-45-prozent-mehr-lohn\/"},"wordCount":493,"publisher":{"@id":"https:\/\/www.organisator.ch\/#organization"},"image":{"@id":"https:\/\/www.organisator.ch\/human-resources\/2023-08-10\/angestelltenverbaende-fordern-bis-zu-45-prozent-mehr-lohn\/#primaryimage"},"thumbnailUrl":"https:\/\/www.organisator.ch\/wp-content\/uploads\/2023\/08\/Angestelltenverbaende-fordern-bis-zu-45-Prozent-mehr-Lohn_Organisator.jpg","keywords":["Angestellte","L\u00f6hne","Verb\u00e4nde"],"articleSection":["HUMAN RESOURCES"],"inLanguage":"it-IT"},{"@type":"WebPage","@id":"https:\/\/www.organisator.ch\/human-resources\/2023-08-10\/angestelltenverbaende-fordern-bis-zu-45-prozent-mehr-lohn\/","url":"https:\/\/www.organisator.ch\/human-resources\/2023-08-10\/angestelltenverbaende-fordern-bis-zu-45-prozent-mehr-lohn\/","name":"Le associazioni dei lavoratori chiedono un aumento salariale fino al 4,5% - Organiser","isPartOf":{"@id":"https:\/\/www.organisator.ch\/#website"},"primaryImageOfPage":{"@id":"https:\/\/www.organisator.ch\/human-resources\/2023-08-10\/angestelltenverbaende-fordern-bis-zu-45-prozent-mehr-lohn\/#primaryimage"},"image":{"@id":"https:\/\/www.organisator.ch\/human-resources\/2023-08-10\/angestelltenverbaende-fordern-bis-zu-45-prozent-mehr-lohn\/#primaryimage"},"thumbnailUrl":"https:\/\/www.organisator.ch\/wp-content\/uploads\/2023\/08\/Angestelltenverbaende-fordern-bis-zu-45-Prozent-mehr-Lohn_Organisator.jpg","datePublished":"2023-08-10T08:35:01+00:00","description":"Le due associazioni dei lavoratori Kaufm\u00e4nnischer Verband Schweiz e Angestellte Schweiz chiedono un adeguamento dei salari per il 2024.","breadcrumb":{"@id":"https:\/\/www.organisator.ch\/human-resources\/2023-08-10\/angestelltenverbaende-fordern-bis-zu-45-prozent-mehr-lohn\/#breadcrumb"},"inLanguage":"it-IT","potentialAction":[{"@type":"ReadAction","target":["https:\/\/www.organisator.ch\/human-resources\/2023-08-10\/angestelltenverbaende-fordern-bis-zu-45-prozent-mehr-lohn\/"]}]},{"@type":"ImageObject","inLanguage":"it-IT","@id":"https:\/\/www.organisator.ch\/human-resources\/2023-08-10\/angestelltenverbaende-fordern-bis-zu-45-prozent-mehr-lohn\/#primaryimage","url":"https:\/\/www.organisator.ch\/wp-content\/uploads\/2023\/08\/Angestelltenverbaende-fordern-bis-zu-45-Prozent-mehr-Lohn_Organisator.jpg","contentUrl":"https:\/\/www.organisator.ch\/wp-content\/uploads\/2023\/08\/Angestelltenverbaende-fordern-bis-zu-45-Prozent-mehr-Lohn_Organisator.jpg","width":680,"height":551,"caption":"Vor allem Angestellte im Tieflohnbereich, etwa Reinigungskr\u00e4fte, sollen 300 Franken pro Monat mehr erhalten, fordern Angestelltenverb\u00e4nde. (Bild: Unsplash.com)"},{"@type":"BreadcrumbList","@id":"https:\/\/www.organisator.ch\/human-resources\/2023-08-10\/angestelltenverbaende-fordern-bis-zu-45-prozent-mehr-lohn\/#breadcrumb","itemListElement":[{"@type":"ListItem","position":1,"name":"Home","item":"https:\/\/www.organisator.ch\/"},{"@type":"ListItem","position":2,"name":"Angestelltenverb\u00e4nde fordern bis zu 4,5 Prozent mehr Lohn"}]},{"@type":"WebSite","@id":"https:\/\/www.organisator.ch\/#website","url":"https:\/\/www.organisator.ch\/","name":"Organizzatore","description":"Competente. Pratico. In 10 numeri all'anno, ORGANISATOR presenta i temi essenziali per i manager delle PMI.","publisher":{"@id":"https:\/\/www.organisator.ch\/#organization"},"potentialAction":[{"@type":"SearchAction","target":{"@type":"EntryPoint","urlTemplate":"https:\/\/www.organisator.ch\/?s={search_term_string}"},"query-input":{"@type":"PropertyValueSpecification","valueRequired":true,"valueName":"search_term_string"}}],"inLanguage":"it-IT"},{"@type":"Organization","@id":"https:\/\/www.organisator.ch\/#organization","name":"Organizzatore","url":"https:\/\/www.organisator.ch\/","logo":{"@type":"ImageObject","inLanguage":"it-IT","@id":"https:\/\/www.organisator.ch\/#\/schema\/logo\/image\/","url":"https:\/\/www.organisator.ch\/wp-content\/uploads\/2022\/01\/Logo_Organisator_Website.png","contentUrl":"https:\/\/www.organisator.ch\/wp-content\/uploads\/2022\/01\/Logo_Organisator_Website.png","width":800,"height":77,"caption":"Organisator"},"image":{"@id":"https:\/\/www.organisator.ch\/#\/schema\/logo\/image\/"},"sameAs":["https:\/\/www.facebook.com\/OrganisatorFachmagazin","https:\/\/www.linkedin.com\/showcase\/organisator-das-magazin-fr-kmu","https:\/\/www.xing.com\/news\/pages\/organisator-ch-695","https:\/\/www.youtube.com\/channel\/UCGP2Sq0iWaZwT3BdIAQFYpw"]},{"@type":"Person","@id":"https:\/\/www.organisator.ch\/#\/schema\/person\/6f650f90b2842cd4c0cc334b4e36f67e","name":"Tommaso.berner","image":{"@type":"ImageObject","inLanguage":"it-IT","@id":"https:\/\/secure.gravatar.com\/avatar\/ac5001d2a36cb6c6cd3e50789007ffca834b477b74a2144564522e944eabff61?s=96&d=mm&r=g","url":"https:\/\/secure.gravatar.com\/avatar\/ac5001d2a36cb6c6cd3e50789007ffca834b477b74a2144564522e944eabff61?s=96&d=mm&r=g","contentUrl":"https:\/\/secure.gravatar.com\/avatar\/ac5001d2a36cb6c6cd3e50789007ffca834b477b74a2144564522e944eabff61?s=96&d=mm&r=g","caption":"thomas.berner"},"url":"https:\/\/www.organisator.ch\/it\/author\/thomas-berner\/"}]}},"_links":{"self":[{"href":"https:\/\/www.organisator.ch\/it\/wp-json\/wp\/v2\/posts\/21263","targetHints":{"allow":["GET"]}}],"collection":[{"href":"https:\/\/www.organisator.ch\/it\/wp-json\/wp\/v2\/posts"}],"about":[{"href":"https:\/\/www.organisator.ch\/it\/wp-json\/wp\/v2\/types\/post"}],"author":[{"embeddable":true,"href":"https:\/\/www.organisator.ch\/it\/wp-json\/wp\/v2\/users\/4"}],"replies":[{"embeddable":true,"href":"https:\/\/www.organisator.ch\/it\/wp-json\/wp\/v2\/comments?post=21263"}],"version-history":[{"count":1,"href":"https:\/\/www.organisator.ch\/it\/wp-json\/wp\/v2\/posts\/21263\/revisions"}],"predecessor-version":[{"id":21265,"href":"https:\/\/www.organisator.ch\/it\/wp-json\/wp\/v2\/posts\/21263\/revisions\/21265"}],"wp:featuredmedia":[{"embeddable":true,"href":"https:\/\/www.organisator.ch\/it\/wp-json\/wp\/v2\/media\/21264"}],"wp:attachment":[{"href":"https:\/\/www.organisator.ch\/it\/wp-json\/wp\/v2\/media?parent=21263"}],"wp:term":[{"taxonomy":"category","embeddable":true,"href":"https:\/\/www.organisator.ch\/it\/wp-json\/wp\/v2\/categories?post=21263"},{"taxonomy":"post_tag","embeddable":true,"href":"https:\/\/www.organisator.ch\/it\/wp-json\/wp\/v2\/tags?post=21263"}],"curies":[{"name":"wp","href":"https:\/\/api.w.org\/{rel}","templated":true}]}}