{"id":21315,"date":"2023-08-10T16:09:40","date_gmt":"2023-08-10T14:09:40","guid":{"rendered":"https:\/\/www.werbewoche.ch\/?p=201111"},"modified":"2024-11-14T13:54:25","modified_gmt":"2024-11-14T12:54:25","slug":"dei-so-schneidet-die-schweizer-branche-im-internationalen-vergleich-ab","status":"publish","type":"post","link":"https:\/\/www.organisator.ch\/it\/marketing\/2023-08-10\/dei-so-schneidet-die-schweizer-branche-im-internationalen-vergleich-ab\/","title":{"rendered":"DEI: Come l'industria svizzera si confronta a livello internazionale"},"content":{"rendered":"<p><img class=\"aligncenter wp-image-201117 size-full\" src=\"https:\/\/www.werbewoche.ch\/wp-content\/uploads\/2023\/08\/global-dei-census-2023-switzerland-1.jpg\" alt=\"Studio DEI\" width=\"1200\" height=\"900\" \/><\/p>\r\n<p>Lo studio \u00e8 stato condotto questa primavera in 91 Paesi con circa 13.000 persone, di cui 224 in Svizzera. Complessivamente, hanno partecipato pi\u00f9 donne (63% nel mondo, 57% in Svizzera) che uomini (37% nel mondo, 43% in Svizzera). Ci\u00f2 indica che il tema DEI - acronimo di Diversity, Equality and Inclusion - potrebbe essere pi\u00f9 rilevante per le donne.<\/p>\r\n<h3><strong>Il DEI \u00e8 un motivo per smettere per quasi ogni settima persona<\/strong><\/h3>\r\n<p>I risultati dello studio mostrano che circa il 14% dei professionisti del marketing intervistati in tutto il mondo vorrebbe lasciare il settore a causa della mancanza di diversit\u00e0, uguaglianza e inclusione. In Svizzera, circa l'8% degli intervistati vorrebbe lasciare il settore. Questa percentuale sale all'11% per le persone con disabilit\u00e0 e al 17% per le persone LGBQ+.<\/p>\r\n<figure id=\"attachment_201115\" class=\"wp-caption aligncenter\" style=\"width: 1200px\" aria-describedby=\"caption-attachment-201115\"><img class=\"wp-image-201115 size-full\" src=\"https:\/\/www.werbewoche.ch\/wp-content\/uploads\/2023\/08\/global-dei-census-2023-switzerland-14.jpg\" alt=\"\" width=\"1200\" height=\"584\" \/>\r\n<figcaption id=\"caption-attachment-201115\" class=\"wp-caption-text\">(Grafica: Rapporto di mercato sul censimento globale DEI in Svizzera)<\/figcaption>\r\n<\/figure>\r\n<h3><strong>Le aziende svizzere fanno progressi sulla DEI<\/strong><\/h3>\r\n<p>Sulla base delle risposte alle domande relative al benessere, ai comportamenti positivi e all'assenza di discriminazione, l'indice di inclusione globale DEI \u00e8 pari al 63% a livello mondiale. La Svizzera ottiene un punteggio superiore alla media e si colloca al di sopra della media globale con un indice del 70%. L'indice di inclusione \u00e8 composto da tre sottoindici, \"senso di appartenenza\", \"assenza di discriminazione\" e \"presenza di comportamenti avvilenti\", basati sulla percezione dei dipendenti del loro ambiente di lavoro e dell'azienda.<\/p>\r\n<p>In questo contesto, il 57% degli operatori di mercato svizzeri intervistati concorda con l'affermazione che la propria azienda sta compiendo passi attivi verso una maggiore diversit\u00e0 e uguaglianza. Il 49% ritiene che la situazione sia migliorata per quanto riguarda la DEI rispetto agli ultimi due anni.<\/p>\r\n<p><img class=\"aligncenter size-full wp-image-201114\" src=\"https:\/\/www.werbewoche.ch\/wp-content\/uploads\/2023\/08\/global-dei-census-2023-switzerland-13.jpg\" alt=\"\" width=\"1200\" height=\"320\" \/><\/p>\r\n<p>Secondo lo studio, tutti i gruppi minoritari sono relativamente ben rappresentati nell'industria pubblicitaria svizzera, rispetto ai dati globali. Solo le persone con disabilit\u00e0 sono sottorappresentate, con il 6%, rispetto a una media internazionale del 22%.<\/p>\r\n<h3><strong>I motivi di discriminazione pi\u00f9 comuni: Et\u00e0, sesso e stato civile<\/strong><\/h3>\r\n<p>A livello globale, l'et\u00e0, il genere e lo stato civile sono citati come le forme di discriminazione pi\u00f9 comuni nello studio. Il 41% delle donne, il 42% dei genitori e il 39% delle persone a carico ritengono che le responsabilit\u00e0 familiari ostacolino la carriera.<\/p>\r\n<p>\u00c8 particolarmente interessante notare che sia il 12% dei 18-24enni che il 15% dei 55-64enni affermano di aver subito discriminazioni a causa della loro et\u00e0. Alcuni perch\u00e9 troppo inesperti, altri perch\u00e9 troppo anziani.<\/p>\r\n<p>La situazione \u00e8 molto simile in Svizzera: il 22% degli intervistati ritiene che l'et\u00e0 sia un ostacolo. Questa percentuale sale al 28% tra gli intervistati di et\u00e0 compresa tra i 44 e i 54 anni. Inoltre, il 44% di coloro che hanno figli a carico ritiene che lo stato civile ostacoli la carriera nella propria azienda.<\/p>\r\n<h3><strong>Differenze salariali significative in Svizzera<\/strong><\/h3>\r\n<p>Lo studio mostra un notevole divario retributivo per le donne in tutte le posizioni in Svizzera: -22% a livello di management esecutivo, -9% a livello senior, un considerevole -32% a livello professionale e -2% a livello junior.<\/p>\r\n<p><img class=\"aligncenter size-full wp-image-201116\" src=\"https:\/\/www.werbewoche.ch\/wp-content\/uploads\/2023\/08\/global-dei-census-2023-switzerland-19.jpg\" alt=\"\" width=\"1200\" height=\"582\" \/><\/p>\r\n<p>Per le minoranze etniche, questo divario retributivo esiste solo ai livelli pi\u00f9 bassi, con -25% a livello junior. Una possibile ragione potrebbe essere che i nuovi dipendenti non hanno sufficiente familiarit\u00e0 con la struttura salariale. Non sono state riscontrate differenze corrispondenti agli altri livelli di funzione.<\/p>\r\n<p><img class=\"aligncenter size-full wp-image-201112\" src=\"https:\/\/www.werbewoche.ch\/wp-content\/uploads\/2023\/08\/global-dei-census-2023-switzerland-21.jpg\" alt=\"\" width=\"1200\" height=\"637\" \/><\/p>\r\n<hr \/>\r\n<p><em>Gli interessati possono scaricare l'intero studio dal sito web della SWA. I risultati internazionali su <strong>\"Il censimento globale DEI 2023\"<\/strong><\/em> <em>ci sono <a href=\"https:\/\/swa-asa.ch\/wAssets\/docs\/wissen\/de\/studien-reports\/wfa-the-global-dei-census-2023-main-findings.pdf\">qui<\/a>. La \"Deep Dive\" Svizzera \u00e8 disponibile <a href=\"https:\/\/swa-asa.ch\/wAssets\/docs\/wissen\/de\/studien-reports\/global-dei-census-2023-switzerland.pdf\">qui<\/a>.<\/em><\/p>","protected":false},"excerpt":{"rendered":"<p>Il \"Global DEI Census\" della World Federation of Advertising WFA esamina ogni due anni la situazione del settore pubblicitario internazionale in termini di diversit\u00e0, uguaglianza e inclusione. L'Associazione svizzera dei pubblicitari SWA presenta i risultati globali e svizzeri in dettaglio.<\/p>","protected":false},"author":8,"featured_media":0,"comment_status":"closed","ping_status":"closed","sticky":false,"template":"","format":"standard","meta":{"_acf_changed":false,"_yoast_wpseo_focuskw":"DEI-Studie","_yoast_wpseo_metadesc":"DEI-Studie 2023: Fortschritte in Schweizer Unternehmen und Herausforderungen f\u00fcr Diversity und Inklusion.","articlekey":"","footnotes":""},"categories":[29],"tags":[3872],"class_list":["post-21315","post","type-post","status-publish","format-standard","hentry","category-marketing","tag-schweizer-werbe-auftraggeberverband-swa"],"acf":[],"yoast_head":"<!-- This site is optimized with the Yoast SEO plugin v27.5 - https:\/\/yoast.com\/product\/yoast-seo-wordpress\/ -->\n<title>DEI: So schneidet die Schweizer Branche im internationalen Vergleich ab - Organisator<\/title>\n<meta name=\"description\" content=\"DEI-Studie 2023: Fortschritte in Schweizer Unternehmen und Herausforderungen f\u00fcr Diversity und Inklusion.\" \/>\n<meta name=\"robots\" content=\"index, follow, max-snippet:-1, max-image-preview:large, max-video-preview:-1\" \/>\n<link rel=\"canonical\" href=\"https:\/\/www.organisator.ch\/it\/marketing\/2023-08-10\/dei-so-schneidet-die-schweizer-branche-im-internationalen-vergleich-ab\/\" \/>\n<meta property=\"og:locale\" content=\"it_IT\" \/>\n<meta property=\"og:type\" content=\"article\" \/>\n<meta property=\"og:title\" content=\"DEI: So schneidet die Schweizer Branche im internationalen Vergleich ab - Organisator\" \/>\n<meta property=\"og:description\" content=\"DEI-Studie 2023: Fortschritte in Schweizer Unternehmen und Herausforderungen f\u00fcr Diversity und Inklusion.\" \/>\n<meta property=\"og:url\" content=\"https:\/\/www.organisator.ch\/it\/marketing\/2023-08-10\/dei-so-schneidet-die-schweizer-branche-im-internationalen-vergleich-ab\/\" \/>\n<meta property=\"og:site_name\" content=\"Organisator\" \/>\n<meta property=\"article:publisher\" content=\"https:\/\/www.facebook.com\/OrganisatorFachmagazin\" \/>\n<meta property=\"article:published_time\" content=\"2023-08-10T14:09:40+00:00\" \/>\n<meta property=\"article:modified_time\" content=\"2024-11-14T12:54:25+00:00\" \/>\n<meta name=\"author\" content=\"galledia\" \/>\n<meta name=\"twitter:card\" content=\"summary_large_image\" \/>\n<meta name=\"twitter:creator\" content=\"@admin\" \/>\n<script type=\"application\/ld+json\" class=\"yoast-schema-graph\">{\"@context\":\"https:\\\/\\\/schema.org\",\"@graph\":[{\"@type\":\"Article\",\"@id\":\"https:\\\/\\\/www.organisator.ch\\\/marketing\\\/2023-08-10\\\/dei-so-schneidet-die-schweizer-branche-im-internationalen-vergleich-ab\\\/#article\",\"isPartOf\":{\"@id\":\"https:\\\/\\\/www.organisator.ch\\\/marketing\\\/2023-08-10\\\/dei-so-schneidet-die-schweizer-branche-im-internationalen-vergleich-ab\\\/\"},\"author\":{\"name\":\"galledia\",\"@id\":\"https:\\\/\\\/www.organisator.ch\\\/#\\\/schema\\\/person\\\/4e51799071cd2dd1232ac003643ef5f0\"},\"headline\":\"DEI: So schneidet die Schweizer Branche im internationalen Vergleich ab\",\"datePublished\":\"2023-08-10T14:09:40+00:00\",\"dateModified\":\"2024-11-14T12:54:25+00:00\",\"mainEntityOfPage\":{\"@id\":\"https:\\\/\\\/www.organisator.ch\\\/marketing\\\/2023-08-10\\\/dei-so-schneidet-die-schweizer-branche-im-internationalen-vergleich-ab\\\/\"},\"wordCount\":565,\"publisher\":{\"@id\":\"https:\\\/\\\/www.organisator.ch\\\/#organization\"},\"image\":{\"@id\":\"https:\\\/\\\/www.organisator.ch\\\/marketing\\\/2023-08-10\\\/dei-so-schneidet-die-schweizer-branche-im-internationalen-vergleich-ab\\\/#primaryimage\"},\"thumbnailUrl\":\"https:\\\/\\\/www.werbewoche.ch\\\/wp-content\\\/uploads\\\/2023\\\/08\\\/global-dei-census-2023-switzerland-1.jpg\",\"keywords\":[\"Schweizer Werbe-Auftraggeberverband SWA\"],\"articleSection\":[\"MARKETING\"],\"inLanguage\":\"it-IT\"},{\"@type\":\"WebPage\",\"@id\":\"https:\\\/\\\/www.organisator.ch\\\/marketing\\\/2023-08-10\\\/dei-so-schneidet-die-schweizer-branche-im-internationalen-vergleich-ab\\\/\",\"url\":\"https:\\\/\\\/www.organisator.ch\\\/marketing\\\/2023-08-10\\\/dei-so-schneidet-die-schweizer-branche-im-internationalen-vergleich-ab\\\/\",\"name\":\"DEI: So schneidet die Schweizer Branche im internationalen Vergleich ab - Organisator\",\"isPartOf\":{\"@id\":\"https:\\\/\\\/www.organisator.ch\\\/#website\"},\"primaryImageOfPage\":{\"@id\":\"https:\\\/\\\/www.organisator.ch\\\/marketing\\\/2023-08-10\\\/dei-so-schneidet-die-schweizer-branche-im-internationalen-vergleich-ab\\\/#primaryimage\"},\"image\":{\"@id\":\"https:\\\/\\\/www.organisator.ch\\\/marketing\\\/2023-08-10\\\/dei-so-schneidet-die-schweizer-branche-im-internationalen-vergleich-ab\\\/#primaryimage\"},\"thumbnailUrl\":\"https:\\\/\\\/www.werbewoche.ch\\\/wp-content\\\/uploads\\\/2023\\\/08\\\/global-dei-census-2023-switzerland-1.jpg\",\"datePublished\":\"2023-08-10T14:09:40+00:00\",\"dateModified\":\"2024-11-14T12:54:25+00:00\",\"description\":\"DEI-Studie 2023: Fortschritte in Schweizer Unternehmen und Herausforderungen f\u00fcr Diversity und Inklusion.\",\"breadcrumb\":{\"@id\":\"https:\\\/\\\/www.organisator.ch\\\/marketing\\\/2023-08-10\\\/dei-so-schneidet-die-schweizer-branche-im-internationalen-vergleich-ab\\\/#breadcrumb\"},\"inLanguage\":\"it-IT\",\"potentialAction\":[{\"@type\":\"ReadAction\",\"target\":[\"https:\\\/\\\/www.organisator.ch\\\/marketing\\\/2023-08-10\\\/dei-so-schneidet-die-schweizer-branche-im-internationalen-vergleich-ab\\\/\"]}]},{\"@type\":\"ImageObject\",\"inLanguage\":\"it-IT\",\"@id\":\"https:\\\/\\\/www.organisator.ch\\\/marketing\\\/2023-08-10\\\/dei-so-schneidet-die-schweizer-branche-im-internationalen-vergleich-ab\\\/#primaryimage\",\"url\":\"https:\\\/\\\/www.werbewoche.ch\\\/wp-content\\\/uploads\\\/2023\\\/08\\\/global-dei-census-2023-switzerland-1.jpg\",\"contentUrl\":\"https:\\\/\\\/www.werbewoche.ch\\\/wp-content\\\/uploads\\\/2023\\\/08\\\/global-dei-census-2023-switzerland-1.jpg\"},{\"@type\":\"BreadcrumbList\",\"@id\":\"https:\\\/\\\/www.organisator.ch\\\/marketing\\\/2023-08-10\\\/dei-so-schneidet-die-schweizer-branche-im-internationalen-vergleich-ab\\\/#breadcrumb\",\"itemListElement\":[{\"@type\":\"ListItem\",\"position\":1,\"name\":\"Home\",\"item\":\"https:\\\/\\\/www.organisator.ch\\\/\"},{\"@type\":\"ListItem\",\"position\":2,\"name\":\"DEI: So schneidet die Schweizer Branche im internationalen Vergleich ab\"}]},{\"@type\":\"WebSite\",\"@id\":\"https:\\\/\\\/www.organisator.ch\\\/#website\",\"url\":\"https:\\\/\\\/www.organisator.ch\\\/\",\"name\":\"Organisator\",\"description\":\"Kompetent. Praxisnah. Der ORGANISATOR bereitet in 10 Ausgaben pro Jahr die wesentlichen Themen f\u00fcr F\u00fchrungskr\u00e4fte von KMU auf.\",\"publisher\":{\"@id\":\"https:\\\/\\\/www.organisator.ch\\\/#organization\"},\"potentialAction\":[{\"@type\":\"SearchAction\",\"target\":{\"@type\":\"EntryPoint\",\"urlTemplate\":\"https:\\\/\\\/www.organisator.ch\\\/?s={search_term_string}\"},\"query-input\":{\"@type\":\"PropertyValueSpecification\",\"valueRequired\":true,\"valueName\":\"search_term_string\"}}],\"inLanguage\":\"it-IT\"},{\"@type\":\"Organization\",\"@id\":\"https:\\\/\\\/www.organisator.ch\\\/#organization\",\"name\":\"Organisator\",\"url\":\"https:\\\/\\\/www.organisator.ch\\\/\",\"logo\":{\"@type\":\"ImageObject\",\"inLanguage\":\"it-IT\",\"@id\":\"https:\\\/\\\/www.organisator.ch\\\/#\\\/schema\\\/logo\\\/image\\\/\",\"url\":\"https:\\\/\\\/www.organisator.ch\\\/wp-content\\\/uploads\\\/2022\\\/01\\\/Logo_Organisator_Website.png\",\"contentUrl\":\"https:\\\/\\\/www.organisator.ch\\\/wp-content\\\/uploads\\\/2022\\\/01\\\/Logo_Organisator_Website.png\",\"width\":800,\"height\":77,\"caption\":\"Organisator\"},\"image\":{\"@id\":\"https:\\\/\\\/www.organisator.ch\\\/#\\\/schema\\\/logo\\\/image\\\/\"},\"sameAs\":[\"https:\\\/\\\/www.facebook.com\\\/OrganisatorFachmagazin\",\"https:\\\/\\\/www.linkedin.com\\\/showcase\\\/organisator-das-magazin-fr-kmu\",\"https:\\\/\\\/www.xing.com\\\/news\\\/pages\\\/organisator-ch-695\",\"https:\\\/\\\/www.youtube.com\\\/channel\\\/UCGP2Sq0iWaZwT3BdIAQFYpw\"]},{\"@type\":\"Person\",\"@id\":\"https:\\\/\\\/www.organisator.ch\\\/#\\\/schema\\\/person\\\/4e51799071cd2dd1232ac003643ef5f0\",\"name\":\"galledia\",\"image\":{\"@type\":\"ImageObject\",\"inLanguage\":\"it-IT\",\"@id\":\"https:\\\/\\\/secure.gravatar.com\\\/avatar\\\/78a7f90c01fc2bfc875782a0d4922b37cde2cf184ce347b91316d23cd7f69a36?s=96&d=mm&r=g\",\"url\":\"https:\\\/\\\/secure.gravatar.com\\\/avatar\\\/78a7f90c01fc2bfc875782a0d4922b37cde2cf184ce347b91316d23cd7f69a36?s=96&d=mm&r=g\",\"contentUrl\":\"https:\\\/\\\/secure.gravatar.com\\\/avatar\\\/78a7f90c01fc2bfc875782a0d4922b37cde2cf184ce347b91316d23cd7f69a36?s=96&d=mm&r=g\",\"caption\":\"galledia\"},\"sameAs\":[\"https:\\\/\\\/x.com\\\/admin\"],\"url\":\"https:\\\/\\\/www.organisator.ch\\\/it\\\/author\\\/galledia\\\/\"}]}<\/script>\n<!-- \/ Yoast SEO plugin. -->","yoast_head_json":{"title":"DEI: Come l'industria svizzera si confronta a livello internazionale - Organizzatore","description":"Studio DEI 2023: Progressi nelle aziende svizzere e sfide per la diversit\u00e0 e l'inclusione.","robots":{"index":"index","follow":"follow","max-snippet":"max-snippet:-1","max-image-preview":"max-image-preview:large","max-video-preview":"max-video-preview:-1"},"canonical":"https:\/\/www.organisator.ch\/it\/marketing\/2023-08-10\/dei-so-schneidet-die-schweizer-branche-im-internationalen-vergleich-ab\/","og_locale":"it_IT","og_type":"article","og_title":"DEI: So schneidet die Schweizer Branche im internationalen Vergleich ab - Organisator","og_description":"DEI-Studie 2023: Fortschritte in Schweizer Unternehmen und Herausforderungen f\u00fcr Diversity und Inklusion.","og_url":"https:\/\/www.organisator.ch\/it\/marketing\/2023-08-10\/dei-so-schneidet-die-schweizer-branche-im-internationalen-vergleich-ab\/","og_site_name":"Organisator","article_publisher":"https:\/\/www.facebook.com\/OrganisatorFachmagazin","article_published_time":"2023-08-10T14:09:40+00:00","article_modified_time":"2024-11-14T12:54:25+00:00","author":"galledia","twitter_card":"summary_large_image","twitter_creator":"@admin","schema":{"@context":"https:\/\/schema.org","@graph":[{"@type":"Article","@id":"https:\/\/www.organisator.ch\/marketing\/2023-08-10\/dei-so-schneidet-die-schweizer-branche-im-internationalen-vergleich-ab\/#article","isPartOf":{"@id":"https:\/\/www.organisator.ch\/marketing\/2023-08-10\/dei-so-schneidet-die-schweizer-branche-im-internationalen-vergleich-ab\/"},"author":{"name":"galledia","@id":"https:\/\/www.organisator.ch\/#\/schema\/person\/4e51799071cd2dd1232ac003643ef5f0"},"headline":"DEI: So schneidet die Schweizer Branche im internationalen Vergleich ab","datePublished":"2023-08-10T14:09:40+00:00","dateModified":"2024-11-14T12:54:25+00:00","mainEntityOfPage":{"@id":"https:\/\/www.organisator.ch\/marketing\/2023-08-10\/dei-so-schneidet-die-schweizer-branche-im-internationalen-vergleich-ab\/"},"wordCount":565,"publisher":{"@id":"https:\/\/www.organisator.ch\/#organization"},"image":{"@id":"https:\/\/www.organisator.ch\/marketing\/2023-08-10\/dei-so-schneidet-die-schweizer-branche-im-internationalen-vergleich-ab\/#primaryimage"},"thumbnailUrl":"https:\/\/www.werbewoche.ch\/wp-content\/uploads\/2023\/08\/global-dei-census-2023-switzerland-1.jpg","keywords":["Schweizer Werbe-Auftraggeberverband SWA"],"articleSection":["MARKETING"],"inLanguage":"it-IT"},{"@type":"WebPage","@id":"https:\/\/www.organisator.ch\/marketing\/2023-08-10\/dei-so-schneidet-die-schweizer-branche-im-internationalen-vergleich-ab\/","url":"https:\/\/www.organisator.ch\/marketing\/2023-08-10\/dei-so-schneidet-die-schweizer-branche-im-internationalen-vergleich-ab\/","name":"DEI: Come l'industria svizzera si confronta a livello internazionale - Organizzatore","isPartOf":{"@id":"https:\/\/www.organisator.ch\/#website"},"primaryImageOfPage":{"@id":"https:\/\/www.organisator.ch\/marketing\/2023-08-10\/dei-so-schneidet-die-schweizer-branche-im-internationalen-vergleich-ab\/#primaryimage"},"image":{"@id":"https:\/\/www.organisator.ch\/marketing\/2023-08-10\/dei-so-schneidet-die-schweizer-branche-im-internationalen-vergleich-ab\/#primaryimage"},"thumbnailUrl":"https:\/\/www.werbewoche.ch\/wp-content\/uploads\/2023\/08\/global-dei-census-2023-switzerland-1.jpg","datePublished":"2023-08-10T14:09:40+00:00","dateModified":"2024-11-14T12:54:25+00:00","description":"Studio DEI 2023: Progressi nelle aziende svizzere e sfide per la diversit\u00e0 e l'inclusione.","breadcrumb":{"@id":"https:\/\/www.organisator.ch\/marketing\/2023-08-10\/dei-so-schneidet-die-schweizer-branche-im-internationalen-vergleich-ab\/#breadcrumb"},"inLanguage":"it-IT","potentialAction":[{"@type":"ReadAction","target":["https:\/\/www.organisator.ch\/marketing\/2023-08-10\/dei-so-schneidet-die-schweizer-branche-im-internationalen-vergleich-ab\/"]}]},{"@type":"ImageObject","inLanguage":"it-IT","@id":"https:\/\/www.organisator.ch\/marketing\/2023-08-10\/dei-so-schneidet-die-schweizer-branche-im-internationalen-vergleich-ab\/#primaryimage","url":"https:\/\/www.werbewoche.ch\/wp-content\/uploads\/2023\/08\/global-dei-census-2023-switzerland-1.jpg","contentUrl":"https:\/\/www.werbewoche.ch\/wp-content\/uploads\/2023\/08\/global-dei-census-2023-switzerland-1.jpg"},{"@type":"BreadcrumbList","@id":"https:\/\/www.organisator.ch\/marketing\/2023-08-10\/dei-so-schneidet-die-schweizer-branche-im-internationalen-vergleich-ab\/#breadcrumb","itemListElement":[{"@type":"ListItem","position":1,"name":"Home","item":"https:\/\/www.organisator.ch\/"},{"@type":"ListItem","position":2,"name":"DEI: So schneidet die Schweizer Branche im internationalen Vergleich ab"}]},{"@type":"WebSite","@id":"https:\/\/www.organisator.ch\/#website","url":"https:\/\/www.organisator.ch\/","name":"Organizzatore","description":"Competente. Pratico. In 10 numeri all'anno, ORGANISATOR presenta i temi essenziali per i manager delle PMI.","publisher":{"@id":"https:\/\/www.organisator.ch\/#organization"},"potentialAction":[{"@type":"SearchAction","target":{"@type":"EntryPoint","urlTemplate":"https:\/\/www.organisator.ch\/?s={search_term_string}"},"query-input":{"@type":"PropertyValueSpecification","valueRequired":true,"valueName":"search_term_string"}}],"inLanguage":"it-IT"},{"@type":"Organization","@id":"https:\/\/www.organisator.ch\/#organization","name":"Organizzatore","url":"https:\/\/www.organisator.ch\/","logo":{"@type":"ImageObject","inLanguage":"it-IT","@id":"https:\/\/www.organisator.ch\/#\/schema\/logo\/image\/","url":"https:\/\/www.organisator.ch\/wp-content\/uploads\/2022\/01\/Logo_Organisator_Website.png","contentUrl":"https:\/\/www.organisator.ch\/wp-content\/uploads\/2022\/01\/Logo_Organisator_Website.png","width":800,"height":77,"caption":"Organisator"},"image":{"@id":"https:\/\/www.organisator.ch\/#\/schema\/logo\/image\/"},"sameAs":["https:\/\/www.facebook.com\/OrganisatorFachmagazin","https:\/\/www.linkedin.com\/showcase\/organisator-das-magazin-fr-kmu","https:\/\/www.xing.com\/news\/pages\/organisator-ch-695","https:\/\/www.youtube.com\/channel\/UCGP2Sq0iWaZwT3BdIAQFYpw"]},{"@type":"Person","@id":"https:\/\/www.organisator.ch\/#\/schema\/person\/4e51799071cd2dd1232ac003643ef5f0","name":"galledia","image":{"@type":"ImageObject","inLanguage":"it-IT","@id":"https:\/\/secure.gravatar.com\/avatar\/78a7f90c01fc2bfc875782a0d4922b37cde2cf184ce347b91316d23cd7f69a36?s=96&d=mm&r=g","url":"https:\/\/secure.gravatar.com\/avatar\/78a7f90c01fc2bfc875782a0d4922b37cde2cf184ce347b91316d23cd7f69a36?s=96&d=mm&r=g","contentUrl":"https:\/\/secure.gravatar.com\/avatar\/78a7f90c01fc2bfc875782a0d4922b37cde2cf184ce347b91316d23cd7f69a36?s=96&d=mm&r=g","caption":"galledia"},"sameAs":["https:\/\/x.com\/admin"],"url":"https:\/\/www.organisator.ch\/it\/author\/galledia\/"}]}},"_links":{"self":[{"href":"https:\/\/www.organisator.ch\/it\/wp-json\/wp\/v2\/posts\/21315","targetHints":{"allow":["GET"]}}],"collection":[{"href":"https:\/\/www.organisator.ch\/it\/wp-json\/wp\/v2\/posts"}],"about":[{"href":"https:\/\/www.organisator.ch\/it\/wp-json\/wp\/v2\/types\/post"}],"author":[{"embeddable":true,"href":"https:\/\/www.organisator.ch\/it\/wp-json\/wp\/v2\/users\/8"}],"replies":[{"embeddable":true,"href":"https:\/\/www.organisator.ch\/it\/wp-json\/wp\/v2\/comments?post=21315"}],"version-history":[{"count":3,"href":"https:\/\/www.organisator.ch\/it\/wp-json\/wp\/v2\/posts\/21315\/revisions"}],"predecessor-version":[{"id":32977,"href":"https:\/\/www.organisator.ch\/it\/wp-json\/wp\/v2\/posts\/21315\/revisions\/32977"}],"wp:attachment":[{"href":"https:\/\/www.organisator.ch\/it\/wp-json\/wp\/v2\/media?parent=21315"}],"wp:term":[{"taxonomy":"category","embeddable":true,"href":"https:\/\/www.organisator.ch\/it\/wp-json\/wp\/v2\/categories?post=21315"},{"taxonomy":"post_tag","embeddable":true,"href":"https:\/\/www.organisator.ch\/it\/wp-json\/wp\/v2\/tags?post=21315"}],"curies":[{"name":"wp","href":"https:\/\/api.w.org\/{rel}","templated":true}]}}