{"id":2133,"date":"2019-05-06T18:10:58","date_gmt":"2019-05-06T16:10:58","guid":{"rendered":"https:\/\/www.umweltperspektiven.ch\/?p=2133"},"modified":"2022-02-09T11:10:07","modified_gmt":"2022-02-09T10:10:07","slug":"nachhaltigere-verhaltensaenderung-durch-gezieltere-kampagnen","status":"publish","type":"post","link":"https:\/\/www.organisator.ch\/it\/sustainability\/2019-05-06\/nachhaltigere-verhaltensaenderung-durch-gezieltere-kampagnen\/","title":{"rendered":"Cambiamento di comportamento pi\u00f9 sostenibile attraverso campagne pi\u00f9 mirate"},"content":{"rendered":"<div class=\"paragraph__text-23HSsHHfD6LPW2uE3vQpEI\">\n<div>\n<p>Le campagne pubblicitarie con contenuti sostenibili sono troppo poco adatte ai gruppi target. \"Tengono troppo poco conto del fatto che le persone rispondono a segnali diversi a seconda di quanto conoscono un argomento\", afferma lo scienziato e sociologo dei trasporti Timo Ohnmacht, responsabile del progetto \"Stili di vita sostenibili e consumo energetico\" nell'ambito del Programma Nazionale di Ricerca \"Controllo del consumo energetico\" e ricercatore presso il Centro di Competenza per la Mobilit\u00e0 dell'Universit\u00e0 di Scienze Applicate e Arti di Lucerna.<\/p>\n<p>Il team di ricerca dell'Istituto per <a href=\"\/\/www.hslu.ch\/de-ch\/hochschule-luzern\/ueber-uns\/portraet\/interdisziplinaritaet\/tourismus-und-nachhaltige-entwicklung\/\">Turismo ITW<\/a> dell'Universit\u00e0 di Scienze Applicate e Arti di Lucerna ha lavorato a stretto contatto con la citt\u00e0 di Lucerna e la citt\u00e0 di Bienne per questo progetto. Sono state intervistate 2.000 persone a Lucerna e Bienne sul loro comportamento di consumo e sono stati organizzati workshop presso gli uffici ambientali con i rappresentanti degli uffici di ingegneria civile responsabili delle piste ciclabili, del dipartimento di comunicazione della citt\u00e0, dei dipartimenti immobiliari e delle aziende di trasporto.<\/p>\n<\/div>\n<\/div>\n<h2 class=\"paragraph__title-IPeJ0zAGSmzZvTIvv4guB\">Raccomandazioni concrete per l'azione<\/h2>\n<div class=\"paragraph__text-23HSsHHfD6LPW2uE3vQpEI\">\n<div>\n<p>I risultati sono stati tradotti in raccomandazioni concrete per l'azione e riassunti in sei linee guida. Sono rivolti a comuni, autorit\u00e0, agenzie di comunicazione o consulenza, gruppi di interesse e ONG e hanno lo scopo di incoraggiare i cittadini ad andare di pi\u00f9 in bicicletta, a ridurre il consumo di carne, ad acquistare pi\u00f9 beni usati anzich\u00e9 nuovi, a utilizzare i trasporti pubblici, a cambiare il cellulare solo quando \u00e8 rotto e, in generale, a vivere in modo pi\u00f9 efficiente dal punto di vista energetico.<\/p>\n<\/div>\n<\/div>\n<h2 class=\"paragraph__title-IPeJ0zAGSmzZvTIvv4guB\">Dalla risoluzione all'abitudine - Quattro fasi<\/h2>\n<div class=\"paragraph__text-23HSsHHfD6LPW2uE3vQpEI\">\n<div>\n<p>Ohnmacht spiega che il cambiamento comportamentale sostenibile \u00e8 un processo lungo. Per comprendere meglio il comportamento umano, i ricercatori hanno utilizzato le intuizioni della psicologia sociale, visualizzate in un modello a quattro fasi nel grafico qui sopra. Questa \u00e8 anche un'opportunit\u00e0 per rendere le campagne pi\u00f9 efficaci e quindi per esercitare una maggiore influenza sul comportamento umano.<\/p>\n<p>Le persone attraversano quattro fasi finch\u00e9 un nuovo comportamento non diventa un'abitudine: Pre-considerazione, intenzione, azione e abitudine. \"Tutti passano attraverso ogni fase, ma non tutti per lo stesso tempo. Alcuni deliberano pi\u00f9 a lungo, altri pi\u00f9 brevemente\", dice Ohnmacht. \"Alcuni hanno ricadute in una fase precedente, altri no\".<\/p>\n<p>Pertanto, oltre alle argomentazioni di base per un determinato comportamento, \u00e8 necessario mostrare anche le motivazioni che confermano un'azione o consolidano un'abitudine. Le persone dovrebbero essere contattate in modo specifico per ogni fase, in modo da ridurre gli sprechi e risparmiare tempo, denaro e nervi. \"Le persone nelle fasi due e tre sono spesso sovraservite, mentre quelle nelle fasi uno e quattro sono sotto-servite\", sostiene Ohnmacht. \"Soprattutto coloro che gi\u00e0 mostrano il comportamento desiderato vengono spesso dimenticati. Hanno anche bisogno di essere incoraggiati a non ricadere nelle fasi precedenti\". Esistono fattori di influenza come le emozioni, le norme sociali o le capacit\u00e0 di risolvere i problemi che hanno un impatto diverso a seconda della fase di cambiamento del comportamento. Le sei guide elencano le misure che possono essere adottate per ogni fase e per ogni fattore di influenza appropriato e le illustrano con esempi gi\u00e0 realizzati.<\/p>\n<\/div>\n<\/div>\n<h2 class=\"paragraph__title-IPeJ0zAGSmzZvTIvv4guB\">Feedback positivo dalla citt\u00e0 di Lucerna<\/h2>\n<div class=\"paragraph__text-23HSsHHfD6LPW2uE3vQpEI\">\n<div>\n<p>Peter Schmidli, del dipartimento di protezione ambientale della citt\u00e0 di Lucerna, afferma che il modello a fasi li ha aiutati molto nel loro lavoro: \"Poich\u00e9 la citt\u00e0 ha adottato una mozione per ridurre notevolmente il consumo di energia entro il 2050, avevamo gi\u00e0 pianificato e attuato delle misure. Ma ora sappiamo che \u00e8 un successo rivolgersi a chi sta pensando di vivere comunque in modo pi\u00f9 efficiente dal punto di vista energetico e vuole andare di pi\u00f9 in bicicletta, per esempio. Ma quelli che non lo ritengono importante, non riusciamo quasi a raggiungerli\". Il fatto che il team dell'Universit\u00e0 di Scienze Applicate e Arti di Lucerna abbia anche valutato concretamente i benefici delle campagne passate e indicato le campagne di altre citt\u00e0 \u00e8 stato molto utile.<\/p>\n<p>\"\u00c8 importante che le persone non vengano trattate con condiscendenza, ma educate. Sono loro stessi a dover cambiare il proprio comportamento, nessuno pu\u00f2 obbligarli a farlo\", conclude Timo Ohnmacht.<\/p>\n<\/div>\n<\/div>\n<p>&nbsp;<\/p>\n<div class=\"paragraph__text-23HSsHHfD6LPW2uE3vQpEI\">\n<div>\n<figure id=\"attachment_2134\" aria-describedby=\"caption-attachment-2134\" style=\"width: 680px\" class=\"wp-caption alignnone\"><img loading=\"lazy\" decoding=\"async\" class=\"size-medium wp-image-2134\" src=\"\/\/www.umweltperspektiven.ch\/wp-content\/uploads\/2019\/05\/20190502-Phasenmodell-Verhaltensaenderung-Grafik-Hochschule-Luzern.jpg\" alt=\"\" width=\"680\" height=\"529\" srcset=\"https:\/\/www.organisator.ch\/wp-content\/uploads\/2019\/05\/20190502-Phasenmodell-Verhaltensaenderung-Grafik-Hochschule-Luzern.jpg 1200w, https:\/\/www.organisator.ch\/wp-content\/uploads\/2019\/05\/20190502-Phasenmodell-Verhaltensaenderung-Grafik-Hochschule-Luzern-680x529.jpg 680w, https:\/\/www.organisator.ch\/wp-content\/uploads\/2019\/05\/20190502-Phasenmodell-Verhaltensaenderung-Grafik-Hochschule-Luzern-1024x796.jpg 1024w, https:\/\/www.organisator.ch\/wp-content\/uploads\/2019\/05\/20190502-Phasenmodell-Verhaltensaenderung-Grafik-Hochschule-Luzern-768x597.jpg 768w, https:\/\/www.organisator.ch\/wp-content\/uploads\/2019\/05\/20190502-Phasenmodell-Verhaltensaenderung-Grafik-Hochschule-Luzern-15x12.jpg 15w, https:\/\/www.organisator.ch\/wp-content\/uploads\/2019\/05\/20190502-Phasenmodell-Verhaltensaenderung-Grafik-Hochschule-Luzern-225x175.jpg 225w, https:\/\/www.organisator.ch\/wp-content\/uploads\/2019\/05\/20190502-Phasenmodell-Verhaltensaenderung-Grafik-Hochschule-Luzern-450x350.jpg 450w, https:\/\/www.organisator.ch\/wp-content\/uploads\/2019\/05\/20190502-Phasenmodell-Verhaltensaenderung-Grafik-Hochschule-Luzern-1029x800.jpg 1029w, https:\/\/www.organisator.ch\/wp-content\/uploads\/2019\/05\/20190502-Phasenmodell-Verhaltensaenderung-Grafik-Hochschule-Luzern-920x715.jpg 920w, https:\/\/www.organisator.ch\/wp-content\/uploads\/2019\/05\/20190502-Phasenmodell-Verhaltensaenderung-Grafik-Hochschule-Luzern-300x233.jpg 300w\" sizes=\"auto, (max-width: 680px) 100vw, 680px\" \/><figcaption id=\"caption-attachment-2134\" class=\"wp-caption-text\">L'Universit\u00e0 di Scienze Applicate e Arti di Lucerna (HSLU) ha sviluppato sei linee guida per motivare le persone ad adottare comportamenti ecologici in modo pi\u00f9 mirato e per contribuire a ridurre gli sprechi nelle campagne. (Grafico: HSLU)<\/figcaption><\/figure>\n<\/div>\n<\/div>\n<div class=\"paragraph__facts-3Yh_QmvmiF21_a0GT8fGhp\">\n<div>\n<p><em>Il modello a quattro fasi:<\/em><\/p>\n<p><em>Fase 1: esame preliminare. Le persone sono identificate con <\/em><em>immagini emotive per sviluppare il desiderio di cambiare un comportamento.<\/em><\/p>\n<p><em>Fase 2: Intenzione. L'uso di opinion leader ha un effetto motivante (e non di lezione) per trasformare i pensieri sul cambiamento di comportamento in azione.<\/em><\/p>\n<p><em>Fase 3: Azione. Le misure infrastrutturali, come le piste ciclabili o le stazioni di conteggio, sono fondamentali per modificare le azioni.<\/em><\/p>\n<p><em>Fase 4: Abitudine. Il feedback positivo aiuta a non ricadere nei vecchi schemi.<\/em><\/p>\n<\/div>\n<\/div>","protected":false},"excerpt":{"rendered":"<p>Werbekampagnen mit nachhaltigen Inhalten sind zu wenig auf ihre Zielgruppen abgestimmt. \u00abSie nehmen zu wenig R\u00fccksicht darauf, dass Menschen auf unterschiedliche Signale ansprechen, je nachdem wieviel sie zu einem Thema wissen\u00bb, so Verkehrswissenschaftler und Soziologe Timo Ohnmacht, Leiter des Projekts \u00abNachhaltige Lebensstile und Energieverbrauch\u00bb im Rahmen des Nationalen Forschungsprogramms \u00abSteuerung des Energieverbrauchs\u00bb und Forscher am [&hellip;]<\/p>\n","protected":false},"author":5,"featured_media":2134,"comment_status":"open","ping_status":"open","sticky":false,"template":"","format":"standard","meta":{"_acf_changed":false,"_yoast_wpseo_focuskw":"nachhaltig","_yoast_wpseo_metadesc":"Wie k\u00f6nnte man Nachhaltigkeit in den K\u00f6pfen der Mitarbeitenden umsetzen? Die Hochschule Luzern hat sechs Leitf\u00e4den entwickelt.","articlekey":"","footnotes":""},"categories":[580],"tags":[916,1787,1837,460,496],"class_list":["post-2133","post","type-post","status-publish","format-standard","has-post-thumbnail","hentry","category-sustainability","tag-citizenship","tag-nachhaltigkeit","tag-ngo","tag-studien","tag-unternehmensfuehrung"],"acf":[],"yoast_head":"<!-- This site is optimized with the Yoast SEO plugin v27.5 - https:\/\/yoast.com\/product\/yoast-seo-wordpress\/ -->\n<title>Nachhaltigere Verhaltens\u00e4nderung durch gezieltere Kampagnen - Organisator<\/title>\n<meta name=\"description\" content=\"Wie k\u00f6nnte man Nachhaltigkeit in den K\u00f6pfen der Mitarbeitenden umsetzen? Die Hochschule Luzern hat sechs Leitf\u00e4den entwickelt.\" \/>\n<meta name=\"robots\" content=\"index, follow, max-snippet:-1, max-image-preview:large, max-video-preview:-1\" \/>\n<link rel=\"canonical\" href=\"https:\/\/www.organisator.ch\/it\/sostenibilita\/2019-05-06\/nachhaltigere-verhaltensaenderung-durch-gezieltere-kampagnen\/\" \/>\n<meta property=\"og:locale\" content=\"it_IT\" \/>\n<meta property=\"og:type\" content=\"article\" \/>\n<meta property=\"og:title\" content=\"Nachhaltigere Verhaltens\u00e4nderung durch gezieltere Kampagnen - Organisator\" \/>\n<meta property=\"og:description\" content=\"Wie k\u00f6nnte man Nachhaltigkeit in den K\u00f6pfen der Mitarbeitenden umsetzen? Die Hochschule Luzern hat sechs Leitf\u00e4den entwickelt.\" \/>\n<meta property=\"og:url\" content=\"https:\/\/www.organisator.ch\/it\/sostenibilita\/2019-05-06\/nachhaltigere-verhaltensaenderung-durch-gezieltere-kampagnen\/\" \/>\n<meta property=\"og:site_name\" content=\"Organisator\" \/>\n<meta property=\"article:publisher\" content=\"https:\/\/www.facebook.com\/OrganisatorFachmagazin\" \/>\n<meta property=\"article:published_time\" content=\"2019-05-06T16:10:58+00:00\" \/>\n<meta property=\"article:modified_time\" content=\"2022-02-09T10:10:07+00:00\" \/>\n<meta property=\"og:image\" content=\"https:\/\/www.organisator.ch\/wp-content\/uploads\/2019\/05\/20190502-Phasenmodell-Verhaltensaenderung-Grafik-Hochschule-Luzern.jpg\" \/>\n\t<meta property=\"og:image:width\" content=\"1200\" \/>\n\t<meta property=\"og:image:height\" content=\"933\" \/>\n\t<meta property=\"og:image:type\" content=\"image\/jpeg\" \/>\n<meta name=\"author\" content=\"michael.merz\" \/>\n<meta name=\"twitter:card\" content=\"summary_large_image\" \/>\n<script type=\"application\/ld+json\" class=\"yoast-schema-graph\">{\"@context\":\"https:\\\/\\\/schema.org\",\"@graph\":[{\"@type\":\"Article\",\"@id\":\"https:\\\/\\\/www.organisator.ch\\\/sustainability\\\/2019-05-06\\\/nachhaltigere-verhaltensaenderung-durch-gezieltere-kampagnen\\\/#article\",\"isPartOf\":{\"@id\":\"https:\\\/\\\/www.organisator.ch\\\/sustainability\\\/2019-05-06\\\/nachhaltigere-verhaltensaenderung-durch-gezieltere-kampagnen\\\/\"},\"author\":{\"name\":\"michael.merz\",\"@id\":\"https:\\\/\\\/www.organisator.ch\\\/#\\\/schema\\\/person\\\/134708ca9321c57b0362cceb7948ffbd\"},\"headline\":\"Nachhaltigere Verhaltens\u00e4nderung durch gezieltere Kampagnen\",\"datePublished\":\"2019-05-06T16:10:58+00:00\",\"dateModified\":\"2022-02-09T10:10:07+00:00\",\"mainEntityOfPage\":{\"@id\":\"https:\\\/\\\/www.organisator.ch\\\/sustainability\\\/2019-05-06\\\/nachhaltigere-verhaltensaenderung-durch-gezieltere-kampagnen\\\/\"},\"wordCount\":683,\"commentCount\":0,\"publisher\":{\"@id\":\"https:\\\/\\\/www.organisator.ch\\\/#organization\"},\"image\":{\"@id\":\"https:\\\/\\\/www.organisator.ch\\\/sustainability\\\/2019-05-06\\\/nachhaltigere-verhaltensaenderung-durch-gezieltere-kampagnen\\\/#primaryimage\"},\"thumbnailUrl\":\"https:\\\/\\\/www.organisator.ch\\\/wp-content\\\/uploads\\\/2019\\\/05\\\/20190502-Phasenmodell-Verhaltensaenderung-Grafik-Hochschule-Luzern.jpg\",\"keywords\":[\"Citizenship\",\"Nachhaltigkeit\",\"NGO\",\"Studien\",\"Unternehmensf\u00fchrung\"],\"articleSection\":[\"SUSTAINABILITY\"],\"inLanguage\":\"it-IT\"},{\"@type\":\"WebPage\",\"@id\":\"https:\\\/\\\/www.organisator.ch\\\/sustainability\\\/2019-05-06\\\/nachhaltigere-verhaltensaenderung-durch-gezieltere-kampagnen\\\/\",\"url\":\"https:\\\/\\\/www.organisator.ch\\\/sustainability\\\/2019-05-06\\\/nachhaltigere-verhaltensaenderung-durch-gezieltere-kampagnen\\\/\",\"name\":\"Nachhaltigere Verhaltens\u00e4nderung durch gezieltere Kampagnen - Organisator\",\"isPartOf\":{\"@id\":\"https:\\\/\\\/www.organisator.ch\\\/#website\"},\"primaryImageOfPage\":{\"@id\":\"https:\\\/\\\/www.organisator.ch\\\/sustainability\\\/2019-05-06\\\/nachhaltigere-verhaltensaenderung-durch-gezieltere-kampagnen\\\/#primaryimage\"},\"image\":{\"@id\":\"https:\\\/\\\/www.organisator.ch\\\/sustainability\\\/2019-05-06\\\/nachhaltigere-verhaltensaenderung-durch-gezieltere-kampagnen\\\/#primaryimage\"},\"thumbnailUrl\":\"https:\\\/\\\/www.organisator.ch\\\/wp-content\\\/uploads\\\/2019\\\/05\\\/20190502-Phasenmodell-Verhaltensaenderung-Grafik-Hochschule-Luzern.jpg\",\"datePublished\":\"2019-05-06T16:10:58+00:00\",\"dateModified\":\"2022-02-09T10:10:07+00:00\",\"description\":\"Wie k\u00f6nnte man Nachhaltigkeit in den K\u00f6pfen der Mitarbeitenden umsetzen? Die Hochschule Luzern hat sechs Leitf\u00e4den entwickelt.\",\"breadcrumb\":{\"@id\":\"https:\\\/\\\/www.organisator.ch\\\/sustainability\\\/2019-05-06\\\/nachhaltigere-verhaltensaenderung-durch-gezieltere-kampagnen\\\/#breadcrumb\"},\"inLanguage\":\"it-IT\",\"potentialAction\":[{\"@type\":\"ReadAction\",\"target\":[\"https:\\\/\\\/www.organisator.ch\\\/sustainability\\\/2019-05-06\\\/nachhaltigere-verhaltensaenderung-durch-gezieltere-kampagnen\\\/\"]}]},{\"@type\":\"ImageObject\",\"inLanguage\":\"it-IT\",\"@id\":\"https:\\\/\\\/www.organisator.ch\\\/sustainability\\\/2019-05-06\\\/nachhaltigere-verhaltensaenderung-durch-gezieltere-kampagnen\\\/#primaryimage\",\"url\":\"https:\\\/\\\/www.organisator.ch\\\/wp-content\\\/uploads\\\/2019\\\/05\\\/20190502-Phasenmodell-Verhaltensaenderung-Grafik-Hochschule-Luzern.jpg\",\"contentUrl\":\"https:\\\/\\\/www.organisator.ch\\\/wp-content\\\/uploads\\\/2019\\\/05\\\/20190502-Phasenmodell-Verhaltensaenderung-Grafik-Hochschule-Luzern.jpg\",\"width\":1200,\"height\":933,\"caption\":\"Die Hochschule Luzern hat sechs Leitf\u00e4den entwickelt, welches Menschen gezielter zu umweltfreundlichem Verhalten motivieren und auch dabei helfen soll, Streuverluste in Kampagnen zu reduzieren. (Grafik: HSLU)\"},{\"@type\":\"BreadcrumbList\",\"@id\":\"https:\\\/\\\/www.organisator.ch\\\/sustainability\\\/2019-05-06\\\/nachhaltigere-verhaltensaenderung-durch-gezieltere-kampagnen\\\/#breadcrumb\",\"itemListElement\":[{\"@type\":\"ListItem\",\"position\":1,\"name\":\"Home\",\"item\":\"https:\\\/\\\/www.organisator.ch\\\/\"},{\"@type\":\"ListItem\",\"position\":2,\"name\":\"Nachhaltigere Verhaltens\u00e4nderung durch gezieltere Kampagnen\"}]},{\"@type\":\"WebSite\",\"@id\":\"https:\\\/\\\/www.organisator.ch\\\/#website\",\"url\":\"https:\\\/\\\/www.organisator.ch\\\/\",\"name\":\"Organisator\",\"description\":\"Kompetent. Praxisnah. Der ORGANISATOR bereitet in 10 Ausgaben pro Jahr die wesentlichen Themen f\u00fcr F\u00fchrungskr\u00e4fte von KMU auf.\",\"publisher\":{\"@id\":\"https:\\\/\\\/www.organisator.ch\\\/#organization\"},\"potentialAction\":[{\"@type\":\"SearchAction\",\"target\":{\"@type\":\"EntryPoint\",\"urlTemplate\":\"https:\\\/\\\/www.organisator.ch\\\/?s={search_term_string}\"},\"query-input\":{\"@type\":\"PropertyValueSpecification\",\"valueRequired\":true,\"valueName\":\"search_term_string\"}}],\"inLanguage\":\"it-IT\"},{\"@type\":\"Organization\",\"@id\":\"https:\\\/\\\/www.organisator.ch\\\/#organization\",\"name\":\"Organisator\",\"url\":\"https:\\\/\\\/www.organisator.ch\\\/\",\"logo\":{\"@type\":\"ImageObject\",\"inLanguage\":\"it-IT\",\"@id\":\"https:\\\/\\\/www.organisator.ch\\\/#\\\/schema\\\/logo\\\/image\\\/\",\"url\":\"https:\\\/\\\/www.organisator.ch\\\/wp-content\\\/uploads\\\/2022\\\/01\\\/Logo_Organisator_Website.png\",\"contentUrl\":\"https:\\\/\\\/www.organisator.ch\\\/wp-content\\\/uploads\\\/2022\\\/01\\\/Logo_Organisator_Website.png\",\"width\":800,\"height\":77,\"caption\":\"Organisator\"},\"image\":{\"@id\":\"https:\\\/\\\/www.organisator.ch\\\/#\\\/schema\\\/logo\\\/image\\\/\"},\"sameAs\":[\"https:\\\/\\\/www.facebook.com\\\/OrganisatorFachmagazin\",\"https:\\\/\\\/www.linkedin.com\\\/showcase\\\/organisator-das-magazin-fr-kmu\",\"https:\\\/\\\/www.xing.com\\\/news\\\/pages\\\/organisator-ch-695\",\"https:\\\/\\\/www.youtube.com\\\/channel\\\/UCGP2Sq0iWaZwT3BdIAQFYpw\"]},{\"@type\":\"Person\",\"@id\":\"https:\\\/\\\/www.organisator.ch\\\/#\\\/schema\\\/person\\\/134708ca9321c57b0362cceb7948ffbd\",\"name\":\"michael.merz\",\"image\":{\"@type\":\"ImageObject\",\"inLanguage\":\"it-IT\",\"@id\":\"https:\\\/\\\/secure.gravatar.com\\\/avatar\\\/?s=96&d=mm&r=g\",\"url\":\"https:\\\/\\\/secure.gravatar.com\\\/avatar\\\/?s=96&d=mm&r=g\",\"contentUrl\":\"https:\\\/\\\/secure.gravatar.com\\\/avatar\\\/?s=96&d=mm&r=g\",\"caption\":\"michael.merz\"},\"url\":\"https:\\\/\\\/www.organisator.ch\\\/it\\\/author\\\/michael-merz\\\/\"}]}<\/script>\n<!-- \/ Yoast SEO plugin. -->","yoast_head_json":{"title":"Cambiamento di comportamento pi\u00f9 sostenibile grazie a campagne pi\u00f9 mirate - Organizzatore","description":"Come si pu\u00f2 implementare la sostenibilit\u00e0 nella mente dei dipendenti? L'Universit\u00e0 di Scienze Applicate e Arti di Lucerna ha sviluppato sei linee guida.","robots":{"index":"index","follow":"follow","max-snippet":"max-snippet:-1","max-image-preview":"max-image-preview:large","max-video-preview":"max-video-preview:-1"},"canonical":"https:\/\/www.organisator.ch\/it\/sostenibilita\/2019-05-06\/nachhaltigere-verhaltensaenderung-durch-gezieltere-kampagnen\/","og_locale":"it_IT","og_type":"article","og_title":"Nachhaltigere Verhaltens\u00e4nderung durch gezieltere Kampagnen - Organisator","og_description":"Wie k\u00f6nnte man Nachhaltigkeit in den K\u00f6pfen der Mitarbeitenden umsetzen? Die Hochschule Luzern hat sechs Leitf\u00e4den entwickelt.","og_url":"https:\/\/www.organisator.ch\/it\/sostenibilita\/2019-05-06\/nachhaltigere-verhaltensaenderung-durch-gezieltere-kampagnen\/","og_site_name":"Organisator","article_publisher":"https:\/\/www.facebook.com\/OrganisatorFachmagazin","article_published_time":"2019-05-06T16:10:58+00:00","article_modified_time":"2022-02-09T10:10:07+00:00","og_image":[{"width":1200,"height":933,"url":"https:\/\/www.organisator.ch\/wp-content\/uploads\/2019\/05\/20190502-Phasenmodell-Verhaltensaenderung-Grafik-Hochschule-Luzern.jpg","type":"image\/jpeg"}],"author":"michael.merz","twitter_card":"summary_large_image","schema":{"@context":"https:\/\/schema.org","@graph":[{"@type":"Article","@id":"https:\/\/www.organisator.ch\/sustainability\/2019-05-06\/nachhaltigere-verhaltensaenderung-durch-gezieltere-kampagnen\/#article","isPartOf":{"@id":"https:\/\/www.organisator.ch\/sustainability\/2019-05-06\/nachhaltigere-verhaltensaenderung-durch-gezieltere-kampagnen\/"},"author":{"name":"michael.merz","@id":"https:\/\/www.organisator.ch\/#\/schema\/person\/134708ca9321c57b0362cceb7948ffbd"},"headline":"Nachhaltigere Verhaltens\u00e4nderung durch gezieltere Kampagnen","datePublished":"2019-05-06T16:10:58+00:00","dateModified":"2022-02-09T10:10:07+00:00","mainEntityOfPage":{"@id":"https:\/\/www.organisator.ch\/sustainability\/2019-05-06\/nachhaltigere-verhaltensaenderung-durch-gezieltere-kampagnen\/"},"wordCount":683,"commentCount":0,"publisher":{"@id":"https:\/\/www.organisator.ch\/#organization"},"image":{"@id":"https:\/\/www.organisator.ch\/sustainability\/2019-05-06\/nachhaltigere-verhaltensaenderung-durch-gezieltere-kampagnen\/#primaryimage"},"thumbnailUrl":"https:\/\/www.organisator.ch\/wp-content\/uploads\/2019\/05\/20190502-Phasenmodell-Verhaltensaenderung-Grafik-Hochschule-Luzern.jpg","keywords":["Citizenship","Nachhaltigkeit","NGO","Studien","Unternehmensf\u00fchrung"],"articleSection":["SUSTAINABILITY"],"inLanguage":"it-IT"},{"@type":"WebPage","@id":"https:\/\/www.organisator.ch\/sustainability\/2019-05-06\/nachhaltigere-verhaltensaenderung-durch-gezieltere-kampagnen\/","url":"https:\/\/www.organisator.ch\/sustainability\/2019-05-06\/nachhaltigere-verhaltensaenderung-durch-gezieltere-kampagnen\/","name":"Cambiamento di comportamento pi\u00f9 sostenibile grazie a campagne pi\u00f9 mirate - Organizzatore","isPartOf":{"@id":"https:\/\/www.organisator.ch\/#website"},"primaryImageOfPage":{"@id":"https:\/\/www.organisator.ch\/sustainability\/2019-05-06\/nachhaltigere-verhaltensaenderung-durch-gezieltere-kampagnen\/#primaryimage"},"image":{"@id":"https:\/\/www.organisator.ch\/sustainability\/2019-05-06\/nachhaltigere-verhaltensaenderung-durch-gezieltere-kampagnen\/#primaryimage"},"thumbnailUrl":"https:\/\/www.organisator.ch\/wp-content\/uploads\/2019\/05\/20190502-Phasenmodell-Verhaltensaenderung-Grafik-Hochschule-Luzern.jpg","datePublished":"2019-05-06T16:10:58+00:00","dateModified":"2022-02-09T10:10:07+00:00","description":"Come si pu\u00f2 implementare la sostenibilit\u00e0 nella mente dei dipendenti? L'Universit\u00e0 di Scienze Applicate e Arti di Lucerna ha sviluppato sei linee guida.","breadcrumb":{"@id":"https:\/\/www.organisator.ch\/sustainability\/2019-05-06\/nachhaltigere-verhaltensaenderung-durch-gezieltere-kampagnen\/#breadcrumb"},"inLanguage":"it-IT","potentialAction":[{"@type":"ReadAction","target":["https:\/\/www.organisator.ch\/sustainability\/2019-05-06\/nachhaltigere-verhaltensaenderung-durch-gezieltere-kampagnen\/"]}]},{"@type":"ImageObject","inLanguage":"it-IT","@id":"https:\/\/www.organisator.ch\/sustainability\/2019-05-06\/nachhaltigere-verhaltensaenderung-durch-gezieltere-kampagnen\/#primaryimage","url":"https:\/\/www.organisator.ch\/wp-content\/uploads\/2019\/05\/20190502-Phasenmodell-Verhaltensaenderung-Grafik-Hochschule-Luzern.jpg","contentUrl":"https:\/\/www.organisator.ch\/wp-content\/uploads\/2019\/05\/20190502-Phasenmodell-Verhaltensaenderung-Grafik-Hochschule-Luzern.jpg","width":1200,"height":933,"caption":"Die Hochschule Luzern hat sechs Leitf\u00e4den entwickelt, welches Menschen gezielter zu umweltfreundlichem Verhalten motivieren und auch dabei helfen soll, Streuverluste in Kampagnen zu reduzieren. (Grafik: HSLU)"},{"@type":"BreadcrumbList","@id":"https:\/\/www.organisator.ch\/sustainability\/2019-05-06\/nachhaltigere-verhaltensaenderung-durch-gezieltere-kampagnen\/#breadcrumb","itemListElement":[{"@type":"ListItem","position":1,"name":"Home","item":"https:\/\/www.organisator.ch\/"},{"@type":"ListItem","position":2,"name":"Nachhaltigere Verhaltens\u00e4nderung durch gezieltere Kampagnen"}]},{"@type":"WebSite","@id":"https:\/\/www.organisator.ch\/#website","url":"https:\/\/www.organisator.ch\/","name":"Organizzatore","description":"Competente. Pratico. In 10 numeri all'anno, ORGANISATOR presenta i temi essenziali per i manager delle PMI.","publisher":{"@id":"https:\/\/www.organisator.ch\/#organization"},"potentialAction":[{"@type":"SearchAction","target":{"@type":"EntryPoint","urlTemplate":"https:\/\/www.organisator.ch\/?s={search_term_string}"},"query-input":{"@type":"PropertyValueSpecification","valueRequired":true,"valueName":"search_term_string"}}],"inLanguage":"it-IT"},{"@type":"Organization","@id":"https:\/\/www.organisator.ch\/#organization","name":"Organizzatore","url":"https:\/\/www.organisator.ch\/","logo":{"@type":"ImageObject","inLanguage":"it-IT","@id":"https:\/\/www.organisator.ch\/#\/schema\/logo\/image\/","url":"https:\/\/www.organisator.ch\/wp-content\/uploads\/2022\/01\/Logo_Organisator_Website.png","contentUrl":"https:\/\/www.organisator.ch\/wp-content\/uploads\/2022\/01\/Logo_Organisator_Website.png","width":800,"height":77,"caption":"Organisator"},"image":{"@id":"https:\/\/www.organisator.ch\/#\/schema\/logo\/image\/"},"sameAs":["https:\/\/www.facebook.com\/OrganisatorFachmagazin","https:\/\/www.linkedin.com\/showcase\/organisator-das-magazin-fr-kmu","https:\/\/www.xing.com\/news\/pages\/organisator-ch-695","https:\/\/www.youtube.com\/channel\/UCGP2Sq0iWaZwT3BdIAQFYpw"]},{"@type":"Person","@id":"https:\/\/www.organisator.ch\/#\/schema\/person\/134708ca9321c57b0362cceb7948ffbd","name":"michael.merz","image":{"@type":"ImageObject","inLanguage":"it-IT","@id":"https:\/\/secure.gravatar.com\/avatar\/?s=96&d=mm&r=g","url":"https:\/\/secure.gravatar.com\/avatar\/?s=96&d=mm&r=g","contentUrl":"https:\/\/secure.gravatar.com\/avatar\/?s=96&d=mm&r=g","caption":"michael.merz"},"url":"https:\/\/www.organisator.ch\/it\/author\/michael-merz\/"}]}},"_links":{"self":[{"href":"https:\/\/www.organisator.ch\/it\/wp-json\/wp\/v2\/posts\/2133","targetHints":{"allow":["GET"]}}],"collection":[{"href":"https:\/\/www.organisator.ch\/it\/wp-json\/wp\/v2\/posts"}],"about":[{"href":"https:\/\/www.organisator.ch\/it\/wp-json\/wp\/v2\/types\/post"}],"author":[{"embeddable":true,"href":"https:\/\/www.organisator.ch\/it\/wp-json\/wp\/v2\/users\/5"}],"replies":[{"embeddable":true,"href":"https:\/\/www.organisator.ch\/it\/wp-json\/wp\/v2\/comments?post=2133"}],"version-history":[{"count":1,"href":"https:\/\/www.organisator.ch\/it\/wp-json\/wp\/v2\/posts\/2133\/revisions"}],"predecessor-version":[{"id":10904,"href":"https:\/\/www.organisator.ch\/it\/wp-json\/wp\/v2\/posts\/2133\/revisions\/10904"}],"wp:featuredmedia":[{"embeddable":true,"href":"https:\/\/www.organisator.ch\/it\/wp-json\/wp\/v2\/media\/2134"}],"wp:attachment":[{"href":"https:\/\/www.organisator.ch\/it\/wp-json\/wp\/v2\/media?parent=2133"}],"wp:term":[{"taxonomy":"category","embeddable":true,"href":"https:\/\/www.organisator.ch\/it\/wp-json\/wp\/v2\/categories?post=2133"},{"taxonomy":"post_tag","embeddable":true,"href":"https:\/\/www.organisator.ch\/it\/wp-json\/wp\/v2\/tags?post=2133"}],"curies":[{"name":"wp","href":"https:\/\/api.w.org\/{rel}","templated":true}]}}