{"id":21343,"date":"2023-08-16T10:37:50","date_gmt":"2023-08-16T08:37:50","guid":{"rendered":"https:\/\/www.organisator.ch\/?p=21343"},"modified":"2023-08-16T10:37:50","modified_gmt":"2023-08-16T08:37:50","slug":"proffix-schliesst-sich-forterro-an","status":"publish","type":"post","link":"https:\/\/www.organisator.ch\/it\/management\/2023-08-16\/proffix-schliesst-sich-forterro-an\/","title":{"rendered":"Proffix entra in Forterro"},"content":{"rendered":"<figure id=\"attachment_21344\" aria-describedby=\"caption-attachment-21344\" style=\"width: 680px\" class=\"wp-caption alignnone\"><img loading=\"lazy\" decoding=\"async\" class=\"size-full wp-image-21344\" src=\"https:\/\/www.organisator.ch\/wp-content\/uploads\/2023\/08\/Proffix-schliesst-sich-Forterro-an_Organisator.jpg\" alt=\"\" width=\"680\" height=\"485\" srcset=\"https:\/\/www.organisator.ch\/wp-content\/uploads\/2023\/08\/Proffix-schliesst-sich-Forterro-an_Organisator.jpg 680w, https:\/\/www.organisator.ch\/wp-content\/uploads\/2023\/08\/Proffix-schliesst-sich-Forterro-an_Organisator-18x12.jpg 18w, https:\/\/www.organisator.ch\/wp-content\/uploads\/2023\/08\/Proffix-schliesst-sich-Forterro-an_Organisator-375x267.jpg 375w, https:\/\/www.organisator.ch\/wp-content\/uploads\/2023\/08\/Proffix-schliesst-sich-Forterro-an_Organisator-491x350.jpg 491w\" sizes=\"auto, (max-width: 680px) 100vw, 680px\" \/><figcaption id=\"caption-attachment-21344\" class=\"wp-caption-text\">In alto da sinistra: Bruce Trewhella, SVP, Mergers &amp; Acquisitions Forterro, Peter Herger, Chief Executive Officer Proffix, Marcus Pannier, Presidente Forterro Central Europe; in basso da sinistra: Emmanuel Moritz, Vice President M&amp;A Forterro, Baldassare Nastasi, CdA, Fondatore Proffix, Robert Caduff, CdA, Fondatore Proffix, Guy Thouin, Presidente Proffix. (Immagine: zVg)<\/figcaption><\/figure>\n<p>Forterro, con sede a Londra, investe strategicamente in aziende industriali di software di medie dimensioni che hanno bisogno di un partner per svilupparsi e crescere di fronte alla trasformazione digitale e alle sfide odierne come la carenza di competenze. L'acquisizione di Proffix va quindi intesa come un ulteriore passo avanti nell'espansione di Forterro nella regione dell'Europa centrale. Essa sottolinea l'impegno di Forterro nel mercato svizzero, dove l'azienda \u00e8 gi\u00e0 presente grazie all'investimento dello scorso anno nel fornitore di ERP di fascia media myfactory.  \"Diamo un caloroso benvenuto a Proffix, ai suoi dipendenti, partner e clienti\", ha dichiarato Dean Forbes, CEO di Forterro. \"Proffix e i suoi prodotti si inseriscono perfettamente nella visione di Forterro e rafforzano la nostra posizione di fornitore leader di soluzioni software per le piccole e medie imprese in Europa\". Marcus Pannier, Presidente di Forterro Central Europe, aggiunge: \"Proffix si distingue in particolare per il servizio offerto alla Svizzera tedesca, a complemento dell'acquisizione di myfactory avvenuta lo scorso anno nel mercato DACH.\"<\/p>\n<h3><strong>Garantire una crescita sostenibile<\/strong><\/h3>\n<p>Peter Herger, CEO e co-fondatore di Proffix, commenta cos\u00ec la decisione: \"Sono sempre stato un imprenditore convinto e sono molto orgoglioso di come abbiamo sviluppato la nostra azienda come PMI indipendente fino ad oggi. Tuttavia, con la crescente complessit\u00e0 e il ritmo dello sviluppo tecnologico, abbiamo visibilmente raggiunto i nostri limiti e abbiamo quindi deciso di coinvolgere un forte partner strategico. Abbiamo trovato questo partner in Forterro. Durante il processo di acquisizione, \u00e8 emerso chiaramente che Forterro si concentra sui propri dipendenti e sulle relazioni personali, il che \u00e8 in linea con la nostra cultura profondamente radicata e ha reso la decisione pi\u00f9 facile.<\/p>\n<h3>Il personale direttivo chiave rimane in azienda<\/h3>\n<p>Peter Herger accompagner\u00e0 il periodo di transizione e poi si ritirer\u00e0 dall'azienda. Egli consegner\u00e0 un team di leadership ben consolidato per lavorare con Forterro alla prossima fase di crescita di Proffix. I co-fondatori Baldassare Nastasi e Robert Caduff rimarranno nel nuovo team di Forterro e J\u00fcrg Danuser, CTO di Proffix, continuer\u00e0 a guidare la divisione di sviluppo del software ERP.  Commentando l'acquisizione, Danuser afferma: \"Non vedo l'ora di lavorare con il team di Forterro. Abbiamo bisogno di un partner forte al nostro fianco per accelerare la nostra crescita e la trasformazione in cloud del nostro prodotto. Forterro porta esattamente questa forza, competenza ed esperienza. Sono entusiasta del nostro viaggio insieme\".<\/p>\n<p><em>Fonte e ulteriori informazioni: <a href=\"http:\/\/www.proffix.ch\">Proffix<\/a> \/ <a href=\"https:\/\/www.forterro.com\/en\">Forterro<\/a><\/em><\/p>","protected":false},"excerpt":{"rendered":"<p>Il fornitore europeo di soluzioni software Forterro ha annunciato l'acquisizione di Proffix Software AG (Proffix). Con il software ERP modulare indipendente dal settore, Forterro completa il suo portafoglio nel forte segmento svizzero delle PMI, piccole e medie imprese commerciali, di servizi e manifatturiere, e ottiene l'accesso a una rete di partner consolidata e a pi\u00f9 di 2.500 clienti attivi nei Paesi di lingua tedesca. <\/p>","protected":false},"author":4,"featured_media":21344,"comment_status":"closed","ping_status":"closed","sticky":false,"template":"","format":"standard","meta":{"_acf_changed":false,"_yoast_wpseo_focuskw":"Proffix","_yoast_wpseo_metadesc":"Der europ\u00e4ische Anbieter von Softwarel\u00f6sungen Forterro hat die \u00dcbernahme der Proffix Software AG (Proffix) bekannt gegeben.","articlekey":"","footnotes":""},"categories":[28],"tags":[3853,287,492],"class_list":["post-21343","post","type-post","status-publish","format-standard","has-post-thumbnail","hentry","category-management","tag-akquisitionen","tag-itbusiness-software","tag-unternehmen"],"acf":[],"yoast_head":"<!-- This site is optimized with the Yoast SEO plugin v27.4 - https:\/\/yoast.com\/product\/yoast-seo-wordpress\/ -->\n<title>Proffix schliesst sich Forterro an - Organisator<\/title>\n<meta name=\"description\" content=\"Der europ\u00e4ische Anbieter von Softwarel\u00f6sungen Forterro hat die \u00dcbernahme der Proffix Software AG (Proffix) bekannt gegeben.\" \/>\n<meta name=\"robots\" content=\"index, follow, max-snippet:-1, max-image-preview:large, max-video-preview:-1\" \/>\n<link rel=\"canonical\" href=\"https:\/\/www.organisator.ch\/it\/gestione-2\/2023-08-16\/proffix-schliesst-sich-forterro-an\/\" \/>\n<meta property=\"og:locale\" content=\"it_IT\" \/>\n<meta property=\"og:type\" content=\"article\" \/>\n<meta property=\"og:title\" content=\"Proffix schliesst sich Forterro an\" \/>\n<meta property=\"og:description\" content=\"Der europ\u00e4ische Anbieter von Softwarel\u00f6sungen Forterro hat die \u00dcbernahme der Proffix Software AG (Proffix) bekannt gegeben.\" \/>\n<meta property=\"og:url\" content=\"https:\/\/www.organisator.ch\/it\/gestione-2\/2023-08-16\/proffix-schliesst-sich-forterro-an\/\" \/>\n<meta property=\"og:site_name\" content=\"Organisator\" \/>\n<meta property=\"article:publisher\" content=\"https:\/\/www.facebook.com\/OrganisatorFachmagazin\" \/>\n<meta property=\"article:published_time\" content=\"2023-08-16T08:37:50+00:00\" \/>\n<meta property=\"og:image\" content=\"https:\/\/www.organisator.ch\/wp-content\/uploads\/2023\/08\/Proffix-schliesst-sich-Forterro-an_Organisator.jpg\" \/>\n\t<meta property=\"og:image:width\" content=\"680\" \/>\n\t<meta property=\"og:image:height\" content=\"485\" \/>\n\t<meta property=\"og:image:type\" content=\"image\/jpeg\" \/>\n<meta name=\"author\" content=\"thomas.berner\" \/>\n<meta name=\"twitter:card\" content=\"summary_large_image\" \/>\n<meta name=\"twitter:title\" content=\"#Proffix schliesst sich #Forterro an\" \/>\n<meta name=\"twitter:description\" content=\"Der europ\u00e4ische Anbieter von Softwarel\u00f6sungen #Forterro hat die \u00dcbernahme der #Proffix Software AG (Proffix) bekannt gegeben.\" \/>\n<meta name=\"twitter:image\" content=\"https:\/\/www.organisator.ch\/wp-content\/uploads\/2023\/08\/Proffix-schliesst-sich-Forterro-an_Organisator.jpg\" \/>\n<script type=\"application\/ld+json\" class=\"yoast-schema-graph\">{\"@context\":\"https:\\\/\\\/schema.org\",\"@graph\":[{\"@type\":\"Article\",\"@id\":\"https:\\\/\\\/www.organisator.ch\\\/management\\\/2023-08-16\\\/proffix-schliesst-sich-forterro-an\\\/#article\",\"isPartOf\":{\"@id\":\"https:\\\/\\\/www.organisator.ch\\\/management\\\/2023-08-16\\\/proffix-schliesst-sich-forterro-an\\\/\"},\"author\":{\"name\":\"thomas.berner\",\"@id\":\"https:\\\/\\\/www.organisator.ch\\\/#\\\/schema\\\/person\\\/6f650f90b2842cd4c0cc334b4e36f67e\"},\"headline\":\"Proffix schliesst sich Forterro an\",\"datePublished\":\"2023-08-16T08:37:50+00:00\",\"mainEntityOfPage\":{\"@id\":\"https:\\\/\\\/www.organisator.ch\\\/management\\\/2023-08-16\\\/proffix-schliesst-sich-forterro-an\\\/\"},\"wordCount\":471,\"publisher\":{\"@id\":\"https:\\\/\\\/www.organisator.ch\\\/#organization\"},\"image\":{\"@id\":\"https:\\\/\\\/www.organisator.ch\\\/management\\\/2023-08-16\\\/proffix-schliesst-sich-forterro-an\\\/#primaryimage\"},\"thumbnailUrl\":\"https:\\\/\\\/www.organisator.ch\\\/wp-content\\\/uploads\\\/2023\\\/08\\\/Proffix-schliesst-sich-Forterro-an_Organisator.jpg\",\"keywords\":[\"Akquisitionen\",\"IT\u2009&amp;\u2009Business Software\",\"Unternehmen\"],\"articleSection\":[\"MANAGEMENT\"],\"inLanguage\":\"it-IT\"},{\"@type\":\"WebPage\",\"@id\":\"https:\\\/\\\/www.organisator.ch\\\/management\\\/2023-08-16\\\/proffix-schliesst-sich-forterro-an\\\/\",\"url\":\"https:\\\/\\\/www.organisator.ch\\\/management\\\/2023-08-16\\\/proffix-schliesst-sich-forterro-an\\\/\",\"name\":\"Proffix schliesst sich Forterro an - Organisator\",\"isPartOf\":{\"@id\":\"https:\\\/\\\/www.organisator.ch\\\/#website\"},\"primaryImageOfPage\":{\"@id\":\"https:\\\/\\\/www.organisator.ch\\\/management\\\/2023-08-16\\\/proffix-schliesst-sich-forterro-an\\\/#primaryimage\"},\"image\":{\"@id\":\"https:\\\/\\\/www.organisator.ch\\\/management\\\/2023-08-16\\\/proffix-schliesst-sich-forterro-an\\\/#primaryimage\"},\"thumbnailUrl\":\"https:\\\/\\\/www.organisator.ch\\\/wp-content\\\/uploads\\\/2023\\\/08\\\/Proffix-schliesst-sich-Forterro-an_Organisator.jpg\",\"datePublished\":\"2023-08-16T08:37:50+00:00\",\"description\":\"Der europ\u00e4ische Anbieter von Softwarel\u00f6sungen Forterro hat die \u00dcbernahme der Proffix Software AG (Proffix) bekannt gegeben.\",\"breadcrumb\":{\"@id\":\"https:\\\/\\\/www.organisator.ch\\\/management\\\/2023-08-16\\\/proffix-schliesst-sich-forterro-an\\\/#breadcrumb\"},\"inLanguage\":\"it-IT\",\"potentialAction\":[{\"@type\":\"ReadAction\",\"target\":[\"https:\\\/\\\/www.organisator.ch\\\/management\\\/2023-08-16\\\/proffix-schliesst-sich-forterro-an\\\/\"]}]},{\"@type\":\"ImageObject\",\"inLanguage\":\"it-IT\",\"@id\":\"https:\\\/\\\/www.organisator.ch\\\/management\\\/2023-08-16\\\/proffix-schliesst-sich-forterro-an\\\/#primaryimage\",\"url\":\"https:\\\/\\\/www.organisator.ch\\\/wp-content\\\/uploads\\\/2023\\\/08\\\/Proffix-schliesst-sich-Forterro-an_Organisator.jpg\",\"contentUrl\":\"https:\\\/\\\/www.organisator.ch\\\/wp-content\\\/uploads\\\/2023\\\/08\\\/Proffix-schliesst-sich-Forterro-an_Organisator.jpg\",\"width\":680,\"height\":485,\"caption\":\"Oben v.l.n.r.: Bruce Trewhella, SVP, Mergers & Acquisitions Forterro, Peter Herger, Chief Executive Officer Proffix, Marcus Pannier, President Forterro Central Europe; Unten v.l.n.r.: Emmanuel Moritz, Vice President M&A Forterro, Baldassare Nastasi, VR, Gr\u00fcnder Proffix, Robert Caduff, VR, Gr\u00fcnder Proffix, Guy Thouin, VR-Pr\u00e4sident Proffix. (Bild: zVg)\"},{\"@type\":\"BreadcrumbList\",\"@id\":\"https:\\\/\\\/www.organisator.ch\\\/management\\\/2023-08-16\\\/proffix-schliesst-sich-forterro-an\\\/#breadcrumb\",\"itemListElement\":[{\"@type\":\"ListItem\",\"position\":1,\"name\":\"Home\",\"item\":\"https:\\\/\\\/www.organisator.ch\\\/\"},{\"@type\":\"ListItem\",\"position\":2,\"name\":\"Proffix schliesst sich Forterro an\"}]},{\"@type\":\"WebSite\",\"@id\":\"https:\\\/\\\/www.organisator.ch\\\/#website\",\"url\":\"https:\\\/\\\/www.organisator.ch\\\/\",\"name\":\"Organisator\",\"description\":\"Kompetent. Praxisnah. Der ORGANISATOR bereitet in 10 Ausgaben pro Jahr die wesentlichen Themen f\u00fcr F\u00fchrungskr\u00e4fte von KMU auf.\",\"publisher\":{\"@id\":\"https:\\\/\\\/www.organisator.ch\\\/#organization\"},\"potentialAction\":[{\"@type\":\"SearchAction\",\"target\":{\"@type\":\"EntryPoint\",\"urlTemplate\":\"https:\\\/\\\/www.organisator.ch\\\/?s={search_term_string}\"},\"query-input\":{\"@type\":\"PropertyValueSpecification\",\"valueRequired\":true,\"valueName\":\"search_term_string\"}}],\"inLanguage\":\"it-IT\"},{\"@type\":\"Organization\",\"@id\":\"https:\\\/\\\/www.organisator.ch\\\/#organization\",\"name\":\"Organisator\",\"url\":\"https:\\\/\\\/www.organisator.ch\\\/\",\"logo\":{\"@type\":\"ImageObject\",\"inLanguage\":\"it-IT\",\"@id\":\"https:\\\/\\\/www.organisator.ch\\\/#\\\/schema\\\/logo\\\/image\\\/\",\"url\":\"https:\\\/\\\/www.organisator.ch\\\/wp-content\\\/uploads\\\/2022\\\/01\\\/Logo_Organisator_Website.png\",\"contentUrl\":\"https:\\\/\\\/www.organisator.ch\\\/wp-content\\\/uploads\\\/2022\\\/01\\\/Logo_Organisator_Website.png\",\"width\":800,\"height\":77,\"caption\":\"Organisator\"},\"image\":{\"@id\":\"https:\\\/\\\/www.organisator.ch\\\/#\\\/schema\\\/logo\\\/image\\\/\"},\"sameAs\":[\"https:\\\/\\\/www.facebook.com\\\/OrganisatorFachmagazin\",\"https:\\\/\\\/www.linkedin.com\\\/showcase\\\/organisator-das-magazin-fr-kmu\",\"https:\\\/\\\/www.xing.com\\\/news\\\/pages\\\/organisator-ch-695\",\"https:\\\/\\\/www.youtube.com\\\/channel\\\/UCGP2Sq0iWaZwT3BdIAQFYpw\"]},{\"@type\":\"Person\",\"@id\":\"https:\\\/\\\/www.organisator.ch\\\/#\\\/schema\\\/person\\\/6f650f90b2842cd4c0cc334b4e36f67e\",\"name\":\"thomas.berner\",\"image\":{\"@type\":\"ImageObject\",\"inLanguage\":\"it-IT\",\"@id\":\"https:\\\/\\\/secure.gravatar.com\\\/avatar\\\/ac5001d2a36cb6c6cd3e50789007ffca834b477b74a2144564522e944eabff61?s=96&d=mm&r=g\",\"url\":\"https:\\\/\\\/secure.gravatar.com\\\/avatar\\\/ac5001d2a36cb6c6cd3e50789007ffca834b477b74a2144564522e944eabff61?s=96&d=mm&r=g\",\"contentUrl\":\"https:\\\/\\\/secure.gravatar.com\\\/avatar\\\/ac5001d2a36cb6c6cd3e50789007ffca834b477b74a2144564522e944eabff61?s=96&d=mm&r=g\",\"caption\":\"thomas.berner\"},\"url\":\"https:\\\/\\\/www.organisator.ch\\\/it\\\/author\\\/thomas-berner\\\/\"}]}<\/script>\n<!-- \/ Yoast SEO plugin. -->","yoast_head_json":{"title":"Proffix si unisce a Forterro - Organizzatore","description":"Il fornitore europeo di soluzioni software Forterro ha annunciato l'acquisizione di Proffix Software AG (Proffix).","robots":{"index":"index","follow":"follow","max-snippet":"max-snippet:-1","max-image-preview":"max-image-preview:large","max-video-preview":"max-video-preview:-1"},"canonical":"https:\/\/www.organisator.ch\/it\/gestione-2\/2023-08-16\/proffix-schliesst-sich-forterro-an\/","og_locale":"it_IT","og_type":"article","og_title":"Proffix schliesst sich Forterro an","og_description":"Der europ\u00e4ische Anbieter von Softwarel\u00f6sungen Forterro hat die \u00dcbernahme der Proffix Software AG (Proffix) bekannt gegeben.","og_url":"https:\/\/www.organisator.ch\/it\/gestione-2\/2023-08-16\/proffix-schliesst-sich-forterro-an\/","og_site_name":"Organisator","article_publisher":"https:\/\/www.facebook.com\/OrganisatorFachmagazin","article_published_time":"2023-08-16T08:37:50+00:00","og_image":[{"width":680,"height":485,"url":"https:\/\/www.organisator.ch\/wp-content\/uploads\/2023\/08\/Proffix-schliesst-sich-Forterro-an_Organisator.jpg","type":"image\/jpeg"}],"author":"thomas.berner","twitter_card":"summary_large_image","twitter_title":"#Proffix schliesst sich #Forterro an","twitter_description":"Der europ\u00e4ische Anbieter von Softwarel\u00f6sungen #Forterro hat die \u00dcbernahme der #Proffix Software AG (Proffix) bekannt gegeben.","twitter_image":"https:\/\/www.organisator.ch\/wp-content\/uploads\/2023\/08\/Proffix-schliesst-sich-Forterro-an_Organisator.jpg","schema":{"@context":"https:\/\/schema.org","@graph":[{"@type":"Article","@id":"https:\/\/www.organisator.ch\/management\/2023-08-16\/proffix-schliesst-sich-forterro-an\/#article","isPartOf":{"@id":"https:\/\/www.organisator.ch\/management\/2023-08-16\/proffix-schliesst-sich-forterro-an\/"},"author":{"name":"thomas.berner","@id":"https:\/\/www.organisator.ch\/#\/schema\/person\/6f650f90b2842cd4c0cc334b4e36f67e"},"headline":"Proffix schliesst sich Forterro an","datePublished":"2023-08-16T08:37:50+00:00","mainEntityOfPage":{"@id":"https:\/\/www.organisator.ch\/management\/2023-08-16\/proffix-schliesst-sich-forterro-an\/"},"wordCount":471,"publisher":{"@id":"https:\/\/www.organisator.ch\/#organization"},"image":{"@id":"https:\/\/www.organisator.ch\/management\/2023-08-16\/proffix-schliesst-sich-forterro-an\/#primaryimage"},"thumbnailUrl":"https:\/\/www.organisator.ch\/wp-content\/uploads\/2023\/08\/Proffix-schliesst-sich-Forterro-an_Organisator.jpg","keywords":["Akquisitionen","IT\u2009&amp;\u2009Business Software","Unternehmen"],"articleSection":["MANAGEMENT"],"inLanguage":"it-IT"},{"@type":"WebPage","@id":"https:\/\/www.organisator.ch\/management\/2023-08-16\/proffix-schliesst-sich-forterro-an\/","url":"https:\/\/www.organisator.ch\/management\/2023-08-16\/proffix-schliesst-sich-forterro-an\/","name":"Proffix si unisce a Forterro - Organizzatore","isPartOf":{"@id":"https:\/\/www.organisator.ch\/#website"},"primaryImageOfPage":{"@id":"https:\/\/www.organisator.ch\/management\/2023-08-16\/proffix-schliesst-sich-forterro-an\/#primaryimage"},"image":{"@id":"https:\/\/www.organisator.ch\/management\/2023-08-16\/proffix-schliesst-sich-forterro-an\/#primaryimage"},"thumbnailUrl":"https:\/\/www.organisator.ch\/wp-content\/uploads\/2023\/08\/Proffix-schliesst-sich-Forterro-an_Organisator.jpg","datePublished":"2023-08-16T08:37:50+00:00","description":"Il fornitore europeo di soluzioni software Forterro ha annunciato l'acquisizione di Proffix Software AG (Proffix).","breadcrumb":{"@id":"https:\/\/www.organisator.ch\/management\/2023-08-16\/proffix-schliesst-sich-forterro-an\/#breadcrumb"},"inLanguage":"it-IT","potentialAction":[{"@type":"ReadAction","target":["https:\/\/www.organisator.ch\/management\/2023-08-16\/proffix-schliesst-sich-forterro-an\/"]}]},{"@type":"ImageObject","inLanguage":"it-IT","@id":"https:\/\/www.organisator.ch\/management\/2023-08-16\/proffix-schliesst-sich-forterro-an\/#primaryimage","url":"https:\/\/www.organisator.ch\/wp-content\/uploads\/2023\/08\/Proffix-schliesst-sich-Forterro-an_Organisator.jpg","contentUrl":"https:\/\/www.organisator.ch\/wp-content\/uploads\/2023\/08\/Proffix-schliesst-sich-Forterro-an_Organisator.jpg","width":680,"height":485,"caption":"Oben v.l.n.r.: Bruce Trewhella, SVP, Mergers & Acquisitions Forterro, Peter Herger, Chief Executive Officer Proffix, Marcus Pannier, President Forterro Central Europe; Unten v.l.n.r.: Emmanuel Moritz, Vice President M&A Forterro, Baldassare Nastasi, VR, Gr\u00fcnder Proffix, Robert Caduff, VR, Gr\u00fcnder Proffix, Guy Thouin, VR-Pr\u00e4sident Proffix. (Bild: zVg)"},{"@type":"BreadcrumbList","@id":"https:\/\/www.organisator.ch\/management\/2023-08-16\/proffix-schliesst-sich-forterro-an\/#breadcrumb","itemListElement":[{"@type":"ListItem","position":1,"name":"Home","item":"https:\/\/www.organisator.ch\/"},{"@type":"ListItem","position":2,"name":"Proffix schliesst sich Forterro an"}]},{"@type":"WebSite","@id":"https:\/\/www.organisator.ch\/#website","url":"https:\/\/www.organisator.ch\/","name":"Organizzatore","description":"Competente. Pratico. In 10 numeri all'anno, ORGANISATOR presenta i temi essenziali per i manager delle PMI.","publisher":{"@id":"https:\/\/www.organisator.ch\/#organization"},"potentialAction":[{"@type":"SearchAction","target":{"@type":"EntryPoint","urlTemplate":"https:\/\/www.organisator.ch\/?s={search_term_string}"},"query-input":{"@type":"PropertyValueSpecification","valueRequired":true,"valueName":"search_term_string"}}],"inLanguage":"it-IT"},{"@type":"Organization","@id":"https:\/\/www.organisator.ch\/#organization","name":"Organizzatore","url":"https:\/\/www.organisator.ch\/","logo":{"@type":"ImageObject","inLanguage":"it-IT","@id":"https:\/\/www.organisator.ch\/#\/schema\/logo\/image\/","url":"https:\/\/www.organisator.ch\/wp-content\/uploads\/2022\/01\/Logo_Organisator_Website.png","contentUrl":"https:\/\/www.organisator.ch\/wp-content\/uploads\/2022\/01\/Logo_Organisator_Website.png","width":800,"height":77,"caption":"Organisator"},"image":{"@id":"https:\/\/www.organisator.ch\/#\/schema\/logo\/image\/"},"sameAs":["https:\/\/www.facebook.com\/OrganisatorFachmagazin","https:\/\/www.linkedin.com\/showcase\/organisator-das-magazin-fr-kmu","https:\/\/www.xing.com\/news\/pages\/organisator-ch-695","https:\/\/www.youtube.com\/channel\/UCGP2Sq0iWaZwT3BdIAQFYpw"]},{"@type":"Person","@id":"https:\/\/www.organisator.ch\/#\/schema\/person\/6f650f90b2842cd4c0cc334b4e36f67e","name":"Tommaso.berner","image":{"@type":"ImageObject","inLanguage":"it-IT","@id":"https:\/\/secure.gravatar.com\/avatar\/ac5001d2a36cb6c6cd3e50789007ffca834b477b74a2144564522e944eabff61?s=96&d=mm&r=g","url":"https:\/\/secure.gravatar.com\/avatar\/ac5001d2a36cb6c6cd3e50789007ffca834b477b74a2144564522e944eabff61?s=96&d=mm&r=g","contentUrl":"https:\/\/secure.gravatar.com\/avatar\/ac5001d2a36cb6c6cd3e50789007ffca834b477b74a2144564522e944eabff61?s=96&d=mm&r=g","caption":"thomas.berner"},"url":"https:\/\/www.organisator.ch\/it\/author\/thomas-berner\/"}]}},"_links":{"self":[{"href":"https:\/\/www.organisator.ch\/it\/wp-json\/wp\/v2\/posts\/21343","targetHints":{"allow":["GET"]}}],"collection":[{"href":"https:\/\/www.organisator.ch\/it\/wp-json\/wp\/v2\/posts"}],"about":[{"href":"https:\/\/www.organisator.ch\/it\/wp-json\/wp\/v2\/types\/post"}],"author":[{"embeddable":true,"href":"https:\/\/www.organisator.ch\/it\/wp-json\/wp\/v2\/users\/4"}],"replies":[{"embeddable":true,"href":"https:\/\/www.organisator.ch\/it\/wp-json\/wp\/v2\/comments?post=21343"}],"version-history":[{"count":1,"href":"https:\/\/www.organisator.ch\/it\/wp-json\/wp\/v2\/posts\/21343\/revisions"}],"predecessor-version":[{"id":21345,"href":"https:\/\/www.organisator.ch\/it\/wp-json\/wp\/v2\/posts\/21343\/revisions\/21345"}],"wp:featuredmedia":[{"embeddable":true,"href":"https:\/\/www.organisator.ch\/it\/wp-json\/wp\/v2\/media\/21344"}],"wp:attachment":[{"href":"https:\/\/www.organisator.ch\/it\/wp-json\/wp\/v2\/media?parent=21343"}],"wp:term":[{"taxonomy":"category","embeddable":true,"href":"https:\/\/www.organisator.ch\/it\/wp-json\/wp\/v2\/categories?post=21343"},{"taxonomy":"post_tag","embeddable":true,"href":"https:\/\/www.organisator.ch\/it\/wp-json\/wp\/v2\/tags?post=21343"}],"curies":[{"name":"wp","href":"https:\/\/api.w.org\/{rel}","templated":true}]}}