{"id":21365,"date":"2023-08-17T10:34:16","date_gmt":"2023-08-17T08:34:16","guid":{"rendered":"https:\/\/www.organisator.ch\/?p=21365"},"modified":"2023-08-17T10:34:16","modified_gmt":"2023-08-17T08:34:16","slug":"textilfachschule-arbeitet-mit-kultmarke-mcm-zusammen","status":"publish","type":"post","link":"https:\/\/www.organisator.ch\/it\/weiterbildung\/2023-08-17\/textilfachschule-arbeitet-mit-kultmarke-mcm-zusammen\/","title":{"rendered":"La scuola tessile collabora con il marchio di culto MCM"},"content":{"rendered":"<figure id=\"attachment_21366\" aria-describedby=\"caption-attachment-21366\" style=\"width: 680px\" class=\"wp-caption alignnone\"><img loading=\"lazy\" decoding=\"async\" class=\"size-full wp-image-21366\" src=\"https:\/\/www.organisator.ch\/wp-content\/uploads\/2023\/08\/Textilfachschule-arbeitet-mit-Kultmarke-MCM-zusammen_Organisator.jpg\" alt=\"\" width=\"680\" height=\"423\" srcset=\"https:\/\/www.organisator.ch\/wp-content\/uploads\/2023\/08\/Textilfachschule-arbeitet-mit-Kultmarke-MCM-zusammen_Organisator.jpg 680w, https:\/\/www.organisator.ch\/wp-content\/uploads\/2023\/08\/Textilfachschule-arbeitet-mit-Kultmarke-MCM-zusammen_Organisator-18x12.jpg 18w, https:\/\/www.organisator.ch\/wp-content\/uploads\/2023\/08\/Textilfachschule-arbeitet-mit-Kultmarke-MCM-zusammen_Organisator-375x233.jpg 375w, https:\/\/www.organisator.ch\/wp-content\/uploads\/2023\/08\/Textilfachschule-arbeitet-mit-Kultmarke-MCM-zusammen_Organisator-563x350.jpg 563w\" sizes=\"auto, (max-width: 680px) 100vw, 680px\" \/><figcaption id=\"caption-attachment-21366\" class=\"wp-caption-text\">Una delle creazioni degli studenti STF per MCM con i tessuti pregiati di Jakob Schlaepfer. (Foto: Elay Leuthold, stilista STF: No\u00e9mie Bickel)<\/figcaption><\/figure>\n<p>Utilizzando materiali riciclati generosamente forniti da MCM e da Jakob Schlaepfer, un'azienda tessile tradizionale di San Gallo con oltre 100 anni di storia, gli studenti di STF Fashion Design hanno avuto il compito di interpretarli creativamente e di dar loro nuova vita, con l'obiettivo di creare sinergie armoniose o di enfatizzare abilmente i contrasti. Utilizzando gli esclusivi e sperimentali articoli da cantiere di Jakob Schlaepfer, gli studenti del STF hanno progettato pezzi unici e squisiti, esplorando i limiti della creativit\u00e0 e dell'artigianato.<\/p>\n<p>Inoltre, agli studenti \u00e8 stata affidata una borsa MCM che \u00e8 servita da tela bianca per le loro visioni fantasiose. Dal rimodellare, al dipingere, al ricamare, al riutilizzare, gli studenti hanno incorporato in modo creativo i lussuosi materiali di Jakob Schlaepfer nel processo di riprogettazione, ottenendo borse MCM straordinarie e reinventate. I pezzi chiave della moda si fondono perfettamente con le shopper MCM ridisegnate e si uniscono in un look complessivo accattivante che bilancia splendidamente moda e funzionalit\u00e0.<\/p>\n<p>La presentazione dei total look degli studenti con le borse MCM abbinate avr\u00e0 luogo in occasione di un vernissage esclusivo alla fine di agosto 2023, in occasione dell'apertura del primo piano del negozio MCM di M\u00fcnsterhof a Zurigo. MCM \u00e8 stato fondato a Monaco di Baviera nel 1976 ed \u00e8 noto per il \"lusso intelligente\" che, secondo la sua stessa descrizione, fa parte dello stile di vita dei nomadi digitali. Il marchio crea collezioni senza stagione, senza tempo, responsabili e trasformative.<\/p>\n<p><em>Fonte e ulteriori informazioni: <a href=\"http:\/\/www.stf.ch\">STF Scuola tessile svizzera<\/a>\u00a0<\/em><\/p>","protected":false},"excerpt":{"rendered":"<p>La rinomata Scuola Tessile Svizzera STF presenta un'eccezionale collaborazione con MCM, l'iconico marchio di lusso tedesco e Jakob Schlaepfer, produttore dei tessuti pi\u00f9 innovativi. In questo progetto si fondono i mondi della moda, della sostenibilit\u00e0 e dell'artigianato. Il risultato \u00e8 costituito da affascinanti capi di moda e borse su misura che saranno presentati in occasione di un vernissage presso il negozio MCM di Zurigo alla fine di agosto 2023.<\/p>","protected":false},"author":4,"featured_media":21366,"comment_status":"closed","ping_status":"closed","sticky":false,"template":"","format":"standard","meta":{"_acf_changed":false,"_yoast_wpseo_focuskw":"MCM","_yoast_wpseo_metadesc":"Die renommierte STF Schweizerische Textilfachschule pr\u00e4sentiert eine Zusammenarbeit mit MCM. Kreationen werden Ende August 2023 vorgestellt.","articlekey":"","footnotes":""},"categories":[30],"tags":[62,3881,339,2297],"class_list":["post-21365","post","type-post","status-publish","format-standard","has-post-thumbnail","hentry","category-weiterbildung","tag-aus-weiterbildung","tag-fashion","tag-marketing","tag-textilindustrie"],"acf":[],"yoast_head":"<!-- This site is optimized with the Yoast SEO plugin v27.5 - https:\/\/yoast.com\/product\/yoast-seo-wordpress\/ -->\n<title>Textilfachschule arbeitet mit Kultmarke MCM zusammen - Organisator<\/title>\n<meta name=\"description\" content=\"Die renommierte STF Schweizerische Textilfachschule pr\u00e4sentiert eine Zusammenarbeit mit MCM. Kreationen werden Ende August 2023 vorgestellt.\" \/>\n<meta name=\"robots\" content=\"index, follow, max-snippet:-1, max-image-preview:large, max-video-preview:-1\" \/>\n<link rel=\"canonical\" href=\"https:\/\/www.organisator.ch\/it\/formazione-continua\/2023-08-17\/textilfachschule-arbeitet-mit-kultmarke-mcm-zusammen\/\" \/>\n<meta property=\"og:locale\" content=\"it_IT\" \/>\n<meta property=\"og:type\" content=\"article\" \/>\n<meta property=\"og:title\" content=\"Textilfachschule arbeitet mit Kultmarke MCM zusammen\" \/>\n<meta property=\"og:description\" content=\"Die renommierte STF Schweizerische Textilfachschule pr\u00e4sentiert eine Zusammenarbeit mit MCM. Kreationen werden Ende August 2023 vorgestellt.\" \/>\n<meta property=\"og:url\" content=\"https:\/\/www.organisator.ch\/it\/formazione-continua\/2023-08-17\/textilfachschule-arbeitet-mit-kultmarke-mcm-zusammen\/\" \/>\n<meta property=\"og:site_name\" content=\"Organisator\" \/>\n<meta property=\"article:publisher\" content=\"https:\/\/www.facebook.com\/OrganisatorFachmagazin\" \/>\n<meta property=\"article:published_time\" content=\"2023-08-17T08:34:16+00:00\" \/>\n<meta property=\"og:image\" content=\"https:\/\/www.organisator.ch\/wp-content\/uploads\/2023\/08\/Textilfachschule-arbeitet-mit-Kultmarke-MCM-zusammen_Organisator.jpg\" \/>\n\t<meta property=\"og:image:width\" content=\"680\" \/>\n\t<meta property=\"og:image:height\" content=\"423\" \/>\n\t<meta property=\"og:image:type\" content=\"image\/jpeg\" \/>\n<meta name=\"author\" content=\"thomas.berner\" \/>\n<meta name=\"twitter:card\" content=\"summary_large_image\" \/>\n<meta name=\"twitter:title\" content=\"Textilfachschule arbeitet mit #Kultmarke #MCM zusammen\" \/>\n<meta name=\"twitter:description\" content=\"Die renommierte #STF Schweizerische Textilfachschule pr\u00e4sentiert eine Zusammenarbeit mit #MCM. Kreationen werden Ende August 2023 vorgestellt.\" \/>\n<meta name=\"twitter:image\" content=\"https:\/\/www.organisator.ch\/wp-content\/uploads\/2023\/08\/Textilfachschule-arbeitet-mit-Kultmarke-MCM-zusammen_Organisator.jpg\" \/>\n<script type=\"application\/ld+json\" class=\"yoast-schema-graph\">{\"@context\":\"https:\\\/\\\/schema.org\",\"@graph\":[{\"@type\":\"Article\",\"@id\":\"https:\\\/\\\/www.organisator.ch\\\/weiterbildung\\\/2023-08-17\\\/textilfachschule-arbeitet-mit-kultmarke-mcm-zusammen\\\/#article\",\"isPartOf\":{\"@id\":\"https:\\\/\\\/www.organisator.ch\\\/weiterbildung\\\/2023-08-17\\\/textilfachschule-arbeitet-mit-kultmarke-mcm-zusammen\\\/\"},\"author\":{\"name\":\"thomas.berner\",\"@id\":\"https:\\\/\\\/www.organisator.ch\\\/#\\\/schema\\\/person\\\/6f650f90b2842cd4c0cc334b4e36f67e\"},\"headline\":\"Textilfachschule arbeitet mit Kultmarke MCM zusammen\",\"datePublished\":\"2023-08-17T08:34:16+00:00\",\"mainEntityOfPage\":{\"@id\":\"https:\\\/\\\/www.organisator.ch\\\/weiterbildung\\\/2023-08-17\\\/textilfachschule-arbeitet-mit-kultmarke-mcm-zusammen\\\/\"},\"wordCount\":287,\"publisher\":{\"@id\":\"https:\\\/\\\/www.organisator.ch\\\/#organization\"},\"image\":{\"@id\":\"https:\\\/\\\/www.organisator.ch\\\/weiterbildung\\\/2023-08-17\\\/textilfachschule-arbeitet-mit-kultmarke-mcm-zusammen\\\/#primaryimage\"},\"thumbnailUrl\":\"https:\\\/\\\/www.organisator.ch\\\/wp-content\\\/uploads\\\/2023\\\/08\\\/Textilfachschule-arbeitet-mit-Kultmarke-MCM-zusammen_Organisator.jpg\",\"keywords\":[\"Aus-\\\/Weiterbildung\",\"Fashion\",\"Marketing\",\"Textilindustrie\"],\"articleSection\":[\"WEITERBILDUNG\"],\"inLanguage\":\"it-IT\"},{\"@type\":\"WebPage\",\"@id\":\"https:\\\/\\\/www.organisator.ch\\\/weiterbildung\\\/2023-08-17\\\/textilfachschule-arbeitet-mit-kultmarke-mcm-zusammen\\\/\",\"url\":\"https:\\\/\\\/www.organisator.ch\\\/weiterbildung\\\/2023-08-17\\\/textilfachschule-arbeitet-mit-kultmarke-mcm-zusammen\\\/\",\"name\":\"Textilfachschule arbeitet mit Kultmarke MCM zusammen - Organisator\",\"isPartOf\":{\"@id\":\"https:\\\/\\\/www.organisator.ch\\\/#website\"},\"primaryImageOfPage\":{\"@id\":\"https:\\\/\\\/www.organisator.ch\\\/weiterbildung\\\/2023-08-17\\\/textilfachschule-arbeitet-mit-kultmarke-mcm-zusammen\\\/#primaryimage\"},\"image\":{\"@id\":\"https:\\\/\\\/www.organisator.ch\\\/weiterbildung\\\/2023-08-17\\\/textilfachschule-arbeitet-mit-kultmarke-mcm-zusammen\\\/#primaryimage\"},\"thumbnailUrl\":\"https:\\\/\\\/www.organisator.ch\\\/wp-content\\\/uploads\\\/2023\\\/08\\\/Textilfachschule-arbeitet-mit-Kultmarke-MCM-zusammen_Organisator.jpg\",\"datePublished\":\"2023-08-17T08:34:16+00:00\",\"description\":\"Die renommierte STF Schweizerische Textilfachschule pr\u00e4sentiert eine Zusammenarbeit mit MCM. Kreationen werden Ende August 2023 vorgestellt.\",\"breadcrumb\":{\"@id\":\"https:\\\/\\\/www.organisator.ch\\\/weiterbildung\\\/2023-08-17\\\/textilfachschule-arbeitet-mit-kultmarke-mcm-zusammen\\\/#breadcrumb\"},\"inLanguage\":\"it-IT\",\"potentialAction\":[{\"@type\":\"ReadAction\",\"target\":[\"https:\\\/\\\/www.organisator.ch\\\/weiterbildung\\\/2023-08-17\\\/textilfachschule-arbeitet-mit-kultmarke-mcm-zusammen\\\/\"]}]},{\"@type\":\"ImageObject\",\"inLanguage\":\"it-IT\",\"@id\":\"https:\\\/\\\/www.organisator.ch\\\/weiterbildung\\\/2023-08-17\\\/textilfachschule-arbeitet-mit-kultmarke-mcm-zusammen\\\/#primaryimage\",\"url\":\"https:\\\/\\\/www.organisator.ch\\\/wp-content\\\/uploads\\\/2023\\\/08\\\/Textilfachschule-arbeitet-mit-Kultmarke-MCM-zusammen_Organisator.jpg\",\"contentUrl\":\"https:\\\/\\\/www.organisator.ch\\\/wp-content\\\/uploads\\\/2023\\\/08\\\/Textilfachschule-arbeitet-mit-Kultmarke-MCM-zusammen_Organisator.jpg\",\"width\":680,\"height\":423,\"caption\":\"Eine der Kreationen von STF-Studierenden f\u00fcr MCM unter Verwendung von edlen Stoffen von Jakob Schlaepfer. (Bild: Elay Leuthold, STF-Fashiondesignerin: No\u00e9mie Bickel)\"},{\"@type\":\"BreadcrumbList\",\"@id\":\"https:\\\/\\\/www.organisator.ch\\\/weiterbildung\\\/2023-08-17\\\/textilfachschule-arbeitet-mit-kultmarke-mcm-zusammen\\\/#breadcrumb\",\"itemListElement\":[{\"@type\":\"ListItem\",\"position\":1,\"name\":\"Home\",\"item\":\"https:\\\/\\\/www.organisator.ch\\\/\"},{\"@type\":\"ListItem\",\"position\":2,\"name\":\"Textilfachschule arbeitet mit Kultmarke MCM zusammen\"}]},{\"@type\":\"WebSite\",\"@id\":\"https:\\\/\\\/www.organisator.ch\\\/#website\",\"url\":\"https:\\\/\\\/www.organisator.ch\\\/\",\"name\":\"Organisator\",\"description\":\"Kompetent. Praxisnah. Der ORGANISATOR bereitet in 10 Ausgaben pro Jahr die wesentlichen Themen f\u00fcr F\u00fchrungskr\u00e4fte von KMU auf.\",\"publisher\":{\"@id\":\"https:\\\/\\\/www.organisator.ch\\\/#organization\"},\"potentialAction\":[{\"@type\":\"SearchAction\",\"target\":{\"@type\":\"EntryPoint\",\"urlTemplate\":\"https:\\\/\\\/www.organisator.ch\\\/?s={search_term_string}\"},\"query-input\":{\"@type\":\"PropertyValueSpecification\",\"valueRequired\":true,\"valueName\":\"search_term_string\"}}],\"inLanguage\":\"it-IT\"},{\"@type\":\"Organization\",\"@id\":\"https:\\\/\\\/www.organisator.ch\\\/#organization\",\"name\":\"Organisator\",\"url\":\"https:\\\/\\\/www.organisator.ch\\\/\",\"logo\":{\"@type\":\"ImageObject\",\"inLanguage\":\"it-IT\",\"@id\":\"https:\\\/\\\/www.organisator.ch\\\/#\\\/schema\\\/logo\\\/image\\\/\",\"url\":\"https:\\\/\\\/www.organisator.ch\\\/wp-content\\\/uploads\\\/2022\\\/01\\\/Logo_Organisator_Website.png\",\"contentUrl\":\"https:\\\/\\\/www.organisator.ch\\\/wp-content\\\/uploads\\\/2022\\\/01\\\/Logo_Organisator_Website.png\",\"width\":800,\"height\":77,\"caption\":\"Organisator\"},\"image\":{\"@id\":\"https:\\\/\\\/www.organisator.ch\\\/#\\\/schema\\\/logo\\\/image\\\/\"},\"sameAs\":[\"https:\\\/\\\/www.facebook.com\\\/OrganisatorFachmagazin\",\"https:\\\/\\\/www.linkedin.com\\\/showcase\\\/organisator-das-magazin-fr-kmu\",\"https:\\\/\\\/www.xing.com\\\/news\\\/pages\\\/organisator-ch-695\",\"https:\\\/\\\/www.youtube.com\\\/channel\\\/UCGP2Sq0iWaZwT3BdIAQFYpw\"]},{\"@type\":\"Person\",\"@id\":\"https:\\\/\\\/www.organisator.ch\\\/#\\\/schema\\\/person\\\/6f650f90b2842cd4c0cc334b4e36f67e\",\"name\":\"thomas.berner\",\"image\":{\"@type\":\"ImageObject\",\"inLanguage\":\"it-IT\",\"@id\":\"https:\\\/\\\/secure.gravatar.com\\\/avatar\\\/ac5001d2a36cb6c6cd3e50789007ffca834b477b74a2144564522e944eabff61?s=96&d=mm&r=g\",\"url\":\"https:\\\/\\\/secure.gravatar.com\\\/avatar\\\/ac5001d2a36cb6c6cd3e50789007ffca834b477b74a2144564522e944eabff61?s=96&d=mm&r=g\",\"contentUrl\":\"https:\\\/\\\/secure.gravatar.com\\\/avatar\\\/ac5001d2a36cb6c6cd3e50789007ffca834b477b74a2144564522e944eabff61?s=96&d=mm&r=g\",\"caption\":\"thomas.berner\"},\"url\":\"https:\\\/\\\/www.organisator.ch\\\/it\\\/author\\\/thomas-berner\\\/\"}]}<\/script>\n<!-- \/ Yoast SEO plugin. -->","yoast_head_json":{"title":"La scuola tessile collabora con il marchio di culto MCM - Organizzatore","description":"La rinomata Scuola Tessile Svizzera STF presenta una collaborazione con MCM. Le creazioni saranno presentate alla fine di agosto 2023.","robots":{"index":"index","follow":"follow","max-snippet":"max-snippet:-1","max-image-preview":"max-image-preview:large","max-video-preview":"max-video-preview:-1"},"canonical":"https:\/\/www.organisator.ch\/it\/formazione-continua\/2023-08-17\/textilfachschule-arbeitet-mit-kultmarke-mcm-zusammen\/","og_locale":"it_IT","og_type":"article","og_title":"Textilfachschule arbeitet mit Kultmarke MCM zusammen","og_description":"Die renommierte STF Schweizerische Textilfachschule pr\u00e4sentiert eine Zusammenarbeit mit MCM. Kreationen werden Ende August 2023 vorgestellt.","og_url":"https:\/\/www.organisator.ch\/it\/formazione-continua\/2023-08-17\/textilfachschule-arbeitet-mit-kultmarke-mcm-zusammen\/","og_site_name":"Organisator","article_publisher":"https:\/\/www.facebook.com\/OrganisatorFachmagazin","article_published_time":"2023-08-17T08:34:16+00:00","og_image":[{"width":680,"height":423,"url":"https:\/\/www.organisator.ch\/wp-content\/uploads\/2023\/08\/Textilfachschule-arbeitet-mit-Kultmarke-MCM-zusammen_Organisator.jpg","type":"image\/jpeg"}],"author":"thomas.berner","twitter_card":"summary_large_image","twitter_title":"Textilfachschule arbeitet mit #Kultmarke #MCM zusammen","twitter_description":"Die renommierte #STF Schweizerische Textilfachschule pr\u00e4sentiert eine Zusammenarbeit mit #MCM. Kreationen werden Ende August 2023 vorgestellt.","twitter_image":"https:\/\/www.organisator.ch\/wp-content\/uploads\/2023\/08\/Textilfachschule-arbeitet-mit-Kultmarke-MCM-zusammen_Organisator.jpg","schema":{"@context":"https:\/\/schema.org","@graph":[{"@type":"Article","@id":"https:\/\/www.organisator.ch\/weiterbildung\/2023-08-17\/textilfachschule-arbeitet-mit-kultmarke-mcm-zusammen\/#article","isPartOf":{"@id":"https:\/\/www.organisator.ch\/weiterbildung\/2023-08-17\/textilfachschule-arbeitet-mit-kultmarke-mcm-zusammen\/"},"author":{"name":"thomas.berner","@id":"https:\/\/www.organisator.ch\/#\/schema\/person\/6f650f90b2842cd4c0cc334b4e36f67e"},"headline":"Textilfachschule arbeitet mit Kultmarke MCM zusammen","datePublished":"2023-08-17T08:34:16+00:00","mainEntityOfPage":{"@id":"https:\/\/www.organisator.ch\/weiterbildung\/2023-08-17\/textilfachschule-arbeitet-mit-kultmarke-mcm-zusammen\/"},"wordCount":287,"publisher":{"@id":"https:\/\/www.organisator.ch\/#organization"},"image":{"@id":"https:\/\/www.organisator.ch\/weiterbildung\/2023-08-17\/textilfachschule-arbeitet-mit-kultmarke-mcm-zusammen\/#primaryimage"},"thumbnailUrl":"https:\/\/www.organisator.ch\/wp-content\/uploads\/2023\/08\/Textilfachschule-arbeitet-mit-Kultmarke-MCM-zusammen_Organisator.jpg","keywords":["Aus-\/Weiterbildung","Fashion","Marketing","Textilindustrie"],"articleSection":["WEITERBILDUNG"],"inLanguage":"it-IT"},{"@type":"WebPage","@id":"https:\/\/www.organisator.ch\/weiterbildung\/2023-08-17\/textilfachschule-arbeitet-mit-kultmarke-mcm-zusammen\/","url":"https:\/\/www.organisator.ch\/weiterbildung\/2023-08-17\/textilfachschule-arbeitet-mit-kultmarke-mcm-zusammen\/","name":"La scuola tessile collabora con il marchio di culto MCM - Organizzatore","isPartOf":{"@id":"https:\/\/www.organisator.ch\/#website"},"primaryImageOfPage":{"@id":"https:\/\/www.organisator.ch\/weiterbildung\/2023-08-17\/textilfachschule-arbeitet-mit-kultmarke-mcm-zusammen\/#primaryimage"},"image":{"@id":"https:\/\/www.organisator.ch\/weiterbildung\/2023-08-17\/textilfachschule-arbeitet-mit-kultmarke-mcm-zusammen\/#primaryimage"},"thumbnailUrl":"https:\/\/www.organisator.ch\/wp-content\/uploads\/2023\/08\/Textilfachschule-arbeitet-mit-Kultmarke-MCM-zusammen_Organisator.jpg","datePublished":"2023-08-17T08:34:16+00:00","description":"La rinomata Scuola Tessile Svizzera STF presenta una collaborazione con MCM. Le creazioni saranno presentate alla fine di agosto 2023.","breadcrumb":{"@id":"https:\/\/www.organisator.ch\/weiterbildung\/2023-08-17\/textilfachschule-arbeitet-mit-kultmarke-mcm-zusammen\/#breadcrumb"},"inLanguage":"it-IT","potentialAction":[{"@type":"ReadAction","target":["https:\/\/www.organisator.ch\/weiterbildung\/2023-08-17\/textilfachschule-arbeitet-mit-kultmarke-mcm-zusammen\/"]}]},{"@type":"ImageObject","inLanguage":"it-IT","@id":"https:\/\/www.organisator.ch\/weiterbildung\/2023-08-17\/textilfachschule-arbeitet-mit-kultmarke-mcm-zusammen\/#primaryimage","url":"https:\/\/www.organisator.ch\/wp-content\/uploads\/2023\/08\/Textilfachschule-arbeitet-mit-Kultmarke-MCM-zusammen_Organisator.jpg","contentUrl":"https:\/\/www.organisator.ch\/wp-content\/uploads\/2023\/08\/Textilfachschule-arbeitet-mit-Kultmarke-MCM-zusammen_Organisator.jpg","width":680,"height":423,"caption":"Eine der Kreationen von STF-Studierenden f\u00fcr MCM unter Verwendung von edlen Stoffen von Jakob Schlaepfer. (Bild: Elay Leuthold, STF-Fashiondesignerin: No\u00e9mie Bickel)"},{"@type":"BreadcrumbList","@id":"https:\/\/www.organisator.ch\/weiterbildung\/2023-08-17\/textilfachschule-arbeitet-mit-kultmarke-mcm-zusammen\/#breadcrumb","itemListElement":[{"@type":"ListItem","position":1,"name":"Home","item":"https:\/\/www.organisator.ch\/"},{"@type":"ListItem","position":2,"name":"Textilfachschule arbeitet mit Kultmarke MCM zusammen"}]},{"@type":"WebSite","@id":"https:\/\/www.organisator.ch\/#website","url":"https:\/\/www.organisator.ch\/","name":"Organizzatore","description":"Competente. Pratico. In 10 numeri all'anno, ORGANISATOR presenta i temi essenziali per i manager delle PMI.","publisher":{"@id":"https:\/\/www.organisator.ch\/#organization"},"potentialAction":[{"@type":"SearchAction","target":{"@type":"EntryPoint","urlTemplate":"https:\/\/www.organisator.ch\/?s={search_term_string}"},"query-input":{"@type":"PropertyValueSpecification","valueRequired":true,"valueName":"search_term_string"}}],"inLanguage":"it-IT"},{"@type":"Organization","@id":"https:\/\/www.organisator.ch\/#organization","name":"Organizzatore","url":"https:\/\/www.organisator.ch\/","logo":{"@type":"ImageObject","inLanguage":"it-IT","@id":"https:\/\/www.organisator.ch\/#\/schema\/logo\/image\/","url":"https:\/\/www.organisator.ch\/wp-content\/uploads\/2022\/01\/Logo_Organisator_Website.png","contentUrl":"https:\/\/www.organisator.ch\/wp-content\/uploads\/2022\/01\/Logo_Organisator_Website.png","width":800,"height":77,"caption":"Organisator"},"image":{"@id":"https:\/\/www.organisator.ch\/#\/schema\/logo\/image\/"},"sameAs":["https:\/\/www.facebook.com\/OrganisatorFachmagazin","https:\/\/www.linkedin.com\/showcase\/organisator-das-magazin-fr-kmu","https:\/\/www.xing.com\/news\/pages\/organisator-ch-695","https:\/\/www.youtube.com\/channel\/UCGP2Sq0iWaZwT3BdIAQFYpw"]},{"@type":"Person","@id":"https:\/\/www.organisator.ch\/#\/schema\/person\/6f650f90b2842cd4c0cc334b4e36f67e","name":"Tommaso.berner","image":{"@type":"ImageObject","inLanguage":"it-IT","@id":"https:\/\/secure.gravatar.com\/avatar\/ac5001d2a36cb6c6cd3e50789007ffca834b477b74a2144564522e944eabff61?s=96&d=mm&r=g","url":"https:\/\/secure.gravatar.com\/avatar\/ac5001d2a36cb6c6cd3e50789007ffca834b477b74a2144564522e944eabff61?s=96&d=mm&r=g","contentUrl":"https:\/\/secure.gravatar.com\/avatar\/ac5001d2a36cb6c6cd3e50789007ffca834b477b74a2144564522e944eabff61?s=96&d=mm&r=g","caption":"thomas.berner"},"url":"https:\/\/www.organisator.ch\/it\/author\/thomas-berner\/"}]}},"_links":{"self":[{"href":"https:\/\/www.organisator.ch\/it\/wp-json\/wp\/v2\/posts\/21365","targetHints":{"allow":["GET"]}}],"collection":[{"href":"https:\/\/www.organisator.ch\/it\/wp-json\/wp\/v2\/posts"}],"about":[{"href":"https:\/\/www.organisator.ch\/it\/wp-json\/wp\/v2\/types\/post"}],"author":[{"embeddable":true,"href":"https:\/\/www.organisator.ch\/it\/wp-json\/wp\/v2\/users\/4"}],"replies":[{"embeddable":true,"href":"https:\/\/www.organisator.ch\/it\/wp-json\/wp\/v2\/comments?post=21365"}],"version-history":[{"count":1,"href":"https:\/\/www.organisator.ch\/it\/wp-json\/wp\/v2\/posts\/21365\/revisions"}],"predecessor-version":[{"id":21367,"href":"https:\/\/www.organisator.ch\/it\/wp-json\/wp\/v2\/posts\/21365\/revisions\/21367"}],"wp:featuredmedia":[{"embeddable":true,"href":"https:\/\/www.organisator.ch\/it\/wp-json\/wp\/v2\/media\/21366"}],"wp:attachment":[{"href":"https:\/\/www.organisator.ch\/it\/wp-json\/wp\/v2\/media?parent=21365"}],"wp:term":[{"taxonomy":"category","embeddable":true,"href":"https:\/\/www.organisator.ch\/it\/wp-json\/wp\/v2\/categories?post=21365"},{"taxonomy":"post_tag","embeddable":true,"href":"https:\/\/www.organisator.ch\/it\/wp-json\/wp\/v2\/tags?post=21365"}],"curies":[{"name":"wp","href":"https:\/\/api.w.org\/{rel}","templated":true}]}}